{"id":40025,"date":"2024-07-01T15:47:23","date_gmt":"2024-07-01T13:47:23","guid":{"rendered":"https:\/\/schoenstatt.com\/un-encuentro-con-el-papa-congreso-internacional-de-la-pastoral-juvenil\/"},"modified":"2025-05-15T18:08:28","modified_gmt":"2025-05-15T16:08:28","slug":"un-encuentro-con-el-papa-congreso-internacional-de-la-pastoral-juvenil","status":"publish","type":"post","link":"https:\/\/schoenstatt.com\/es\/un-encuentro-con-el-papa-congreso-internacional-de-la-pastoral-juvenil\/","title":{"rendered":"Un encuentro con el Papa: Congreso Internacional de la Pastoral Juvenil"},"content":{"rendered":"\n<p>Con gran alegr\u00eda, dos representantes del Movimiento de Schoenstatt de Portugal tuvieron la oportunidad de participar en el Congreso Internacional de la Pastoral Juvenil, que tuvo lugar en Roma del 22 al 26 de mayo. La Sra. Rosana Silva, del <a href=\"https:\/\/schoenstatt.com\/es\/comunidades\/woman\/instituto-secular-nuestra-senora-de-schoenstatt\/\">Instituto Nuestra Se\u00f1ora de Schoenstatt<\/a>, y Maria Saquete, de la <a href=\"https:\/\/schoenstatt.com\/es\/comunidades\/woman\/juventud-femenina\/\">Juventud Femenina<\/a>, se encontraron con el Santo Padre, el Papa Francisco, en este evento.<\/p>\n\n<p><strong>La Sra. Rosana nos cuenta:<\/strong><\/p>\n\n<p>Tuvimos el reto de participar en el Congreso Internacional de la Pastoral Juvenil, celebrado en Roma del 22 al 26 de mayo. Y tuvimos el honor de representar al Movimiento Internacional de Schoenstatt y compartir la evaluaci\u00f3n de la <a href=\"https:\/\/www.lisboa2023.org\/en\" target=\"_blank\" rel=\"noreferrer noopener\">JMJ23<\/a> con toda la Iglesia, camino a Se\u00fal para la JMJ27. Yo, Rosana Silva, Se\u00f1ora de Schoenstatt, y Mar\u00eda Saquete, de las Aliadas de Schoenstatt, representamos a toda la Juventud de Schoenstatt.<\/p>\n\n<h2 class=\"wp-block-heading\" id=\"h-what-do-i-take-away-from-the-international-congress\">\u00bfQu\u00e9 me llevo del Congreso Internacional?<\/h2>\n\n<p>La experiencia sinodal fue un sello distintivo de este congreso. Mi experiencia fue la del camino de Ema\u00fas. Encontr\u00e9 a Cristo resucitado a trav\u00e9s de las personas y los carismas de la Iglesia. El encuentro en el camino de Ema\u00fas iba siempre acompa\u00f1ado de una pregunta que se repet\u00eda una y otra vez: \u00bfDe d\u00f3nde eres y c\u00f3mo te llamas? Repet\u00edamos esta pregunta una y otra vez.<\/p>\n\n<p>Hubo 320 participantes de distintos pa\u00edses. Pudimos aprovechar la riqueza de esta cultura porque el equipo del Dicasterio para los Laicos prepar\u00f3 y cuid\u00f3 todos los detalles del Congreso.<\/p>\n\n<figure class=\"wp-block-image size-large\"><img decoding=\"async\" src=\"https:\/\/schoenstatt.com\/wp-content\/uploads\/2024\/07\/International-Congress-on-Youth-Ministry-2-1024x683.jpg\" alt=\"Congreso Internacional de la Pastoral Juvenil\" class=\"wp-image-40012\"\/><figcaption class=\"wp-element-caption\">Congreso Internacional de la Pastoral Juvenil (Foto: Dicasterio para los Laicos, la Familia y la Vida)<\/figcaption><\/figure>\n\n<h2 class=\"wp-block-heading\" id=\"h-listening-a-sign-of-synodality\">La escucha, signo de sinodalidad<\/h2>\n\n<p>Despu\u00e9s de muchos encuentros y di\u00e1logos, subimos a la \u00absala de arriba\u00bb con la Virgen y nos sentimos como los Ap\u00f3stoles preguntando c\u00f3mo \u00edbamos a anunciar a la Iglesia, a los Movimientos y a la sociedad todas las buenas noticias que hab\u00edamos podido compartir en el encuentro. Fue entonces cuando se puso en pr\u00e1ctica la caracter\u00edstica principal del s\u00ednodo: la experiencia de la escucha.<\/p>\n\n<p>Juntos intentamos escucharnos de una manera nueva. En el espacio sagrado de nuestros corazones, hicimos silencio para comprender lo que cada uno de los participantes quer\u00eda expresar y formular. En esta formulaci\u00f3n encontramos la melod\u00eda que ven\u00eda de Dios para poder compartir.<\/p>\n\n<p>Hicimos silencio ante las realidades que no conoc\u00edamos, los desaf\u00edos que enfrent\u00e1bamos, las tristezas y alegr\u00edas y las peque\u00f1as victorias. Fue una experiencia de Cen\u00e1culo porque no hab\u00eda juicios. El silencio ante las realidades no nos hizo indiferentes, nos puso en camino. El silencio sinodal nos permiti\u00f3 dar sentido a todo lo que o\u00edamos. Y juntos decidimos que queremos vivir los pr\u00f3ximos tiempos de la Iglesia al estilo del di\u00e1logo sinodal.<\/p>\n\n<figure class=\"wp-block-image aligncenter size-large\"><img decoding=\"async\" src=\"https:\/\/schoenstatt.com\/wp-content\/uploads\/2024\/07\/International-Congress-on-Youth-Ministry-3-1024x777.jpg\" alt=\"\" class=\"wp-image-40016\"\/><\/figure>\n\n<h3 class=\"wp-block-heading\" id=\"h-a-summary-of-those-special-days\">Un resumen de esos d\u00edas especiales<\/h3>\n\n<p>He aqu\u00ed un breve resumen del Congreso.<\/p>\n\n<p>La bienvenida y apertura corri\u00f3 a cargo del Card. Kevin Farrell, Prefecto del <a href=\"https:\/\/www.laityfamilylife.va\/content\/laityfamilylife\/en.html\" target=\"_blank\" rel=\"noreferrer noopener\">Dicasterio para los Laicos, la Familia y la Vida<\/a>, quien habl\u00f3 con esperanza sobre el futuro.<\/p>\n\n<p>\u00ab\u00a1Abr\u00e1monos, pues, a los j\u00f3venes y abr\u00e1monos tambi\u00e9n al futuro con esperanza! A ellos se les ha confiado una gran tarea\u00bb. El Santo Padre lo describe con palabras fuertes, y con estas palabras termino mi discurso, dice el Papa: \u00abJ\u00f3venes, no renunci\u00e9is a lo mejor de vuestra juventud, no mir\u00e9is la vida desde el balc\u00f3n. [&#8230;] \u00a1H\u00e1ganse o\u00edr! Alejad los miedos que os paralizan, no os convirt\u00e1is en j\u00f3venes momificados. \u00a1Vivid! Entregaos a lo mejor de la vida\u00bb.<\/p>\n\n<figure class=\"wp-block-image size-large\"><img decoding=\"async\" src=\"https:\/\/schoenstatt.com\/wp-content\/uploads\/2024\/07\/pope-papa-papst-frau-rosana-silva-1024x682.jpg\" alt=\"Papa Francisco\" class=\"wp-image-40008\"\/><figcaption class=\"wp-element-caption\">Sra. Rosana con el Papa Francisco<\/figcaption><\/figure>\n\n<h3 class=\"wp-block-heading\" id=\"h-mary-left-without-delay\">Mar\u00eda parti\u00f3 sin demora<\/h3>\n\n<p>El Cardenal Am\u00e9rico Manuel Alves Aguiar agradeci\u00f3 al Dicasterio todo su apoyo en la preparaci\u00f3n de la JMJ.<\/p>\n\n<p>Tambi\u00e9n dijo que miramos hacia atr\u00e1s a la JMJ23 y podemos ver toda la vida de Dios que surgi\u00f3 en cada joven que particip\u00f3 en la JMJ23. Hemos recibido la gratitud de la Iglesia y un gran reconocimiento por todo el esfuerzo y dedicaci\u00f3n por parte de la sociedad, la Iglesia y los Movimientos en la preparaci\u00f3n y realizaci\u00f3n de la JMJ23.<\/p>\n\n<h3 class=\"wp-block-heading\" id=\"h-on-the-way-to-the-jubilee-2025\">En camino hacia el Jubileo 2025<\/h3>\n\n<p>Uno de los temas centrales fue la invitaci\u00f3n a toda la Iglesia a celebrar el Jubileo de Roma 2025. Mons. Salvatore Fisichella, del Dicasterio para la Evangelizaci\u00f3n, dijo: \u00abPensamos en la esperanza como algo que se dirige siempre hacia el futuro. La esperanza no es una evasi\u00f3n. Lo que ser\u00e1 el futuro ya est\u00e1 presente ahora. La esperanza ya est\u00e1 en nosotros, nos fue dada en el Bautismo. Es la vida de Dios en nosotros\u00bb.<\/p>\n\n<h2 class=\"wp-block-heading\" id=\"h-wyd-seoul-2027\">JMJ Se\u00fal 2027<\/h2>\n\n<p>Mons. Peter Chung, Arzobispo de Se\u00fal, con gran emoci\u00f3n y alegr\u00eda, desafi\u00f3 a los j\u00f3venes a participar en la JMJ27. Para \u00e9l, la JMJ es una peregrinaci\u00f3n en la que los j\u00f3venes marcan su camino y su comunidad.<\/p>\n\n<figure class=\"wp-block-gallery has-nested-images columns-default is-cropped wp-block-gallery-1 is-layout-flex wp-block-gallery-is-layout-flex\">\n<figure class=\"wp-block-image size-large\"><img decoding=\"async\" data-id=\"40020\" src=\"https:\/\/schoenstatt.com\/wp-content\/uploads\/2024\/07\/International-Congress-on-Youth-Ministry-1024x683.jpg\" alt=\"\" class=\"wp-image-40020\"\/><figcaption class=\"wp-element-caption\">(Foto: Dicasterio para los Laicos, la Familia y la Vida)<\/figcaption><\/figure>\n<\/figure>\n\n<p>La JMJ siempre se ha celebrado en pa\u00edses cristianos. Esta es la primera vez que la JMJ se celebrar\u00e1 en un pa\u00eds no cat\u00f3lico. Por eso, esta JMJ se considera una misi\u00f3n. La preparaci\u00f3n tiene cuatro palabras clave: encuentro, pastoral, peregrinaci\u00f3n, misi\u00f3n.<\/p>\n\n<p>Mons. Mons. Peter Chung dijo: \u00abPodemos encontrar esperanza. La Jornada Mundial de la Juventud de Se\u00fal 2027 encender\u00e1 un fuego en nuestros corazones, transform\u00e1ndonos. Creo que os encontrar\u00e9is con Jes\u00fas en Corea y que vuestros corazones arder\u00e1n de fe. Os invito a uniros a nosotros en Corea para comenzar juntos una nueva peregrinaci\u00f3n de fe.\u00bb<br\/>Traducci\u00f3n: Vanessa Franke<\/p>\n","protected":false},"excerpt":{"rendered":"<p>Con gran alegr\u00eda, dos representantes del Movimiento de Schoenstatt de Portugal tuvieron la oportunidad de participar en el Congreso Internacional de la Pastoral Juvenil, que tuvo lugar en Roma del 22 al 26 de mayo. La Sra. Rosana Silva, del Instituto Nuestra Se\u00f1ora de Schoenstatt, y Maria Saquete, de la Juventud Femenina, se encontraron con [&hellip;]<\/p>\n","protected":false},"author":3,"featured_media":40008,"comment_status":"closed","ping_status":"closed","sticky":false,"template":"","format":"standard","meta":{"footnotes":""},"categories":[683,923],"tags":[],"class_list":["post-40025","post","type-post","status-publish","format-standard","has-post-thumbnail","hentry","category-iglesia-es","category-juventud-es"],"yoast_head":"<!-- This site is optimized with the Yoast SEO Premium plugin v27.4 (Yoast SEO v27.4) - https:\/\/yoast.com\/product\/yoast-seo-premium-wordpress\/ -->\n<title>Un encuentro con el Papa: Congreso Internacional de la Pastoral Juvenil - Schoenstatt<\/title>\n<meta name=\"description\" content=\"Dos representantes del Movimiento de Schoenstatt de Portugal participaron en el Congreso Internacional de la Pastoral Juvenil en Roma.\" \/>\n<meta name=\"robots\" content=\"index, follow, max-snippet:-1, max-image-preview:large, max-video-preview:-1\" \/>\n<link rel=\"canonical\" href=\"https:\/\/schoenstatt.com\/es\/un-encuentro-con-el-papa-congreso-internacional-de-la-pastoral-juvenil\/\" \/>\n<meta property=\"og:locale\" content=\"es_ES\" \/>\n<meta property=\"og:type\" content=\"article\" \/>\n<meta property=\"og:title\" content=\"Un encuentro con el Papa: Congreso Internacional de la Pastoral Juvenil\" \/>\n<meta property=\"og:description\" content=\"Dos representantes del Movimiento de Schoenstatt de Portugal participaron en el Congreso Internacional de la Pastoral Juvenil en Roma.\" \/>\n<meta property=\"og:url\" content=\"https:\/\/schoenstatt.com\/es\/un-encuentro-con-el-papa-congreso-internacional-de-la-pastoral-juvenil\/\" \/>\n<meta property=\"og:site_name\" content=\"Schoenstatt\" \/>\n<meta property=\"article:published_time\" content=\"2024-07-01T13:47:23+00:00\" \/>\n<meta property=\"article:modified_time\" content=\"2025-05-15T16:08:28+00:00\" \/>\n<meta property=\"og:image\" content=\"https:\/\/schoenstatt.com\/wp-content\/uploads\/2024\/07\/pope-papa-papst-frau-rosana-silva-1.jpg\" \/>\n\t<meta property=\"og:image:width\" content=\"1600\" \/>\n\t<meta property=\"og:image:height\" content=\"1066\" \/>\n\t<meta property=\"og:image:type\" content=\"image\/jpeg\" \/>\n<meta name=\"author\" content=\"Karen Bueno\" \/>\n<meta name=\"twitter:card\" content=\"summary_large_image\" \/>\n<meta name=\"twitter:label1\" content=\"Escrito por\" \/>\n\t<meta name=\"twitter:data1\" content=\"Karen Bueno\" \/>\n\t<meta name=\"twitter:label2\" content=\"Tiempo de lectura\" \/>\n\t<meta name=\"twitter:data2\" content=\"5 minutos\" \/>\n<script type=\"application\/ld+json\" class=\"yoast-schema-graph\">{\"@context\":\"https:\\\/\\\/schema.org\",\"@graph\":[{\"@type\":\"Article\",\"@id\":\"https:\\\/\\\/schoenstatt.com\\\/es\\\/un-encuentro-con-el-papa-congreso-internacional-de-la-pastoral-juvenil\\\/#article\",\"isPartOf\":{\"@id\":\"https:\\\/\\\/schoenstatt.com\\\/es\\\/un-encuentro-con-el-papa-congreso-internacional-de-la-pastoral-juvenil\\\/\"},\"author\":{\"name\":\"Karen Bueno\",\"@id\":\"https:\\\/\\\/schoenstatt.com\\\/es\\\/#\\\/schema\\\/person\\\/5158877ad4acae98b34daaeef2a1ce6e\"},\"headline\":\"Un encuentro con el Papa: Congreso Internacional de la Pastoral Juvenil\",\"datePublished\":\"2024-07-01T13:47:23+00:00\",\"dateModified\":\"2025-05-15T16:08:28+00:00\",\"mainEntityOfPage\":{\"@id\":\"https:\\\/\\\/schoenstatt.com\\\/es\\\/un-encuentro-con-el-papa-congreso-internacional-de-la-pastoral-juvenil\\\/\"},\"wordCount\":965,\"publisher\":{\"@id\":\"https:\\\/\\\/schoenstatt.com\\\/es\\\/#organization\"},\"image\":{\"@id\":\"https:\\\/\\\/schoenstatt.com\\\/es\\\/un-encuentro-con-el-papa-congreso-internacional-de-la-pastoral-juvenil\\\/#primaryimage\"},\"thumbnailUrl\":\"https:\\\/\\\/schoenstatt.com\\\/wp-content\\\/uploads\\\/2024\\\/07\\\/pope-papa-papst-frau-rosana-silva-1.jpg\",\"articleSection\":[\"Iglesia\",\"Juventud\"],\"inLanguage\":\"es\"},{\"@type\":\"WebPage\",\"@id\":\"https:\\\/\\\/schoenstatt.com\\\/es\\\/un-encuentro-con-el-papa-congreso-internacional-de-la-pastoral-juvenil\\\/\",\"url\":\"https:\\\/\\\/schoenstatt.com\\\/es\\\/un-encuentro-con-el-papa-congreso-internacional-de-la-pastoral-juvenil\\\/\",\"name\":\"Un encuentro con el Papa: Congreso Internacional de la Pastoral Juvenil - Schoenstatt\",\"isPartOf\":{\"@id\":\"https:\\\/\\\/schoenstatt.com\\\/es\\\/#website\"},\"primaryImageOfPage\":{\"@id\":\"https:\\\/\\\/schoenstatt.com\\\/es\\\/un-encuentro-con-el-papa-congreso-internacional-de-la-pastoral-juvenil\\\/#primaryimage\"},\"image\":{\"@id\":\"https:\\\/\\\/schoenstatt.com\\\/es\\\/un-encuentro-con-el-papa-congreso-internacional-de-la-pastoral-juvenil\\\/#primaryimage\"},\"thumbnailUrl\":\"https:\\\/\\\/schoenstatt.com\\\/wp-content\\\/uploads\\\/2024\\\/07\\\/pope-papa-papst-frau-rosana-silva-1.jpg\",\"datePublished\":\"2024-07-01T13:47:23+00:00\",\"dateModified\":\"2025-05-15T16:08:28+00:00\",\"description\":\"Dos representantes del Movimiento de Schoenstatt de Portugal participaron en el Congreso Internacional de la Pastoral Juvenil en Roma.\",\"breadcrumb\":{\"@id\":\"https:\\\/\\\/schoenstatt.com\\\/es\\\/un-encuentro-con-el-papa-congreso-internacional-de-la-pastoral-juvenil\\\/#breadcrumb\"},\"inLanguage\":\"es\",\"potentialAction\":[{\"@type\":\"ReadAction\",\"target\":[\"https:\\\/\\\/schoenstatt.com\\\/es\\\/un-encuentro-con-el-papa-congreso-internacional-de-la-pastoral-juvenil\\\/\"]}]},{\"@type\":\"ImageObject\",\"inLanguage\":\"es\",\"@id\":\"https:\\\/\\\/schoenstatt.com\\\/es\\\/un-encuentro-con-el-papa-congreso-internacional-de-la-pastoral-juvenil\\\/#primaryimage\",\"url\":\"https:\\\/\\\/schoenstatt.com\\\/wp-content\\\/uploads\\\/2024\\\/07\\\/pope-papa-papst-frau-rosana-silva-1.jpg\",\"contentUrl\":\"https:\\\/\\\/schoenstatt.com\\\/wp-content\\\/uploads\\\/2024\\\/07\\\/pope-papa-papst-frau-rosana-silva-1.jpg\",\"width\":1600,\"height\":1066,\"caption\":\"Mrs. Rosana with Pope Francis\"},{\"@type\":\"BreadcrumbList\",\"@id\":\"https:\\\/\\\/schoenstatt.com\\\/es\\\/un-encuentro-con-el-papa-congreso-internacional-de-la-pastoral-juvenil\\\/#breadcrumb\",\"itemListElement\":[{\"@type\":\"ListItem\",\"position\":1,\"name\":\"Portada\",\"item\":\"https:\\\/\\\/schoenstatt.com\\\/es\\\/home\\\/\"},{\"@type\":\"ListItem\",\"position\":2,\"name\":\"Un encuentro con el Papa: Congreso Internacional de la Pastoral Juvenil\"}]},{\"@type\":\"WebSite\",\"@id\":\"https:\\\/\\\/schoenstatt.com\\\/es\\\/#website\",\"url\":\"https:\\\/\\\/schoenstatt.com\\\/es\\\/\",\"name\":\"Schoenstatt\",\"description\":\"Apostolic Movement\",\"publisher\":{\"@id\":\"https:\\\/\\\/schoenstatt.com\\\/es\\\/#organization\"},\"potentialAction\":[{\"@type\":\"SearchAction\",\"target\":{\"@type\":\"EntryPoint\",\"urlTemplate\":\"https:\\\/\\\/schoenstatt.com\\\/es\\\/?s={search_term_string}\"},\"query-input\":{\"@type\":\"PropertyValueSpecification\",\"valueRequired\":true,\"valueName\":\"search_term_string\"}}],\"inLanguage\":\"es\"},{\"@type\":\"Organization\",\"@id\":\"https:\\\/\\\/schoenstatt.com\\\/es\\\/#organization\",\"name\":\"Schoenstatt\",\"url\":\"https:\\\/\\\/schoenstatt.com\\\/es\\\/\",\"logo\":{\"@type\":\"ImageObject\",\"inLanguage\":\"es\",\"@id\":\"https:\\\/\\\/schoenstatt.com\\\/es\\\/#\\\/schema\\\/logo\\\/image\\\/\",\"url\":\"https:\\\/\\\/schoenstatt.com\\\/wp-content\\\/uploads\\\/2025\\\/04\\\/logo-schoenstatt-white-696x696-1.png\",\"contentUrl\":\"https:\\\/\\\/schoenstatt.com\\\/wp-content\\\/uploads\\\/2025\\\/04\\\/logo-schoenstatt-white-696x696-1.png\",\"width\":696,\"height\":694,\"caption\":\"Schoenstatt\"},\"image\":{\"@id\":\"https:\\\/\\\/schoenstatt.com\\\/es\\\/#\\\/schema\\\/logo\\\/image\\\/\"}},{\"@type\":\"Person\",\"@id\":\"https:\\\/\\\/schoenstatt.com\\\/es\\\/#\\\/schema\\\/person\\\/5158877ad4acae98b34daaeef2a1ce6e\",\"name\":\"Karen Bueno\",\"image\":{\"@type\":\"ImageObject\",\"inLanguage\":\"es\",\"@id\":\"https:\\\/\\\/secure.gravatar.com\\\/avatar\\\/f9f4b823873154269d2b2130f195f6d41037dd0d7fc5f3cacb5c846bae70d66b?s=96&d=mm&r=g\",\"url\":\"https:\\\/\\\/secure.gravatar.com\\\/avatar\\\/f9f4b823873154269d2b2130f195f6d41037dd0d7fc5f3cacb5c846bae70d66b?s=96&d=mm&r=g\",\"contentUrl\":\"https:\\\/\\\/secure.gravatar.com\\\/avatar\\\/f9f4b823873154269d2b2130f195f6d41037dd0d7fc5f3cacb5c846bae70d66b?s=96&d=mm&r=g\",\"caption\":\"Karen Bueno\"},\"url\":\"https:\\\/\\\/schoenstatt.com\\\/es\\\/author\\\/karen-bueno\\\/\"}]}<\/script>\n<!-- \/ Yoast SEO Premium plugin. -->","yoast_head_json":{"title":"Un encuentro con el Papa: Congreso Internacional de la Pastoral Juvenil - Schoenstatt","description":"Dos representantes del Movimiento de Schoenstatt de Portugal participaron en el Congreso Internacional de la Pastoral Juvenil en Roma.","robots":{"index":"index","follow":"follow","max-snippet":"max-snippet:-1","max-image-preview":"max-image-preview:large","max-video-preview":"max-video-preview:-1"},"canonical":"https:\/\/schoenstatt.com\/es\/un-encuentro-con-el-papa-congreso-internacional-de-la-pastoral-juvenil\/","og_locale":"es_ES","og_type":"article","og_title":"Un encuentro con el Papa: Congreso Internacional de la Pastoral Juvenil","og_description":"Dos representantes del Movimiento de Schoenstatt de Portugal participaron en el Congreso Internacional de la Pastoral Juvenil en Roma.","og_url":"https:\/\/schoenstatt.com\/es\/un-encuentro-con-el-papa-congreso-internacional-de-la-pastoral-juvenil\/","og_site_name":"Schoenstatt","article_published_time":"2024-07-01T13:47:23+00:00","article_modified_time":"2025-05-15T16:08:28+00:00","og_image":[{"width":1600,"height":1066,"url":"https:\/\/schoenstatt.com\/wp-content\/uploads\/2024\/07\/pope-papa-papst-frau-rosana-silva-1.jpg","type":"image\/jpeg"}],"author":"Karen Bueno","twitter_card":"summary_large_image","twitter_misc":{"Escrito por":"Karen Bueno","Tiempo de lectura":"5 minutos"},"schema":{"@context":"https:\/\/schema.org","@graph":[{"@type":"Article","@id":"https:\/\/schoenstatt.com\/es\/un-encuentro-con-el-papa-congreso-internacional-de-la-pastoral-juvenil\/#article","isPartOf":{"@id":"https:\/\/schoenstatt.com\/es\/un-encuentro-con-el-papa-congreso-internacional-de-la-pastoral-juvenil\/"},"author":{"name":"Karen Bueno","@id":"https:\/\/schoenstatt.com\/es\/#\/schema\/person\/5158877ad4acae98b34daaeef2a1ce6e"},"headline":"Un encuentro con el Papa: Congreso Internacional de la Pastoral Juvenil","datePublished":"2024-07-01T13:47:23+00:00","dateModified":"2025-05-15T16:08:28+00:00","mainEntityOfPage":{"@id":"https:\/\/schoenstatt.com\/es\/un-encuentro-con-el-papa-congreso-internacional-de-la-pastoral-juvenil\/"},"wordCount":965,"publisher":{"@id":"https:\/\/schoenstatt.com\/es\/#organization"},"image":{"@id":"https:\/\/schoenstatt.com\/es\/un-encuentro-con-el-papa-congreso-internacional-de-la-pastoral-juvenil\/#primaryimage"},"thumbnailUrl":"https:\/\/schoenstatt.com\/wp-content\/uploads\/2024\/07\/pope-papa-papst-frau-rosana-silva-1.jpg","articleSection":["Iglesia","Juventud"],"inLanguage":"es"},{"@type":"WebPage","@id":"https:\/\/schoenstatt.com\/es\/un-encuentro-con-el-papa-congreso-internacional-de-la-pastoral-juvenil\/","url":"https:\/\/schoenstatt.com\/es\/un-encuentro-con-el-papa-congreso-internacional-de-la-pastoral-juvenil\/","name":"Un encuentro con el Papa: Congreso Internacional de la Pastoral Juvenil - Schoenstatt","isPartOf":{"@id":"https:\/\/schoenstatt.com\/es\/#website"},"primaryImageOfPage":{"@id":"https:\/\/schoenstatt.com\/es\/un-encuentro-con-el-papa-congreso-internacional-de-la-pastoral-juvenil\/#primaryimage"},"image":{"@id":"https:\/\/schoenstatt.com\/es\/un-encuentro-con-el-papa-congreso-internacional-de-la-pastoral-juvenil\/#primaryimage"},"thumbnailUrl":"https:\/\/schoenstatt.com\/wp-content\/uploads\/2024\/07\/pope-papa-papst-frau-rosana-silva-1.jpg","datePublished":"2024-07-01T13:47:23+00:00","dateModified":"2025-05-15T16:08:28+00:00","description":"Dos representantes del Movimiento de Schoenstatt de Portugal participaron en el Congreso Internacional de la Pastoral Juvenil en Roma.","breadcrumb":{"@id":"https:\/\/schoenstatt.com\/es\/un-encuentro-con-el-papa-congreso-internacional-de-la-pastoral-juvenil\/#breadcrumb"},"inLanguage":"es","potentialAction":[{"@type":"ReadAction","target":["https:\/\/schoenstatt.com\/es\/un-encuentro-con-el-papa-congreso-internacional-de-la-pastoral-juvenil\/"]}]},{"@type":"ImageObject","inLanguage":"es","@id":"https:\/\/schoenstatt.com\/es\/un-encuentro-con-el-papa-congreso-internacional-de-la-pastoral-juvenil\/#primaryimage","url":"https:\/\/schoenstatt.com\/wp-content\/uploads\/2024\/07\/pope-papa-papst-frau-rosana-silva-1.jpg","contentUrl":"https:\/\/schoenstatt.com\/wp-content\/uploads\/2024\/07\/pope-papa-papst-frau-rosana-silva-1.jpg","width":1600,"height":1066,"caption":"Mrs. Rosana with Pope Francis"},{"@type":"BreadcrumbList","@id":"https:\/\/schoenstatt.com\/es\/un-encuentro-con-el-papa-congreso-internacional-de-la-pastoral-juvenil\/#breadcrumb","itemListElement":[{"@type":"ListItem","position":1,"name":"Portada","item":"https:\/\/schoenstatt.com\/es\/home\/"},{"@type":"ListItem","position":2,"name":"Un encuentro con el Papa: Congreso Internacional de la Pastoral Juvenil"}]},{"@type":"WebSite","@id":"https:\/\/schoenstatt.com\/es\/#website","url":"https:\/\/schoenstatt.com\/es\/","name":"Schoenstatt","description":"Apostolic Movement","publisher":{"@id":"https:\/\/schoenstatt.com\/es\/#organization"},"potentialAction":[{"@type":"SearchAction","target":{"@type":"EntryPoint","urlTemplate":"https:\/\/schoenstatt.com\/es\/?s={search_term_string}"},"query-input":{"@type":"PropertyValueSpecification","valueRequired":true,"valueName":"search_term_string"}}],"inLanguage":"es"},{"@type":"Organization","@id":"https:\/\/schoenstatt.com\/es\/#organization","name":"Schoenstatt","url":"https:\/\/schoenstatt.com\/es\/","logo":{"@type":"ImageObject","inLanguage":"es","@id":"https:\/\/schoenstatt.com\/es\/#\/schema\/logo\/image\/","url":"https:\/\/schoenstatt.com\/wp-content\/uploads\/2025\/04\/logo-schoenstatt-white-696x696-1.png","contentUrl":"https:\/\/schoenstatt.com\/wp-content\/uploads\/2025\/04\/logo-schoenstatt-white-696x696-1.png","width":696,"height":694,"caption":"Schoenstatt"},"image":{"@id":"https:\/\/schoenstatt.com\/es\/#\/schema\/logo\/image\/"}},{"@type":"Person","@id":"https:\/\/schoenstatt.com\/es\/#\/schema\/person\/5158877ad4acae98b34daaeef2a1ce6e","name":"Karen Bueno","image":{"@type":"ImageObject","inLanguage":"es","@id":"https:\/\/secure.gravatar.com\/avatar\/f9f4b823873154269d2b2130f195f6d41037dd0d7fc5f3cacb5c846bae70d66b?s=96&d=mm&r=g","url":"https:\/\/secure.gravatar.com\/avatar\/f9f4b823873154269d2b2130f195f6d41037dd0d7fc5f3cacb5c846bae70d66b?s=96&d=mm&r=g","contentUrl":"https:\/\/secure.gravatar.com\/avatar\/f9f4b823873154269d2b2130f195f6d41037dd0d7fc5f3cacb5c846bae70d66b?s=96&d=mm&r=g","caption":"Karen Bueno"},"url":"https:\/\/schoenstatt.com\/es\/author\/karen-bueno\/"}]}},"_links":{"self":[{"href":"https:\/\/schoenstatt.com\/es\/wp-json\/wp\/v2\/posts\/40025","targetHints":{"allow":["GET"]}}],"collection":[{"href":"https:\/\/schoenstatt.com\/es\/wp-json\/wp\/v2\/posts"}],"about":[{"href":"https:\/\/schoenstatt.com\/es\/wp-json\/wp\/v2\/types\/post"}],"author":[{"embeddable":true,"href":"https:\/\/schoenstatt.com\/es\/wp-json\/wp\/v2\/users\/3"}],"replies":[{"embeddable":true,"href":"https:\/\/schoenstatt.com\/es\/wp-json\/wp\/v2\/comments?post=40025"}],"version-history":[{"count":1,"href":"https:\/\/schoenstatt.com\/es\/wp-json\/wp\/v2\/posts\/40025\/revisions"}],"predecessor-version":[{"id":46857,"href":"https:\/\/schoenstatt.com\/es\/wp-json\/wp\/v2\/posts\/40025\/revisions\/46857"}],"wp:featuredmedia":[{"embeddable":true,"href":"https:\/\/schoenstatt.com\/es\/wp-json\/wp\/v2\/media\/40008"}],"wp:attachment":[{"href":"https:\/\/schoenstatt.com\/es\/wp-json\/wp\/v2\/media?parent=40025"}],"wp:term":[{"taxonomy":"category","embeddable":true,"href":"https:\/\/schoenstatt.com\/es\/wp-json\/wp\/v2\/categories?post=40025"},{"taxonomy":"post_tag","embeddable":true,"href":"https:\/\/schoenstatt.com\/es\/wp-json\/wp\/v2\/tags?post=40025"}],"curies":[{"name":"wp","href":"https:\/\/api.w.org\/{rel}","templated":true}]}}