{"id":35643,"date":"2024-05-20T13:42:30","date_gmt":"2024-05-20T11:42:30","guid":{"rendered":"https:\/\/schoenstatt.com\/?p=35643"},"modified":"2025-05-15T18:44:02","modified_gmt":"2025-05-15T16:44:02","slug":"las-inundaciones-destruyen-el-sur-de-brasil","status":"publish","type":"post","link":"https:\/\/schoenstatt.com\/es\/las-inundaciones-destruyen-el-sur-de-brasil\/","title":{"rendered":"Las inundaciones destruyen el sur de Brasil"},"content":{"rendered":"<p>Desde el 27 de abril, el estado se ha visto afectado por fuertes lluvias y tornados. De las 497 ciudades del estado, unas 450 ya se han visto afectadas de alguna manera. Algunos r\u00edos han crecido y lo han inundado todo, en otros los corrimientos de tierra han destruido viviendas como consecuencia de las lluvias excesivas, provocando la muerte de muchas personas, y otras ciudades han sido devastadas por fuertes tormentas. Las carreteras han quedado destrozadas y los puentes han sido arrasados. El principal r\u00edo del estado lleva m\u00e1s de 5 metros por encima de su nivel normal desde hace m\u00e1s de una semana. Otro r\u00edo alcanz\u00f3 un nivel de 30 metros por encima de su nivel normal y devast\u00f3 completamente las ciudades. S\u00f3lo qued\u00f3 destrucci\u00f3n. Algunas ciudades sufren ya su tercera inundaci\u00f3n en un a\u00f1o, y la actual es incomparablemente m\u00e1s grave.<\/p>\n<h3>P\u00e9rdidas inconmensurables<\/h3>\n<p>Los afectados fueron rescatados s\u00f3lo con la ropa que llevaban puesta y lo perdieron todo: sus casas, sus muebles, sus documentos. Los padres han perdido a sus hijos, los hijos a sus padres. Ahora viven sin hogar en refugios de emergencia y dependen de la ayuda de quienes tienen buen coraz\u00f3n.<\/p>\n<p><img fetchpriority=\"high\" decoding=\"async\" class=\"aligncenter wp-image-35648 \" src=\"https:\/\/schoenstatt.com\/wp-content\/uploads\/2024\/05\/enchentes-rio-grande-do-sul-brasil.jpg\" alt=\"\" width=\"560\" height=\"644\"><\/p>\n<h3>Fr\u00edo inusual<\/h3>\n<p>A esto se a\u00f1ade el fr\u00edo: en pocos d\u00edas, la temperatura en algunas ciudades ha bajado casi 20\u00b0. Como muchas familias con ni\u00f1os, enfermos y ancianos acampan a la intemperie o buscan cobijo bajo toldos o lonas al borde de la carretera, las temperaturas son muy bajas, entre 2\u00ba y 7\u00ba; no hay calefacci\u00f3n.<\/p>\n<h3>La gente necesita ayuda urgente<\/h3>\n<p>Seg\u00fan la Defensa Civil del estado de Rio Grande do Sul, un total de m\u00e1s de 615.000 personas han tenido que abandonar sus hogares, de las cuales unas 76.800 se encuentran en refugios de emergencia y unas 538.500 se alojan en casa de amigos o familiares. Hasta el momento, 2.124.203 personas se han visto afectadas por la tragedia, 806 han resultado heridas, 124 est\u00e1n desaparecidas, se han confirmado 148 muertes y se ha rescatado a un total de 76.483 personas.<\/p>\n<p>Los habitantes de Rio Grande do Sul viven en medio de una enorme extensi\u00f3n de agua y no tienen acceso a agua potable. En muchos barrios y\/o ciudades no hay electricidad. Los hospitales han tenido que ser evacuados.<\/p>\n<p>Estas personas necesitan ayuda. Necesitan agua, alimentos, materiales de construcci\u00f3n, muebles. Necesitan todo lo necesario para construir una nueva vida con dignidad.<\/p>\n<p><img decoding=\"async\" class=\"aligncenter wp-image-35652 \" src=\"https:\/\/schoenstatt.com\/wp-content\/uploads\/2024\/05\/cefasol-brasil-social-soziale-2.jpg\" alt=\"\" width=\"723\" height=\"542\"><\/p>\n<h3>Las Hermanas de Mar\u00eda distribuyen ayuda humanitaria<\/h3>\n<p>El centro social \u201c<a href=\"https:\/\/tabor.org.br\/cefasol\/\" target=\"_blank\" rel=\"noopener\">Rinc\u00f3n del Sol<\/a>\u201d, de la ciudad de Santa Mar\u00eda, dirigido por las Hermanas de Mar\u00eda, se ha convertido en un punto de distribuci\u00f3n de suministros de socorro en estos d\u00edas de necesidad. Las familias de los barrios afectados por las fuertes lluvias pueden recibir aqu\u00ed ropa, art\u00edculos de higiene y productos de limpieza, alimentos y agua.<\/p>\n<p>Las hermanas, junto con su personal, voluntarios y j\u00f3venes profesionales, llevan los productos a los afectados.<\/p>\n<h3>C\u00f3mo puedes ayudar<\/h3>\n<p>Las donaciones para los afectados pueden ser transferidas a la cuenta del <a href=\"https:\/\/www.missionszentrale-s-ms.org\/spanisch\/pagina-de-inicio\/\" target=\"_blank\" rel=\"noopener\">Centro Misionero de las Hermanas de Mar\u00eda<\/a> en Schoenstatt. Desde all\u00ed se enviar\u00e1 a una cuenta de las Hermanas de Mar\u00eda en Santa Mar\u00eda, Rio Grande do Sul, Brasil. Nosotras, las Hermanas locales, utilizaremos el dinero para comprar materiales de construcci\u00f3n, alimentos, ropa, medicinas y muebles para las familias afectadas por este desastre natural y lo enviaremos directamente a las familias.<\/p>\n<p>Muchas gracias de antemano por su generosa ayuda.<\/p>\n<p><a class=\"fasc-button fasc-size-medium fasc-type-flat fasc-ico-before dashicons-arrow-right fasc-style-bold\" style=\"background-color: #10217d; color: #ffffff;\" target=\"_blank\" href=\"https:\/\/www.missionszentrale-s-ms.org\/deutsch\/spenden\/spendenformular\/\" rel=\"noopener\">Donaciones con tarjeta de cr\u00e9dito<\/a><\/p>\n<p><strong>Cuenta de donaciones:<\/strong><br \/>\nMissionszentrale Vallendar,<br \/>\nLiga Bank eG,<br \/>\nIBAN DE10 7509 0300 0000 0589 20,<br \/>\nBIC GENODEF1M05,<br \/>\nPalabra clave: V\u00edctimas de las inundaciones en Brasil<\/p>\n<p>Contacto a trav\u00e9s del Centro Misionero de las Hermanas de Mar\u00eda de Schoenstatt: sr.mariana@schoenstaetter-marienschwestern.org<\/p>\n","protected":false},"excerpt":{"rendered":"<p>Rio Grande do Sul, Brasil, est\u00e1 sufriendo su peor cat\u00e1strofe natural hasta la fecha. Las Hermanas de Mar\u00eda forman una cadena de apoyo.<\/p>\n","protected":false},"author":3,"featured_media":35644,"comment_status":"closed","ping_status":"closed","sticky":false,"template":"","format":"standard","meta":{"footnotes":""},"categories":[913],"tags":[],"class_list":["post-35643","post","type-post","status-publish","format-standard","has-post-thumbnail","hentry","category-sociedad-es"],"yoast_head":"<!-- This site is optimized with the Yoast SEO Premium plugin v27.4 (Yoast SEO v27.4) - https:\/\/yoast.com\/product\/yoast-seo-premium-wordpress\/ -->\n<title>Las inundaciones destruyen el sur de Brasil - Schoenstatt<\/title>\n<meta name=\"description\" content=\"Rio Grande do Sul, Brasil, est\u00e1 sufriendo su peor cat\u00e1strofe natural hasta la fecha. Las Hermanas de Mar\u00eda forman una cadena de apoyo.\" \/>\n<meta name=\"robots\" content=\"index, follow, max-snippet:-1, max-image-preview:large, max-video-preview:-1\" \/>\n<link rel=\"canonical\" href=\"https:\/\/schoenstatt.com\/es\/las-inundaciones-destruyen-el-sur-de-brasil\/\" \/>\n<meta property=\"og:locale\" content=\"es_ES\" \/>\n<meta property=\"og:type\" content=\"article\" \/>\n<meta property=\"og:title\" content=\"Las inundaciones destruyen el sur de Brasil\" \/>\n<meta property=\"og:description\" content=\"Rio Grande do Sul, Brasil, est\u00e1 sufriendo su peor cat\u00e1strofe natural hasta la fecha. Las Hermanas de Mar\u00eda forman una cadena de apoyo.\" \/>\n<meta property=\"og:url\" content=\"https:\/\/schoenstatt.com\/es\/las-inundaciones-destruyen-el-sur-de-brasil\/\" \/>\n<meta property=\"og:site_name\" content=\"Schoenstatt\" \/>\n<meta property=\"article:published_time\" content=\"2024-05-20T11:42:30+00:00\" \/>\n<meta property=\"article:modified_time\" content=\"2025-05-15T16:44:02+00:00\" \/>\n<meta property=\"og:image\" content=\"https:\/\/schoenstatt.com\/wp-content\/uploads\/2024\/05\/cefasol-brasil-social-soziale-1.jpg\" \/>\n\t<meta property=\"og:image:width\" content=\"2048\" \/>\n\t<meta property=\"og:image:height\" content=\"1365\" \/>\n\t<meta property=\"og:image:type\" content=\"image\/jpeg\" \/>\n<meta name=\"author\" content=\"Karen Bueno\" \/>\n<meta name=\"twitter:card\" content=\"summary_large_image\" \/>\n<meta name=\"twitter:label1\" content=\"Escrito por\" \/>\n\t<meta name=\"twitter:data1\" content=\"Karen Bueno\" \/>\n\t<meta name=\"twitter:label2\" content=\"Tiempo de lectura\" \/>\n\t<meta name=\"twitter:data2\" content=\"4 minutos\" \/>\n<script type=\"application\/ld+json\" class=\"yoast-schema-graph\">{\"@context\":\"https:\\\/\\\/schema.org\",\"@graph\":[{\"@type\":\"Article\",\"@id\":\"https:\\\/\\\/schoenstatt.com\\\/es\\\/las-inundaciones-destruyen-el-sur-de-brasil\\\/#article\",\"isPartOf\":{\"@id\":\"https:\\\/\\\/schoenstatt.com\\\/es\\\/las-inundaciones-destruyen-el-sur-de-brasil\\\/\"},\"author\":{\"name\":\"Karen Bueno\",\"@id\":\"https:\\\/\\\/schoenstatt.com\\\/es\\\/#\\\/schema\\\/person\\\/5158877ad4acae98b34daaeef2a1ce6e\"},\"headline\":\"Las inundaciones destruyen el sur de Brasil\",\"datePublished\":\"2024-05-20T11:42:30+00:00\",\"dateModified\":\"2025-05-15T16:44:02+00:00\",\"mainEntityOfPage\":{\"@id\":\"https:\\\/\\\/schoenstatt.com\\\/es\\\/las-inundaciones-destruyen-el-sur-de-brasil\\\/\"},\"wordCount\":639,\"publisher\":{\"@id\":\"https:\\\/\\\/schoenstatt.com\\\/es\\\/#organization\"},\"image\":{\"@id\":\"https:\\\/\\\/schoenstatt.com\\\/es\\\/las-inundaciones-destruyen-el-sur-de-brasil\\\/#primaryimage\"},\"thumbnailUrl\":\"https:\\\/\\\/schoenstatt.com\\\/wp-content\\\/uploads\\\/2024\\\/05\\\/cefasol-brasil-social-soziale-1.jpg\",\"articleSection\":[\"Sociedad\"],\"inLanguage\":\"es\"},{\"@type\":\"WebPage\",\"@id\":\"https:\\\/\\\/schoenstatt.com\\\/es\\\/las-inundaciones-destruyen-el-sur-de-brasil\\\/\",\"url\":\"https:\\\/\\\/schoenstatt.com\\\/es\\\/las-inundaciones-destruyen-el-sur-de-brasil\\\/\",\"name\":\"Las inundaciones destruyen el sur de Brasil - Schoenstatt\",\"isPartOf\":{\"@id\":\"https:\\\/\\\/schoenstatt.com\\\/es\\\/#website\"},\"primaryImageOfPage\":{\"@id\":\"https:\\\/\\\/schoenstatt.com\\\/es\\\/las-inundaciones-destruyen-el-sur-de-brasil\\\/#primaryimage\"},\"image\":{\"@id\":\"https:\\\/\\\/schoenstatt.com\\\/es\\\/las-inundaciones-destruyen-el-sur-de-brasil\\\/#primaryimage\"},\"thumbnailUrl\":\"https:\\\/\\\/schoenstatt.com\\\/wp-content\\\/uploads\\\/2024\\\/05\\\/cefasol-brasil-social-soziale-1.jpg\",\"datePublished\":\"2024-05-20T11:42:30+00:00\",\"dateModified\":\"2025-05-15T16:44:02+00:00\",\"description\":\"Rio Grande do Sul, Brasil, est\u00e1 sufriendo su peor cat\u00e1strofe natural hasta la fecha. Las Hermanas de Mar\u00eda forman una cadena de apoyo.\",\"breadcrumb\":{\"@id\":\"https:\\\/\\\/schoenstatt.com\\\/es\\\/las-inundaciones-destruyen-el-sur-de-brasil\\\/#breadcrumb\"},\"inLanguage\":\"es\",\"potentialAction\":[{\"@type\":\"ReadAction\",\"target\":[\"https:\\\/\\\/schoenstatt.com\\\/es\\\/las-inundaciones-destruyen-el-sur-de-brasil\\\/\"]}]},{\"@type\":\"ImageObject\",\"inLanguage\":\"es\",\"@id\":\"https:\\\/\\\/schoenstatt.com\\\/es\\\/las-inundaciones-destruyen-el-sur-de-brasil\\\/#primaryimage\",\"url\":\"https:\\\/\\\/schoenstatt.com\\\/wp-content\\\/uploads\\\/2024\\\/05\\\/cefasol-brasil-social-soziale-1.jpg\",\"contentUrl\":\"https:\\\/\\\/schoenstatt.com\\\/wp-content\\\/uploads\\\/2024\\\/05\\\/cefasol-brasil-social-soziale-1.jpg\",\"width\":2048,\"height\":1365},{\"@type\":\"BreadcrumbList\",\"@id\":\"https:\\\/\\\/schoenstatt.com\\\/es\\\/las-inundaciones-destruyen-el-sur-de-brasil\\\/#breadcrumb\",\"itemListElement\":[{\"@type\":\"ListItem\",\"position\":1,\"name\":\"Portada\",\"item\":\"https:\\\/\\\/schoenstatt.com\\\/es\\\/home\\\/\"},{\"@type\":\"ListItem\",\"position\":2,\"name\":\"Las inundaciones destruyen el sur de Brasil\"}]},{\"@type\":\"WebSite\",\"@id\":\"https:\\\/\\\/schoenstatt.com\\\/es\\\/#website\",\"url\":\"https:\\\/\\\/schoenstatt.com\\\/es\\\/\",\"name\":\"Schoenstatt\",\"description\":\"Apostolic Movement\",\"publisher\":{\"@id\":\"https:\\\/\\\/schoenstatt.com\\\/es\\\/#organization\"},\"potentialAction\":[{\"@type\":\"SearchAction\",\"target\":{\"@type\":\"EntryPoint\",\"urlTemplate\":\"https:\\\/\\\/schoenstatt.com\\\/es\\\/?s={search_term_string}\"},\"query-input\":{\"@type\":\"PropertyValueSpecification\",\"valueRequired\":true,\"valueName\":\"search_term_string\"}}],\"inLanguage\":\"es\"},{\"@type\":\"Organization\",\"@id\":\"https:\\\/\\\/schoenstatt.com\\\/es\\\/#organization\",\"name\":\"Schoenstatt\",\"url\":\"https:\\\/\\\/schoenstatt.com\\\/es\\\/\",\"logo\":{\"@type\":\"ImageObject\",\"inLanguage\":\"es\",\"@id\":\"https:\\\/\\\/schoenstatt.com\\\/es\\\/#\\\/schema\\\/logo\\\/image\\\/\",\"url\":\"https:\\\/\\\/schoenstatt.com\\\/wp-content\\\/uploads\\\/2025\\\/04\\\/logo-schoenstatt-white-696x696-1.png\",\"contentUrl\":\"https:\\\/\\\/schoenstatt.com\\\/wp-content\\\/uploads\\\/2025\\\/04\\\/logo-schoenstatt-white-696x696-1.png\",\"width\":696,\"height\":694,\"caption\":\"Schoenstatt\"},\"image\":{\"@id\":\"https:\\\/\\\/schoenstatt.com\\\/es\\\/#\\\/schema\\\/logo\\\/image\\\/\"}},{\"@type\":\"Person\",\"@id\":\"https:\\\/\\\/schoenstatt.com\\\/es\\\/#\\\/schema\\\/person\\\/5158877ad4acae98b34daaeef2a1ce6e\",\"name\":\"Karen Bueno\",\"image\":{\"@type\":\"ImageObject\",\"inLanguage\":\"es\",\"@id\":\"https:\\\/\\\/secure.gravatar.com\\\/avatar\\\/f9f4b823873154269d2b2130f195f6d41037dd0d7fc5f3cacb5c846bae70d66b?s=96&d=mm&r=g\",\"url\":\"https:\\\/\\\/secure.gravatar.com\\\/avatar\\\/f9f4b823873154269d2b2130f195f6d41037dd0d7fc5f3cacb5c846bae70d66b?s=96&d=mm&r=g\",\"contentUrl\":\"https:\\\/\\\/secure.gravatar.com\\\/avatar\\\/f9f4b823873154269d2b2130f195f6d41037dd0d7fc5f3cacb5c846bae70d66b?s=96&d=mm&r=g\",\"caption\":\"Karen Bueno\"},\"url\":\"https:\\\/\\\/schoenstatt.com\\\/es\\\/author\\\/karen-bueno\\\/\"}]}<\/script>\n<!-- \/ Yoast SEO Premium plugin. -->","yoast_head_json":{"title":"Las inundaciones destruyen el sur de Brasil - Schoenstatt","description":"Rio Grande do Sul, Brasil, est\u00e1 sufriendo su peor cat\u00e1strofe natural hasta la fecha. Las Hermanas de Mar\u00eda forman una cadena de apoyo.","robots":{"index":"index","follow":"follow","max-snippet":"max-snippet:-1","max-image-preview":"max-image-preview:large","max-video-preview":"max-video-preview:-1"},"canonical":"https:\/\/schoenstatt.com\/es\/las-inundaciones-destruyen-el-sur-de-brasil\/","og_locale":"es_ES","og_type":"article","og_title":"Las inundaciones destruyen el sur de Brasil","og_description":"Rio Grande do Sul, Brasil, est\u00e1 sufriendo su peor cat\u00e1strofe natural hasta la fecha. Las Hermanas de Mar\u00eda forman una cadena de apoyo.","og_url":"https:\/\/schoenstatt.com\/es\/las-inundaciones-destruyen-el-sur-de-brasil\/","og_site_name":"Schoenstatt","article_published_time":"2024-05-20T11:42:30+00:00","article_modified_time":"2025-05-15T16:44:02+00:00","og_image":[{"width":2048,"height":1365,"url":"https:\/\/schoenstatt.com\/wp-content\/uploads\/2024\/05\/cefasol-brasil-social-soziale-1.jpg","type":"image\/jpeg"}],"author":"Karen Bueno","twitter_card":"summary_large_image","twitter_misc":{"Escrito por":"Karen Bueno","Tiempo de lectura":"4 minutos"},"schema":{"@context":"https:\/\/schema.org","@graph":[{"@type":"Article","@id":"https:\/\/schoenstatt.com\/es\/las-inundaciones-destruyen-el-sur-de-brasil\/#article","isPartOf":{"@id":"https:\/\/schoenstatt.com\/es\/las-inundaciones-destruyen-el-sur-de-brasil\/"},"author":{"name":"Karen Bueno","@id":"https:\/\/schoenstatt.com\/es\/#\/schema\/person\/5158877ad4acae98b34daaeef2a1ce6e"},"headline":"Las inundaciones destruyen el sur de Brasil","datePublished":"2024-05-20T11:42:30+00:00","dateModified":"2025-05-15T16:44:02+00:00","mainEntityOfPage":{"@id":"https:\/\/schoenstatt.com\/es\/las-inundaciones-destruyen-el-sur-de-brasil\/"},"wordCount":639,"publisher":{"@id":"https:\/\/schoenstatt.com\/es\/#organization"},"image":{"@id":"https:\/\/schoenstatt.com\/es\/las-inundaciones-destruyen-el-sur-de-brasil\/#primaryimage"},"thumbnailUrl":"https:\/\/schoenstatt.com\/wp-content\/uploads\/2024\/05\/cefasol-brasil-social-soziale-1.jpg","articleSection":["Sociedad"],"inLanguage":"es"},{"@type":"WebPage","@id":"https:\/\/schoenstatt.com\/es\/las-inundaciones-destruyen-el-sur-de-brasil\/","url":"https:\/\/schoenstatt.com\/es\/las-inundaciones-destruyen-el-sur-de-brasil\/","name":"Las inundaciones destruyen el sur de Brasil - Schoenstatt","isPartOf":{"@id":"https:\/\/schoenstatt.com\/es\/#website"},"primaryImageOfPage":{"@id":"https:\/\/schoenstatt.com\/es\/las-inundaciones-destruyen-el-sur-de-brasil\/#primaryimage"},"image":{"@id":"https:\/\/schoenstatt.com\/es\/las-inundaciones-destruyen-el-sur-de-brasil\/#primaryimage"},"thumbnailUrl":"https:\/\/schoenstatt.com\/wp-content\/uploads\/2024\/05\/cefasol-brasil-social-soziale-1.jpg","datePublished":"2024-05-20T11:42:30+00:00","dateModified":"2025-05-15T16:44:02+00:00","description":"Rio Grande do Sul, Brasil, est\u00e1 sufriendo su peor cat\u00e1strofe natural hasta la fecha. Las Hermanas de Mar\u00eda forman una cadena de apoyo.","breadcrumb":{"@id":"https:\/\/schoenstatt.com\/es\/las-inundaciones-destruyen-el-sur-de-brasil\/#breadcrumb"},"inLanguage":"es","potentialAction":[{"@type":"ReadAction","target":["https:\/\/schoenstatt.com\/es\/las-inundaciones-destruyen-el-sur-de-brasil\/"]}]},{"@type":"ImageObject","inLanguage":"es","@id":"https:\/\/schoenstatt.com\/es\/las-inundaciones-destruyen-el-sur-de-brasil\/#primaryimage","url":"https:\/\/schoenstatt.com\/wp-content\/uploads\/2024\/05\/cefasol-brasil-social-soziale-1.jpg","contentUrl":"https:\/\/schoenstatt.com\/wp-content\/uploads\/2024\/05\/cefasol-brasil-social-soziale-1.jpg","width":2048,"height":1365},{"@type":"BreadcrumbList","@id":"https:\/\/schoenstatt.com\/es\/las-inundaciones-destruyen-el-sur-de-brasil\/#breadcrumb","itemListElement":[{"@type":"ListItem","position":1,"name":"Portada","item":"https:\/\/schoenstatt.com\/es\/home\/"},{"@type":"ListItem","position":2,"name":"Las inundaciones destruyen el sur de Brasil"}]},{"@type":"WebSite","@id":"https:\/\/schoenstatt.com\/es\/#website","url":"https:\/\/schoenstatt.com\/es\/","name":"Schoenstatt","description":"Apostolic Movement","publisher":{"@id":"https:\/\/schoenstatt.com\/es\/#organization"},"potentialAction":[{"@type":"SearchAction","target":{"@type":"EntryPoint","urlTemplate":"https:\/\/schoenstatt.com\/es\/?s={search_term_string}"},"query-input":{"@type":"PropertyValueSpecification","valueRequired":true,"valueName":"search_term_string"}}],"inLanguage":"es"},{"@type":"Organization","@id":"https:\/\/schoenstatt.com\/es\/#organization","name":"Schoenstatt","url":"https:\/\/schoenstatt.com\/es\/","logo":{"@type":"ImageObject","inLanguage":"es","@id":"https:\/\/schoenstatt.com\/es\/#\/schema\/logo\/image\/","url":"https:\/\/schoenstatt.com\/wp-content\/uploads\/2025\/04\/logo-schoenstatt-white-696x696-1.png","contentUrl":"https:\/\/schoenstatt.com\/wp-content\/uploads\/2025\/04\/logo-schoenstatt-white-696x696-1.png","width":696,"height":694,"caption":"Schoenstatt"},"image":{"@id":"https:\/\/schoenstatt.com\/es\/#\/schema\/logo\/image\/"}},{"@type":"Person","@id":"https:\/\/schoenstatt.com\/es\/#\/schema\/person\/5158877ad4acae98b34daaeef2a1ce6e","name":"Karen Bueno","image":{"@type":"ImageObject","inLanguage":"es","@id":"https:\/\/secure.gravatar.com\/avatar\/f9f4b823873154269d2b2130f195f6d41037dd0d7fc5f3cacb5c846bae70d66b?s=96&d=mm&r=g","url":"https:\/\/secure.gravatar.com\/avatar\/f9f4b823873154269d2b2130f195f6d41037dd0d7fc5f3cacb5c846bae70d66b?s=96&d=mm&r=g","contentUrl":"https:\/\/secure.gravatar.com\/avatar\/f9f4b823873154269d2b2130f195f6d41037dd0d7fc5f3cacb5c846bae70d66b?s=96&d=mm&r=g","caption":"Karen Bueno"},"url":"https:\/\/schoenstatt.com\/es\/author\/karen-bueno\/"}]}},"_links":{"self":[{"href":"https:\/\/schoenstatt.com\/es\/wp-json\/wp\/v2\/posts\/35643","targetHints":{"allow":["GET"]}}],"collection":[{"href":"https:\/\/schoenstatt.com\/es\/wp-json\/wp\/v2\/posts"}],"about":[{"href":"https:\/\/schoenstatt.com\/es\/wp-json\/wp\/v2\/types\/post"}],"author":[{"embeddable":true,"href":"https:\/\/schoenstatt.com\/es\/wp-json\/wp\/v2\/users\/3"}],"replies":[{"embeddable":true,"href":"https:\/\/schoenstatt.com\/es\/wp-json\/wp\/v2\/comments?post=35643"}],"version-history":[{"count":1,"href":"https:\/\/schoenstatt.com\/es\/wp-json\/wp\/v2\/posts\/35643\/revisions"}],"predecessor-version":[{"id":46842,"href":"https:\/\/schoenstatt.com\/es\/wp-json\/wp\/v2\/posts\/35643\/revisions\/46842"}],"wp:featuredmedia":[{"embeddable":true,"href":"https:\/\/schoenstatt.com\/es\/wp-json\/wp\/v2\/media\/35644"}],"wp:attachment":[{"href":"https:\/\/schoenstatt.com\/es\/wp-json\/wp\/v2\/media?parent=35643"}],"wp:term":[{"taxonomy":"category","embeddable":true,"href":"https:\/\/schoenstatt.com\/es\/wp-json\/wp\/v2\/categories?post=35643"},{"taxonomy":"post_tag","embeddable":true,"href":"https:\/\/schoenstatt.com\/es\/wp-json\/wp\/v2\/tags?post=35643"}],"curies":[{"name":"wp","href":"https:\/\/api.w.org\/{rel}","templated":true}]}}