{"id":35405,"date":"2024-04-09T14:08:07","date_gmt":"2024-04-09T12:08:07","guid":{"rendered":"https:\/\/schoenstatt.com\/espiritualidad\/um-dia-especial-de-celebracao-para-os-padres-de-schoenstatt-em-burundi\/"},"modified":"2025-05-15T00:32:11","modified_gmt":"2025-05-14T22:32:11","slug":"los-padres-de-schoenstatt-cumplen-50-anos-en-burundi","status":"publish","type":"post","link":"https:\/\/schoenstatt.com\/es\/los-padres-de-schoenstatt-cumplen-50-anos-en-burundi\/","title":{"rendered":"Los Padres de Schoenstatt cumplen 50 a\u00f1os en Burundi"},"content":{"rendered":"<p><em>\u00abEste es el d\u00eda que ha hecho Yahveh; alegr\u00e9monos y regocij\u00e9monos en \u00c9l\u00bb<\/em> (Salmo 118; 24). En verdad, todos los d\u00edas est\u00e1n hechos por el Se\u00f1or Dios, creador del cielo y de la tierra. Pero entre ellos, hay algunos d\u00edas que se hacen especiales por los acontecimientos notables que el Se\u00f1or ha obrado a trav\u00e9s de su pueblo y por el don precioso que ha recibido de \u00c9l. El pasado domingo, 7 de abril, segundo domingo del tiempo pascual, considerado como el Domingo de la Divina Misericordia, es uno de esos d\u00edas muy especiales en <a href=\"https:\/\/www.peres-schoenstatt.org\/\" target=\"_blank\" rel=\"noopener\">Mont Sion Gikungu<\/a>, el Sion Patris Africae de los <a href=\"https:\/\/schoenstatt.com\/es\/familia\/comunidades-de-schoenstatt\/priest\/\">Padres de Schoenstatt<\/a>, aqu\u00ed en \u00c1frica Oriental.<\/p>\n<p>La celebraci\u00f3n de las bodas de oro de la presencia de los Padres de Schoenstatt en Burundi y la ordenaci\u00f3n sacerdotal del di\u00e1cono Samuel Sibomana son los acontecimientos providenciales que hacen que este d\u00eda sea especial y diferente de los dem\u00e1s.<\/p>\n<h2>Tres obispos y m\u00e1s de 50 sacerdotes participaron en la celebraci\u00f3n<\/h2>\n<p><img fetchpriority=\"high\" decoding=\"async\" class=\"aligncenter wp-image-35379 \" src=\"https:\/\/schoenstatt.com\/wp-content\/uploads\/2024\/04\/ordenacao-ordenacion-ordination-schoenstatt-fathers-4.jpg\" alt=\"\" width=\"812\" height=\"570\" \/><\/p>\n<p>El acto comenz\u00f3 con la celebraci\u00f3n de la Santa Misa a las 10 de la ma\u00f1ana. Estuvo presidida por el arzobispo de la <a href=\"https:\/\/archidiocesedebujumbura.bi\/fr\/\" target=\"_blank\" rel=\"noopener\">arquidi\u00f3cesis de Bujumbura<\/a>, monse\u00f1or Gervais Banshimiyubusa, que fue el prelado ordenante. Concelebraron el arzobispo em\u00e9rito, Evariste Ngoyagoye, y el obispo de la di\u00f3cesis de Ruyigi, monse\u00f1or Blaise Nzeyimana. Estuvieron presentes m\u00e1s de 50 sacerdotes, entre ellos dos representantes del Consejo General de los Padres de Schoenstatt y el Superior Delegado de la Regi\u00f3n de Victoria Matris (Nigeria), P. Kingsley Okereke; el Rector General del Instituto de Sacerdotes Diocesanos de Schoenstatt, P. Christian L\u00f6hr; cuatro di\u00e1conos y Samuel, que recibi\u00f3 el sagrado orden del sacerdocio. Estuvieron presentes en la ceremonia tambi\u00e9n muchos dignatarios y otras grandes personalidades que aceptaron nuestra invitaci\u00f3n.<\/p>\n<h2>50 a\u00f1os de los Padres de Schoenstatt en Burundi<\/h2>\n<p>Para comenzar, el Superior Delegado de los Padres de Schoenstatt de Sion Patris Africae, P. Jos\u00e9 Luis Correa, nos present\u00f3 una breve historia de los Padres de Schoenstatt en Burundi a trav\u00e9s de la instrumentalidad del P. Alfred Kistler y otros sacerdotes de Suiza como los Padres Othmar Landolt, Edwin Germann, Ruedi-Josef H\u00fcppi, que fueron invitados por las Hermanas de Mar\u00eda de Schoenstatt ya presentes en Bujumbura, exponiendo los papeles que desempe\u00f1aron sin olvidar los desaf\u00edos enfrentados en el tiempo de fundaci\u00f3n.<\/p>\n<p><img decoding=\"async\" class=\"aligncenter wp-image-35375 \" src=\"https:\/\/schoenstatt.com\/wp-content\/uploads\/2024\/04\/ordenacao-ordenacion-ordination-schoenstatt-fathers-3.jpg\" alt=\"\" width=\"776\" height=\"518\" \/><\/p>\n<h2>Un nuevo Padre de Schoenstatt para Burundi<\/h2>\n<p>Durante la homil\u00eda, el arzobispo Gervais Banshimiyubusa expres\u00f3 su alegr\u00eda por tener dos santuarios en su arquiidi\u00f3cesis con el mayor n\u00famero de peregrinos schoenstattianos. Hizo hincapi\u00e9 en el don de la paz que Jes\u00fas brind\u00f3 a sus disc\u00edpulos en contraste con la verg\u00fcenza y el miedo que ellos ten\u00edan. Tambi\u00e9n alent\u00f3 e inst\u00f3 al P. Samuel a permanecer resuelto y fiel a su vocaci\u00f3n, y a cumplir sus deberes con diligencia y fervor.<\/p>\n<p><img decoding=\"async\" class=\"aligncenter wp-image-35371 \" src=\"https:\/\/schoenstatt.com\/wp-content\/uploads\/2024\/04\/ordenacao-ordenacion-ordination-schoenstatt-fathers-2.jpg\" alt=\"\" width=\"781\" height=\"521\" \/><\/p>\n<p>Samuel Sibomana eligi\u00f3 como lema sacerdotal la frase:<em> \u00abPorque el Se\u00f1or, tu Dios, es un Dios amoroso\u00bb<\/em> (Dt 4:31).<\/p>\n<p>Quiere vivir su vocaci\u00f3n<em> \u00abcomo un Padre de Schoenstatt entregado y comprometido con la llamada de Dios a trav\u00e9s de nuestra Comunidad de Si\u00f3n\u00bb.<\/em> Y expresa: <em>\u00abPara m\u00ed, entiendo y creo que la Alianza de Amor que sellamos con nuestra Sant\u00edsima Madre Mar\u00eda es un medio para luchar por la santidad sacerdotal. Y a trav\u00e9s de la Alianza de Amor y la contribuci\u00f3n al capital de gracias, estoy seguro de que permanecemos cerca de Mar\u00eda, que es el modelo de nuestra vida, y ella obviamente nos ayuda a vivir una vida verdaderamente como un &#8216;alter Christus&#8217; (otro Cristo), a vivir una vida de santidad como sus instrumentos en nuestro tiempo contempor\u00e1neo\u00bb.<\/em><\/p>\n<p><em><img loading=\"lazy\" decoding=\"async\" class=\"wp-image-35367 aligncenter\" src=\"https:\/\/schoenstatt.com\/wp-content\/uploads\/2024\/04\/Fr-Samuel-Sibomana-Schoenstatt-Burundi.jpg\" alt=\"\" width=\"538\" height=\"807\" \/><\/em><\/p>\n<p>Durante la recepci\u00f3n hubo muchos entretenimientos y refrescos. El presidente de la Rep\u00fablica de Burundi, a trav\u00e9s de su representante, nos inst\u00f3 a mejorar en las \u00e1reas en las que hemos fallado y nos anim\u00f3 a continuar las buenas obras en las \u00e1reas en las que hemos tenido \u00e9xito.<\/p>\n<p>Por su parte, el primer consejero, en representaci\u00f3n del Consejo General, P. Arkadiusz Sosna, expres\u00f3 su alegr\u00eda por las bodas de oro de Sion Patris Africae y la ordenaci\u00f3n sacerdotal del P. Samuel Sibomana y le dese\u00f3 lo mejor en sus ministerios sacerdotales y en su vida. Hubo muchos otros discursos y buenos deseos por los notables acontecimientos de este d\u00eda.<\/p>\n","protected":false},"excerpt":{"rendered":"<p>Los Padres de Schoenstatt celebraron 50 a\u00f1os de misi\u00f3n en Burundi, \u00c1frica, con un momento especial: la ordenaci\u00f3n sacerdotal del di\u00e1cono Samuel Sibomana. Tres obispos y m\u00e1s de 50 sacerdotes participaron en las celebraciones.<\/p>\n","protected":false},"author":3,"featured_media":35383,"comment_status":"closed","ping_status":"closed","sticky":false,"template":"","format":"standard","meta":{"footnotes":""},"categories":[909],"tags":[],"class_list":["post-35405","post","type-post","status-publish","format-standard","has-post-thumbnail","hentry","category-comunidades-de-schoenstatt-es"],"yoast_head":"<!-- This site is optimized with the Yoast SEO Premium plugin v27.4 (Yoast SEO v27.4) - https:\/\/yoast.com\/product\/yoast-seo-premium-wordpress\/ -->\n<title>Los Padres de Schoenstatt cumplen 50 a\u00f1os en Burundi<\/title>\n<meta name=\"description\" content=\"Los Padres de Schoenstatt celebraron 50 a\u00f1os de misi\u00f3n en Burundi con un momento especial: la ordenaci\u00f3n sacerdotal de Samuel Sibomana\" \/>\n<meta name=\"robots\" content=\"index, follow, max-snippet:-1, max-image-preview:large, max-video-preview:-1\" \/>\n<link rel=\"canonical\" href=\"https:\/\/schoenstatt.com\/es\/los-padres-de-schoenstatt-cumplen-50-anos-en-burundi\/\" \/>\n<meta property=\"og:locale\" content=\"es_ES\" \/>\n<meta property=\"og:type\" content=\"article\" \/>\n<meta property=\"og:title\" content=\"Los Padres de Schoenstatt cumplen 50 a\u00f1os en Burundi\" \/>\n<meta property=\"og:description\" content=\"Los Padres de Schoenstatt celebraron 50 a\u00f1os de misi\u00f3n en Burundi con un momento especial: la ordenaci\u00f3n sacerdotal de Samuel Sibomana\" \/>\n<meta property=\"og:url\" content=\"https:\/\/schoenstatt.com\/es\/los-padres-de-schoenstatt-cumplen-50-anos-en-burundi\/\" \/>\n<meta property=\"og:site_name\" content=\"Schoenstatt\" \/>\n<meta property=\"article:published_time\" content=\"2024-04-09T12:08:07+00:00\" \/>\n<meta property=\"article:modified_time\" content=\"2025-05-14T22:32:11+00:00\" \/>\n<meta property=\"og:image\" content=\"https:\/\/schoenstatt.com\/wp-content\/uploads\/2024\/04\/ordenacao-ordenacion-ordination-schoenstatt-fathers-1.jpg\" \/>\n\t<meta property=\"og:image:width\" content=\"2048\" \/>\n\t<meta property=\"og:image:height\" content=\"968\" \/>\n\t<meta property=\"og:image:type\" content=\"image\/jpeg\" \/>\n<meta name=\"author\" content=\"Karen Bueno\" \/>\n<meta name=\"twitter:card\" content=\"summary_large_image\" \/>\n<meta name=\"twitter:label1\" content=\"Escrito por\" \/>\n\t<meta name=\"twitter:data1\" content=\"Karen Bueno\" \/>\n\t<meta name=\"twitter:label2\" content=\"Tiempo de lectura\" \/>\n\t<meta name=\"twitter:data2\" content=\"4 minutos\" \/>\n<script type=\"application\/ld+json\" class=\"yoast-schema-graph\">{\"@context\":\"https:\\\/\\\/schema.org\",\"@graph\":[{\"@type\":\"Article\",\"@id\":\"https:\\\/\\\/schoenstatt.com\\\/es\\\/los-padres-de-schoenstatt-cumplen-50-anos-en-burundi\\\/#article\",\"isPartOf\":{\"@id\":\"https:\\\/\\\/schoenstatt.com\\\/es\\\/los-padres-de-schoenstatt-cumplen-50-anos-en-burundi\\\/\"},\"author\":{\"name\":\"Karen Bueno\",\"@id\":\"https:\\\/\\\/schoenstatt.com\\\/es\\\/#\\\/schema\\\/person\\\/5158877ad4acae98b34daaeef2a1ce6e\"},\"headline\":\"Los Padres de Schoenstatt cumplen 50 a\u00f1os en Burundi\",\"datePublished\":\"2024-04-09T12:08:07+00:00\",\"dateModified\":\"2025-05-14T22:32:11+00:00\",\"mainEntityOfPage\":{\"@id\":\"https:\\\/\\\/schoenstatt.com\\\/es\\\/los-padres-de-schoenstatt-cumplen-50-anos-en-burundi\\\/\"},\"wordCount\":762,\"publisher\":{\"@id\":\"https:\\\/\\\/schoenstatt.com\\\/es\\\/#organization\"},\"image\":{\"@id\":\"https:\\\/\\\/schoenstatt.com\\\/es\\\/los-padres-de-schoenstatt-cumplen-50-anos-en-burundi\\\/#primaryimage\"},\"thumbnailUrl\":\"https:\\\/\\\/schoenstatt.com\\\/wp-content\\\/uploads\\\/2024\\\/04\\\/ordenacao-ordenacion-ordination-schoenstatt-fathers-1.jpg\",\"articleSection\":[\"Comunidades de Schoenstatt\"],\"inLanguage\":\"es\"},{\"@type\":\"WebPage\",\"@id\":\"https:\\\/\\\/schoenstatt.com\\\/es\\\/los-padres-de-schoenstatt-cumplen-50-anos-en-burundi\\\/\",\"url\":\"https:\\\/\\\/schoenstatt.com\\\/es\\\/los-padres-de-schoenstatt-cumplen-50-anos-en-burundi\\\/\",\"name\":\"Los Padres de Schoenstatt cumplen 50 a\u00f1os en Burundi\",\"isPartOf\":{\"@id\":\"https:\\\/\\\/schoenstatt.com\\\/es\\\/#website\"},\"primaryImageOfPage\":{\"@id\":\"https:\\\/\\\/schoenstatt.com\\\/es\\\/los-padres-de-schoenstatt-cumplen-50-anos-en-burundi\\\/#primaryimage\"},\"image\":{\"@id\":\"https:\\\/\\\/schoenstatt.com\\\/es\\\/los-padres-de-schoenstatt-cumplen-50-anos-en-burundi\\\/#primaryimage\"},\"thumbnailUrl\":\"https:\\\/\\\/schoenstatt.com\\\/wp-content\\\/uploads\\\/2024\\\/04\\\/ordenacao-ordenacion-ordination-schoenstatt-fathers-1.jpg\",\"datePublished\":\"2024-04-09T12:08:07+00:00\",\"dateModified\":\"2025-05-14T22:32:11+00:00\",\"description\":\"Los Padres de Schoenstatt celebraron 50 a\u00f1os de misi\u00f3n en Burundi con un momento especial: la ordenaci\u00f3n sacerdotal de Samuel Sibomana\",\"breadcrumb\":{\"@id\":\"https:\\\/\\\/schoenstatt.com\\\/es\\\/los-padres-de-schoenstatt-cumplen-50-anos-en-burundi\\\/#breadcrumb\"},\"inLanguage\":\"es\",\"potentialAction\":[{\"@type\":\"ReadAction\",\"target\":[\"https:\\\/\\\/schoenstatt.com\\\/es\\\/los-padres-de-schoenstatt-cumplen-50-anos-en-burundi\\\/\"]}]},{\"@type\":\"ImageObject\",\"inLanguage\":\"es\",\"@id\":\"https:\\\/\\\/schoenstatt.com\\\/es\\\/los-padres-de-schoenstatt-cumplen-50-anos-en-burundi\\\/#primaryimage\",\"url\":\"https:\\\/\\\/schoenstatt.com\\\/wp-content\\\/uploads\\\/2024\\\/04\\\/ordenacao-ordenacion-ordination-schoenstatt-fathers-1.jpg\",\"contentUrl\":\"https:\\\/\\\/schoenstatt.com\\\/wp-content\\\/uploads\\\/2024\\\/04\\\/ordenacao-ordenacion-ordination-schoenstatt-fathers-1.jpg\",\"width\":2048,\"height\":968},{\"@type\":\"BreadcrumbList\",\"@id\":\"https:\\\/\\\/schoenstatt.com\\\/es\\\/los-padres-de-schoenstatt-cumplen-50-anos-en-burundi\\\/#breadcrumb\",\"itemListElement\":[{\"@type\":\"ListItem\",\"position\":1,\"name\":\"Portada\",\"item\":\"https:\\\/\\\/schoenstatt.com\\\/es\\\/home\\\/\"},{\"@type\":\"ListItem\",\"position\":2,\"name\":\"Los Padres de Schoenstatt cumplen 50 a\u00f1os en Burundi\"}]},{\"@type\":\"WebSite\",\"@id\":\"https:\\\/\\\/schoenstatt.com\\\/es\\\/#website\",\"url\":\"https:\\\/\\\/schoenstatt.com\\\/es\\\/\",\"name\":\"Schoenstatt\",\"description\":\"Apostolic Movement\",\"publisher\":{\"@id\":\"https:\\\/\\\/schoenstatt.com\\\/es\\\/#organization\"},\"potentialAction\":[{\"@type\":\"SearchAction\",\"target\":{\"@type\":\"EntryPoint\",\"urlTemplate\":\"https:\\\/\\\/schoenstatt.com\\\/es\\\/?s={search_term_string}\"},\"query-input\":{\"@type\":\"PropertyValueSpecification\",\"valueRequired\":true,\"valueName\":\"search_term_string\"}}],\"inLanguage\":\"es\"},{\"@type\":\"Organization\",\"@id\":\"https:\\\/\\\/schoenstatt.com\\\/es\\\/#organization\",\"name\":\"Schoenstatt\",\"url\":\"https:\\\/\\\/schoenstatt.com\\\/es\\\/\",\"logo\":{\"@type\":\"ImageObject\",\"inLanguage\":\"es\",\"@id\":\"https:\\\/\\\/schoenstatt.com\\\/es\\\/#\\\/schema\\\/logo\\\/image\\\/\",\"url\":\"https:\\\/\\\/schoenstatt.com\\\/wp-content\\\/uploads\\\/2025\\\/04\\\/logo-schoenstatt-white-696x696-1.png\",\"contentUrl\":\"https:\\\/\\\/schoenstatt.com\\\/wp-content\\\/uploads\\\/2025\\\/04\\\/logo-schoenstatt-white-696x696-1.png\",\"width\":696,\"height\":694,\"caption\":\"Schoenstatt\"},\"image\":{\"@id\":\"https:\\\/\\\/schoenstatt.com\\\/es\\\/#\\\/schema\\\/logo\\\/image\\\/\"}},{\"@type\":\"Person\",\"@id\":\"https:\\\/\\\/schoenstatt.com\\\/es\\\/#\\\/schema\\\/person\\\/5158877ad4acae98b34daaeef2a1ce6e\",\"name\":\"Karen Bueno\",\"image\":{\"@type\":\"ImageObject\",\"inLanguage\":\"es\",\"@id\":\"https:\\\/\\\/secure.gravatar.com\\\/avatar\\\/f9f4b823873154269d2b2130f195f6d41037dd0d7fc5f3cacb5c846bae70d66b?s=96&d=mm&r=g\",\"url\":\"https:\\\/\\\/secure.gravatar.com\\\/avatar\\\/f9f4b823873154269d2b2130f195f6d41037dd0d7fc5f3cacb5c846bae70d66b?s=96&d=mm&r=g\",\"contentUrl\":\"https:\\\/\\\/secure.gravatar.com\\\/avatar\\\/f9f4b823873154269d2b2130f195f6d41037dd0d7fc5f3cacb5c846bae70d66b?s=96&d=mm&r=g\",\"caption\":\"Karen Bueno\"},\"url\":\"https:\\\/\\\/schoenstatt.com\\\/es\\\/author\\\/karen-bueno\\\/\"}]}<\/script>\n<!-- \/ Yoast SEO Premium plugin. -->","yoast_head_json":{"title":"Los Padres de Schoenstatt cumplen 50 a\u00f1os en Burundi","description":"Los Padres de Schoenstatt celebraron 50 a\u00f1os de misi\u00f3n en Burundi con un momento especial: la ordenaci\u00f3n sacerdotal de Samuel Sibomana","robots":{"index":"index","follow":"follow","max-snippet":"max-snippet:-1","max-image-preview":"max-image-preview:large","max-video-preview":"max-video-preview:-1"},"canonical":"https:\/\/schoenstatt.com\/es\/los-padres-de-schoenstatt-cumplen-50-anos-en-burundi\/","og_locale":"es_ES","og_type":"article","og_title":"Los Padres de Schoenstatt cumplen 50 a\u00f1os en Burundi","og_description":"Los Padres de Schoenstatt celebraron 50 a\u00f1os de misi\u00f3n en Burundi con un momento especial: la ordenaci\u00f3n sacerdotal de Samuel Sibomana","og_url":"https:\/\/schoenstatt.com\/es\/los-padres-de-schoenstatt-cumplen-50-anos-en-burundi\/","og_site_name":"Schoenstatt","article_published_time":"2024-04-09T12:08:07+00:00","article_modified_time":"2025-05-14T22:32:11+00:00","og_image":[{"width":2048,"height":968,"url":"https:\/\/schoenstatt.com\/wp-content\/uploads\/2024\/04\/ordenacao-ordenacion-ordination-schoenstatt-fathers-1.jpg","type":"image\/jpeg"}],"author":"Karen Bueno","twitter_card":"summary_large_image","twitter_misc":{"Escrito por":"Karen Bueno","Tiempo de lectura":"4 minutos"},"schema":{"@context":"https:\/\/schema.org","@graph":[{"@type":"Article","@id":"https:\/\/schoenstatt.com\/es\/los-padres-de-schoenstatt-cumplen-50-anos-en-burundi\/#article","isPartOf":{"@id":"https:\/\/schoenstatt.com\/es\/los-padres-de-schoenstatt-cumplen-50-anos-en-burundi\/"},"author":{"name":"Karen Bueno","@id":"https:\/\/schoenstatt.com\/es\/#\/schema\/person\/5158877ad4acae98b34daaeef2a1ce6e"},"headline":"Los Padres de Schoenstatt cumplen 50 a\u00f1os en Burundi","datePublished":"2024-04-09T12:08:07+00:00","dateModified":"2025-05-14T22:32:11+00:00","mainEntityOfPage":{"@id":"https:\/\/schoenstatt.com\/es\/los-padres-de-schoenstatt-cumplen-50-anos-en-burundi\/"},"wordCount":762,"publisher":{"@id":"https:\/\/schoenstatt.com\/es\/#organization"},"image":{"@id":"https:\/\/schoenstatt.com\/es\/los-padres-de-schoenstatt-cumplen-50-anos-en-burundi\/#primaryimage"},"thumbnailUrl":"https:\/\/schoenstatt.com\/wp-content\/uploads\/2024\/04\/ordenacao-ordenacion-ordination-schoenstatt-fathers-1.jpg","articleSection":["Comunidades de Schoenstatt"],"inLanguage":"es"},{"@type":"WebPage","@id":"https:\/\/schoenstatt.com\/es\/los-padres-de-schoenstatt-cumplen-50-anos-en-burundi\/","url":"https:\/\/schoenstatt.com\/es\/los-padres-de-schoenstatt-cumplen-50-anos-en-burundi\/","name":"Los Padres de Schoenstatt cumplen 50 a\u00f1os en Burundi","isPartOf":{"@id":"https:\/\/schoenstatt.com\/es\/#website"},"primaryImageOfPage":{"@id":"https:\/\/schoenstatt.com\/es\/los-padres-de-schoenstatt-cumplen-50-anos-en-burundi\/#primaryimage"},"image":{"@id":"https:\/\/schoenstatt.com\/es\/los-padres-de-schoenstatt-cumplen-50-anos-en-burundi\/#primaryimage"},"thumbnailUrl":"https:\/\/schoenstatt.com\/wp-content\/uploads\/2024\/04\/ordenacao-ordenacion-ordination-schoenstatt-fathers-1.jpg","datePublished":"2024-04-09T12:08:07+00:00","dateModified":"2025-05-14T22:32:11+00:00","description":"Los Padres de Schoenstatt celebraron 50 a\u00f1os de misi\u00f3n en Burundi con un momento especial: la ordenaci\u00f3n sacerdotal de Samuel Sibomana","breadcrumb":{"@id":"https:\/\/schoenstatt.com\/es\/los-padres-de-schoenstatt-cumplen-50-anos-en-burundi\/#breadcrumb"},"inLanguage":"es","potentialAction":[{"@type":"ReadAction","target":["https:\/\/schoenstatt.com\/es\/los-padres-de-schoenstatt-cumplen-50-anos-en-burundi\/"]}]},{"@type":"ImageObject","inLanguage":"es","@id":"https:\/\/schoenstatt.com\/es\/los-padres-de-schoenstatt-cumplen-50-anos-en-burundi\/#primaryimage","url":"https:\/\/schoenstatt.com\/wp-content\/uploads\/2024\/04\/ordenacao-ordenacion-ordination-schoenstatt-fathers-1.jpg","contentUrl":"https:\/\/schoenstatt.com\/wp-content\/uploads\/2024\/04\/ordenacao-ordenacion-ordination-schoenstatt-fathers-1.jpg","width":2048,"height":968},{"@type":"BreadcrumbList","@id":"https:\/\/schoenstatt.com\/es\/los-padres-de-schoenstatt-cumplen-50-anos-en-burundi\/#breadcrumb","itemListElement":[{"@type":"ListItem","position":1,"name":"Portada","item":"https:\/\/schoenstatt.com\/es\/home\/"},{"@type":"ListItem","position":2,"name":"Los Padres de Schoenstatt cumplen 50 a\u00f1os en Burundi"}]},{"@type":"WebSite","@id":"https:\/\/schoenstatt.com\/es\/#website","url":"https:\/\/schoenstatt.com\/es\/","name":"Schoenstatt","description":"Apostolic Movement","publisher":{"@id":"https:\/\/schoenstatt.com\/es\/#organization"},"potentialAction":[{"@type":"SearchAction","target":{"@type":"EntryPoint","urlTemplate":"https:\/\/schoenstatt.com\/es\/?s={search_term_string}"},"query-input":{"@type":"PropertyValueSpecification","valueRequired":true,"valueName":"search_term_string"}}],"inLanguage":"es"},{"@type":"Organization","@id":"https:\/\/schoenstatt.com\/es\/#organization","name":"Schoenstatt","url":"https:\/\/schoenstatt.com\/es\/","logo":{"@type":"ImageObject","inLanguage":"es","@id":"https:\/\/schoenstatt.com\/es\/#\/schema\/logo\/image\/","url":"https:\/\/schoenstatt.com\/wp-content\/uploads\/2025\/04\/logo-schoenstatt-white-696x696-1.png","contentUrl":"https:\/\/schoenstatt.com\/wp-content\/uploads\/2025\/04\/logo-schoenstatt-white-696x696-1.png","width":696,"height":694,"caption":"Schoenstatt"},"image":{"@id":"https:\/\/schoenstatt.com\/es\/#\/schema\/logo\/image\/"}},{"@type":"Person","@id":"https:\/\/schoenstatt.com\/es\/#\/schema\/person\/5158877ad4acae98b34daaeef2a1ce6e","name":"Karen Bueno","image":{"@type":"ImageObject","inLanguage":"es","@id":"https:\/\/secure.gravatar.com\/avatar\/f9f4b823873154269d2b2130f195f6d41037dd0d7fc5f3cacb5c846bae70d66b?s=96&d=mm&r=g","url":"https:\/\/secure.gravatar.com\/avatar\/f9f4b823873154269d2b2130f195f6d41037dd0d7fc5f3cacb5c846bae70d66b?s=96&d=mm&r=g","contentUrl":"https:\/\/secure.gravatar.com\/avatar\/f9f4b823873154269d2b2130f195f6d41037dd0d7fc5f3cacb5c846bae70d66b?s=96&d=mm&r=g","caption":"Karen Bueno"},"url":"https:\/\/schoenstatt.com\/es\/author\/karen-bueno\/"}]}},"_links":{"self":[{"href":"https:\/\/schoenstatt.com\/es\/wp-json\/wp\/v2\/posts\/35405","targetHints":{"allow":["GET"]}}],"collection":[{"href":"https:\/\/schoenstatt.com\/es\/wp-json\/wp\/v2\/posts"}],"about":[{"href":"https:\/\/schoenstatt.com\/es\/wp-json\/wp\/v2\/types\/post"}],"author":[{"embeddable":true,"href":"https:\/\/schoenstatt.com\/es\/wp-json\/wp\/v2\/users\/3"}],"replies":[{"embeddable":true,"href":"https:\/\/schoenstatt.com\/es\/wp-json\/wp\/v2\/comments?post=35405"}],"version-history":[{"count":1,"href":"https:\/\/schoenstatt.com\/es\/wp-json\/wp\/v2\/posts\/35405\/revisions"}],"predecessor-version":[{"id":46792,"href":"https:\/\/schoenstatt.com\/es\/wp-json\/wp\/v2\/posts\/35405\/revisions\/46792"}],"wp:featuredmedia":[{"embeddable":true,"href":"https:\/\/schoenstatt.com\/es\/wp-json\/wp\/v2\/media\/35383"}],"wp:attachment":[{"href":"https:\/\/schoenstatt.com\/es\/wp-json\/wp\/v2\/media?parent=35405"}],"wp:term":[{"taxonomy":"category","embeddable":true,"href":"https:\/\/schoenstatt.com\/es\/wp-json\/wp\/v2\/categories?post=35405"},{"taxonomy":"post_tag","embeddable":true,"href":"https:\/\/schoenstatt.com\/es\/wp-json\/wp\/v2\/tags?post=35405"}],"curies":[{"name":"wp","href":"https:\/\/api.w.org\/{rel}","templated":true}]}}