{"id":35403,"date":"2024-04-12T10:18:07","date_gmt":"2024-04-12T08:18:07","guid":{"rendered":"https:\/\/schoenstatt.com\/espiritualidad\/eine-einladung-an-junge-menschen-projekt-youonmyside\/"},"modified":"2025-05-15T17:53:02","modified_gmt":"2025-05-15T15:53:02","slug":"una-invitacion-a-la-juventud-campana-youonmyside","status":"publish","type":"post","link":"https:\/\/schoenstatt.com\/es\/una-invitacion-a-la-juventud-campana-youonmyside\/","title":{"rendered":"Una invitaci\u00f3n a la juventud: Campa\u00f1a #YouOnMySide"},"content":{"rendered":"<p><a href=\"https:\/\/www.schoenstatt.org.ar\/vidas-heroicas\/jose-engling.html\" target=\"_blank\" rel=\"noopener\">Jos\u00e9 Engling<\/a> es una fuente de inspiraci\u00f3n para muchos j\u00f3venes. Pero \u00bfc\u00f3mo demostrarlo? La vicepostuladora del proceso de beatificaci\u00f3n de Engling, la Dra. Alicja Kostka, invita a los j\u00f3venes a colaborar en esta importante fase del proceso.<\/p>\n<p>Una nueva campa\u00f1a pretende recoger testimonios personales sobre Jos\u00e9 Engling, que pueden compartirse en las redes sociales bajo el hashtag #YouOnMySide o enviarse por correo electr\u00f3nico.<\/p>\n<h2>La invitaci\u00f3n del Secretariado<\/h2>\n<p>Una y otra vez, recibimos se\u00f1ales de que Jos\u00e9 es visto por los j\u00f3venes como un compa\u00f1ero y defensor. Por ejemplo, recientemente recibimos una petici\u00f3n de un seminarista de Filipinas para rezar por la intercesi\u00f3n de Jos\u00e9 Engling con materiales en ingl\u00e9s. Al mismo tiempo, palabras de convicci\u00f3n personal del seminarista: \u201cRezo por su pronta beatificaci\u00f3n y canonizaci\u00f3n\u201d.<\/p>\n<p>Estas peticiones, as\u00ed como la persistente <a href=\"https:\/\/schoenstatt.com\/es\/espiritualidad\/surgen-preguntas-sobre-jose-engling-en-roma-ocasion-para-conocerlo-mejor\/\">pregunta procedente de Roma<\/a> sobre si Jos\u00e9 puede ser un modelo a seguir para la generaci\u00f3n joven de hoy, nos impulsaron a invitar a los j\u00f3venes a participar en una campa\u00f1a en el que ellos mismos testimonien si conviven con Jos\u00e9 Engling, si se inspiran en \u00e9l y experimentan su ayuda, y c\u00f3mo lo hacen.<\/p>\n<p><img fetchpriority=\"high\" decoding=\"async\" class=\"aligncenter wp-image-35396 \" src=\"https:\/\/schoenstatt.com\/wp-content\/uploads\/2024\/04\/Joseph-Engling-schoenstatt.png\" alt=\"\" width=\"725\" height=\"637\" \/><\/p>\n<h2>Este es el proyecto: #YouOnMySide:<\/h2>\n<p>Porque t\u00fa est\u00e1s de mi lado #YouOnMySide &#8211; bajo este hashtag, est\u00e1n invitados a compartir su testimonio personal sobre Jos\u00e9 Engling.<\/p>\n<p>Jos\u00e9 quiso llegar a ser \u00abtodo para todos\u00bb y entreg\u00f3 su fuerza vital a la misi\u00f3n de la Virgen de Schoenstatt, para que desde aqu\u00ed pudiera ayudar a muchas personas a experimentar las gracias del cobijamiento, de la transformaci\u00f3n interior y de la fecundidad apost\u00f3lica. Muchas personas han experimentado su amistad a trav\u00e9s del poder de la Alianza de Amor. Incluso despu\u00e9s de su muerte de sacrificio, sigue estando cerca de muchas personas como hermano, intercesor y compa\u00f1ero.<\/p>\n<p>\u00bfPuedes t\u00fa tambi\u00e9n experimentar su cercan\u00eda inspiradora y reparadora? La campa\u00f1a #YouOnMySide es una invitaci\u00f3n y un lugar para hablar de ello.<\/p>\n<p>Tu testimonio puede ser una contribuci\u00f3n importante para la beatificaci\u00f3n, una se\u00f1al de agradecimiento a Engling y, al mismo tiempo, una invitaci\u00f3n a otros j\u00f3venes para que lo inviten a sus vidas.<\/p>\n<blockquote><p>Los testimonios pueden dirigirse a Alicja Kostka: admirabilis2014@gmail.com<\/p><\/blockquote>\n","protected":false},"excerpt":{"rendered":"<p>Invitaci\u00f3n a compartir un testimonio de amistad con Jos\u00e9 Engling. Corre la voz en las redes sociales o env\u00eda un correo electr\u00f3nico &#8211; toda participaci\u00f3n es muy importante para el proceso de beatificaci\u00f3n.<\/p>\n","protected":false},"author":3,"featured_media":35392,"comment_status":"closed","ping_status":"closed","sticky":false,"template":"","format":"standard","meta":{"footnotes":""},"categories":[889],"tags":[],"class_list":["post-35403","post","type-post","status-publish","format-standard","has-post-thumbnail","hentry","category-heroes-de-schoenstatt-es"],"yoast_head":"<!-- This site is optimized with the Yoast SEO Premium plugin v27.4 (Yoast SEO v27.4) - https:\/\/yoast.com\/product\/yoast-seo-premium-wordpress\/ -->\n<title>Una invitaci\u00f3n a la juventud: Campa\u00f1a #YouOnMySide<\/title>\n<meta name=\"description\" content=\"#YouOnMySide: Nueva campa\u00f1a para los j\u00f3venes, lanzada para apoyar el proceso de beatificaci\u00f3n de Jos\u00e9 Engling\" \/>\n<meta name=\"robots\" content=\"index, follow, max-snippet:-1, max-image-preview:large, max-video-preview:-1\" \/>\n<link rel=\"canonical\" href=\"https:\/\/schoenstatt.com\/es\/una-invitacion-a-la-juventud-campana-youonmyside\/\" \/>\n<meta property=\"og:locale\" content=\"es_ES\" \/>\n<meta property=\"og:type\" content=\"article\" \/>\n<meta property=\"og:title\" content=\"Una invitaci\u00f3n a la juventud: Campa\u00f1a #YouOnMySide\" \/>\n<meta property=\"og:description\" content=\"#YouOnMySide: Nueva campa\u00f1a para los j\u00f3venes, lanzada para apoyar el proceso de beatificaci\u00f3n de Jos\u00e9 Engling\" \/>\n<meta property=\"og:url\" content=\"https:\/\/schoenstatt.com\/es\/una-invitacion-a-la-juventud-campana-youonmyside\/\" \/>\n<meta property=\"og:site_name\" content=\"Schoenstatt\" \/>\n<meta property=\"article:published_time\" content=\"2024-04-12T08:18:07+00:00\" \/>\n<meta property=\"article:modified_time\" content=\"2025-05-15T15:53:02+00:00\" \/>\n<meta property=\"og:image\" content=\"https:\/\/schoenstatt.com\/wp-content\/uploads\/2024\/04\/josef-enging-JM-Juventud-Masculina-1.jpg\" \/>\n\t<meta property=\"og:image:width\" content=\"2048\" \/>\n\t<meta property=\"og:image:height\" content=\"1360\" \/>\n\t<meta property=\"og:image:type\" content=\"image\/jpeg\" \/>\n<meta name=\"author\" content=\"Karen Bueno\" \/>\n<meta name=\"twitter:card\" content=\"summary_large_image\" \/>\n<meta name=\"twitter:label1\" content=\"Escrito por\" \/>\n\t<meta name=\"twitter:data1\" content=\"Karen Bueno\" \/>\n\t<meta name=\"twitter:label2\" content=\"Tiempo de lectura\" \/>\n\t<meta name=\"twitter:data2\" content=\"2 minutos\" \/>\n<script type=\"application\/ld+json\" class=\"yoast-schema-graph\">{\"@context\":\"https:\\\/\\\/schema.org\",\"@graph\":[{\"@type\":\"Article\",\"@id\":\"https:\\\/\\\/schoenstatt.com\\\/es\\\/una-invitacion-a-la-juventud-campana-youonmyside\\\/#article\",\"isPartOf\":{\"@id\":\"https:\\\/\\\/schoenstatt.com\\\/es\\\/una-invitacion-a-la-juventud-campana-youonmyside\\\/\"},\"author\":{\"name\":\"Karen Bueno\",\"@id\":\"https:\\\/\\\/schoenstatt.com\\\/es\\\/#\\\/schema\\\/person\\\/5158877ad4acae98b34daaeef2a1ce6e\"},\"headline\":\"Una invitaci\u00f3n a la juventud: Campa\u00f1a #YouOnMySide\",\"datePublished\":\"2024-04-12T08:18:07+00:00\",\"dateModified\":\"2025-05-15T15:53:02+00:00\",\"mainEntityOfPage\":{\"@id\":\"https:\\\/\\\/schoenstatt.com\\\/es\\\/una-invitacion-a-la-juventud-campana-youonmyside\\\/\"},\"wordCount\":401,\"publisher\":{\"@id\":\"https:\\\/\\\/schoenstatt.com\\\/es\\\/#organization\"},\"image\":{\"@id\":\"https:\\\/\\\/schoenstatt.com\\\/es\\\/una-invitacion-a-la-juventud-campana-youonmyside\\\/#primaryimage\"},\"thumbnailUrl\":\"https:\\\/\\\/schoenstatt.com\\\/wp-content\\\/uploads\\\/2024\\\/04\\\/josef-enging-JM-Juventud-Masculina-1.jpg\",\"articleSection\":[\"Heroes de Schoenstatt\"],\"inLanguage\":\"es\"},{\"@type\":\"WebPage\",\"@id\":\"https:\\\/\\\/schoenstatt.com\\\/es\\\/una-invitacion-a-la-juventud-campana-youonmyside\\\/\",\"url\":\"https:\\\/\\\/schoenstatt.com\\\/es\\\/una-invitacion-a-la-juventud-campana-youonmyside\\\/\",\"name\":\"Una invitaci\u00f3n a la juventud: Campa\u00f1a #YouOnMySide\",\"isPartOf\":{\"@id\":\"https:\\\/\\\/schoenstatt.com\\\/es\\\/#website\"},\"primaryImageOfPage\":{\"@id\":\"https:\\\/\\\/schoenstatt.com\\\/es\\\/una-invitacion-a-la-juventud-campana-youonmyside\\\/#primaryimage\"},\"image\":{\"@id\":\"https:\\\/\\\/schoenstatt.com\\\/es\\\/una-invitacion-a-la-juventud-campana-youonmyside\\\/#primaryimage\"},\"thumbnailUrl\":\"https:\\\/\\\/schoenstatt.com\\\/wp-content\\\/uploads\\\/2024\\\/04\\\/josef-enging-JM-Juventud-Masculina-1.jpg\",\"datePublished\":\"2024-04-12T08:18:07+00:00\",\"dateModified\":\"2025-05-15T15:53:02+00:00\",\"description\":\"#YouOnMySide: Nueva campa\u00f1a para los j\u00f3venes, lanzada para apoyar el proceso de beatificaci\u00f3n de Jos\u00e9 Engling\",\"breadcrumb\":{\"@id\":\"https:\\\/\\\/schoenstatt.com\\\/es\\\/una-invitacion-a-la-juventud-campana-youonmyside\\\/#breadcrumb\"},\"inLanguage\":\"es\",\"potentialAction\":[{\"@type\":\"ReadAction\",\"target\":[\"https:\\\/\\\/schoenstatt.com\\\/es\\\/una-invitacion-a-la-juventud-campana-youonmyside\\\/\"]}]},{\"@type\":\"ImageObject\",\"inLanguage\":\"es\",\"@id\":\"https:\\\/\\\/schoenstatt.com\\\/es\\\/una-invitacion-a-la-juventud-campana-youonmyside\\\/#primaryimage\",\"url\":\"https:\\\/\\\/schoenstatt.com\\\/wp-content\\\/uploads\\\/2024\\\/04\\\/josef-enging-JM-Juventud-Masculina-1.jpg\",\"contentUrl\":\"https:\\\/\\\/schoenstatt.com\\\/wp-content\\\/uploads\\\/2024\\\/04\\\/josef-enging-JM-Juventud-Masculina-1.jpg\",\"width\":2048,\"height\":1360},{\"@type\":\"BreadcrumbList\",\"@id\":\"https:\\\/\\\/schoenstatt.com\\\/es\\\/una-invitacion-a-la-juventud-campana-youonmyside\\\/#breadcrumb\",\"itemListElement\":[{\"@type\":\"ListItem\",\"position\":1,\"name\":\"Portada\",\"item\":\"https:\\\/\\\/schoenstatt.com\\\/es\\\/home\\\/\"},{\"@type\":\"ListItem\",\"position\":2,\"name\":\"Una invitaci\u00f3n a la juventud: Campa\u00f1a #YouOnMySide\"}]},{\"@type\":\"WebSite\",\"@id\":\"https:\\\/\\\/schoenstatt.com\\\/es\\\/#website\",\"url\":\"https:\\\/\\\/schoenstatt.com\\\/es\\\/\",\"name\":\"Schoenstatt\",\"description\":\"Apostolic Movement\",\"publisher\":{\"@id\":\"https:\\\/\\\/schoenstatt.com\\\/es\\\/#organization\"},\"potentialAction\":[{\"@type\":\"SearchAction\",\"target\":{\"@type\":\"EntryPoint\",\"urlTemplate\":\"https:\\\/\\\/schoenstatt.com\\\/es\\\/?s={search_term_string}\"},\"query-input\":{\"@type\":\"PropertyValueSpecification\",\"valueRequired\":true,\"valueName\":\"search_term_string\"}}],\"inLanguage\":\"es\"},{\"@type\":\"Organization\",\"@id\":\"https:\\\/\\\/schoenstatt.com\\\/es\\\/#organization\",\"name\":\"Schoenstatt\",\"url\":\"https:\\\/\\\/schoenstatt.com\\\/es\\\/\",\"logo\":{\"@type\":\"ImageObject\",\"inLanguage\":\"es\",\"@id\":\"https:\\\/\\\/schoenstatt.com\\\/es\\\/#\\\/schema\\\/logo\\\/image\\\/\",\"url\":\"https:\\\/\\\/schoenstatt.com\\\/wp-content\\\/uploads\\\/2025\\\/04\\\/logo-schoenstatt-white-696x696-1.png\",\"contentUrl\":\"https:\\\/\\\/schoenstatt.com\\\/wp-content\\\/uploads\\\/2025\\\/04\\\/logo-schoenstatt-white-696x696-1.png\",\"width\":696,\"height\":694,\"caption\":\"Schoenstatt\"},\"image\":{\"@id\":\"https:\\\/\\\/schoenstatt.com\\\/es\\\/#\\\/schema\\\/logo\\\/image\\\/\"}},{\"@type\":\"Person\",\"@id\":\"https:\\\/\\\/schoenstatt.com\\\/es\\\/#\\\/schema\\\/person\\\/5158877ad4acae98b34daaeef2a1ce6e\",\"name\":\"Karen Bueno\",\"image\":{\"@type\":\"ImageObject\",\"inLanguage\":\"es\",\"@id\":\"https:\\\/\\\/secure.gravatar.com\\\/avatar\\\/f9f4b823873154269d2b2130f195f6d41037dd0d7fc5f3cacb5c846bae70d66b?s=96&d=mm&r=g\",\"url\":\"https:\\\/\\\/secure.gravatar.com\\\/avatar\\\/f9f4b823873154269d2b2130f195f6d41037dd0d7fc5f3cacb5c846bae70d66b?s=96&d=mm&r=g\",\"contentUrl\":\"https:\\\/\\\/secure.gravatar.com\\\/avatar\\\/f9f4b823873154269d2b2130f195f6d41037dd0d7fc5f3cacb5c846bae70d66b?s=96&d=mm&r=g\",\"caption\":\"Karen Bueno\"},\"url\":\"https:\\\/\\\/schoenstatt.com\\\/es\\\/author\\\/karen-bueno\\\/\"}]}<\/script>\n<!-- \/ Yoast SEO Premium plugin. -->","yoast_head_json":{"title":"Una invitaci\u00f3n a la juventud: Campa\u00f1a #YouOnMySide","description":"#YouOnMySide: Nueva campa\u00f1a para los j\u00f3venes, lanzada para apoyar el proceso de beatificaci\u00f3n de Jos\u00e9 Engling","robots":{"index":"index","follow":"follow","max-snippet":"max-snippet:-1","max-image-preview":"max-image-preview:large","max-video-preview":"max-video-preview:-1"},"canonical":"https:\/\/schoenstatt.com\/es\/una-invitacion-a-la-juventud-campana-youonmyside\/","og_locale":"es_ES","og_type":"article","og_title":"Una invitaci\u00f3n a la juventud: Campa\u00f1a #YouOnMySide","og_description":"#YouOnMySide: Nueva campa\u00f1a para los j\u00f3venes, lanzada para apoyar el proceso de beatificaci\u00f3n de Jos\u00e9 Engling","og_url":"https:\/\/schoenstatt.com\/es\/una-invitacion-a-la-juventud-campana-youonmyside\/","og_site_name":"Schoenstatt","article_published_time":"2024-04-12T08:18:07+00:00","article_modified_time":"2025-05-15T15:53:02+00:00","og_image":[{"width":2048,"height":1360,"url":"https:\/\/schoenstatt.com\/wp-content\/uploads\/2024\/04\/josef-enging-JM-Juventud-Masculina-1.jpg","type":"image\/jpeg"}],"author":"Karen Bueno","twitter_card":"summary_large_image","twitter_misc":{"Escrito por":"Karen Bueno","Tiempo de lectura":"2 minutos"},"schema":{"@context":"https:\/\/schema.org","@graph":[{"@type":"Article","@id":"https:\/\/schoenstatt.com\/es\/una-invitacion-a-la-juventud-campana-youonmyside\/#article","isPartOf":{"@id":"https:\/\/schoenstatt.com\/es\/una-invitacion-a-la-juventud-campana-youonmyside\/"},"author":{"name":"Karen Bueno","@id":"https:\/\/schoenstatt.com\/es\/#\/schema\/person\/5158877ad4acae98b34daaeef2a1ce6e"},"headline":"Una invitaci\u00f3n a la juventud: Campa\u00f1a #YouOnMySide","datePublished":"2024-04-12T08:18:07+00:00","dateModified":"2025-05-15T15:53:02+00:00","mainEntityOfPage":{"@id":"https:\/\/schoenstatt.com\/es\/una-invitacion-a-la-juventud-campana-youonmyside\/"},"wordCount":401,"publisher":{"@id":"https:\/\/schoenstatt.com\/es\/#organization"},"image":{"@id":"https:\/\/schoenstatt.com\/es\/una-invitacion-a-la-juventud-campana-youonmyside\/#primaryimage"},"thumbnailUrl":"https:\/\/schoenstatt.com\/wp-content\/uploads\/2024\/04\/josef-enging-JM-Juventud-Masculina-1.jpg","articleSection":["Heroes de Schoenstatt"],"inLanguage":"es"},{"@type":"WebPage","@id":"https:\/\/schoenstatt.com\/es\/una-invitacion-a-la-juventud-campana-youonmyside\/","url":"https:\/\/schoenstatt.com\/es\/una-invitacion-a-la-juventud-campana-youonmyside\/","name":"Una invitaci\u00f3n a la juventud: Campa\u00f1a #YouOnMySide","isPartOf":{"@id":"https:\/\/schoenstatt.com\/es\/#website"},"primaryImageOfPage":{"@id":"https:\/\/schoenstatt.com\/es\/una-invitacion-a-la-juventud-campana-youonmyside\/#primaryimage"},"image":{"@id":"https:\/\/schoenstatt.com\/es\/una-invitacion-a-la-juventud-campana-youonmyside\/#primaryimage"},"thumbnailUrl":"https:\/\/schoenstatt.com\/wp-content\/uploads\/2024\/04\/josef-enging-JM-Juventud-Masculina-1.jpg","datePublished":"2024-04-12T08:18:07+00:00","dateModified":"2025-05-15T15:53:02+00:00","description":"#YouOnMySide: Nueva campa\u00f1a para los j\u00f3venes, lanzada para apoyar el proceso de beatificaci\u00f3n de Jos\u00e9 Engling","breadcrumb":{"@id":"https:\/\/schoenstatt.com\/es\/una-invitacion-a-la-juventud-campana-youonmyside\/#breadcrumb"},"inLanguage":"es","potentialAction":[{"@type":"ReadAction","target":["https:\/\/schoenstatt.com\/es\/una-invitacion-a-la-juventud-campana-youonmyside\/"]}]},{"@type":"ImageObject","inLanguage":"es","@id":"https:\/\/schoenstatt.com\/es\/una-invitacion-a-la-juventud-campana-youonmyside\/#primaryimage","url":"https:\/\/schoenstatt.com\/wp-content\/uploads\/2024\/04\/josef-enging-JM-Juventud-Masculina-1.jpg","contentUrl":"https:\/\/schoenstatt.com\/wp-content\/uploads\/2024\/04\/josef-enging-JM-Juventud-Masculina-1.jpg","width":2048,"height":1360},{"@type":"BreadcrumbList","@id":"https:\/\/schoenstatt.com\/es\/una-invitacion-a-la-juventud-campana-youonmyside\/#breadcrumb","itemListElement":[{"@type":"ListItem","position":1,"name":"Portada","item":"https:\/\/schoenstatt.com\/es\/home\/"},{"@type":"ListItem","position":2,"name":"Una invitaci\u00f3n a la juventud: Campa\u00f1a #YouOnMySide"}]},{"@type":"WebSite","@id":"https:\/\/schoenstatt.com\/es\/#website","url":"https:\/\/schoenstatt.com\/es\/","name":"Schoenstatt","description":"Apostolic Movement","publisher":{"@id":"https:\/\/schoenstatt.com\/es\/#organization"},"potentialAction":[{"@type":"SearchAction","target":{"@type":"EntryPoint","urlTemplate":"https:\/\/schoenstatt.com\/es\/?s={search_term_string}"},"query-input":{"@type":"PropertyValueSpecification","valueRequired":true,"valueName":"search_term_string"}}],"inLanguage":"es"},{"@type":"Organization","@id":"https:\/\/schoenstatt.com\/es\/#organization","name":"Schoenstatt","url":"https:\/\/schoenstatt.com\/es\/","logo":{"@type":"ImageObject","inLanguage":"es","@id":"https:\/\/schoenstatt.com\/es\/#\/schema\/logo\/image\/","url":"https:\/\/schoenstatt.com\/wp-content\/uploads\/2025\/04\/logo-schoenstatt-white-696x696-1.png","contentUrl":"https:\/\/schoenstatt.com\/wp-content\/uploads\/2025\/04\/logo-schoenstatt-white-696x696-1.png","width":696,"height":694,"caption":"Schoenstatt"},"image":{"@id":"https:\/\/schoenstatt.com\/es\/#\/schema\/logo\/image\/"}},{"@type":"Person","@id":"https:\/\/schoenstatt.com\/es\/#\/schema\/person\/5158877ad4acae98b34daaeef2a1ce6e","name":"Karen Bueno","image":{"@type":"ImageObject","inLanguage":"es","@id":"https:\/\/secure.gravatar.com\/avatar\/f9f4b823873154269d2b2130f195f6d41037dd0d7fc5f3cacb5c846bae70d66b?s=96&d=mm&r=g","url":"https:\/\/secure.gravatar.com\/avatar\/f9f4b823873154269d2b2130f195f6d41037dd0d7fc5f3cacb5c846bae70d66b?s=96&d=mm&r=g","contentUrl":"https:\/\/secure.gravatar.com\/avatar\/f9f4b823873154269d2b2130f195f6d41037dd0d7fc5f3cacb5c846bae70d66b?s=96&d=mm&r=g","caption":"Karen Bueno"},"url":"https:\/\/schoenstatt.com\/es\/author\/karen-bueno\/"}]}},"_links":{"self":[{"href":"https:\/\/schoenstatt.com\/es\/wp-json\/wp\/v2\/posts\/35403","targetHints":{"allow":["GET"]}}],"collection":[{"href":"https:\/\/schoenstatt.com\/es\/wp-json\/wp\/v2\/posts"}],"about":[{"href":"https:\/\/schoenstatt.com\/es\/wp-json\/wp\/v2\/types\/post"}],"author":[{"embeddable":true,"href":"https:\/\/schoenstatt.com\/es\/wp-json\/wp\/v2\/users\/3"}],"replies":[{"embeddable":true,"href":"https:\/\/schoenstatt.com\/es\/wp-json\/wp\/v2\/comments?post=35403"}],"version-history":[{"count":1,"href":"https:\/\/schoenstatt.com\/es\/wp-json\/wp\/v2\/posts\/35403\/revisions"}],"predecessor-version":[{"id":46796,"href":"https:\/\/schoenstatt.com\/es\/wp-json\/wp\/v2\/posts\/35403\/revisions\/46796"}],"wp:featuredmedia":[{"embeddable":true,"href":"https:\/\/schoenstatt.com\/es\/wp-json\/wp\/v2\/media\/35392"}],"wp:attachment":[{"href":"https:\/\/schoenstatt.com\/es\/wp-json\/wp\/v2\/media?parent=35403"}],"wp:term":[{"taxonomy":"category","embeddable":true,"href":"https:\/\/schoenstatt.com\/es\/wp-json\/wp\/v2\/categories?post=35403"},{"taxonomy":"post_tag","embeddable":true,"href":"https:\/\/schoenstatt.com\/es\/wp-json\/wp\/v2\/tags?post=35403"}],"curies":[{"name":"wp","href":"https:\/\/api.w.org\/{rel}","templated":true}]}}