{"id":35328,"date":"2024-04-05T14:31:52","date_gmt":"2024-04-05T12:31:52","guid":{"rendered":"https:\/\/schoenstatt.com\/?p=35328"},"modified":"2025-05-15T18:23:11","modified_gmt":"2025-05-15T16:23:11","slug":"el-santuario-de-brasilia-abre-su-ano-jubilar-con-una-peregrinacion-de-las-fuerzas-armadas","status":"publish","type":"post","link":"https:\/\/schoenstatt.com\/es\/el-santuario-de-brasilia-abre-su-ano-jubilar-con-una-peregrinacion-de-las-fuerzas-armadas\/","title":{"rendered":"El Santuario de Brasilia abre su a\u00f1o jubilar con una peregrinaci\u00f3n de las Fuerzas Armadas"},"content":{"rendered":"<p>Muchas veces hemos escuchado la afirmaci\u00f3n: \u00ab\u00a1Los jubileos son tiempos de gracias especiales!\u00bb. Y este hecho se hace a\u00fan m\u00e1s real cuando sucede en un tiempo de gran <strong>esperanza<\/strong>, dentro de nuestro Movimiento y dentro de la Iglesia. Esto es lo que est\u00e1 viviendo la Familia de Schoenstatt en Brasilia, capital de Brasil.<\/p>\n<p>En este mes de marzo de 2024, el <a href=\"https:\/\/www.tabordaesperanca.org.br\/\" target=\"_blank\" rel=\"noopener\">Santuario Tabor de la Esperanza<\/a> abri\u00f3 su a\u00f1o jubilar para celebrar sus 25 a\u00f1os. Este Santuario tiene una caracter\u00edstica propia: fue construido en un terreno vinculado a la Arquidi\u00f3cesis Militar de Brasil y est\u00e1 ligado a ella. Precisamente por eso -y por haber sido construido en la capital del pa\u00eds- diversas autoridades militares brasile\u00f1as lo visitan y participan en sus actividades.<\/p>\n<figure id=\"attachment_35353\" aria-describedby=\"caption-attachment-35353\" style=\"width: 815px\" class=\"wp-caption aligncenter\"><img fetchpriority=\"high\" decoding=\"async\" class=\"wp-image-35353\" src=\"https:\/\/schoenstatt.com\/wp-content\/uploads\/2024\/04\/peregrinacao-militar-fuerzas-de-arma-Brasilia-Brasil-3-2024.jpg\" alt=\"\" width=\"815\" height=\"604\" \/><figcaption id=\"caption-attachment-35353\" class=\"wp-caption-text\">Fotos: Neto Lima<\/figcaption><\/figure>\n<h2>El santuario recibe la indulgencia plenaria<\/h2>\n<p>Para marcar la apertura del a\u00f1o jubilar, el arzobispo militar de Brasil, Mons. Marcony Ferreira, sugiri\u00f3 no s\u00f3lo una misa -como era la propuesta inicial-, sino un triduo. Y tambi\u00e9n que se invitara a mucha gente, incluida la Familia Militar. Con el apoyo y la ayuda concreta del Arzobispo, el Santuario recibi\u00f3 el don de la indulgencia plenaria para todo el a\u00f1o jubilar.<\/p>\n<p><img decoding=\"async\" class=\"aligncenter wp-image-35333 \" src=\"https:\/\/schoenstatt.com\/wp-content\/uploads\/2024\/04\/peregrinacao-militar-fuerzas-de-arma-Brasilia-Brasil-3-2024-e.jpg\" alt=\"\" width=\"831\" height=\"554\" \/><\/p>\n<p>Otro de los deseos y empe\u00f1os personales del Arzobispo Marcony fue ofrecer confesiones en el santuario los d\u00edas del triduo. Varios capellanes militares y sacerdotes se pusieron a disposici\u00f3n de los peregrinos, que formaron grandes colas.<\/p>\n<h3>Los dos primeros d\u00edas del triduo<\/h3>\n<p>El primer d\u00eda del triduo, el 16 de marzo, tuvo lugar la solemne apertura del A\u00f1o Jubilar, con un toque de trompeta y la lectura de los decretos. La misa fue presidida por el obispo auxiliar del Ordinariato Militar de Brasil, monse\u00f1or Jos\u00e9 Francisco Falc\u00e3o.<\/p>\n<p>La mayor concentraci\u00f3n de peregrinos tuvo lugar el segundo d\u00eda del triduo, el domingo 17 de marzo. Varios autobuses y coches llegaron trayendo a muchas personas.<\/p>\n<p>La misa del segundo d\u00eda fue presidida por el <a href=\"https:\/\/schoenstatt.com\/es\/iglesia\/el-secretario-de-la-conferencia-episcopal-de-brasil-visita-schoenstatt-en-roma\/\">Secretario General de la Conferencia Nacional de los Obispos de Brasil (CNBB), Monse\u00f1or Ricardo Hoepers<\/a>. Esta celebraci\u00f3n tuvo un momento especial con la investidura de 18 j\u00f3venes y ni\u00f1os como los primeros Coristas, Ac\u00f3litos y Ceremoniales del \u00abProyecto Arc\u00e1ngeles\u00bb &#8211; un regalo especial para la Mater en este A\u00f1o Jubilar.<\/p>\n<p>Durante todo el d\u00eda hubo actividades en torno al Santuario. Muchos peregrinos asistieron tambi\u00e9n a la Misa celebrada por la tarde, presidida por el capell\u00e1n del Santuario, P. \u00c9rico Pit\u00e1goras Rocha.<\/p>\n<p><span style=\"vertical-align: inherit;\"><span style=\"vertical-align: inherit;\"><img decoding=\"async\" class=\"aligncenter wp-image-35337 \" src=\"https:\/\/schoenstatt.com\/wp-content\/uploads\/2024\/04\/peregrinacao-militar-fuerzas-de-arma-Brasilia-Brasil-3-2024-b.jpg\" alt=\"\" width=\"814\" height=\"543\" \/><\/span><\/span><\/p>\n<h3>D\u00eda de Alianza con vigilia<\/h3>\n<p>El 18 de marzo fue celebrado de forma especial por la Familia de Schoenstatt. Para alegr\u00eda de todos, estuvo presente el matrimonio pionero del Movimiento en Brasilia, los se\u00f1ores Amaro y Neuza Freire.<\/p>\n<p>El Padre Thaisson Santar\u00e9m presidi\u00f3 la Santa Misa, dando testimonio de la presencia del Fundador, Padre Jos\u00e9 Kentenich, y del Sr. Jo\u00e3o Pozzobon en su vida.<\/p>\n<p>En la madrugada del 18 al 19, hubo una vigilia para celebrar la Fiesta de San Jos\u00e9, onom\u00e1stica del Padre Kentenich y el inicio del A\u00f1o Jubilar. A medianoche, el Sant\u00edsimo Sacramento fue bendecido por el P. Jos\u00e9 Edvaldo Santos, capell\u00e1n de la Base A\u00e9rea de Brasilia.<\/p>\n<p><img loading=\"lazy\" decoding=\"async\" class=\"aligncenter wp-image-35341 \" src=\"https:\/\/schoenstatt.com\/wp-content\/uploads\/2024\/04\/peregrinacao-militar-fuerzas-de-arma-Brasilia-Brasil-3-2024-c.jpg\" alt=\"\" width=\"774\" height=\"516\" \/><\/p>\n<h2>Peregrinaci\u00f3n de las Fuerzas Armadas<\/h2>\n<p>El d\u00eda de San Jos\u00e9, nuestra Mater recibi\u00f3 a la Familia Militar de Brasilia. Participaron representantes de las diversas Fuerzas Armadas brasile\u00f1as: la Marina, el Ej\u00e9rcito y la Fuerza A\u00e9rea Brasile\u00f1os, as\u00ed como las Fuerzas del Orden: la Polic\u00eda Militar y el Cuerpo de Bomberos. La visita comenz\u00f3 frente al Santuario Jubilar con una procesi\u00f3n.<\/p>\n<p><img loading=\"lazy\" decoding=\"async\" class=\"aligncenter wp-image-35349 \" src=\"https:\/\/schoenstatt.com\/wp-content\/uploads\/2024\/04\/peregrinacao-militar-fuerzas-de-arma-Brasilia-Brasil-3-2024-g.jpg\" alt=\"\" width=\"851\" height=\"567\" \/><\/p>\n<p>Los soldados portaron en andas las im\u00e1genes de San Jos\u00e9 y de sus santos patronos. Fueron recibidos solemnemente al inicio de la Santa Misa, presidida por el Arzobispo Castrense y concelebrada por los sacerdotes capellanes de las diversas Fuerzas Armadas.<\/p>\n<p>El recibimiento de la bandera brasile\u00f1a fue un momento fuerte de amor a la patria. Todos los soldados la saludaron. El Himno Nacional, cantado con solemnidad, cre\u00f3 un momento \u00fanico en la celebraci\u00f3n jubilar.<\/p>\n<p>De forma concreta, Mons. Marcony Ferreira relacion\u00f3 en su homil\u00eda la vida de cada militar con la vida de San Jos\u00e9.<\/p>\n<p>El lema elegido para este a\u00f1o jubilar &#8211; \u00abMar\u00eda, Luz de Esperanza, \u00a1caminamos contigo!\u00bb &#8211; es el impulso para enviar a todos los que pasaron y pasar\u00e1n por el Santuario de Brasilia durante este a\u00f1o especial de gracias.<\/p>\n<p><img loading=\"lazy\" decoding=\"async\" class=\"aligncenter wp-image-35345 \" src=\"https:\/\/schoenstatt.com\/wp-content\/uploads\/2024\/04\/peregrinacao-militar-fuerzas-de-arma-Brasilia-Brasil-3-2024-d.jpg\" alt=\"\" width=\"864\" height=\"576\" \/><\/p>\n","protected":false},"excerpt":{"rendered":"<p>Situado en la capital de Brasil, el Santuario Tabor de la Esperanza est\u00e1 vinculado a la Arquidi\u00f3cesis Castrense brasile\u00f1a. En la apertura del a\u00f1o jubilar, durante el triduo, representantes de las Fuerzas Armadas y del Orden &#8211; Ej\u00e9rcito, Marina, Fuerza A\u00e9rea, Polic\u00eda Militar y Cuerpo de Bomberos &#8211; peregrinaron al Santuario.<\/p>\n","protected":false},"author":3,"featured_media":35329,"comment_status":"closed","ping_status":"closed","sticky":false,"template":"","format":"standard","meta":{"footnotes":""},"categories":[790],"tags":[],"class_list":["post-35328","post","type-post","status-publish","format-standard","has-post-thumbnail","hentry","category-paises-es"],"yoast_head":"<!-- This site is optimized with the Yoast SEO Premium plugin v27.4 (Yoast SEO v27.5) - https:\/\/yoast.com\/product\/yoast-seo-premium-wordpress\/ -->\n<title>El Santuario de Brasilia abre su a\u00f1o jubilar con una peregrinaci\u00f3n de las Fuerzas Armadas<\/title>\n<meta name=\"description\" content=\"Situado en la capital de Brasil, el Santuario Tabor de la Esperanza abre su a\u00f1o jubilar con una peregrinaci\u00f3n de las Fuerzas Armadas.\" \/>\n<meta name=\"robots\" content=\"index, follow, max-snippet:-1, max-image-preview:large, max-video-preview:-1\" \/>\n<link rel=\"canonical\" href=\"https:\/\/schoenstatt.com\/es\/el-santuario-de-brasilia-abre-su-ano-jubilar-con-una-peregrinacion-de-las-fuerzas-armadas\/\" \/>\n<meta property=\"og:locale\" content=\"es_ES\" \/>\n<meta property=\"og:type\" content=\"article\" \/>\n<meta property=\"og:title\" content=\"El Santuario de Brasilia abre su a\u00f1o jubilar con una peregrinaci\u00f3n de las Fuerzas Armadas\" \/>\n<meta property=\"og:description\" content=\"Situado en la capital de Brasil, el Santuario Tabor de la Esperanza abre su a\u00f1o jubilar con una peregrinaci\u00f3n de las Fuerzas Armadas.\" \/>\n<meta property=\"og:url\" content=\"https:\/\/schoenstatt.com\/es\/el-santuario-de-brasilia-abre-su-ano-jubilar-con-una-peregrinacion-de-las-fuerzas-armadas\/\" \/>\n<meta property=\"og:site_name\" content=\"Schoenstatt\" \/>\n<meta property=\"article:published_time\" content=\"2024-04-05T12:31:52+00:00\" \/>\n<meta property=\"article:modified_time\" content=\"2025-05-15T16:23:11+00:00\" \/>\n<meta property=\"og:image\" content=\"https:\/\/schoenstatt.com\/wp-content\/uploads\/2024\/04\/peregrinacao-militar-fuerzas-de-arma-Brasilia-Brasil-3-2024-f-1.jpg\" \/>\n\t<meta property=\"og:image:width\" content=\"2048\" \/>\n\t<meta property=\"og:image:height\" content=\"1393\" \/>\n\t<meta property=\"og:image:type\" content=\"image\/jpeg\" \/>\n<meta name=\"author\" content=\"Karen Bueno\" \/>\n<meta name=\"twitter:card\" content=\"summary_large_image\" \/>\n<meta name=\"twitter:label1\" content=\"Escrito por\" \/>\n\t<meta name=\"twitter:data1\" content=\"Karen Bueno\" \/>\n\t<meta name=\"twitter:label2\" content=\"Tiempo de lectura\" \/>\n\t<meta name=\"twitter:data2\" content=\"5 minutos\" \/>\n<script type=\"application\/ld+json\" class=\"yoast-schema-graph\">{\"@context\":\"https:\\\/\\\/schema.org\",\"@graph\":[{\"@type\":\"Article\",\"@id\":\"https:\\\/\\\/schoenstatt.com\\\/es\\\/el-santuario-de-brasilia-abre-su-ano-jubilar-con-una-peregrinacion-de-las-fuerzas-armadas\\\/#article\",\"isPartOf\":{\"@id\":\"https:\\\/\\\/schoenstatt.com\\\/es\\\/el-santuario-de-brasilia-abre-su-ano-jubilar-con-una-peregrinacion-de-las-fuerzas-armadas\\\/\"},\"author\":{\"name\":\"Karen Bueno\",\"@id\":\"https:\\\/\\\/schoenstatt.com\\\/es\\\/#\\\/schema\\\/person\\\/5158877ad4acae98b34daaeef2a1ce6e\"},\"headline\":\"El Santuario de Brasilia abre su a\u00f1o jubilar con una peregrinaci\u00f3n de las Fuerzas Armadas\",\"datePublished\":\"2024-04-05T12:31:52+00:00\",\"dateModified\":\"2025-05-15T16:23:11+00:00\",\"mainEntityOfPage\":{\"@id\":\"https:\\\/\\\/schoenstatt.com\\\/es\\\/el-santuario-de-brasilia-abre-su-ano-jubilar-con-una-peregrinacion-de-las-fuerzas-armadas\\\/\"},\"wordCount\":778,\"publisher\":{\"@id\":\"https:\\\/\\\/schoenstatt.com\\\/es\\\/#organization\"},\"image\":{\"@id\":\"https:\\\/\\\/schoenstatt.com\\\/es\\\/el-santuario-de-brasilia-abre-su-ano-jubilar-con-una-peregrinacion-de-las-fuerzas-armadas\\\/#primaryimage\"},\"thumbnailUrl\":\"https:\\\/\\\/schoenstatt.com\\\/wp-content\\\/uploads\\\/2024\\\/04\\\/peregrinacao-militar-fuerzas-de-arma-Brasilia-Brasil-3-2024-f-1.jpg\",\"articleSection\":[\"Pa\u00edses\"],\"inLanguage\":\"es\"},{\"@type\":\"WebPage\",\"@id\":\"https:\\\/\\\/schoenstatt.com\\\/es\\\/el-santuario-de-brasilia-abre-su-ano-jubilar-con-una-peregrinacion-de-las-fuerzas-armadas\\\/\",\"url\":\"https:\\\/\\\/schoenstatt.com\\\/es\\\/el-santuario-de-brasilia-abre-su-ano-jubilar-con-una-peregrinacion-de-las-fuerzas-armadas\\\/\",\"name\":\"El Santuario de Brasilia abre su a\u00f1o jubilar con una peregrinaci\u00f3n de las Fuerzas Armadas\",\"isPartOf\":{\"@id\":\"https:\\\/\\\/schoenstatt.com\\\/es\\\/#website\"},\"primaryImageOfPage\":{\"@id\":\"https:\\\/\\\/schoenstatt.com\\\/es\\\/el-santuario-de-brasilia-abre-su-ano-jubilar-con-una-peregrinacion-de-las-fuerzas-armadas\\\/#primaryimage\"},\"image\":{\"@id\":\"https:\\\/\\\/schoenstatt.com\\\/es\\\/el-santuario-de-brasilia-abre-su-ano-jubilar-con-una-peregrinacion-de-las-fuerzas-armadas\\\/#primaryimage\"},\"thumbnailUrl\":\"https:\\\/\\\/schoenstatt.com\\\/wp-content\\\/uploads\\\/2024\\\/04\\\/peregrinacao-militar-fuerzas-de-arma-Brasilia-Brasil-3-2024-f-1.jpg\",\"datePublished\":\"2024-04-05T12:31:52+00:00\",\"dateModified\":\"2025-05-15T16:23:11+00:00\",\"description\":\"Situado en la capital de Brasil, el Santuario Tabor de la Esperanza abre su a\u00f1o jubilar con una peregrinaci\u00f3n de las Fuerzas Armadas.\",\"breadcrumb\":{\"@id\":\"https:\\\/\\\/schoenstatt.com\\\/es\\\/el-santuario-de-brasilia-abre-su-ano-jubilar-con-una-peregrinacion-de-las-fuerzas-armadas\\\/#breadcrumb\"},\"inLanguage\":\"es\",\"potentialAction\":[{\"@type\":\"ReadAction\",\"target\":[\"https:\\\/\\\/schoenstatt.com\\\/es\\\/el-santuario-de-brasilia-abre-su-ano-jubilar-con-una-peregrinacion-de-las-fuerzas-armadas\\\/\"]}]},{\"@type\":\"ImageObject\",\"inLanguage\":\"es\",\"@id\":\"https:\\\/\\\/schoenstatt.com\\\/es\\\/el-santuario-de-brasilia-abre-su-ano-jubilar-con-una-peregrinacion-de-las-fuerzas-armadas\\\/#primaryimage\",\"url\":\"https:\\\/\\\/schoenstatt.com\\\/wp-content\\\/uploads\\\/2024\\\/04\\\/peregrinacao-militar-fuerzas-de-arma-Brasilia-Brasil-3-2024-f-1.jpg\",\"contentUrl\":\"https:\\\/\\\/schoenstatt.com\\\/wp-content\\\/uploads\\\/2024\\\/04\\\/peregrinacao-militar-fuerzas-de-arma-Brasilia-Brasil-3-2024-f-1.jpg\",\"width\":2048,\"height\":1393},{\"@type\":\"BreadcrumbList\",\"@id\":\"https:\\\/\\\/schoenstatt.com\\\/es\\\/el-santuario-de-brasilia-abre-su-ano-jubilar-con-una-peregrinacion-de-las-fuerzas-armadas\\\/#breadcrumb\",\"itemListElement\":[{\"@type\":\"ListItem\",\"position\":1,\"name\":\"Portada\",\"item\":\"https:\\\/\\\/schoenstatt.com\\\/es\\\/home\\\/\"},{\"@type\":\"ListItem\",\"position\":2,\"name\":\"El Santuario de Brasilia abre su a\u00f1o jubilar con una peregrinaci\u00f3n de las Fuerzas Armadas\"}]},{\"@type\":\"WebSite\",\"@id\":\"https:\\\/\\\/schoenstatt.com\\\/es\\\/#website\",\"url\":\"https:\\\/\\\/schoenstatt.com\\\/es\\\/\",\"name\":\"Schoenstatt\",\"description\":\"Apostolic Movement\",\"publisher\":{\"@id\":\"https:\\\/\\\/schoenstatt.com\\\/es\\\/#organization\"},\"potentialAction\":[{\"@type\":\"SearchAction\",\"target\":{\"@type\":\"EntryPoint\",\"urlTemplate\":\"https:\\\/\\\/schoenstatt.com\\\/es\\\/?s={search_term_string}\"},\"query-input\":{\"@type\":\"PropertyValueSpecification\",\"valueRequired\":true,\"valueName\":\"search_term_string\"}}],\"inLanguage\":\"es\"},{\"@type\":\"Organization\",\"@id\":\"https:\\\/\\\/schoenstatt.com\\\/es\\\/#organization\",\"name\":\"Schoenstatt\",\"url\":\"https:\\\/\\\/schoenstatt.com\\\/es\\\/\",\"logo\":{\"@type\":\"ImageObject\",\"inLanguage\":\"es\",\"@id\":\"https:\\\/\\\/schoenstatt.com\\\/es\\\/#\\\/schema\\\/logo\\\/image\\\/\",\"url\":\"https:\\\/\\\/schoenstatt.com\\\/wp-content\\\/uploads\\\/2025\\\/04\\\/logo-schoenstatt-white-696x696-1.png\",\"contentUrl\":\"https:\\\/\\\/schoenstatt.com\\\/wp-content\\\/uploads\\\/2025\\\/04\\\/logo-schoenstatt-white-696x696-1.png\",\"width\":696,\"height\":694,\"caption\":\"Schoenstatt\"},\"image\":{\"@id\":\"https:\\\/\\\/schoenstatt.com\\\/es\\\/#\\\/schema\\\/logo\\\/image\\\/\"}},{\"@type\":\"Person\",\"@id\":\"https:\\\/\\\/schoenstatt.com\\\/es\\\/#\\\/schema\\\/person\\\/5158877ad4acae98b34daaeef2a1ce6e\",\"name\":\"Karen Bueno\",\"image\":{\"@type\":\"ImageObject\",\"inLanguage\":\"es\",\"@id\":\"https:\\\/\\\/secure.gravatar.com\\\/avatar\\\/f9f4b823873154269d2b2130f195f6d41037dd0d7fc5f3cacb5c846bae70d66b?s=96&d=mm&r=g\",\"url\":\"https:\\\/\\\/secure.gravatar.com\\\/avatar\\\/f9f4b823873154269d2b2130f195f6d41037dd0d7fc5f3cacb5c846bae70d66b?s=96&d=mm&r=g\",\"contentUrl\":\"https:\\\/\\\/secure.gravatar.com\\\/avatar\\\/f9f4b823873154269d2b2130f195f6d41037dd0d7fc5f3cacb5c846bae70d66b?s=96&d=mm&r=g\",\"caption\":\"Karen Bueno\"},\"url\":\"https:\\\/\\\/schoenstatt.com\\\/es\\\/author\\\/karen-bueno\\\/\"}]}<\/script>\n<!-- \/ Yoast SEO Premium plugin. -->","yoast_head_json":{"title":"El Santuario de Brasilia abre su a\u00f1o jubilar con una peregrinaci\u00f3n de las Fuerzas Armadas","description":"Situado en la capital de Brasil, el Santuario Tabor de la Esperanza abre su a\u00f1o jubilar con una peregrinaci\u00f3n de las Fuerzas Armadas.","robots":{"index":"index","follow":"follow","max-snippet":"max-snippet:-1","max-image-preview":"max-image-preview:large","max-video-preview":"max-video-preview:-1"},"canonical":"https:\/\/schoenstatt.com\/es\/el-santuario-de-brasilia-abre-su-ano-jubilar-con-una-peregrinacion-de-las-fuerzas-armadas\/","og_locale":"es_ES","og_type":"article","og_title":"El Santuario de Brasilia abre su a\u00f1o jubilar con una peregrinaci\u00f3n de las Fuerzas Armadas","og_description":"Situado en la capital de Brasil, el Santuario Tabor de la Esperanza abre su a\u00f1o jubilar con una peregrinaci\u00f3n de las Fuerzas Armadas.","og_url":"https:\/\/schoenstatt.com\/es\/el-santuario-de-brasilia-abre-su-ano-jubilar-con-una-peregrinacion-de-las-fuerzas-armadas\/","og_site_name":"Schoenstatt","article_published_time":"2024-04-05T12:31:52+00:00","article_modified_time":"2025-05-15T16:23:11+00:00","og_image":[{"width":2048,"height":1393,"url":"https:\/\/schoenstatt.com\/wp-content\/uploads\/2024\/04\/peregrinacao-militar-fuerzas-de-arma-Brasilia-Brasil-3-2024-f-1.jpg","type":"image\/jpeg"}],"author":"Karen Bueno","twitter_card":"summary_large_image","twitter_misc":{"Escrito por":"Karen Bueno","Tiempo de lectura":"5 minutos"},"schema":{"@context":"https:\/\/schema.org","@graph":[{"@type":"Article","@id":"https:\/\/schoenstatt.com\/es\/el-santuario-de-brasilia-abre-su-ano-jubilar-con-una-peregrinacion-de-las-fuerzas-armadas\/#article","isPartOf":{"@id":"https:\/\/schoenstatt.com\/es\/el-santuario-de-brasilia-abre-su-ano-jubilar-con-una-peregrinacion-de-las-fuerzas-armadas\/"},"author":{"name":"Karen Bueno","@id":"https:\/\/schoenstatt.com\/es\/#\/schema\/person\/5158877ad4acae98b34daaeef2a1ce6e"},"headline":"El Santuario de Brasilia abre su a\u00f1o jubilar con una peregrinaci\u00f3n de las Fuerzas Armadas","datePublished":"2024-04-05T12:31:52+00:00","dateModified":"2025-05-15T16:23:11+00:00","mainEntityOfPage":{"@id":"https:\/\/schoenstatt.com\/es\/el-santuario-de-brasilia-abre-su-ano-jubilar-con-una-peregrinacion-de-las-fuerzas-armadas\/"},"wordCount":778,"publisher":{"@id":"https:\/\/schoenstatt.com\/es\/#organization"},"image":{"@id":"https:\/\/schoenstatt.com\/es\/el-santuario-de-brasilia-abre-su-ano-jubilar-con-una-peregrinacion-de-las-fuerzas-armadas\/#primaryimage"},"thumbnailUrl":"https:\/\/schoenstatt.com\/wp-content\/uploads\/2024\/04\/peregrinacao-militar-fuerzas-de-arma-Brasilia-Brasil-3-2024-f-1.jpg","articleSection":["Pa\u00edses"],"inLanguage":"es"},{"@type":"WebPage","@id":"https:\/\/schoenstatt.com\/es\/el-santuario-de-brasilia-abre-su-ano-jubilar-con-una-peregrinacion-de-las-fuerzas-armadas\/","url":"https:\/\/schoenstatt.com\/es\/el-santuario-de-brasilia-abre-su-ano-jubilar-con-una-peregrinacion-de-las-fuerzas-armadas\/","name":"El Santuario de Brasilia abre su a\u00f1o jubilar con una peregrinaci\u00f3n de las Fuerzas Armadas","isPartOf":{"@id":"https:\/\/schoenstatt.com\/es\/#website"},"primaryImageOfPage":{"@id":"https:\/\/schoenstatt.com\/es\/el-santuario-de-brasilia-abre-su-ano-jubilar-con-una-peregrinacion-de-las-fuerzas-armadas\/#primaryimage"},"image":{"@id":"https:\/\/schoenstatt.com\/es\/el-santuario-de-brasilia-abre-su-ano-jubilar-con-una-peregrinacion-de-las-fuerzas-armadas\/#primaryimage"},"thumbnailUrl":"https:\/\/schoenstatt.com\/wp-content\/uploads\/2024\/04\/peregrinacao-militar-fuerzas-de-arma-Brasilia-Brasil-3-2024-f-1.jpg","datePublished":"2024-04-05T12:31:52+00:00","dateModified":"2025-05-15T16:23:11+00:00","description":"Situado en la capital de Brasil, el Santuario Tabor de la Esperanza abre su a\u00f1o jubilar con una peregrinaci\u00f3n de las Fuerzas Armadas.","breadcrumb":{"@id":"https:\/\/schoenstatt.com\/es\/el-santuario-de-brasilia-abre-su-ano-jubilar-con-una-peregrinacion-de-las-fuerzas-armadas\/#breadcrumb"},"inLanguage":"es","potentialAction":[{"@type":"ReadAction","target":["https:\/\/schoenstatt.com\/es\/el-santuario-de-brasilia-abre-su-ano-jubilar-con-una-peregrinacion-de-las-fuerzas-armadas\/"]}]},{"@type":"ImageObject","inLanguage":"es","@id":"https:\/\/schoenstatt.com\/es\/el-santuario-de-brasilia-abre-su-ano-jubilar-con-una-peregrinacion-de-las-fuerzas-armadas\/#primaryimage","url":"https:\/\/schoenstatt.com\/wp-content\/uploads\/2024\/04\/peregrinacao-militar-fuerzas-de-arma-Brasilia-Brasil-3-2024-f-1.jpg","contentUrl":"https:\/\/schoenstatt.com\/wp-content\/uploads\/2024\/04\/peregrinacao-militar-fuerzas-de-arma-Brasilia-Brasil-3-2024-f-1.jpg","width":2048,"height":1393},{"@type":"BreadcrumbList","@id":"https:\/\/schoenstatt.com\/es\/el-santuario-de-brasilia-abre-su-ano-jubilar-con-una-peregrinacion-de-las-fuerzas-armadas\/#breadcrumb","itemListElement":[{"@type":"ListItem","position":1,"name":"Portada","item":"https:\/\/schoenstatt.com\/es\/home\/"},{"@type":"ListItem","position":2,"name":"El Santuario de Brasilia abre su a\u00f1o jubilar con una peregrinaci\u00f3n de las Fuerzas Armadas"}]},{"@type":"WebSite","@id":"https:\/\/schoenstatt.com\/es\/#website","url":"https:\/\/schoenstatt.com\/es\/","name":"Schoenstatt","description":"Apostolic Movement","publisher":{"@id":"https:\/\/schoenstatt.com\/es\/#organization"},"potentialAction":[{"@type":"SearchAction","target":{"@type":"EntryPoint","urlTemplate":"https:\/\/schoenstatt.com\/es\/?s={search_term_string}"},"query-input":{"@type":"PropertyValueSpecification","valueRequired":true,"valueName":"search_term_string"}}],"inLanguage":"es"},{"@type":"Organization","@id":"https:\/\/schoenstatt.com\/es\/#organization","name":"Schoenstatt","url":"https:\/\/schoenstatt.com\/es\/","logo":{"@type":"ImageObject","inLanguage":"es","@id":"https:\/\/schoenstatt.com\/es\/#\/schema\/logo\/image\/","url":"https:\/\/schoenstatt.com\/wp-content\/uploads\/2025\/04\/logo-schoenstatt-white-696x696-1.png","contentUrl":"https:\/\/schoenstatt.com\/wp-content\/uploads\/2025\/04\/logo-schoenstatt-white-696x696-1.png","width":696,"height":694,"caption":"Schoenstatt"},"image":{"@id":"https:\/\/schoenstatt.com\/es\/#\/schema\/logo\/image\/"}},{"@type":"Person","@id":"https:\/\/schoenstatt.com\/es\/#\/schema\/person\/5158877ad4acae98b34daaeef2a1ce6e","name":"Karen Bueno","image":{"@type":"ImageObject","inLanguage":"es","@id":"https:\/\/secure.gravatar.com\/avatar\/f9f4b823873154269d2b2130f195f6d41037dd0d7fc5f3cacb5c846bae70d66b?s=96&d=mm&r=g","url":"https:\/\/secure.gravatar.com\/avatar\/f9f4b823873154269d2b2130f195f6d41037dd0d7fc5f3cacb5c846bae70d66b?s=96&d=mm&r=g","contentUrl":"https:\/\/secure.gravatar.com\/avatar\/f9f4b823873154269d2b2130f195f6d41037dd0d7fc5f3cacb5c846bae70d66b?s=96&d=mm&r=g","caption":"Karen Bueno"},"url":"https:\/\/schoenstatt.com\/es\/author\/karen-bueno\/"}]}},"_links":{"self":[{"href":"https:\/\/schoenstatt.com\/es\/wp-json\/wp\/v2\/posts\/35328","targetHints":{"allow":["GET"]}}],"collection":[{"href":"https:\/\/schoenstatt.com\/es\/wp-json\/wp\/v2\/posts"}],"about":[{"href":"https:\/\/schoenstatt.com\/es\/wp-json\/wp\/v2\/types\/post"}],"author":[{"embeddable":true,"href":"https:\/\/schoenstatt.com\/es\/wp-json\/wp\/v2\/users\/3"}],"replies":[{"embeddable":true,"href":"https:\/\/schoenstatt.com\/es\/wp-json\/wp\/v2\/comments?post=35328"}],"version-history":[{"count":1,"href":"https:\/\/schoenstatt.com\/es\/wp-json\/wp\/v2\/posts\/35328\/revisions"}],"predecessor-version":[{"id":46790,"href":"https:\/\/schoenstatt.com\/es\/wp-json\/wp\/v2\/posts\/35328\/revisions\/46790"}],"wp:featuredmedia":[{"embeddable":true,"href":"https:\/\/schoenstatt.com\/es\/wp-json\/wp\/v2\/media\/35329"}],"wp:attachment":[{"href":"https:\/\/schoenstatt.com\/es\/wp-json\/wp\/v2\/media?parent=35328"}],"wp:term":[{"taxonomy":"category","embeddable":true,"href":"https:\/\/schoenstatt.com\/es\/wp-json\/wp\/v2\/categories?post=35328"},{"taxonomy":"post_tag","embeddable":true,"href":"https:\/\/schoenstatt.com\/es\/wp-json\/wp\/v2\/tags?post=35328"}],"curies":[{"name":"wp","href":"https:\/\/api.w.org\/{rel}","templated":true}]}}