{"id":35325,"date":"2024-04-02T12:45:13","date_gmt":"2024-04-02T10:45:13","guid":{"rendered":"https:\/\/schoenstatt.com\/espiritualidad\/joseph-kentenich-institut-preis-2024-paedagogik-der-bindung-beim-lernen\/"},"modified":"2025-05-15T18:17:30","modified_gmt":"2025-05-15T16:17:30","slug":"premio-del-instituto-jose-kentenich-2024-pedagogia-de-los-vinculos-en-el-aprendizaje","status":"publish","type":"post","link":"https:\/\/schoenstatt.com\/es\/premio-del-instituto-jose-kentenich-2024-pedagogia-de-los-vinculos-en-el-aprendizaje\/","title":{"rendered":"Premio del Instituto Jos\u00e9 Kentenich 2024: Pedagog\u00eda de los v\u00ednculos en el aprendizaje"},"content":{"rendered":"<p>El domingo 17 de marzo, Anna Loriz recibi\u00f3 el premio 2024 del <a href=\"https:\/\/www.j-k-i.de\/\" target=\"_blank\" rel=\"noopener\">Instituto Josef Kentenich<\/a> (JKI). Dado que este a\u00f1o hay una segunda galardonada, Verena H\u00e4ffner, el premio en met\u00e1lico de 500 euros ser\u00e1 compartido entre ambas. Compartimos aqu\u00ed detalles sobre el valioso trabajo de Loriz.<\/p>\n<h2>Aspectos de la pedagog\u00eda de los v\u00ednculos<\/h2>\n<p>La tesis de admisi\u00f3n de la Anna Loriz, titulada \u00abAspectos de la pedagog\u00eda de v\u00ednculos seg\u00fan <a href=\"https:\/\/schoenstatt.com\/es\/acerca-de\/fundador\/\">Jose Kentenich<\/a>, como contribuci\u00f3n al desarrollo de la capacidad de aprendizaje de ni\u00f1os con dificultades de aprendizaje tomando el ejemplo del Colegio Josef Kentenich de Kempten, Oberallg\u00e4u\u00bb fue presentada en la Universidad b\u00e1vara Julius Maximilian, de W\u00fcrzburg, en el Instituto de Educaci\u00f3n Especial bajo la direcci\u00f3n de Anna-Lena Weber y obtuvo como calificaci\u00f3n \u201cmuy bueno\u201d (1,0).<\/p>\n<p>En el discurso laudatorio presentado por el capell\u00e1n universitario Manuel G\u00e4rtner, se honr\u00f3 el contenido de la obra de Loriz. El sacerdote explic\u00f3 al auditorio que en la primera parte de su trabajo, la galardonada se hab\u00eda ocupado inicialmente de forma fundamental de la pedagog\u00eda de Jos\u00e9 Kentenich y que se hab\u00eda centrado de forma muy significativa en la presentaci\u00f3n de las cinco estrellas conductoras de la pedagog\u00eda.<\/p>\n<figure id=\"attachment_35263\" aria-describedby=\"caption-attachment-35263\" style=\"width: 680px\" class=\"wp-caption aligncenter\"><img fetchpriority=\"high\" decoding=\"async\" class=\"wp-image-35263 size-full\" src=\"https:\/\/schoenstatt.com\/wp-content\/uploads\/2024\/04\/20240366JKI-Preis2024_FotoUtaSoeder0950.jpg\" alt=\"\" width=\"680\" height=\"340\" \/><figcaption id=\"caption-attachment-35263\" class=\"wp-caption-text\">Un p\u00fablico atento escucha el discurso laudatorio del P. Manuel G\u00e4rtner (Foto: U. S\u00f6der)<\/figcaption><\/figure>\n<h3>Conexiones entre vinculaci\u00f3n y aprendizaje<\/h3>\n<p>En el curso posterior de su trabajo, Loriz situ\u00f3 la importancia del aspecto de los v\u00ednculos en el centro de sus consideraciones, en particular para los ni\u00f1os con dificultades de aprendizaje, en consonancia con el enfoque de sus estudios, estableciendo una conexi\u00f3n entre la vinculaci\u00f3n y el aprendizaje en la escuela sobre la base de diversos factores, incluida la relaci\u00f3n padre-hijo y profesor-alumno, as\u00ed como las relaciones y vinculaciones en el contexto escolar y su importancia para el aprendizaje.<\/p>\n<p>Seg\u00fan el Padre G\u00e4rtner, algo muy especial el trabajo es que Loriz no solo elabor\u00f3 sobre las teor\u00edas kentenijianas de pedagog\u00eda y vinculaci\u00f3n, sino que tambi\u00e9n describi\u00f3 y present\u00f3 la pedagog\u00eda de vinculaciones en el Colegio Jos\u00e9 Kentenich en un amplio apartado pr\u00e1ctico de la tesis de admisi\u00f3n.<\/p>\n<figure id=\"attachment_35267\" aria-describedby=\"caption-attachment-35267\" style=\"width: 680px\" class=\"wp-caption aligncenter\"><img decoding=\"async\" class=\"wp-image-35267 size-full\" src=\"https:\/\/schoenstatt.com\/wp-content\/uploads\/2024\/04\/20240366JKI-Preis2024_FotoUtaSoeder0962.jpg\" alt=\"\" width=\"680\" height=\"340\" \/><figcaption id=\"caption-attachment-35267\" class=\"wp-caption-text\">El profesor Dr. Joachim S\u00f6der honra el trabajo de la galardonada y le entrega el certificado y el premio (Foto: U. S\u00f6der)<\/figcaption><\/figure>\n<h3>Valor de los v\u00ednculos a personas, lugares, cosas e ideas<\/h3>\n<p>Para ello realiz\u00f3 entrevistas con colegas del colegio de Kempten y luego reflexion\u00f3 sobre ellas. Loriz explica que el v\u00ednculo en el Colegio Kentenich se relaciona con personas, pero tambi\u00e9n con lugares y cosas, con formas e ideas. El trabajo utiliza tres ejemplos para ilustrar de forma muy clara y llamativa c\u00f3mo se puede mejorar notablemente el rendimiento de los alumnos practicando y aplicando la pedagog\u00eda de las vinculaciones.<\/p>\n<p>En su conclusi\u00f3n, Anna Loriz llega a la constataci\u00f3n de que la pedagog\u00eda kentenijiana, en particular el aspecto de las vinculaciones, tiene un valor a\u00f1adido tanto para los profesores como para los alumnos. El Dr. Joachim S\u00f6der, Presidente del Instituto Jos\u00e9 Kentenich, felicit\u00f3 a la galardonada por el extraordinario \u00e9xito de su trabajo y le entreg\u00f3 el certificado y el premio.<\/p>\n<h2>El premio del Instituto Jos\u00e9 Kentenich<\/h2>\n<p>El Premio JKI se concede anualmente a investigaciones cient\u00edficas que aborden las ideas e inquietudes del P. Jos\u00e9 Kentenich, sus preocupaciones y aportes, y las lleven al debate acad\u00e9mico. El \u00e1rea tem\u00e1tica no se limita a la teolog\u00eda, sino que abarca diversas disciplinas. Pueden presentarse al premio diversas investigaciones cient\u00edficas, tesis de licenciatura (equivalentes a un m\u00e1ster); pero no se incluyen tesis doctorales o postdoctorales.<\/p>\n<p>Fuente: <a href=\"https:\/\/www.schoenstatt.de\/de\/\" target=\"_blank\" rel=\"noopener\">schoenstatt.de<\/a><\/p>\n","protected":false},"excerpt":{"rendered":"<p>La pedagog\u00eda kentenijiana aporta un valor profundo para alumnos y profesores. Ana Loriz fue galardonada con el premio JKI 2024, por su trabajo relacionado con la pedagog\u00eda de las vinculaciones en ni\u00f1os con dificultades en el aprendizaje.<\/p>\n","protected":false},"author":3,"featured_media":35259,"comment_status":"closed","ping_status":"closed","sticky":false,"template":"","format":"standard","meta":{"footnotes":""},"categories":[881],"tags":[],"class_list":["post-35325","post","type-post","status-publish","format-standard","has-post-thumbnail","hentry","category-p-jose-kentenich-es"],"yoast_head":"<!-- This site is optimized with the Yoast SEO Premium plugin v27.4 (Yoast SEO v27.4) - https:\/\/yoast.com\/product\/yoast-seo-premium-wordpress\/ -->\n<title>Premio del Instituto Jos\u00e9 Kentenich 2024: Pedagog\u00eda de los v\u00ednculos en el aprendizaje<\/title>\n<meta name=\"description\" content=\"La pedagog\u00eda kentenijiana aporta valor extraordinario a alumnos y profesores - Entrega del Premio JKI 2024 a Anna Loriz\" \/>\n<meta name=\"robots\" content=\"index, follow, max-snippet:-1, max-image-preview:large, max-video-preview:-1\" \/>\n<link rel=\"canonical\" href=\"https:\/\/schoenstatt.com\/es\/premio-del-instituto-jose-kentenich-2024-pedagogia-de-los-vinculos-en-el-aprendizaje\/\" \/>\n<meta property=\"og:locale\" content=\"es_ES\" \/>\n<meta property=\"og:type\" content=\"article\" \/>\n<meta property=\"og:title\" content=\"Premio del Instituto Jos\u00e9 Kentenich 2024: Pedagog\u00eda de los v\u00ednculos en el aprendizaje\" \/>\n<meta property=\"og:description\" content=\"La pedagog\u00eda kentenijiana aporta valor extraordinario a alumnos y profesores - Entrega del Premio JKI 2024 a Anna Loriz\" \/>\n<meta property=\"og:url\" content=\"https:\/\/schoenstatt.com\/es\/premio-del-instituto-jose-kentenich-2024-pedagogia-de-los-vinculos-en-el-aprendizaje\/\" \/>\n<meta property=\"og:site_name\" content=\"Schoenstatt\" \/>\n<meta property=\"article:published_time\" content=\"2024-04-02T10:45:13+00:00\" \/>\n<meta property=\"article:modified_time\" content=\"2025-05-15T16:17:30+00:00\" \/>\n<meta property=\"og:image\" content=\"https:\/\/schoenstatt.com\/wp-content\/uploads\/2024\/04\/20240366JKI-Preis2024_FotoUtaSoeder0969-1-1.jpg\" \/>\n\t<meta property=\"og:image:width\" content=\"1360\" \/>\n\t<meta property=\"og:image:height\" content=\"680\" \/>\n\t<meta property=\"og:image:type\" content=\"image\/jpeg\" \/>\n<meta name=\"author\" content=\"Karen Bueno\" \/>\n<meta name=\"twitter:card\" content=\"summary_large_image\" \/>\n<meta name=\"twitter:label1\" content=\"Escrito por\" \/>\n\t<meta name=\"twitter:data1\" content=\"Karen Bueno\" \/>\n\t<meta name=\"twitter:label2\" content=\"Tiempo de lectura\" \/>\n\t<meta name=\"twitter:data2\" content=\"3 minutos\" \/>\n<script type=\"application\/ld+json\" class=\"yoast-schema-graph\">{\"@context\":\"https:\\\/\\\/schema.org\",\"@graph\":[{\"@type\":\"Article\",\"@id\":\"https:\\\/\\\/schoenstatt.com\\\/es\\\/premio-del-instituto-jose-kentenich-2024-pedagogia-de-los-vinculos-en-el-aprendizaje\\\/#article\",\"isPartOf\":{\"@id\":\"https:\\\/\\\/schoenstatt.com\\\/es\\\/premio-del-instituto-jose-kentenich-2024-pedagogia-de-los-vinculos-en-el-aprendizaje\\\/\"},\"author\":{\"name\":\"Karen Bueno\",\"@id\":\"https:\\\/\\\/schoenstatt.com\\\/es\\\/#\\\/schema\\\/person\\\/5158877ad4acae98b34daaeef2a1ce6e\"},\"headline\":\"Premio del Instituto Jos\u00e9 Kentenich 2024: Pedagog\u00eda de los v\u00ednculos en el aprendizaje\",\"datePublished\":\"2024-04-02T10:45:13+00:00\",\"dateModified\":\"2025-05-15T16:17:30+00:00\",\"mainEntityOfPage\":{\"@id\":\"https:\\\/\\\/schoenstatt.com\\\/es\\\/premio-del-instituto-jose-kentenich-2024-pedagogia-de-los-vinculos-en-el-aprendizaje\\\/\"},\"wordCount\":659,\"publisher\":{\"@id\":\"https:\\\/\\\/schoenstatt.com\\\/es\\\/#organization\"},\"image\":{\"@id\":\"https:\\\/\\\/schoenstatt.com\\\/es\\\/premio-del-instituto-jose-kentenich-2024-pedagogia-de-los-vinculos-en-el-aprendizaje\\\/#primaryimage\"},\"thumbnailUrl\":\"https:\\\/\\\/schoenstatt.com\\\/wp-content\\\/uploads\\\/2024\\\/04\\\/20240366JKI-Preis2024_FotoUtaSoeder0969-1-1.jpg\",\"articleSection\":[\"P. Jos\u00e9 Kentenich\"],\"inLanguage\":\"es\"},{\"@type\":\"WebPage\",\"@id\":\"https:\\\/\\\/schoenstatt.com\\\/es\\\/premio-del-instituto-jose-kentenich-2024-pedagogia-de-los-vinculos-en-el-aprendizaje\\\/\",\"url\":\"https:\\\/\\\/schoenstatt.com\\\/es\\\/premio-del-instituto-jose-kentenich-2024-pedagogia-de-los-vinculos-en-el-aprendizaje\\\/\",\"name\":\"Premio del Instituto Jos\u00e9 Kentenich 2024: Pedagog\u00eda de los v\u00ednculos en el aprendizaje\",\"isPartOf\":{\"@id\":\"https:\\\/\\\/schoenstatt.com\\\/es\\\/#website\"},\"primaryImageOfPage\":{\"@id\":\"https:\\\/\\\/schoenstatt.com\\\/es\\\/premio-del-instituto-jose-kentenich-2024-pedagogia-de-los-vinculos-en-el-aprendizaje\\\/#primaryimage\"},\"image\":{\"@id\":\"https:\\\/\\\/schoenstatt.com\\\/es\\\/premio-del-instituto-jose-kentenich-2024-pedagogia-de-los-vinculos-en-el-aprendizaje\\\/#primaryimage\"},\"thumbnailUrl\":\"https:\\\/\\\/schoenstatt.com\\\/wp-content\\\/uploads\\\/2024\\\/04\\\/20240366JKI-Preis2024_FotoUtaSoeder0969-1-1.jpg\",\"datePublished\":\"2024-04-02T10:45:13+00:00\",\"dateModified\":\"2025-05-15T16:17:30+00:00\",\"description\":\"La pedagog\u00eda kentenijiana aporta valor extraordinario a alumnos y profesores - Entrega del Premio JKI 2024 a Anna Loriz\",\"breadcrumb\":{\"@id\":\"https:\\\/\\\/schoenstatt.com\\\/es\\\/premio-del-instituto-jose-kentenich-2024-pedagogia-de-los-vinculos-en-el-aprendizaje\\\/#breadcrumb\"},\"inLanguage\":\"es\",\"potentialAction\":[{\"@type\":\"ReadAction\",\"target\":[\"https:\\\/\\\/schoenstatt.com\\\/es\\\/premio-del-instituto-jose-kentenich-2024-pedagogia-de-los-vinculos-en-el-aprendizaje\\\/\"]}]},{\"@type\":\"ImageObject\",\"inLanguage\":\"es\",\"@id\":\"https:\\\/\\\/schoenstatt.com\\\/es\\\/premio-del-instituto-jose-kentenich-2024-pedagogia-de-los-vinculos-en-el-aprendizaje\\\/#primaryimage\",\"url\":\"https:\\\/\\\/schoenstatt.com\\\/wp-content\\\/uploads\\\/2024\\\/04\\\/20240366JKI-Preis2024_FotoUtaSoeder0969-1-1.jpg\",\"contentUrl\":\"https:\\\/\\\/schoenstatt.com\\\/wp-content\\\/uploads\\\/2024\\\/04\\\/20240366JKI-Preis2024_FotoUtaSoeder0969-1-1.jpg\",\"width\":1360,\"height\":680},{\"@type\":\"BreadcrumbList\",\"@id\":\"https:\\\/\\\/schoenstatt.com\\\/es\\\/premio-del-instituto-jose-kentenich-2024-pedagogia-de-los-vinculos-en-el-aprendizaje\\\/#breadcrumb\",\"itemListElement\":[{\"@type\":\"ListItem\",\"position\":1,\"name\":\"Portada\",\"item\":\"https:\\\/\\\/schoenstatt.com\\\/es\\\/home\\\/\"},{\"@type\":\"ListItem\",\"position\":2,\"name\":\"Premio del Instituto Jos\u00e9 Kentenich 2024: Pedagog\u00eda de los v\u00ednculos en el aprendizaje\"}]},{\"@type\":\"WebSite\",\"@id\":\"https:\\\/\\\/schoenstatt.com\\\/es\\\/#website\",\"url\":\"https:\\\/\\\/schoenstatt.com\\\/es\\\/\",\"name\":\"Schoenstatt\",\"description\":\"Apostolic Movement\",\"publisher\":{\"@id\":\"https:\\\/\\\/schoenstatt.com\\\/es\\\/#organization\"},\"potentialAction\":[{\"@type\":\"SearchAction\",\"target\":{\"@type\":\"EntryPoint\",\"urlTemplate\":\"https:\\\/\\\/schoenstatt.com\\\/es\\\/?s={search_term_string}\"},\"query-input\":{\"@type\":\"PropertyValueSpecification\",\"valueRequired\":true,\"valueName\":\"search_term_string\"}}],\"inLanguage\":\"es\"},{\"@type\":\"Organization\",\"@id\":\"https:\\\/\\\/schoenstatt.com\\\/es\\\/#organization\",\"name\":\"Schoenstatt\",\"url\":\"https:\\\/\\\/schoenstatt.com\\\/es\\\/\",\"logo\":{\"@type\":\"ImageObject\",\"inLanguage\":\"es\",\"@id\":\"https:\\\/\\\/schoenstatt.com\\\/es\\\/#\\\/schema\\\/logo\\\/image\\\/\",\"url\":\"https:\\\/\\\/schoenstatt.com\\\/wp-content\\\/uploads\\\/2025\\\/04\\\/logo-schoenstatt-white-696x696-1.png\",\"contentUrl\":\"https:\\\/\\\/schoenstatt.com\\\/wp-content\\\/uploads\\\/2025\\\/04\\\/logo-schoenstatt-white-696x696-1.png\",\"width\":696,\"height\":694,\"caption\":\"Schoenstatt\"},\"image\":{\"@id\":\"https:\\\/\\\/schoenstatt.com\\\/es\\\/#\\\/schema\\\/logo\\\/image\\\/\"}},{\"@type\":\"Person\",\"@id\":\"https:\\\/\\\/schoenstatt.com\\\/es\\\/#\\\/schema\\\/person\\\/5158877ad4acae98b34daaeef2a1ce6e\",\"name\":\"Karen Bueno\",\"image\":{\"@type\":\"ImageObject\",\"inLanguage\":\"es\",\"@id\":\"https:\\\/\\\/secure.gravatar.com\\\/avatar\\\/f9f4b823873154269d2b2130f195f6d41037dd0d7fc5f3cacb5c846bae70d66b?s=96&d=mm&r=g\",\"url\":\"https:\\\/\\\/secure.gravatar.com\\\/avatar\\\/f9f4b823873154269d2b2130f195f6d41037dd0d7fc5f3cacb5c846bae70d66b?s=96&d=mm&r=g\",\"contentUrl\":\"https:\\\/\\\/secure.gravatar.com\\\/avatar\\\/f9f4b823873154269d2b2130f195f6d41037dd0d7fc5f3cacb5c846bae70d66b?s=96&d=mm&r=g\",\"caption\":\"Karen Bueno\"},\"url\":\"https:\\\/\\\/schoenstatt.com\\\/es\\\/author\\\/karen-bueno\\\/\"}]}<\/script>\n<!-- \/ Yoast SEO Premium plugin. -->","yoast_head_json":{"title":"Premio del Instituto Jos\u00e9 Kentenich 2024: Pedagog\u00eda de los v\u00ednculos en el aprendizaje","description":"La pedagog\u00eda kentenijiana aporta valor extraordinario a alumnos y profesores - Entrega del Premio JKI 2024 a Anna Loriz","robots":{"index":"index","follow":"follow","max-snippet":"max-snippet:-1","max-image-preview":"max-image-preview:large","max-video-preview":"max-video-preview:-1"},"canonical":"https:\/\/schoenstatt.com\/es\/premio-del-instituto-jose-kentenich-2024-pedagogia-de-los-vinculos-en-el-aprendizaje\/","og_locale":"es_ES","og_type":"article","og_title":"Premio del Instituto Jos\u00e9 Kentenich 2024: Pedagog\u00eda de los v\u00ednculos en el aprendizaje","og_description":"La pedagog\u00eda kentenijiana aporta valor extraordinario a alumnos y profesores - Entrega del Premio JKI 2024 a Anna Loriz","og_url":"https:\/\/schoenstatt.com\/es\/premio-del-instituto-jose-kentenich-2024-pedagogia-de-los-vinculos-en-el-aprendizaje\/","og_site_name":"Schoenstatt","article_published_time":"2024-04-02T10:45:13+00:00","article_modified_time":"2025-05-15T16:17:30+00:00","og_image":[{"width":1360,"height":680,"url":"https:\/\/schoenstatt.com\/wp-content\/uploads\/2024\/04\/20240366JKI-Preis2024_FotoUtaSoeder0969-1-1.jpg","type":"image\/jpeg"}],"author":"Karen Bueno","twitter_card":"summary_large_image","twitter_misc":{"Escrito por":"Karen Bueno","Tiempo de lectura":"3 minutos"},"schema":{"@context":"https:\/\/schema.org","@graph":[{"@type":"Article","@id":"https:\/\/schoenstatt.com\/es\/premio-del-instituto-jose-kentenich-2024-pedagogia-de-los-vinculos-en-el-aprendizaje\/#article","isPartOf":{"@id":"https:\/\/schoenstatt.com\/es\/premio-del-instituto-jose-kentenich-2024-pedagogia-de-los-vinculos-en-el-aprendizaje\/"},"author":{"name":"Karen Bueno","@id":"https:\/\/schoenstatt.com\/es\/#\/schema\/person\/5158877ad4acae98b34daaeef2a1ce6e"},"headline":"Premio del Instituto Jos\u00e9 Kentenich 2024: Pedagog\u00eda de los v\u00ednculos en el aprendizaje","datePublished":"2024-04-02T10:45:13+00:00","dateModified":"2025-05-15T16:17:30+00:00","mainEntityOfPage":{"@id":"https:\/\/schoenstatt.com\/es\/premio-del-instituto-jose-kentenich-2024-pedagogia-de-los-vinculos-en-el-aprendizaje\/"},"wordCount":659,"publisher":{"@id":"https:\/\/schoenstatt.com\/es\/#organization"},"image":{"@id":"https:\/\/schoenstatt.com\/es\/premio-del-instituto-jose-kentenich-2024-pedagogia-de-los-vinculos-en-el-aprendizaje\/#primaryimage"},"thumbnailUrl":"https:\/\/schoenstatt.com\/wp-content\/uploads\/2024\/04\/20240366JKI-Preis2024_FotoUtaSoeder0969-1-1.jpg","articleSection":["P. Jos\u00e9 Kentenich"],"inLanguage":"es"},{"@type":"WebPage","@id":"https:\/\/schoenstatt.com\/es\/premio-del-instituto-jose-kentenich-2024-pedagogia-de-los-vinculos-en-el-aprendizaje\/","url":"https:\/\/schoenstatt.com\/es\/premio-del-instituto-jose-kentenich-2024-pedagogia-de-los-vinculos-en-el-aprendizaje\/","name":"Premio del Instituto Jos\u00e9 Kentenich 2024: Pedagog\u00eda de los v\u00ednculos en el aprendizaje","isPartOf":{"@id":"https:\/\/schoenstatt.com\/es\/#website"},"primaryImageOfPage":{"@id":"https:\/\/schoenstatt.com\/es\/premio-del-instituto-jose-kentenich-2024-pedagogia-de-los-vinculos-en-el-aprendizaje\/#primaryimage"},"image":{"@id":"https:\/\/schoenstatt.com\/es\/premio-del-instituto-jose-kentenich-2024-pedagogia-de-los-vinculos-en-el-aprendizaje\/#primaryimage"},"thumbnailUrl":"https:\/\/schoenstatt.com\/wp-content\/uploads\/2024\/04\/20240366JKI-Preis2024_FotoUtaSoeder0969-1-1.jpg","datePublished":"2024-04-02T10:45:13+00:00","dateModified":"2025-05-15T16:17:30+00:00","description":"La pedagog\u00eda kentenijiana aporta valor extraordinario a alumnos y profesores - Entrega del Premio JKI 2024 a Anna Loriz","breadcrumb":{"@id":"https:\/\/schoenstatt.com\/es\/premio-del-instituto-jose-kentenich-2024-pedagogia-de-los-vinculos-en-el-aprendizaje\/#breadcrumb"},"inLanguage":"es","potentialAction":[{"@type":"ReadAction","target":["https:\/\/schoenstatt.com\/es\/premio-del-instituto-jose-kentenich-2024-pedagogia-de-los-vinculos-en-el-aprendizaje\/"]}]},{"@type":"ImageObject","inLanguage":"es","@id":"https:\/\/schoenstatt.com\/es\/premio-del-instituto-jose-kentenich-2024-pedagogia-de-los-vinculos-en-el-aprendizaje\/#primaryimage","url":"https:\/\/schoenstatt.com\/wp-content\/uploads\/2024\/04\/20240366JKI-Preis2024_FotoUtaSoeder0969-1-1.jpg","contentUrl":"https:\/\/schoenstatt.com\/wp-content\/uploads\/2024\/04\/20240366JKI-Preis2024_FotoUtaSoeder0969-1-1.jpg","width":1360,"height":680},{"@type":"BreadcrumbList","@id":"https:\/\/schoenstatt.com\/es\/premio-del-instituto-jose-kentenich-2024-pedagogia-de-los-vinculos-en-el-aprendizaje\/#breadcrumb","itemListElement":[{"@type":"ListItem","position":1,"name":"Portada","item":"https:\/\/schoenstatt.com\/es\/home\/"},{"@type":"ListItem","position":2,"name":"Premio del Instituto Jos\u00e9 Kentenich 2024: Pedagog\u00eda de los v\u00ednculos en el aprendizaje"}]},{"@type":"WebSite","@id":"https:\/\/schoenstatt.com\/es\/#website","url":"https:\/\/schoenstatt.com\/es\/","name":"Schoenstatt","description":"Apostolic Movement","publisher":{"@id":"https:\/\/schoenstatt.com\/es\/#organization"},"potentialAction":[{"@type":"SearchAction","target":{"@type":"EntryPoint","urlTemplate":"https:\/\/schoenstatt.com\/es\/?s={search_term_string}"},"query-input":{"@type":"PropertyValueSpecification","valueRequired":true,"valueName":"search_term_string"}}],"inLanguage":"es"},{"@type":"Organization","@id":"https:\/\/schoenstatt.com\/es\/#organization","name":"Schoenstatt","url":"https:\/\/schoenstatt.com\/es\/","logo":{"@type":"ImageObject","inLanguage":"es","@id":"https:\/\/schoenstatt.com\/es\/#\/schema\/logo\/image\/","url":"https:\/\/schoenstatt.com\/wp-content\/uploads\/2025\/04\/logo-schoenstatt-white-696x696-1.png","contentUrl":"https:\/\/schoenstatt.com\/wp-content\/uploads\/2025\/04\/logo-schoenstatt-white-696x696-1.png","width":696,"height":694,"caption":"Schoenstatt"},"image":{"@id":"https:\/\/schoenstatt.com\/es\/#\/schema\/logo\/image\/"}},{"@type":"Person","@id":"https:\/\/schoenstatt.com\/es\/#\/schema\/person\/5158877ad4acae98b34daaeef2a1ce6e","name":"Karen Bueno","image":{"@type":"ImageObject","inLanguage":"es","@id":"https:\/\/secure.gravatar.com\/avatar\/f9f4b823873154269d2b2130f195f6d41037dd0d7fc5f3cacb5c846bae70d66b?s=96&d=mm&r=g","url":"https:\/\/secure.gravatar.com\/avatar\/f9f4b823873154269d2b2130f195f6d41037dd0d7fc5f3cacb5c846bae70d66b?s=96&d=mm&r=g","contentUrl":"https:\/\/secure.gravatar.com\/avatar\/f9f4b823873154269d2b2130f195f6d41037dd0d7fc5f3cacb5c846bae70d66b?s=96&d=mm&r=g","caption":"Karen Bueno"},"url":"https:\/\/schoenstatt.com\/es\/author\/karen-bueno\/"}]}},"_links":{"self":[{"href":"https:\/\/schoenstatt.com\/es\/wp-json\/wp\/v2\/posts\/35325","targetHints":{"allow":["GET"]}}],"collection":[{"href":"https:\/\/schoenstatt.com\/es\/wp-json\/wp\/v2\/posts"}],"about":[{"href":"https:\/\/schoenstatt.com\/es\/wp-json\/wp\/v2\/types\/post"}],"author":[{"embeddable":true,"href":"https:\/\/schoenstatt.com\/es\/wp-json\/wp\/v2\/users\/3"}],"replies":[{"embeddable":true,"href":"https:\/\/schoenstatt.com\/es\/wp-json\/wp\/v2\/comments?post=35325"}],"version-history":[{"count":1,"href":"https:\/\/schoenstatt.com\/es\/wp-json\/wp\/v2\/posts\/35325\/revisions"}],"predecessor-version":[{"id":46776,"href":"https:\/\/schoenstatt.com\/es\/wp-json\/wp\/v2\/posts\/35325\/revisions\/46776"}],"wp:featuredmedia":[{"embeddable":true,"href":"https:\/\/schoenstatt.com\/es\/wp-json\/wp\/v2\/media\/35259"}],"wp:attachment":[{"href":"https:\/\/schoenstatt.com\/es\/wp-json\/wp\/v2\/media?parent=35325"}],"wp:term":[{"taxonomy":"category","embeddable":true,"href":"https:\/\/schoenstatt.com\/es\/wp-json\/wp\/v2\/categories?post=35325"},{"taxonomy":"post_tag","embeddable":true,"href":"https:\/\/schoenstatt.com\/es\/wp-json\/wp\/v2\/tags?post=35325"}],"curies":[{"name":"wp","href":"https:\/\/api.w.org\/{rel}","templated":true}]}}