{"id":35231,"date":"2024-03-26T11:03:55","date_gmt":"2024-03-26T10:03:55","guid":{"rendered":"https:\/\/schoenstatt.com\/?p=35231"},"modified":"2025-05-15T02:05:45","modified_gmt":"2025-05-15T00:05:45","slug":"unidos-somos-mas-fuertes-segundo-cafe-de-parejas-en-italia","status":"publish","type":"post","link":"https:\/\/schoenstatt.com\/es\/unidos-somos-mas-fuertes-segundo-cafe-de-parejas-en-italia\/","title":{"rendered":"Unidos somos m\u00e1s fuertes: segundo Caf\u00e9 de parejas en Italia"},"content":{"rendered":"<p>Tras el encuentro del Caf\u00e9 de parejas, en el que participaron varios matrimonios de Terricciola, Pisa, los mismos participantes decidieron continuar un camino de crecimiento, en vistas a la creaci\u00f3n y consolidaci\u00f3n de una comunidad de matrimonios, inspir\u00e1ndose en la espiritualidad del Movimiento de Schoenstatt. El s\u00e1bado 16 de marzo tuvo lugar la segunda reuni\u00f3n de este nuevo ciclo de encuentros, con el tema \u00abUnidos somos m\u00e1s fuertes\u00bb. El encuentro, como es habitual, estuvo animado por dos matrimonios de la Federaci\u00f3n de Familias de Roma.<\/p>\n<p>El tema comenz\u00f3 con la lectura de un pasaje del Evangelio de Juan que puede resumirse as\u00ed: \u00abQue todos sean uno, como t\u00fa, Padre, est\u00e1s en m\u00ed y yo en ti\u00bb (cfr. Jn. 17,21).<\/p>\n<h3>La importancia de la comunicaci\u00f3n en el matrimonio<\/h3>\n<p>A continuaci\u00f3n se expuso el tema del encuentro, que abord\u00f3 los siguientes puntos:<\/p>\n<p>&#8211; Con el matrimonio hemos sellado nuestra alianza, una uni\u00f3n que quiere ser expresi\u00f3n del amor de Dios por la humanidad. Los hilos de nuestras vidas se entrelazan cada vez m\u00e1s, revel\u00e1ndose mutuamente en nuestro d\u00eda a d\u00eda, con nuestras fortalezas y debilidades.<\/p>\n<p>&#8211; \u00bfC\u00f3mo podemos vivir mejor nuestro matrimonio y dar forma a nuestra vida en com\u00fan? La imagen de nuestro v\u00ednculo puede crecer si nos abrimos el uno al otro con sinceridad, comunicando nuestras necesidades emocionales, espirituales y f\u00edsicas. De este modo, nuestro matrimonio se fortalece y se transforma en una comunidad resistente.<\/p>\n<h2>Sobre el proyecto: acompa\u00f1ar con la pedagog\u00eda de Schoenstatt<\/h2>\n<p>Miembros de la Federaci\u00f3n de Familias de Schoenstatt crearon y llevaron a cabo, desde hace algunos a\u00f1os, el camino de crecimiento espiritual y humano llamado \u00abCaff\u00e8 delle Coppie\u00bb, cuyo nombre est\u00e1 inspirado en el caf\u00e9 que, en Italia, no es solo una bebida sino una ocasi\u00f3n social, encuentro con amigos o cordialidad con nuevos conocidos.<\/p>\n<p>Se trata de una iniciativa de apostolado dirigida a matrimonios, novios o incluso parejas que simplemente cohabitan, para acercarlos y familiarizarlos con los valores cristianos y acompa\u00f1arlos con la pedagog\u00eda de Schoenstatt. Esta propuesta ya ha tenido lugar con grupos de parejas en el santuario de Roma Cor Ecclesiae, a cargo de las hermanas de Mar\u00eda; en el <a href=\"https:\/\/www.roma-belmonte.info\/es\/\" target=\"_blank\" rel=\"noopener\">Centro Internacional de Schoenstatt de Belmonte-Roma<\/a> donde, siguiendo el Caf\u00e9 de Parejas, se ha creado un grupo de liga que ya ha hecho alianza de matrimonio y que se re\u00fane permanentemente para un camino m\u00e1s profundo de crecimiento espiritual; en la parroquia de los Santos Patronos de Roma, a cargo de los Padres de Schoenstatt; en la parroquia de Sant&#8217;Aquila y Priscila de Roma; y, finalmente, en Toscana con parejas del pueblo de Terricciola, en colaboraci\u00f3n con el p\u00e1rroco del lugar.<\/p>\n<h3>Potenciar la riqueza del matrimonio<\/h3>\n<p>La funci\u00f3n del Caf\u00e9 de Parejas es encontrarse con las parejas para ofrecerles un ambiente acogedor donde se pueda acercarlos a la espiritualidad de Schoenstatt y a los valores cristianos en general. Asimismo, se trata de experimentar, en la dimensi\u00f3n del d\u00eda a d\u00eda, momentos de di\u00e1logo en pareja, incluyendo formas de potenciar la vida diaria y fortalecer la relaci\u00f3n. La idea es fortalecer los v\u00ednculos como matrimonio y ofrecerles participar en un grupo para acompa\u00f1arlos a la alianza y, luego, abrirles a la posibilidad de formar un grupo de <a href=\"https:\/\/schoenstatt.com\/es\/familia\/comunidades-de-schoenstatt\/family\/\">liga<\/a>. En el fondo se trata de acercarlos a la experiencia cristiana de vida matrimonial.<\/p>\n<h3>Mantener el fuego del amor ante alegr\u00edas y limitaciones<\/h3>\n<p>Sobre el encuentro de Terricciola: Sentimos una unidad, rica en su diversidad. Una unidad que ve en el \u00abt\u00fa\u00bb un don precioso, una fuente de enriquecimiento. Desde esta unidad configuramos nuestra vida, conscientes de que Dios nos acompa\u00f1a en la realizaci\u00f3n del proyecto de amor de nuestro matrimonio.<\/p>\n<p>Nuestra uni\u00f3n est\u00e1 destinada a ser una bendici\u00f3n. En el camino de la vida, nos unimos a una persona que nos ama, permitiendo que nuestra capacidad de amar crezca cada vez m\u00e1s. Juntos experimentamos la alegr\u00eda, pero tambi\u00e9n el sufrimiento que se deriva de nuestras limitaciones. Unidos, nos esforzamos por mantener vivo el fuego de nuestro amor. Cuando nos unimos a otra persona, nuestra uni\u00f3n se fortalece.<\/p>\n<h3>La importancia de la comunidad<\/h3>\n<p>Con la cercan\u00eda de otras personas descubrimos que todos afrontamos retos similares, aunque de distinta manera. Podemos compartir nuestras alegr\u00edas, sabiendo que no somos islas, sino parte de una red resistente.<\/p>\n<p>Pertenecer a un grupo o comunidad nos aporta bendiciones adicionales. En estas comunidades descubrimos valores compartidos que nos dan confianza y apoyo en situaciones dif\u00edciles. La oraci\u00f3n mutua nos fortalece y, en los momentos de fortaleza, nuestras energ\u00edas se multiplican, permiti\u00e9ndonos actuar juntos por el bien com\u00fan y modelar el mundo seg\u00fan nuestros ideales.<\/p>\n<h3>Preguntas que ayudan a revalorar la relaci\u00f3n<\/h3>\n<p>Tras el anuncio del tema del encuentro, hubo un momento de di\u00e1logo por parejas, a partir de las siguientes preguntas:<\/p>\n<p>&#8211; \u00bfEn qu\u00e9 aspecto me enriquezco con mi c\u00f3nyuge?<\/p>\n<p>&#8211; \u00bfEn qu\u00e9 momento de la vida o en qu\u00e9 situaciones de crisis hemos experimentado que el hecho de tener v\u00ednculos afectivos con otras personas nos ha fortalecido como pareja?<\/p>\n<h3>Clave: v\u00ednculos a personas, ideas y lugares<\/h3>\n<p>En conclusi\u00f3n, se puede decir que en la uni\u00f3n de la pareja florece el amor que ve en el otro el potencial no expresado.\u00a0 El hombre debe tener v\u00ednculos, de alguna manera, en el plano natural todas las fibras de su alma. Si uno no tiene v\u00ednculos, en la misma medida en que carece de conexi\u00f3n, se producir\u00e1 una ruptura en su alma. El ser humano normalmente desarrollado necesita un organismo de v\u00ednculos con lugares, personas, ideas. El hombre debe estar enraizado en un organismo de v\u00ednculos y estar sano en la medida en que ese organismo de v\u00ednculos se lo proporcione. (cf. J. Kentenich 2-5 de octubre de 1951).<\/p>\n","protected":false},"excerpt":{"rendered":"<p>Parejas en Italia participaron en el segundo Caf\u00e9 de parejas que organiza el Movimiento de Schoenstatt, en el que se acentu\u00f3 la importancia de los v\u00ednculos personales estables, y el profundizar el valor del otro para el crecimiento propio. El lema de la jornada fue   \u00abUnidos somos m\u00e1s fuertes\u00bb. <\/p>\n","protected":false},"author":3,"featured_media":35240,"comment_status":"closed","ping_status":"closed","sticky":false,"template":"","format":"standard","meta":{"footnotes":""},"categories":[909,877],"tags":[],"class_list":["post-35231","post","type-post","status-publish","format-standard","has-post-thumbnail","hentry","category-comunidades-de-schoenstatt-es","category-familia-es"],"yoast_head":"<!-- This site is optimized with the Yoast SEO Premium plugin v27.4 (Yoast SEO v27.5) - https:\/\/yoast.com\/product\/yoast-seo-premium-wordpress\/ -->\n<title>Unidos somos m\u00e1s fuertes: segundo Caf\u00e9 de parejas en Italia<\/title>\n<meta name=\"description\" content=\"Bajo el lema \u201cUnidos somos m\u00e1s fuertes\u201d, tuvo lugar el segundo Caf\u00e9 de parejas en Italia, destinado a fortalecer los v\u00ednculos de pareja.\" \/>\n<meta name=\"robots\" content=\"index, follow, max-snippet:-1, max-image-preview:large, max-video-preview:-1\" \/>\n<link rel=\"canonical\" href=\"https:\/\/schoenstatt.com\/es\/unidos-somos-mas-fuertes-segundo-cafe-de-parejas-en-italia\/\" \/>\n<meta property=\"og:locale\" content=\"es_ES\" \/>\n<meta property=\"og:type\" content=\"article\" \/>\n<meta property=\"og:title\" content=\"Unidos somos m\u00e1s fuertes: segundo Caf\u00e9 de parejas en Italia\" \/>\n<meta property=\"og:description\" content=\"Bajo el lema \u201cUnidos somos m\u00e1s fuertes\u201d, tuvo lugar el segundo Caf\u00e9 de parejas en Italia, destinado a fortalecer los v\u00ednculos de pareja.\" \/>\n<meta property=\"og:url\" content=\"https:\/\/schoenstatt.com\/es\/unidos-somos-mas-fuertes-segundo-cafe-de-parejas-en-italia\/\" \/>\n<meta property=\"og:site_name\" content=\"Schoenstatt\" \/>\n<meta property=\"article:published_time\" content=\"2024-03-26T10:03:55+00:00\" \/>\n<meta property=\"article:modified_time\" content=\"2025-05-15T00:05:45+00:00\" \/>\n<meta property=\"og:image\" content=\"https:\/\/schoenstatt.com\/wp-content\/uploads\/2024\/03\/CoppieTerricciola_italia_2024-03-16-1.jpg\" \/>\n\t<meta property=\"og:image:width\" content=\"2048\" \/>\n\t<meta property=\"og:image:height\" content=\"1210\" \/>\n\t<meta property=\"og:image:type\" content=\"image\/jpeg\" \/>\n<meta name=\"author\" content=\"Karen Bueno\" \/>\n<meta name=\"twitter:card\" content=\"summary_large_image\" \/>\n<meta name=\"twitter:label1\" content=\"Escrito por\" \/>\n\t<meta name=\"twitter:data1\" content=\"Karen Bueno\" \/>\n\t<meta name=\"twitter:label2\" content=\"Tiempo de lectura\" \/>\n\t<meta name=\"twitter:data2\" content=\"5 minutos\" \/>\n<script type=\"application\/ld+json\" class=\"yoast-schema-graph\">{\"@context\":\"https:\\\/\\\/schema.org\",\"@graph\":[{\"@type\":\"Article\",\"@id\":\"https:\\\/\\\/schoenstatt.com\\\/es\\\/unidos-somos-mas-fuertes-segundo-cafe-de-parejas-en-italia\\\/#article\",\"isPartOf\":{\"@id\":\"https:\\\/\\\/schoenstatt.com\\\/es\\\/unidos-somos-mas-fuertes-segundo-cafe-de-parejas-en-italia\\\/\"},\"author\":{\"name\":\"Karen Bueno\",\"@id\":\"https:\\\/\\\/schoenstatt.com\\\/es\\\/#\\\/schema\\\/person\\\/5158877ad4acae98b34daaeef2a1ce6e\"},\"headline\":\"Unidos somos m\u00e1s fuertes: segundo Caf\u00e9 de parejas en Italia\",\"datePublished\":\"2024-03-26T10:03:55+00:00\",\"dateModified\":\"2025-05-15T00:05:45+00:00\",\"mainEntityOfPage\":{\"@id\":\"https:\\\/\\\/schoenstatt.com\\\/es\\\/unidos-somos-mas-fuertes-segundo-cafe-de-parejas-en-italia\\\/\"},\"wordCount\":1024,\"publisher\":{\"@id\":\"https:\\\/\\\/schoenstatt.com\\\/es\\\/#organization\"},\"image\":{\"@id\":\"https:\\\/\\\/schoenstatt.com\\\/es\\\/unidos-somos-mas-fuertes-segundo-cafe-de-parejas-en-italia\\\/#primaryimage\"},\"thumbnailUrl\":\"https:\\\/\\\/schoenstatt.com\\\/wp-content\\\/uploads\\\/2024\\\/03\\\/CoppieTerricciola_italia_2024-03-16-1.jpg\",\"articleSection\":[\"Comunidades de Schoenstatt\",\"Familia\"],\"inLanguage\":\"es\"},{\"@type\":\"WebPage\",\"@id\":\"https:\\\/\\\/schoenstatt.com\\\/es\\\/unidos-somos-mas-fuertes-segundo-cafe-de-parejas-en-italia\\\/\",\"url\":\"https:\\\/\\\/schoenstatt.com\\\/es\\\/unidos-somos-mas-fuertes-segundo-cafe-de-parejas-en-italia\\\/\",\"name\":\"Unidos somos m\u00e1s fuertes: segundo Caf\u00e9 de parejas en Italia\",\"isPartOf\":{\"@id\":\"https:\\\/\\\/schoenstatt.com\\\/es\\\/#website\"},\"primaryImageOfPage\":{\"@id\":\"https:\\\/\\\/schoenstatt.com\\\/es\\\/unidos-somos-mas-fuertes-segundo-cafe-de-parejas-en-italia\\\/#primaryimage\"},\"image\":{\"@id\":\"https:\\\/\\\/schoenstatt.com\\\/es\\\/unidos-somos-mas-fuertes-segundo-cafe-de-parejas-en-italia\\\/#primaryimage\"},\"thumbnailUrl\":\"https:\\\/\\\/schoenstatt.com\\\/wp-content\\\/uploads\\\/2024\\\/03\\\/CoppieTerricciola_italia_2024-03-16-1.jpg\",\"datePublished\":\"2024-03-26T10:03:55+00:00\",\"dateModified\":\"2025-05-15T00:05:45+00:00\",\"description\":\"Bajo el lema \u201cUnidos somos m\u00e1s fuertes\u201d, tuvo lugar el segundo Caf\u00e9 de parejas en Italia, destinado a fortalecer los v\u00ednculos de pareja.\",\"breadcrumb\":{\"@id\":\"https:\\\/\\\/schoenstatt.com\\\/es\\\/unidos-somos-mas-fuertes-segundo-cafe-de-parejas-en-italia\\\/#breadcrumb\"},\"inLanguage\":\"es\",\"potentialAction\":[{\"@type\":\"ReadAction\",\"target\":[\"https:\\\/\\\/schoenstatt.com\\\/es\\\/unidos-somos-mas-fuertes-segundo-cafe-de-parejas-en-italia\\\/\"]}]},{\"@type\":\"ImageObject\",\"inLanguage\":\"es\",\"@id\":\"https:\\\/\\\/schoenstatt.com\\\/es\\\/unidos-somos-mas-fuertes-segundo-cafe-de-parejas-en-italia\\\/#primaryimage\",\"url\":\"https:\\\/\\\/schoenstatt.com\\\/wp-content\\\/uploads\\\/2024\\\/03\\\/CoppieTerricciola_italia_2024-03-16-1.jpg\",\"contentUrl\":\"https:\\\/\\\/schoenstatt.com\\\/wp-content\\\/uploads\\\/2024\\\/03\\\/CoppieTerricciola_italia_2024-03-16-1.jpg\",\"width\":2048,\"height\":1210},{\"@type\":\"BreadcrumbList\",\"@id\":\"https:\\\/\\\/schoenstatt.com\\\/es\\\/unidos-somos-mas-fuertes-segundo-cafe-de-parejas-en-italia\\\/#breadcrumb\",\"itemListElement\":[{\"@type\":\"ListItem\",\"position\":1,\"name\":\"Portada\",\"item\":\"https:\\\/\\\/schoenstatt.com\\\/es\\\/home\\\/\"},{\"@type\":\"ListItem\",\"position\":2,\"name\":\"Unidos somos m\u00e1s fuertes: segundo Caf\u00e9 de parejas en Italia\"}]},{\"@type\":\"WebSite\",\"@id\":\"https:\\\/\\\/schoenstatt.com\\\/es\\\/#website\",\"url\":\"https:\\\/\\\/schoenstatt.com\\\/es\\\/\",\"name\":\"Schoenstatt\",\"description\":\"Apostolic Movement\",\"publisher\":{\"@id\":\"https:\\\/\\\/schoenstatt.com\\\/es\\\/#organization\"},\"potentialAction\":[{\"@type\":\"SearchAction\",\"target\":{\"@type\":\"EntryPoint\",\"urlTemplate\":\"https:\\\/\\\/schoenstatt.com\\\/es\\\/?s={search_term_string}\"},\"query-input\":{\"@type\":\"PropertyValueSpecification\",\"valueRequired\":true,\"valueName\":\"search_term_string\"}}],\"inLanguage\":\"es\"},{\"@type\":\"Organization\",\"@id\":\"https:\\\/\\\/schoenstatt.com\\\/es\\\/#organization\",\"name\":\"Schoenstatt\",\"url\":\"https:\\\/\\\/schoenstatt.com\\\/es\\\/\",\"logo\":{\"@type\":\"ImageObject\",\"inLanguage\":\"es\",\"@id\":\"https:\\\/\\\/schoenstatt.com\\\/es\\\/#\\\/schema\\\/logo\\\/image\\\/\",\"url\":\"https:\\\/\\\/schoenstatt.com\\\/wp-content\\\/uploads\\\/2025\\\/04\\\/logo-schoenstatt-white-696x696-1.png\",\"contentUrl\":\"https:\\\/\\\/schoenstatt.com\\\/wp-content\\\/uploads\\\/2025\\\/04\\\/logo-schoenstatt-white-696x696-1.png\",\"width\":696,\"height\":694,\"caption\":\"Schoenstatt\"},\"image\":{\"@id\":\"https:\\\/\\\/schoenstatt.com\\\/es\\\/#\\\/schema\\\/logo\\\/image\\\/\"}},{\"@type\":\"Person\",\"@id\":\"https:\\\/\\\/schoenstatt.com\\\/es\\\/#\\\/schema\\\/person\\\/5158877ad4acae98b34daaeef2a1ce6e\",\"name\":\"Karen Bueno\",\"image\":{\"@type\":\"ImageObject\",\"inLanguage\":\"es\",\"@id\":\"https:\\\/\\\/secure.gravatar.com\\\/avatar\\\/f9f4b823873154269d2b2130f195f6d41037dd0d7fc5f3cacb5c846bae70d66b?s=96&d=mm&r=g\",\"url\":\"https:\\\/\\\/secure.gravatar.com\\\/avatar\\\/f9f4b823873154269d2b2130f195f6d41037dd0d7fc5f3cacb5c846bae70d66b?s=96&d=mm&r=g\",\"contentUrl\":\"https:\\\/\\\/secure.gravatar.com\\\/avatar\\\/f9f4b823873154269d2b2130f195f6d41037dd0d7fc5f3cacb5c846bae70d66b?s=96&d=mm&r=g\",\"caption\":\"Karen Bueno\"},\"url\":\"https:\\\/\\\/schoenstatt.com\\\/es\\\/author\\\/karen-bueno\\\/\"}]}<\/script>\n<!-- \/ Yoast SEO Premium plugin. -->","yoast_head_json":{"title":"Unidos somos m\u00e1s fuertes: segundo Caf\u00e9 de parejas en Italia","description":"Bajo el lema \u201cUnidos somos m\u00e1s fuertes\u201d, tuvo lugar el segundo Caf\u00e9 de parejas en Italia, destinado a fortalecer los v\u00ednculos de pareja.","robots":{"index":"index","follow":"follow","max-snippet":"max-snippet:-1","max-image-preview":"max-image-preview:large","max-video-preview":"max-video-preview:-1"},"canonical":"https:\/\/schoenstatt.com\/es\/unidos-somos-mas-fuertes-segundo-cafe-de-parejas-en-italia\/","og_locale":"es_ES","og_type":"article","og_title":"Unidos somos m\u00e1s fuertes: segundo Caf\u00e9 de parejas en Italia","og_description":"Bajo el lema \u201cUnidos somos m\u00e1s fuertes\u201d, tuvo lugar el segundo Caf\u00e9 de parejas en Italia, destinado a fortalecer los v\u00ednculos de pareja.","og_url":"https:\/\/schoenstatt.com\/es\/unidos-somos-mas-fuertes-segundo-cafe-de-parejas-en-italia\/","og_site_name":"Schoenstatt","article_published_time":"2024-03-26T10:03:55+00:00","article_modified_time":"2025-05-15T00:05:45+00:00","og_image":[{"width":2048,"height":1210,"url":"https:\/\/schoenstatt.com\/wp-content\/uploads\/2024\/03\/CoppieTerricciola_italia_2024-03-16-1.jpg","type":"image\/jpeg"}],"author":"Karen Bueno","twitter_card":"summary_large_image","twitter_misc":{"Escrito por":"Karen Bueno","Tiempo de lectura":"5 minutos"},"schema":{"@context":"https:\/\/schema.org","@graph":[{"@type":"Article","@id":"https:\/\/schoenstatt.com\/es\/unidos-somos-mas-fuertes-segundo-cafe-de-parejas-en-italia\/#article","isPartOf":{"@id":"https:\/\/schoenstatt.com\/es\/unidos-somos-mas-fuertes-segundo-cafe-de-parejas-en-italia\/"},"author":{"name":"Karen Bueno","@id":"https:\/\/schoenstatt.com\/es\/#\/schema\/person\/5158877ad4acae98b34daaeef2a1ce6e"},"headline":"Unidos somos m\u00e1s fuertes: segundo Caf\u00e9 de parejas en Italia","datePublished":"2024-03-26T10:03:55+00:00","dateModified":"2025-05-15T00:05:45+00:00","mainEntityOfPage":{"@id":"https:\/\/schoenstatt.com\/es\/unidos-somos-mas-fuertes-segundo-cafe-de-parejas-en-italia\/"},"wordCount":1024,"publisher":{"@id":"https:\/\/schoenstatt.com\/es\/#organization"},"image":{"@id":"https:\/\/schoenstatt.com\/es\/unidos-somos-mas-fuertes-segundo-cafe-de-parejas-en-italia\/#primaryimage"},"thumbnailUrl":"https:\/\/schoenstatt.com\/wp-content\/uploads\/2024\/03\/CoppieTerricciola_italia_2024-03-16-1.jpg","articleSection":["Comunidades de Schoenstatt","Familia"],"inLanguage":"es"},{"@type":"WebPage","@id":"https:\/\/schoenstatt.com\/es\/unidos-somos-mas-fuertes-segundo-cafe-de-parejas-en-italia\/","url":"https:\/\/schoenstatt.com\/es\/unidos-somos-mas-fuertes-segundo-cafe-de-parejas-en-italia\/","name":"Unidos somos m\u00e1s fuertes: segundo Caf\u00e9 de parejas en Italia","isPartOf":{"@id":"https:\/\/schoenstatt.com\/es\/#website"},"primaryImageOfPage":{"@id":"https:\/\/schoenstatt.com\/es\/unidos-somos-mas-fuertes-segundo-cafe-de-parejas-en-italia\/#primaryimage"},"image":{"@id":"https:\/\/schoenstatt.com\/es\/unidos-somos-mas-fuertes-segundo-cafe-de-parejas-en-italia\/#primaryimage"},"thumbnailUrl":"https:\/\/schoenstatt.com\/wp-content\/uploads\/2024\/03\/CoppieTerricciola_italia_2024-03-16-1.jpg","datePublished":"2024-03-26T10:03:55+00:00","dateModified":"2025-05-15T00:05:45+00:00","description":"Bajo el lema \u201cUnidos somos m\u00e1s fuertes\u201d, tuvo lugar el segundo Caf\u00e9 de parejas en Italia, destinado a fortalecer los v\u00ednculos de pareja.","breadcrumb":{"@id":"https:\/\/schoenstatt.com\/es\/unidos-somos-mas-fuertes-segundo-cafe-de-parejas-en-italia\/#breadcrumb"},"inLanguage":"es","potentialAction":[{"@type":"ReadAction","target":["https:\/\/schoenstatt.com\/es\/unidos-somos-mas-fuertes-segundo-cafe-de-parejas-en-italia\/"]}]},{"@type":"ImageObject","inLanguage":"es","@id":"https:\/\/schoenstatt.com\/es\/unidos-somos-mas-fuertes-segundo-cafe-de-parejas-en-italia\/#primaryimage","url":"https:\/\/schoenstatt.com\/wp-content\/uploads\/2024\/03\/CoppieTerricciola_italia_2024-03-16-1.jpg","contentUrl":"https:\/\/schoenstatt.com\/wp-content\/uploads\/2024\/03\/CoppieTerricciola_italia_2024-03-16-1.jpg","width":2048,"height":1210},{"@type":"BreadcrumbList","@id":"https:\/\/schoenstatt.com\/es\/unidos-somos-mas-fuertes-segundo-cafe-de-parejas-en-italia\/#breadcrumb","itemListElement":[{"@type":"ListItem","position":1,"name":"Portada","item":"https:\/\/schoenstatt.com\/es\/home\/"},{"@type":"ListItem","position":2,"name":"Unidos somos m\u00e1s fuertes: segundo Caf\u00e9 de parejas en Italia"}]},{"@type":"WebSite","@id":"https:\/\/schoenstatt.com\/es\/#website","url":"https:\/\/schoenstatt.com\/es\/","name":"Schoenstatt","description":"Apostolic Movement","publisher":{"@id":"https:\/\/schoenstatt.com\/es\/#organization"},"potentialAction":[{"@type":"SearchAction","target":{"@type":"EntryPoint","urlTemplate":"https:\/\/schoenstatt.com\/es\/?s={search_term_string}"},"query-input":{"@type":"PropertyValueSpecification","valueRequired":true,"valueName":"search_term_string"}}],"inLanguage":"es"},{"@type":"Organization","@id":"https:\/\/schoenstatt.com\/es\/#organization","name":"Schoenstatt","url":"https:\/\/schoenstatt.com\/es\/","logo":{"@type":"ImageObject","inLanguage":"es","@id":"https:\/\/schoenstatt.com\/es\/#\/schema\/logo\/image\/","url":"https:\/\/schoenstatt.com\/wp-content\/uploads\/2025\/04\/logo-schoenstatt-white-696x696-1.png","contentUrl":"https:\/\/schoenstatt.com\/wp-content\/uploads\/2025\/04\/logo-schoenstatt-white-696x696-1.png","width":696,"height":694,"caption":"Schoenstatt"},"image":{"@id":"https:\/\/schoenstatt.com\/es\/#\/schema\/logo\/image\/"}},{"@type":"Person","@id":"https:\/\/schoenstatt.com\/es\/#\/schema\/person\/5158877ad4acae98b34daaeef2a1ce6e","name":"Karen Bueno","image":{"@type":"ImageObject","inLanguage":"es","@id":"https:\/\/secure.gravatar.com\/avatar\/f9f4b823873154269d2b2130f195f6d41037dd0d7fc5f3cacb5c846bae70d66b?s=96&d=mm&r=g","url":"https:\/\/secure.gravatar.com\/avatar\/f9f4b823873154269d2b2130f195f6d41037dd0d7fc5f3cacb5c846bae70d66b?s=96&d=mm&r=g","contentUrl":"https:\/\/secure.gravatar.com\/avatar\/f9f4b823873154269d2b2130f195f6d41037dd0d7fc5f3cacb5c846bae70d66b?s=96&d=mm&r=g","caption":"Karen Bueno"},"url":"https:\/\/schoenstatt.com\/es\/author\/karen-bueno\/"}]}},"_links":{"self":[{"href":"https:\/\/schoenstatt.com\/es\/wp-json\/wp\/v2\/posts\/35231","targetHints":{"allow":["GET"]}}],"collection":[{"href":"https:\/\/schoenstatt.com\/es\/wp-json\/wp\/v2\/posts"}],"about":[{"href":"https:\/\/schoenstatt.com\/es\/wp-json\/wp\/v2\/types\/post"}],"author":[{"embeddable":true,"href":"https:\/\/schoenstatt.com\/es\/wp-json\/wp\/v2\/users\/3"}],"replies":[{"embeddable":true,"href":"https:\/\/schoenstatt.com\/es\/wp-json\/wp\/v2\/comments?post=35231"}],"version-history":[{"count":1,"href":"https:\/\/schoenstatt.com\/es\/wp-json\/wp\/v2\/posts\/35231\/revisions"}],"predecessor-version":[{"id":46774,"href":"https:\/\/schoenstatt.com\/es\/wp-json\/wp\/v2\/posts\/35231\/revisions\/46774"}],"wp:featuredmedia":[{"embeddable":true,"href":"https:\/\/schoenstatt.com\/es\/wp-json\/wp\/v2\/media\/35240"}],"wp:attachment":[{"href":"https:\/\/schoenstatt.com\/es\/wp-json\/wp\/v2\/media?parent=35231"}],"wp:term":[{"taxonomy":"category","embeddable":true,"href":"https:\/\/schoenstatt.com\/es\/wp-json\/wp\/v2\/categories?post=35231"},{"taxonomy":"post_tag","embeddable":true,"href":"https:\/\/schoenstatt.com\/es\/wp-json\/wp\/v2\/tags?post=35231"}],"curies":[{"name":"wp","href":"https:\/\/api.w.org\/{rel}","templated":true}]}}