{"id":35226,"date":"2024-03-19T09:42:27","date_gmt":"2024-03-19T08:42:27","guid":{"rendered":"https:\/\/schoenstatt.com\/espiritualidad\/alemanha-o-encontro-de-delegados-2024-enfoca-o-carisma-como-tema\/"},"modified":"2025-05-15T18:23:53","modified_gmt":"2025-05-15T16:23:53","slug":"alemania-la-jornada-nacional-de-delegados-2024-se-centra-en-el-tema-del-carisma","status":"publish","type":"post","link":"https:\/\/schoenstatt.com\/es\/alemania-la-jornada-nacional-de-delegados-2024-se-centra-en-el-tema-del-carisma\/","title":{"rendered":"Alemania: La Jornada nacional de Delegados 2024 se centra en el tema del carisma"},"content":{"rendered":"<h2>Jornada nacional de Delegados en Alemania<\/h2>\n<p>Del 1ro. al 3 de marzo tuvo lugar en Schoenstatt, Alemania, la Jornada de Delegados, que se dedic\u00f3 este a\u00f1o al tema \u201cCarisma\u201d. Asistieron m\u00e1s de 150 delegados del Movimiento provenientes de las di\u00f3cesis del pa\u00eds, y de diversos proyectos, iniciativas y comunidades. Su objetivo es unirse en comunidad para dilucidar cu\u00e1l es el camino a seguir como Movimiento para este a\u00f1o.<\/p>\n<h3>Compartiendo los carismas<\/h3>\n<p>En la ma\u00f1ana del 1ro. de marzo tuvo lugar un encuentro con diversos carismas que colaboran, junto con el Movimiento de Schoenstatt, con la iniciativa \u00abJuntos por Europa\u00bb. Adem\u00e1s de algunos schoenstattianos que participan en Juntos por Europa, intervinieron Fadi Krikor, fundador de Father\u2019s House for all the Nations, de Altenhohenau, y Herbert Lauenroth, de los Focolares, de Ottmaring. El encuentro permiti\u00f3 a los delegados experimentar la riqueza de los carismas y profundizar las bases para una ulterior reflexi\u00f3n sobre el propio carisma de Schoenstatt.<\/p>\n<h3>Carisma y crecimiento<\/h3>\n<p>Por la tarde del primer d\u00eda la tem\u00e1tica gir\u00f3 en torno al carisma y el crecimiento. El Prof. Em. Dr. Julius Kuhl disert\u00f3 sobre espiritualidad y autodesarrollo en el contexto de la teor\u00eda PSI (Personalidad-Sistema-Interacci\u00f3n) que \u00e9l ha desarrollado. A continuaci\u00f3n, el Padre Hans-Martin Samietz, Isch, ofreci\u00f3 impulsos en su presentaci\u00f3n sobre c\u00f3mo la idea del capital de gracias puede ser rele\u00edda y llevada a la vida. Siguieron dos testimonios sobre c\u00f3mo el encuentro con Schoenstatt forma una personalidad cre\u00edble y puede tener un efecto salvador en crisis existenciales de fe.<br \/>\nLa idea es que estas exposiciones ayuden a \u00abmirar los procesos internos de nuestra espiritualidad, a buscar las fuentes que nos ayudan a vivir en los desaf\u00edos de este tiempo, en lugar de limitarnos a describir los problemas\u00bb, seg\u00fan el P. G\u00fcthlein, Director del Movimiento en Alemania.<\/p>\n<p>La renovaci\u00f3n en com\u00fan de la Alianza de Amor, por la tarde, profundiza en ello, especialmente a trav\u00e9s de los testimonios de vida de los h\u00e9roes de Schoenstatt.<\/p>\n<h3>Carisma en contradicci\u00f3n<\/h3>\n<p>La tem\u00e1tica de la ma\u00f1ana del 2 de marzo gir\u00f3 en torno a \u201cCarisma en contradicci\u00f3n\u201d. Miembros de diversos equipos de investigaci\u00f3n informaron sobre su trabajo en torno a la <a href=\"https:\/\/schoenstatt.com\/es\/acerca-de\/fundador\/\">causa Kentenich<\/a>:<\/p>\n<p>Heinrich Brehm, director de la <a href=\"https:\/\/www.schoenstatt.de\/de\/\" target=\"_blank\" rel=\"noopener\">Oficina de Prensa<\/a> del Movimiento de Schoenstatt en Alemania, ofreci\u00f3 una visi\u00f3n general de la edici\u00f3n de la serie de estudios \u00abDocumentos sobre la historia del Movimiento de Schoenstatt\u00bb, que est\u00e1 llevando a cabo el equipo bajo la gu\u00eda del postulador de la causa de canonizaci\u00f3n del P. Kentenich, P. Eduardo Aguirre, ISch. Ya se han publicado tres ediciones de estudio, que hacen a cinco vol\u00famenes en total. Otras dos ediciones de estudio, tambi\u00e9n con un total de cinco vol\u00famenes, est\u00e1n actualmente en preparaci\u00f3n. Con la ayuda de este amplio material de archivo, el lector podr\u00e1 formarse su propio juicio sobre los acontecimientos hist\u00f3ricos.<\/p>\n<p>El Prof. Dr. Hubertus Brantzen es un miembro clave del equipo del postulador encargado de recopilar y presentar los documentos. Bas\u00e1ndose en sus amplios estudios, deja claro que la tesis esgrimida en las acusaciones contra Kentenich de que fue enviado al exilio a causa de abusos es insostenible. En la investigaci\u00f3n, que ahora abarca una gran cantidad de documentos, no se encontraron pruebas de abusos en ninguna parte.<\/p>\n<figure id=\"attachment_35120\" aria-describedby=\"caption-attachment-35120\" style=\"width: 680px\" class=\"wp-caption aligncenter\"><img fetchpriority=\"high\" decoding=\"async\" class=\"wp-image-35120 size-full\" src=\"https:\/\/schoenstatt.com\/wp-content\/uploads\/2024\/03\/20240399_01_107862_Delegiertentagung_FotoBrehm.jpg\" alt=\"\" width=\"680\" height=\"340\" \/><figcaption id=\"caption-attachment-35120\" class=\"wp-caption-text\">(Foto: Brehm)<\/figcaption><\/figure>\n<p>Como miembro del equipo internacional de investigaci\u00f3n convocado por la Presidencia General de Schoenstatt, el Prof. Dr. Joachim S\u00f6der informa sobre el proyecto que ha emprendido junto con el Prof. em. Dr. Manfred Gerwing: la edici\u00f3n hist\u00f3rico-cr\u00edtica de la \u00abEp\u00edstola Perlonga\u00bb, una carta que el P. Kentenich envi\u00f3 al obispo de Tr\u00e9veris desde sus viajes por el mundo en 1949 en cinco entregas sucesivas. La edici\u00f3n cient\u00edfica que se publicar\u00e1 como Edici\u00f3n de Estudio 5 constar\u00e1 de unas 600 p\u00e1ginas. Este estudio es la \u00abcristalizaci\u00f3n de un proceso de pensamiento de toda la vida\u00bb, y se incluye una amplia gama de literatura actual. El Padre Kentenich era consciente de las consecuencias de su paso: \u00ab\u00c9l sabe lo que hace. Dice que no puedo permanecer en silencio porque se trata de algo realmente grande\u00bb.<\/p>\n<p>Por \u00faltimo, la Dra. Hna. M. Aloisia Levermann inform\u00f3 sobre el equipo de investigaci\u00f3n de las Hermanas de Mar\u00eda de Schoenstatt. El punto central es la investigaci\u00f3n biogr\u00e1fica de los antiguos miembros que escribieron acusaciones contra el P. Kentenich. El objetivo es poner a disposici\u00f3n material hist\u00f3rico que permita a investigadores externos llegar a un juicio objetivo sobre las acusaciones.<\/p>\n<p>La informaci\u00f3n compacta sobre la investigaci\u00f3n en curso, pero sobre todo las declaraciones personales de cada uno de los ponentes, son una contribuci\u00f3n importante al tema general del encuentro.<\/p>\n<h3>Aula del S\u00ednodo de Schoenstatt, con mesas circulares<\/h3>\n<p>En la tarde del 2 de marzo sucedi\u00f3 algo completamente nuevo. Los delegados se dirigieron al auditorio de la escuela Marienschule, que se encuentra en el pueblo de Vallendar, a unos 300 metros del Santuario Original. All\u00ed el Padre Kentenich se reuni\u00f3 con la Familia de Schoenstatt en varias ocasiones.<\/p>\n<p>Se trat\u00f3 de un \u00abdi\u00e1logo en el Esp\u00edritu Santo\u00bb en cercan\u00eda con el S\u00ednodo Mundial. Como en el aula sinodal de Roma, los delegados se ubicaron en peque\u00f1os grupos en torno a mesas redondas y en varios pasos, combinados con importantes momentos de silencio, para escuchar \u00abhacia arriba\u00bb, buscaron el valor central para el a\u00f1o schoenstattiano que comenzaba.<\/p>\n<figure id=\"attachment_35128\" aria-describedby=\"caption-attachment-35128\" style=\"width: 680px\" class=\"wp-caption aligncenter\"><img decoding=\"async\" class=\"wp-image-35128 size-full\" src=\"https:\/\/schoenstatt.com\/wp-content\/uploads\/2024\/03\/20240394_02_TU45337_Delegiertentagung_FotoBrehm.jpg\" alt=\"\" width=\"680\" height=\"340\" \/><figcaption id=\"caption-attachment-35128\" class=\"wp-caption-text\">(Foto: Brehm)<\/figcaption><\/figure>\n<p>A continuaci\u00f3n se celebr\u00f3 una velada familiar en el sal\u00f3n de actos, donde se intercalaron una comida de varios platos con aportaciones distendidas de diversas comunidades. La tarde y la noche en el aula sinodal se consideraron como el momento culminante de estos d\u00edas.<\/p>\n<h3>El P. Kentenich para todas las generaciones<\/h3>\n<p>La tem\u00e1tica de la \u00faltima ma\u00f1ana de la conferencia, el 3 de marzo, trat\u00f3 sobre el carisma como recurso para el futuro. El P. Ludwig G\u00fcthlein, ISch, resumi\u00f3 los temas e impulsos de la conferencia de delegados en una charla abarcadora. Era la \u00faltima conferencia de delegados que organizar\u00eda como director del Movimiento. Esto determin\u00f3 tambi\u00e9n el tema de su ponencia: \u00abEl Padre Kentenich para todas las generaciones. Narrativas y perspectivas\u00bb.<\/p>\n<h2>Vivir el carisma de Schoenstatt en la Iglesia y para la Iglesia<\/h2>\n<p>La Jornada de delegados termin\u00f3 con una celebraci\u00f3n eucar\u00edstica en la Iglesia de la Sant\u00edsima Trinidad en el Monte Schoenstatt. El celebrante principal y predicador fue el P. Alexandre Awi Mello, Superior General de los Padres de Schoenstatt y Presidente de la Presidencia General de la Obra Internacional de Schoenstatt. En su homil\u00eda, el P. Alexandre retom\u00f3 el Evangelio del d\u00eda, en que Jes\u00fas expulsa a los mercaderes del templo, y lo aplic\u00f3 al tema de la jornada, relacion\u00e1ndolo con el carisma del P. Kentenich. Las palabras del P. Alexandre resumieron lo que caracteriz\u00f3 a este encuentro nacional.<\/p>\n","protected":false},"excerpt":{"rendered":"<p>La Jornada nacional de Delegados del Movimiento de Schoenstatt de Alemania, que tuvo lugar del 1ro. al 3 de marzo de 2024 en la Casa Padre Kentenich, se centr\u00f3 en el tema del carisma. En la misma se inform\u00f3 sobre los avances positivos en las investigaciones sobre el P. Kentenich, por parte de diversos equipos. La misma incluy\u00f3 un encuentro sinodal en la Marienschule, donde el P. Kentenich se reuniera en varias oportunidades con la Familia de Schoenstatt<\/p>\n","protected":false},"author":3,"featured_media":35116,"comment_status":"closed","ping_status":"closed","sticky":false,"template":"","format":"standard","meta":{"footnotes":""},"categories":[790],"tags":[],"class_list":["post-35226","post","type-post","status-publish","format-standard","has-post-thumbnail","hentry","category-paises-es"],"yoast_head":"<!-- This site is optimized with the Yoast SEO Premium plugin v27.4 (Yoast SEO v27.4) - https:\/\/yoast.com\/product\/yoast-seo-premium-wordpress\/ -->\n<title>Alemania: La Jornada nacional de Delegados 2024 se centra en el tema del carisma<\/title>\n<meta name=\"description\" content=\"A principios de marzo tuvo lugar la Jornada nacional de Delegados del Movimiento de Schoenstatt en Alemania.\" \/>\n<meta name=\"robots\" content=\"index, follow, max-snippet:-1, max-image-preview:large, max-video-preview:-1\" \/>\n<link rel=\"canonical\" href=\"https:\/\/schoenstatt.com\/es\/alemania-la-jornada-nacional-de-delegados-2024-se-centra-en-el-tema-del-carisma\/\" \/>\n<meta property=\"og:locale\" content=\"es_ES\" \/>\n<meta property=\"og:type\" content=\"article\" \/>\n<meta property=\"og:title\" content=\"Alemania: La Jornada nacional de Delegados 2024 se centra en el tema del carisma\" \/>\n<meta property=\"og:description\" content=\"A principios de marzo tuvo lugar la Jornada nacional de Delegados del Movimiento de Schoenstatt en Alemania.\" \/>\n<meta property=\"og:url\" content=\"https:\/\/schoenstatt.com\/es\/alemania-la-jornada-nacional-de-delegados-2024-se-centra-en-el-tema-del-carisma\/\" \/>\n<meta property=\"og:site_name\" content=\"Schoenstatt\" \/>\n<meta property=\"article:published_time\" content=\"2024-03-19T08:42:27+00:00\" \/>\n<meta property=\"article:modified_time\" content=\"2025-05-15T16:23:53+00:00\" \/>\n<meta property=\"og:image\" content=\"https:\/\/schoenstatt.com\/wp-content\/uploads\/2024\/03\/Delegiertentagung-2024-deutschland-1.jpg\" \/>\n\t<meta property=\"og:image:width\" content=\"1360\" \/>\n\t<meta property=\"og:image:height\" content=\"680\" \/>\n\t<meta property=\"og:image:type\" content=\"image\/jpeg\" \/>\n<meta name=\"author\" content=\"Karen Bueno\" \/>\n<meta name=\"twitter:card\" content=\"summary_large_image\" \/>\n<meta name=\"twitter:label1\" content=\"Escrito por\" \/>\n\t<meta name=\"twitter:data1\" content=\"Karen Bueno\" \/>\n\t<meta name=\"twitter:label2\" content=\"Tiempo de lectura\" \/>\n\t<meta name=\"twitter:data2\" content=\"6 minutos\" \/>\n<script type=\"application\/ld+json\" class=\"yoast-schema-graph\">{\"@context\":\"https:\\\/\\\/schema.org\",\"@graph\":[{\"@type\":\"Article\",\"@id\":\"https:\\\/\\\/schoenstatt.com\\\/es\\\/alemania-la-jornada-nacional-de-delegados-2024-se-centra-en-el-tema-del-carisma\\\/#article\",\"isPartOf\":{\"@id\":\"https:\\\/\\\/schoenstatt.com\\\/es\\\/alemania-la-jornada-nacional-de-delegados-2024-se-centra-en-el-tema-del-carisma\\\/\"},\"author\":{\"name\":\"Karen Bueno\",\"@id\":\"https:\\\/\\\/schoenstatt.com\\\/es\\\/#\\\/schema\\\/person\\\/5158877ad4acae98b34daaeef2a1ce6e\"},\"headline\":\"Alemania: La Jornada nacional de Delegados 2024 se centra en el tema del carisma\",\"datePublished\":\"2024-03-19T08:42:27+00:00\",\"dateModified\":\"2025-05-15T16:23:53+00:00\",\"mainEntityOfPage\":{\"@id\":\"https:\\\/\\\/schoenstatt.com\\\/es\\\/alemania-la-jornada-nacional-de-delegados-2024-se-centra-en-el-tema-del-carisma\\\/\"},\"wordCount\":1216,\"publisher\":{\"@id\":\"https:\\\/\\\/schoenstatt.com\\\/es\\\/#organization\"},\"image\":{\"@id\":\"https:\\\/\\\/schoenstatt.com\\\/es\\\/alemania-la-jornada-nacional-de-delegados-2024-se-centra-en-el-tema-del-carisma\\\/#primaryimage\"},\"thumbnailUrl\":\"https:\\\/\\\/schoenstatt.com\\\/wp-content\\\/uploads\\\/2024\\\/03\\\/Delegiertentagung-2024-deutschland-1.jpg\",\"articleSection\":[\"Pa\u00edses\"],\"inLanguage\":\"es\"},{\"@type\":\"WebPage\",\"@id\":\"https:\\\/\\\/schoenstatt.com\\\/es\\\/alemania-la-jornada-nacional-de-delegados-2024-se-centra-en-el-tema-del-carisma\\\/\",\"url\":\"https:\\\/\\\/schoenstatt.com\\\/es\\\/alemania-la-jornada-nacional-de-delegados-2024-se-centra-en-el-tema-del-carisma\\\/\",\"name\":\"Alemania: La Jornada nacional de Delegados 2024 se centra en el tema del carisma\",\"isPartOf\":{\"@id\":\"https:\\\/\\\/schoenstatt.com\\\/es\\\/#website\"},\"primaryImageOfPage\":{\"@id\":\"https:\\\/\\\/schoenstatt.com\\\/es\\\/alemania-la-jornada-nacional-de-delegados-2024-se-centra-en-el-tema-del-carisma\\\/#primaryimage\"},\"image\":{\"@id\":\"https:\\\/\\\/schoenstatt.com\\\/es\\\/alemania-la-jornada-nacional-de-delegados-2024-se-centra-en-el-tema-del-carisma\\\/#primaryimage\"},\"thumbnailUrl\":\"https:\\\/\\\/schoenstatt.com\\\/wp-content\\\/uploads\\\/2024\\\/03\\\/Delegiertentagung-2024-deutschland-1.jpg\",\"datePublished\":\"2024-03-19T08:42:27+00:00\",\"dateModified\":\"2025-05-15T16:23:53+00:00\",\"description\":\"A principios de marzo tuvo lugar la Jornada nacional de Delegados del Movimiento de Schoenstatt en Alemania.\",\"breadcrumb\":{\"@id\":\"https:\\\/\\\/schoenstatt.com\\\/es\\\/alemania-la-jornada-nacional-de-delegados-2024-se-centra-en-el-tema-del-carisma\\\/#breadcrumb\"},\"inLanguage\":\"es\",\"potentialAction\":[{\"@type\":\"ReadAction\",\"target\":[\"https:\\\/\\\/schoenstatt.com\\\/es\\\/alemania-la-jornada-nacional-de-delegados-2024-se-centra-en-el-tema-del-carisma\\\/\"]}]},{\"@type\":\"ImageObject\",\"inLanguage\":\"es\",\"@id\":\"https:\\\/\\\/schoenstatt.com\\\/es\\\/alemania-la-jornada-nacional-de-delegados-2024-se-centra-en-el-tema-del-carisma\\\/#primaryimage\",\"url\":\"https:\\\/\\\/schoenstatt.com\\\/wp-content\\\/uploads\\\/2024\\\/03\\\/Delegiertentagung-2024-deutschland-1.jpg\",\"contentUrl\":\"https:\\\/\\\/schoenstatt.com\\\/wp-content\\\/uploads\\\/2024\\\/03\\\/Delegiertentagung-2024-deutschland-1.jpg\",\"width\":1360,\"height\":680},{\"@type\":\"BreadcrumbList\",\"@id\":\"https:\\\/\\\/schoenstatt.com\\\/es\\\/alemania-la-jornada-nacional-de-delegados-2024-se-centra-en-el-tema-del-carisma\\\/#breadcrumb\",\"itemListElement\":[{\"@type\":\"ListItem\",\"position\":1,\"name\":\"Portada\",\"item\":\"https:\\\/\\\/schoenstatt.com\\\/es\\\/home\\\/\"},{\"@type\":\"ListItem\",\"position\":2,\"name\":\"Alemania: La Jornada nacional de Delegados 2024 se centra en el tema del carisma\"}]},{\"@type\":\"WebSite\",\"@id\":\"https:\\\/\\\/schoenstatt.com\\\/es\\\/#website\",\"url\":\"https:\\\/\\\/schoenstatt.com\\\/es\\\/\",\"name\":\"Schoenstatt\",\"description\":\"Apostolic Movement\",\"publisher\":{\"@id\":\"https:\\\/\\\/schoenstatt.com\\\/es\\\/#organization\"},\"potentialAction\":[{\"@type\":\"SearchAction\",\"target\":{\"@type\":\"EntryPoint\",\"urlTemplate\":\"https:\\\/\\\/schoenstatt.com\\\/es\\\/?s={search_term_string}\"},\"query-input\":{\"@type\":\"PropertyValueSpecification\",\"valueRequired\":true,\"valueName\":\"search_term_string\"}}],\"inLanguage\":\"es\"},{\"@type\":\"Organization\",\"@id\":\"https:\\\/\\\/schoenstatt.com\\\/es\\\/#organization\",\"name\":\"Schoenstatt\",\"url\":\"https:\\\/\\\/schoenstatt.com\\\/es\\\/\",\"logo\":{\"@type\":\"ImageObject\",\"inLanguage\":\"es\",\"@id\":\"https:\\\/\\\/schoenstatt.com\\\/es\\\/#\\\/schema\\\/logo\\\/image\\\/\",\"url\":\"https:\\\/\\\/schoenstatt.com\\\/wp-content\\\/uploads\\\/2025\\\/04\\\/logo-schoenstatt-white-696x696-1.png\",\"contentUrl\":\"https:\\\/\\\/schoenstatt.com\\\/wp-content\\\/uploads\\\/2025\\\/04\\\/logo-schoenstatt-white-696x696-1.png\",\"width\":696,\"height\":694,\"caption\":\"Schoenstatt\"},\"image\":{\"@id\":\"https:\\\/\\\/schoenstatt.com\\\/es\\\/#\\\/schema\\\/logo\\\/image\\\/\"}},{\"@type\":\"Person\",\"@id\":\"https:\\\/\\\/schoenstatt.com\\\/es\\\/#\\\/schema\\\/person\\\/5158877ad4acae98b34daaeef2a1ce6e\",\"name\":\"Karen Bueno\",\"image\":{\"@type\":\"ImageObject\",\"inLanguage\":\"es\",\"@id\":\"https:\\\/\\\/secure.gravatar.com\\\/avatar\\\/f9f4b823873154269d2b2130f195f6d41037dd0d7fc5f3cacb5c846bae70d66b?s=96&d=mm&r=g\",\"url\":\"https:\\\/\\\/secure.gravatar.com\\\/avatar\\\/f9f4b823873154269d2b2130f195f6d41037dd0d7fc5f3cacb5c846bae70d66b?s=96&d=mm&r=g\",\"contentUrl\":\"https:\\\/\\\/secure.gravatar.com\\\/avatar\\\/f9f4b823873154269d2b2130f195f6d41037dd0d7fc5f3cacb5c846bae70d66b?s=96&d=mm&r=g\",\"caption\":\"Karen Bueno\"},\"url\":\"https:\\\/\\\/schoenstatt.com\\\/es\\\/author\\\/karen-bueno\\\/\"}]}<\/script>\n<!-- \/ Yoast SEO Premium plugin. -->","yoast_head_json":{"title":"Alemania: La Jornada nacional de Delegados 2024 se centra en el tema del carisma","description":"A principios de marzo tuvo lugar la Jornada nacional de Delegados del Movimiento de Schoenstatt en Alemania.","robots":{"index":"index","follow":"follow","max-snippet":"max-snippet:-1","max-image-preview":"max-image-preview:large","max-video-preview":"max-video-preview:-1"},"canonical":"https:\/\/schoenstatt.com\/es\/alemania-la-jornada-nacional-de-delegados-2024-se-centra-en-el-tema-del-carisma\/","og_locale":"es_ES","og_type":"article","og_title":"Alemania: La Jornada nacional de Delegados 2024 se centra en el tema del carisma","og_description":"A principios de marzo tuvo lugar la Jornada nacional de Delegados del Movimiento de Schoenstatt en Alemania.","og_url":"https:\/\/schoenstatt.com\/es\/alemania-la-jornada-nacional-de-delegados-2024-se-centra-en-el-tema-del-carisma\/","og_site_name":"Schoenstatt","article_published_time":"2024-03-19T08:42:27+00:00","article_modified_time":"2025-05-15T16:23:53+00:00","og_image":[{"width":1360,"height":680,"url":"https:\/\/schoenstatt.com\/wp-content\/uploads\/2024\/03\/Delegiertentagung-2024-deutschland-1.jpg","type":"image\/jpeg"}],"author":"Karen Bueno","twitter_card":"summary_large_image","twitter_misc":{"Escrito por":"Karen Bueno","Tiempo de lectura":"6 minutos"},"schema":{"@context":"https:\/\/schema.org","@graph":[{"@type":"Article","@id":"https:\/\/schoenstatt.com\/es\/alemania-la-jornada-nacional-de-delegados-2024-se-centra-en-el-tema-del-carisma\/#article","isPartOf":{"@id":"https:\/\/schoenstatt.com\/es\/alemania-la-jornada-nacional-de-delegados-2024-se-centra-en-el-tema-del-carisma\/"},"author":{"name":"Karen Bueno","@id":"https:\/\/schoenstatt.com\/es\/#\/schema\/person\/5158877ad4acae98b34daaeef2a1ce6e"},"headline":"Alemania: La Jornada nacional de Delegados 2024 se centra en el tema del carisma","datePublished":"2024-03-19T08:42:27+00:00","dateModified":"2025-05-15T16:23:53+00:00","mainEntityOfPage":{"@id":"https:\/\/schoenstatt.com\/es\/alemania-la-jornada-nacional-de-delegados-2024-se-centra-en-el-tema-del-carisma\/"},"wordCount":1216,"publisher":{"@id":"https:\/\/schoenstatt.com\/es\/#organization"},"image":{"@id":"https:\/\/schoenstatt.com\/es\/alemania-la-jornada-nacional-de-delegados-2024-se-centra-en-el-tema-del-carisma\/#primaryimage"},"thumbnailUrl":"https:\/\/schoenstatt.com\/wp-content\/uploads\/2024\/03\/Delegiertentagung-2024-deutschland-1.jpg","articleSection":["Pa\u00edses"],"inLanguage":"es"},{"@type":"WebPage","@id":"https:\/\/schoenstatt.com\/es\/alemania-la-jornada-nacional-de-delegados-2024-se-centra-en-el-tema-del-carisma\/","url":"https:\/\/schoenstatt.com\/es\/alemania-la-jornada-nacional-de-delegados-2024-se-centra-en-el-tema-del-carisma\/","name":"Alemania: La Jornada nacional de Delegados 2024 se centra en el tema del carisma","isPartOf":{"@id":"https:\/\/schoenstatt.com\/es\/#website"},"primaryImageOfPage":{"@id":"https:\/\/schoenstatt.com\/es\/alemania-la-jornada-nacional-de-delegados-2024-se-centra-en-el-tema-del-carisma\/#primaryimage"},"image":{"@id":"https:\/\/schoenstatt.com\/es\/alemania-la-jornada-nacional-de-delegados-2024-se-centra-en-el-tema-del-carisma\/#primaryimage"},"thumbnailUrl":"https:\/\/schoenstatt.com\/wp-content\/uploads\/2024\/03\/Delegiertentagung-2024-deutschland-1.jpg","datePublished":"2024-03-19T08:42:27+00:00","dateModified":"2025-05-15T16:23:53+00:00","description":"A principios de marzo tuvo lugar la Jornada nacional de Delegados del Movimiento de Schoenstatt en Alemania.","breadcrumb":{"@id":"https:\/\/schoenstatt.com\/es\/alemania-la-jornada-nacional-de-delegados-2024-se-centra-en-el-tema-del-carisma\/#breadcrumb"},"inLanguage":"es","potentialAction":[{"@type":"ReadAction","target":["https:\/\/schoenstatt.com\/es\/alemania-la-jornada-nacional-de-delegados-2024-se-centra-en-el-tema-del-carisma\/"]}]},{"@type":"ImageObject","inLanguage":"es","@id":"https:\/\/schoenstatt.com\/es\/alemania-la-jornada-nacional-de-delegados-2024-se-centra-en-el-tema-del-carisma\/#primaryimage","url":"https:\/\/schoenstatt.com\/wp-content\/uploads\/2024\/03\/Delegiertentagung-2024-deutschland-1.jpg","contentUrl":"https:\/\/schoenstatt.com\/wp-content\/uploads\/2024\/03\/Delegiertentagung-2024-deutschland-1.jpg","width":1360,"height":680},{"@type":"BreadcrumbList","@id":"https:\/\/schoenstatt.com\/es\/alemania-la-jornada-nacional-de-delegados-2024-se-centra-en-el-tema-del-carisma\/#breadcrumb","itemListElement":[{"@type":"ListItem","position":1,"name":"Portada","item":"https:\/\/schoenstatt.com\/es\/home\/"},{"@type":"ListItem","position":2,"name":"Alemania: La Jornada nacional de Delegados 2024 se centra en el tema del carisma"}]},{"@type":"WebSite","@id":"https:\/\/schoenstatt.com\/es\/#website","url":"https:\/\/schoenstatt.com\/es\/","name":"Schoenstatt","description":"Apostolic Movement","publisher":{"@id":"https:\/\/schoenstatt.com\/es\/#organization"},"potentialAction":[{"@type":"SearchAction","target":{"@type":"EntryPoint","urlTemplate":"https:\/\/schoenstatt.com\/es\/?s={search_term_string}"},"query-input":{"@type":"PropertyValueSpecification","valueRequired":true,"valueName":"search_term_string"}}],"inLanguage":"es"},{"@type":"Organization","@id":"https:\/\/schoenstatt.com\/es\/#organization","name":"Schoenstatt","url":"https:\/\/schoenstatt.com\/es\/","logo":{"@type":"ImageObject","inLanguage":"es","@id":"https:\/\/schoenstatt.com\/es\/#\/schema\/logo\/image\/","url":"https:\/\/schoenstatt.com\/wp-content\/uploads\/2025\/04\/logo-schoenstatt-white-696x696-1.png","contentUrl":"https:\/\/schoenstatt.com\/wp-content\/uploads\/2025\/04\/logo-schoenstatt-white-696x696-1.png","width":696,"height":694,"caption":"Schoenstatt"},"image":{"@id":"https:\/\/schoenstatt.com\/es\/#\/schema\/logo\/image\/"}},{"@type":"Person","@id":"https:\/\/schoenstatt.com\/es\/#\/schema\/person\/5158877ad4acae98b34daaeef2a1ce6e","name":"Karen Bueno","image":{"@type":"ImageObject","inLanguage":"es","@id":"https:\/\/secure.gravatar.com\/avatar\/f9f4b823873154269d2b2130f195f6d41037dd0d7fc5f3cacb5c846bae70d66b?s=96&d=mm&r=g","url":"https:\/\/secure.gravatar.com\/avatar\/f9f4b823873154269d2b2130f195f6d41037dd0d7fc5f3cacb5c846bae70d66b?s=96&d=mm&r=g","contentUrl":"https:\/\/secure.gravatar.com\/avatar\/f9f4b823873154269d2b2130f195f6d41037dd0d7fc5f3cacb5c846bae70d66b?s=96&d=mm&r=g","caption":"Karen Bueno"},"url":"https:\/\/schoenstatt.com\/es\/author\/karen-bueno\/"}]}},"_links":{"self":[{"href":"https:\/\/schoenstatt.com\/es\/wp-json\/wp\/v2\/posts\/35226","targetHints":{"allow":["GET"]}}],"collection":[{"href":"https:\/\/schoenstatt.com\/es\/wp-json\/wp\/v2\/posts"}],"about":[{"href":"https:\/\/schoenstatt.com\/es\/wp-json\/wp\/v2\/types\/post"}],"author":[{"embeddable":true,"href":"https:\/\/schoenstatt.com\/es\/wp-json\/wp\/v2\/users\/3"}],"replies":[{"embeddable":true,"href":"https:\/\/schoenstatt.com\/es\/wp-json\/wp\/v2\/comments?post=35226"}],"version-history":[{"count":1,"href":"https:\/\/schoenstatt.com\/es\/wp-json\/wp\/v2\/posts\/35226\/revisions"}],"predecessor-version":[{"id":46752,"href":"https:\/\/schoenstatt.com\/es\/wp-json\/wp\/v2\/posts\/35226\/revisions\/46752"}],"wp:featuredmedia":[{"embeddable":true,"href":"https:\/\/schoenstatt.com\/es\/wp-json\/wp\/v2\/media\/35116"}],"wp:attachment":[{"href":"https:\/\/schoenstatt.com\/es\/wp-json\/wp\/v2\/media?parent=35226"}],"wp:term":[{"taxonomy":"category","embeddable":true,"href":"https:\/\/schoenstatt.com\/es\/wp-json\/wp\/v2\/categories?post=35226"},{"taxonomy":"post_tag","embeddable":true,"href":"https:\/\/schoenstatt.com\/es\/wp-json\/wp\/v2\/tags?post=35226"}],"curies":[{"name":"wp","href":"https:\/\/api.w.org\/{rel}","templated":true}]}}