{"id":35182,"date":"2024-03-22T11:12:57","date_gmt":"2024-03-22T10:12:57","guid":{"rendered":"https:\/\/schoenstatt.com\/?p=35182"},"modified":"2025-05-15T18:23:52","modified_gmt":"2025-05-15T16:23:52","slug":"iluminando-el-camino-hacia-el-31-de-mayo","status":"publish","type":"post","link":"https:\/\/schoenstatt.com\/es\/iluminando-el-camino-hacia-el-31-de-mayo\/","title":{"rendered":"Iluminando el camino hacia el 31 de Mayo"},"content":{"rendered":"<p>Este 19 de marzo, d\u00eda de San Jos\u00e9, el Secretariado del Padre Kentenich en Ecuador organiz\u00f3 una charla v\u00eda online, denominada: Iluminemos el camino hacia el 31 de Mayo.<\/p>\n<p>Estamos pr\u00f3ximos a celebrar los 75 a\u00f1os del <a href=\"https:\/\/schoenstatt.com\/es\/jubileo-75-anos-del-31-de-mayo\/\">3er. Hito de Schoenstatt<\/a>: En la Fuerza Divina, y este aniversario nos interpela e invita a profundizar en este hito que nos regala la misi\u00f3n de ser portadores del carisma de nuestro Padre y Fundador.<\/p>\n<p>La Hna. Mar\u00eda Auxiliadora Boh\u00f3rquez, superiora de las Hermanas de Mar\u00eda de Schoenstatt en Guayaquil, estuvo muy vinculada en la organizaci\u00f3n de los 50 a\u00f1os del 31 de Mayo en Chile en el a\u00f1o 1999, y hoy nos regala un camino para disponernos a vivir una gran hora: los 75 a\u00f1os del Tercer Hito de Schoenstatt.<\/p>\n<h3>Anhelamos recibir la potencia de esta misi\u00f3n<\/h3>\n<p>\u201cEs el Hito de la Fuerza Divina. Queremos <strong>ser parte de esta hora<\/strong>, prepararnos y participar de ella, pues los hitos no son simples recuerdos. Son <strong>dep\u00f3sitos de gracias actuales<\/strong>. Nosotros anhelamos recibir la fuerza divina, <strong>la potencia de esta misi\u00f3n<\/strong>, pues la necesitamos hoy y aqu\u00ed\u201d, expres\u00f3 la hermana en la charla.<\/p>\n<h2>Tres d\u00edas de peregrinaci\u00f3n en Bellavista<\/h2>\n<p>En este encuentro tambi\u00e9n particip\u00f3 el Padre Gonzalo Illanes, Director Nacional del Movimiento de Schoenstatt Chile, quien comparti\u00f3 importantes detalles de lo que ser\u00e1 el Jubileo de los 75 a\u00f1os del 31 de Mayo.<\/p>\n<p>\u201cLlevamos m\u00e1s de 700 inscritos de los cuales 150 son extranjeros, lo cual es una tremenda noticia porque este es un hito de la Familia entera. El gran objetivo del Jubileo de la celebraci\u00f3n del 31 de Mayo, lo hemos definido en tres grandes conceptos para los tres d\u00edas de la peregrinaci\u00f3n: Queremos <strong>peregrinar<\/strong>, para <strong>abrir el coraz\u00f3n<\/strong> y as\u00ed <strong>renovar nuestra alianza<\/strong>\u201d, remarc\u00f3 el P. Gonzalo.<\/p>\n<p>A\u00fan es posible inscribirse y vivir esta experiencia que encender\u00e1 en la Misi\u00f3n de Schoenstatt.<\/p>\n<p>\u201cAprovechar este jubileo implica explorar la riqueza del 31 de Mayo. Comprender esta misi\u00f3n, que tanto necesitan hoy las personas. Yo mismo, los que amo, los que quisiera atraer a la alianza. Es lo que Jes\u00fas y Mar\u00eda nos piden realizar\u201d, concluy\u00f3 la Hna. Mar\u00eda Auxiliadora.<\/p>\n<p>Se puede recabar informaci\u00f3n sobre este evento internacional de la Familia de Schoenstatt a trav\u00e9s de este portal: <a href=\"https:\/\/jubileo31demayo.schoenstatt.cl.\" target=\"_blank\" rel=\"noopener\">jubileo31demayo.schoenstatt.cl<\/a><\/p>\n<p>La charla a la que hacemos referencia se encuentra disponible en Youtube:<\/p>\n<p style=\"text-align: center;\"><iframe title=\"YouTube video player\" src=\"https:\/\/www.youtube.com\/embed\/2ePaVWnQ16k?si=yc-wMkIHiCP3XS85\" width=\"560\" height=\"315\" frameborder=\"0\" allowfullscreen=\"allowfullscreen\"><\/iframe><\/p>\n","protected":false},"excerpt":{"rendered":"<p>La esencia del tercer hito de Schoenstatt, la misi\u00f3n del 31 de mayo, est\u00e1 centrada en la Fuerza Divina, que nos llama a ser un Schoenstatt en salida y a vivir un mundo org\u00e1nico en el pensar y amar, como un aporte vivo a la Iglesia y al mundo de hoy. Este aniversario nos interpela e invita a profundizar la misi\u00f3n de ser portadores del carisma de nuestro Padre y Fundador.<\/p>\n","protected":false},"author":3,"featured_media":35183,"comment_status":"closed","ping_status":"closed","sticky":false,"template":"","format":"standard","meta":{"footnotes":""},"categories":[630,790],"tags":[],"class_list":["post-35182","post","type-post","status-publish","format-standard","has-post-thumbnail","hentry","category-eventos-es","category-paises-es"],"yoast_head":"<!-- This site is optimized with the Yoast SEO Premium plugin v27.4 (Yoast SEO v27.4) - https:\/\/yoast.com\/product\/yoast-seo-premium-wordpress\/ -->\n<title>Iluminando el camino hacia el 31 de Mayo - Schoenstatt<\/title>\n<meta name=\"description\" content=\"El aniversario del 31 de mayo nos interpela e invita a profundizar la misi\u00f3n de ser portadores del carisma de nuestro Padre y Fundador.\" \/>\n<meta name=\"robots\" content=\"index, follow, max-snippet:-1, max-image-preview:large, max-video-preview:-1\" \/>\n<link rel=\"canonical\" href=\"https:\/\/schoenstatt.com\/es\/iluminando-el-camino-hacia-el-31-de-mayo\/\" \/>\n<meta property=\"og:locale\" content=\"es_ES\" \/>\n<meta property=\"og:type\" content=\"article\" \/>\n<meta property=\"og:title\" content=\"Iluminando el camino hacia el 31 de Mayo\" \/>\n<meta property=\"og:description\" content=\"El aniversario del 31 de mayo nos interpela e invita a profundizar la misi\u00f3n de ser portadores del carisma de nuestro Padre y Fundador.\" \/>\n<meta property=\"og:url\" content=\"https:\/\/schoenstatt.com\/es\/iluminando-el-camino-hacia-el-31-de-mayo\/\" \/>\n<meta property=\"og:site_name\" content=\"Schoenstatt\" \/>\n<meta property=\"article:published_time\" content=\"2024-03-22T10:12:57+00:00\" \/>\n<meta property=\"article:modified_time\" content=\"2025-05-15T16:23:52+00:00\" \/>\n<meta property=\"og:image\" content=\"https:\/\/schoenstatt.com\/wp-content\/uploads\/2024\/03\/31-de-mayo-1.jpg\" \/>\n\t<meta property=\"og:image:width\" content=\"1600\" \/>\n\t<meta property=\"og:image:height\" content=\"739\" \/>\n\t<meta property=\"og:image:type\" content=\"image\/jpeg\" \/>\n<meta name=\"author\" content=\"Karen Bueno\" \/>\n<meta name=\"twitter:card\" content=\"summary_large_image\" \/>\n<meta name=\"twitter:label1\" content=\"Escrito por\" \/>\n\t<meta name=\"twitter:data1\" content=\"Karen Bueno\" \/>\n\t<meta name=\"twitter:label2\" content=\"Tiempo de lectura\" \/>\n\t<meta name=\"twitter:data2\" content=\"2 minutos\" \/>\n<script type=\"application\/ld+json\" class=\"yoast-schema-graph\">{\"@context\":\"https:\\\/\\\/schema.org\",\"@graph\":[{\"@type\":\"Article\",\"@id\":\"https:\\\/\\\/schoenstatt.com\\\/es\\\/iluminando-el-camino-hacia-el-31-de-mayo\\\/#article\",\"isPartOf\":{\"@id\":\"https:\\\/\\\/schoenstatt.com\\\/es\\\/iluminando-el-camino-hacia-el-31-de-mayo\\\/\"},\"author\":{\"name\":\"Karen Bueno\",\"@id\":\"https:\\\/\\\/schoenstatt.com\\\/es\\\/#\\\/schema\\\/person\\\/5158877ad4acae98b34daaeef2a1ce6e\"},\"headline\":\"Iluminando el camino hacia el 31 de Mayo\",\"datePublished\":\"2024-03-22T10:12:57+00:00\",\"dateModified\":\"2025-05-15T16:23:52+00:00\",\"mainEntityOfPage\":{\"@id\":\"https:\\\/\\\/schoenstatt.com\\\/es\\\/iluminando-el-camino-hacia-el-31-de-mayo\\\/\"},\"wordCount\":416,\"publisher\":{\"@id\":\"https:\\\/\\\/schoenstatt.com\\\/es\\\/#organization\"},\"image\":{\"@id\":\"https:\\\/\\\/schoenstatt.com\\\/es\\\/iluminando-el-camino-hacia-el-31-de-mayo\\\/#primaryimage\"},\"thumbnailUrl\":\"https:\\\/\\\/schoenstatt.com\\\/wp-content\\\/uploads\\\/2024\\\/03\\\/31-de-mayo-1.jpg\",\"articleSection\":[\"Eventos\",\"Pa\u00edses\"],\"inLanguage\":\"es\"},{\"@type\":\"WebPage\",\"@id\":\"https:\\\/\\\/schoenstatt.com\\\/es\\\/iluminando-el-camino-hacia-el-31-de-mayo\\\/\",\"url\":\"https:\\\/\\\/schoenstatt.com\\\/es\\\/iluminando-el-camino-hacia-el-31-de-mayo\\\/\",\"name\":\"Iluminando el camino hacia el 31 de Mayo - Schoenstatt\",\"isPartOf\":{\"@id\":\"https:\\\/\\\/schoenstatt.com\\\/es\\\/#website\"},\"primaryImageOfPage\":{\"@id\":\"https:\\\/\\\/schoenstatt.com\\\/es\\\/iluminando-el-camino-hacia-el-31-de-mayo\\\/#primaryimage\"},\"image\":{\"@id\":\"https:\\\/\\\/schoenstatt.com\\\/es\\\/iluminando-el-camino-hacia-el-31-de-mayo\\\/#primaryimage\"},\"thumbnailUrl\":\"https:\\\/\\\/schoenstatt.com\\\/wp-content\\\/uploads\\\/2024\\\/03\\\/31-de-mayo-1.jpg\",\"datePublished\":\"2024-03-22T10:12:57+00:00\",\"dateModified\":\"2025-05-15T16:23:52+00:00\",\"description\":\"El aniversario del 31 de mayo nos interpela e invita a profundizar la misi\u00f3n de ser portadores del carisma de nuestro Padre y Fundador.\",\"breadcrumb\":{\"@id\":\"https:\\\/\\\/schoenstatt.com\\\/es\\\/iluminando-el-camino-hacia-el-31-de-mayo\\\/#breadcrumb\"},\"inLanguage\":\"es\",\"potentialAction\":[{\"@type\":\"ReadAction\",\"target\":[\"https:\\\/\\\/schoenstatt.com\\\/es\\\/iluminando-el-camino-hacia-el-31-de-mayo\\\/\"]}]},{\"@type\":\"ImageObject\",\"inLanguage\":\"es\",\"@id\":\"https:\\\/\\\/schoenstatt.com\\\/es\\\/iluminando-el-camino-hacia-el-31-de-mayo\\\/#primaryimage\",\"url\":\"https:\\\/\\\/schoenstatt.com\\\/wp-content\\\/uploads\\\/2024\\\/03\\\/31-de-mayo-1.jpg\",\"contentUrl\":\"https:\\\/\\\/schoenstatt.com\\\/wp-content\\\/uploads\\\/2024\\\/03\\\/31-de-mayo-1.jpg\",\"width\":1600,\"height\":739},{\"@type\":\"BreadcrumbList\",\"@id\":\"https:\\\/\\\/schoenstatt.com\\\/es\\\/iluminando-el-camino-hacia-el-31-de-mayo\\\/#breadcrumb\",\"itemListElement\":[{\"@type\":\"ListItem\",\"position\":1,\"name\":\"Portada\",\"item\":\"https:\\\/\\\/schoenstatt.com\\\/es\\\/home\\\/\"},{\"@type\":\"ListItem\",\"position\":2,\"name\":\"Iluminando el camino hacia el 31 de Mayo\"}]},{\"@type\":\"WebSite\",\"@id\":\"https:\\\/\\\/schoenstatt.com\\\/es\\\/#website\",\"url\":\"https:\\\/\\\/schoenstatt.com\\\/es\\\/\",\"name\":\"Schoenstatt\",\"description\":\"Apostolic Movement\",\"publisher\":{\"@id\":\"https:\\\/\\\/schoenstatt.com\\\/es\\\/#organization\"},\"potentialAction\":[{\"@type\":\"SearchAction\",\"target\":{\"@type\":\"EntryPoint\",\"urlTemplate\":\"https:\\\/\\\/schoenstatt.com\\\/es\\\/?s={search_term_string}\"},\"query-input\":{\"@type\":\"PropertyValueSpecification\",\"valueRequired\":true,\"valueName\":\"search_term_string\"}}],\"inLanguage\":\"es\"},{\"@type\":\"Organization\",\"@id\":\"https:\\\/\\\/schoenstatt.com\\\/es\\\/#organization\",\"name\":\"Schoenstatt\",\"url\":\"https:\\\/\\\/schoenstatt.com\\\/es\\\/\",\"logo\":{\"@type\":\"ImageObject\",\"inLanguage\":\"es\",\"@id\":\"https:\\\/\\\/schoenstatt.com\\\/es\\\/#\\\/schema\\\/logo\\\/image\\\/\",\"url\":\"https:\\\/\\\/schoenstatt.com\\\/wp-content\\\/uploads\\\/2025\\\/04\\\/logo-schoenstatt-white-696x696-1.png\",\"contentUrl\":\"https:\\\/\\\/schoenstatt.com\\\/wp-content\\\/uploads\\\/2025\\\/04\\\/logo-schoenstatt-white-696x696-1.png\",\"width\":696,\"height\":694,\"caption\":\"Schoenstatt\"},\"image\":{\"@id\":\"https:\\\/\\\/schoenstatt.com\\\/es\\\/#\\\/schema\\\/logo\\\/image\\\/\"}},{\"@type\":\"Person\",\"@id\":\"https:\\\/\\\/schoenstatt.com\\\/es\\\/#\\\/schema\\\/person\\\/5158877ad4acae98b34daaeef2a1ce6e\",\"name\":\"Karen Bueno\",\"image\":{\"@type\":\"ImageObject\",\"inLanguage\":\"es\",\"@id\":\"https:\\\/\\\/secure.gravatar.com\\\/avatar\\\/f9f4b823873154269d2b2130f195f6d41037dd0d7fc5f3cacb5c846bae70d66b?s=96&d=mm&r=g\",\"url\":\"https:\\\/\\\/secure.gravatar.com\\\/avatar\\\/f9f4b823873154269d2b2130f195f6d41037dd0d7fc5f3cacb5c846bae70d66b?s=96&d=mm&r=g\",\"contentUrl\":\"https:\\\/\\\/secure.gravatar.com\\\/avatar\\\/f9f4b823873154269d2b2130f195f6d41037dd0d7fc5f3cacb5c846bae70d66b?s=96&d=mm&r=g\",\"caption\":\"Karen Bueno\"},\"url\":\"https:\\\/\\\/schoenstatt.com\\\/es\\\/author\\\/karen-bueno\\\/\"}]}<\/script>\n<!-- \/ Yoast SEO Premium plugin. -->","yoast_head_json":{"title":"Iluminando el camino hacia el 31 de Mayo - Schoenstatt","description":"El aniversario del 31 de mayo nos interpela e invita a profundizar la misi\u00f3n de ser portadores del carisma de nuestro Padre y Fundador.","robots":{"index":"index","follow":"follow","max-snippet":"max-snippet:-1","max-image-preview":"max-image-preview:large","max-video-preview":"max-video-preview:-1"},"canonical":"https:\/\/schoenstatt.com\/es\/iluminando-el-camino-hacia-el-31-de-mayo\/","og_locale":"es_ES","og_type":"article","og_title":"Iluminando el camino hacia el 31 de Mayo","og_description":"El aniversario del 31 de mayo nos interpela e invita a profundizar la misi\u00f3n de ser portadores del carisma de nuestro Padre y Fundador.","og_url":"https:\/\/schoenstatt.com\/es\/iluminando-el-camino-hacia-el-31-de-mayo\/","og_site_name":"Schoenstatt","article_published_time":"2024-03-22T10:12:57+00:00","article_modified_time":"2025-05-15T16:23:52+00:00","og_image":[{"width":1600,"height":739,"url":"https:\/\/schoenstatt.com\/wp-content\/uploads\/2024\/03\/31-de-mayo-1.jpg","type":"image\/jpeg"}],"author":"Karen Bueno","twitter_card":"summary_large_image","twitter_misc":{"Escrito por":"Karen Bueno","Tiempo de lectura":"2 minutos"},"schema":{"@context":"https:\/\/schema.org","@graph":[{"@type":"Article","@id":"https:\/\/schoenstatt.com\/es\/iluminando-el-camino-hacia-el-31-de-mayo\/#article","isPartOf":{"@id":"https:\/\/schoenstatt.com\/es\/iluminando-el-camino-hacia-el-31-de-mayo\/"},"author":{"name":"Karen Bueno","@id":"https:\/\/schoenstatt.com\/es\/#\/schema\/person\/5158877ad4acae98b34daaeef2a1ce6e"},"headline":"Iluminando el camino hacia el 31 de Mayo","datePublished":"2024-03-22T10:12:57+00:00","dateModified":"2025-05-15T16:23:52+00:00","mainEntityOfPage":{"@id":"https:\/\/schoenstatt.com\/es\/iluminando-el-camino-hacia-el-31-de-mayo\/"},"wordCount":416,"publisher":{"@id":"https:\/\/schoenstatt.com\/es\/#organization"},"image":{"@id":"https:\/\/schoenstatt.com\/es\/iluminando-el-camino-hacia-el-31-de-mayo\/#primaryimage"},"thumbnailUrl":"https:\/\/schoenstatt.com\/wp-content\/uploads\/2024\/03\/31-de-mayo-1.jpg","articleSection":["Eventos","Pa\u00edses"],"inLanguage":"es"},{"@type":"WebPage","@id":"https:\/\/schoenstatt.com\/es\/iluminando-el-camino-hacia-el-31-de-mayo\/","url":"https:\/\/schoenstatt.com\/es\/iluminando-el-camino-hacia-el-31-de-mayo\/","name":"Iluminando el camino hacia el 31 de Mayo - Schoenstatt","isPartOf":{"@id":"https:\/\/schoenstatt.com\/es\/#website"},"primaryImageOfPage":{"@id":"https:\/\/schoenstatt.com\/es\/iluminando-el-camino-hacia-el-31-de-mayo\/#primaryimage"},"image":{"@id":"https:\/\/schoenstatt.com\/es\/iluminando-el-camino-hacia-el-31-de-mayo\/#primaryimage"},"thumbnailUrl":"https:\/\/schoenstatt.com\/wp-content\/uploads\/2024\/03\/31-de-mayo-1.jpg","datePublished":"2024-03-22T10:12:57+00:00","dateModified":"2025-05-15T16:23:52+00:00","description":"El aniversario del 31 de mayo nos interpela e invita a profundizar la misi\u00f3n de ser portadores del carisma de nuestro Padre y Fundador.","breadcrumb":{"@id":"https:\/\/schoenstatt.com\/es\/iluminando-el-camino-hacia-el-31-de-mayo\/#breadcrumb"},"inLanguage":"es","potentialAction":[{"@type":"ReadAction","target":["https:\/\/schoenstatt.com\/es\/iluminando-el-camino-hacia-el-31-de-mayo\/"]}]},{"@type":"ImageObject","inLanguage":"es","@id":"https:\/\/schoenstatt.com\/es\/iluminando-el-camino-hacia-el-31-de-mayo\/#primaryimage","url":"https:\/\/schoenstatt.com\/wp-content\/uploads\/2024\/03\/31-de-mayo-1.jpg","contentUrl":"https:\/\/schoenstatt.com\/wp-content\/uploads\/2024\/03\/31-de-mayo-1.jpg","width":1600,"height":739},{"@type":"BreadcrumbList","@id":"https:\/\/schoenstatt.com\/es\/iluminando-el-camino-hacia-el-31-de-mayo\/#breadcrumb","itemListElement":[{"@type":"ListItem","position":1,"name":"Portada","item":"https:\/\/schoenstatt.com\/es\/home\/"},{"@type":"ListItem","position":2,"name":"Iluminando el camino hacia el 31 de Mayo"}]},{"@type":"WebSite","@id":"https:\/\/schoenstatt.com\/es\/#website","url":"https:\/\/schoenstatt.com\/es\/","name":"Schoenstatt","description":"Apostolic Movement","publisher":{"@id":"https:\/\/schoenstatt.com\/es\/#organization"},"potentialAction":[{"@type":"SearchAction","target":{"@type":"EntryPoint","urlTemplate":"https:\/\/schoenstatt.com\/es\/?s={search_term_string}"},"query-input":{"@type":"PropertyValueSpecification","valueRequired":true,"valueName":"search_term_string"}}],"inLanguage":"es"},{"@type":"Organization","@id":"https:\/\/schoenstatt.com\/es\/#organization","name":"Schoenstatt","url":"https:\/\/schoenstatt.com\/es\/","logo":{"@type":"ImageObject","inLanguage":"es","@id":"https:\/\/schoenstatt.com\/es\/#\/schema\/logo\/image\/","url":"https:\/\/schoenstatt.com\/wp-content\/uploads\/2025\/04\/logo-schoenstatt-white-696x696-1.png","contentUrl":"https:\/\/schoenstatt.com\/wp-content\/uploads\/2025\/04\/logo-schoenstatt-white-696x696-1.png","width":696,"height":694,"caption":"Schoenstatt"},"image":{"@id":"https:\/\/schoenstatt.com\/es\/#\/schema\/logo\/image\/"}},{"@type":"Person","@id":"https:\/\/schoenstatt.com\/es\/#\/schema\/person\/5158877ad4acae98b34daaeef2a1ce6e","name":"Karen Bueno","image":{"@type":"ImageObject","inLanguage":"es","@id":"https:\/\/secure.gravatar.com\/avatar\/f9f4b823873154269d2b2130f195f6d41037dd0d7fc5f3cacb5c846bae70d66b?s=96&d=mm&r=g","url":"https:\/\/secure.gravatar.com\/avatar\/f9f4b823873154269d2b2130f195f6d41037dd0d7fc5f3cacb5c846bae70d66b?s=96&d=mm&r=g","contentUrl":"https:\/\/secure.gravatar.com\/avatar\/f9f4b823873154269d2b2130f195f6d41037dd0d7fc5f3cacb5c846bae70d66b?s=96&d=mm&r=g","caption":"Karen Bueno"},"url":"https:\/\/schoenstatt.com\/es\/author\/karen-bueno\/"}]}},"_links":{"self":[{"href":"https:\/\/schoenstatt.com\/es\/wp-json\/wp\/v2\/posts\/35182","targetHints":{"allow":["GET"]}}],"collection":[{"href":"https:\/\/schoenstatt.com\/es\/wp-json\/wp\/v2\/posts"}],"about":[{"href":"https:\/\/schoenstatt.com\/es\/wp-json\/wp\/v2\/types\/post"}],"author":[{"embeddable":true,"href":"https:\/\/schoenstatt.com\/es\/wp-json\/wp\/v2\/users\/3"}],"replies":[{"embeddable":true,"href":"https:\/\/schoenstatt.com\/es\/wp-json\/wp\/v2\/comments?post=35182"}],"version-history":[{"count":1,"href":"https:\/\/schoenstatt.com\/es\/wp-json\/wp\/v2\/posts\/35182\/revisions"}],"predecessor-version":[{"id":46766,"href":"https:\/\/schoenstatt.com\/es\/wp-json\/wp\/v2\/posts\/35182\/revisions\/46766"}],"wp:featuredmedia":[{"embeddable":true,"href":"https:\/\/schoenstatt.com\/es\/wp-json\/wp\/v2\/media\/35183"}],"wp:attachment":[{"href":"https:\/\/schoenstatt.com\/es\/wp-json\/wp\/v2\/media?parent=35182"}],"wp:term":[{"taxonomy":"category","embeddable":true,"href":"https:\/\/schoenstatt.com\/es\/wp-json\/wp\/v2\/categories?post=35182"},{"taxonomy":"post_tag","embeddable":true,"href":"https:\/\/schoenstatt.com\/es\/wp-json\/wp\/v2\/tags?post=35182"}],"curies":[{"name":"wp","href":"https:\/\/api.w.org\/{rel}","templated":true}]}}