{"id":35111,"date":"2024-03-19T06:36:56","date_gmt":"2024-03-19T05:36:56","guid":{"rendered":"https:\/\/schoenstatt.com\/?p=35111"},"modified":"2025-05-15T01:36:13","modified_gmt":"2025-05-14T23:36:13","slug":"san-jose-un-liderazgo-de-servicio-radical","status":"publish","type":"post","link":"https:\/\/schoenstatt.com\/es\/san-jose-un-liderazgo-de-servicio-radical\/","title":{"rendered":"San Jos\u00e9: Un liderazgo de servicio radical"},"content":{"rendered":"<p>Cuando hablamos de liderazgo, se tiende a traer a la mente la imagen de personas de gran figuraci\u00f3n p\u00fablica o privada, con poder de decisi\u00f3n y muchas personas a su cargo. Sin embargo, cuando hablamos de <a href=\"https:\/\/schoenstatt.com\/es\/espiritualidad\/el-mejor-aliado-de-maria\/\">San Jos\u00e9<\/a>, esposo de la Virgen Mar\u00eda, pareciera que no existe una asociaci\u00f3n evidente entre su persona y el concepto de liderazgo.<\/p>\n<p>\u00bfFue San Jos\u00e9 un l\u00edder entregado al servicio radical y puede ser considerado como modelo para los l\u00edderes de hoy? En estas l\u00edneas intentaremos clarificar si esto es factible. Para ello, es necesario recordar algunas caracter\u00edsticas de la personalidad de San Jos\u00e9 y su actuaci\u00f3n en la historia de la Sagrada Familia de Nazaret.<\/p>\n<h3>Descendiente de un rey<\/h3>\n<p>En primer lugar, hay que recordar que Jos\u00e9 es descendiente del linaje del Rey David, respecto del cual se anuncia en el Antiguo Testamento, que nacer\u00e1 el Salvador. Por tanto, desde toda eternidad nuestro querido Jos\u00e9 ten\u00eda asignado un rol central en la historia de salvaci\u00f3n. Esto nos plantea la recurrente pregunta acerca de si un l\u00edder nace como tal o se hace.<\/p>\n<h3>\u00c9l se pone a disposici\u00f3n sin vacilar<\/h3>\n<p>En el Nuevo Testamento hace su aparici\u00f3n como el esposo de la Virgen Mar\u00eda, que sufre el desconcierto al saber que Ella est\u00e1 embarazada sin haber vivido juntos. \u00bfQu\u00e9 hace? Decide repudiarla en privado. Es decir, asume una actitud de una dignidad y altura que no cualquiera es capaz de tener. \u00bfNo es acaso esta calidad personal de Jos\u00e9, un rasgo que todos exigimos de los buenos l\u00edderes?<\/p>\n<p>Una vez que el \u00c1ngel del Se\u00f1or le deja claro el origen del ni\u00f1o que nacer\u00e1 de su esposa, \u00e9l se pone a disposici\u00f3n de Dios sin vacilar, llevando a Mar\u00eda a vivir con \u00e9l y asumiendo la paternidad adoptiva de Jes\u00fas. En otras palabras, \u00e9l reconoce la voluntad amorosa de Dios, da su propio FIAT a \u00e9sta y la asume con todas las consecuencias que ella implica. <strong>En nuestro \u00e1mbito religioso, una condici\u00f3n fundamental para quien quiera ser un l\u00edder, es la capacidad de escuchar a Dios, discernir su voluntad y adherir sin vacilaciones a ella.<\/strong><\/p>\n<h3>Vivir por un ideal<\/h3>\n<p>De ah\u00ed en adelante, \u00e9l cuidar\u00e1 a la Sagrada Familia y estar\u00e1 plenamente a su disposici\u00f3n. Esto significa que har\u00e1 del servicio a la vida parte esencial de su vocaci\u00f3n (los schoenstattianos dir\u00edamos \u2018de su ideal personal\u2019). Ejercer\u00e1 su rol de proveedor y protector de la familia, as\u00ed como la paternidad de Jes\u00fas, con la alta exigencia de educar al mismo Salvador. Es en la realizaci\u00f3n de estas tareas, en las que resplandecen otros rasgos que nos gustar\u00eda destacar:<\/p>\n<p>La templanza de San Jos\u00e9. \u00c9sta ya se muestra ante la dificultad enfrentada con la noticia del embarazo de Mar\u00eda, se consolida durante la huida a Egipto y se juega decididamente en la relaci\u00f3n virginal con su esposa, condici\u00f3n que demanda de \u00e9l magnanimidad y gran dominio de s\u00ed mismo.<\/p>\n<h3>La servicialidad silenciosa<\/h3>\n<p>En su trabajo como carpintero, en la vida familiar y en su relaci\u00f3n con el entorno, Jos\u00e9 se entrega a los dem\u00e1s sin aspavientos y sin grandes discursos. \u00a1Cu\u00e1nto criticamos a los l\u00edderes que muestran lo que hacen con costosas campa\u00f1as publicitarias y cu\u00e1nto valoramos a los que sirven en silencio!<\/p>\n<p><strong>La humildad<\/strong> es otro de los rasgos que resaltamos en \u00e9l. El Se\u00f1or le ha pedido creer en la acci\u00f3n del Esp\u00edritu sobre su esposa y \u00e9l lo hace sin pedir ni exigir recompensas ni poner condiciones. Podr\u00eda haber sacado provecho de lo ocurrido, pidi\u00e9ndole a Dios compensaciones, pero el opta por una actitud humilde ante Dios, reconociendo su realidad tal cual es y, desde \u00e9sa, poni\u00e9ndose a disposici\u00f3n de su voluntad. Pareciera a veces que la humildad se opone al liderazgo, sin embargo, uno de los rasgos que impresionan en indiscutibles l\u00edderes como la Madre Teresa de Calcuta o Mahatma Gandhi es precisamente la humildad.<\/p>\n<h3>Un hombre justo<\/h3>\n<p>Jos\u00e9 es un hombre justo, seg\u00fan el concepto de la Sagrada Escritura. \u00c9ste dice relaci\u00f3n con la filialidad ante Dios y la fidelidad a sus mandamientos, as\u00ed como con la capacidad de distinguir entre el bien y el mal y \u2013 por tanto \u2013 ser recto en el actuar. <strong>Probablemente uno de los atributos que m\u00e1s se exigen hoy a los l\u00edderes es precisamente \u00e9ste, porque exige cierto grado de objetividad para no acomodar las grandes verdades a sus intereses particulares.<\/strong><\/p>\n<p>Es por todas estas caracter\u00edsticas que San Jos\u00e9 se convirti\u00f3 en una persona capaz de realizar fielmente la voluntad de Dios, de realizar plenamente su misi\u00f3n en el mundo y de ser parte esencial del acontecimiento m\u00e1s grande de la historia de la humanidad, cual es la salvaci\u00f3n que nos trae Jesucristo.<\/p>\n<h2>Un modelo para m\u00ed<\/h2>\n<p>Por ello, nos atrevemos a aseverar sin dudas, que San Jos\u00e9 es un modelo de liderazgo v\u00e1lido para estos tiempos, en que la sociedad reclama de sus l\u00edderes profundidad de vida, templanza, principios, consecuencia con \u00e9stos, sencillez y humildad, justicia y entrega incondicional a la misi\u00f3n que se les ha dado.<\/p>\n<p>Finalmente, no podemos dejar de mencionar a un Jos\u00e9 moderno, que encarn\u00f3 muchas de las virtudes de San Jos\u00e9: El Padre Jos\u00e9 Kentenich. En \u00e9l podemos descubrir c\u00f3mo se pueden vivir rasgos de San Jos\u00e9 en medio del tiempo actual, con todas sus convulsiones, contradicciones y desaf\u00edos.<\/p>\n<p>San Jos\u00e9 \u00a1implora para nuestros l\u00edderes la gracia de vivir un liderazgo de servicio radical!<\/p>\n","protected":false},"excerpt":{"rendered":"<p>Todo schoenstattiano est\u00e1 llamado a ser un l\u00edder y a construir una nueva sociedad. Mira c\u00f3mo San Jos\u00e9 puede ayudarnos: \u00a1es una gran inspiraci\u00f3n para el protagonismo y el liderazgo!  <\/p>\n","protected":false},"author":3,"featured_media":35105,"comment_status":"closed","ping_status":"closed","sticky":false,"template":"","format":"standard","meta":{"footnotes":""},"categories":[917],"tags":[],"class_list":["post-35111","post","type-post","status-publish","format-standard","has-post-thumbnail","hentry","category-espiritualidad-es"],"yoast_head":"<!-- This site is optimized with the Yoast SEO Premium plugin v27.4 (Yoast SEO v27.5) - https:\/\/yoast.com\/product\/yoast-seo-premium-wordpress\/ -->\n<title>San Jos\u00e9: Un liderazgo de servicio radical - Schoenstatt<\/title>\n<meta name=\"description\" content=\"Todo schoenstattiano est\u00e1 llamado a ser un l\u00edder y a construir una nueva sociedad. Mira c\u00f3mo San Jos\u00e9 puede ayudarnos!\" \/>\n<meta name=\"robots\" content=\"index, follow, max-snippet:-1, max-image-preview:large, max-video-preview:-1\" \/>\n<link rel=\"canonical\" href=\"https:\/\/schoenstatt.com\/es\/san-jose-un-liderazgo-de-servicio-radical\/\" \/>\n<meta property=\"og:locale\" content=\"es_ES\" \/>\n<meta property=\"og:type\" content=\"article\" \/>\n<meta property=\"og:title\" content=\"San Jos\u00e9: Un liderazgo de servicio radical\" \/>\n<meta property=\"og:description\" content=\"Todo schoenstattiano est\u00e1 llamado a ser un l\u00edder y a construir una nueva sociedad. Mira c\u00f3mo San Jos\u00e9 puede ayudarnos!\" \/>\n<meta property=\"og:url\" content=\"https:\/\/schoenstatt.com\/es\/san-jose-un-liderazgo-de-servicio-radical\/\" \/>\n<meta property=\"og:site_name\" content=\"Schoenstatt\" \/>\n<meta property=\"article:published_time\" content=\"2024-03-19T05:36:56+00:00\" \/>\n<meta property=\"article:modified_time\" content=\"2025-05-14T23:36:13+00:00\" \/>\n<meta property=\"og:image\" content=\"https:\/\/schoenstatt.com\/wp-content\/uploads\/2024\/03\/holy-family-natal-navidad-christmas-1.jpg\" \/>\n\t<meta property=\"og:image:width\" content=\"2048\" \/>\n\t<meta property=\"og:image:height\" content=\"1309\" \/>\n\t<meta property=\"og:image:type\" content=\"image\/jpeg\" \/>\n<meta name=\"author\" content=\"Karen Bueno\" \/>\n<meta name=\"twitter:card\" content=\"summary_large_image\" \/>\n<meta name=\"twitter:label1\" content=\"Escrito por\" \/>\n\t<meta name=\"twitter:data1\" content=\"Karen Bueno\" \/>\n\t<meta name=\"twitter:label2\" content=\"Tiempo de lectura\" \/>\n\t<meta name=\"twitter:data2\" content=\"4 minutos\" \/>\n<script type=\"application\/ld+json\" class=\"yoast-schema-graph\">{\"@context\":\"https:\\\/\\\/schema.org\",\"@graph\":[{\"@type\":\"Article\",\"@id\":\"https:\\\/\\\/schoenstatt.com\\\/es\\\/san-jose-un-liderazgo-de-servicio-radical\\\/#article\",\"isPartOf\":{\"@id\":\"https:\\\/\\\/schoenstatt.com\\\/es\\\/san-jose-un-liderazgo-de-servicio-radical\\\/\"},\"author\":{\"name\":\"Karen Bueno\",\"@id\":\"https:\\\/\\\/schoenstatt.com\\\/es\\\/#\\\/schema\\\/person\\\/5158877ad4acae98b34daaeef2a1ce6e\"},\"headline\":\"San Jos\u00e9: Un liderazgo de servicio radical\",\"datePublished\":\"2024-03-19T05:36:56+00:00\",\"dateModified\":\"2025-05-14T23:36:13+00:00\",\"mainEntityOfPage\":{\"@id\":\"https:\\\/\\\/schoenstatt.com\\\/es\\\/san-jose-un-liderazgo-de-servicio-radical\\\/\"},\"wordCount\":963,\"publisher\":{\"@id\":\"https:\\\/\\\/schoenstatt.com\\\/es\\\/#organization\"},\"image\":{\"@id\":\"https:\\\/\\\/schoenstatt.com\\\/es\\\/san-jose-un-liderazgo-de-servicio-radical\\\/#primaryimage\"},\"thumbnailUrl\":\"https:\\\/\\\/schoenstatt.com\\\/wp-content\\\/uploads\\\/2024\\\/03\\\/holy-family-natal-navidad-christmas-1.jpg\",\"articleSection\":[\"Espiritualidad\"],\"inLanguage\":\"es\"},{\"@type\":\"WebPage\",\"@id\":\"https:\\\/\\\/schoenstatt.com\\\/es\\\/san-jose-un-liderazgo-de-servicio-radical\\\/\",\"url\":\"https:\\\/\\\/schoenstatt.com\\\/es\\\/san-jose-un-liderazgo-de-servicio-radical\\\/\",\"name\":\"San Jos\u00e9: Un liderazgo de servicio radical - Schoenstatt\",\"isPartOf\":{\"@id\":\"https:\\\/\\\/schoenstatt.com\\\/es\\\/#website\"},\"primaryImageOfPage\":{\"@id\":\"https:\\\/\\\/schoenstatt.com\\\/es\\\/san-jose-un-liderazgo-de-servicio-radical\\\/#primaryimage\"},\"image\":{\"@id\":\"https:\\\/\\\/schoenstatt.com\\\/es\\\/san-jose-un-liderazgo-de-servicio-radical\\\/#primaryimage\"},\"thumbnailUrl\":\"https:\\\/\\\/schoenstatt.com\\\/wp-content\\\/uploads\\\/2024\\\/03\\\/holy-family-natal-navidad-christmas-1.jpg\",\"datePublished\":\"2024-03-19T05:36:56+00:00\",\"dateModified\":\"2025-05-14T23:36:13+00:00\",\"description\":\"Todo schoenstattiano est\u00e1 llamado a ser un l\u00edder y a construir una nueva sociedad. Mira c\u00f3mo San Jos\u00e9 puede ayudarnos!\",\"breadcrumb\":{\"@id\":\"https:\\\/\\\/schoenstatt.com\\\/es\\\/san-jose-un-liderazgo-de-servicio-radical\\\/#breadcrumb\"},\"inLanguage\":\"es\",\"potentialAction\":[{\"@type\":\"ReadAction\",\"target\":[\"https:\\\/\\\/schoenstatt.com\\\/es\\\/san-jose-un-liderazgo-de-servicio-radical\\\/\"]}]},{\"@type\":\"ImageObject\",\"inLanguage\":\"es\",\"@id\":\"https:\\\/\\\/schoenstatt.com\\\/es\\\/san-jose-un-liderazgo-de-servicio-radical\\\/#primaryimage\",\"url\":\"https:\\\/\\\/schoenstatt.com\\\/wp-content\\\/uploads\\\/2024\\\/03\\\/holy-family-natal-navidad-christmas-1.jpg\",\"contentUrl\":\"https:\\\/\\\/schoenstatt.com\\\/wp-content\\\/uploads\\\/2024\\\/03\\\/holy-family-natal-navidad-christmas-1.jpg\",\"width\":2048,\"height\":1309},{\"@type\":\"BreadcrumbList\",\"@id\":\"https:\\\/\\\/schoenstatt.com\\\/es\\\/san-jose-un-liderazgo-de-servicio-radical\\\/#breadcrumb\",\"itemListElement\":[{\"@type\":\"ListItem\",\"position\":1,\"name\":\"Portada\",\"item\":\"https:\\\/\\\/schoenstatt.com\\\/es\\\/home\\\/\"},{\"@type\":\"ListItem\",\"position\":2,\"name\":\"San Jos\u00e9: Un liderazgo de servicio radical\"}]},{\"@type\":\"WebSite\",\"@id\":\"https:\\\/\\\/schoenstatt.com\\\/es\\\/#website\",\"url\":\"https:\\\/\\\/schoenstatt.com\\\/es\\\/\",\"name\":\"Schoenstatt\",\"description\":\"Apostolic Movement\",\"publisher\":{\"@id\":\"https:\\\/\\\/schoenstatt.com\\\/es\\\/#organization\"},\"potentialAction\":[{\"@type\":\"SearchAction\",\"target\":{\"@type\":\"EntryPoint\",\"urlTemplate\":\"https:\\\/\\\/schoenstatt.com\\\/es\\\/?s={search_term_string}\"},\"query-input\":{\"@type\":\"PropertyValueSpecification\",\"valueRequired\":true,\"valueName\":\"search_term_string\"}}],\"inLanguage\":\"es\"},{\"@type\":\"Organization\",\"@id\":\"https:\\\/\\\/schoenstatt.com\\\/es\\\/#organization\",\"name\":\"Schoenstatt\",\"url\":\"https:\\\/\\\/schoenstatt.com\\\/es\\\/\",\"logo\":{\"@type\":\"ImageObject\",\"inLanguage\":\"es\",\"@id\":\"https:\\\/\\\/schoenstatt.com\\\/es\\\/#\\\/schema\\\/logo\\\/image\\\/\",\"url\":\"https:\\\/\\\/schoenstatt.com\\\/wp-content\\\/uploads\\\/2025\\\/04\\\/logo-schoenstatt-white-696x696-1.png\",\"contentUrl\":\"https:\\\/\\\/schoenstatt.com\\\/wp-content\\\/uploads\\\/2025\\\/04\\\/logo-schoenstatt-white-696x696-1.png\",\"width\":696,\"height\":694,\"caption\":\"Schoenstatt\"},\"image\":{\"@id\":\"https:\\\/\\\/schoenstatt.com\\\/es\\\/#\\\/schema\\\/logo\\\/image\\\/\"}},{\"@type\":\"Person\",\"@id\":\"https:\\\/\\\/schoenstatt.com\\\/es\\\/#\\\/schema\\\/person\\\/5158877ad4acae98b34daaeef2a1ce6e\",\"name\":\"Karen Bueno\",\"image\":{\"@type\":\"ImageObject\",\"inLanguage\":\"es\",\"@id\":\"https:\\\/\\\/secure.gravatar.com\\\/avatar\\\/f9f4b823873154269d2b2130f195f6d41037dd0d7fc5f3cacb5c846bae70d66b?s=96&d=mm&r=g\",\"url\":\"https:\\\/\\\/secure.gravatar.com\\\/avatar\\\/f9f4b823873154269d2b2130f195f6d41037dd0d7fc5f3cacb5c846bae70d66b?s=96&d=mm&r=g\",\"contentUrl\":\"https:\\\/\\\/secure.gravatar.com\\\/avatar\\\/f9f4b823873154269d2b2130f195f6d41037dd0d7fc5f3cacb5c846bae70d66b?s=96&d=mm&r=g\",\"caption\":\"Karen Bueno\"},\"url\":\"https:\\\/\\\/schoenstatt.com\\\/es\\\/author\\\/karen-bueno\\\/\"}]}<\/script>\n<!-- \/ Yoast SEO Premium plugin. -->","yoast_head_json":{"title":"San Jos\u00e9: Un liderazgo de servicio radical - Schoenstatt","description":"Todo schoenstattiano est\u00e1 llamado a ser un l\u00edder y a construir una nueva sociedad. Mira c\u00f3mo San Jos\u00e9 puede ayudarnos!","robots":{"index":"index","follow":"follow","max-snippet":"max-snippet:-1","max-image-preview":"max-image-preview:large","max-video-preview":"max-video-preview:-1"},"canonical":"https:\/\/schoenstatt.com\/es\/san-jose-un-liderazgo-de-servicio-radical\/","og_locale":"es_ES","og_type":"article","og_title":"San Jos\u00e9: Un liderazgo de servicio radical","og_description":"Todo schoenstattiano est\u00e1 llamado a ser un l\u00edder y a construir una nueva sociedad. Mira c\u00f3mo San Jos\u00e9 puede ayudarnos!","og_url":"https:\/\/schoenstatt.com\/es\/san-jose-un-liderazgo-de-servicio-radical\/","og_site_name":"Schoenstatt","article_published_time":"2024-03-19T05:36:56+00:00","article_modified_time":"2025-05-14T23:36:13+00:00","og_image":[{"width":2048,"height":1309,"url":"https:\/\/schoenstatt.com\/wp-content\/uploads\/2024\/03\/holy-family-natal-navidad-christmas-1.jpg","type":"image\/jpeg"}],"author":"Karen Bueno","twitter_card":"summary_large_image","twitter_misc":{"Escrito por":"Karen Bueno","Tiempo de lectura":"4 minutos"},"schema":{"@context":"https:\/\/schema.org","@graph":[{"@type":"Article","@id":"https:\/\/schoenstatt.com\/es\/san-jose-un-liderazgo-de-servicio-radical\/#article","isPartOf":{"@id":"https:\/\/schoenstatt.com\/es\/san-jose-un-liderazgo-de-servicio-radical\/"},"author":{"name":"Karen Bueno","@id":"https:\/\/schoenstatt.com\/es\/#\/schema\/person\/5158877ad4acae98b34daaeef2a1ce6e"},"headline":"San Jos\u00e9: Un liderazgo de servicio radical","datePublished":"2024-03-19T05:36:56+00:00","dateModified":"2025-05-14T23:36:13+00:00","mainEntityOfPage":{"@id":"https:\/\/schoenstatt.com\/es\/san-jose-un-liderazgo-de-servicio-radical\/"},"wordCount":963,"publisher":{"@id":"https:\/\/schoenstatt.com\/es\/#organization"},"image":{"@id":"https:\/\/schoenstatt.com\/es\/san-jose-un-liderazgo-de-servicio-radical\/#primaryimage"},"thumbnailUrl":"https:\/\/schoenstatt.com\/wp-content\/uploads\/2024\/03\/holy-family-natal-navidad-christmas-1.jpg","articleSection":["Espiritualidad"],"inLanguage":"es"},{"@type":"WebPage","@id":"https:\/\/schoenstatt.com\/es\/san-jose-un-liderazgo-de-servicio-radical\/","url":"https:\/\/schoenstatt.com\/es\/san-jose-un-liderazgo-de-servicio-radical\/","name":"San Jos\u00e9: Un liderazgo de servicio radical - Schoenstatt","isPartOf":{"@id":"https:\/\/schoenstatt.com\/es\/#website"},"primaryImageOfPage":{"@id":"https:\/\/schoenstatt.com\/es\/san-jose-un-liderazgo-de-servicio-radical\/#primaryimage"},"image":{"@id":"https:\/\/schoenstatt.com\/es\/san-jose-un-liderazgo-de-servicio-radical\/#primaryimage"},"thumbnailUrl":"https:\/\/schoenstatt.com\/wp-content\/uploads\/2024\/03\/holy-family-natal-navidad-christmas-1.jpg","datePublished":"2024-03-19T05:36:56+00:00","dateModified":"2025-05-14T23:36:13+00:00","description":"Todo schoenstattiano est\u00e1 llamado a ser un l\u00edder y a construir una nueva sociedad. Mira c\u00f3mo San Jos\u00e9 puede ayudarnos!","breadcrumb":{"@id":"https:\/\/schoenstatt.com\/es\/san-jose-un-liderazgo-de-servicio-radical\/#breadcrumb"},"inLanguage":"es","potentialAction":[{"@type":"ReadAction","target":["https:\/\/schoenstatt.com\/es\/san-jose-un-liderazgo-de-servicio-radical\/"]}]},{"@type":"ImageObject","inLanguage":"es","@id":"https:\/\/schoenstatt.com\/es\/san-jose-un-liderazgo-de-servicio-radical\/#primaryimage","url":"https:\/\/schoenstatt.com\/wp-content\/uploads\/2024\/03\/holy-family-natal-navidad-christmas-1.jpg","contentUrl":"https:\/\/schoenstatt.com\/wp-content\/uploads\/2024\/03\/holy-family-natal-navidad-christmas-1.jpg","width":2048,"height":1309},{"@type":"BreadcrumbList","@id":"https:\/\/schoenstatt.com\/es\/san-jose-un-liderazgo-de-servicio-radical\/#breadcrumb","itemListElement":[{"@type":"ListItem","position":1,"name":"Portada","item":"https:\/\/schoenstatt.com\/es\/home\/"},{"@type":"ListItem","position":2,"name":"San Jos\u00e9: Un liderazgo de servicio radical"}]},{"@type":"WebSite","@id":"https:\/\/schoenstatt.com\/es\/#website","url":"https:\/\/schoenstatt.com\/es\/","name":"Schoenstatt","description":"Apostolic Movement","publisher":{"@id":"https:\/\/schoenstatt.com\/es\/#organization"},"potentialAction":[{"@type":"SearchAction","target":{"@type":"EntryPoint","urlTemplate":"https:\/\/schoenstatt.com\/es\/?s={search_term_string}"},"query-input":{"@type":"PropertyValueSpecification","valueRequired":true,"valueName":"search_term_string"}}],"inLanguage":"es"},{"@type":"Organization","@id":"https:\/\/schoenstatt.com\/es\/#organization","name":"Schoenstatt","url":"https:\/\/schoenstatt.com\/es\/","logo":{"@type":"ImageObject","inLanguage":"es","@id":"https:\/\/schoenstatt.com\/es\/#\/schema\/logo\/image\/","url":"https:\/\/schoenstatt.com\/wp-content\/uploads\/2025\/04\/logo-schoenstatt-white-696x696-1.png","contentUrl":"https:\/\/schoenstatt.com\/wp-content\/uploads\/2025\/04\/logo-schoenstatt-white-696x696-1.png","width":696,"height":694,"caption":"Schoenstatt"},"image":{"@id":"https:\/\/schoenstatt.com\/es\/#\/schema\/logo\/image\/"}},{"@type":"Person","@id":"https:\/\/schoenstatt.com\/es\/#\/schema\/person\/5158877ad4acae98b34daaeef2a1ce6e","name":"Karen Bueno","image":{"@type":"ImageObject","inLanguage":"es","@id":"https:\/\/secure.gravatar.com\/avatar\/f9f4b823873154269d2b2130f195f6d41037dd0d7fc5f3cacb5c846bae70d66b?s=96&d=mm&r=g","url":"https:\/\/secure.gravatar.com\/avatar\/f9f4b823873154269d2b2130f195f6d41037dd0d7fc5f3cacb5c846bae70d66b?s=96&d=mm&r=g","contentUrl":"https:\/\/secure.gravatar.com\/avatar\/f9f4b823873154269d2b2130f195f6d41037dd0d7fc5f3cacb5c846bae70d66b?s=96&d=mm&r=g","caption":"Karen Bueno"},"url":"https:\/\/schoenstatt.com\/es\/author\/karen-bueno\/"}]}},"_links":{"self":[{"href":"https:\/\/schoenstatt.com\/es\/wp-json\/wp\/v2\/posts\/35111","targetHints":{"allow":["GET"]}}],"collection":[{"href":"https:\/\/schoenstatt.com\/es\/wp-json\/wp\/v2\/posts"}],"about":[{"href":"https:\/\/schoenstatt.com\/es\/wp-json\/wp\/v2\/types\/post"}],"author":[{"embeddable":true,"href":"https:\/\/schoenstatt.com\/es\/wp-json\/wp\/v2\/users\/3"}],"replies":[{"embeddable":true,"href":"https:\/\/schoenstatt.com\/es\/wp-json\/wp\/v2\/comments?post=35111"}],"version-history":[{"count":1,"href":"https:\/\/schoenstatt.com\/es\/wp-json\/wp\/v2\/posts\/35111\/revisions"}],"predecessor-version":[{"id":46748,"href":"https:\/\/schoenstatt.com\/es\/wp-json\/wp\/v2\/posts\/35111\/revisions\/46748"}],"wp:featuredmedia":[{"embeddable":true,"href":"https:\/\/schoenstatt.com\/es\/wp-json\/wp\/v2\/media\/35105"}],"wp:attachment":[{"href":"https:\/\/schoenstatt.com\/es\/wp-json\/wp\/v2\/media?parent=35111"}],"wp:term":[{"taxonomy":"category","embeddable":true,"href":"https:\/\/schoenstatt.com\/es\/wp-json\/wp\/v2\/categories?post=35111"},{"taxonomy":"post_tag","embeddable":true,"href":"https:\/\/schoenstatt.com\/es\/wp-json\/wp\/v2\/tags?post=35111"}],"curies":[{"name":"wp","href":"https:\/\/api.w.org\/{rel}","templated":true}]}}