{"id":35100,"date":"2024-03-15T09:27:54","date_gmt":"2024-03-15T08:27:54","guid":{"rendered":"https:\/\/schoenstatt.com\/espiritualidad\/membros-dos-institutos-seculares-de-schoenstatt-se-reunem\/"},"modified":"2025-05-15T00:32:14","modified_gmt":"2025-05-14T22:32:14","slug":"miembros-de-los-institutos-seculares-se-encuentran-en-schoenstatt","status":"publish","type":"post","link":"https:\/\/schoenstatt.com\/es\/miembros-de-los-institutos-seculares-se-encuentran-en-schoenstatt\/","title":{"rendered":"Miembros de los institutos seculares se encuentran en Schoenstatt"},"content":{"rendered":"<p>Del 23 al 25 de febrero, 28 miembros de los <a href=\"https:\/\/schoenstatt.com\/es\/familia\/comunidades-de-schoenstatt\/\">seis institutos de Schoenstatt<\/a> se reunieron para una conferencia en Schoenstatt en el Monte Moriah. La conferencia de este a\u00f1o continu\u00f3 la serie de encuentros alentadores, familiares y ricos en contenido, y estuvo dedicada por segunda vez al consejo evang\u00e9lico de la pobreza. Las diversas facetas del esp\u00edritu de pobreza, que se caracteriza espec\u00edficamente por el estado de vida y la misi\u00f3n de la respectiva comunidad, manifiestan, como en un mosaico, lo que el fundador de Schoenstatt entiende por \u00abpobreza mariano-apost\u00f3lica\u00bb.<\/p>\n<h2>Es mejor viajar ligero<\/h2>\n<p>En la primera ma\u00f1ana del encuentro el c\u00edrculo se ampli\u00f3 mediante la posibilidad de participaci\u00f3n online, de modo que otras personas interesadas de los institutos tuvieron la oportunidad de participar en las charlas e intercambio.<\/p>\n<p>El P. Jakob Busch, del Instituto de los Padres de Schoenstatt, introdujo a los participantes en el tema en una contribuci\u00f3n online, retomando la tendencia del minimalismo y relacion\u00e1ndola con la comprensi\u00f3n de la pobreza del P. Kentenich. Al fundador de Schoenstatt no le preocupaba la renuncia absoluta a los bienes terrenales, sino el correcto apego a las cosas, que pod\u00eda significar tanto disfrute como renuncia. \u00abEs mejor viajar ligero\u00bb, dice <a href=\"https:\/\/www.youtube.com\/watch?v=ohHJjPSsW8c\" target=\"_blank\" rel=\"noopener\">una canci\u00f3n del grupo Silbermond<\/a>, seg\u00fan Busch. \u00abMenos es m\u00e1s, si tiene valor para nosotros\u00bb.<\/p>\n<figure id=\"attachment_35051\" aria-describedby=\"caption-attachment-35051\" style=\"width: 902px\" class=\"wp-caption aligncenter\"><img fetchpriority=\"high\" decoding=\"async\" class=\"wp-image-35051\" src=\"https:\/\/schoenstatt.com\/wp-content\/uploads\/2024\/03\/Sakularinstitute-Schonstatts.jpg\" alt=\"\" width=\"902\" height=\"221\" \/><figcaption id=\"caption-attachment-35051\" class=\"wp-caption-text\">Se\u00f1oras de Schoenstatt y Harald M. Knes, Hermano de Mar\u00eda (Foto: Bruno Mucha)<\/figcaption><\/figure>\n<h2>Despejar el centro. La pobreza como oportunidad para que Dios d\u00e9<\/h2>\n<p>En su conferencia, el Hermano de Mar\u00eda Harald M. Knes retom\u00f3 el lema de la conferencia. El t\u00edtulo es provocador: \u00bfC\u00f3mo puede ser la pobreza una oportunidad cuando se vive como amenaza e inseguridad? \u00abSentimos la pobreza no solo en las dificultades materiales y econ\u00f3micas, sino tambi\u00e9n en la falta de fuerzas y de tiempo, de capacidades y de vocaciones para nuestras comunidades de base\u00bb.<\/p>\n<p>Y aqu\u00ed es donde la pobreza se revela como una oportunidad para que Dios d\u00e9: Dios necesita vasos vac\u00edos, como dec\u00eda el fundador, que est\u00e9n abiertos a \u00c9l y en los que pueda derramar su bondad. El ejemplo de vida del P. Kentenich deja claro que \u00abno podemos asegurarnos completamente en la tierra, sino que nuestra seguridad \u00faltima est\u00e1 en Dios\u00bb. Esta seguridad es la libertad de un hijo que se sabe sostenido por su Padre celestial.<\/p>\n<p>El Dr. Peter Wolf, miembro del Instituto de Sacerdotes Diocesanos de Schoenstatt, profundiz\u00f3 en una conferencia en la actitud de pobreza del P. Kentenich: su seguridad en la voluntad de Dios, su indiferencia por las cosas del mundo y su dedicaci\u00f3n a su tarea hab\u00edan permitido al P. Kentenich desarrollar una fecundidad asombrosa en las condiciones del campo de concentraci\u00f3n de Dachau.<\/p>\n<figure id=\"attachment_35055\" aria-describedby=\"caption-attachment-35055\" style=\"width: 927px\" class=\"wp-caption aligncenter\"><img decoding=\"async\" class=\"wp-image-35055\" src=\"https:\/\/schoenstatt.com\/wp-content\/uploads\/2024\/03\/Sakularinstitute-Schonstatts-2.jpg\" alt=\"\" width=\"927\" height=\"227\" \/><figcaption id=\"caption-attachment-35055\" class=\"wp-caption-text\">Instituto de Sacerdotes Diocesanos (Foto: Bruno Mucha)<\/figcaption><\/figure>\n<h3>Las formas de pobreza vivida<\/h3>\n<p>Las percepciones de las formas de pobreza vivida por las distintas comunidades tambi\u00e9n fueron muy enriquecedoras para todos los participantes. Seguir a Cristo en esp\u00edritu de pobreza es distinto para un matrimonio con hijos que para un sacerdote diocesano o para una Hermana de Mar\u00eda.<\/p>\n<p>Los miembros de los institutos de Schoenstatt viven una pobreza mariano-apost\u00f3lica: \u00abDios nos ha dado dones para que sigamos dando\u00bb. Como consejo evang\u00e9lico, la pobreza es para nosotros una forma de vivir nuestra vinculaci\u00f3n a Dios y hacerla fruct\u00edfera\u00bb.<\/p>\n<p>Los ejemplos de los miembros de institutos en Ruman\u00eda, Per\u00fa y Chile ampliaron nuestra visi\u00f3n de la pobreza existencial de las personas y de nuestra misi\u00f3n como institutos seculares de hacer tangible el amor de Dios, incluso y especialmente en la miseria de los m\u00e1s pobres, y de encontrar y servir a Dios en los pobres.<\/p>\n<figure id=\"attachment_35059\" aria-describedby=\"caption-attachment-35059\" style=\"width: 907px\" class=\"wp-caption aligncenter\"><img decoding=\"async\" class=\"wp-image-35059\" src=\"https:\/\/schoenstatt.com\/wp-content\/uploads\/2024\/03\/Sakularinstitute-Schonstatts-3.jpg\" alt=\"\" width=\"907\" height=\"222\" \/><figcaption id=\"caption-attachment-35059\" class=\"wp-caption-text\">Hermanas de Mar\u00eda e Instituto de Familias (Foto: Bruno Mucha)<\/figcaption><\/figure>\n<h3>La comunidad es una riqueza<\/h3>\n<p>Los encuentros de los institutos no solo sirven para formarse juntos, sino tambi\u00e9n para experimentarse como familia y fortalecerse mutuamente en la misi\u00f3n com\u00fan. Seg\u00fan uno de los participantes, esta experiencia siempre suscita una nueva alegr\u00eda en la propia vocaci\u00f3n y aprecio por las dem\u00e1s comunidades. Tambi\u00e9n hubo conversaciones animadas y muchas risas durante las comidas y las tertulias nocturnas. Y todos los participantes estuvieron de acuerdo: \u00abNuestra comunidad entre nosotros y con nuestro Padre Fundador es una verdadera riqueza\u00bb<\/p>\n<p>Fuente: <a href=\"https:\/\/www.schoenstatt.de\/de\/\" target=\"_blank\" rel=\"noopener\">schoenstatt.de<\/a><\/p>\n","protected":false},"excerpt":{"rendered":"<p>Miembros de los institutos seculares de Schoenstatt tienen un encuentro anual en Schoenstatt, Alemania, en el que los participantes profundizan en su carisma com\u00fan y en su perfil como comunidades centrales. Este a\u00f1o el mismo tuvo lugar en el Monte Moriah, sede internacional del Instituto de los Sacerdotes Diocesanos, entre el 23 y el 25 de febrero. El tema central fue el consejo evang\u00e9lico de la pobreza, con la caracter\u00edstica especial que le da el P. Kentenich, con su carisma sobre el mundo org\u00e1nico. Es enriquecedor descubrir siempre esta impronta del fundador.<\/p>\n","protected":false},"author":3,"featured_media":35067,"comment_status":"closed","ping_status":"closed","sticky":false,"template":"","format":"standard","meta":{"footnotes":""},"categories":[909],"tags":[],"class_list":["post-35100","post","type-post","status-publish","format-standard","has-post-thumbnail","hentry","category-comunidades-de-schoenstatt-es"],"yoast_head":"<!-- This site is optimized with the Yoast SEO Premium plugin v27.4 (Yoast SEO v27.4) - https:\/\/yoast.com\/product\/yoast-seo-premium-wordpress\/ -->\n<title>Miembros de los institutos seculares se encuentran en Schoenstatt<\/title>\n<meta name=\"description\" content=\"Institutos seculares: En el encuentro los participantes profundizan en su carisma com\u00fan y en su perfil como comunidades centrales.\" \/>\n<meta name=\"robots\" content=\"index, follow, max-snippet:-1, max-image-preview:large, max-video-preview:-1\" \/>\n<link rel=\"canonical\" href=\"https:\/\/schoenstatt.com\/es\/miembros-de-los-institutos-seculares-se-encuentran-en-schoenstatt\/\" \/>\n<meta property=\"og:locale\" content=\"es_ES\" \/>\n<meta property=\"og:type\" content=\"article\" \/>\n<meta property=\"og:title\" content=\"Miembros de los institutos seculares se encuentran en Schoenstatt\" \/>\n<meta property=\"og:description\" content=\"Institutos seculares: En el encuentro los participantes profundizan en su carisma com\u00fan y en su perfil como comunidades centrales.\" \/>\n<meta property=\"og:url\" content=\"https:\/\/schoenstatt.com\/es\/miembros-de-los-institutos-seculares-se-encuentran-en-schoenstatt\/\" \/>\n<meta property=\"og:site_name\" content=\"Schoenstatt\" \/>\n<meta property=\"article:published_time\" content=\"2024-03-15T08:27:54+00:00\" \/>\n<meta property=\"article:modified_time\" content=\"2025-05-14T22:32:14+00:00\" \/>\n<meta property=\"og:image\" content=\"https:\/\/schoenstatt.com\/wp-content\/uploads\/2024\/03\/Sakularinstitute-Schonstatts-1b-1.jpg\" \/>\n\t<meta property=\"og:image:width\" content=\"1728\" \/>\n\t<meta property=\"og:image:height\" content=\"1075\" \/>\n\t<meta property=\"og:image:type\" content=\"image\/jpeg\" \/>\n<meta name=\"author\" content=\"Karen Bueno\" \/>\n<meta name=\"twitter:card\" content=\"summary_large_image\" \/>\n<meta name=\"twitter:label1\" content=\"Escrito por\" \/>\n\t<meta name=\"twitter:data1\" content=\"Karen Bueno\" \/>\n\t<meta name=\"twitter:label2\" content=\"Tiempo de lectura\" \/>\n\t<meta name=\"twitter:data2\" content=\"4 minutos\" \/>\n<script type=\"application\/ld+json\" class=\"yoast-schema-graph\">{\"@context\":\"https:\\\/\\\/schema.org\",\"@graph\":[{\"@type\":\"Article\",\"@id\":\"https:\\\/\\\/schoenstatt.com\\\/es\\\/miembros-de-los-institutos-seculares-se-encuentran-en-schoenstatt\\\/#article\",\"isPartOf\":{\"@id\":\"https:\\\/\\\/schoenstatt.com\\\/es\\\/miembros-de-los-institutos-seculares-se-encuentran-en-schoenstatt\\\/\"},\"author\":{\"name\":\"Karen Bueno\",\"@id\":\"https:\\\/\\\/schoenstatt.com\\\/es\\\/#\\\/schema\\\/person\\\/5158877ad4acae98b34daaeef2a1ce6e\"},\"headline\":\"Miembros de los institutos seculares se encuentran en Schoenstatt\",\"datePublished\":\"2024-03-15T08:27:54+00:00\",\"dateModified\":\"2025-05-14T22:32:14+00:00\",\"mainEntityOfPage\":{\"@id\":\"https:\\\/\\\/schoenstatt.com\\\/es\\\/miembros-de-los-institutos-seculares-se-encuentran-en-schoenstatt\\\/\"},\"wordCount\":770,\"publisher\":{\"@id\":\"https:\\\/\\\/schoenstatt.com\\\/es\\\/#organization\"},\"image\":{\"@id\":\"https:\\\/\\\/schoenstatt.com\\\/es\\\/miembros-de-los-institutos-seculares-se-encuentran-en-schoenstatt\\\/#primaryimage\"},\"thumbnailUrl\":\"https:\\\/\\\/schoenstatt.com\\\/wp-content\\\/uploads\\\/2024\\\/03\\\/Sakularinstitute-Schonstatts-1b-1.jpg\",\"articleSection\":[\"Comunidades de Schoenstatt\"],\"inLanguage\":\"es\"},{\"@type\":\"WebPage\",\"@id\":\"https:\\\/\\\/schoenstatt.com\\\/es\\\/miembros-de-los-institutos-seculares-se-encuentran-en-schoenstatt\\\/\",\"url\":\"https:\\\/\\\/schoenstatt.com\\\/es\\\/miembros-de-los-institutos-seculares-se-encuentran-en-schoenstatt\\\/\",\"name\":\"Miembros de los institutos seculares se encuentran en Schoenstatt\",\"isPartOf\":{\"@id\":\"https:\\\/\\\/schoenstatt.com\\\/es\\\/#website\"},\"primaryImageOfPage\":{\"@id\":\"https:\\\/\\\/schoenstatt.com\\\/es\\\/miembros-de-los-institutos-seculares-se-encuentran-en-schoenstatt\\\/#primaryimage\"},\"image\":{\"@id\":\"https:\\\/\\\/schoenstatt.com\\\/es\\\/miembros-de-los-institutos-seculares-se-encuentran-en-schoenstatt\\\/#primaryimage\"},\"thumbnailUrl\":\"https:\\\/\\\/schoenstatt.com\\\/wp-content\\\/uploads\\\/2024\\\/03\\\/Sakularinstitute-Schonstatts-1b-1.jpg\",\"datePublished\":\"2024-03-15T08:27:54+00:00\",\"dateModified\":\"2025-05-14T22:32:14+00:00\",\"description\":\"Institutos seculares: En el encuentro los participantes profundizan en su carisma com\u00fan y en su perfil como comunidades centrales.\",\"breadcrumb\":{\"@id\":\"https:\\\/\\\/schoenstatt.com\\\/es\\\/miembros-de-los-institutos-seculares-se-encuentran-en-schoenstatt\\\/#breadcrumb\"},\"inLanguage\":\"es\",\"potentialAction\":[{\"@type\":\"ReadAction\",\"target\":[\"https:\\\/\\\/schoenstatt.com\\\/es\\\/miembros-de-los-institutos-seculares-se-encuentran-en-schoenstatt\\\/\"]}]},{\"@type\":\"ImageObject\",\"inLanguage\":\"es\",\"@id\":\"https:\\\/\\\/schoenstatt.com\\\/es\\\/miembros-de-los-institutos-seculares-se-encuentran-en-schoenstatt\\\/#primaryimage\",\"url\":\"https:\\\/\\\/schoenstatt.com\\\/wp-content\\\/uploads\\\/2024\\\/03\\\/Sakularinstitute-Schonstatts-1b-1.jpg\",\"contentUrl\":\"https:\\\/\\\/schoenstatt.com\\\/wp-content\\\/uploads\\\/2024\\\/03\\\/Sakularinstitute-Schonstatts-1b-1.jpg\",\"width\":1728,\"height\":1075},{\"@type\":\"BreadcrumbList\",\"@id\":\"https:\\\/\\\/schoenstatt.com\\\/es\\\/miembros-de-los-institutos-seculares-se-encuentran-en-schoenstatt\\\/#breadcrumb\",\"itemListElement\":[{\"@type\":\"ListItem\",\"position\":1,\"name\":\"Portada\",\"item\":\"https:\\\/\\\/schoenstatt.com\\\/es\\\/home\\\/\"},{\"@type\":\"ListItem\",\"position\":2,\"name\":\"Miembros de los institutos seculares se encuentran en Schoenstatt\"}]},{\"@type\":\"WebSite\",\"@id\":\"https:\\\/\\\/schoenstatt.com\\\/es\\\/#website\",\"url\":\"https:\\\/\\\/schoenstatt.com\\\/es\\\/\",\"name\":\"Schoenstatt\",\"description\":\"Apostolic Movement\",\"publisher\":{\"@id\":\"https:\\\/\\\/schoenstatt.com\\\/es\\\/#organization\"},\"potentialAction\":[{\"@type\":\"SearchAction\",\"target\":{\"@type\":\"EntryPoint\",\"urlTemplate\":\"https:\\\/\\\/schoenstatt.com\\\/es\\\/?s={search_term_string}\"},\"query-input\":{\"@type\":\"PropertyValueSpecification\",\"valueRequired\":true,\"valueName\":\"search_term_string\"}}],\"inLanguage\":\"es\"},{\"@type\":\"Organization\",\"@id\":\"https:\\\/\\\/schoenstatt.com\\\/es\\\/#organization\",\"name\":\"Schoenstatt\",\"url\":\"https:\\\/\\\/schoenstatt.com\\\/es\\\/\",\"logo\":{\"@type\":\"ImageObject\",\"inLanguage\":\"es\",\"@id\":\"https:\\\/\\\/schoenstatt.com\\\/es\\\/#\\\/schema\\\/logo\\\/image\\\/\",\"url\":\"https:\\\/\\\/schoenstatt.com\\\/wp-content\\\/uploads\\\/2025\\\/04\\\/logo-schoenstatt-white-696x696-1.png\",\"contentUrl\":\"https:\\\/\\\/schoenstatt.com\\\/wp-content\\\/uploads\\\/2025\\\/04\\\/logo-schoenstatt-white-696x696-1.png\",\"width\":696,\"height\":694,\"caption\":\"Schoenstatt\"},\"image\":{\"@id\":\"https:\\\/\\\/schoenstatt.com\\\/es\\\/#\\\/schema\\\/logo\\\/image\\\/\"}},{\"@type\":\"Person\",\"@id\":\"https:\\\/\\\/schoenstatt.com\\\/es\\\/#\\\/schema\\\/person\\\/5158877ad4acae98b34daaeef2a1ce6e\",\"name\":\"Karen Bueno\",\"image\":{\"@type\":\"ImageObject\",\"inLanguage\":\"es\",\"@id\":\"https:\\\/\\\/secure.gravatar.com\\\/avatar\\\/f9f4b823873154269d2b2130f195f6d41037dd0d7fc5f3cacb5c846bae70d66b?s=96&d=mm&r=g\",\"url\":\"https:\\\/\\\/secure.gravatar.com\\\/avatar\\\/f9f4b823873154269d2b2130f195f6d41037dd0d7fc5f3cacb5c846bae70d66b?s=96&d=mm&r=g\",\"contentUrl\":\"https:\\\/\\\/secure.gravatar.com\\\/avatar\\\/f9f4b823873154269d2b2130f195f6d41037dd0d7fc5f3cacb5c846bae70d66b?s=96&d=mm&r=g\",\"caption\":\"Karen Bueno\"},\"url\":\"https:\\\/\\\/schoenstatt.com\\\/es\\\/author\\\/karen-bueno\\\/\"}]}<\/script>\n<!-- \/ Yoast SEO Premium plugin. -->","yoast_head_json":{"title":"Miembros de los institutos seculares se encuentran en Schoenstatt","description":"Institutos seculares: En el encuentro los participantes profundizan en su carisma com\u00fan y en su perfil como comunidades centrales.","robots":{"index":"index","follow":"follow","max-snippet":"max-snippet:-1","max-image-preview":"max-image-preview:large","max-video-preview":"max-video-preview:-1"},"canonical":"https:\/\/schoenstatt.com\/es\/miembros-de-los-institutos-seculares-se-encuentran-en-schoenstatt\/","og_locale":"es_ES","og_type":"article","og_title":"Miembros de los institutos seculares se encuentran en Schoenstatt","og_description":"Institutos seculares: En el encuentro los participantes profundizan en su carisma com\u00fan y en su perfil como comunidades centrales.","og_url":"https:\/\/schoenstatt.com\/es\/miembros-de-los-institutos-seculares-se-encuentran-en-schoenstatt\/","og_site_name":"Schoenstatt","article_published_time":"2024-03-15T08:27:54+00:00","article_modified_time":"2025-05-14T22:32:14+00:00","og_image":[{"width":1728,"height":1075,"url":"https:\/\/schoenstatt.com\/wp-content\/uploads\/2024\/03\/Sakularinstitute-Schonstatts-1b-1.jpg","type":"image\/jpeg"}],"author":"Karen Bueno","twitter_card":"summary_large_image","twitter_misc":{"Escrito por":"Karen Bueno","Tiempo de lectura":"4 minutos"},"schema":{"@context":"https:\/\/schema.org","@graph":[{"@type":"Article","@id":"https:\/\/schoenstatt.com\/es\/miembros-de-los-institutos-seculares-se-encuentran-en-schoenstatt\/#article","isPartOf":{"@id":"https:\/\/schoenstatt.com\/es\/miembros-de-los-institutos-seculares-se-encuentran-en-schoenstatt\/"},"author":{"name":"Karen Bueno","@id":"https:\/\/schoenstatt.com\/es\/#\/schema\/person\/5158877ad4acae98b34daaeef2a1ce6e"},"headline":"Miembros de los institutos seculares se encuentran en Schoenstatt","datePublished":"2024-03-15T08:27:54+00:00","dateModified":"2025-05-14T22:32:14+00:00","mainEntityOfPage":{"@id":"https:\/\/schoenstatt.com\/es\/miembros-de-los-institutos-seculares-se-encuentran-en-schoenstatt\/"},"wordCount":770,"publisher":{"@id":"https:\/\/schoenstatt.com\/es\/#organization"},"image":{"@id":"https:\/\/schoenstatt.com\/es\/miembros-de-los-institutos-seculares-se-encuentran-en-schoenstatt\/#primaryimage"},"thumbnailUrl":"https:\/\/schoenstatt.com\/wp-content\/uploads\/2024\/03\/Sakularinstitute-Schonstatts-1b-1.jpg","articleSection":["Comunidades de Schoenstatt"],"inLanguage":"es"},{"@type":"WebPage","@id":"https:\/\/schoenstatt.com\/es\/miembros-de-los-institutos-seculares-se-encuentran-en-schoenstatt\/","url":"https:\/\/schoenstatt.com\/es\/miembros-de-los-institutos-seculares-se-encuentran-en-schoenstatt\/","name":"Miembros de los institutos seculares se encuentran en Schoenstatt","isPartOf":{"@id":"https:\/\/schoenstatt.com\/es\/#website"},"primaryImageOfPage":{"@id":"https:\/\/schoenstatt.com\/es\/miembros-de-los-institutos-seculares-se-encuentran-en-schoenstatt\/#primaryimage"},"image":{"@id":"https:\/\/schoenstatt.com\/es\/miembros-de-los-institutos-seculares-se-encuentran-en-schoenstatt\/#primaryimage"},"thumbnailUrl":"https:\/\/schoenstatt.com\/wp-content\/uploads\/2024\/03\/Sakularinstitute-Schonstatts-1b-1.jpg","datePublished":"2024-03-15T08:27:54+00:00","dateModified":"2025-05-14T22:32:14+00:00","description":"Institutos seculares: En el encuentro los participantes profundizan en su carisma com\u00fan y en su perfil como comunidades centrales.","breadcrumb":{"@id":"https:\/\/schoenstatt.com\/es\/miembros-de-los-institutos-seculares-se-encuentran-en-schoenstatt\/#breadcrumb"},"inLanguage":"es","potentialAction":[{"@type":"ReadAction","target":["https:\/\/schoenstatt.com\/es\/miembros-de-los-institutos-seculares-se-encuentran-en-schoenstatt\/"]}]},{"@type":"ImageObject","inLanguage":"es","@id":"https:\/\/schoenstatt.com\/es\/miembros-de-los-institutos-seculares-se-encuentran-en-schoenstatt\/#primaryimage","url":"https:\/\/schoenstatt.com\/wp-content\/uploads\/2024\/03\/Sakularinstitute-Schonstatts-1b-1.jpg","contentUrl":"https:\/\/schoenstatt.com\/wp-content\/uploads\/2024\/03\/Sakularinstitute-Schonstatts-1b-1.jpg","width":1728,"height":1075},{"@type":"BreadcrumbList","@id":"https:\/\/schoenstatt.com\/es\/miembros-de-los-institutos-seculares-se-encuentran-en-schoenstatt\/#breadcrumb","itemListElement":[{"@type":"ListItem","position":1,"name":"Portada","item":"https:\/\/schoenstatt.com\/es\/home\/"},{"@type":"ListItem","position":2,"name":"Miembros de los institutos seculares se encuentran en Schoenstatt"}]},{"@type":"WebSite","@id":"https:\/\/schoenstatt.com\/es\/#website","url":"https:\/\/schoenstatt.com\/es\/","name":"Schoenstatt","description":"Apostolic Movement","publisher":{"@id":"https:\/\/schoenstatt.com\/es\/#organization"},"potentialAction":[{"@type":"SearchAction","target":{"@type":"EntryPoint","urlTemplate":"https:\/\/schoenstatt.com\/es\/?s={search_term_string}"},"query-input":{"@type":"PropertyValueSpecification","valueRequired":true,"valueName":"search_term_string"}}],"inLanguage":"es"},{"@type":"Organization","@id":"https:\/\/schoenstatt.com\/es\/#organization","name":"Schoenstatt","url":"https:\/\/schoenstatt.com\/es\/","logo":{"@type":"ImageObject","inLanguage":"es","@id":"https:\/\/schoenstatt.com\/es\/#\/schema\/logo\/image\/","url":"https:\/\/schoenstatt.com\/wp-content\/uploads\/2025\/04\/logo-schoenstatt-white-696x696-1.png","contentUrl":"https:\/\/schoenstatt.com\/wp-content\/uploads\/2025\/04\/logo-schoenstatt-white-696x696-1.png","width":696,"height":694,"caption":"Schoenstatt"},"image":{"@id":"https:\/\/schoenstatt.com\/es\/#\/schema\/logo\/image\/"}},{"@type":"Person","@id":"https:\/\/schoenstatt.com\/es\/#\/schema\/person\/5158877ad4acae98b34daaeef2a1ce6e","name":"Karen Bueno","image":{"@type":"ImageObject","inLanguage":"es","@id":"https:\/\/secure.gravatar.com\/avatar\/f9f4b823873154269d2b2130f195f6d41037dd0d7fc5f3cacb5c846bae70d66b?s=96&d=mm&r=g","url":"https:\/\/secure.gravatar.com\/avatar\/f9f4b823873154269d2b2130f195f6d41037dd0d7fc5f3cacb5c846bae70d66b?s=96&d=mm&r=g","contentUrl":"https:\/\/secure.gravatar.com\/avatar\/f9f4b823873154269d2b2130f195f6d41037dd0d7fc5f3cacb5c846bae70d66b?s=96&d=mm&r=g","caption":"Karen Bueno"},"url":"https:\/\/schoenstatt.com\/es\/author\/karen-bueno\/"}]}},"_links":{"self":[{"href":"https:\/\/schoenstatt.com\/es\/wp-json\/wp\/v2\/posts\/35100","targetHints":{"allow":["GET"]}}],"collection":[{"href":"https:\/\/schoenstatt.com\/es\/wp-json\/wp\/v2\/posts"}],"about":[{"href":"https:\/\/schoenstatt.com\/es\/wp-json\/wp\/v2\/types\/post"}],"author":[{"embeddable":true,"href":"https:\/\/schoenstatt.com\/es\/wp-json\/wp\/v2\/users\/3"}],"replies":[{"embeddable":true,"href":"https:\/\/schoenstatt.com\/es\/wp-json\/wp\/v2\/comments?post=35100"}],"version-history":[{"count":1,"href":"https:\/\/schoenstatt.com\/es\/wp-json\/wp\/v2\/posts\/35100\/revisions"}],"predecessor-version":[{"id":46740,"href":"https:\/\/schoenstatt.com\/es\/wp-json\/wp\/v2\/posts\/35100\/revisions\/46740"}],"wp:featuredmedia":[{"embeddable":true,"href":"https:\/\/schoenstatt.com\/es\/wp-json\/wp\/v2\/media\/35067"}],"wp:attachment":[{"href":"https:\/\/schoenstatt.com\/es\/wp-json\/wp\/v2\/media?parent=35100"}],"wp:term":[{"taxonomy":"category","embeddable":true,"href":"https:\/\/schoenstatt.com\/es\/wp-json\/wp\/v2\/categories?post=35100"},{"taxonomy":"post_tag","embeddable":true,"href":"https:\/\/schoenstatt.com\/es\/wp-json\/wp\/v2\/tags?post=35100"}],"curies":[{"name":"wp","href":"https:\/\/api.w.org\/{rel}","templated":true}]}}