{"id":35095,"date":"2024-03-18T06:30:46","date_gmt":"2024-03-18T05:30:46","guid":{"rendered":"https:\/\/schoenstatt.com\/?p=35095"},"modified":"2025-05-15T01:36:13","modified_gmt":"2025-05-14T23:36:13","slug":"el-mejor-aliado-de-maria","status":"publish","type":"post","link":"https:\/\/schoenstatt.com\/es\/el-mejor-aliado-de-maria\/","title":{"rendered":"El mejor aliado de Mar\u00eda"},"content":{"rendered":"<p>Como cada 18 de mes, estamos celebrando un nuevo d\u00eda en que nos unimos a lo ancho del mundo para renovar nuestra Alianza de Amor.<\/p>\n<p>Este mes de marzo est\u00e1 especialmente lleno y cargado de fechas importantes. A fines de este mes vamos a celebrar la Semana Santa, n\u00facleo y centro de nuestra fe. Junto a toda la Iglesia nos vamos a sumergir en el \u201ctriduo pascual\u201d para revivir la pasi\u00f3n, muerte y resurrecci\u00f3n de nuestro Se\u00f1or.<\/p>\n<p>El d\u00eda 25 nos va a traer la fiesta de la \u201cAnunciaci\u00f3n\u201d (este a\u00f1o celebrada el 8 de abril). El \u201cS\u00cd\u201d de Mar\u00eda nos abre de par en par la realizaci\u00f3n de la promesa de la encarnaci\u00f3n del Verbo, del \u201cDios con nosotros\u201d.<\/p>\n<h3>Y eso no es todo\u2026<\/h3>\n<p>Pero ma\u00f1ana tambi\u00e9n celebramos a una persona que nos muestra de manera especial la presencia de Dios.<\/p>\n<p>Ma\u00f1ana 19 de marzo celebramos a San Jos\u00e9. Esposo de Mar\u00eda, Padre de la Sagrada Familia, patrono y protector de la Iglesia.<\/p>\n<p>Quiz\u00e1 muchas veces no lo hemos notado, pero me atrevo a decir que en pr\u00e1cticamente todos nuestros Santuarios est\u00e1 su figura. Sin duda que de manera muy diversa en estilos, colores y tama\u00f1os.<\/p>\n<h2>Las distintas im\u00e1genes de San Jos\u00e9 en los santuarios<\/h2>\n<p>En el Santuario Original aparece San Jos\u00e9 protegiendo la figura del Papa y la Bas\u00edlica de San Pedro, como signo de su preocupaci\u00f3n por la Iglesia Universal.<\/p>\n<p><img fetchpriority=\"high\" decoding=\"async\" class=\"wp-image-35078 aligncenter\" src=\"https:\/\/schoenstatt.com\/wp-content\/uploads\/2024\/03\/san-jose-st-joseph-schoenstatt-santuario-original.jpg\" alt=\"\" width=\"581\" height=\"752\"><\/p>\n<p>En otros Santuarios est\u00e1 la imagen m\u00e1s cl\u00e1sica, con una vara florecida en la mano, como imagen de aquel en quien se realiza la promesa de la Antigua Alianza.<\/p>\n<p>En otros est\u00e1 la figura de San Jos\u00e9 con sus herramientas de carpintero. El padre de familia trabajador que en su taller de Nazaret se entreg\u00f3 por entero a la misi\u00f3n que Dios le hab\u00eda encomendado.<\/p>\n<p><img decoding=\"async\" class=\"aligncenter wp-image-35082 \" src=\"https:\/\/schoenstatt.com\/wp-content\/uploads\/2024\/03\/san-jose-st-joseph-schoenstatt-2.jpg\" alt=\"\" width=\"785\" height=\"552\"><\/p>\n<p>En algunos Santuarios est\u00e1 la imagen de la Sagrada Familia, que pone la figura de Jos\u00e9 como aquel que encarn\u00f3 en plenitud el amor humano a Mar\u00eda y Jes\u00fas. Amor de esposo y de padre.<\/p>\n<p><img decoding=\"async\" class=\"aligncenter wp-image-35086 \" src=\"https:\/\/schoenstatt.com\/wp-content\/uploads\/2024\/03\/san-jose-st-joseph-schoenstatt-3.jpg\" alt=\"\" width=\"774\" height=\"551\"><\/p>\n<p>En fin, son muchas las maneras que Jos\u00e9 tiene de estar presente en el Santuario. A pesar de la diferencia de representaciones hay elementos que son comunes.<\/p>\n<h2>\u00bfQu\u00e9 tiene San Jos\u00e9 en com\u00fan con todos los santuarios?<\/h2>\n<p>El primer elemento es la presencia m\u00e1s silenciosa, casi desapercibida. No est\u00e1 en el centro. Es una esquina, en segundo plano, como fue en su vida. Pero no por eso deja de ser importante.<\/p>\n<p>Personalmente creo que la presencia de San Jos\u00e9 no es una coincidencia ni una simple devoci\u00f3n personal de los primeros en la historia de Schoenstatt.<\/p>\n<p><strong>Estoy convencido que San Jos\u00e9 es el \u201cmejor aliado de la Mater\u201d.<\/strong> Es el que hizo girar toda su vida en torno a Mar\u00eda. Ella le cambi\u00f3 totalmente la vida. Al principio no fue f\u00e1cil, pero su apertura a la voluntad de Dios transform\u00f3 la incertidumbre en certeza. Le dio sentido pleno a acontecimientos que no ten\u00edan explicaci\u00f3n.<\/p>\n<p>San Jos\u00e9 no fue un resignado al cambio de planes, sino que abraz\u00f3 con sencillez, valent\u00eda y decisi\u00f3n lo que Dios le propon\u00eda.<\/p>\n<p>Podr\u00edamos hacernos la pregunta. \u00bfpodr\u00eda Mar\u00eda haber cumplido su misi\u00f3n sin la presencia, el cuidado y el amor de Jos\u00e9?<\/p>\n<p>Te\u00f3ricamente lo podr\u00eda haber hecho, porque al final se trataba del querer de Dios, que todo lo puede. Pero Dios justamente quiso que San Jos\u00e9 estuviese ah\u00ed. No est\u00e1 dem\u00e1s, no est\u00e1 de adorno. Tampoco en Schoenstatt, tampoco en la Alianza ni en el Santuario.<\/p>\n<h3>Una invitaci\u00f3n para ti<\/h3>\n<p>En este d\u00eda de Alianza los invito a visitar el Santuario y detenernos en su persona. Si no podemos peregrinar al Santuario, hag\u00e1moslo espiritualmente.<\/p>\n<p>Los invito a agradecerle a San Jos\u00e9 por su apertura al plan de Dios, por su amor concreto a Mar\u00eda y Jes\u00fas.<\/p>\n<p>Pid\u00e1mosle que nos regale su fidelidad, su sencillez, su capacidad de centrar la vida en lo que Dios nos sugiere. Confi\u00e9mosle cada una de nuestras familias, nuestros trabajos.<\/p>\n<p>Para una visita espiritual al Santuario Original, haga clic en el bot\u00f3n:<\/p>\n<p style=\"text-align: center;\"><a class=\"fasc-button fasc-size-medium fasc-type-flat fasc-ico-before dashicons-video-alt3 fasc-style-bold\" style=\"background-color: #192a75; color: #ffffff;\" target=\"_blank\" rel=\"noopener\" href=\"https:\/\/urheiligtum.de\/PT\/10-Servico\/99-Webcam.php\">WEBCAM<\/a><\/p>\n<h3>Dos agradecimientos especiales<\/h3>\n<p>Antes de terminar este art\u00edculo quiero aprovechar esta fiesta de San Jos\u00e9 para agradecer a dos personas que, para m\u00ed, en los \u00faltimos meses se transformaron en un reflejo muy concreto de San Jos\u00e9.<\/p>\n<p>Se trata de los dos \u201ccarpinteros\u201d que hicieron el trabajo de <a href=\"https:\/\/schoenstatt.com\/es\/santuario-original\/en-enero-adaptaciones-en-el-altar-del-santuario-original\/\">renovaci\u00f3n y adaptaci\u00f3n del altar del Santuario Original<\/a>.<\/p>\n<p>El paralelo es evidente cuando nos referimos a su oficio. Pero para m\u00ed va mucho m\u00e1s all\u00e1. Para m\u00ed, como rector del Santuario, y responsable por ese trabajo, ellos fueron un verdadero ejemplo. Se atrevieron a asumir una tarea en la que no ten\u00edan plena certeza, Tambi\u00e9n tuvieron que ponerse en camino, desde su taller a varios kil\u00f3metros de distancia.<\/p>\n<p>Pero lo que realmente me toc\u00f3 y marc\u00f3 profundamente fue el cari\u00f1o, el respeto y la delicadeza con que hicieron el trabajo. Lo hicieron movidos por una profunda experiencia de fe y un amor gigante a Mar\u00eda y al Se\u00f1or.<\/p>\n<p>Muchas gracias por el trabajo realizado, y sobre todo por el ejemplo de descubrir el querer de Dios y poner lo mejor de s\u00ed para realizarlo, como lo hizo San Jos\u00e9.<\/p>\n<p>Que desde nuestro Santuarios San Jos\u00e9 nos acompa\u00f1e en este d\u00eda de Alianza y nos ayude a tener una profunda renovaci\u00f3n en la Semana Santa que se acerca.<\/p>\n<p>P. Ignacio Camacho<br \/>\nInstituto Secular de los Padres de Schoenstatt<br \/>\nRector Santuario Original<\/p>\n","protected":false},"excerpt":{"rendered":"<p>San Jos\u00e9 &#8211; un \u00abschoenstattiano\u00bb que siempre est\u00e1 presente en el Santuario y que prob\u00f3 su amor a Mar\u00eda de diferentes maneras.<\/p>\n","protected":false},"author":3,"featured_media":35090,"comment_status":"closed","ping_status":"closed","sticky":false,"template":"","format":"standard","meta":{"footnotes":""},"categories":[917],"tags":[],"class_list":["post-35095","post","type-post","status-publish","format-standard","has-post-thumbnail","hentry","category-espiritualidad-es"],"yoast_head":"<!-- This site is optimized with the Yoast SEO Premium plugin v27.4 (Yoast SEO v27.5) - https:\/\/yoast.com\/product\/yoast-seo-premium-wordpress\/ -->\n<title>El mejor aliado de Mar\u00eda - Schoenstatt<\/title>\n<meta name=\"description\" content=\"San Jos\u00e9 - un &quot;schoenstattiano&quot; que siempre est\u00e1 presente en el Santuario y que prob\u00f3 su amor a Mar\u00eda en Alianza.\" \/>\n<meta name=\"robots\" content=\"index, follow, max-snippet:-1, max-image-preview:large, max-video-preview:-1\" \/>\n<link rel=\"canonical\" href=\"https:\/\/schoenstatt.com\/es\/el-mejor-aliado-de-maria\/\" \/>\n<meta property=\"og:locale\" content=\"es_ES\" \/>\n<meta property=\"og:type\" content=\"article\" \/>\n<meta property=\"og:title\" content=\"El mejor aliado de Mar\u00eda\" \/>\n<meta property=\"og:description\" content=\"San Jos\u00e9 - un &quot;schoenstattiano&quot; que siempre est\u00e1 presente en el Santuario y que prob\u00f3 su amor a Mar\u00eda en Alianza.\" \/>\n<meta property=\"og:url\" content=\"https:\/\/schoenstatt.com\/es\/el-mejor-aliado-de-maria\/\" \/>\n<meta property=\"og:site_name\" content=\"Schoenstatt\" \/>\n<meta property=\"article:published_time\" content=\"2024-03-18T05:30:46+00:00\" \/>\n<meta property=\"article:modified_time\" content=\"2025-05-14T23:36:13+00:00\" \/>\n<meta property=\"og:image\" content=\"https:\/\/schoenstatt.com\/wp-content\/uploads\/2024\/03\/movimiento-de-schoenstatt-moviment-bewegung-1.jpg\" \/>\n\t<meta property=\"og:image:width\" content=\"2048\" \/>\n\t<meta property=\"og:image:height\" content=\"1365\" \/>\n\t<meta property=\"og:image:type\" content=\"image\/jpeg\" \/>\n<meta name=\"author\" content=\"Karen Bueno\" \/>\n<meta name=\"twitter:card\" content=\"summary_large_image\" \/>\n<meta name=\"twitter:label1\" content=\"Escrito por\" \/>\n\t<meta name=\"twitter:data1\" content=\"Karen Bueno\" \/>\n\t<meta name=\"twitter:label2\" content=\"Tiempo de lectura\" \/>\n\t<meta name=\"twitter:data2\" content=\"5 minutos\" \/>\n<script type=\"application\/ld+json\" class=\"yoast-schema-graph\">{\"@context\":\"https:\\\/\\\/schema.org\",\"@graph\":[{\"@type\":\"Article\",\"@id\":\"https:\\\/\\\/schoenstatt.com\\\/es\\\/el-mejor-aliado-de-maria\\\/#article\",\"isPartOf\":{\"@id\":\"https:\\\/\\\/schoenstatt.com\\\/es\\\/el-mejor-aliado-de-maria\\\/\"},\"author\":{\"name\":\"Karen Bueno\",\"@id\":\"https:\\\/\\\/schoenstatt.com\\\/es\\\/#\\\/schema\\\/person\\\/5158877ad4acae98b34daaeef2a1ce6e\"},\"headline\":\"El mejor aliado de Mar\u00eda\",\"datePublished\":\"2024-03-18T05:30:46+00:00\",\"dateModified\":\"2025-05-14T23:36:13+00:00\",\"mainEntityOfPage\":{\"@id\":\"https:\\\/\\\/schoenstatt.com\\\/es\\\/el-mejor-aliado-de-maria\\\/\"},\"wordCount\":960,\"publisher\":{\"@id\":\"https:\\\/\\\/schoenstatt.com\\\/es\\\/#organization\"},\"image\":{\"@id\":\"https:\\\/\\\/schoenstatt.com\\\/es\\\/el-mejor-aliado-de-maria\\\/#primaryimage\"},\"thumbnailUrl\":\"https:\\\/\\\/schoenstatt.com\\\/wp-content\\\/uploads\\\/2024\\\/03\\\/movimiento-de-schoenstatt-moviment-bewegung-1.jpg\",\"articleSection\":[\"Espiritualidad\"],\"inLanguage\":\"es\"},{\"@type\":\"WebPage\",\"@id\":\"https:\\\/\\\/schoenstatt.com\\\/es\\\/el-mejor-aliado-de-maria\\\/\",\"url\":\"https:\\\/\\\/schoenstatt.com\\\/es\\\/el-mejor-aliado-de-maria\\\/\",\"name\":\"El mejor aliado de Mar\u00eda - Schoenstatt\",\"isPartOf\":{\"@id\":\"https:\\\/\\\/schoenstatt.com\\\/es\\\/#website\"},\"primaryImageOfPage\":{\"@id\":\"https:\\\/\\\/schoenstatt.com\\\/es\\\/el-mejor-aliado-de-maria\\\/#primaryimage\"},\"image\":{\"@id\":\"https:\\\/\\\/schoenstatt.com\\\/es\\\/el-mejor-aliado-de-maria\\\/#primaryimage\"},\"thumbnailUrl\":\"https:\\\/\\\/schoenstatt.com\\\/wp-content\\\/uploads\\\/2024\\\/03\\\/movimiento-de-schoenstatt-moviment-bewegung-1.jpg\",\"datePublished\":\"2024-03-18T05:30:46+00:00\",\"dateModified\":\"2025-05-14T23:36:13+00:00\",\"description\":\"San Jos\u00e9 - un \\\"schoenstattiano\\\" que siempre est\u00e1 presente en el Santuario y que prob\u00f3 su amor a Mar\u00eda en Alianza.\",\"breadcrumb\":{\"@id\":\"https:\\\/\\\/schoenstatt.com\\\/es\\\/el-mejor-aliado-de-maria\\\/#breadcrumb\"},\"inLanguage\":\"es\",\"potentialAction\":[{\"@type\":\"ReadAction\",\"target\":[\"https:\\\/\\\/schoenstatt.com\\\/es\\\/el-mejor-aliado-de-maria\\\/\"]}]},{\"@type\":\"ImageObject\",\"inLanguage\":\"es\",\"@id\":\"https:\\\/\\\/schoenstatt.com\\\/es\\\/el-mejor-aliado-de-maria\\\/#primaryimage\",\"url\":\"https:\\\/\\\/schoenstatt.com\\\/wp-content\\\/uploads\\\/2024\\\/03\\\/movimiento-de-schoenstatt-moviment-bewegung-1.jpg\",\"contentUrl\":\"https:\\\/\\\/schoenstatt.com\\\/wp-content\\\/uploads\\\/2024\\\/03\\\/movimiento-de-schoenstatt-moviment-bewegung-1.jpg\",\"width\":2048,\"height\":1365},{\"@type\":\"BreadcrumbList\",\"@id\":\"https:\\\/\\\/schoenstatt.com\\\/es\\\/el-mejor-aliado-de-maria\\\/#breadcrumb\",\"itemListElement\":[{\"@type\":\"ListItem\",\"position\":1,\"name\":\"Portada\",\"item\":\"https:\\\/\\\/schoenstatt.com\\\/es\\\/home\\\/\"},{\"@type\":\"ListItem\",\"position\":2,\"name\":\"El mejor aliado de Mar\u00eda\"}]},{\"@type\":\"WebSite\",\"@id\":\"https:\\\/\\\/schoenstatt.com\\\/es\\\/#website\",\"url\":\"https:\\\/\\\/schoenstatt.com\\\/es\\\/\",\"name\":\"Schoenstatt\",\"description\":\"Apostolic Movement\",\"publisher\":{\"@id\":\"https:\\\/\\\/schoenstatt.com\\\/es\\\/#organization\"},\"potentialAction\":[{\"@type\":\"SearchAction\",\"target\":{\"@type\":\"EntryPoint\",\"urlTemplate\":\"https:\\\/\\\/schoenstatt.com\\\/es\\\/?s={search_term_string}\"},\"query-input\":{\"@type\":\"PropertyValueSpecification\",\"valueRequired\":true,\"valueName\":\"search_term_string\"}}],\"inLanguage\":\"es\"},{\"@type\":\"Organization\",\"@id\":\"https:\\\/\\\/schoenstatt.com\\\/es\\\/#organization\",\"name\":\"Schoenstatt\",\"url\":\"https:\\\/\\\/schoenstatt.com\\\/es\\\/\",\"logo\":{\"@type\":\"ImageObject\",\"inLanguage\":\"es\",\"@id\":\"https:\\\/\\\/schoenstatt.com\\\/es\\\/#\\\/schema\\\/logo\\\/image\\\/\",\"url\":\"https:\\\/\\\/schoenstatt.com\\\/wp-content\\\/uploads\\\/2025\\\/04\\\/logo-schoenstatt-white-696x696-1.png\",\"contentUrl\":\"https:\\\/\\\/schoenstatt.com\\\/wp-content\\\/uploads\\\/2025\\\/04\\\/logo-schoenstatt-white-696x696-1.png\",\"width\":696,\"height\":694,\"caption\":\"Schoenstatt\"},\"image\":{\"@id\":\"https:\\\/\\\/schoenstatt.com\\\/es\\\/#\\\/schema\\\/logo\\\/image\\\/\"}},{\"@type\":\"Person\",\"@id\":\"https:\\\/\\\/schoenstatt.com\\\/es\\\/#\\\/schema\\\/person\\\/5158877ad4acae98b34daaeef2a1ce6e\",\"name\":\"Karen Bueno\",\"image\":{\"@type\":\"ImageObject\",\"inLanguage\":\"es\",\"@id\":\"https:\\\/\\\/secure.gravatar.com\\\/avatar\\\/f9f4b823873154269d2b2130f195f6d41037dd0d7fc5f3cacb5c846bae70d66b?s=96&d=mm&r=g\",\"url\":\"https:\\\/\\\/secure.gravatar.com\\\/avatar\\\/f9f4b823873154269d2b2130f195f6d41037dd0d7fc5f3cacb5c846bae70d66b?s=96&d=mm&r=g\",\"contentUrl\":\"https:\\\/\\\/secure.gravatar.com\\\/avatar\\\/f9f4b823873154269d2b2130f195f6d41037dd0d7fc5f3cacb5c846bae70d66b?s=96&d=mm&r=g\",\"caption\":\"Karen Bueno\"},\"url\":\"https:\\\/\\\/schoenstatt.com\\\/es\\\/author\\\/karen-bueno\\\/\"}]}<\/script>\n<!-- \/ Yoast SEO Premium plugin. -->","yoast_head_json":{"title":"El mejor aliado de Mar\u00eda - Schoenstatt","description":"San Jos\u00e9 - un \"schoenstattiano\" que siempre est\u00e1 presente en el Santuario y que prob\u00f3 su amor a Mar\u00eda en Alianza.","robots":{"index":"index","follow":"follow","max-snippet":"max-snippet:-1","max-image-preview":"max-image-preview:large","max-video-preview":"max-video-preview:-1"},"canonical":"https:\/\/schoenstatt.com\/es\/el-mejor-aliado-de-maria\/","og_locale":"es_ES","og_type":"article","og_title":"El mejor aliado de Mar\u00eda","og_description":"San Jos\u00e9 - un \"schoenstattiano\" que siempre est\u00e1 presente en el Santuario y que prob\u00f3 su amor a Mar\u00eda en Alianza.","og_url":"https:\/\/schoenstatt.com\/es\/el-mejor-aliado-de-maria\/","og_site_name":"Schoenstatt","article_published_time":"2024-03-18T05:30:46+00:00","article_modified_time":"2025-05-14T23:36:13+00:00","og_image":[{"width":2048,"height":1365,"url":"https:\/\/schoenstatt.com\/wp-content\/uploads\/2024\/03\/movimiento-de-schoenstatt-moviment-bewegung-1.jpg","type":"image\/jpeg"}],"author":"Karen Bueno","twitter_card":"summary_large_image","twitter_misc":{"Escrito por":"Karen Bueno","Tiempo de lectura":"5 minutos"},"schema":{"@context":"https:\/\/schema.org","@graph":[{"@type":"Article","@id":"https:\/\/schoenstatt.com\/es\/el-mejor-aliado-de-maria\/#article","isPartOf":{"@id":"https:\/\/schoenstatt.com\/es\/el-mejor-aliado-de-maria\/"},"author":{"name":"Karen Bueno","@id":"https:\/\/schoenstatt.com\/es\/#\/schema\/person\/5158877ad4acae98b34daaeef2a1ce6e"},"headline":"El mejor aliado de Mar\u00eda","datePublished":"2024-03-18T05:30:46+00:00","dateModified":"2025-05-14T23:36:13+00:00","mainEntityOfPage":{"@id":"https:\/\/schoenstatt.com\/es\/el-mejor-aliado-de-maria\/"},"wordCount":960,"publisher":{"@id":"https:\/\/schoenstatt.com\/es\/#organization"},"image":{"@id":"https:\/\/schoenstatt.com\/es\/el-mejor-aliado-de-maria\/#primaryimage"},"thumbnailUrl":"https:\/\/schoenstatt.com\/wp-content\/uploads\/2024\/03\/movimiento-de-schoenstatt-moviment-bewegung-1.jpg","articleSection":["Espiritualidad"],"inLanguage":"es"},{"@type":"WebPage","@id":"https:\/\/schoenstatt.com\/es\/el-mejor-aliado-de-maria\/","url":"https:\/\/schoenstatt.com\/es\/el-mejor-aliado-de-maria\/","name":"El mejor aliado de Mar\u00eda - Schoenstatt","isPartOf":{"@id":"https:\/\/schoenstatt.com\/es\/#website"},"primaryImageOfPage":{"@id":"https:\/\/schoenstatt.com\/es\/el-mejor-aliado-de-maria\/#primaryimage"},"image":{"@id":"https:\/\/schoenstatt.com\/es\/el-mejor-aliado-de-maria\/#primaryimage"},"thumbnailUrl":"https:\/\/schoenstatt.com\/wp-content\/uploads\/2024\/03\/movimiento-de-schoenstatt-moviment-bewegung-1.jpg","datePublished":"2024-03-18T05:30:46+00:00","dateModified":"2025-05-14T23:36:13+00:00","description":"San Jos\u00e9 - un \"schoenstattiano\" que siempre est\u00e1 presente en el Santuario y que prob\u00f3 su amor a Mar\u00eda en Alianza.","breadcrumb":{"@id":"https:\/\/schoenstatt.com\/es\/el-mejor-aliado-de-maria\/#breadcrumb"},"inLanguage":"es","potentialAction":[{"@type":"ReadAction","target":["https:\/\/schoenstatt.com\/es\/el-mejor-aliado-de-maria\/"]}]},{"@type":"ImageObject","inLanguage":"es","@id":"https:\/\/schoenstatt.com\/es\/el-mejor-aliado-de-maria\/#primaryimage","url":"https:\/\/schoenstatt.com\/wp-content\/uploads\/2024\/03\/movimiento-de-schoenstatt-moviment-bewegung-1.jpg","contentUrl":"https:\/\/schoenstatt.com\/wp-content\/uploads\/2024\/03\/movimiento-de-schoenstatt-moviment-bewegung-1.jpg","width":2048,"height":1365},{"@type":"BreadcrumbList","@id":"https:\/\/schoenstatt.com\/es\/el-mejor-aliado-de-maria\/#breadcrumb","itemListElement":[{"@type":"ListItem","position":1,"name":"Portada","item":"https:\/\/schoenstatt.com\/es\/home\/"},{"@type":"ListItem","position":2,"name":"El mejor aliado de Mar\u00eda"}]},{"@type":"WebSite","@id":"https:\/\/schoenstatt.com\/es\/#website","url":"https:\/\/schoenstatt.com\/es\/","name":"Schoenstatt","description":"Apostolic Movement","publisher":{"@id":"https:\/\/schoenstatt.com\/es\/#organization"},"potentialAction":[{"@type":"SearchAction","target":{"@type":"EntryPoint","urlTemplate":"https:\/\/schoenstatt.com\/es\/?s={search_term_string}"},"query-input":{"@type":"PropertyValueSpecification","valueRequired":true,"valueName":"search_term_string"}}],"inLanguage":"es"},{"@type":"Organization","@id":"https:\/\/schoenstatt.com\/es\/#organization","name":"Schoenstatt","url":"https:\/\/schoenstatt.com\/es\/","logo":{"@type":"ImageObject","inLanguage":"es","@id":"https:\/\/schoenstatt.com\/es\/#\/schema\/logo\/image\/","url":"https:\/\/schoenstatt.com\/wp-content\/uploads\/2025\/04\/logo-schoenstatt-white-696x696-1.png","contentUrl":"https:\/\/schoenstatt.com\/wp-content\/uploads\/2025\/04\/logo-schoenstatt-white-696x696-1.png","width":696,"height":694,"caption":"Schoenstatt"},"image":{"@id":"https:\/\/schoenstatt.com\/es\/#\/schema\/logo\/image\/"}},{"@type":"Person","@id":"https:\/\/schoenstatt.com\/es\/#\/schema\/person\/5158877ad4acae98b34daaeef2a1ce6e","name":"Karen Bueno","image":{"@type":"ImageObject","inLanguage":"es","@id":"https:\/\/secure.gravatar.com\/avatar\/f9f4b823873154269d2b2130f195f6d41037dd0d7fc5f3cacb5c846bae70d66b?s=96&d=mm&r=g","url":"https:\/\/secure.gravatar.com\/avatar\/f9f4b823873154269d2b2130f195f6d41037dd0d7fc5f3cacb5c846bae70d66b?s=96&d=mm&r=g","contentUrl":"https:\/\/secure.gravatar.com\/avatar\/f9f4b823873154269d2b2130f195f6d41037dd0d7fc5f3cacb5c846bae70d66b?s=96&d=mm&r=g","caption":"Karen Bueno"},"url":"https:\/\/schoenstatt.com\/es\/author\/karen-bueno\/"}]}},"_links":{"self":[{"href":"https:\/\/schoenstatt.com\/es\/wp-json\/wp\/v2\/posts\/35095","targetHints":{"allow":["GET"]}}],"collection":[{"href":"https:\/\/schoenstatt.com\/es\/wp-json\/wp\/v2\/posts"}],"about":[{"href":"https:\/\/schoenstatt.com\/es\/wp-json\/wp\/v2\/types\/post"}],"author":[{"embeddable":true,"href":"https:\/\/schoenstatt.com\/es\/wp-json\/wp\/v2\/users\/3"}],"replies":[{"embeddable":true,"href":"https:\/\/schoenstatt.com\/es\/wp-json\/wp\/v2\/comments?post=35095"}],"version-history":[{"count":1,"href":"https:\/\/schoenstatt.com\/es\/wp-json\/wp\/v2\/posts\/35095\/revisions"}],"predecessor-version":[{"id":46743,"href":"https:\/\/schoenstatt.com\/es\/wp-json\/wp\/v2\/posts\/35095\/revisions\/46743"}],"wp:featuredmedia":[{"embeddable":true,"href":"https:\/\/schoenstatt.com\/es\/wp-json\/wp\/v2\/media\/35090"}],"wp:attachment":[{"href":"https:\/\/schoenstatt.com\/es\/wp-json\/wp\/v2\/media?parent=35095"}],"wp:term":[{"taxonomy":"category","embeddable":true,"href":"https:\/\/schoenstatt.com\/es\/wp-json\/wp\/v2\/categories?post=35095"},{"taxonomy":"post_tag","embeddable":true,"href":"https:\/\/schoenstatt.com\/es\/wp-json\/wp\/v2\/tags?post=35095"}],"curies":[{"name":"wp","href":"https:\/\/api.w.org\/{rel}","templated":true}]}}