{"id":35006,"date":"2024-03-02T06:44:23","date_gmt":"2024-03-02T05:44:23","guid":{"rendered":"https:\/\/schoenstatt.com\/espiritualidad\/um-sim-perpetuo-a-uniao-de-familias-nos-eua\/"},"modified":"2025-05-15T18:23:55","modified_gmt":"2025-05-15T16:23:55","slug":"un-si-perpetuo-a-la-federacion-de-familias-en-estados-unidos","status":"publish","type":"post","link":"https:\/\/schoenstatt.com\/es\/un-si-perpetuo-a-la-federacion-de-familias-en-estados-unidos\/","title":{"rendered":"Un s\u00ed perpetuo a la Federaci\u00f3n de Familias en Estados Unidos"},"content":{"rendered":"<p>Despu\u00e9s de 11 a\u00f1os de preparaci\u00f3n, Michael y Elizabeth Arth, Luis y Elsa Dom\u00ednguez, Blake y Loretta Eaton, Rub\u00e9n y Christel Montez, David y Pita S\u00e1nchez sellaron su consagraci\u00f3n perpetua, asignados como el Curso N\u00famero Ocho de <a href=\"https:\/\/schoenstatt.com\/es\/familia\/comunidades-de-schoenstatt\/family\/\">Federaci\u00f3n<\/a>, del territorio estadounidense de FAF en el Santuario de Confidentia en Lamar, Texas.<\/p>\n<p>En realidad, estas familias han sido formadas por Nuestra Madre Tres Veces Admirable por muchos a\u00f1os como miembros activos en el Movimiento de Schoenstatt, en grupos de matrimonios, retiros familiares y participando en eventos de formaci\u00f3n.<\/p>\n<h2>Un camino entre muchas bendiciones y muchos retos<\/h2>\n<p>Despu\u00e9s de tantos a\u00f1os disfrutando las gracias del Santuario, por medio de la Alianza de Amor selladas en su Santuario, y teniendo muchas m\u00e1s bendiciones, estos matrimonios sintieron el llamado de la FAF. En el a\u00f1o 2013, inspirados por el Congreso Internacional del Santuario Hogar en Waukesha, Wisconsin, varias familias empezaron a investigar la posibilidad de comenzar un curso de <a href=\"https:\/\/fafis.org\/es\/home-1-espanol\/\" target=\"_blank\" rel=\"noopener\">Federaci\u00f3n<\/a>. Despu\u00e9s de un tiempo las parejas fueron aceptadas a la candidatura para iniciar su curso.<\/p>\n<p>Durante los a\u00f1os de formaci\u00f3n, los matrimonios tuvieron muchas bendiciones. A su vez perseveraron en medio de grandes desaf\u00edos, como cambios de empleo, traslados de viviendas, fallecimientos de familiares, adem\u00e1s de soportar los a\u00f1os de aislamiento por el virus COVID, con reuniones restringidas. A pesar de los obst\u00e1culos, el grupo de matrimonios puede continuar con su formaci\u00f3n. Le dan inmensas gracias a Dios y a nuestra Madre Sant\u00edsima, por todas las bendiciones que han recibido a lo largo de su formaci\u00f3n y por haberlos acompa\u00f1ado en todo momento.<\/p>\n<p><img fetchpriority=\"high\" decoding=\"async\" class=\"aligncenter wp-image-34924 \" src=\"https:\/\/schoenstatt.com\/wp-content\/uploads\/2024\/03\/schoenstatt-family-federation-USA-Federacion-de-Familias-Familienbund-2024-b.jpg\" alt=\"\" width=\"947\" height=\"568\" \/><\/p>\n<h2>Instrumentos listos para servir<\/h2>\n<p>El mi\u00e9rcoles 21 y el jueves 22 de febrero de 2024, estos matrimonios tuvieron el gran gozo de sellar su Consagraci\u00f3n Perpetua en el Santuario de Confidentia, que se encuentra a orillas del Golfo de M\u00e9xico. El clima en la costa estuvo ideal con un ambiente lleno de alegr\u00eda y con bendiciones recibidas de muchas maneras.<\/p>\n<p>Ahora los matrimonios esperan con ansias el camino que seguir\u00e1n juntos en su curso y con la Federaci\u00f3n Apost\u00f3lica de Familias de Schoenstatt. Ellos permanecen abiertos para ser utilizados en la obra de Schoenstatt de acuerdo a lo que disponga Nuestra Madre Tres Veces Admirable.<\/p>\n<p>Traducci\u00f3n al espa\u00f1ol: Luis y Elsa Dom\u00ednguez<\/p>\n","protected":false},"excerpt":{"rendered":"<p>La Federaci\u00f3n Apost\u00f3lica de Familias de Schoenstatt (FAF) en los Estados Unidos le da la bienvenida a los integrantes del Curso N\u00famero Ocho que hicieron su Consagraci\u00f3n Perpetua en la comunidad.<\/p>\n","protected":false},"author":3,"featured_media":34920,"comment_status":"closed","ping_status":"closed","sticky":false,"template":"","format":"standard","meta":{"footnotes":""},"categories":[909,877,790],"tags":[],"class_list":["post-35006","post","type-post","status-publish","format-standard","has-post-thumbnail","hentry","category-comunidades-de-schoenstatt-es","category-familia-es","category-paises-es"],"yoast_head":"<!-- This site is optimized with the Yoast SEO Premium plugin v27.4 (Yoast SEO v27.4) - https:\/\/yoast.com\/product\/yoast-seo-premium-wordpress\/ -->\n<title>Un s\u00ed perpetuo a la Federaci\u00f3n de Familias en Estados Unidos<\/title>\n<meta name=\"description\" content=\"Los integrantes del Curso N\u00famero Ocho de la Federaci\u00f3n de Familias de Schoenstatt hicieron su Consagraci\u00f3n Perpetua en la comunidad.\" \/>\n<meta name=\"robots\" content=\"index, follow, max-snippet:-1, max-image-preview:large, max-video-preview:-1\" \/>\n<link rel=\"canonical\" href=\"https:\/\/schoenstatt.com\/es\/un-si-perpetuo-a-la-federacion-de-familias-en-estados-unidos\/\" \/>\n<meta property=\"og:locale\" content=\"es_ES\" \/>\n<meta property=\"og:type\" content=\"article\" \/>\n<meta property=\"og:title\" content=\"Un s\u00ed perpetuo a la Federaci\u00f3n de Familias en Estados Unidos\" \/>\n<meta property=\"og:description\" content=\"Los integrantes del Curso N\u00famero Ocho de la Federaci\u00f3n de Familias de Schoenstatt hicieron su Consagraci\u00f3n Perpetua en la comunidad.\" \/>\n<meta property=\"og:url\" content=\"https:\/\/schoenstatt.com\/es\/un-si-perpetuo-a-la-federacion-de-familias-en-estados-unidos\/\" \/>\n<meta property=\"og:site_name\" content=\"Schoenstatt\" \/>\n<meta property=\"article:published_time\" content=\"2024-03-02T05:44:23+00:00\" \/>\n<meta property=\"article:modified_time\" content=\"2025-05-15T16:23:55+00:00\" \/>\n<meta property=\"og:image\" content=\"https:\/\/schoenstatt.com\/wp-content\/uploads\/2024\/03\/schoenstatt-family-federation-USA-Federacion-de-Familias-Familienbund-2024-1.jpg\" \/>\n\t<meta property=\"og:image:width\" content=\"1600\" \/>\n\t<meta property=\"og:image:height\" content=\"1131\" \/>\n\t<meta property=\"og:image:type\" content=\"image\/jpeg\" \/>\n<meta name=\"author\" content=\"Karen Bueno\" \/>\n<meta name=\"twitter:card\" content=\"summary_large_image\" \/>\n<meta name=\"twitter:label1\" content=\"Escrito por\" \/>\n\t<meta name=\"twitter:data1\" content=\"Karen Bueno\" \/>\n\t<meta name=\"twitter:label2\" content=\"Tiempo de lectura\" \/>\n\t<meta name=\"twitter:data2\" content=\"2 minutos\" \/>\n<script type=\"application\/ld+json\" class=\"yoast-schema-graph\">{\"@context\":\"https:\\\/\\\/schema.org\",\"@graph\":[{\"@type\":\"Article\",\"@id\":\"https:\\\/\\\/schoenstatt.com\\\/es\\\/un-si-perpetuo-a-la-federacion-de-familias-en-estados-unidos\\\/#article\",\"isPartOf\":{\"@id\":\"https:\\\/\\\/schoenstatt.com\\\/es\\\/un-si-perpetuo-a-la-federacion-de-familias-en-estados-unidos\\\/\"},\"author\":{\"name\":\"Karen Bueno\",\"@id\":\"https:\\\/\\\/schoenstatt.com\\\/es\\\/#\\\/schema\\\/person\\\/5158877ad4acae98b34daaeef2a1ce6e\"},\"headline\":\"Un s\u00ed perpetuo a la Federaci\u00f3n de Familias en Estados Unidos\",\"datePublished\":\"2024-03-02T05:44:23+00:00\",\"dateModified\":\"2025-05-15T16:23:55+00:00\",\"mainEntityOfPage\":{\"@id\":\"https:\\\/\\\/schoenstatt.com\\\/es\\\/un-si-perpetuo-a-la-federacion-de-familias-en-estados-unidos\\\/\"},\"wordCount\":415,\"publisher\":{\"@id\":\"https:\\\/\\\/schoenstatt.com\\\/es\\\/#organization\"},\"image\":{\"@id\":\"https:\\\/\\\/schoenstatt.com\\\/es\\\/un-si-perpetuo-a-la-federacion-de-familias-en-estados-unidos\\\/#primaryimage\"},\"thumbnailUrl\":\"https:\\\/\\\/schoenstatt.com\\\/wp-content\\\/uploads\\\/2024\\\/03\\\/schoenstatt-family-federation-USA-Federacion-de-Familias-Familienbund-2024-1.jpg\",\"articleSection\":[\"Comunidades de Schoenstatt\",\"Familia\",\"Pa\u00edses\"],\"inLanguage\":\"es\"},{\"@type\":\"WebPage\",\"@id\":\"https:\\\/\\\/schoenstatt.com\\\/es\\\/un-si-perpetuo-a-la-federacion-de-familias-en-estados-unidos\\\/\",\"url\":\"https:\\\/\\\/schoenstatt.com\\\/es\\\/un-si-perpetuo-a-la-federacion-de-familias-en-estados-unidos\\\/\",\"name\":\"Un s\u00ed perpetuo a la Federaci\u00f3n de Familias en Estados Unidos\",\"isPartOf\":{\"@id\":\"https:\\\/\\\/schoenstatt.com\\\/es\\\/#website\"},\"primaryImageOfPage\":{\"@id\":\"https:\\\/\\\/schoenstatt.com\\\/es\\\/un-si-perpetuo-a-la-federacion-de-familias-en-estados-unidos\\\/#primaryimage\"},\"image\":{\"@id\":\"https:\\\/\\\/schoenstatt.com\\\/es\\\/un-si-perpetuo-a-la-federacion-de-familias-en-estados-unidos\\\/#primaryimage\"},\"thumbnailUrl\":\"https:\\\/\\\/schoenstatt.com\\\/wp-content\\\/uploads\\\/2024\\\/03\\\/schoenstatt-family-federation-USA-Federacion-de-Familias-Familienbund-2024-1.jpg\",\"datePublished\":\"2024-03-02T05:44:23+00:00\",\"dateModified\":\"2025-05-15T16:23:55+00:00\",\"description\":\"Los integrantes del Curso N\u00famero Ocho de la Federaci\u00f3n de Familias de Schoenstatt hicieron su Consagraci\u00f3n Perpetua en la comunidad.\",\"breadcrumb\":{\"@id\":\"https:\\\/\\\/schoenstatt.com\\\/es\\\/un-si-perpetuo-a-la-federacion-de-familias-en-estados-unidos\\\/#breadcrumb\"},\"inLanguage\":\"es\",\"potentialAction\":[{\"@type\":\"ReadAction\",\"target\":[\"https:\\\/\\\/schoenstatt.com\\\/es\\\/un-si-perpetuo-a-la-federacion-de-familias-en-estados-unidos\\\/\"]}]},{\"@type\":\"ImageObject\",\"inLanguage\":\"es\",\"@id\":\"https:\\\/\\\/schoenstatt.com\\\/es\\\/un-si-perpetuo-a-la-federacion-de-familias-en-estados-unidos\\\/#primaryimage\",\"url\":\"https:\\\/\\\/schoenstatt.com\\\/wp-content\\\/uploads\\\/2024\\\/03\\\/schoenstatt-family-federation-USA-Federacion-de-Familias-Familienbund-2024-1.jpg\",\"contentUrl\":\"https:\\\/\\\/schoenstatt.com\\\/wp-content\\\/uploads\\\/2024\\\/03\\\/schoenstatt-family-federation-USA-Federacion-de-Familias-Familienbund-2024-1.jpg\",\"width\":1600,\"height\":1131},{\"@type\":\"BreadcrumbList\",\"@id\":\"https:\\\/\\\/schoenstatt.com\\\/es\\\/un-si-perpetuo-a-la-federacion-de-familias-en-estados-unidos\\\/#breadcrumb\",\"itemListElement\":[{\"@type\":\"ListItem\",\"position\":1,\"name\":\"Portada\",\"item\":\"https:\\\/\\\/schoenstatt.com\\\/es\\\/home\\\/\"},{\"@type\":\"ListItem\",\"position\":2,\"name\":\"Un s\u00ed perpetuo a la Federaci\u00f3n de Familias en Estados Unidos\"}]},{\"@type\":\"WebSite\",\"@id\":\"https:\\\/\\\/schoenstatt.com\\\/es\\\/#website\",\"url\":\"https:\\\/\\\/schoenstatt.com\\\/es\\\/\",\"name\":\"Schoenstatt\",\"description\":\"Apostolic Movement\",\"publisher\":{\"@id\":\"https:\\\/\\\/schoenstatt.com\\\/es\\\/#organization\"},\"potentialAction\":[{\"@type\":\"SearchAction\",\"target\":{\"@type\":\"EntryPoint\",\"urlTemplate\":\"https:\\\/\\\/schoenstatt.com\\\/es\\\/?s={search_term_string}\"},\"query-input\":{\"@type\":\"PropertyValueSpecification\",\"valueRequired\":true,\"valueName\":\"search_term_string\"}}],\"inLanguage\":\"es\"},{\"@type\":\"Organization\",\"@id\":\"https:\\\/\\\/schoenstatt.com\\\/es\\\/#organization\",\"name\":\"Schoenstatt\",\"url\":\"https:\\\/\\\/schoenstatt.com\\\/es\\\/\",\"logo\":{\"@type\":\"ImageObject\",\"inLanguage\":\"es\",\"@id\":\"https:\\\/\\\/schoenstatt.com\\\/es\\\/#\\\/schema\\\/logo\\\/image\\\/\",\"url\":\"https:\\\/\\\/schoenstatt.com\\\/wp-content\\\/uploads\\\/2025\\\/04\\\/logo-schoenstatt-white-696x696-1.png\",\"contentUrl\":\"https:\\\/\\\/schoenstatt.com\\\/wp-content\\\/uploads\\\/2025\\\/04\\\/logo-schoenstatt-white-696x696-1.png\",\"width\":696,\"height\":694,\"caption\":\"Schoenstatt\"},\"image\":{\"@id\":\"https:\\\/\\\/schoenstatt.com\\\/es\\\/#\\\/schema\\\/logo\\\/image\\\/\"}},{\"@type\":\"Person\",\"@id\":\"https:\\\/\\\/schoenstatt.com\\\/es\\\/#\\\/schema\\\/person\\\/5158877ad4acae98b34daaeef2a1ce6e\",\"name\":\"Karen Bueno\",\"image\":{\"@type\":\"ImageObject\",\"inLanguage\":\"es\",\"@id\":\"https:\\\/\\\/secure.gravatar.com\\\/avatar\\\/f9f4b823873154269d2b2130f195f6d41037dd0d7fc5f3cacb5c846bae70d66b?s=96&d=mm&r=g\",\"url\":\"https:\\\/\\\/secure.gravatar.com\\\/avatar\\\/f9f4b823873154269d2b2130f195f6d41037dd0d7fc5f3cacb5c846bae70d66b?s=96&d=mm&r=g\",\"contentUrl\":\"https:\\\/\\\/secure.gravatar.com\\\/avatar\\\/f9f4b823873154269d2b2130f195f6d41037dd0d7fc5f3cacb5c846bae70d66b?s=96&d=mm&r=g\",\"caption\":\"Karen Bueno\"},\"url\":\"https:\\\/\\\/schoenstatt.com\\\/es\\\/author\\\/karen-bueno\\\/\"}]}<\/script>\n<!-- \/ Yoast SEO Premium plugin. -->","yoast_head_json":{"title":"Un s\u00ed perpetuo a la Federaci\u00f3n de Familias en Estados Unidos","description":"Los integrantes del Curso N\u00famero Ocho de la Federaci\u00f3n de Familias de Schoenstatt hicieron su Consagraci\u00f3n Perpetua en la comunidad.","robots":{"index":"index","follow":"follow","max-snippet":"max-snippet:-1","max-image-preview":"max-image-preview:large","max-video-preview":"max-video-preview:-1"},"canonical":"https:\/\/schoenstatt.com\/es\/un-si-perpetuo-a-la-federacion-de-familias-en-estados-unidos\/","og_locale":"es_ES","og_type":"article","og_title":"Un s\u00ed perpetuo a la Federaci\u00f3n de Familias en Estados Unidos","og_description":"Los integrantes del Curso N\u00famero Ocho de la Federaci\u00f3n de Familias de Schoenstatt hicieron su Consagraci\u00f3n Perpetua en la comunidad.","og_url":"https:\/\/schoenstatt.com\/es\/un-si-perpetuo-a-la-federacion-de-familias-en-estados-unidos\/","og_site_name":"Schoenstatt","article_published_time":"2024-03-02T05:44:23+00:00","article_modified_time":"2025-05-15T16:23:55+00:00","og_image":[{"width":1600,"height":1131,"url":"https:\/\/schoenstatt.com\/wp-content\/uploads\/2024\/03\/schoenstatt-family-federation-USA-Federacion-de-Familias-Familienbund-2024-1.jpg","type":"image\/jpeg"}],"author":"Karen Bueno","twitter_card":"summary_large_image","twitter_misc":{"Escrito por":"Karen Bueno","Tiempo de lectura":"2 minutos"},"schema":{"@context":"https:\/\/schema.org","@graph":[{"@type":"Article","@id":"https:\/\/schoenstatt.com\/es\/un-si-perpetuo-a-la-federacion-de-familias-en-estados-unidos\/#article","isPartOf":{"@id":"https:\/\/schoenstatt.com\/es\/un-si-perpetuo-a-la-federacion-de-familias-en-estados-unidos\/"},"author":{"name":"Karen Bueno","@id":"https:\/\/schoenstatt.com\/es\/#\/schema\/person\/5158877ad4acae98b34daaeef2a1ce6e"},"headline":"Un s\u00ed perpetuo a la Federaci\u00f3n de Familias en Estados Unidos","datePublished":"2024-03-02T05:44:23+00:00","dateModified":"2025-05-15T16:23:55+00:00","mainEntityOfPage":{"@id":"https:\/\/schoenstatt.com\/es\/un-si-perpetuo-a-la-federacion-de-familias-en-estados-unidos\/"},"wordCount":415,"publisher":{"@id":"https:\/\/schoenstatt.com\/es\/#organization"},"image":{"@id":"https:\/\/schoenstatt.com\/es\/un-si-perpetuo-a-la-federacion-de-familias-en-estados-unidos\/#primaryimage"},"thumbnailUrl":"https:\/\/schoenstatt.com\/wp-content\/uploads\/2024\/03\/schoenstatt-family-federation-USA-Federacion-de-Familias-Familienbund-2024-1.jpg","articleSection":["Comunidades de Schoenstatt","Familia","Pa\u00edses"],"inLanguage":"es"},{"@type":"WebPage","@id":"https:\/\/schoenstatt.com\/es\/un-si-perpetuo-a-la-federacion-de-familias-en-estados-unidos\/","url":"https:\/\/schoenstatt.com\/es\/un-si-perpetuo-a-la-federacion-de-familias-en-estados-unidos\/","name":"Un s\u00ed perpetuo a la Federaci\u00f3n de Familias en Estados Unidos","isPartOf":{"@id":"https:\/\/schoenstatt.com\/es\/#website"},"primaryImageOfPage":{"@id":"https:\/\/schoenstatt.com\/es\/un-si-perpetuo-a-la-federacion-de-familias-en-estados-unidos\/#primaryimage"},"image":{"@id":"https:\/\/schoenstatt.com\/es\/un-si-perpetuo-a-la-federacion-de-familias-en-estados-unidos\/#primaryimage"},"thumbnailUrl":"https:\/\/schoenstatt.com\/wp-content\/uploads\/2024\/03\/schoenstatt-family-federation-USA-Federacion-de-Familias-Familienbund-2024-1.jpg","datePublished":"2024-03-02T05:44:23+00:00","dateModified":"2025-05-15T16:23:55+00:00","description":"Los integrantes del Curso N\u00famero Ocho de la Federaci\u00f3n de Familias de Schoenstatt hicieron su Consagraci\u00f3n Perpetua en la comunidad.","breadcrumb":{"@id":"https:\/\/schoenstatt.com\/es\/un-si-perpetuo-a-la-federacion-de-familias-en-estados-unidos\/#breadcrumb"},"inLanguage":"es","potentialAction":[{"@type":"ReadAction","target":["https:\/\/schoenstatt.com\/es\/un-si-perpetuo-a-la-federacion-de-familias-en-estados-unidos\/"]}]},{"@type":"ImageObject","inLanguage":"es","@id":"https:\/\/schoenstatt.com\/es\/un-si-perpetuo-a-la-federacion-de-familias-en-estados-unidos\/#primaryimage","url":"https:\/\/schoenstatt.com\/wp-content\/uploads\/2024\/03\/schoenstatt-family-federation-USA-Federacion-de-Familias-Familienbund-2024-1.jpg","contentUrl":"https:\/\/schoenstatt.com\/wp-content\/uploads\/2024\/03\/schoenstatt-family-federation-USA-Federacion-de-Familias-Familienbund-2024-1.jpg","width":1600,"height":1131},{"@type":"BreadcrumbList","@id":"https:\/\/schoenstatt.com\/es\/un-si-perpetuo-a-la-federacion-de-familias-en-estados-unidos\/#breadcrumb","itemListElement":[{"@type":"ListItem","position":1,"name":"Portada","item":"https:\/\/schoenstatt.com\/es\/home\/"},{"@type":"ListItem","position":2,"name":"Un s\u00ed perpetuo a la Federaci\u00f3n de Familias en Estados Unidos"}]},{"@type":"WebSite","@id":"https:\/\/schoenstatt.com\/es\/#website","url":"https:\/\/schoenstatt.com\/es\/","name":"Schoenstatt","description":"Apostolic Movement","publisher":{"@id":"https:\/\/schoenstatt.com\/es\/#organization"},"potentialAction":[{"@type":"SearchAction","target":{"@type":"EntryPoint","urlTemplate":"https:\/\/schoenstatt.com\/es\/?s={search_term_string}"},"query-input":{"@type":"PropertyValueSpecification","valueRequired":true,"valueName":"search_term_string"}}],"inLanguage":"es"},{"@type":"Organization","@id":"https:\/\/schoenstatt.com\/es\/#organization","name":"Schoenstatt","url":"https:\/\/schoenstatt.com\/es\/","logo":{"@type":"ImageObject","inLanguage":"es","@id":"https:\/\/schoenstatt.com\/es\/#\/schema\/logo\/image\/","url":"https:\/\/schoenstatt.com\/wp-content\/uploads\/2025\/04\/logo-schoenstatt-white-696x696-1.png","contentUrl":"https:\/\/schoenstatt.com\/wp-content\/uploads\/2025\/04\/logo-schoenstatt-white-696x696-1.png","width":696,"height":694,"caption":"Schoenstatt"},"image":{"@id":"https:\/\/schoenstatt.com\/es\/#\/schema\/logo\/image\/"}},{"@type":"Person","@id":"https:\/\/schoenstatt.com\/es\/#\/schema\/person\/5158877ad4acae98b34daaeef2a1ce6e","name":"Karen Bueno","image":{"@type":"ImageObject","inLanguage":"es","@id":"https:\/\/secure.gravatar.com\/avatar\/f9f4b823873154269d2b2130f195f6d41037dd0d7fc5f3cacb5c846bae70d66b?s=96&d=mm&r=g","url":"https:\/\/secure.gravatar.com\/avatar\/f9f4b823873154269d2b2130f195f6d41037dd0d7fc5f3cacb5c846bae70d66b?s=96&d=mm&r=g","contentUrl":"https:\/\/secure.gravatar.com\/avatar\/f9f4b823873154269d2b2130f195f6d41037dd0d7fc5f3cacb5c846bae70d66b?s=96&d=mm&r=g","caption":"Karen Bueno"},"url":"https:\/\/schoenstatt.com\/es\/author\/karen-bueno\/"}]}},"_links":{"self":[{"href":"https:\/\/schoenstatt.com\/es\/wp-json\/wp\/v2\/posts\/35006","targetHints":{"allow":["GET"]}}],"collection":[{"href":"https:\/\/schoenstatt.com\/es\/wp-json\/wp\/v2\/posts"}],"about":[{"href":"https:\/\/schoenstatt.com\/es\/wp-json\/wp\/v2\/types\/post"}],"author":[{"embeddable":true,"href":"https:\/\/schoenstatt.com\/es\/wp-json\/wp\/v2\/users\/3"}],"replies":[{"embeddable":true,"href":"https:\/\/schoenstatt.com\/es\/wp-json\/wp\/v2\/comments?post=35006"}],"version-history":[{"count":1,"href":"https:\/\/schoenstatt.com\/es\/wp-json\/wp\/v2\/posts\/35006\/revisions"}],"predecessor-version":[{"id":46725,"href":"https:\/\/schoenstatt.com\/es\/wp-json\/wp\/v2\/posts\/35006\/revisions\/46725"}],"wp:featuredmedia":[{"embeddable":true,"href":"https:\/\/schoenstatt.com\/es\/wp-json\/wp\/v2\/media\/34920"}],"wp:attachment":[{"href":"https:\/\/schoenstatt.com\/es\/wp-json\/wp\/v2\/media?parent=35006"}],"wp:term":[{"taxonomy":"category","embeddable":true,"href":"https:\/\/schoenstatt.com\/es\/wp-json\/wp\/v2\/categories?post=35006"},{"taxonomy":"post_tag","embeddable":true,"href":"https:\/\/schoenstatt.com\/es\/wp-json\/wp\/v2\/tags?post=35006"}],"curies":[{"name":"wp","href":"https:\/\/api.w.org\/{rel}","templated":true}]}}