{"id":34911,"date":"2024-03-03T06:30:36","date_gmt":"2024-03-03T05:30:36","guid":{"rendered":"https:\/\/schoenstatt.com\/?p=34911"},"modified":"2025-05-15T18:44:07","modified_gmt":"2025-05-15T16:44:07","slug":"prisioneros-en-brasil-forman-un-grupo-de-rosario-de-hombres-madre-reina","status":"publish","type":"post","link":"https:\/\/schoenstatt.com\/es\/prisioneros-en-brasil-forman-un-grupo-de-rosario-de-hombres-madre-reina\/","title":{"rendered":"Prisioneros en Brasil forman un grupo de Rosario de Hombres Madre Reina"},"content":{"rendered":"<p>En la unidad carcelaria Gon\u00e7alo de Castro Lima &#8211; Penitenciar\u00eda de Vereda Grande &#8211; se form\u00f3, por iniciativa de los reclusos, el primer grupo de <a href=\"https:\/\/schoenstatt.com\/es\/mision\/proyectos\/\">Rosario de Hombres Madre Reina<\/a> del estado, por iniciativa de los reclusos. La prisi\u00f3n est\u00e1 situada en la ciudad de <a href=\"https:\/\/maps.app.goo.gl\/EbQF5di1C7QGsfhb7\" target=\"_blank\" rel=\"noopener\">Floriano<\/a>, en el estado de Piau\u00ed.<\/p>\n<p>Desde hace casi dos meses, unos 20 hombres salen de sus celdas una vez a la semana, siempre los jueves por la tarde, para rezar y meditar por una hora los misterios del Santo Rosario y reflexionar sobre el Evangelio del d\u00eda.<\/p>\n<p><img fetchpriority=\"high\" decoding=\"async\" class=\"aligncenter wp-image-34903 \" src=\"https:\/\/schoenstatt.com\/wp-content\/uploads\/2024\/03\/Terco-dos-Homens-no-Presidio-Piaui-Brasil-2024-5-scaled.jpg\" alt=\"\" width=\"877\" height=\"945\" \/><\/p>\n<h2>\u201cAqu\u00ed necesitamos alimentar nuestra fe y nuestra esperanza\u201d<\/h2>\n<p>La iniciativa parti\u00f3 de uno de los reclusos, J\u00e2nio Santana Pereira Martins, que lleva tres meses en prisi\u00f3n. Expres\u00f3 su deseo de rezar el rosario con los dem\u00e1s reclusos y pidi\u00f3 tener acceso al manual oficial del Rosario de Hombres Madre Reina.<\/p>\n<p><em>\u00abPor la acci\u00f3n del Esp\u00edritu Santo, tom\u00e9 esta decisi\u00f3n y, hablando con una de las agentes del penal, y con la gracia de Dios, conseguimos traer a un equipo del Rosario de Hombres. Conocemos el poder de la oraci\u00f3n y necesitamos alimentar nuestra fe y nuestra esperanza\u00bb<\/em>, afirm\u00f3 J\u00e2nio Santana.<\/p>\n<p><img decoding=\"async\" class=\"aligncenter wp-image-34891 \" src=\"https:\/\/schoenstatt.com\/wp-content\/uploads\/2024\/03\/Terco-dos-Homens-no-Presidio-Piaui-Brasil-2024-2.jpg\" alt=\"\" width=\"900\" height=\"593\" \/><\/p>\n<h2>Iba a ser solo un d\u00eda, pero la Virgen quiso quedarse<\/h2>\n<p>En lugar de limitarse a enviar el manual, un equipo diocesano del <a href=\"https:\/\/tercodoshomens.org.br\/\" target=\"_blank\" rel=\"noopener\">Rosario de Hombres<\/a> decidi\u00f3 acudir al centro penitenciario para orientar sobre c\u00f3mo rezar el rosario. Lo que se supon\u00eda que iba a ser solo una jornada de formaci\u00f3n se convirti\u00f3 en una viva costumbre. Desde entonces, todos los jueves el grupo se re\u00fane en una de las salas de la prisi\u00f3n.<\/p>\n<p>El trabajo fue debidamente autorizado por la direcci\u00f3n de la prisi\u00f3n, que tambi\u00e9n garantiza la seguridad de los miembros del Rosario de Hombres que acuden a rezar. De esta forma, la imagen de la MTA visita a sus hijos todas las semanas, llevando su mirada de acogida y transformaci\u00f3n.<\/p>\n<p><img decoding=\"async\" class=\"aligncenter wp-image-34887 \" src=\"https:\/\/schoenstatt.com\/wp-content\/uploads\/2024\/03\/Terco-dos-Homens-no-Presidio-Piaui-Brasil-2024-1.jpg\" alt=\"\" width=\"936\" height=\"782\" \/><\/p>\n<h3>Esperanza y planes de futuro<\/h3>\n<p>J\u00e2nio explica que la prisi\u00f3n es un lugar donde la gente pierde la esperanza, pero con el rezo del rosario, muchos han vuelto a despertar a su fe. Algunos incluso planean crear grupos de rosarios en sus ciudades natales cuando salgan de prisi\u00f3n.<\/p>\n<p>El director de la unidad, Edilson Porto Mousinho, dijo que los propios reclusos piden el derecho a participar en las reuniones y que la experiencia ha dado muchos frutos en la vida de los reclusos.<\/p>\n<p><em>\u00abHan visto cambios positivos en su comportamiento y en su visi\u00f3n de la vida, con nuevas esperanzas para el futuro, para cuando salgan de la c\u00e1rcel\u00bb<\/em>, afirm\u00f3 el director, que tambi\u00e9n destac\u00f3 la labor de otros grupos religiosos de la unidad.<\/p>\n<p><img loading=\"lazy\" decoding=\"async\" class=\"aligncenter wp-image-34899 \" src=\"https:\/\/schoenstatt.com\/wp-content\/uploads\/2024\/03\/Terco-dos-Homens-no-Presidio-Piaui-Brasil-2024-4.jpg\" alt=\"\" width=\"878\" height=\"614\" \/><\/p>\n<h3>Hoy se emocionan en cada reuni\u00f3n<\/h3>\n<p>Jo\u00e3o Francisco da Cunha Silva, coordinador regional del Rosario de Hombres en Piau\u00ed, explica que sinti\u00f3 sed de Dios en los internos, de saber y o\u00edr m\u00e1s sobre las cosas de Dios. <em>\u00abEn vista de ello, decidimos crear el grupo para profundizar en la formaci\u00f3n. Y la respuesta ha sido fant\u00e1stica. Aqu\u00ed ten\u00edamos hombres que ni siquiera sab\u00edan hacer la se\u00f1al de la cruz, o rezar cualquier oraci\u00f3n simple, y hoy se emocionan en cada reuni\u00f3n con el rosario y el manual en las manos\u00bb<\/em>, concluy\u00f3 Jo\u00e3o Francisco.<\/p>\n<p>El Rosario de Hombres Madre y Reina tiene su origen en el Santuario de Schoenstatt de Olinda. Actualmente cuenta con m\u00e1s de un mill\u00f3n de miembros en Brasil y varios grupos realizan acciones sociales, adem\u00e1s de reunirse semanalmente para rezar. En la di\u00f3cesis de Floriano, el Rosario de Hombres de la Madre y Reina comenz\u00f3 el 4 de septiembre de 2007 y hoy cuenta con 19 grupos oficializados.<\/p>\n","protected":false},"excerpt":{"rendered":"<p>El Rosario de Hombres Madre y Reina es un gran apostolado de Schoenstatt que involucra a m\u00e1s de un mill\u00f3n de hombres. Se re\u00fanen con frecuencia para rezar el rosario y, en muchos lugares, realizan trabajos sociales. Ahora, por primera vez, una c\u00e1rcel del estado de Piau\u00ed cuenta con un grupo de Rosario.<\/p>\n","protected":false},"author":3,"featured_media":34895,"comment_status":"closed","ping_status":"closed","sticky":false,"template":"","format":"standard","meta":{"footnotes":""},"categories":[790,913],"tags":[],"class_list":["post-34911","post","type-post","status-publish","format-standard","has-post-thumbnail","hentry","category-paises-es","category-sociedad-es"],"yoast_head":"<!-- This site is optimized with the Yoast SEO Premium plugin v27.4 (Yoast SEO v27.4) - https:\/\/yoast.com\/product\/yoast-seo-premium-wordpress\/ -->\n<title>Prisioneros en Brasil forman un grupo de Rosario de Hombres Madre Reina<\/title>\n<meta name=\"description\" content=\"Hombres vinculados al Movimiento de Schoenstatt gu\u00edan a un grupo de Rosario en una c\u00e1rcel de Brasil, llevando esperanza y transformaci\u00f3n.\" \/>\n<meta name=\"robots\" content=\"index, follow, max-snippet:-1, max-image-preview:large, max-video-preview:-1\" \/>\n<link rel=\"canonical\" href=\"https:\/\/schoenstatt.com\/es\/prisioneros-en-brasil-forman-un-grupo-de-rosario-de-hombres-madre-reina\/\" \/>\n<meta property=\"og:locale\" content=\"es_ES\" \/>\n<meta property=\"og:type\" content=\"article\" \/>\n<meta property=\"og:title\" content=\"Prisioneros en Brasil forman un grupo de Rosario de Hombres Madre Reina\" \/>\n<meta property=\"og:description\" content=\"Hombres vinculados al Movimiento de Schoenstatt gu\u00edan a un grupo de Rosario en una c\u00e1rcel de Brasil, llevando esperanza y transformaci\u00f3n.\" \/>\n<meta property=\"og:url\" content=\"https:\/\/schoenstatt.com\/es\/prisioneros-en-brasil-forman-un-grupo-de-rosario-de-hombres-madre-reina\/\" \/>\n<meta property=\"og:site_name\" content=\"Schoenstatt\" \/>\n<meta property=\"article:published_time\" content=\"2024-03-03T05:30:36+00:00\" \/>\n<meta property=\"article:modified_time\" content=\"2025-05-15T16:44:07+00:00\" \/>\n<meta property=\"og:image\" content=\"https:\/\/schoenstatt.com\/wp-content\/uploads\/2024\/03\/Terco-dos-Homens-no-Presidio-Piaui-Brasil-2024-3-1.jpg\" \/>\n\t<meta property=\"og:image:width\" content=\"2048\" \/>\n\t<meta property=\"og:image:height\" content=\"1387\" \/>\n\t<meta property=\"og:image:type\" content=\"image\/jpeg\" \/>\n<meta name=\"author\" content=\"Karen Bueno\" \/>\n<meta name=\"twitter:card\" content=\"summary_large_image\" \/>\n<meta name=\"twitter:label1\" content=\"Escrito por\" \/>\n\t<meta name=\"twitter:data1\" content=\"Karen Bueno\" \/>\n\t<meta name=\"twitter:label2\" content=\"Tiempo de lectura\" \/>\n\t<meta name=\"twitter:data2\" content=\"4 minutos\" \/>\n<script type=\"application\/ld+json\" class=\"yoast-schema-graph\">{\"@context\":\"https:\\\/\\\/schema.org\",\"@graph\":[{\"@type\":\"Article\",\"@id\":\"https:\\\/\\\/schoenstatt.com\\\/es\\\/prisioneros-en-brasil-forman-un-grupo-de-rosario-de-hombres-madre-reina\\\/#article\",\"isPartOf\":{\"@id\":\"https:\\\/\\\/schoenstatt.com\\\/es\\\/prisioneros-en-brasil-forman-un-grupo-de-rosario-de-hombres-madre-reina\\\/\"},\"author\":{\"name\":\"Karen Bueno\",\"@id\":\"https:\\\/\\\/schoenstatt.com\\\/es\\\/#\\\/schema\\\/person\\\/5158877ad4acae98b34daaeef2a1ce6e\"},\"headline\":\"Prisioneros en Brasil forman un grupo de Rosario de Hombres Madre Reina\",\"datePublished\":\"2024-03-03T05:30:36+00:00\",\"dateModified\":\"2025-05-15T16:44:07+00:00\",\"mainEntityOfPage\":{\"@id\":\"https:\\\/\\\/schoenstatt.com\\\/es\\\/prisioneros-en-brasil-forman-un-grupo-de-rosario-de-hombres-madre-reina\\\/\"},\"wordCount\":654,\"publisher\":{\"@id\":\"https:\\\/\\\/schoenstatt.com\\\/es\\\/#organization\"},\"image\":{\"@id\":\"https:\\\/\\\/schoenstatt.com\\\/es\\\/prisioneros-en-brasil-forman-un-grupo-de-rosario-de-hombres-madre-reina\\\/#primaryimage\"},\"thumbnailUrl\":\"https:\\\/\\\/schoenstatt.com\\\/wp-content\\\/uploads\\\/2024\\\/03\\\/Terco-dos-Homens-no-Presidio-Piaui-Brasil-2024-3-1.jpg\",\"articleSection\":[\"Pa\u00edses\",\"Sociedad\"],\"inLanguage\":\"es\"},{\"@type\":\"WebPage\",\"@id\":\"https:\\\/\\\/schoenstatt.com\\\/es\\\/prisioneros-en-brasil-forman-un-grupo-de-rosario-de-hombres-madre-reina\\\/\",\"url\":\"https:\\\/\\\/schoenstatt.com\\\/es\\\/prisioneros-en-brasil-forman-un-grupo-de-rosario-de-hombres-madre-reina\\\/\",\"name\":\"Prisioneros en Brasil forman un grupo de Rosario de Hombres Madre Reina\",\"isPartOf\":{\"@id\":\"https:\\\/\\\/schoenstatt.com\\\/es\\\/#website\"},\"primaryImageOfPage\":{\"@id\":\"https:\\\/\\\/schoenstatt.com\\\/es\\\/prisioneros-en-brasil-forman-un-grupo-de-rosario-de-hombres-madre-reina\\\/#primaryimage\"},\"image\":{\"@id\":\"https:\\\/\\\/schoenstatt.com\\\/es\\\/prisioneros-en-brasil-forman-un-grupo-de-rosario-de-hombres-madre-reina\\\/#primaryimage\"},\"thumbnailUrl\":\"https:\\\/\\\/schoenstatt.com\\\/wp-content\\\/uploads\\\/2024\\\/03\\\/Terco-dos-Homens-no-Presidio-Piaui-Brasil-2024-3-1.jpg\",\"datePublished\":\"2024-03-03T05:30:36+00:00\",\"dateModified\":\"2025-05-15T16:44:07+00:00\",\"description\":\"Hombres vinculados al Movimiento de Schoenstatt gu\u00edan a un grupo de Rosario en una c\u00e1rcel de Brasil, llevando esperanza y transformaci\u00f3n.\",\"breadcrumb\":{\"@id\":\"https:\\\/\\\/schoenstatt.com\\\/es\\\/prisioneros-en-brasil-forman-un-grupo-de-rosario-de-hombres-madre-reina\\\/#breadcrumb\"},\"inLanguage\":\"es\",\"potentialAction\":[{\"@type\":\"ReadAction\",\"target\":[\"https:\\\/\\\/schoenstatt.com\\\/es\\\/prisioneros-en-brasil-forman-un-grupo-de-rosario-de-hombres-madre-reina\\\/\"]}]},{\"@type\":\"ImageObject\",\"inLanguage\":\"es\",\"@id\":\"https:\\\/\\\/schoenstatt.com\\\/es\\\/prisioneros-en-brasil-forman-un-grupo-de-rosario-de-hombres-madre-reina\\\/#primaryimage\",\"url\":\"https:\\\/\\\/schoenstatt.com\\\/wp-content\\\/uploads\\\/2024\\\/03\\\/Terco-dos-Homens-no-Presidio-Piaui-Brasil-2024-3-1.jpg\",\"contentUrl\":\"https:\\\/\\\/schoenstatt.com\\\/wp-content\\\/uploads\\\/2024\\\/03\\\/Terco-dos-Homens-no-Presidio-Piaui-Brasil-2024-3-1.jpg\",\"width\":2048,\"height\":1387},{\"@type\":\"BreadcrumbList\",\"@id\":\"https:\\\/\\\/schoenstatt.com\\\/es\\\/prisioneros-en-brasil-forman-un-grupo-de-rosario-de-hombres-madre-reina\\\/#breadcrumb\",\"itemListElement\":[{\"@type\":\"ListItem\",\"position\":1,\"name\":\"Portada\",\"item\":\"https:\\\/\\\/schoenstatt.com\\\/es\\\/home\\\/\"},{\"@type\":\"ListItem\",\"position\":2,\"name\":\"Prisioneros en Brasil forman un grupo de Rosario de Hombres Madre Reina\"}]},{\"@type\":\"WebSite\",\"@id\":\"https:\\\/\\\/schoenstatt.com\\\/es\\\/#website\",\"url\":\"https:\\\/\\\/schoenstatt.com\\\/es\\\/\",\"name\":\"Schoenstatt\",\"description\":\"Apostolic Movement\",\"publisher\":{\"@id\":\"https:\\\/\\\/schoenstatt.com\\\/es\\\/#organization\"},\"potentialAction\":[{\"@type\":\"SearchAction\",\"target\":{\"@type\":\"EntryPoint\",\"urlTemplate\":\"https:\\\/\\\/schoenstatt.com\\\/es\\\/?s={search_term_string}\"},\"query-input\":{\"@type\":\"PropertyValueSpecification\",\"valueRequired\":true,\"valueName\":\"search_term_string\"}}],\"inLanguage\":\"es\"},{\"@type\":\"Organization\",\"@id\":\"https:\\\/\\\/schoenstatt.com\\\/es\\\/#organization\",\"name\":\"Schoenstatt\",\"url\":\"https:\\\/\\\/schoenstatt.com\\\/es\\\/\",\"logo\":{\"@type\":\"ImageObject\",\"inLanguage\":\"es\",\"@id\":\"https:\\\/\\\/schoenstatt.com\\\/es\\\/#\\\/schema\\\/logo\\\/image\\\/\",\"url\":\"https:\\\/\\\/schoenstatt.com\\\/wp-content\\\/uploads\\\/2025\\\/04\\\/logo-schoenstatt-white-696x696-1.png\",\"contentUrl\":\"https:\\\/\\\/schoenstatt.com\\\/wp-content\\\/uploads\\\/2025\\\/04\\\/logo-schoenstatt-white-696x696-1.png\",\"width\":696,\"height\":694,\"caption\":\"Schoenstatt\"},\"image\":{\"@id\":\"https:\\\/\\\/schoenstatt.com\\\/es\\\/#\\\/schema\\\/logo\\\/image\\\/\"}},{\"@type\":\"Person\",\"@id\":\"https:\\\/\\\/schoenstatt.com\\\/es\\\/#\\\/schema\\\/person\\\/5158877ad4acae98b34daaeef2a1ce6e\",\"name\":\"Karen Bueno\",\"image\":{\"@type\":\"ImageObject\",\"inLanguage\":\"es\",\"@id\":\"https:\\\/\\\/secure.gravatar.com\\\/avatar\\\/f9f4b823873154269d2b2130f195f6d41037dd0d7fc5f3cacb5c846bae70d66b?s=96&d=mm&r=g\",\"url\":\"https:\\\/\\\/secure.gravatar.com\\\/avatar\\\/f9f4b823873154269d2b2130f195f6d41037dd0d7fc5f3cacb5c846bae70d66b?s=96&d=mm&r=g\",\"contentUrl\":\"https:\\\/\\\/secure.gravatar.com\\\/avatar\\\/f9f4b823873154269d2b2130f195f6d41037dd0d7fc5f3cacb5c846bae70d66b?s=96&d=mm&r=g\",\"caption\":\"Karen Bueno\"},\"url\":\"https:\\\/\\\/schoenstatt.com\\\/es\\\/author\\\/karen-bueno\\\/\"}]}<\/script>\n<!-- \/ Yoast SEO Premium plugin. -->","yoast_head_json":{"title":"Prisioneros en Brasil forman un grupo de Rosario de Hombres Madre Reina","description":"Hombres vinculados al Movimiento de Schoenstatt gu\u00edan a un grupo de Rosario en una c\u00e1rcel de Brasil, llevando esperanza y transformaci\u00f3n.","robots":{"index":"index","follow":"follow","max-snippet":"max-snippet:-1","max-image-preview":"max-image-preview:large","max-video-preview":"max-video-preview:-1"},"canonical":"https:\/\/schoenstatt.com\/es\/prisioneros-en-brasil-forman-un-grupo-de-rosario-de-hombres-madre-reina\/","og_locale":"es_ES","og_type":"article","og_title":"Prisioneros en Brasil forman un grupo de Rosario de Hombres Madre Reina","og_description":"Hombres vinculados al Movimiento de Schoenstatt gu\u00edan a un grupo de Rosario en una c\u00e1rcel de Brasil, llevando esperanza y transformaci\u00f3n.","og_url":"https:\/\/schoenstatt.com\/es\/prisioneros-en-brasil-forman-un-grupo-de-rosario-de-hombres-madre-reina\/","og_site_name":"Schoenstatt","article_published_time":"2024-03-03T05:30:36+00:00","article_modified_time":"2025-05-15T16:44:07+00:00","og_image":[{"width":2048,"height":1387,"url":"https:\/\/schoenstatt.com\/wp-content\/uploads\/2024\/03\/Terco-dos-Homens-no-Presidio-Piaui-Brasil-2024-3-1.jpg","type":"image\/jpeg"}],"author":"Karen Bueno","twitter_card":"summary_large_image","twitter_misc":{"Escrito por":"Karen Bueno","Tiempo de lectura":"4 minutos"},"schema":{"@context":"https:\/\/schema.org","@graph":[{"@type":"Article","@id":"https:\/\/schoenstatt.com\/es\/prisioneros-en-brasil-forman-un-grupo-de-rosario-de-hombres-madre-reina\/#article","isPartOf":{"@id":"https:\/\/schoenstatt.com\/es\/prisioneros-en-brasil-forman-un-grupo-de-rosario-de-hombres-madre-reina\/"},"author":{"name":"Karen Bueno","@id":"https:\/\/schoenstatt.com\/es\/#\/schema\/person\/5158877ad4acae98b34daaeef2a1ce6e"},"headline":"Prisioneros en Brasil forman un grupo de Rosario de Hombres Madre Reina","datePublished":"2024-03-03T05:30:36+00:00","dateModified":"2025-05-15T16:44:07+00:00","mainEntityOfPage":{"@id":"https:\/\/schoenstatt.com\/es\/prisioneros-en-brasil-forman-un-grupo-de-rosario-de-hombres-madre-reina\/"},"wordCount":654,"publisher":{"@id":"https:\/\/schoenstatt.com\/es\/#organization"},"image":{"@id":"https:\/\/schoenstatt.com\/es\/prisioneros-en-brasil-forman-un-grupo-de-rosario-de-hombres-madre-reina\/#primaryimage"},"thumbnailUrl":"https:\/\/schoenstatt.com\/wp-content\/uploads\/2024\/03\/Terco-dos-Homens-no-Presidio-Piaui-Brasil-2024-3-1.jpg","articleSection":["Pa\u00edses","Sociedad"],"inLanguage":"es"},{"@type":"WebPage","@id":"https:\/\/schoenstatt.com\/es\/prisioneros-en-brasil-forman-un-grupo-de-rosario-de-hombres-madre-reina\/","url":"https:\/\/schoenstatt.com\/es\/prisioneros-en-brasil-forman-un-grupo-de-rosario-de-hombres-madre-reina\/","name":"Prisioneros en Brasil forman un grupo de Rosario de Hombres Madre Reina","isPartOf":{"@id":"https:\/\/schoenstatt.com\/es\/#website"},"primaryImageOfPage":{"@id":"https:\/\/schoenstatt.com\/es\/prisioneros-en-brasil-forman-un-grupo-de-rosario-de-hombres-madre-reina\/#primaryimage"},"image":{"@id":"https:\/\/schoenstatt.com\/es\/prisioneros-en-brasil-forman-un-grupo-de-rosario-de-hombres-madre-reina\/#primaryimage"},"thumbnailUrl":"https:\/\/schoenstatt.com\/wp-content\/uploads\/2024\/03\/Terco-dos-Homens-no-Presidio-Piaui-Brasil-2024-3-1.jpg","datePublished":"2024-03-03T05:30:36+00:00","dateModified":"2025-05-15T16:44:07+00:00","description":"Hombres vinculados al Movimiento de Schoenstatt gu\u00edan a un grupo de Rosario en una c\u00e1rcel de Brasil, llevando esperanza y transformaci\u00f3n.","breadcrumb":{"@id":"https:\/\/schoenstatt.com\/es\/prisioneros-en-brasil-forman-un-grupo-de-rosario-de-hombres-madre-reina\/#breadcrumb"},"inLanguage":"es","potentialAction":[{"@type":"ReadAction","target":["https:\/\/schoenstatt.com\/es\/prisioneros-en-brasil-forman-un-grupo-de-rosario-de-hombres-madre-reina\/"]}]},{"@type":"ImageObject","inLanguage":"es","@id":"https:\/\/schoenstatt.com\/es\/prisioneros-en-brasil-forman-un-grupo-de-rosario-de-hombres-madre-reina\/#primaryimage","url":"https:\/\/schoenstatt.com\/wp-content\/uploads\/2024\/03\/Terco-dos-Homens-no-Presidio-Piaui-Brasil-2024-3-1.jpg","contentUrl":"https:\/\/schoenstatt.com\/wp-content\/uploads\/2024\/03\/Terco-dos-Homens-no-Presidio-Piaui-Brasil-2024-3-1.jpg","width":2048,"height":1387},{"@type":"BreadcrumbList","@id":"https:\/\/schoenstatt.com\/es\/prisioneros-en-brasil-forman-un-grupo-de-rosario-de-hombres-madre-reina\/#breadcrumb","itemListElement":[{"@type":"ListItem","position":1,"name":"Portada","item":"https:\/\/schoenstatt.com\/es\/home\/"},{"@type":"ListItem","position":2,"name":"Prisioneros en Brasil forman un grupo de Rosario de Hombres Madre Reina"}]},{"@type":"WebSite","@id":"https:\/\/schoenstatt.com\/es\/#website","url":"https:\/\/schoenstatt.com\/es\/","name":"Schoenstatt","description":"Apostolic Movement","publisher":{"@id":"https:\/\/schoenstatt.com\/es\/#organization"},"potentialAction":[{"@type":"SearchAction","target":{"@type":"EntryPoint","urlTemplate":"https:\/\/schoenstatt.com\/es\/?s={search_term_string}"},"query-input":{"@type":"PropertyValueSpecification","valueRequired":true,"valueName":"search_term_string"}}],"inLanguage":"es"},{"@type":"Organization","@id":"https:\/\/schoenstatt.com\/es\/#organization","name":"Schoenstatt","url":"https:\/\/schoenstatt.com\/es\/","logo":{"@type":"ImageObject","inLanguage":"es","@id":"https:\/\/schoenstatt.com\/es\/#\/schema\/logo\/image\/","url":"https:\/\/schoenstatt.com\/wp-content\/uploads\/2025\/04\/logo-schoenstatt-white-696x696-1.png","contentUrl":"https:\/\/schoenstatt.com\/wp-content\/uploads\/2025\/04\/logo-schoenstatt-white-696x696-1.png","width":696,"height":694,"caption":"Schoenstatt"},"image":{"@id":"https:\/\/schoenstatt.com\/es\/#\/schema\/logo\/image\/"}},{"@type":"Person","@id":"https:\/\/schoenstatt.com\/es\/#\/schema\/person\/5158877ad4acae98b34daaeef2a1ce6e","name":"Karen Bueno","image":{"@type":"ImageObject","inLanguage":"es","@id":"https:\/\/secure.gravatar.com\/avatar\/f9f4b823873154269d2b2130f195f6d41037dd0d7fc5f3cacb5c846bae70d66b?s=96&d=mm&r=g","url":"https:\/\/secure.gravatar.com\/avatar\/f9f4b823873154269d2b2130f195f6d41037dd0d7fc5f3cacb5c846bae70d66b?s=96&d=mm&r=g","contentUrl":"https:\/\/secure.gravatar.com\/avatar\/f9f4b823873154269d2b2130f195f6d41037dd0d7fc5f3cacb5c846bae70d66b?s=96&d=mm&r=g","caption":"Karen Bueno"},"url":"https:\/\/schoenstatt.com\/es\/author\/karen-bueno\/"}]}},"_links":{"self":[{"href":"https:\/\/schoenstatt.com\/es\/wp-json\/wp\/v2\/posts\/34911","targetHints":{"allow":["GET"]}}],"collection":[{"href":"https:\/\/schoenstatt.com\/es\/wp-json\/wp\/v2\/posts"}],"about":[{"href":"https:\/\/schoenstatt.com\/es\/wp-json\/wp\/v2\/types\/post"}],"author":[{"embeddable":true,"href":"https:\/\/schoenstatt.com\/es\/wp-json\/wp\/v2\/users\/3"}],"replies":[{"embeddable":true,"href":"https:\/\/schoenstatt.com\/es\/wp-json\/wp\/v2\/comments?post=34911"}],"version-history":[{"count":1,"href":"https:\/\/schoenstatt.com\/es\/wp-json\/wp\/v2\/posts\/34911\/revisions"}],"predecessor-version":[{"id":46720,"href":"https:\/\/schoenstatt.com\/es\/wp-json\/wp\/v2\/posts\/34911\/revisions\/46720"}],"wp:featuredmedia":[{"embeddable":true,"href":"https:\/\/schoenstatt.com\/es\/wp-json\/wp\/v2\/media\/34895"}],"wp:attachment":[{"href":"https:\/\/schoenstatt.com\/es\/wp-json\/wp\/v2\/media?parent=34911"}],"wp:term":[{"taxonomy":"category","embeddable":true,"href":"https:\/\/schoenstatt.com\/es\/wp-json\/wp\/v2\/categories?post=34911"},{"taxonomy":"post_tag","embeddable":true,"href":"https:\/\/schoenstatt.com\/es\/wp-json\/wp\/v2\/tags?post=34911"}],"curies":[{"name":"wp","href":"https:\/\/api.w.org\/{rel}","templated":true}]}}