{"id":34541,"date":"2024-01-25T10:38:07","date_gmt":"2024-01-25T09:38:07","guid":{"rendered":"https:\/\/schoenstatt.com\/espiritualidad\/secretario-da-conferencia-episcopal-brasileira-visita-o-santuario-de-roma\/"},"modified":"2025-05-15T18:24:00","modified_gmt":"2025-05-15T16:24:00","slug":"el-secretario-de-la-conferencia-episcopal-de-brasil-visita-schoenstatt-en-roma","status":"publish","type":"post","link":"https:\/\/schoenstatt.com\/es\/el-secretario-de-la-conferencia-episcopal-de-brasil-visita-schoenstatt-en-roma\/","title":{"rendered":"El Secretario de la Conferencia Episcopal de Brasil visita Schoenstatt en Roma"},"content":{"rendered":"<p>La Presidencia de la <a href=\"https:\/\/www.cnbb.org.br\/\" target=\"_blank\" rel=\"noopener\">Conferencia Nacional de los Obispos de Brasil (CNBB)<\/a> visit\u00f3 este mes dicasterios del Vaticano y el 11 de enero tuvo <a href=\"https:\/\/www.vaticannews.va\/es\/papa\/news\/2024-01\/papa-francisco-reunion-presidencia-episcopado-brasileno.html\" target=\"_blank\" rel=\"noopener\">un encuentro con el Papa Francisco<\/a>. Tras esta visita al Santo Padre el 13 de enero, el Secretario General de la CNBB, Don Ricardo Hoepers, aprovech\u00f3 la ocasi\u00f3n para visitar el Santuario de Schoenstatt Cor Ecclesiae, situado muy cerca del Vaticano, y encontrarse con la Madre tres Veces Admirable.<\/p>\n<p>Don Ricardo, actualmente obispo auxiliar de la arquidi\u00f3cesis de Brasilia, capital del pa\u00eds, es oriundo de la ciudad de Curitiba. Antes fue obispo de la di\u00f3cesis de R\u00edo Grande, en el sur de Brasil. Estos dos lugares marcaron su contacto con Schoenstatt, como nos cuenta en una entrevista que transcribimos a continuaci\u00f3n:<\/p>\n<h3>\u00bfCu\u00e1l es su relaci\u00f3n con el Movimiento de Schoenstatt?<\/h3>\n<p>Esta se remonta al seminario menor. En aquella \u00e9poca, el P. Rafael Biernaski, hoy obispo de Blumenau, en el estado de Santa Catarina y miembro de la <a href=\"https:\/\/schoenstatt.com\/es\/familia\/comunidades-de-schoenstatt\/priest\/\">Federaci\u00f3n Internacional de Presb\u00edteros de Schoenstatt<\/a>, era el director espiritual del seminario y ya nos preparaba, desde el rezo del rosario hasta la visita al Santuario. Nos ense\u00f1\u00f3 que a trav\u00e9s del sacrificio, la oraci\u00f3n y, sobre todo, la consagraci\u00f3n a la Virgen, podr\u00edamos perseverar en nuestra vocaci\u00f3n sacerdotal.<\/p>\n<p>Por eso, desde peque\u00f1o, peregrin\u00e9 al Santuario de Schoenstatt desde nuestro Seminario San Jos\u00e9, en Curitiba, estado de Paran\u00e1.<\/p>\n<p><img fetchpriority=\"high\" decoding=\"async\" class=\"aligncenter wp-image-34399 size-large\" src=\"https:\/\/schoenstatt.com\/wp-content\/uploads\/2024\/01\/Dom-Ricardo-Hoepers-Schoenstatt-Roma-2-1024x933.png\" alt=\"\" width=\"840\" height=\"765\" \/><\/p>\n<h2>\u00bfQu\u00e9 le motiva a peregrinar a los Santuarios de la Virgen de Schoenstatt?<\/h2>\n<p>Lo que me motiva a peregrinar a los Santuarios de la Madre y Reina es tambi\u00e9n mi experiencia como obispo diocesano de R\u00edo Grande. El Movimiento de la Madre y Reina es muy grande en los hogares, en las familias. Son tantas las personas que participan en la di\u00f3cesis de R\u00edo Grande de la experiencia de la Madre y Reina visitando los hogares, que eso me ha hecho convencer de que la presencia de la Virgen de Schoenstatt en las familias es el camino m\u00e1s seguro para que una di\u00f3cesis, para que una Iglesia particular, se desarrolle y, sobre todo, se fortalezca en la fe. Siempre tuvimos la gracia de estar bien asesorados por las Hermanas de Mar\u00eda [de la Provincia] de Santa Mar\u00eda (estado R\u00edo Grande do Sul). En la di\u00f3cesis de R\u00edo Grande, la Madre y Reina visita pr\u00e1cticamente a todas las familias, en todos los lugares.<\/p>\n<h3>\u00bfHay alg\u00fan aspecto de nuestra espiritualidad que le llame la atenci\u00f3n?<\/h3>\n<p>La espiritualidad del Movimiento es fundamental para m\u00ed. Tengo muy clara la importancia del Capital de Gracias que, d\u00eda a d\u00eda, fortalece no solo mi vocaci\u00f3n, que ahora es tambi\u00e9n episcopal, sino que es la fuerza con la que tenemos que afrontar todas las dificultades y aprender que los sacrificios en nuestra vida son oportunidades que Dios nos da para ser mejores personas. En la vivencia de las virtudes, dones y carismas, Dios, a trav\u00e9s de su Madre, nos muestra que el camino seguro est\u00e1 en perseverar, en hacer siempre el bien.<\/p>\n<p>A trav\u00e9s del Capital de Gracias, todo lo que sucede es ofrecido a la Virgen y ella puede distribuir por todo el mundo las gracias que las personas m\u00e1s necesitan. As\u00ed que siempre me siento colaborador. Estemos donde estemos, siempre podemos colaborar con el Capital de Gracias y con la espiritualidad de Schoenstatt, que nos muestra, sobre todo, la virtud de mirar dentro de nosotros mismos, reconocer nuestros errores y pecados y mejorarnos, pulirnos, consagrarnos a Mar\u00eda y convertirnos en hijos en el Hijo, a trav\u00e9s de la Virgen.<\/p>\n<p><img decoding=\"async\" class=\"aligncenter wp-image-34403 size-large\" src=\"https:\/\/schoenstatt.com\/wp-content\/uploads\/2024\/01\/Dom-Ricardo-Hoepers-Schoenstatt-Roma-3-1024x533.png\" alt=\"\" width=\"840\" height=\"437\" \/><\/p>\n<h3>Como secretario de la CNBB, \u00bfqu\u00e9 mensaje cree que es importante para todos los miembros del Movimiento de Schoenstatt?<\/h3>\n<p>Como secretario de la CNBB, tambi\u00e9n tuve la alegr\u00eda de estar varias veces en el Santuario de Schoenstatt en Brasilia. Es un lugar hermoso y maravilloso. Espero que todas las personas que tienen contacto con la Mater puedan fortalecerse en cuerpo y alma, y puedan consagrar sus vidas y familias por amor al Reino de Dios.<\/p>\n<p>\u00a1Recemos por Don Ricardo y por su gran misi\u00f3n en la Iglesia!<\/p>\n<p><strong>Fuente:<\/strong> Schoenstatt Brasil, s<a href=\"https:\/\/schoenstatt.org.br\/\" target=\"_blank\" rel=\"noopener\">choenstatt.org.br<\/a><\/p>\n<p><strong>Traducci\u00f3n:<\/strong> Enrique Soros<\/p>\n","protected":false},"excerpt":{"rendered":"<p>El testimonio del Obispo Ricardo Hoepers expresa una profunda experiencia de fe: \u201cSon tantas las personas que participan en la di\u00f3cesis de R\u00edo Grande de la experiencia de la Madre y Reina visitando los hogares, que eso me ha hecho convencer de que la presencia de la Virgen de Schoenstatt en las familias es el camino m\u00e1s seguro para que una di\u00f3cesis, para que una Iglesia particular, se desarrolle y, sobre todo, se fortalezca en la fe\u201d. Y cierra: \u201cEn la di\u00f3cesis de R\u00edo Grande, la Madre y Reina visita pr\u00e1cticamente a todas las familias, en todos los lugares\u201d.<\/p>\n","protected":false},"author":3,"featured_media":34395,"comment_status":"closed","ping_status":"closed","sticky":false,"template":"","format":"standard","meta":{"footnotes":""},"categories":[683,790],"tags":[],"class_list":["post-34541","post","type-post","status-publish","format-standard","has-post-thumbnail","hentry","category-iglesia-es","category-paises-es"],"yoast_head":"<!-- This site is optimized with the Yoast SEO Premium plugin v27.4 (Yoast SEO v27.4) - https:\/\/yoast.com\/product\/yoast-seo-premium-wordpress\/ -->\n<title>El Secretario de la Conferencia Episcopal de Brasil visita Schoenstatt en Roma<\/title>\n<meta name=\"description\" content=\"\u201cEn la di\u00f3cesis de R\u00edo Grande, la Virgen de Schoenstatt visita pr\u00e1cticamente a todas las familias\u201d, expresa el secretario general.\" \/>\n<meta name=\"robots\" content=\"index, follow, max-snippet:-1, max-image-preview:large, max-video-preview:-1\" \/>\n<link rel=\"canonical\" href=\"https:\/\/schoenstatt.com\/es\/el-secretario-de-la-conferencia-episcopal-de-brasil-visita-schoenstatt-en-roma\/\" \/>\n<meta property=\"og:locale\" content=\"es_ES\" \/>\n<meta property=\"og:type\" content=\"article\" \/>\n<meta property=\"og:title\" content=\"El Secretario de la Conferencia Episcopal de Brasil visita Schoenstatt en Roma\" \/>\n<meta property=\"og:description\" content=\"\u201cEn la di\u00f3cesis de R\u00edo Grande, la Virgen de Schoenstatt visita pr\u00e1cticamente a todas las familias\u201d, expresa el secretario general.\" \/>\n<meta property=\"og:url\" content=\"https:\/\/schoenstatt.com\/es\/el-secretario-de-la-conferencia-episcopal-de-brasil-visita-schoenstatt-en-roma\/\" \/>\n<meta property=\"og:site_name\" content=\"Schoenstatt\" \/>\n<meta property=\"article:published_time\" content=\"2024-01-25T09:38:07+00:00\" \/>\n<meta property=\"article:modified_time\" content=\"2025-05-15T16:24:00+00:00\" \/>\n<meta property=\"og:image\" content=\"https:\/\/schoenstatt.com\/wp-content\/uploads\/2024\/01\/Dom-Ricardo-Hoepers-Schoenstatt-Roma-1.png\" \/>\n\t<meta property=\"og:image:width\" content=\"1542\" \/>\n\t<meta property=\"og:image:height\" content=\"837\" \/>\n\t<meta property=\"og:image:type\" content=\"image\/png\" \/>\n<meta name=\"author\" content=\"Karen Bueno\" \/>\n<meta name=\"twitter:card\" content=\"summary_large_image\" \/>\n<meta name=\"twitter:label1\" content=\"Escrito por\" \/>\n\t<meta name=\"twitter:data1\" content=\"Karen Bueno\" \/>\n\t<meta name=\"twitter:label2\" content=\"Tiempo de lectura\" \/>\n\t<meta name=\"twitter:data2\" content=\"4 minutos\" \/>\n<script type=\"application\/ld+json\" class=\"yoast-schema-graph\">{\"@context\":\"https:\\\/\\\/schema.org\",\"@graph\":[{\"@type\":\"Article\",\"@id\":\"https:\\\/\\\/schoenstatt.com\\\/es\\\/el-secretario-de-la-conferencia-episcopal-de-brasil-visita-schoenstatt-en-roma\\\/#article\",\"isPartOf\":{\"@id\":\"https:\\\/\\\/schoenstatt.com\\\/es\\\/el-secretario-de-la-conferencia-episcopal-de-brasil-visita-schoenstatt-en-roma\\\/\"},\"author\":{\"name\":\"Karen Bueno\",\"@id\":\"https:\\\/\\\/schoenstatt.com\\\/es\\\/#\\\/schema\\\/person\\\/5158877ad4acae98b34daaeef2a1ce6e\"},\"headline\":\"El Secretario de la Conferencia Episcopal de Brasil visita Schoenstatt en Roma\",\"datePublished\":\"2024-01-25T09:38:07+00:00\",\"dateModified\":\"2025-05-15T16:24:00+00:00\",\"mainEntityOfPage\":{\"@id\":\"https:\\\/\\\/schoenstatt.com\\\/es\\\/el-secretario-de-la-conferencia-episcopal-de-brasil-visita-schoenstatt-en-roma\\\/\"},\"wordCount\":732,\"publisher\":{\"@id\":\"https:\\\/\\\/schoenstatt.com\\\/es\\\/#organization\"},\"image\":{\"@id\":\"https:\\\/\\\/schoenstatt.com\\\/es\\\/el-secretario-de-la-conferencia-episcopal-de-brasil-visita-schoenstatt-en-roma\\\/#primaryimage\"},\"thumbnailUrl\":\"https:\\\/\\\/schoenstatt.com\\\/wp-content\\\/uploads\\\/2024\\\/01\\\/Dom-Ricardo-Hoepers-Schoenstatt-Roma-1.png\",\"articleSection\":[\"Iglesia\",\"Pa\u00edses\"],\"inLanguage\":\"es\"},{\"@type\":\"WebPage\",\"@id\":\"https:\\\/\\\/schoenstatt.com\\\/es\\\/el-secretario-de-la-conferencia-episcopal-de-brasil-visita-schoenstatt-en-roma\\\/\",\"url\":\"https:\\\/\\\/schoenstatt.com\\\/es\\\/el-secretario-de-la-conferencia-episcopal-de-brasil-visita-schoenstatt-en-roma\\\/\",\"name\":\"El Secretario de la Conferencia Episcopal de Brasil visita Schoenstatt en Roma\",\"isPartOf\":{\"@id\":\"https:\\\/\\\/schoenstatt.com\\\/es\\\/#website\"},\"primaryImageOfPage\":{\"@id\":\"https:\\\/\\\/schoenstatt.com\\\/es\\\/el-secretario-de-la-conferencia-episcopal-de-brasil-visita-schoenstatt-en-roma\\\/#primaryimage\"},\"image\":{\"@id\":\"https:\\\/\\\/schoenstatt.com\\\/es\\\/el-secretario-de-la-conferencia-episcopal-de-brasil-visita-schoenstatt-en-roma\\\/#primaryimage\"},\"thumbnailUrl\":\"https:\\\/\\\/schoenstatt.com\\\/wp-content\\\/uploads\\\/2024\\\/01\\\/Dom-Ricardo-Hoepers-Schoenstatt-Roma-1.png\",\"datePublished\":\"2024-01-25T09:38:07+00:00\",\"dateModified\":\"2025-05-15T16:24:00+00:00\",\"description\":\"\u201cEn la di\u00f3cesis de R\u00edo Grande, la Virgen de Schoenstatt visita pr\u00e1cticamente a todas las familias\u201d, expresa el secretario general.\",\"breadcrumb\":{\"@id\":\"https:\\\/\\\/schoenstatt.com\\\/es\\\/el-secretario-de-la-conferencia-episcopal-de-brasil-visita-schoenstatt-en-roma\\\/#breadcrumb\"},\"inLanguage\":\"es\",\"potentialAction\":[{\"@type\":\"ReadAction\",\"target\":[\"https:\\\/\\\/schoenstatt.com\\\/es\\\/el-secretario-de-la-conferencia-episcopal-de-brasil-visita-schoenstatt-en-roma\\\/\"]}]},{\"@type\":\"ImageObject\",\"inLanguage\":\"es\",\"@id\":\"https:\\\/\\\/schoenstatt.com\\\/es\\\/el-secretario-de-la-conferencia-episcopal-de-brasil-visita-schoenstatt-en-roma\\\/#primaryimage\",\"url\":\"https:\\\/\\\/schoenstatt.com\\\/wp-content\\\/uploads\\\/2024\\\/01\\\/Dom-Ricardo-Hoepers-Schoenstatt-Roma-1.png\",\"contentUrl\":\"https:\\\/\\\/schoenstatt.com\\\/wp-content\\\/uploads\\\/2024\\\/01\\\/Dom-Ricardo-Hoepers-Schoenstatt-Roma-1.png\",\"width\":1542,\"height\":837},{\"@type\":\"BreadcrumbList\",\"@id\":\"https:\\\/\\\/schoenstatt.com\\\/es\\\/el-secretario-de-la-conferencia-episcopal-de-brasil-visita-schoenstatt-en-roma\\\/#breadcrumb\",\"itemListElement\":[{\"@type\":\"ListItem\",\"position\":1,\"name\":\"Portada\",\"item\":\"https:\\\/\\\/schoenstatt.com\\\/es\\\/home\\\/\"},{\"@type\":\"ListItem\",\"position\":2,\"name\":\"El Secretario de la Conferencia Episcopal de Brasil visita Schoenstatt en Roma\"}]},{\"@type\":\"WebSite\",\"@id\":\"https:\\\/\\\/schoenstatt.com\\\/es\\\/#website\",\"url\":\"https:\\\/\\\/schoenstatt.com\\\/es\\\/\",\"name\":\"Schoenstatt\",\"description\":\"Apostolic Movement\",\"publisher\":{\"@id\":\"https:\\\/\\\/schoenstatt.com\\\/es\\\/#organization\"},\"potentialAction\":[{\"@type\":\"SearchAction\",\"target\":{\"@type\":\"EntryPoint\",\"urlTemplate\":\"https:\\\/\\\/schoenstatt.com\\\/es\\\/?s={search_term_string}\"},\"query-input\":{\"@type\":\"PropertyValueSpecification\",\"valueRequired\":true,\"valueName\":\"search_term_string\"}}],\"inLanguage\":\"es\"},{\"@type\":\"Organization\",\"@id\":\"https:\\\/\\\/schoenstatt.com\\\/es\\\/#organization\",\"name\":\"Schoenstatt\",\"url\":\"https:\\\/\\\/schoenstatt.com\\\/es\\\/\",\"logo\":{\"@type\":\"ImageObject\",\"inLanguage\":\"es\",\"@id\":\"https:\\\/\\\/schoenstatt.com\\\/es\\\/#\\\/schema\\\/logo\\\/image\\\/\",\"url\":\"https:\\\/\\\/schoenstatt.com\\\/wp-content\\\/uploads\\\/2025\\\/04\\\/logo-schoenstatt-white-696x696-1.png\",\"contentUrl\":\"https:\\\/\\\/schoenstatt.com\\\/wp-content\\\/uploads\\\/2025\\\/04\\\/logo-schoenstatt-white-696x696-1.png\",\"width\":696,\"height\":694,\"caption\":\"Schoenstatt\"},\"image\":{\"@id\":\"https:\\\/\\\/schoenstatt.com\\\/es\\\/#\\\/schema\\\/logo\\\/image\\\/\"}},{\"@type\":\"Person\",\"@id\":\"https:\\\/\\\/schoenstatt.com\\\/es\\\/#\\\/schema\\\/person\\\/5158877ad4acae98b34daaeef2a1ce6e\",\"name\":\"Karen Bueno\",\"image\":{\"@type\":\"ImageObject\",\"inLanguage\":\"es\",\"@id\":\"https:\\\/\\\/secure.gravatar.com\\\/avatar\\\/f9f4b823873154269d2b2130f195f6d41037dd0d7fc5f3cacb5c846bae70d66b?s=96&d=mm&r=g\",\"url\":\"https:\\\/\\\/secure.gravatar.com\\\/avatar\\\/f9f4b823873154269d2b2130f195f6d41037dd0d7fc5f3cacb5c846bae70d66b?s=96&d=mm&r=g\",\"contentUrl\":\"https:\\\/\\\/secure.gravatar.com\\\/avatar\\\/f9f4b823873154269d2b2130f195f6d41037dd0d7fc5f3cacb5c846bae70d66b?s=96&d=mm&r=g\",\"caption\":\"Karen Bueno\"},\"url\":\"https:\\\/\\\/schoenstatt.com\\\/es\\\/author\\\/karen-bueno\\\/\"}]}<\/script>\n<!-- \/ Yoast SEO Premium plugin. -->","yoast_head_json":{"title":"El Secretario de la Conferencia Episcopal de Brasil visita Schoenstatt en Roma","description":"\u201cEn la di\u00f3cesis de R\u00edo Grande, la Virgen de Schoenstatt visita pr\u00e1cticamente a todas las familias\u201d, expresa el secretario general.","robots":{"index":"index","follow":"follow","max-snippet":"max-snippet:-1","max-image-preview":"max-image-preview:large","max-video-preview":"max-video-preview:-1"},"canonical":"https:\/\/schoenstatt.com\/es\/el-secretario-de-la-conferencia-episcopal-de-brasil-visita-schoenstatt-en-roma\/","og_locale":"es_ES","og_type":"article","og_title":"El Secretario de la Conferencia Episcopal de Brasil visita Schoenstatt en Roma","og_description":"\u201cEn la di\u00f3cesis de R\u00edo Grande, la Virgen de Schoenstatt visita pr\u00e1cticamente a todas las familias\u201d, expresa el secretario general.","og_url":"https:\/\/schoenstatt.com\/es\/el-secretario-de-la-conferencia-episcopal-de-brasil-visita-schoenstatt-en-roma\/","og_site_name":"Schoenstatt","article_published_time":"2024-01-25T09:38:07+00:00","article_modified_time":"2025-05-15T16:24:00+00:00","og_image":[{"width":1542,"height":837,"url":"https:\/\/schoenstatt.com\/wp-content\/uploads\/2024\/01\/Dom-Ricardo-Hoepers-Schoenstatt-Roma-1.png","type":"image\/png"}],"author":"Karen Bueno","twitter_card":"summary_large_image","twitter_misc":{"Escrito por":"Karen Bueno","Tiempo de lectura":"4 minutos"},"schema":{"@context":"https:\/\/schema.org","@graph":[{"@type":"Article","@id":"https:\/\/schoenstatt.com\/es\/el-secretario-de-la-conferencia-episcopal-de-brasil-visita-schoenstatt-en-roma\/#article","isPartOf":{"@id":"https:\/\/schoenstatt.com\/es\/el-secretario-de-la-conferencia-episcopal-de-brasil-visita-schoenstatt-en-roma\/"},"author":{"name":"Karen Bueno","@id":"https:\/\/schoenstatt.com\/es\/#\/schema\/person\/5158877ad4acae98b34daaeef2a1ce6e"},"headline":"El Secretario de la Conferencia Episcopal de Brasil visita Schoenstatt en Roma","datePublished":"2024-01-25T09:38:07+00:00","dateModified":"2025-05-15T16:24:00+00:00","mainEntityOfPage":{"@id":"https:\/\/schoenstatt.com\/es\/el-secretario-de-la-conferencia-episcopal-de-brasil-visita-schoenstatt-en-roma\/"},"wordCount":732,"publisher":{"@id":"https:\/\/schoenstatt.com\/es\/#organization"},"image":{"@id":"https:\/\/schoenstatt.com\/es\/el-secretario-de-la-conferencia-episcopal-de-brasil-visita-schoenstatt-en-roma\/#primaryimage"},"thumbnailUrl":"https:\/\/schoenstatt.com\/wp-content\/uploads\/2024\/01\/Dom-Ricardo-Hoepers-Schoenstatt-Roma-1.png","articleSection":["Iglesia","Pa\u00edses"],"inLanguage":"es"},{"@type":"WebPage","@id":"https:\/\/schoenstatt.com\/es\/el-secretario-de-la-conferencia-episcopal-de-brasil-visita-schoenstatt-en-roma\/","url":"https:\/\/schoenstatt.com\/es\/el-secretario-de-la-conferencia-episcopal-de-brasil-visita-schoenstatt-en-roma\/","name":"El Secretario de la Conferencia Episcopal de Brasil visita Schoenstatt en Roma","isPartOf":{"@id":"https:\/\/schoenstatt.com\/es\/#website"},"primaryImageOfPage":{"@id":"https:\/\/schoenstatt.com\/es\/el-secretario-de-la-conferencia-episcopal-de-brasil-visita-schoenstatt-en-roma\/#primaryimage"},"image":{"@id":"https:\/\/schoenstatt.com\/es\/el-secretario-de-la-conferencia-episcopal-de-brasil-visita-schoenstatt-en-roma\/#primaryimage"},"thumbnailUrl":"https:\/\/schoenstatt.com\/wp-content\/uploads\/2024\/01\/Dom-Ricardo-Hoepers-Schoenstatt-Roma-1.png","datePublished":"2024-01-25T09:38:07+00:00","dateModified":"2025-05-15T16:24:00+00:00","description":"\u201cEn la di\u00f3cesis de R\u00edo Grande, la Virgen de Schoenstatt visita pr\u00e1cticamente a todas las familias\u201d, expresa el secretario general.","breadcrumb":{"@id":"https:\/\/schoenstatt.com\/es\/el-secretario-de-la-conferencia-episcopal-de-brasil-visita-schoenstatt-en-roma\/#breadcrumb"},"inLanguage":"es","potentialAction":[{"@type":"ReadAction","target":["https:\/\/schoenstatt.com\/es\/el-secretario-de-la-conferencia-episcopal-de-brasil-visita-schoenstatt-en-roma\/"]}]},{"@type":"ImageObject","inLanguage":"es","@id":"https:\/\/schoenstatt.com\/es\/el-secretario-de-la-conferencia-episcopal-de-brasil-visita-schoenstatt-en-roma\/#primaryimage","url":"https:\/\/schoenstatt.com\/wp-content\/uploads\/2024\/01\/Dom-Ricardo-Hoepers-Schoenstatt-Roma-1.png","contentUrl":"https:\/\/schoenstatt.com\/wp-content\/uploads\/2024\/01\/Dom-Ricardo-Hoepers-Schoenstatt-Roma-1.png","width":1542,"height":837},{"@type":"BreadcrumbList","@id":"https:\/\/schoenstatt.com\/es\/el-secretario-de-la-conferencia-episcopal-de-brasil-visita-schoenstatt-en-roma\/#breadcrumb","itemListElement":[{"@type":"ListItem","position":1,"name":"Portada","item":"https:\/\/schoenstatt.com\/es\/home\/"},{"@type":"ListItem","position":2,"name":"El Secretario de la Conferencia Episcopal de Brasil visita Schoenstatt en Roma"}]},{"@type":"WebSite","@id":"https:\/\/schoenstatt.com\/es\/#website","url":"https:\/\/schoenstatt.com\/es\/","name":"Schoenstatt","description":"Apostolic Movement","publisher":{"@id":"https:\/\/schoenstatt.com\/es\/#organization"},"potentialAction":[{"@type":"SearchAction","target":{"@type":"EntryPoint","urlTemplate":"https:\/\/schoenstatt.com\/es\/?s={search_term_string}"},"query-input":{"@type":"PropertyValueSpecification","valueRequired":true,"valueName":"search_term_string"}}],"inLanguage":"es"},{"@type":"Organization","@id":"https:\/\/schoenstatt.com\/es\/#organization","name":"Schoenstatt","url":"https:\/\/schoenstatt.com\/es\/","logo":{"@type":"ImageObject","inLanguage":"es","@id":"https:\/\/schoenstatt.com\/es\/#\/schema\/logo\/image\/","url":"https:\/\/schoenstatt.com\/wp-content\/uploads\/2025\/04\/logo-schoenstatt-white-696x696-1.png","contentUrl":"https:\/\/schoenstatt.com\/wp-content\/uploads\/2025\/04\/logo-schoenstatt-white-696x696-1.png","width":696,"height":694,"caption":"Schoenstatt"},"image":{"@id":"https:\/\/schoenstatt.com\/es\/#\/schema\/logo\/image\/"}},{"@type":"Person","@id":"https:\/\/schoenstatt.com\/es\/#\/schema\/person\/5158877ad4acae98b34daaeef2a1ce6e","name":"Karen Bueno","image":{"@type":"ImageObject","inLanguage":"es","@id":"https:\/\/secure.gravatar.com\/avatar\/f9f4b823873154269d2b2130f195f6d41037dd0d7fc5f3cacb5c846bae70d66b?s=96&d=mm&r=g","url":"https:\/\/secure.gravatar.com\/avatar\/f9f4b823873154269d2b2130f195f6d41037dd0d7fc5f3cacb5c846bae70d66b?s=96&d=mm&r=g","contentUrl":"https:\/\/secure.gravatar.com\/avatar\/f9f4b823873154269d2b2130f195f6d41037dd0d7fc5f3cacb5c846bae70d66b?s=96&d=mm&r=g","caption":"Karen Bueno"},"url":"https:\/\/schoenstatt.com\/es\/author\/karen-bueno\/"}]}},"_links":{"self":[{"href":"https:\/\/schoenstatt.com\/es\/wp-json\/wp\/v2\/posts\/34541","targetHints":{"allow":["GET"]}}],"collection":[{"href":"https:\/\/schoenstatt.com\/es\/wp-json\/wp\/v2\/posts"}],"about":[{"href":"https:\/\/schoenstatt.com\/es\/wp-json\/wp\/v2\/types\/post"}],"author":[{"embeddable":true,"href":"https:\/\/schoenstatt.com\/es\/wp-json\/wp\/v2\/users\/3"}],"replies":[{"embeddable":true,"href":"https:\/\/schoenstatt.com\/es\/wp-json\/wp\/v2\/comments?post=34541"}],"version-history":[{"count":1,"href":"https:\/\/schoenstatt.com\/es\/wp-json\/wp\/v2\/posts\/34541\/revisions"}],"predecessor-version":[{"id":46618,"href":"https:\/\/schoenstatt.com\/es\/wp-json\/wp\/v2\/posts\/34541\/revisions\/46618"}],"wp:featuredmedia":[{"embeddable":true,"href":"https:\/\/schoenstatt.com\/es\/wp-json\/wp\/v2\/media\/34395"}],"wp:attachment":[{"href":"https:\/\/schoenstatt.com\/es\/wp-json\/wp\/v2\/media?parent=34541"}],"wp:term":[{"taxonomy":"category","embeddable":true,"href":"https:\/\/schoenstatt.com\/es\/wp-json\/wp\/v2\/categories?post=34541"},{"taxonomy":"post_tag","embeddable":true,"href":"https:\/\/schoenstatt.com\/es\/wp-json\/wp\/v2\/tags?post=34541"}],"curies":[{"name":"wp","href":"https:\/\/api.w.org\/{rel}","templated":true}]}}