{"id":34302,"date":"2024-01-20T06:16:12","date_gmt":"2024-01-20T05:16:12","guid":{"rendered":"https:\/\/schoenstatt.com\/?p=34302"},"modified":"2025-05-15T18:17:31","modified_gmt":"2025-05-15T16:17:31","slug":"el-misterio-del-20-de-enero-de-1942","status":"publish","type":"post","link":"https:\/\/schoenstatt.com\/es\/el-misterio-del-20-de-enero-de-1942\/","title":{"rendered":"El misterio del 20 de enero de 1942"},"content":{"rendered":"<p>Muchos conocemos <a href=\"https:\/\/schoenstatt.com\/es\/espiritualidad\/20-de-enero-de-1942-un-dia-clave-para-el-movimiento-de-schoenstatt\/\">las circunstancias y los hechos de ese d\u00eda<\/a>: El Fundador se encuentra en la c\u00e1rcel y es declarado apto para ir al <a href=\"https:\/\/es.wikipedia.org\/wiki\/Campo_de_concentraci%C3%B3n_de_Dachau\" target=\"_blank\" rel=\"noopener\">campo de concentraci\u00f3n de Dachau<\/a>. Pero se le abre la posibilidad de salvarse si pide un nuevo examen m\u00e9dico. Y el d\u00eda 20 de enero, el Fundador toma la decisi\u00f3n de no aprovechar esa posibilidad e ir libremente a Dachau.<\/p>\n<h2>Ahora, \u00bfcu\u00e1l es el misterio de ese d\u00eda?<\/h2>\n<p>Pienso que, como en la vida de Cristo, es un misterio de la cruz, del amor y de la resurrecci\u00f3n.<\/p>\n<h3>1. Misterio de la cruz<\/h3>\n<p>La cruz, el gran misterio de la vida y muerte de Cristo, lo es tambi\u00e9n en la vida de sus disc\u00edpulos, los cristianos. As\u00ed lo entiende tambi\u00e9n el Fundador: \u00c9l debe ser ahora Padre de los suyos desde la cruz. Por eso les dice en una de sus cartas desde la c\u00e1rcel:<\/p>\n<blockquote><p>\u201cNo crean que ser\u00edan en primer lugar mis retiros, mis consejos o mis palabras, lo que m\u00e1s les podr\u00edan ayudar ahora. Lo m\u00e1s fecundo que puedo hacer es mi entrega por ustedes en la cruz.\u201d<\/p><\/blockquote>\n<p>Su tarea ahora no es buscar su libertad, librarse del campo de concentraci\u00f3n. Su tarea es imitar a Cristo, el Buen Pastor, en su pasi\u00f3n: arriesgar la propia vida por sus ovejas, y arriesgar tambi\u00e9n la existencia de su Familia. Porque en aquel momento, la obra todav\u00eda no estaba suficientemente formada y desarrollada para poder existir sin su Fundador.<\/p>\n<p><img fetchpriority=\"high\" decoding=\"async\" class=\"aligncenter wp-image-34296 size-large\" src=\"https:\/\/schoenstatt.com\/wp-content\/uploads\/2024\/01\/dachau-konzentrationslager-682x1024.jpg\" alt=\"\" width=\"682\" height=\"1024\" \/><\/p>\n<h3>La cruz es tambi\u00e9n un camino para la Familia de Schoenstatt<\/h3>\n<p>Tambi\u00e9n la Familia de Schoenstatt debe entrar en este misterio de la cruz. Por eso, el Padre Kentenich trata de despertar disponibilidad y apertura hacia la cruz, a trav\u00e9s de las cartas y escritos que le env\u00eda. Toda la Familia est\u00e1 llamada a asemejarse a Jesucristo crucificado.<\/p>\n<p>Pasa lo mismo que pas\u00f3 en tiempos del Se\u00f1or: la cruz separa los verdaderos y falsos disc\u00edpulos.<\/p>\n<p>Tambi\u00e9n en Schoenstatt se prueba la verdadera fidelidad de sus seguidores: est\u00e1n los que pertenecen s\u00f3lo exteriormente a la Familia, los que comparten sus ideas, su espiritualidad, su pedagog\u00eda. Y est\u00e1n los que forman parte de Schoenstatt interiormente: los que est\u00e1n dispuestos a jugarse por el Padre Fundador y su destino, a seguirle por el mismo camino de la cruz.<\/p>\n<p><img decoding=\"async\" class=\"aligncenter wp-image-21370 \" src=\"https:\/\/schoenstatt.com\/wp-content\/uploads\/2021\/11\/padre-kentenich-foto-768x1024.jpg\" alt=\"\" width=\"683\" height=\"911\" \/><\/p>\n<h3>2. Misterio de amor<\/h3>\n<p>En la vida de Cristo, \u00c9l no buscaba la cruz y la muerte. Quer\u00eda amar y obedecer. S\u00f3lo aceptaba las cosas como ven\u00edan. Y cuando se le exig\u00eda, daba la vida libremente, en un gesto de amor infinito.<\/p>\n<p>Lo mismo el Padre Fundador. Toma la decisi\u00f3n del \u201c20 de enero\u201d por amor y confianza en Dios. Deja atr\u00e1s la seguridad humana, para entregarse totalmente en manos de Dios. S\u00f3lo quiere aceptar y cumplir el deseo y la voluntad de Dios. Lo importante para \u00e9l no es la cruz como tal, sino la voluntad del Padre. Comenta el mismo Fundador:<\/p>\n<blockquote><p>\u201cLa fecundidad lograda no fue consecuencia de un hero\u00edsmo humano, sino consecuencia del cumplimiento de la condici\u00f3n pedida por Dios, de haber descubierto lo que Dios exig\u00eda.\u201d<\/p><\/blockquote>\n<h3>3. Misterio de la resurrecci\u00f3n<\/h3>\n<p>Lo que consuela a un cristiano, le da \u00e1nimo, esperanza y confianza es el hecho de que la cruz nunca es lo \u00faltimo: toda tristeza se convierte en alegr\u00eda, todo fracaso en victoria, toda pasi\u00f3n y cruz en resurrecci\u00f3n. As\u00ed fue no s\u00f3lo en la vida de Cristo, sino tambi\u00e9n en la vida del Padre Kentenich y de la Familia de Schoenstatt: La decisi\u00f3n del 20 de enero regala una fecundidad inmensa.<\/p>\n<h3>Preguntas para la reflexi\u00f3n<\/h3>\n<p><strong>1.<\/strong> \u00bfQu\u00e9 opino hoy de aquella decisi\u00f3n del Padre Fundador?<br \/>\n<strong>2.<\/strong> \u00bfCu\u00e1l es mi aporte para llevar adelante la misi\u00f3n del P. Kentenich?<br \/>\n<strong>3.<\/strong> \u00bfA qu\u00e9 vicio o comodidad podr\u00eda renunciar, como parte de la cruz en mi vida?<\/p>\n<p>Si desea comentar el texto o dar su testimonio, escriba a: pn.reflexiones@gmail.com<\/p>\n<p><strong>Imagen destacada:<\/strong> Terence Burke, unsplash.com<\/p>\n","protected":false},"excerpt":{"rendered":"<p>El 20 de enero de 1942 es para el Padre Fundador no s\u00f3lo uno de los cuatro hitos de Schoenstatt, sino tambi\u00e9n el eje de nuestra historia.<\/p>\n","protected":false},"author":3,"featured_media":34292,"comment_status":"closed","ping_status":"closed","sticky":false,"template":"","format":"standard","meta":{"footnotes":""},"categories":[881],"tags":[],"class_list":["post-34302","post","type-post","status-publish","format-standard","has-post-thumbnail","hentry","category-p-jose-kentenich-es"],"yoast_head":"<!-- This site is optimized with the Yoast SEO Premium plugin v27.4 (Yoast SEO v27.4) - https:\/\/yoast.com\/product\/yoast-seo-premium-wordpress\/ -->\n<title>El misterio del 20 de enero de 1942 - Schoenstatt<\/title>\n<meta name=\"description\" content=\"El 20 de enero de 1942 es para el Padre Fundador no s\u00f3lo uno de los cuatro hitos de Schoenstatt, sino tambi\u00e9n el eje de nuestra historia.\" \/>\n<meta name=\"robots\" content=\"index, follow, max-snippet:-1, max-image-preview:large, max-video-preview:-1\" \/>\n<link rel=\"canonical\" href=\"https:\/\/schoenstatt.com\/es\/el-misterio-del-20-de-enero-de-1942\/\" \/>\n<meta property=\"og:locale\" content=\"es_ES\" \/>\n<meta property=\"og:type\" content=\"article\" \/>\n<meta property=\"og:title\" content=\"El misterio del 20 de enero de 1942\" \/>\n<meta property=\"og:description\" content=\"El 20 de enero de 1942 es para el Padre Fundador no s\u00f3lo uno de los cuatro hitos de Schoenstatt, sino tambi\u00e9n el eje de nuestra historia.\" \/>\n<meta property=\"og:url\" content=\"https:\/\/schoenstatt.com\/es\/el-misterio-del-20-de-enero-de-1942\/\" \/>\n<meta property=\"og:site_name\" content=\"Schoenstatt\" \/>\n<meta property=\"article:published_time\" content=\"2024-01-20T05:16:12+00:00\" \/>\n<meta property=\"article:modified_time\" content=\"2025-05-15T16:17:31+00:00\" \/>\n<meta property=\"og:image\" content=\"https:\/\/schoenstatt.com\/wp-content\/uploads\/2024\/01\/Dachau-Foto-Terence-Burke-unsplash-1.jpg\" \/>\n\t<meta property=\"og:image:width\" content=\"2048\" \/>\n\t<meta property=\"og:image:height\" content=\"1347\" \/>\n\t<meta property=\"og:image:type\" content=\"image\/jpeg\" \/>\n<meta name=\"author\" content=\"Karen Bueno\" \/>\n<meta name=\"twitter:card\" content=\"summary_large_image\" \/>\n<meta name=\"twitter:label1\" content=\"Escrito por\" \/>\n\t<meta name=\"twitter:data1\" content=\"Karen Bueno\" \/>\n\t<meta name=\"twitter:label2\" content=\"Tiempo de lectura\" \/>\n\t<meta name=\"twitter:data2\" content=\"4 minutos\" \/>\n<script type=\"application\/ld+json\" class=\"yoast-schema-graph\">{\"@context\":\"https:\\\/\\\/schema.org\",\"@graph\":[{\"@type\":\"Article\",\"@id\":\"https:\\\/\\\/schoenstatt.com\\\/es\\\/el-misterio-del-20-de-enero-de-1942\\\/#article\",\"isPartOf\":{\"@id\":\"https:\\\/\\\/schoenstatt.com\\\/es\\\/el-misterio-del-20-de-enero-de-1942\\\/\"},\"author\":{\"name\":\"Karen Bueno\",\"@id\":\"https:\\\/\\\/schoenstatt.com\\\/es\\\/#\\\/schema\\\/person\\\/5158877ad4acae98b34daaeef2a1ce6e\"},\"headline\":\"El misterio del 20 de enero de 1942\",\"datePublished\":\"2024-01-20T05:16:12+00:00\",\"dateModified\":\"2025-05-15T16:17:31+00:00\",\"mainEntityOfPage\":{\"@id\":\"https:\\\/\\\/schoenstatt.com\\\/es\\\/el-misterio-del-20-de-enero-de-1942\\\/\"},\"wordCount\":701,\"publisher\":{\"@id\":\"https:\\\/\\\/schoenstatt.com\\\/es\\\/#organization\"},\"image\":{\"@id\":\"https:\\\/\\\/schoenstatt.com\\\/es\\\/el-misterio-del-20-de-enero-de-1942\\\/#primaryimage\"},\"thumbnailUrl\":\"https:\\\/\\\/schoenstatt.com\\\/wp-content\\\/uploads\\\/2024\\\/01\\\/Dachau-Foto-Terence-Burke-unsplash-1.jpg\",\"articleSection\":[\"P. Jos\u00e9 Kentenich\"],\"inLanguage\":\"es\"},{\"@type\":\"WebPage\",\"@id\":\"https:\\\/\\\/schoenstatt.com\\\/es\\\/el-misterio-del-20-de-enero-de-1942\\\/\",\"url\":\"https:\\\/\\\/schoenstatt.com\\\/es\\\/el-misterio-del-20-de-enero-de-1942\\\/\",\"name\":\"El misterio del 20 de enero de 1942 - Schoenstatt\",\"isPartOf\":{\"@id\":\"https:\\\/\\\/schoenstatt.com\\\/es\\\/#website\"},\"primaryImageOfPage\":{\"@id\":\"https:\\\/\\\/schoenstatt.com\\\/es\\\/el-misterio-del-20-de-enero-de-1942\\\/#primaryimage\"},\"image\":{\"@id\":\"https:\\\/\\\/schoenstatt.com\\\/es\\\/el-misterio-del-20-de-enero-de-1942\\\/#primaryimage\"},\"thumbnailUrl\":\"https:\\\/\\\/schoenstatt.com\\\/wp-content\\\/uploads\\\/2024\\\/01\\\/Dachau-Foto-Terence-Burke-unsplash-1.jpg\",\"datePublished\":\"2024-01-20T05:16:12+00:00\",\"dateModified\":\"2025-05-15T16:17:31+00:00\",\"description\":\"El 20 de enero de 1942 es para el Padre Fundador no s\u00f3lo uno de los cuatro hitos de Schoenstatt, sino tambi\u00e9n el eje de nuestra historia.\",\"breadcrumb\":{\"@id\":\"https:\\\/\\\/schoenstatt.com\\\/es\\\/el-misterio-del-20-de-enero-de-1942\\\/#breadcrumb\"},\"inLanguage\":\"es\",\"potentialAction\":[{\"@type\":\"ReadAction\",\"target\":[\"https:\\\/\\\/schoenstatt.com\\\/es\\\/el-misterio-del-20-de-enero-de-1942\\\/\"]}]},{\"@type\":\"ImageObject\",\"inLanguage\":\"es\",\"@id\":\"https:\\\/\\\/schoenstatt.com\\\/es\\\/el-misterio-del-20-de-enero-de-1942\\\/#primaryimage\",\"url\":\"https:\\\/\\\/schoenstatt.com\\\/wp-content\\\/uploads\\\/2024\\\/01\\\/Dachau-Foto-Terence-Burke-unsplash-1.jpg\",\"contentUrl\":\"https:\\\/\\\/schoenstatt.com\\\/wp-content\\\/uploads\\\/2024\\\/01\\\/Dachau-Foto-Terence-Burke-unsplash-1.jpg\",\"width\":2048,\"height\":1347},{\"@type\":\"BreadcrumbList\",\"@id\":\"https:\\\/\\\/schoenstatt.com\\\/es\\\/el-misterio-del-20-de-enero-de-1942\\\/#breadcrumb\",\"itemListElement\":[{\"@type\":\"ListItem\",\"position\":1,\"name\":\"Portada\",\"item\":\"https:\\\/\\\/schoenstatt.com\\\/es\\\/home\\\/\"},{\"@type\":\"ListItem\",\"position\":2,\"name\":\"El misterio del 20 de enero de 1942\"}]},{\"@type\":\"WebSite\",\"@id\":\"https:\\\/\\\/schoenstatt.com\\\/es\\\/#website\",\"url\":\"https:\\\/\\\/schoenstatt.com\\\/es\\\/\",\"name\":\"Schoenstatt\",\"description\":\"Apostolic Movement\",\"publisher\":{\"@id\":\"https:\\\/\\\/schoenstatt.com\\\/es\\\/#organization\"},\"potentialAction\":[{\"@type\":\"SearchAction\",\"target\":{\"@type\":\"EntryPoint\",\"urlTemplate\":\"https:\\\/\\\/schoenstatt.com\\\/es\\\/?s={search_term_string}\"},\"query-input\":{\"@type\":\"PropertyValueSpecification\",\"valueRequired\":true,\"valueName\":\"search_term_string\"}}],\"inLanguage\":\"es\"},{\"@type\":\"Organization\",\"@id\":\"https:\\\/\\\/schoenstatt.com\\\/es\\\/#organization\",\"name\":\"Schoenstatt\",\"url\":\"https:\\\/\\\/schoenstatt.com\\\/es\\\/\",\"logo\":{\"@type\":\"ImageObject\",\"inLanguage\":\"es\",\"@id\":\"https:\\\/\\\/schoenstatt.com\\\/es\\\/#\\\/schema\\\/logo\\\/image\\\/\",\"url\":\"https:\\\/\\\/schoenstatt.com\\\/wp-content\\\/uploads\\\/2025\\\/04\\\/logo-schoenstatt-white-696x696-1.png\",\"contentUrl\":\"https:\\\/\\\/schoenstatt.com\\\/wp-content\\\/uploads\\\/2025\\\/04\\\/logo-schoenstatt-white-696x696-1.png\",\"width\":696,\"height\":694,\"caption\":\"Schoenstatt\"},\"image\":{\"@id\":\"https:\\\/\\\/schoenstatt.com\\\/es\\\/#\\\/schema\\\/logo\\\/image\\\/\"}},{\"@type\":\"Person\",\"@id\":\"https:\\\/\\\/schoenstatt.com\\\/es\\\/#\\\/schema\\\/person\\\/5158877ad4acae98b34daaeef2a1ce6e\",\"name\":\"Karen Bueno\",\"image\":{\"@type\":\"ImageObject\",\"inLanguage\":\"es\",\"@id\":\"https:\\\/\\\/secure.gravatar.com\\\/avatar\\\/f9f4b823873154269d2b2130f195f6d41037dd0d7fc5f3cacb5c846bae70d66b?s=96&d=mm&r=g\",\"url\":\"https:\\\/\\\/secure.gravatar.com\\\/avatar\\\/f9f4b823873154269d2b2130f195f6d41037dd0d7fc5f3cacb5c846bae70d66b?s=96&d=mm&r=g\",\"contentUrl\":\"https:\\\/\\\/secure.gravatar.com\\\/avatar\\\/f9f4b823873154269d2b2130f195f6d41037dd0d7fc5f3cacb5c846bae70d66b?s=96&d=mm&r=g\",\"caption\":\"Karen Bueno\"},\"url\":\"https:\\\/\\\/schoenstatt.com\\\/es\\\/author\\\/karen-bueno\\\/\"}]}<\/script>\n<!-- \/ Yoast SEO Premium plugin. -->","yoast_head_json":{"title":"El misterio del 20 de enero de 1942 - Schoenstatt","description":"El 20 de enero de 1942 es para el Padre Fundador no s\u00f3lo uno de los cuatro hitos de Schoenstatt, sino tambi\u00e9n el eje de nuestra historia.","robots":{"index":"index","follow":"follow","max-snippet":"max-snippet:-1","max-image-preview":"max-image-preview:large","max-video-preview":"max-video-preview:-1"},"canonical":"https:\/\/schoenstatt.com\/es\/el-misterio-del-20-de-enero-de-1942\/","og_locale":"es_ES","og_type":"article","og_title":"El misterio del 20 de enero de 1942","og_description":"El 20 de enero de 1942 es para el Padre Fundador no s\u00f3lo uno de los cuatro hitos de Schoenstatt, sino tambi\u00e9n el eje de nuestra historia.","og_url":"https:\/\/schoenstatt.com\/es\/el-misterio-del-20-de-enero-de-1942\/","og_site_name":"Schoenstatt","article_published_time":"2024-01-20T05:16:12+00:00","article_modified_time":"2025-05-15T16:17:31+00:00","og_image":[{"width":2048,"height":1347,"url":"https:\/\/schoenstatt.com\/wp-content\/uploads\/2024\/01\/Dachau-Foto-Terence-Burke-unsplash-1.jpg","type":"image\/jpeg"}],"author":"Karen Bueno","twitter_card":"summary_large_image","twitter_misc":{"Escrito por":"Karen Bueno","Tiempo de lectura":"4 minutos"},"schema":{"@context":"https:\/\/schema.org","@graph":[{"@type":"Article","@id":"https:\/\/schoenstatt.com\/es\/el-misterio-del-20-de-enero-de-1942\/#article","isPartOf":{"@id":"https:\/\/schoenstatt.com\/es\/el-misterio-del-20-de-enero-de-1942\/"},"author":{"name":"Karen Bueno","@id":"https:\/\/schoenstatt.com\/es\/#\/schema\/person\/5158877ad4acae98b34daaeef2a1ce6e"},"headline":"El misterio del 20 de enero de 1942","datePublished":"2024-01-20T05:16:12+00:00","dateModified":"2025-05-15T16:17:31+00:00","mainEntityOfPage":{"@id":"https:\/\/schoenstatt.com\/es\/el-misterio-del-20-de-enero-de-1942\/"},"wordCount":701,"publisher":{"@id":"https:\/\/schoenstatt.com\/es\/#organization"},"image":{"@id":"https:\/\/schoenstatt.com\/es\/el-misterio-del-20-de-enero-de-1942\/#primaryimage"},"thumbnailUrl":"https:\/\/schoenstatt.com\/wp-content\/uploads\/2024\/01\/Dachau-Foto-Terence-Burke-unsplash-1.jpg","articleSection":["P. Jos\u00e9 Kentenich"],"inLanguage":"es"},{"@type":"WebPage","@id":"https:\/\/schoenstatt.com\/es\/el-misterio-del-20-de-enero-de-1942\/","url":"https:\/\/schoenstatt.com\/es\/el-misterio-del-20-de-enero-de-1942\/","name":"El misterio del 20 de enero de 1942 - Schoenstatt","isPartOf":{"@id":"https:\/\/schoenstatt.com\/es\/#website"},"primaryImageOfPage":{"@id":"https:\/\/schoenstatt.com\/es\/el-misterio-del-20-de-enero-de-1942\/#primaryimage"},"image":{"@id":"https:\/\/schoenstatt.com\/es\/el-misterio-del-20-de-enero-de-1942\/#primaryimage"},"thumbnailUrl":"https:\/\/schoenstatt.com\/wp-content\/uploads\/2024\/01\/Dachau-Foto-Terence-Burke-unsplash-1.jpg","datePublished":"2024-01-20T05:16:12+00:00","dateModified":"2025-05-15T16:17:31+00:00","description":"El 20 de enero de 1942 es para el Padre Fundador no s\u00f3lo uno de los cuatro hitos de Schoenstatt, sino tambi\u00e9n el eje de nuestra historia.","breadcrumb":{"@id":"https:\/\/schoenstatt.com\/es\/el-misterio-del-20-de-enero-de-1942\/#breadcrumb"},"inLanguage":"es","potentialAction":[{"@type":"ReadAction","target":["https:\/\/schoenstatt.com\/es\/el-misterio-del-20-de-enero-de-1942\/"]}]},{"@type":"ImageObject","inLanguage":"es","@id":"https:\/\/schoenstatt.com\/es\/el-misterio-del-20-de-enero-de-1942\/#primaryimage","url":"https:\/\/schoenstatt.com\/wp-content\/uploads\/2024\/01\/Dachau-Foto-Terence-Burke-unsplash-1.jpg","contentUrl":"https:\/\/schoenstatt.com\/wp-content\/uploads\/2024\/01\/Dachau-Foto-Terence-Burke-unsplash-1.jpg","width":2048,"height":1347},{"@type":"BreadcrumbList","@id":"https:\/\/schoenstatt.com\/es\/el-misterio-del-20-de-enero-de-1942\/#breadcrumb","itemListElement":[{"@type":"ListItem","position":1,"name":"Portada","item":"https:\/\/schoenstatt.com\/es\/home\/"},{"@type":"ListItem","position":2,"name":"El misterio del 20 de enero de 1942"}]},{"@type":"WebSite","@id":"https:\/\/schoenstatt.com\/es\/#website","url":"https:\/\/schoenstatt.com\/es\/","name":"Schoenstatt","description":"Apostolic Movement","publisher":{"@id":"https:\/\/schoenstatt.com\/es\/#organization"},"potentialAction":[{"@type":"SearchAction","target":{"@type":"EntryPoint","urlTemplate":"https:\/\/schoenstatt.com\/es\/?s={search_term_string}"},"query-input":{"@type":"PropertyValueSpecification","valueRequired":true,"valueName":"search_term_string"}}],"inLanguage":"es"},{"@type":"Organization","@id":"https:\/\/schoenstatt.com\/es\/#organization","name":"Schoenstatt","url":"https:\/\/schoenstatt.com\/es\/","logo":{"@type":"ImageObject","inLanguage":"es","@id":"https:\/\/schoenstatt.com\/es\/#\/schema\/logo\/image\/","url":"https:\/\/schoenstatt.com\/wp-content\/uploads\/2025\/04\/logo-schoenstatt-white-696x696-1.png","contentUrl":"https:\/\/schoenstatt.com\/wp-content\/uploads\/2025\/04\/logo-schoenstatt-white-696x696-1.png","width":696,"height":694,"caption":"Schoenstatt"},"image":{"@id":"https:\/\/schoenstatt.com\/es\/#\/schema\/logo\/image\/"}},{"@type":"Person","@id":"https:\/\/schoenstatt.com\/es\/#\/schema\/person\/5158877ad4acae98b34daaeef2a1ce6e","name":"Karen Bueno","image":{"@type":"ImageObject","inLanguage":"es","@id":"https:\/\/secure.gravatar.com\/avatar\/f9f4b823873154269d2b2130f195f6d41037dd0d7fc5f3cacb5c846bae70d66b?s=96&d=mm&r=g","url":"https:\/\/secure.gravatar.com\/avatar\/f9f4b823873154269d2b2130f195f6d41037dd0d7fc5f3cacb5c846bae70d66b?s=96&d=mm&r=g","contentUrl":"https:\/\/secure.gravatar.com\/avatar\/f9f4b823873154269d2b2130f195f6d41037dd0d7fc5f3cacb5c846bae70d66b?s=96&d=mm&r=g","caption":"Karen Bueno"},"url":"https:\/\/schoenstatt.com\/es\/author\/karen-bueno\/"}]}},"_links":{"self":[{"href":"https:\/\/schoenstatt.com\/es\/wp-json\/wp\/v2\/posts\/34302","targetHints":{"allow":["GET"]}}],"collection":[{"href":"https:\/\/schoenstatt.com\/es\/wp-json\/wp\/v2\/posts"}],"about":[{"href":"https:\/\/schoenstatt.com\/es\/wp-json\/wp\/v2\/types\/post"}],"author":[{"embeddable":true,"href":"https:\/\/schoenstatt.com\/es\/wp-json\/wp\/v2\/users\/3"}],"replies":[{"embeddable":true,"href":"https:\/\/schoenstatt.com\/es\/wp-json\/wp\/v2\/comments?post=34302"}],"version-history":[{"count":1,"href":"https:\/\/schoenstatt.com\/es\/wp-json\/wp\/v2\/posts\/34302\/revisions"}],"predecessor-version":[{"id":46599,"href":"https:\/\/schoenstatt.com\/es\/wp-json\/wp\/v2\/posts\/34302\/revisions\/46599"}],"wp:featuredmedia":[{"embeddable":true,"href":"https:\/\/schoenstatt.com\/es\/wp-json\/wp\/v2\/media\/34292"}],"wp:attachment":[{"href":"https:\/\/schoenstatt.com\/es\/wp-json\/wp\/v2\/media?parent=34302"}],"wp:term":[{"taxonomy":"category","embeddable":true,"href":"https:\/\/schoenstatt.com\/es\/wp-json\/wp\/v2\/categories?post=34302"},{"taxonomy":"post_tag","embeddable":true,"href":"https:\/\/schoenstatt.com\/es\/wp-json\/wp\/v2\/tags?post=34302"}],"curies":[{"name":"wp","href":"https:\/\/api.w.org\/{rel}","templated":true}]}}