{"id":34285,"date":"2024-01-18T01:55:52","date_gmt":"2024-01-18T00:55:52","guid":{"rendered":"https:\/\/schoenstatt.com\/espiritualidad\/silvester-einmal-anders-studentenwallfahrt-aus-rumanien-nach-schoenstatt\/"},"modified":"2025-05-15T18:38:19","modified_gmt":"2025-05-15T16:38:19","slug":"jovenes-rumanos-eligieron-schoenstatt-para-comenzar-el-2024-profundas-experiencias","status":"publish","type":"post","link":"https:\/\/schoenstatt.com\/es\/jovenes-rumanos-eligieron-schoenstatt-para-comenzar-el-2024-profundas-experiencias\/","title":{"rendered":"J\u00f3venes rumanos eligieron Schoenstatt para comenzar el 2024. Profundas experiencias"},"content":{"rendered":"<p>El grupo juvenil Al\u00e9grate, de Rumania, visit\u00f3 Schoenstatt, con la compa\u00f1\u00eda de dos Hermanas de Mar\u00eda de Timisoara, la Hna. Erika-Maria Bukovics y la Hna. M. Andreea Deac, y por el sacerdote diocesano, P. Piry Radulov, corresponsable de la capellan\u00eda estudiantil de la di\u00f3cesis. Sus testimonios reflejan la profundidad de las vivencias que tuvi<\/p>\n<p>Los mismos estudiantes informan sobre estos d\u00edas llenos de acontecimientos:<\/p>\n<p>Del 27 de diciembre de 2023 al 3 de enero de 2024, los j\u00f3venes de los grupos juveniles del Centro Juvenil Diocesano de Timisoara pasamos juntos una Nochevieja diferente en Schoenstatt, Alemania. Tuvimos la oportunidad de conocer la espiritualidad del Movimiento Apost\u00f3lico de Schoenstatt y de pasar el A\u00f1o Nuevo con otros j\u00f3venes de otros pa\u00edses ante el Sant\u00edsimo Sacramento.<\/p>\n<p>A trav\u00e9s de esta peregrinaci\u00f3n, los j\u00f3venes pudieron conocer mejor al fundador del movimiento, el P. Jos\u00e9 Kentenich. Uno de los j\u00f3venes relata: \u00abCuando entramos en la habitaci\u00f3n del P. Jos\u00e9 Kentenich, nos fascin\u00f3 la sencillez de la \u00e9poca, todo estaba intacto tal y como \u00e9l lo hab\u00eda dejado, su escritorio con hojas de papel y bol\u00edgrafos, estanter\u00edas llenas de libros, fotos suyas y de personas importantes en su vida. Por unos instantes lo imaginamos sentado en ese escritorio un d\u00eda cualquiera, escribiendo o leyendo, creando los cimientos sobre los que hoy se levanta todo el Movimiento Apost\u00f3lico de Schoenstatt. En ese momento comprendimos la profundidad del lugar, pero tambi\u00e9n la identidad del Movimiento, que cada vez que era puesto a prueba por las dificultades de los tiempos, se fortalec\u00eda y estaba dispuesto a estar con nosotros y para nosotros.\u00bb<\/p>\n<h2>El Santuario Original<\/h2>\n<p>Una joven resumi\u00f3 as\u00ed sus impresiones en el Santuario Original: \u00abFue impresionante ver que en cada monte, en cada colina y cerca de cada casa de las muchas y variadas comunidades hab\u00eda una r\u00e9plica exacta de la capilla original. Sin embargo, cada una ten\u00eda su propio s\u00edmbolo para representar a la respectiva comunidad. Para m\u00ed, fue como si nunca hubiera salido del Santuario Original, y sent\u00ed que Mar\u00eda nos miraba con dulzura. Tuvimos la oportunidad de pasar la \u00faltima hora de 2023 y los primeros minutos de 2024 ante el Sant\u00edsimo Sacramento en el Santuario Original. Aunque afuera se o\u00edan los fuegos artificiales, hab\u00eda silencio en el Santuario para que cada uno pudiera tener su conversaci\u00f3n personal con Jes\u00fas. En alg\u00fan momento se nos unieron otros j\u00f3venes de otros pa\u00edses, y me sent\u00ed muy feliz de vivir este cambio de a\u00f1o de esta forma\u00bb.<\/p>\n<h2>La Alianza de Amor<\/h2>\n<p>La <a href=\"https:\/\/schoenstatt.com\/es\/acerca-de\/espiritualidad\/alianza-de-amor\/\">Alianza de Amor<\/a>, componente central de Schoenstatt, tambi\u00e9n impact\u00f3 en los j\u00f3venes. La describen as\u00ed: \u00abLa Alianza de Amor no es otra cosa que una forma de entrega a la Virgen. Con ocasi\u00f3n de esta peregrinaci\u00f3n, cuatro j\u00f3venes hicieron esta alianza de amor. Nos impact\u00f3, porque nos dimos cuenta de que estaban dispuestos a vivir lo que all\u00ed dijeron\u00bb.<\/p>\n<h3>Visita a las Hermanas de Mar\u00eda en el Monte Schoenstatt<\/h3>\n<p>Los j\u00f3venes vivieron as\u00ed su visita a las <a href=\"https:\/\/www.s-ms.org\/es\/\" target=\"_blank\" rel=\"noopener\">Hermanas de Mar\u00eda<\/a> en el Monte Schoenstatt: \u00abLa comunidad de las Hermanas en el Monte Schoenstatt es grande y muy abierta, y todas las Hermanas que conocimos sonre\u00edan cordialmente a los j\u00f3venes presentes. Uno de nuestros j\u00f3venes qued\u00f3 muy impresionado por el ambiente: \u00ab\u00bfD\u00f3nde estaba yo? Puedo decir con la mano en el coraz\u00f3n que se trataba de un viaje al mundo de los santos, me sent\u00eda como en el cielo, no sab\u00eda ni pensaba qu\u00e9 d\u00eda ni qu\u00e9 hora era. Las hermanas nos recibieron con mucho cari\u00f1o e inter\u00e9s y nos explicaron c\u00f3mo viven y c\u00f3mo se esfuerzan por amar a Dios. Dios tiene planes para cada uno de nosotros, estoy convencido de que fue tambi\u00e9n en este plan que se nos permiti\u00f3 conocer esta espiritualidad. Agradezco tambi\u00e9n a la Virgen por su intercesi\u00f3n y ayuda en todo\u00bb.<\/p>\n<h3>Visita a los Padres de Schoenstatt<\/h3>\n<p><img fetchpriority=\"high\" decoding=\"async\" class=\"aligncenter wp-image-34237 size-large\" src=\"https:\/\/schoenstatt.com\/wp-content\/uploads\/2024\/01\/jugend-Timisoara-Silvestertagung-2024-in-Schoenstatt-2-1024x768.jpg\" alt=\"\" width=\"840\" height=\"630\" \/><\/p>\n<p>Los Padres de Schoenstatt tambi\u00e9n dejaron huella. Un joven coment\u00f3 sobre ellos: \u00abDurante esta peregrinaci\u00f3n tambi\u00e9n pude conocer a los Padres de Schoenstatt a trav\u00e9s del P. Jos\u00e9 Luis Correa Lira, que me dej\u00f3 una impresi\u00f3n notable en cuanto a formaci\u00f3n, pedagog\u00eda y contribuci\u00f3n a la vida de la Iglesia. La Santa Misa, las homil\u00edas y la apertura de los sacerdotes de la comunidad despertaron en m\u00ed la paciencia que necesitaba para superar ciertas dificultades. Me impresion\u00f3 la forma en que conservan una huella concreta de la mano del P. Kentenich, sobre la que los Padres colocan su mano en determinadas ocasiones en su comunidad como identificaci\u00f3n con el P. Kentenich como padre y fundador del movimiento y de su instituto. La visita a los Padres me mostr\u00f3 que el amor de Dios no tiene l\u00edmites. \u00c9l elige nuestro camino y nos ayuda a tomarlo en el momento oportuno y a no desviarnos de \u00e9l\u00bb.<\/p>\n<h3>Visita a las familias del Monte Nazaret<\/h3>\n<p>El Movimiento de Schoenstatt es muy diverso, por lo que la Comunidad de Familias de Schoenstatt tambi\u00e9n fue una parte importante de la experiencia de los j\u00f3venes peregrinos: \u00abLa Comunidad de Familias de Schoenstatt tiene una capilla en el Monte Nazaret. Lo que impresiona de este santuario es la estatua de la Sagrada Familia, porque de frente no parece nada nuevo, Jes\u00fas en el centro de Jos\u00e9 y Mar\u00eda, pero cuando damos vuelta a la estatua, vemos a Jos\u00e9 y Mar\u00eda tomados de la mano, algo que nunca hab\u00edamos visto antes. A la izquierda del altar cuelga una red inundada de fotos de familias que han visitado esta capilla y que quieren que sus corazones permanezcan siempre en Schoenstatt, aunque sean familias de distintos rincones del mundo. Una cosa que me impresion\u00f3 fue el momento en que tuvimos que buscar una piedra para escribir nuestro apellido, el momento en que mi hermano y yo escribimos en una peque\u00f1a piedra nuestro apellido y la fecha en que colocamos la piedra a la entrada de la capilla, en ese momento, aunque mi madre y mi padre no estaban con nosotros, sentimos que hab\u00edamos colocado esa piedra como familia.\u00bb<\/p>\n<h3>Con la comunidad de los Hermanos de Mar\u00eda<\/h3>\n<p>Cuando el P. Jos\u00e9 Kentenich fund\u00f3 este movimiento apost\u00f3lico, quiso que todos los que pertenecieran al Movimiento se sintieran libres para tomar sus propias decisiones acertadas y elegir un estado de vida adecuado para s\u00ed mismos. Durante estos d\u00edas, los j\u00f3venes tambi\u00e9n conocieron la comunidad de los Hermanos de Mar\u00eda: \u00abCon todas las experiencias que tuvimos en Schoenstatt, no pod\u00eda faltar la visita al se\u00f1or Amrein, hermano de Mar\u00eda en el Monte Tabor. Con gran apertura y alegr\u00eda nos cont\u00f3 lo que hab\u00eda aprendido en el trabajo y en la comunidad de los Hermanos de Mar\u00eda. Nos abri\u00f3 el coraz\u00f3n y nos ayud\u00f3 a darnos cuenta de lo importante que es vivir cada momento con el mismo entusiasmo, independientemente de que sea un lunes por la ma\u00f1ana o un viernes por la tarde. A trav\u00e9s de su atractiva narraci\u00f3n, nos mostr\u00f3 que nosotros tambi\u00e9n, como los diferentes colores -el se\u00f1or Amrein se hab\u00eda formado como pintor de arte-, cada uno de nosotros es una salpicadura de color diferente, pero muy importante para nuestro mundo. Nos anim\u00f3 a ser aut\u00e9nticos, a seguir nuestra conciencia y subray\u00f3 la importancia de nuestra relaci\u00f3n con la Virgen Mar\u00eda\u00bb.<\/p>\n<h3>Iglesia de la Adoraci\u00f3n<\/h3>\n<p>Schoenstatt se expande por varios cerros y un valle, y est\u00e1 coronado por la hermosa Iglesia de Adoraci\u00f3n. Uno de los j\u00f3venes comparte: \u00abUna noche tuvimos la oportunidad de pasar tiempo juntos junto a la tumba del P. Kentenich, pidi\u00e9ndole ayuda en nuestras necesidades y expresando nuestra gratitud por los momentos de gracia que experimentamos en este lugar de peregrinaci\u00f3n. Agradezco a Dios por el regalo de Schoenstatt del P. Jos\u00e9 Kentenich a nuestro tiempo!\u00bb<\/p>\n<h3>Mi experiencia estuvo llena de aprendizaje y alegr\u00eda interior<\/h3>\n<p>Un joven sacerdote diocesano de la di\u00f3cesis de Timisoara, que acompa\u00f1\u00f3 al grupo, llam\u00f3 a Schoenstatt el \u00ab<a href=\"https:\/\/es.wikipedia.org\/wiki\/Monte_Athos\" target=\"_blank\" rel=\"noopener\">Monte Athos<\/a> de Alemania\u00bb. Tambi\u00e9n dijo: \u00ab\u00a1La espiritualidad de Schoenstatt ofrece muchas oportunidades para el desarrollo personal y la libertad! Mi experiencia en esta comunidad fue de aprendizaje y alegr\u00eda interior, donde los valores tienen un papel central. \u00a1Sent\u00ed mucha paz en medio de este ambiente espiritual! La atm\u00f3sfera de devoci\u00f3n, los juegos, los paseos y la oraci\u00f3n me rodearon de una energ\u00eda positiva y me ayudaron a desarrollar una relaci\u00f3n m\u00e1s estrecha con mi pr\u00f3jimo, pero tambi\u00e9n con Dios. Pedir\u00e9 a la Virgen que nos ayude a construir una capilla en Rumania &#8211; \u00a1Timisoara!\u00bb.<\/p>\n<p>Los j\u00f3venes est\u00e1n convencidos despu\u00e9s de su visita a Schoenstatt: Hay lugar para todos en el Movimiento de Schoenstatt, es un movimiento que ense\u00f1a valores que seguramente alegran a Dios y a Mar\u00eda. Es una espiritualidad a trav\u00e9s de la cual podemos aprender f\u00e1cilmente a servir a Dios en nuestra vida diaria con gran libertad.<\/p>\n<p><em>*Grupo de estudiantes \u00abAl\u00e9grate\u00bb, de la di\u00f3cesis de Timisoara<\/em><\/p>\n<p>Traducci\u00f3n: Enrique Soros<\/p>\n","protected":false},"excerpt":{"rendered":"<p>No dejaron rinc\u00f3n sin visitar. Un grupo de j\u00f3venes de Rumania estuvieron viviendo en Schoenstatt durante los \u00faltimos d\u00edas del a\u00f1o 2023 y los primeros de 2024. Visitaron los santuarios, las comunidades, y llenaron el alma con profundas experiencias. Sus testimonios: \u201cPara m\u00ed, fue como si nunca hubiera salido del Santuario Original. Sent\u00ed que Mar\u00eda nos miraba con dulzura\u201d. \u201cLa visita a los Padres me mostr\u00f3 que el amor de Dios no tiene l\u00edmites\u201d. La visita a las Hermanas nos llev\u00f3 a un viaje \u201cal mundo de los santos\u201d.<\/p>\n","protected":false},"author":3,"featured_media":34233,"comment_status":"closed","ping_status":"closed","sticky":false,"template":"","format":"standard","meta":{"footnotes":""},"categories":[909,923,901],"tags":[],"class_list":["post-34285","post","type-post","status-publish","format-standard","has-post-thumbnail","hentry","category-comunidades-de-schoenstatt-es","category-juventud-es","category-santuario-original-es"],"yoast_head":"<!-- This site is optimized with the Yoast SEO Premium plugin v27.4 (Yoast SEO v27.4) - https:\/\/yoast.com\/product\/yoast-seo-premium-wordpress\/ -->\n<title>J\u00f3venes rumanos eligieron Schoenstatt para comenzar el 2024. Profundas experiencias<\/title>\n<meta name=\"description\" content=\"J\u00f3venes rumanos quedan impactados por las gracias recibidas en su visita a los lugares santos de Schoenstatt, en Alemania.\" \/>\n<meta name=\"robots\" content=\"index, follow, max-snippet:-1, max-image-preview:large, max-video-preview:-1\" \/>\n<link rel=\"canonical\" href=\"https:\/\/schoenstatt.com\/es\/jovenes-rumanos-eligieron-schoenstatt-para-comenzar-el-2024-profundas-experiencias\/\" \/>\n<meta property=\"og:locale\" content=\"es_ES\" \/>\n<meta property=\"og:type\" content=\"article\" \/>\n<meta property=\"og:title\" content=\"J\u00f3venes rumanos eligieron Schoenstatt para comenzar el 2024. Profundas experiencias\" \/>\n<meta property=\"og:description\" content=\"J\u00f3venes rumanos quedan impactados por las gracias recibidas en su visita a los lugares santos de Schoenstatt, en Alemania.\" \/>\n<meta property=\"og:url\" content=\"https:\/\/schoenstatt.com\/es\/jovenes-rumanos-eligieron-schoenstatt-para-comenzar-el-2024-profundas-experiencias\/\" \/>\n<meta property=\"og:site_name\" content=\"Schoenstatt\" \/>\n<meta property=\"article:published_time\" content=\"2024-01-18T00:55:52+00:00\" \/>\n<meta property=\"article:modified_time\" content=\"2025-05-15T16:38:19+00:00\" \/>\n<meta property=\"og:image\" content=\"https:\/\/schoenstatt.com\/wp-content\/uploads\/2024\/01\/jugend-Timisoara-Silvestertagung-2024-in-Schoenstatt-1.jpg\" \/>\n\t<meta property=\"og:image:width\" content=\"2048\" \/>\n\t<meta property=\"og:image:height\" content=\"1536\" \/>\n\t<meta property=\"og:image:type\" content=\"image\/jpeg\" \/>\n<meta name=\"author\" content=\"Karen Bueno\" \/>\n<meta name=\"twitter:card\" content=\"summary_large_image\" \/>\n<meta name=\"twitter:label1\" content=\"Escrito por\" \/>\n\t<meta name=\"twitter:data1\" content=\"Karen Bueno\" \/>\n\t<meta name=\"twitter:label2\" content=\"Tiempo de lectura\" \/>\n\t<meta name=\"twitter:data2\" content=\"7 minutos\" \/>\n<script type=\"application\/ld+json\" class=\"yoast-schema-graph\">{\"@context\":\"https:\\\/\\\/schema.org\",\"@graph\":[{\"@type\":\"Article\",\"@id\":\"https:\\\/\\\/schoenstatt.com\\\/es\\\/jovenes-rumanos-eligieron-schoenstatt-para-comenzar-el-2024-profundas-experiencias\\\/#article\",\"isPartOf\":{\"@id\":\"https:\\\/\\\/schoenstatt.com\\\/es\\\/jovenes-rumanos-eligieron-schoenstatt-para-comenzar-el-2024-profundas-experiencias\\\/\"},\"author\":{\"name\":\"Karen Bueno\",\"@id\":\"https:\\\/\\\/schoenstatt.com\\\/es\\\/#\\\/schema\\\/person\\\/5158877ad4acae98b34daaeef2a1ce6e\"},\"headline\":\"J\u00f3venes rumanos eligieron Schoenstatt para comenzar el 2024. Profundas experiencias\",\"datePublished\":\"2024-01-18T00:55:52+00:00\",\"dateModified\":\"2025-05-15T16:38:19+00:00\",\"mainEntityOfPage\":{\"@id\":\"https:\\\/\\\/schoenstatt.com\\\/es\\\/jovenes-rumanos-eligieron-schoenstatt-para-comenzar-el-2024-profundas-experiencias\\\/\"},\"wordCount\":1598,\"publisher\":{\"@id\":\"https:\\\/\\\/schoenstatt.com\\\/es\\\/#organization\"},\"image\":{\"@id\":\"https:\\\/\\\/schoenstatt.com\\\/es\\\/jovenes-rumanos-eligieron-schoenstatt-para-comenzar-el-2024-profundas-experiencias\\\/#primaryimage\"},\"thumbnailUrl\":\"https:\\\/\\\/schoenstatt.com\\\/wp-content\\\/uploads\\\/2024\\\/01\\\/jugend-Timisoara-Silvestertagung-2024-in-Schoenstatt-1.jpg\",\"articleSection\":[\"Comunidades de Schoenstatt\",\"Juventud\",\"Santuario Original\"],\"inLanguage\":\"es\"},{\"@type\":\"WebPage\",\"@id\":\"https:\\\/\\\/schoenstatt.com\\\/es\\\/jovenes-rumanos-eligieron-schoenstatt-para-comenzar-el-2024-profundas-experiencias\\\/\",\"url\":\"https:\\\/\\\/schoenstatt.com\\\/es\\\/jovenes-rumanos-eligieron-schoenstatt-para-comenzar-el-2024-profundas-experiencias\\\/\",\"name\":\"J\u00f3venes rumanos eligieron Schoenstatt para comenzar el 2024. Profundas experiencias\",\"isPartOf\":{\"@id\":\"https:\\\/\\\/schoenstatt.com\\\/es\\\/#website\"},\"primaryImageOfPage\":{\"@id\":\"https:\\\/\\\/schoenstatt.com\\\/es\\\/jovenes-rumanos-eligieron-schoenstatt-para-comenzar-el-2024-profundas-experiencias\\\/#primaryimage\"},\"image\":{\"@id\":\"https:\\\/\\\/schoenstatt.com\\\/es\\\/jovenes-rumanos-eligieron-schoenstatt-para-comenzar-el-2024-profundas-experiencias\\\/#primaryimage\"},\"thumbnailUrl\":\"https:\\\/\\\/schoenstatt.com\\\/wp-content\\\/uploads\\\/2024\\\/01\\\/jugend-Timisoara-Silvestertagung-2024-in-Schoenstatt-1.jpg\",\"datePublished\":\"2024-01-18T00:55:52+00:00\",\"dateModified\":\"2025-05-15T16:38:19+00:00\",\"description\":\"J\u00f3venes rumanos quedan impactados por las gracias recibidas en su visita a los lugares santos de Schoenstatt, en Alemania.\",\"breadcrumb\":{\"@id\":\"https:\\\/\\\/schoenstatt.com\\\/es\\\/jovenes-rumanos-eligieron-schoenstatt-para-comenzar-el-2024-profundas-experiencias\\\/#breadcrumb\"},\"inLanguage\":\"es\",\"potentialAction\":[{\"@type\":\"ReadAction\",\"target\":[\"https:\\\/\\\/schoenstatt.com\\\/es\\\/jovenes-rumanos-eligieron-schoenstatt-para-comenzar-el-2024-profundas-experiencias\\\/\"]}]},{\"@type\":\"ImageObject\",\"inLanguage\":\"es\",\"@id\":\"https:\\\/\\\/schoenstatt.com\\\/es\\\/jovenes-rumanos-eligieron-schoenstatt-para-comenzar-el-2024-profundas-experiencias\\\/#primaryimage\",\"url\":\"https:\\\/\\\/schoenstatt.com\\\/wp-content\\\/uploads\\\/2024\\\/01\\\/jugend-Timisoara-Silvestertagung-2024-in-Schoenstatt-1.jpg\",\"contentUrl\":\"https:\\\/\\\/schoenstatt.com\\\/wp-content\\\/uploads\\\/2024\\\/01\\\/jugend-Timisoara-Silvestertagung-2024-in-Schoenstatt-1.jpg\",\"width\":2048,\"height\":1536},{\"@type\":\"BreadcrumbList\",\"@id\":\"https:\\\/\\\/schoenstatt.com\\\/es\\\/jovenes-rumanos-eligieron-schoenstatt-para-comenzar-el-2024-profundas-experiencias\\\/#breadcrumb\",\"itemListElement\":[{\"@type\":\"ListItem\",\"position\":1,\"name\":\"Portada\",\"item\":\"https:\\\/\\\/schoenstatt.com\\\/es\\\/home\\\/\"},{\"@type\":\"ListItem\",\"position\":2,\"name\":\"J\u00f3venes rumanos eligieron Schoenstatt para comenzar el 2024. Profundas experiencias\"}]},{\"@type\":\"WebSite\",\"@id\":\"https:\\\/\\\/schoenstatt.com\\\/es\\\/#website\",\"url\":\"https:\\\/\\\/schoenstatt.com\\\/es\\\/\",\"name\":\"Schoenstatt\",\"description\":\"Apostolic Movement\",\"publisher\":{\"@id\":\"https:\\\/\\\/schoenstatt.com\\\/es\\\/#organization\"},\"potentialAction\":[{\"@type\":\"SearchAction\",\"target\":{\"@type\":\"EntryPoint\",\"urlTemplate\":\"https:\\\/\\\/schoenstatt.com\\\/es\\\/?s={search_term_string}\"},\"query-input\":{\"@type\":\"PropertyValueSpecification\",\"valueRequired\":true,\"valueName\":\"search_term_string\"}}],\"inLanguage\":\"es\"},{\"@type\":\"Organization\",\"@id\":\"https:\\\/\\\/schoenstatt.com\\\/es\\\/#organization\",\"name\":\"Schoenstatt\",\"url\":\"https:\\\/\\\/schoenstatt.com\\\/es\\\/\",\"logo\":{\"@type\":\"ImageObject\",\"inLanguage\":\"es\",\"@id\":\"https:\\\/\\\/schoenstatt.com\\\/es\\\/#\\\/schema\\\/logo\\\/image\\\/\",\"url\":\"https:\\\/\\\/schoenstatt.com\\\/wp-content\\\/uploads\\\/2025\\\/04\\\/logo-schoenstatt-white-696x696-1.png\",\"contentUrl\":\"https:\\\/\\\/schoenstatt.com\\\/wp-content\\\/uploads\\\/2025\\\/04\\\/logo-schoenstatt-white-696x696-1.png\",\"width\":696,\"height\":694,\"caption\":\"Schoenstatt\"},\"image\":{\"@id\":\"https:\\\/\\\/schoenstatt.com\\\/es\\\/#\\\/schema\\\/logo\\\/image\\\/\"}},{\"@type\":\"Person\",\"@id\":\"https:\\\/\\\/schoenstatt.com\\\/es\\\/#\\\/schema\\\/person\\\/5158877ad4acae98b34daaeef2a1ce6e\",\"name\":\"Karen Bueno\",\"image\":{\"@type\":\"ImageObject\",\"inLanguage\":\"es\",\"@id\":\"https:\\\/\\\/secure.gravatar.com\\\/avatar\\\/f9f4b823873154269d2b2130f195f6d41037dd0d7fc5f3cacb5c846bae70d66b?s=96&d=mm&r=g\",\"url\":\"https:\\\/\\\/secure.gravatar.com\\\/avatar\\\/f9f4b823873154269d2b2130f195f6d41037dd0d7fc5f3cacb5c846bae70d66b?s=96&d=mm&r=g\",\"contentUrl\":\"https:\\\/\\\/secure.gravatar.com\\\/avatar\\\/f9f4b823873154269d2b2130f195f6d41037dd0d7fc5f3cacb5c846bae70d66b?s=96&d=mm&r=g\",\"caption\":\"Karen Bueno\"},\"url\":\"https:\\\/\\\/schoenstatt.com\\\/es\\\/author\\\/karen-bueno\\\/\"}]}<\/script>\n<!-- \/ Yoast SEO Premium plugin. -->","yoast_head_json":{"title":"J\u00f3venes rumanos eligieron Schoenstatt para comenzar el 2024. Profundas experiencias","description":"J\u00f3venes rumanos quedan impactados por las gracias recibidas en su visita a los lugares santos de Schoenstatt, en Alemania.","robots":{"index":"index","follow":"follow","max-snippet":"max-snippet:-1","max-image-preview":"max-image-preview:large","max-video-preview":"max-video-preview:-1"},"canonical":"https:\/\/schoenstatt.com\/es\/jovenes-rumanos-eligieron-schoenstatt-para-comenzar-el-2024-profundas-experiencias\/","og_locale":"es_ES","og_type":"article","og_title":"J\u00f3venes rumanos eligieron Schoenstatt para comenzar el 2024. Profundas experiencias","og_description":"J\u00f3venes rumanos quedan impactados por las gracias recibidas en su visita a los lugares santos de Schoenstatt, en Alemania.","og_url":"https:\/\/schoenstatt.com\/es\/jovenes-rumanos-eligieron-schoenstatt-para-comenzar-el-2024-profundas-experiencias\/","og_site_name":"Schoenstatt","article_published_time":"2024-01-18T00:55:52+00:00","article_modified_time":"2025-05-15T16:38:19+00:00","og_image":[{"width":2048,"height":1536,"url":"https:\/\/schoenstatt.com\/wp-content\/uploads\/2024\/01\/jugend-Timisoara-Silvestertagung-2024-in-Schoenstatt-1.jpg","type":"image\/jpeg"}],"author":"Karen Bueno","twitter_card":"summary_large_image","twitter_misc":{"Escrito por":"Karen Bueno","Tiempo de lectura":"7 minutos"},"schema":{"@context":"https:\/\/schema.org","@graph":[{"@type":"Article","@id":"https:\/\/schoenstatt.com\/es\/jovenes-rumanos-eligieron-schoenstatt-para-comenzar-el-2024-profundas-experiencias\/#article","isPartOf":{"@id":"https:\/\/schoenstatt.com\/es\/jovenes-rumanos-eligieron-schoenstatt-para-comenzar-el-2024-profundas-experiencias\/"},"author":{"name":"Karen Bueno","@id":"https:\/\/schoenstatt.com\/es\/#\/schema\/person\/5158877ad4acae98b34daaeef2a1ce6e"},"headline":"J\u00f3venes rumanos eligieron Schoenstatt para comenzar el 2024. Profundas experiencias","datePublished":"2024-01-18T00:55:52+00:00","dateModified":"2025-05-15T16:38:19+00:00","mainEntityOfPage":{"@id":"https:\/\/schoenstatt.com\/es\/jovenes-rumanos-eligieron-schoenstatt-para-comenzar-el-2024-profundas-experiencias\/"},"wordCount":1598,"publisher":{"@id":"https:\/\/schoenstatt.com\/es\/#organization"},"image":{"@id":"https:\/\/schoenstatt.com\/es\/jovenes-rumanos-eligieron-schoenstatt-para-comenzar-el-2024-profundas-experiencias\/#primaryimage"},"thumbnailUrl":"https:\/\/schoenstatt.com\/wp-content\/uploads\/2024\/01\/jugend-Timisoara-Silvestertagung-2024-in-Schoenstatt-1.jpg","articleSection":["Comunidades de Schoenstatt","Juventud","Santuario Original"],"inLanguage":"es"},{"@type":"WebPage","@id":"https:\/\/schoenstatt.com\/es\/jovenes-rumanos-eligieron-schoenstatt-para-comenzar-el-2024-profundas-experiencias\/","url":"https:\/\/schoenstatt.com\/es\/jovenes-rumanos-eligieron-schoenstatt-para-comenzar-el-2024-profundas-experiencias\/","name":"J\u00f3venes rumanos eligieron Schoenstatt para comenzar el 2024. Profundas experiencias","isPartOf":{"@id":"https:\/\/schoenstatt.com\/es\/#website"},"primaryImageOfPage":{"@id":"https:\/\/schoenstatt.com\/es\/jovenes-rumanos-eligieron-schoenstatt-para-comenzar-el-2024-profundas-experiencias\/#primaryimage"},"image":{"@id":"https:\/\/schoenstatt.com\/es\/jovenes-rumanos-eligieron-schoenstatt-para-comenzar-el-2024-profundas-experiencias\/#primaryimage"},"thumbnailUrl":"https:\/\/schoenstatt.com\/wp-content\/uploads\/2024\/01\/jugend-Timisoara-Silvestertagung-2024-in-Schoenstatt-1.jpg","datePublished":"2024-01-18T00:55:52+00:00","dateModified":"2025-05-15T16:38:19+00:00","description":"J\u00f3venes rumanos quedan impactados por las gracias recibidas en su visita a los lugares santos de Schoenstatt, en Alemania.","breadcrumb":{"@id":"https:\/\/schoenstatt.com\/es\/jovenes-rumanos-eligieron-schoenstatt-para-comenzar-el-2024-profundas-experiencias\/#breadcrumb"},"inLanguage":"es","potentialAction":[{"@type":"ReadAction","target":["https:\/\/schoenstatt.com\/es\/jovenes-rumanos-eligieron-schoenstatt-para-comenzar-el-2024-profundas-experiencias\/"]}]},{"@type":"ImageObject","inLanguage":"es","@id":"https:\/\/schoenstatt.com\/es\/jovenes-rumanos-eligieron-schoenstatt-para-comenzar-el-2024-profundas-experiencias\/#primaryimage","url":"https:\/\/schoenstatt.com\/wp-content\/uploads\/2024\/01\/jugend-Timisoara-Silvestertagung-2024-in-Schoenstatt-1.jpg","contentUrl":"https:\/\/schoenstatt.com\/wp-content\/uploads\/2024\/01\/jugend-Timisoara-Silvestertagung-2024-in-Schoenstatt-1.jpg","width":2048,"height":1536},{"@type":"BreadcrumbList","@id":"https:\/\/schoenstatt.com\/es\/jovenes-rumanos-eligieron-schoenstatt-para-comenzar-el-2024-profundas-experiencias\/#breadcrumb","itemListElement":[{"@type":"ListItem","position":1,"name":"Portada","item":"https:\/\/schoenstatt.com\/es\/home\/"},{"@type":"ListItem","position":2,"name":"J\u00f3venes rumanos eligieron Schoenstatt para comenzar el 2024. Profundas experiencias"}]},{"@type":"WebSite","@id":"https:\/\/schoenstatt.com\/es\/#website","url":"https:\/\/schoenstatt.com\/es\/","name":"Schoenstatt","description":"Apostolic Movement","publisher":{"@id":"https:\/\/schoenstatt.com\/es\/#organization"},"potentialAction":[{"@type":"SearchAction","target":{"@type":"EntryPoint","urlTemplate":"https:\/\/schoenstatt.com\/es\/?s={search_term_string}"},"query-input":{"@type":"PropertyValueSpecification","valueRequired":true,"valueName":"search_term_string"}}],"inLanguage":"es"},{"@type":"Organization","@id":"https:\/\/schoenstatt.com\/es\/#organization","name":"Schoenstatt","url":"https:\/\/schoenstatt.com\/es\/","logo":{"@type":"ImageObject","inLanguage":"es","@id":"https:\/\/schoenstatt.com\/es\/#\/schema\/logo\/image\/","url":"https:\/\/schoenstatt.com\/wp-content\/uploads\/2025\/04\/logo-schoenstatt-white-696x696-1.png","contentUrl":"https:\/\/schoenstatt.com\/wp-content\/uploads\/2025\/04\/logo-schoenstatt-white-696x696-1.png","width":696,"height":694,"caption":"Schoenstatt"},"image":{"@id":"https:\/\/schoenstatt.com\/es\/#\/schema\/logo\/image\/"}},{"@type":"Person","@id":"https:\/\/schoenstatt.com\/es\/#\/schema\/person\/5158877ad4acae98b34daaeef2a1ce6e","name":"Karen Bueno","image":{"@type":"ImageObject","inLanguage":"es","@id":"https:\/\/secure.gravatar.com\/avatar\/f9f4b823873154269d2b2130f195f6d41037dd0d7fc5f3cacb5c846bae70d66b?s=96&d=mm&r=g","url":"https:\/\/secure.gravatar.com\/avatar\/f9f4b823873154269d2b2130f195f6d41037dd0d7fc5f3cacb5c846bae70d66b?s=96&d=mm&r=g","contentUrl":"https:\/\/secure.gravatar.com\/avatar\/f9f4b823873154269d2b2130f195f6d41037dd0d7fc5f3cacb5c846bae70d66b?s=96&d=mm&r=g","caption":"Karen Bueno"},"url":"https:\/\/schoenstatt.com\/es\/author\/karen-bueno\/"}]}},"_links":{"self":[{"href":"https:\/\/schoenstatt.com\/es\/wp-json\/wp\/v2\/posts\/34285","targetHints":{"allow":["GET"]}}],"collection":[{"href":"https:\/\/schoenstatt.com\/es\/wp-json\/wp\/v2\/posts"}],"about":[{"href":"https:\/\/schoenstatt.com\/es\/wp-json\/wp\/v2\/types\/post"}],"author":[{"embeddable":true,"href":"https:\/\/schoenstatt.com\/es\/wp-json\/wp\/v2\/users\/3"}],"replies":[{"embeddable":true,"href":"https:\/\/schoenstatt.com\/es\/wp-json\/wp\/v2\/comments?post=34285"}],"version-history":[{"count":1,"href":"https:\/\/schoenstatt.com\/es\/wp-json\/wp\/v2\/posts\/34285\/revisions"}],"predecessor-version":[{"id":46587,"href":"https:\/\/schoenstatt.com\/es\/wp-json\/wp\/v2\/posts\/34285\/revisions\/46587"}],"wp:featuredmedia":[{"embeddable":true,"href":"https:\/\/schoenstatt.com\/es\/wp-json\/wp\/v2\/media\/34233"}],"wp:attachment":[{"href":"https:\/\/schoenstatt.com\/es\/wp-json\/wp\/v2\/media?parent=34285"}],"wp:term":[{"taxonomy":"category","embeddable":true,"href":"https:\/\/schoenstatt.com\/es\/wp-json\/wp\/v2\/categories?post=34285"},{"taxonomy":"post_tag","embeddable":true,"href":"https:\/\/schoenstatt.com\/es\/wp-json\/wp\/v2\/tags?post=34285"}],"curies":[{"name":"wp","href":"https:\/\/api.w.org\/{rel}","templated":true}]}}