{"id":34175,"date":"2023-12-31T06:31:41","date_gmt":"2023-12-31T05:31:41","guid":{"rendered":"https:\/\/schoenstatt.com\/?p=34175"},"modified":"2025-05-15T02:05:47","modified_gmt":"2025-05-15T00:05:47","slug":"la-familia-comunidad-de-alianza-y-amor","status":"publish","type":"post","link":"https:\/\/schoenstatt.com\/es\/la-familia-comunidad-de-alianza-y-amor\/","title":{"rendered":"La familia, comunidad de Alianza y amor"},"content":{"rendered":"<p>Lo primero que podemos decir es: la <a href=\"https:\/\/schoenstatt.com\/es\/familia\/comunidades-de-schoenstatt\/family\/\">familia<\/a> es una comunidad de Alianza. Porque al inicio de la familia natural encontramos ya una Alianza, la Alianza matrimonial que sellaron los c\u00f3nyuges el d\u00eda de sus bodas. El matrimonio es una Alianza de Amor ya naturalmente, por ser una comunidad de vida entre dos personas que quieren formar una comunidad permanente, integral. Pero lo es tambi\u00e9n por ser sacramento.<\/p>\n<p>El <a href=\"https:\/\/www.vatican.va\/archive\/catechism_sp\/p2s2c3a7_sp.html\" target=\"_blank\" rel=\"noopener\">sacramento del matrimonio<\/a> quiere reflejar el amor que Cristo le tiene a la Iglesia, quiere simbolizar la Alianza de Amor entre Cristo y la Iglesia. Manifestar el amor de Cristo a trav\u00e9s de la vida matrimonial: esta es una tarea dif\u00edcil, un ideal sumamente elevado.<\/p>\n<h2>La Alianza forma comunidad<\/h2>\n<p>Esta Alianza matrimonial es el origen. Y cuando aparecen los hijos, esta Alianza se convierte en Alianza familiar. Toda Alianza tiende a crear comunidad, familia: La Alianza bautismal nos regala la Iglesia, familia de los hijos de Dios.<\/p>\n<p>Y la Alianza matrimonial busca ampliarse en una familia. Ya no s\u00f3lo el matrimonio, sino tambi\u00e9n los hijos van sumergi\u00e9ndose org\u00e1nicamente en esa comunidad de amor, de una misma sangre. Es un dar y recibir mutuo, un pertenecerse y comprometerse creciente, un intercambio de amor y vida, entre marido y esposa, entre padres e hijos, entre hermanos.<\/p>\n<p>Todos sabemos de la importancia de esta comunidad familiar. Porque la familia natural tiene un rol decisivo para el desarrollo sano de cada persona humana, tanto en lo f\u00edsico, como en lo intelectual, espiritual y moral. Por otra parte, tiene tambi\u00e9n una importancia de primer orden en la forjaci\u00f3n de una aut\u00e9ntica convivencia social. Porque la familia es la base y el modelo de toda comunidad humana. En ella, el hombre aprende a ser persona, aprende a vincularse con otros en forma personal.<\/p>\n<figure id=\"attachment_34171\" aria-describedby=\"caption-attachment-34171\" style=\"width: 840px\" class=\"wp-caption aligncenter\"><img fetchpriority=\"high\" decoding=\"async\" class=\"wp-image-34171 size-large\" src=\"https:\/\/schoenstatt.com\/wp-content\/uploads\/2023\/12\/familia-familie-family-foto-Osarugue-Igbinoba-unsplash-1024x749.jpg\" alt=\"familia familie family\" width=\"840\" height=\"614\" \/><figcaption id=\"caption-attachment-34171\" class=\"wp-caption-text\">Foto: Osarugue Igbinoba, unsplash<\/figcaption><\/figure>\n<h3>Los v\u00ednculos son fundamentales<\/h3>\n<p>El hombre necesita crear v\u00ednculos. Ellos representan su seguridad fundamental, su sentido, su alegr\u00eda, su centro. Un ni\u00f1o, al nacer en su hogar, entra natural y org\u00e1nicamente en este mundo de v\u00ednculos que es su familia. En torno a estos v\u00ednculos fundamentales construye su mundo propio.<\/p>\n<p>La <a href=\"https:\/\/schoenstatt.com\/es\/acerca-de\/espiritualidad\/alianza-de-amor\/\">Alianza de Amor en Schoenstatt<\/a> incluye no s\u00f3lo una vinculaci\u00f3n original con la Sma. Virgen, sino tambi\u00e9n con todo el mundo que nos rodea. As\u00ed tambi\u00e9n la familia como comunidad de Alianza, significa toda una red de v\u00ednculos que envuelven a todos sus miembros, y que van creciendo y profundiz\u00e1ndose a lo largo de los a\u00f1os.<\/p>\n<h2>La Familia, una comunidad de amor<\/h2>\n<p>Esta Alianza es una Alianza de Amor. Estos v\u00ednculos personales son v\u00ednculos de amor.<br \/>\nEl amor es la fuerza secreta que mueve todo, que anima todo, que fecunda todo. Lo central de la familia es el amor; lo decisivo es el amor; el fundamento mismo de la familia es el amor.<\/p>\n<p>Como respuesta a un mundo sin amor, nosotros queremos formar al interior de nuestras familias una comunidad nueva, una comunidad llena de amor. Y a trav\u00e9s de nuestras familias queremos forjar a un hombre nuevo, un hombre movido por el amor. Y la responsabilidad es de cada uno personalmente. Si yo quiero que mi familia llegue a ser una comunidad de amor, entonces yo tengo que esforzarme para entregar amor, yo tengo que educarme para ello, yo tengo que dar el primer paso: yo, padre, madre, hijo, hija&#8230;<\/p>\n<h3>Preguntas para la reflexi\u00f3n<\/h3>\n<p>1. \u00bfEn qu\u00e9 puedo esforzarme por mejorar?<br \/>\n2. \u00bfQu\u00e9 pasos puedo dar para profundizar esa Alianza familiar en mi hogar?<br \/>\n3. \u00bfSomos una familia mariana?<\/p>\n","protected":false},"excerpt":{"rendered":"<p>En este primer domingo despu\u00e9s de Navidad celebramos la fiesta de la Sagrada Familia de Nazaret. En este d\u00eda tambi\u00e9n recordamos y damos gracias por todas nuestras familias. A la luz de la espiritualidad de Schoenstatt, entendemos la familia como una comunidad de alianza y amor.<\/p>\n","protected":false},"author":3,"featured_media":34167,"comment_status":"closed","ping_status":"closed","sticky":false,"template":"","format":"standard","meta":{"footnotes":""},"categories":[877],"tags":[],"class_list":["post-34175","post","type-post","status-publish","format-standard","has-post-thumbnail","hentry","category-familia-es"],"yoast_head":"<!-- This site is optimized with the Yoast SEO Premium plugin v27.4 (Yoast SEO v27.4) - https:\/\/yoast.com\/product\/yoast-seo-premium-wordpress\/ -->\n<title>La familia, comunidad de Alianza y amor - Schoenstatt<\/title>\n<meta name=\"description\" content=\"En este primer domingo despu\u00e9s de Navidad celebramos la fiesta de la Sagrada Familia de Nazaret. \u00a1Es hora de dar gracias por nuestra familia!\" \/>\n<meta name=\"robots\" content=\"index, follow, max-snippet:-1, max-image-preview:large, max-video-preview:-1\" \/>\n<link rel=\"canonical\" href=\"https:\/\/schoenstatt.com\/es\/la-familia-comunidad-de-alianza-y-amor\/\" \/>\n<meta property=\"og:locale\" content=\"es_ES\" \/>\n<meta property=\"og:type\" content=\"article\" \/>\n<meta property=\"og:title\" content=\"La familia, comunidad de Alianza y amor\" \/>\n<meta property=\"og:description\" content=\"En este primer domingo despu\u00e9s de Navidad celebramos la fiesta de la Sagrada Familia de Nazaret. \u00a1Es hora de dar gracias por nuestra familia!\" \/>\n<meta property=\"og:url\" content=\"https:\/\/schoenstatt.com\/es\/la-familia-comunidad-de-alianza-y-amor\/\" \/>\n<meta property=\"og:site_name\" content=\"Schoenstatt\" \/>\n<meta property=\"article:published_time\" content=\"2023-12-31T05:31:41+00:00\" \/>\n<meta property=\"article:modified_time\" content=\"2025-05-15T00:05:47+00:00\" \/>\n<meta property=\"og:image\" content=\"https:\/\/schoenstatt.com\/wp-content\/uploads\/2023\/12\/familia-familie-family-Foto-unsplash-1.jpg\" \/>\n\t<meta property=\"og:image:width\" content=\"2048\" \/>\n\t<meta property=\"og:image:height\" content=\"1366\" \/>\n\t<meta property=\"og:image:type\" content=\"image\/jpeg\" \/>\n<meta name=\"author\" content=\"Karen Bueno\" \/>\n<meta name=\"twitter:card\" content=\"summary_large_image\" \/>\n<meta name=\"twitter:label1\" content=\"Escrito por\" \/>\n\t<meta name=\"twitter:data1\" content=\"Karen Bueno\" \/>\n\t<meta name=\"twitter:label2\" content=\"Tiempo de lectura\" \/>\n\t<meta name=\"twitter:data2\" content=\"3 minutos\" \/>\n<script type=\"application\/ld+json\" class=\"yoast-schema-graph\">{\"@context\":\"https:\\\/\\\/schema.org\",\"@graph\":[{\"@type\":\"Article\",\"@id\":\"https:\\\/\\\/schoenstatt.com\\\/es\\\/la-familia-comunidad-de-alianza-y-amor\\\/#article\",\"isPartOf\":{\"@id\":\"https:\\\/\\\/schoenstatt.com\\\/es\\\/la-familia-comunidad-de-alianza-y-amor\\\/\"},\"author\":{\"name\":\"Karen Bueno\",\"@id\":\"https:\\\/\\\/schoenstatt.com\\\/es\\\/#\\\/schema\\\/person\\\/5158877ad4acae98b34daaeef2a1ce6e\"},\"headline\":\"La familia, comunidad de Alianza y amor\",\"datePublished\":\"2023-12-31T05:31:41+00:00\",\"dateModified\":\"2025-05-15T00:05:47+00:00\",\"mainEntityOfPage\":{\"@id\":\"https:\\\/\\\/schoenstatt.com\\\/es\\\/la-familia-comunidad-de-alianza-y-amor\\\/\"},\"wordCount\":623,\"publisher\":{\"@id\":\"https:\\\/\\\/schoenstatt.com\\\/es\\\/#organization\"},\"image\":{\"@id\":\"https:\\\/\\\/schoenstatt.com\\\/es\\\/la-familia-comunidad-de-alianza-y-amor\\\/#primaryimage\"},\"thumbnailUrl\":\"https:\\\/\\\/schoenstatt.com\\\/wp-content\\\/uploads\\\/2023\\\/12\\\/familia-familie-family-Foto-unsplash-1.jpg\",\"articleSection\":[\"Familia\"],\"inLanguage\":\"es\"},{\"@type\":\"WebPage\",\"@id\":\"https:\\\/\\\/schoenstatt.com\\\/es\\\/la-familia-comunidad-de-alianza-y-amor\\\/\",\"url\":\"https:\\\/\\\/schoenstatt.com\\\/es\\\/la-familia-comunidad-de-alianza-y-amor\\\/\",\"name\":\"La familia, comunidad de Alianza y amor - Schoenstatt\",\"isPartOf\":{\"@id\":\"https:\\\/\\\/schoenstatt.com\\\/es\\\/#website\"},\"primaryImageOfPage\":{\"@id\":\"https:\\\/\\\/schoenstatt.com\\\/es\\\/la-familia-comunidad-de-alianza-y-amor\\\/#primaryimage\"},\"image\":{\"@id\":\"https:\\\/\\\/schoenstatt.com\\\/es\\\/la-familia-comunidad-de-alianza-y-amor\\\/#primaryimage\"},\"thumbnailUrl\":\"https:\\\/\\\/schoenstatt.com\\\/wp-content\\\/uploads\\\/2023\\\/12\\\/familia-familie-family-Foto-unsplash-1.jpg\",\"datePublished\":\"2023-12-31T05:31:41+00:00\",\"dateModified\":\"2025-05-15T00:05:47+00:00\",\"description\":\"En este primer domingo despu\u00e9s de Navidad celebramos la fiesta de la Sagrada Familia de Nazaret. \u00a1Es hora de dar gracias por nuestra familia!\",\"breadcrumb\":{\"@id\":\"https:\\\/\\\/schoenstatt.com\\\/es\\\/la-familia-comunidad-de-alianza-y-amor\\\/#breadcrumb\"},\"inLanguage\":\"es\",\"potentialAction\":[{\"@type\":\"ReadAction\",\"target\":[\"https:\\\/\\\/schoenstatt.com\\\/es\\\/la-familia-comunidad-de-alianza-y-amor\\\/\"]}]},{\"@type\":\"ImageObject\",\"inLanguage\":\"es\",\"@id\":\"https:\\\/\\\/schoenstatt.com\\\/es\\\/la-familia-comunidad-de-alianza-y-amor\\\/#primaryimage\",\"url\":\"https:\\\/\\\/schoenstatt.com\\\/wp-content\\\/uploads\\\/2023\\\/12\\\/familia-familie-family-Foto-unsplash-1.jpg\",\"contentUrl\":\"https:\\\/\\\/schoenstatt.com\\\/wp-content\\\/uploads\\\/2023\\\/12\\\/familia-familie-family-Foto-unsplash-1.jpg\",\"width\":2048,\"height\":1366,\"caption\":\"familia familie family\"},{\"@type\":\"BreadcrumbList\",\"@id\":\"https:\\\/\\\/schoenstatt.com\\\/es\\\/la-familia-comunidad-de-alianza-y-amor\\\/#breadcrumb\",\"itemListElement\":[{\"@type\":\"ListItem\",\"position\":1,\"name\":\"Portada\",\"item\":\"https:\\\/\\\/schoenstatt.com\\\/es\\\/home\\\/\"},{\"@type\":\"ListItem\",\"position\":2,\"name\":\"La familia, comunidad de Alianza y amor\"}]},{\"@type\":\"WebSite\",\"@id\":\"https:\\\/\\\/schoenstatt.com\\\/es\\\/#website\",\"url\":\"https:\\\/\\\/schoenstatt.com\\\/es\\\/\",\"name\":\"Schoenstatt\",\"description\":\"Apostolic Movement\",\"publisher\":{\"@id\":\"https:\\\/\\\/schoenstatt.com\\\/es\\\/#organization\"},\"potentialAction\":[{\"@type\":\"SearchAction\",\"target\":{\"@type\":\"EntryPoint\",\"urlTemplate\":\"https:\\\/\\\/schoenstatt.com\\\/es\\\/?s={search_term_string}\"},\"query-input\":{\"@type\":\"PropertyValueSpecification\",\"valueRequired\":true,\"valueName\":\"search_term_string\"}}],\"inLanguage\":\"es\"},{\"@type\":\"Organization\",\"@id\":\"https:\\\/\\\/schoenstatt.com\\\/es\\\/#organization\",\"name\":\"Schoenstatt\",\"url\":\"https:\\\/\\\/schoenstatt.com\\\/es\\\/\",\"logo\":{\"@type\":\"ImageObject\",\"inLanguage\":\"es\",\"@id\":\"https:\\\/\\\/schoenstatt.com\\\/es\\\/#\\\/schema\\\/logo\\\/image\\\/\",\"url\":\"https:\\\/\\\/schoenstatt.com\\\/wp-content\\\/uploads\\\/2025\\\/04\\\/logo-schoenstatt-white-696x696-1.png\",\"contentUrl\":\"https:\\\/\\\/schoenstatt.com\\\/wp-content\\\/uploads\\\/2025\\\/04\\\/logo-schoenstatt-white-696x696-1.png\",\"width\":696,\"height\":694,\"caption\":\"Schoenstatt\"},\"image\":{\"@id\":\"https:\\\/\\\/schoenstatt.com\\\/es\\\/#\\\/schema\\\/logo\\\/image\\\/\"}},{\"@type\":\"Person\",\"@id\":\"https:\\\/\\\/schoenstatt.com\\\/es\\\/#\\\/schema\\\/person\\\/5158877ad4acae98b34daaeef2a1ce6e\",\"name\":\"Karen Bueno\",\"image\":{\"@type\":\"ImageObject\",\"inLanguage\":\"es\",\"@id\":\"https:\\\/\\\/secure.gravatar.com\\\/avatar\\\/f9f4b823873154269d2b2130f195f6d41037dd0d7fc5f3cacb5c846bae70d66b?s=96&d=mm&r=g\",\"url\":\"https:\\\/\\\/secure.gravatar.com\\\/avatar\\\/f9f4b823873154269d2b2130f195f6d41037dd0d7fc5f3cacb5c846bae70d66b?s=96&d=mm&r=g\",\"contentUrl\":\"https:\\\/\\\/secure.gravatar.com\\\/avatar\\\/f9f4b823873154269d2b2130f195f6d41037dd0d7fc5f3cacb5c846bae70d66b?s=96&d=mm&r=g\",\"caption\":\"Karen Bueno\"},\"url\":\"https:\\\/\\\/schoenstatt.com\\\/es\\\/author\\\/karen-bueno\\\/\"}]}<\/script>\n<!-- \/ Yoast SEO Premium plugin. -->","yoast_head_json":{"title":"La familia, comunidad de Alianza y amor - Schoenstatt","description":"En este primer domingo despu\u00e9s de Navidad celebramos la fiesta de la Sagrada Familia de Nazaret. \u00a1Es hora de dar gracias por nuestra familia!","robots":{"index":"index","follow":"follow","max-snippet":"max-snippet:-1","max-image-preview":"max-image-preview:large","max-video-preview":"max-video-preview:-1"},"canonical":"https:\/\/schoenstatt.com\/es\/la-familia-comunidad-de-alianza-y-amor\/","og_locale":"es_ES","og_type":"article","og_title":"La familia, comunidad de Alianza y amor","og_description":"En este primer domingo despu\u00e9s de Navidad celebramos la fiesta de la Sagrada Familia de Nazaret. \u00a1Es hora de dar gracias por nuestra familia!","og_url":"https:\/\/schoenstatt.com\/es\/la-familia-comunidad-de-alianza-y-amor\/","og_site_name":"Schoenstatt","article_published_time":"2023-12-31T05:31:41+00:00","article_modified_time":"2025-05-15T00:05:47+00:00","og_image":[{"width":2048,"height":1366,"url":"https:\/\/schoenstatt.com\/wp-content\/uploads\/2023\/12\/familia-familie-family-Foto-unsplash-1.jpg","type":"image\/jpeg"}],"author":"Karen Bueno","twitter_card":"summary_large_image","twitter_misc":{"Escrito por":"Karen Bueno","Tiempo de lectura":"3 minutos"},"schema":{"@context":"https:\/\/schema.org","@graph":[{"@type":"Article","@id":"https:\/\/schoenstatt.com\/es\/la-familia-comunidad-de-alianza-y-amor\/#article","isPartOf":{"@id":"https:\/\/schoenstatt.com\/es\/la-familia-comunidad-de-alianza-y-amor\/"},"author":{"name":"Karen Bueno","@id":"https:\/\/schoenstatt.com\/es\/#\/schema\/person\/5158877ad4acae98b34daaeef2a1ce6e"},"headline":"La familia, comunidad de Alianza y amor","datePublished":"2023-12-31T05:31:41+00:00","dateModified":"2025-05-15T00:05:47+00:00","mainEntityOfPage":{"@id":"https:\/\/schoenstatt.com\/es\/la-familia-comunidad-de-alianza-y-amor\/"},"wordCount":623,"publisher":{"@id":"https:\/\/schoenstatt.com\/es\/#organization"},"image":{"@id":"https:\/\/schoenstatt.com\/es\/la-familia-comunidad-de-alianza-y-amor\/#primaryimage"},"thumbnailUrl":"https:\/\/schoenstatt.com\/wp-content\/uploads\/2023\/12\/familia-familie-family-Foto-unsplash-1.jpg","articleSection":["Familia"],"inLanguage":"es"},{"@type":"WebPage","@id":"https:\/\/schoenstatt.com\/es\/la-familia-comunidad-de-alianza-y-amor\/","url":"https:\/\/schoenstatt.com\/es\/la-familia-comunidad-de-alianza-y-amor\/","name":"La familia, comunidad de Alianza y amor - Schoenstatt","isPartOf":{"@id":"https:\/\/schoenstatt.com\/es\/#website"},"primaryImageOfPage":{"@id":"https:\/\/schoenstatt.com\/es\/la-familia-comunidad-de-alianza-y-amor\/#primaryimage"},"image":{"@id":"https:\/\/schoenstatt.com\/es\/la-familia-comunidad-de-alianza-y-amor\/#primaryimage"},"thumbnailUrl":"https:\/\/schoenstatt.com\/wp-content\/uploads\/2023\/12\/familia-familie-family-Foto-unsplash-1.jpg","datePublished":"2023-12-31T05:31:41+00:00","dateModified":"2025-05-15T00:05:47+00:00","description":"En este primer domingo despu\u00e9s de Navidad celebramos la fiesta de la Sagrada Familia de Nazaret. \u00a1Es hora de dar gracias por nuestra familia!","breadcrumb":{"@id":"https:\/\/schoenstatt.com\/es\/la-familia-comunidad-de-alianza-y-amor\/#breadcrumb"},"inLanguage":"es","potentialAction":[{"@type":"ReadAction","target":["https:\/\/schoenstatt.com\/es\/la-familia-comunidad-de-alianza-y-amor\/"]}]},{"@type":"ImageObject","inLanguage":"es","@id":"https:\/\/schoenstatt.com\/es\/la-familia-comunidad-de-alianza-y-amor\/#primaryimage","url":"https:\/\/schoenstatt.com\/wp-content\/uploads\/2023\/12\/familia-familie-family-Foto-unsplash-1.jpg","contentUrl":"https:\/\/schoenstatt.com\/wp-content\/uploads\/2023\/12\/familia-familie-family-Foto-unsplash-1.jpg","width":2048,"height":1366,"caption":"familia familie family"},{"@type":"BreadcrumbList","@id":"https:\/\/schoenstatt.com\/es\/la-familia-comunidad-de-alianza-y-amor\/#breadcrumb","itemListElement":[{"@type":"ListItem","position":1,"name":"Portada","item":"https:\/\/schoenstatt.com\/es\/home\/"},{"@type":"ListItem","position":2,"name":"La familia, comunidad de Alianza y amor"}]},{"@type":"WebSite","@id":"https:\/\/schoenstatt.com\/es\/#website","url":"https:\/\/schoenstatt.com\/es\/","name":"Schoenstatt","description":"Apostolic Movement","publisher":{"@id":"https:\/\/schoenstatt.com\/es\/#organization"},"potentialAction":[{"@type":"SearchAction","target":{"@type":"EntryPoint","urlTemplate":"https:\/\/schoenstatt.com\/es\/?s={search_term_string}"},"query-input":{"@type":"PropertyValueSpecification","valueRequired":true,"valueName":"search_term_string"}}],"inLanguage":"es"},{"@type":"Organization","@id":"https:\/\/schoenstatt.com\/es\/#organization","name":"Schoenstatt","url":"https:\/\/schoenstatt.com\/es\/","logo":{"@type":"ImageObject","inLanguage":"es","@id":"https:\/\/schoenstatt.com\/es\/#\/schema\/logo\/image\/","url":"https:\/\/schoenstatt.com\/wp-content\/uploads\/2025\/04\/logo-schoenstatt-white-696x696-1.png","contentUrl":"https:\/\/schoenstatt.com\/wp-content\/uploads\/2025\/04\/logo-schoenstatt-white-696x696-1.png","width":696,"height":694,"caption":"Schoenstatt"},"image":{"@id":"https:\/\/schoenstatt.com\/es\/#\/schema\/logo\/image\/"}},{"@type":"Person","@id":"https:\/\/schoenstatt.com\/es\/#\/schema\/person\/5158877ad4acae98b34daaeef2a1ce6e","name":"Karen Bueno","image":{"@type":"ImageObject","inLanguage":"es","@id":"https:\/\/secure.gravatar.com\/avatar\/f9f4b823873154269d2b2130f195f6d41037dd0d7fc5f3cacb5c846bae70d66b?s=96&d=mm&r=g","url":"https:\/\/secure.gravatar.com\/avatar\/f9f4b823873154269d2b2130f195f6d41037dd0d7fc5f3cacb5c846bae70d66b?s=96&d=mm&r=g","contentUrl":"https:\/\/secure.gravatar.com\/avatar\/f9f4b823873154269d2b2130f195f6d41037dd0d7fc5f3cacb5c846bae70d66b?s=96&d=mm&r=g","caption":"Karen Bueno"},"url":"https:\/\/schoenstatt.com\/es\/author\/karen-bueno\/"}]}},"_links":{"self":[{"href":"https:\/\/schoenstatt.com\/es\/wp-json\/wp\/v2\/posts\/34175","targetHints":{"allow":["GET"]}}],"collection":[{"href":"https:\/\/schoenstatt.com\/es\/wp-json\/wp\/v2\/posts"}],"about":[{"href":"https:\/\/schoenstatt.com\/es\/wp-json\/wp\/v2\/types\/post"}],"author":[{"embeddable":true,"href":"https:\/\/schoenstatt.com\/es\/wp-json\/wp\/v2\/users\/3"}],"replies":[{"embeddable":true,"href":"https:\/\/schoenstatt.com\/es\/wp-json\/wp\/v2\/comments?post=34175"}],"version-history":[{"count":1,"href":"https:\/\/schoenstatt.com\/es\/wp-json\/wp\/v2\/posts\/34175\/revisions"}],"predecessor-version":[{"id":46574,"href":"https:\/\/schoenstatt.com\/es\/wp-json\/wp\/v2\/posts\/34175\/revisions\/46574"}],"wp:featuredmedia":[{"embeddable":true,"href":"https:\/\/schoenstatt.com\/es\/wp-json\/wp\/v2\/media\/34167"}],"wp:attachment":[{"href":"https:\/\/schoenstatt.com\/es\/wp-json\/wp\/v2\/media?parent=34175"}],"wp:term":[{"taxonomy":"category","embeddable":true,"href":"https:\/\/schoenstatt.com\/es\/wp-json\/wp\/v2\/categories?post=34175"},{"taxonomy":"post_tag","embeddable":true,"href":"https:\/\/schoenstatt.com\/es\/wp-json\/wp\/v2\/tags?post=34175"}],"curies":[{"name":"wp","href":"https:\/\/api.w.org\/{rel}","templated":true}]}}