{"id":34116,"date":"2023-12-22T16:55:37","date_gmt":"2023-12-22T15:55:37","guid":{"rendered":"https:\/\/schoenstatt.com\/?p=34116"},"modified":"2025-05-15T18:38:20","modified_gmt":"2025-05-15T16:38:20","slug":"en-enero-adaptaciones-en-el-altar-del-santuario-original","status":"publish","type":"post","link":"https:\/\/schoenstatt.com\/es\/en-enero-adaptaciones-en-el-altar-del-santuario-original\/","title":{"rendered":"En enero: Adaptaciones en el altar del Santuario Original"},"content":{"rendered":"<p><strong>Schoenstatt, 22 de diciembre de 2023<\/strong><\/p>\n<p><strong>Querida Familia Internacional de Schoenstatt,<\/strong><\/p>\n<p>hace justamente dos a\u00f1os aparec\u00eda en la pagina oficial del Movimiento de Schoenstatt la noticia sobre la decisi\u00f3n un\u00e1nime de la Presidencia General, despu\u00e9s de casi seis meses de conversaciones, sobre la adaptaci\u00f3n del<strong> altar del Santuario Original<\/strong> para poder adelantarlo durante la celebraci\u00f3n de la Santa Misa. En dicha comunicaci\u00f3n se transmit\u00eda cu\u00e1les hab\u00edan sido los criterios para el cambio: <a href=\"https:\/\/schoenstatt.com\/es\/espiritualidad\/santuario-original-aprobado-pequenos-cambios\/\"><strong>Consulte aqu\u00ed los detalles<\/strong><\/a>.<\/p>\n<p>El proceso de concreci\u00f3n de este trabajo, confiado al Rector y a la Administraci\u00f3n del Santuario <em>(Verwaltungsrat)<\/em>, ha sido m\u00e1s lento de lo esperado. Ha habido cambios de algunos miembros de la Presidencia General y del mismo Rector del Santuario.<\/p>\n<p>Este a\u00f1o se volvi\u00f3 a contactar a dos empresas para la ejecuci\u00f3n de las obras. Despu\u00e9s de recibir las ofertas, de estudiar las posibilidades y factibilidades, la Administraci\u00f3n del Santuario, con la aprobaci\u00f3n de la Presidencia General, opt\u00f3 por una firma que va a realizar los cambios a comienzos del a\u00f1o 2024.<\/p>\n<p>Esta firma ya efectu\u00f3 el trabajo de separaci\u00f3n del altar del Santuario en la Casa de las Familias y es muy consciente del valor simb\u00f3lico del Santuario Original para toda la Familia de Schoenstatt. Esto nos asegura que esta acci\u00f3n va a ser realizada con el mayor respecto y delicadeza posible.<\/p>\n<p>A <strong>comienzos de enero<\/strong> se va a retirar la parte inferior del altar para ser llevada a los talleres de la empresa. Mientras tanto se va a dejar una parte inferior provisoria donde sostener el resto del retablo. As\u00ed el Santuario va a poder seguir funcionando normalmente.<\/p>\n<p>Hay<strong> tres criterios<\/strong> que determinan este trabajo y el funcionamiento posterior.<\/p>\n<ul>\n<li>El altar se va a seguir viendo como hasta ahora. Ser\u00e1 movido s\u00f3lo para la celebraci\u00f3n de la Eucarist\u00eda. As\u00ed sucede en la gran mayor\u00eda de los lugares donde el altar es movible.<\/li>\n<li>Los bancos de comuni\u00f3n no se sacan ni se cambian de lugar.<\/li>\n<li>La sustancia hist\u00f3rica del altar se mantiene. S\u00f3lo se har\u00e1 alg\u00fan tipo de trabajo d\u00f3nde est\u00e9 deteriorado y para darle mayor estabilidad y durabilidad.<\/li>\n<\/ul>\n<p>De acuerdo con lo planeado, <strong>a fines del mes de enero, o comienzos de febrero, los trabajos debieran estar finalizados.<\/strong><\/p>\n<p>Sabemos que para algunas sensibilidades este ha sido un proceso dif\u00edcil, y, por eso, agradecemos su apertura y comprensi\u00f3n.<\/p>\n<p>Los invitamos a acompa\u00f1ar este proceso con la oraci\u00f3n, pidiendo que todo resulte bien y que este cambio ayude en el desarrollo y servicio de la vida en nuestra fuente de gracias. Este es el objetivo principal de este cambio.<\/p>\n<p>Desde nuestro Santuario Original rezo por ustedes y a cada uno le deseo una muy feliz Navidad y un bendecido 2024.<\/p>\n<p><strong>P. Ignacio Camacho<\/strong><br \/>\nRector Santuario Original<\/p>\n","protected":false},"excerpt":{"rendered":"<p>El rector del Santuario Original de Schoenstatt, P. Ignacio Camacho, comunica las reformas que comenzar\u00e1n en enero de 2024 en el altar del Santuario. La hist\u00f3rica pieza pasar\u00e1 por trabajos de restauraci\u00f3n con el objetivo de preservarla y facilitar la vida pastoral en torno a este lugar de gracias. <\/p>\n","protected":false},"author":3,"featured_media":34117,"comment_status":"closed","ping_status":"closed","sticky":false,"template":"","format":"standard","meta":{"footnotes":""},"categories":[901],"tags":[],"class_list":["post-34116","post","type-post","status-publish","format-standard","has-post-thumbnail","hentry","category-santuario-original-es"],"yoast_head":"<!-- This site is optimized with the Yoast SEO Premium plugin v27.4 (Yoast SEO v27.4) - https:\/\/yoast.com\/product\/yoast-seo-premium-wordpress\/ -->\n<title>En enero: Adaptaciones en el altar del Santuario Original<\/title>\n<meta name=\"description\" content=\"En enero de 2024, el altar del Santuario Original ser\u00e1 reformado y adaptado para facilitar la vida pastoral.\" \/>\n<meta name=\"robots\" content=\"index, follow, max-snippet:-1, max-image-preview:large, max-video-preview:-1\" \/>\n<link rel=\"canonical\" href=\"https:\/\/schoenstatt.com\/es\/en-enero-adaptaciones-en-el-altar-del-santuario-original\/\" \/>\n<meta property=\"og:locale\" content=\"es_ES\" \/>\n<meta property=\"og:type\" content=\"article\" \/>\n<meta property=\"og:title\" content=\"En enero: Adaptaciones en el altar del Santuario Original\" \/>\n<meta property=\"og:description\" content=\"En enero de 2024, el altar del Santuario Original ser\u00e1 reformado y adaptado para facilitar la vida pastoral.\" \/>\n<meta property=\"og:url\" content=\"https:\/\/schoenstatt.com\/es\/en-enero-adaptaciones-en-el-altar-del-santuario-original\/\" \/>\n<meta property=\"og:site_name\" content=\"Schoenstatt\" \/>\n<meta property=\"article:published_time\" content=\"2023-12-22T15:55:37+00:00\" \/>\n<meta property=\"article:modified_time\" content=\"2025-05-15T16:38:20+00:00\" \/>\n<meta property=\"og:image\" content=\"https:\/\/schoenstatt.com\/wp-content\/uploads\/2023\/12\/urheiligtum-santuario-original-christmas-navidad-natal-2-1.jpg\" \/>\n\t<meta property=\"og:image:width\" content=\"2048\" \/>\n\t<meta property=\"og:image:height\" content=\"1151\" \/>\n\t<meta property=\"og:image:type\" content=\"image\/jpeg\" \/>\n<meta name=\"author\" content=\"Karen Bueno\" \/>\n<meta name=\"twitter:card\" content=\"summary_large_image\" \/>\n<meta name=\"twitter:label1\" content=\"Escrito por\" \/>\n\t<meta name=\"twitter:data1\" content=\"Karen Bueno\" \/>\n\t<meta name=\"twitter:label2\" content=\"Tiempo de lectura\" \/>\n\t<meta name=\"twitter:data2\" content=\"2 minutos\" \/>\n<script type=\"application\/ld+json\" class=\"yoast-schema-graph\">{\"@context\":\"https:\\\/\\\/schema.org\",\"@graph\":[{\"@type\":\"Article\",\"@id\":\"https:\\\/\\\/schoenstatt.com\\\/es\\\/en-enero-adaptaciones-en-el-altar-del-santuario-original\\\/#article\",\"isPartOf\":{\"@id\":\"https:\\\/\\\/schoenstatt.com\\\/es\\\/en-enero-adaptaciones-en-el-altar-del-santuario-original\\\/\"},\"author\":{\"name\":\"Karen Bueno\",\"@id\":\"https:\\\/\\\/schoenstatt.com\\\/es\\\/#\\\/schema\\\/person\\\/5158877ad4acae98b34daaeef2a1ce6e\"},\"headline\":\"En enero: Adaptaciones en el altar del Santuario Original\",\"datePublished\":\"2023-12-22T15:55:37+00:00\",\"dateModified\":\"2025-05-15T16:38:20+00:00\",\"mainEntityOfPage\":{\"@id\":\"https:\\\/\\\/schoenstatt.com\\\/es\\\/en-enero-adaptaciones-en-el-altar-del-santuario-original\\\/\"},\"wordCount\":493,\"publisher\":{\"@id\":\"https:\\\/\\\/schoenstatt.com\\\/es\\\/#organization\"},\"image\":{\"@id\":\"https:\\\/\\\/schoenstatt.com\\\/es\\\/en-enero-adaptaciones-en-el-altar-del-santuario-original\\\/#primaryimage\"},\"thumbnailUrl\":\"https:\\\/\\\/schoenstatt.com\\\/wp-content\\\/uploads\\\/2023\\\/12\\\/urheiligtum-santuario-original-christmas-navidad-natal-2-1.jpg\",\"articleSection\":[\"Santuario Original\"],\"inLanguage\":\"es\"},{\"@type\":\"WebPage\",\"@id\":\"https:\\\/\\\/schoenstatt.com\\\/es\\\/en-enero-adaptaciones-en-el-altar-del-santuario-original\\\/\",\"url\":\"https:\\\/\\\/schoenstatt.com\\\/es\\\/en-enero-adaptaciones-en-el-altar-del-santuario-original\\\/\",\"name\":\"En enero: Adaptaciones en el altar del Santuario Original\",\"isPartOf\":{\"@id\":\"https:\\\/\\\/schoenstatt.com\\\/es\\\/#website\"},\"primaryImageOfPage\":{\"@id\":\"https:\\\/\\\/schoenstatt.com\\\/es\\\/en-enero-adaptaciones-en-el-altar-del-santuario-original\\\/#primaryimage\"},\"image\":{\"@id\":\"https:\\\/\\\/schoenstatt.com\\\/es\\\/en-enero-adaptaciones-en-el-altar-del-santuario-original\\\/#primaryimage\"},\"thumbnailUrl\":\"https:\\\/\\\/schoenstatt.com\\\/wp-content\\\/uploads\\\/2023\\\/12\\\/urheiligtum-santuario-original-christmas-navidad-natal-2-1.jpg\",\"datePublished\":\"2023-12-22T15:55:37+00:00\",\"dateModified\":\"2025-05-15T16:38:20+00:00\",\"description\":\"En enero de 2024, el altar del Santuario Original ser\u00e1 reformado y adaptado para facilitar la vida pastoral.\",\"breadcrumb\":{\"@id\":\"https:\\\/\\\/schoenstatt.com\\\/es\\\/en-enero-adaptaciones-en-el-altar-del-santuario-original\\\/#breadcrumb\"},\"inLanguage\":\"es\",\"potentialAction\":[{\"@type\":\"ReadAction\",\"target\":[\"https:\\\/\\\/schoenstatt.com\\\/es\\\/en-enero-adaptaciones-en-el-altar-del-santuario-original\\\/\"]}]},{\"@type\":\"ImageObject\",\"inLanguage\":\"es\",\"@id\":\"https:\\\/\\\/schoenstatt.com\\\/es\\\/en-enero-adaptaciones-en-el-altar-del-santuario-original\\\/#primaryimage\",\"url\":\"https:\\\/\\\/schoenstatt.com\\\/wp-content\\\/uploads\\\/2023\\\/12\\\/urheiligtum-santuario-original-christmas-navidad-natal-2-1.jpg\",\"contentUrl\":\"https:\\\/\\\/schoenstatt.com\\\/wp-content\\\/uploads\\\/2023\\\/12\\\/urheiligtum-santuario-original-christmas-navidad-natal-2-1.jpg\",\"width\":2048,\"height\":1151},{\"@type\":\"BreadcrumbList\",\"@id\":\"https:\\\/\\\/schoenstatt.com\\\/es\\\/en-enero-adaptaciones-en-el-altar-del-santuario-original\\\/#breadcrumb\",\"itemListElement\":[{\"@type\":\"ListItem\",\"position\":1,\"name\":\"Portada\",\"item\":\"https:\\\/\\\/schoenstatt.com\\\/es\\\/home\\\/\"},{\"@type\":\"ListItem\",\"position\":2,\"name\":\"En enero: Adaptaciones en el altar del Santuario Original\"}]},{\"@type\":\"WebSite\",\"@id\":\"https:\\\/\\\/schoenstatt.com\\\/es\\\/#website\",\"url\":\"https:\\\/\\\/schoenstatt.com\\\/es\\\/\",\"name\":\"Schoenstatt\",\"description\":\"Apostolic Movement\",\"publisher\":{\"@id\":\"https:\\\/\\\/schoenstatt.com\\\/es\\\/#organization\"},\"potentialAction\":[{\"@type\":\"SearchAction\",\"target\":{\"@type\":\"EntryPoint\",\"urlTemplate\":\"https:\\\/\\\/schoenstatt.com\\\/es\\\/?s={search_term_string}\"},\"query-input\":{\"@type\":\"PropertyValueSpecification\",\"valueRequired\":true,\"valueName\":\"search_term_string\"}}],\"inLanguage\":\"es\"},{\"@type\":\"Organization\",\"@id\":\"https:\\\/\\\/schoenstatt.com\\\/es\\\/#organization\",\"name\":\"Schoenstatt\",\"url\":\"https:\\\/\\\/schoenstatt.com\\\/es\\\/\",\"logo\":{\"@type\":\"ImageObject\",\"inLanguage\":\"es\",\"@id\":\"https:\\\/\\\/schoenstatt.com\\\/es\\\/#\\\/schema\\\/logo\\\/image\\\/\",\"url\":\"https:\\\/\\\/schoenstatt.com\\\/wp-content\\\/uploads\\\/2025\\\/04\\\/logo-schoenstatt-white-696x696-1.png\",\"contentUrl\":\"https:\\\/\\\/schoenstatt.com\\\/wp-content\\\/uploads\\\/2025\\\/04\\\/logo-schoenstatt-white-696x696-1.png\",\"width\":696,\"height\":694,\"caption\":\"Schoenstatt\"},\"image\":{\"@id\":\"https:\\\/\\\/schoenstatt.com\\\/es\\\/#\\\/schema\\\/logo\\\/image\\\/\"}},{\"@type\":\"Person\",\"@id\":\"https:\\\/\\\/schoenstatt.com\\\/es\\\/#\\\/schema\\\/person\\\/5158877ad4acae98b34daaeef2a1ce6e\",\"name\":\"Karen Bueno\",\"image\":{\"@type\":\"ImageObject\",\"inLanguage\":\"es\",\"@id\":\"https:\\\/\\\/secure.gravatar.com\\\/avatar\\\/f9f4b823873154269d2b2130f195f6d41037dd0d7fc5f3cacb5c846bae70d66b?s=96&d=mm&r=g\",\"url\":\"https:\\\/\\\/secure.gravatar.com\\\/avatar\\\/f9f4b823873154269d2b2130f195f6d41037dd0d7fc5f3cacb5c846bae70d66b?s=96&d=mm&r=g\",\"contentUrl\":\"https:\\\/\\\/secure.gravatar.com\\\/avatar\\\/f9f4b823873154269d2b2130f195f6d41037dd0d7fc5f3cacb5c846bae70d66b?s=96&d=mm&r=g\",\"caption\":\"Karen Bueno\"},\"url\":\"https:\\\/\\\/schoenstatt.com\\\/es\\\/author\\\/karen-bueno\\\/\"}]}<\/script>\n<!-- \/ Yoast SEO Premium plugin. -->","yoast_head_json":{"title":"En enero: Adaptaciones en el altar del Santuario Original","description":"En enero de 2024, el altar del Santuario Original ser\u00e1 reformado y adaptado para facilitar la vida pastoral.","robots":{"index":"index","follow":"follow","max-snippet":"max-snippet:-1","max-image-preview":"max-image-preview:large","max-video-preview":"max-video-preview:-1"},"canonical":"https:\/\/schoenstatt.com\/es\/en-enero-adaptaciones-en-el-altar-del-santuario-original\/","og_locale":"es_ES","og_type":"article","og_title":"En enero: Adaptaciones en el altar del Santuario Original","og_description":"En enero de 2024, el altar del Santuario Original ser\u00e1 reformado y adaptado para facilitar la vida pastoral.","og_url":"https:\/\/schoenstatt.com\/es\/en-enero-adaptaciones-en-el-altar-del-santuario-original\/","og_site_name":"Schoenstatt","article_published_time":"2023-12-22T15:55:37+00:00","article_modified_time":"2025-05-15T16:38:20+00:00","og_image":[{"width":2048,"height":1151,"url":"https:\/\/schoenstatt.com\/wp-content\/uploads\/2023\/12\/urheiligtum-santuario-original-christmas-navidad-natal-2-1.jpg","type":"image\/jpeg"}],"author":"Karen Bueno","twitter_card":"summary_large_image","twitter_misc":{"Escrito por":"Karen Bueno","Tiempo de lectura":"2 minutos"},"schema":{"@context":"https:\/\/schema.org","@graph":[{"@type":"Article","@id":"https:\/\/schoenstatt.com\/es\/en-enero-adaptaciones-en-el-altar-del-santuario-original\/#article","isPartOf":{"@id":"https:\/\/schoenstatt.com\/es\/en-enero-adaptaciones-en-el-altar-del-santuario-original\/"},"author":{"name":"Karen Bueno","@id":"https:\/\/schoenstatt.com\/es\/#\/schema\/person\/5158877ad4acae98b34daaeef2a1ce6e"},"headline":"En enero: Adaptaciones en el altar del Santuario Original","datePublished":"2023-12-22T15:55:37+00:00","dateModified":"2025-05-15T16:38:20+00:00","mainEntityOfPage":{"@id":"https:\/\/schoenstatt.com\/es\/en-enero-adaptaciones-en-el-altar-del-santuario-original\/"},"wordCount":493,"publisher":{"@id":"https:\/\/schoenstatt.com\/es\/#organization"},"image":{"@id":"https:\/\/schoenstatt.com\/es\/en-enero-adaptaciones-en-el-altar-del-santuario-original\/#primaryimage"},"thumbnailUrl":"https:\/\/schoenstatt.com\/wp-content\/uploads\/2023\/12\/urheiligtum-santuario-original-christmas-navidad-natal-2-1.jpg","articleSection":["Santuario Original"],"inLanguage":"es"},{"@type":"WebPage","@id":"https:\/\/schoenstatt.com\/es\/en-enero-adaptaciones-en-el-altar-del-santuario-original\/","url":"https:\/\/schoenstatt.com\/es\/en-enero-adaptaciones-en-el-altar-del-santuario-original\/","name":"En enero: Adaptaciones en el altar del Santuario Original","isPartOf":{"@id":"https:\/\/schoenstatt.com\/es\/#website"},"primaryImageOfPage":{"@id":"https:\/\/schoenstatt.com\/es\/en-enero-adaptaciones-en-el-altar-del-santuario-original\/#primaryimage"},"image":{"@id":"https:\/\/schoenstatt.com\/es\/en-enero-adaptaciones-en-el-altar-del-santuario-original\/#primaryimage"},"thumbnailUrl":"https:\/\/schoenstatt.com\/wp-content\/uploads\/2023\/12\/urheiligtum-santuario-original-christmas-navidad-natal-2-1.jpg","datePublished":"2023-12-22T15:55:37+00:00","dateModified":"2025-05-15T16:38:20+00:00","description":"En enero de 2024, el altar del Santuario Original ser\u00e1 reformado y adaptado para facilitar la vida pastoral.","breadcrumb":{"@id":"https:\/\/schoenstatt.com\/es\/en-enero-adaptaciones-en-el-altar-del-santuario-original\/#breadcrumb"},"inLanguage":"es","potentialAction":[{"@type":"ReadAction","target":["https:\/\/schoenstatt.com\/es\/en-enero-adaptaciones-en-el-altar-del-santuario-original\/"]}]},{"@type":"ImageObject","inLanguage":"es","@id":"https:\/\/schoenstatt.com\/es\/en-enero-adaptaciones-en-el-altar-del-santuario-original\/#primaryimage","url":"https:\/\/schoenstatt.com\/wp-content\/uploads\/2023\/12\/urheiligtum-santuario-original-christmas-navidad-natal-2-1.jpg","contentUrl":"https:\/\/schoenstatt.com\/wp-content\/uploads\/2023\/12\/urheiligtum-santuario-original-christmas-navidad-natal-2-1.jpg","width":2048,"height":1151},{"@type":"BreadcrumbList","@id":"https:\/\/schoenstatt.com\/es\/en-enero-adaptaciones-en-el-altar-del-santuario-original\/#breadcrumb","itemListElement":[{"@type":"ListItem","position":1,"name":"Portada","item":"https:\/\/schoenstatt.com\/es\/home\/"},{"@type":"ListItem","position":2,"name":"En enero: Adaptaciones en el altar del Santuario Original"}]},{"@type":"WebSite","@id":"https:\/\/schoenstatt.com\/es\/#website","url":"https:\/\/schoenstatt.com\/es\/","name":"Schoenstatt","description":"Apostolic Movement","publisher":{"@id":"https:\/\/schoenstatt.com\/es\/#organization"},"potentialAction":[{"@type":"SearchAction","target":{"@type":"EntryPoint","urlTemplate":"https:\/\/schoenstatt.com\/es\/?s={search_term_string}"},"query-input":{"@type":"PropertyValueSpecification","valueRequired":true,"valueName":"search_term_string"}}],"inLanguage":"es"},{"@type":"Organization","@id":"https:\/\/schoenstatt.com\/es\/#organization","name":"Schoenstatt","url":"https:\/\/schoenstatt.com\/es\/","logo":{"@type":"ImageObject","inLanguage":"es","@id":"https:\/\/schoenstatt.com\/es\/#\/schema\/logo\/image\/","url":"https:\/\/schoenstatt.com\/wp-content\/uploads\/2025\/04\/logo-schoenstatt-white-696x696-1.png","contentUrl":"https:\/\/schoenstatt.com\/wp-content\/uploads\/2025\/04\/logo-schoenstatt-white-696x696-1.png","width":696,"height":694,"caption":"Schoenstatt"},"image":{"@id":"https:\/\/schoenstatt.com\/es\/#\/schema\/logo\/image\/"}},{"@type":"Person","@id":"https:\/\/schoenstatt.com\/es\/#\/schema\/person\/5158877ad4acae98b34daaeef2a1ce6e","name":"Karen Bueno","image":{"@type":"ImageObject","inLanguage":"es","@id":"https:\/\/secure.gravatar.com\/avatar\/f9f4b823873154269d2b2130f195f6d41037dd0d7fc5f3cacb5c846bae70d66b?s=96&d=mm&r=g","url":"https:\/\/secure.gravatar.com\/avatar\/f9f4b823873154269d2b2130f195f6d41037dd0d7fc5f3cacb5c846bae70d66b?s=96&d=mm&r=g","contentUrl":"https:\/\/secure.gravatar.com\/avatar\/f9f4b823873154269d2b2130f195f6d41037dd0d7fc5f3cacb5c846bae70d66b?s=96&d=mm&r=g","caption":"Karen Bueno"},"url":"https:\/\/schoenstatt.com\/es\/author\/karen-bueno\/"}]}},"_links":{"self":[{"href":"https:\/\/schoenstatt.com\/es\/wp-json\/wp\/v2\/posts\/34116","targetHints":{"allow":["GET"]}}],"collection":[{"href":"https:\/\/schoenstatt.com\/es\/wp-json\/wp\/v2\/posts"}],"about":[{"href":"https:\/\/schoenstatt.com\/es\/wp-json\/wp\/v2\/types\/post"}],"author":[{"embeddable":true,"href":"https:\/\/schoenstatt.com\/es\/wp-json\/wp\/v2\/users\/3"}],"replies":[{"embeddable":true,"href":"https:\/\/schoenstatt.com\/es\/wp-json\/wp\/v2\/comments?post=34116"}],"version-history":[{"count":1,"href":"https:\/\/schoenstatt.com\/es\/wp-json\/wp\/v2\/posts\/34116\/revisions"}],"predecessor-version":[{"id":46565,"href":"https:\/\/schoenstatt.com\/es\/wp-json\/wp\/v2\/posts\/34116\/revisions\/46565"}],"wp:featuredmedia":[{"embeddable":true,"href":"https:\/\/schoenstatt.com\/es\/wp-json\/wp\/v2\/media\/34117"}],"wp:attachment":[{"href":"https:\/\/schoenstatt.com\/es\/wp-json\/wp\/v2\/media?parent=34116"}],"wp:term":[{"taxonomy":"category","embeddable":true,"href":"https:\/\/schoenstatt.com\/es\/wp-json\/wp\/v2\/categories?post=34116"},{"taxonomy":"post_tag","embeddable":true,"href":"https:\/\/schoenstatt.com\/es\/wp-json\/wp\/v2\/tags?post=34116"}],"curies":[{"name":"wp","href":"https:\/\/api.w.org\/{rel}","templated":true}]}}