{"id":33751,"date":"2023-11-29T06:34:49","date_gmt":"2023-11-29T05:34:49","guid":{"rendered":"https:\/\/schoenstatt.com\/?p=33751"},"modified":"2025-05-15T18:24:52","modified_gmt":"2025-05-15T16:24:52","slug":"una-invitacion-a-toda-la-familia-de-schoenstatt-75-anos-del-31-de-mayo","status":"publish","type":"post","link":"https:\/\/schoenstatt.com\/es\/una-invitacion-a-toda-la-familia-de-schoenstatt-75-anos-del-31-de-mayo\/","title":{"rendered":"Una invitaci\u00f3n a toda la Familia de Schoenstatt: 75 a\u00f1os del 31 de mayo"},"content":{"rendered":"<p>La Familia de Schoenstatt de Chile ha decidido realizar una gran convocatoria para invitar a todos los schoenstattianos del mundo a peregrinar hasta el <a href=\"http:\/\/www.schoenstatt.cl\/la-florida-santuario-cenaculo-de-bellavista\/prontus_schoenstatt\/2018-04-06\/101407.html\" target=\"_blank\" rel=\"noopener\">Santuario de Bellavista<\/a> el pr\u00f3ximo a\u00f1o, para celebrar el Jubileo de los 75 a\u00f1os de la misi\u00f3n del 31 de mayo.<\/p>\n<p>El 2024 se cumplen 75 a\u00f1os del 3er hito de la historia de nuestro Movimiento. Aquel d\u00eda 31 de mayo de 1949, implorando las gracias de Pentecost\u00e9s, el Padre Kentenich le confi\u00f3\u0301 a la Sant\u00edsima Virgen \u201cla misi\u00f3n de Schoenstatt\u201d, el anhelo de que nuestro carisma pudiera abrirse a la Iglesia con toda su riqueza, regalando a todos la Alianza de Amor con Mar\u00eda, que nos ayuda a unir vitalmente lo natural con lo sobrenatural en lo cotidiano.<\/p>\n<p>En gratitud por toda la vida y la corriente misionera que ha surgido desde ese momento en la historia de Schoenstatt, es que la Familia de Chile invita a <strong>una gran celebraci\u00f3n internacional para los d\u00edas 31 de mayo, 1 y 2 de junio del 2024<\/strong>, abierta a todos los peregrinos de Chile y del mundo, para que puedan hacerse parte de esta fiesta jubilar.<\/p>\n<h2><img fetchpriority=\"high\" decoding=\"async\" class=\"aligncenter wp-image-33760 size-large\" src=\"https:\/\/schoenstatt.com\/wp-content\/uploads\/2023\/11\/santuario-de-bellavista-chile-2-1024x771.jpg\" alt=\"\" width=\"840\" height=\"632\"><\/h2>\n<h2>El s\u00edmbolo ser\u00e1 la Cruz de la Unidad<\/h2>\n<p>El Jubileo ya tiene una imagen como logo: la Cruz de la Unidad. Ella simboliza la misi\u00f3n de Schoenstatt, que es la misi\u00f3n de los v\u00ednculos, la uni\u00f3n de Cristo con Mar\u00eda en lo natural y lo sobrenatural.<\/p>\n<p>En el logo del Jubileo la cruz tiene los colores del fuego, por el Cen\u00e1culo que se abre al mundo. En el centro est\u00e1 el Santuario, la llama del Esp\u00edritu Santo y el c\u00e1liz que es sostenido por Mar\u00eda, quien recibe toda nuestra contribuci\u00f3n al capital de gracias.<\/p>\n<p>La Cruz de la Unidad, tradicional s\u00edmbolo del santuario de Bellavista, <a href=\"https:\/\/schoenstatt.com\/es\/comunidades-de-schoenstatt\/fue-robada-la-cruz-de-la-unidad-del-santuario-de-bellavista\/\">fue robada<\/a> hace unos meses atr\u00e1s y quiere volver a ser entronizado el pr\u00f3ximo a\u00f1o en la celebraci\u00f3n Jubilar.<\/p>\n<h2>\u201cVamos el uno en el otro\u201d<\/h2>\n<p>El Jubileo tambi\u00e9n tiene un lema: \u201cVamos el uno en el otro\u201d.<\/p>\n<p>El 31 de Mayo de 1949, en su pl\u00e1tica en el santuario de Bellavista, el padre Kentenich habl\u00f3 de que somos Familia y de la pertenencia mutua, ahora y en la eternidad. Nos dijo: \u201cLa Sma. Virgen nos ha regalado el uno al otro, Queremos permanecer rec\u00edprocamente fieles: el uno en el otro, con el otro, para el otro, en el coraz\u00f3n de Dios\u201d.<\/p>\n<p>Esto tambi\u00e9n es parte de nuestra misi\u00f3n, por eso el lema del Jubileo nos quiere animar para caminar juntos en la misma direcci\u00f3n.<\/p>\n<h3>Pr\u00f3ximamente m\u00e1s informaci\u00f3n<\/h3>\n<p>El sitio web con m\u00e1s informaci\u00f3n sobre el Jubileo y nuevas informaciones ser\u00e1 lanzado m\u00e1s adelante. \u00a1Mantente atento a las redes sociales de Schoenstatt Chile y participa!<\/p>\n<p><strong>Descarga aqu\u00ed:&nbsp;<\/strong><a class=\"fasc-button fasc-size-medium fasc-type-flat fasc-style-bold\" style=\"background-color: #18208f; color: #ffffff;\" target=\"_blank\" href=\"https:\/\/schoenstatt.com\/wp-content\/uploads\/2023\/11\/Convocatoria-Jubileo-75-anos-31-de-mayo.pdf\" rel=\"noopener\">Carta de Convocatoria al Jubileo PDF<\/a><\/p>\n","protected":false},"excerpt":{"rendered":"<p>En 2024 celebramos 75 a\u00f1os del 31 de mayo. Para ello, Chile invita a todos los schoenstattianos del mundo a celebrar el jubileo, en una peregrinaci\u00f3n a Santiago, al Santuario Cen\u00e1culo, o a distancia, en sus pa\u00edses. \u00a1Todos invitados a ser parte de esta gran celebraci\u00f3n!<\/p>\n","protected":false},"author":3,"featured_media":33752,"comment_status":"closed","ping_status":"closed","sticky":false,"template":"","format":"standard","meta":{"footnotes":""},"categories":[630,790],"tags":[],"class_list":["post-33751","post","type-post","status-publish","format-standard","has-post-thumbnail","hentry","category-eventos-es","category-paises-es"],"yoast_head":"<!-- This site is optimized with the Yoast SEO Premium plugin v27.4 (Yoast SEO v27.4) - https:\/\/yoast.com\/product\/yoast-seo-premium-wordpress\/ -->\n<title>Una invitaci\u00f3n a toda la Familia de Schoenstatt: 75 a\u00f1os del 31 de mayo<\/title>\n<meta name=\"description\" content=\"En 2024 celebramos el 75 aniversario del 31 de mayo. Para ello, todos est\u00e1n invitados a una peregrinaci\u00f3n a Santiago de Chile.\" \/>\n<meta name=\"robots\" content=\"index, follow, max-snippet:-1, max-image-preview:large, max-video-preview:-1\" \/>\n<link rel=\"canonical\" href=\"https:\/\/schoenstatt.com\/es\/una-invitacion-a-toda-la-familia-de-schoenstatt-75-anos-del-31-de-mayo\/\" \/>\n<meta property=\"og:locale\" content=\"es_ES\" \/>\n<meta property=\"og:type\" content=\"article\" \/>\n<meta property=\"og:title\" content=\"Una invitaci\u00f3n a toda la Familia de Schoenstatt: 75 a\u00f1os del 31 de mayo\" \/>\n<meta property=\"og:description\" content=\"En 2024 celebramos el 75 aniversario del 31 de mayo. Para ello, todos est\u00e1n invitados a una peregrinaci\u00f3n a Santiago de Chile.\" \/>\n<meta property=\"og:url\" content=\"https:\/\/schoenstatt.com\/es\/una-invitacion-a-toda-la-familia-de-schoenstatt-75-anos-del-31-de-mayo\/\" \/>\n<meta property=\"og:site_name\" content=\"Schoenstatt\" \/>\n<meta property=\"article:published_time\" content=\"2023-11-29T05:34:49+00:00\" \/>\n<meta property=\"article:modified_time\" content=\"2025-05-15T16:24:52+00:00\" \/>\n<meta property=\"og:image\" content=\"https:\/\/schoenstatt.com\/wp-content\/uploads\/2023\/11\/jubileu-31-de-mayo-2024-logo-1.jpg\" \/>\n\t<meta property=\"og:image:width\" content=\"2048\" \/>\n\t<meta property=\"og:image:height\" content=\"1065\" \/>\n\t<meta property=\"og:image:type\" content=\"image\/jpeg\" \/>\n<meta name=\"author\" content=\"Karen Bueno\" \/>\n<meta name=\"twitter:card\" content=\"summary_large_image\" \/>\n<meta name=\"twitter:label1\" content=\"Escrito por\" \/>\n\t<meta name=\"twitter:data1\" content=\"Karen Bueno\" \/>\n\t<meta name=\"twitter:label2\" content=\"Tiempo de lectura\" \/>\n\t<meta name=\"twitter:data2\" content=\"3 minutos\" \/>\n<script type=\"application\/ld+json\" class=\"yoast-schema-graph\">{\"@context\":\"https:\\\/\\\/schema.org\",\"@graph\":[{\"@type\":\"Article\",\"@id\":\"https:\\\/\\\/schoenstatt.com\\\/es\\\/una-invitacion-a-toda-la-familia-de-schoenstatt-75-anos-del-31-de-mayo\\\/#article\",\"isPartOf\":{\"@id\":\"https:\\\/\\\/schoenstatt.com\\\/es\\\/una-invitacion-a-toda-la-familia-de-schoenstatt-75-anos-del-31-de-mayo\\\/\"},\"author\":{\"name\":\"Karen Bueno\",\"@id\":\"https:\\\/\\\/schoenstatt.com\\\/es\\\/#\\\/schema\\\/person\\\/5158877ad4acae98b34daaeef2a1ce6e\"},\"headline\":\"Una invitaci\u00f3n a toda la Familia de Schoenstatt: 75 a\u00f1os del 31 de mayo\",\"datePublished\":\"2023-11-29T05:34:49+00:00\",\"dateModified\":\"2025-05-15T16:24:52+00:00\",\"mainEntityOfPage\":{\"@id\":\"https:\\\/\\\/schoenstatt.com\\\/es\\\/una-invitacion-a-toda-la-familia-de-schoenstatt-75-anos-del-31-de-mayo\\\/\"},\"wordCount\":499,\"publisher\":{\"@id\":\"https:\\\/\\\/schoenstatt.com\\\/es\\\/#organization\"},\"image\":{\"@id\":\"https:\\\/\\\/schoenstatt.com\\\/es\\\/una-invitacion-a-toda-la-familia-de-schoenstatt-75-anos-del-31-de-mayo\\\/#primaryimage\"},\"thumbnailUrl\":\"https:\\\/\\\/schoenstatt.com\\\/wp-content\\\/uploads\\\/2023\\\/11\\\/jubileu-31-de-mayo-2024-logo-1.jpg\",\"articleSection\":[\"Eventos\",\"Pa\u00edses\"],\"inLanguage\":\"es\"},{\"@type\":\"WebPage\",\"@id\":\"https:\\\/\\\/schoenstatt.com\\\/es\\\/una-invitacion-a-toda-la-familia-de-schoenstatt-75-anos-del-31-de-mayo\\\/\",\"url\":\"https:\\\/\\\/schoenstatt.com\\\/es\\\/una-invitacion-a-toda-la-familia-de-schoenstatt-75-anos-del-31-de-mayo\\\/\",\"name\":\"Una invitaci\u00f3n a toda la Familia de Schoenstatt: 75 a\u00f1os del 31 de mayo\",\"isPartOf\":{\"@id\":\"https:\\\/\\\/schoenstatt.com\\\/es\\\/#website\"},\"primaryImageOfPage\":{\"@id\":\"https:\\\/\\\/schoenstatt.com\\\/es\\\/una-invitacion-a-toda-la-familia-de-schoenstatt-75-anos-del-31-de-mayo\\\/#primaryimage\"},\"image\":{\"@id\":\"https:\\\/\\\/schoenstatt.com\\\/es\\\/una-invitacion-a-toda-la-familia-de-schoenstatt-75-anos-del-31-de-mayo\\\/#primaryimage\"},\"thumbnailUrl\":\"https:\\\/\\\/schoenstatt.com\\\/wp-content\\\/uploads\\\/2023\\\/11\\\/jubileu-31-de-mayo-2024-logo-1.jpg\",\"datePublished\":\"2023-11-29T05:34:49+00:00\",\"dateModified\":\"2025-05-15T16:24:52+00:00\",\"description\":\"En 2024 celebramos el 75 aniversario del 31 de mayo. Para ello, todos est\u00e1n invitados a una peregrinaci\u00f3n a Santiago de Chile.\",\"breadcrumb\":{\"@id\":\"https:\\\/\\\/schoenstatt.com\\\/es\\\/una-invitacion-a-toda-la-familia-de-schoenstatt-75-anos-del-31-de-mayo\\\/#breadcrumb\"},\"inLanguage\":\"es\",\"potentialAction\":[{\"@type\":\"ReadAction\",\"target\":[\"https:\\\/\\\/schoenstatt.com\\\/es\\\/una-invitacion-a-toda-la-familia-de-schoenstatt-75-anos-del-31-de-mayo\\\/\"]}]},{\"@type\":\"ImageObject\",\"inLanguage\":\"es\",\"@id\":\"https:\\\/\\\/schoenstatt.com\\\/es\\\/una-invitacion-a-toda-la-familia-de-schoenstatt-75-anos-del-31-de-mayo\\\/#primaryimage\",\"url\":\"https:\\\/\\\/schoenstatt.com\\\/wp-content\\\/uploads\\\/2023\\\/11\\\/jubileu-31-de-mayo-2024-logo-1.jpg\",\"contentUrl\":\"https:\\\/\\\/schoenstatt.com\\\/wp-content\\\/uploads\\\/2023\\\/11\\\/jubileu-31-de-mayo-2024-logo-1.jpg\",\"width\":2048,\"height\":1065},{\"@type\":\"BreadcrumbList\",\"@id\":\"https:\\\/\\\/schoenstatt.com\\\/es\\\/una-invitacion-a-toda-la-familia-de-schoenstatt-75-anos-del-31-de-mayo\\\/#breadcrumb\",\"itemListElement\":[{\"@type\":\"ListItem\",\"position\":1,\"name\":\"Portada\",\"item\":\"https:\\\/\\\/schoenstatt.com\\\/es\\\/home\\\/\"},{\"@type\":\"ListItem\",\"position\":2,\"name\":\"Una invitaci\u00f3n a toda la Familia de Schoenstatt: 75 a\u00f1os del 31 de mayo\"}]},{\"@type\":\"WebSite\",\"@id\":\"https:\\\/\\\/schoenstatt.com\\\/es\\\/#website\",\"url\":\"https:\\\/\\\/schoenstatt.com\\\/es\\\/\",\"name\":\"Schoenstatt\",\"description\":\"Apostolic Movement\",\"publisher\":{\"@id\":\"https:\\\/\\\/schoenstatt.com\\\/es\\\/#organization\"},\"potentialAction\":[{\"@type\":\"SearchAction\",\"target\":{\"@type\":\"EntryPoint\",\"urlTemplate\":\"https:\\\/\\\/schoenstatt.com\\\/es\\\/?s={search_term_string}\"},\"query-input\":{\"@type\":\"PropertyValueSpecification\",\"valueRequired\":true,\"valueName\":\"search_term_string\"}}],\"inLanguage\":\"es\"},{\"@type\":\"Organization\",\"@id\":\"https:\\\/\\\/schoenstatt.com\\\/es\\\/#organization\",\"name\":\"Schoenstatt\",\"url\":\"https:\\\/\\\/schoenstatt.com\\\/es\\\/\",\"logo\":{\"@type\":\"ImageObject\",\"inLanguage\":\"es\",\"@id\":\"https:\\\/\\\/schoenstatt.com\\\/es\\\/#\\\/schema\\\/logo\\\/image\\\/\",\"url\":\"https:\\\/\\\/schoenstatt.com\\\/wp-content\\\/uploads\\\/2025\\\/04\\\/logo-schoenstatt-white-696x696-1.png\",\"contentUrl\":\"https:\\\/\\\/schoenstatt.com\\\/wp-content\\\/uploads\\\/2025\\\/04\\\/logo-schoenstatt-white-696x696-1.png\",\"width\":696,\"height\":694,\"caption\":\"Schoenstatt\"},\"image\":{\"@id\":\"https:\\\/\\\/schoenstatt.com\\\/es\\\/#\\\/schema\\\/logo\\\/image\\\/\"}},{\"@type\":\"Person\",\"@id\":\"https:\\\/\\\/schoenstatt.com\\\/es\\\/#\\\/schema\\\/person\\\/5158877ad4acae98b34daaeef2a1ce6e\",\"name\":\"Karen Bueno\",\"image\":{\"@type\":\"ImageObject\",\"inLanguage\":\"es\",\"@id\":\"https:\\\/\\\/secure.gravatar.com\\\/avatar\\\/f9f4b823873154269d2b2130f195f6d41037dd0d7fc5f3cacb5c846bae70d66b?s=96&d=mm&r=g\",\"url\":\"https:\\\/\\\/secure.gravatar.com\\\/avatar\\\/f9f4b823873154269d2b2130f195f6d41037dd0d7fc5f3cacb5c846bae70d66b?s=96&d=mm&r=g\",\"contentUrl\":\"https:\\\/\\\/secure.gravatar.com\\\/avatar\\\/f9f4b823873154269d2b2130f195f6d41037dd0d7fc5f3cacb5c846bae70d66b?s=96&d=mm&r=g\",\"caption\":\"Karen Bueno\"},\"url\":\"https:\\\/\\\/schoenstatt.com\\\/es\\\/author\\\/karen-bueno\\\/\"}]}<\/script>\n<!-- \/ Yoast SEO Premium plugin. -->","yoast_head_json":{"title":"Una invitaci\u00f3n a toda la Familia de Schoenstatt: 75 a\u00f1os del 31 de mayo","description":"En 2024 celebramos el 75 aniversario del 31 de mayo. Para ello, todos est\u00e1n invitados a una peregrinaci\u00f3n a Santiago de Chile.","robots":{"index":"index","follow":"follow","max-snippet":"max-snippet:-1","max-image-preview":"max-image-preview:large","max-video-preview":"max-video-preview:-1"},"canonical":"https:\/\/schoenstatt.com\/es\/una-invitacion-a-toda-la-familia-de-schoenstatt-75-anos-del-31-de-mayo\/","og_locale":"es_ES","og_type":"article","og_title":"Una invitaci\u00f3n a toda la Familia de Schoenstatt: 75 a\u00f1os del 31 de mayo","og_description":"En 2024 celebramos el 75 aniversario del 31 de mayo. Para ello, todos est\u00e1n invitados a una peregrinaci\u00f3n a Santiago de Chile.","og_url":"https:\/\/schoenstatt.com\/es\/una-invitacion-a-toda-la-familia-de-schoenstatt-75-anos-del-31-de-mayo\/","og_site_name":"Schoenstatt","article_published_time":"2023-11-29T05:34:49+00:00","article_modified_time":"2025-05-15T16:24:52+00:00","og_image":[{"width":2048,"height":1065,"url":"https:\/\/schoenstatt.com\/wp-content\/uploads\/2023\/11\/jubileu-31-de-mayo-2024-logo-1.jpg","type":"image\/jpeg"}],"author":"Karen Bueno","twitter_card":"summary_large_image","twitter_misc":{"Escrito por":"Karen Bueno","Tiempo de lectura":"3 minutos"},"schema":{"@context":"https:\/\/schema.org","@graph":[{"@type":"Article","@id":"https:\/\/schoenstatt.com\/es\/una-invitacion-a-toda-la-familia-de-schoenstatt-75-anos-del-31-de-mayo\/#article","isPartOf":{"@id":"https:\/\/schoenstatt.com\/es\/una-invitacion-a-toda-la-familia-de-schoenstatt-75-anos-del-31-de-mayo\/"},"author":{"name":"Karen Bueno","@id":"https:\/\/schoenstatt.com\/es\/#\/schema\/person\/5158877ad4acae98b34daaeef2a1ce6e"},"headline":"Una invitaci\u00f3n a toda la Familia de Schoenstatt: 75 a\u00f1os del 31 de mayo","datePublished":"2023-11-29T05:34:49+00:00","dateModified":"2025-05-15T16:24:52+00:00","mainEntityOfPage":{"@id":"https:\/\/schoenstatt.com\/es\/una-invitacion-a-toda-la-familia-de-schoenstatt-75-anos-del-31-de-mayo\/"},"wordCount":499,"publisher":{"@id":"https:\/\/schoenstatt.com\/es\/#organization"},"image":{"@id":"https:\/\/schoenstatt.com\/es\/una-invitacion-a-toda-la-familia-de-schoenstatt-75-anos-del-31-de-mayo\/#primaryimage"},"thumbnailUrl":"https:\/\/schoenstatt.com\/wp-content\/uploads\/2023\/11\/jubileu-31-de-mayo-2024-logo-1.jpg","articleSection":["Eventos","Pa\u00edses"],"inLanguage":"es"},{"@type":"WebPage","@id":"https:\/\/schoenstatt.com\/es\/una-invitacion-a-toda-la-familia-de-schoenstatt-75-anos-del-31-de-mayo\/","url":"https:\/\/schoenstatt.com\/es\/una-invitacion-a-toda-la-familia-de-schoenstatt-75-anos-del-31-de-mayo\/","name":"Una invitaci\u00f3n a toda la Familia de Schoenstatt: 75 a\u00f1os del 31 de mayo","isPartOf":{"@id":"https:\/\/schoenstatt.com\/es\/#website"},"primaryImageOfPage":{"@id":"https:\/\/schoenstatt.com\/es\/una-invitacion-a-toda-la-familia-de-schoenstatt-75-anos-del-31-de-mayo\/#primaryimage"},"image":{"@id":"https:\/\/schoenstatt.com\/es\/una-invitacion-a-toda-la-familia-de-schoenstatt-75-anos-del-31-de-mayo\/#primaryimage"},"thumbnailUrl":"https:\/\/schoenstatt.com\/wp-content\/uploads\/2023\/11\/jubileu-31-de-mayo-2024-logo-1.jpg","datePublished":"2023-11-29T05:34:49+00:00","dateModified":"2025-05-15T16:24:52+00:00","description":"En 2024 celebramos el 75 aniversario del 31 de mayo. Para ello, todos est\u00e1n invitados a una peregrinaci\u00f3n a Santiago de Chile.","breadcrumb":{"@id":"https:\/\/schoenstatt.com\/es\/una-invitacion-a-toda-la-familia-de-schoenstatt-75-anos-del-31-de-mayo\/#breadcrumb"},"inLanguage":"es","potentialAction":[{"@type":"ReadAction","target":["https:\/\/schoenstatt.com\/es\/una-invitacion-a-toda-la-familia-de-schoenstatt-75-anos-del-31-de-mayo\/"]}]},{"@type":"ImageObject","inLanguage":"es","@id":"https:\/\/schoenstatt.com\/es\/una-invitacion-a-toda-la-familia-de-schoenstatt-75-anos-del-31-de-mayo\/#primaryimage","url":"https:\/\/schoenstatt.com\/wp-content\/uploads\/2023\/11\/jubileu-31-de-mayo-2024-logo-1.jpg","contentUrl":"https:\/\/schoenstatt.com\/wp-content\/uploads\/2023\/11\/jubileu-31-de-mayo-2024-logo-1.jpg","width":2048,"height":1065},{"@type":"BreadcrumbList","@id":"https:\/\/schoenstatt.com\/es\/una-invitacion-a-toda-la-familia-de-schoenstatt-75-anos-del-31-de-mayo\/#breadcrumb","itemListElement":[{"@type":"ListItem","position":1,"name":"Portada","item":"https:\/\/schoenstatt.com\/es\/home\/"},{"@type":"ListItem","position":2,"name":"Una invitaci\u00f3n a toda la Familia de Schoenstatt: 75 a\u00f1os del 31 de mayo"}]},{"@type":"WebSite","@id":"https:\/\/schoenstatt.com\/es\/#website","url":"https:\/\/schoenstatt.com\/es\/","name":"Schoenstatt","description":"Apostolic Movement","publisher":{"@id":"https:\/\/schoenstatt.com\/es\/#organization"},"potentialAction":[{"@type":"SearchAction","target":{"@type":"EntryPoint","urlTemplate":"https:\/\/schoenstatt.com\/es\/?s={search_term_string}"},"query-input":{"@type":"PropertyValueSpecification","valueRequired":true,"valueName":"search_term_string"}}],"inLanguage":"es"},{"@type":"Organization","@id":"https:\/\/schoenstatt.com\/es\/#organization","name":"Schoenstatt","url":"https:\/\/schoenstatt.com\/es\/","logo":{"@type":"ImageObject","inLanguage":"es","@id":"https:\/\/schoenstatt.com\/es\/#\/schema\/logo\/image\/","url":"https:\/\/schoenstatt.com\/wp-content\/uploads\/2025\/04\/logo-schoenstatt-white-696x696-1.png","contentUrl":"https:\/\/schoenstatt.com\/wp-content\/uploads\/2025\/04\/logo-schoenstatt-white-696x696-1.png","width":696,"height":694,"caption":"Schoenstatt"},"image":{"@id":"https:\/\/schoenstatt.com\/es\/#\/schema\/logo\/image\/"}},{"@type":"Person","@id":"https:\/\/schoenstatt.com\/es\/#\/schema\/person\/5158877ad4acae98b34daaeef2a1ce6e","name":"Karen Bueno","image":{"@type":"ImageObject","inLanguage":"es","@id":"https:\/\/secure.gravatar.com\/avatar\/f9f4b823873154269d2b2130f195f6d41037dd0d7fc5f3cacb5c846bae70d66b?s=96&d=mm&r=g","url":"https:\/\/secure.gravatar.com\/avatar\/f9f4b823873154269d2b2130f195f6d41037dd0d7fc5f3cacb5c846bae70d66b?s=96&d=mm&r=g","contentUrl":"https:\/\/secure.gravatar.com\/avatar\/f9f4b823873154269d2b2130f195f6d41037dd0d7fc5f3cacb5c846bae70d66b?s=96&d=mm&r=g","caption":"Karen Bueno"},"url":"https:\/\/schoenstatt.com\/es\/author\/karen-bueno\/"}]}},"_links":{"self":[{"href":"https:\/\/schoenstatt.com\/es\/wp-json\/wp\/v2\/posts\/33751","targetHints":{"allow":["GET"]}}],"collection":[{"href":"https:\/\/schoenstatt.com\/es\/wp-json\/wp\/v2\/posts"}],"about":[{"href":"https:\/\/schoenstatt.com\/es\/wp-json\/wp\/v2\/types\/post"}],"author":[{"embeddable":true,"href":"https:\/\/schoenstatt.com\/es\/wp-json\/wp\/v2\/users\/3"}],"replies":[{"embeddable":true,"href":"https:\/\/schoenstatt.com\/es\/wp-json\/wp\/v2\/comments?post=33751"}],"version-history":[{"count":1,"href":"https:\/\/schoenstatt.com\/es\/wp-json\/wp\/v2\/posts\/33751\/revisions"}],"predecessor-version":[{"id":46501,"href":"https:\/\/schoenstatt.com\/es\/wp-json\/wp\/v2\/posts\/33751\/revisions\/46501"}],"wp:featuredmedia":[{"embeddable":true,"href":"https:\/\/schoenstatt.com\/es\/wp-json\/wp\/v2\/media\/33752"}],"wp:attachment":[{"href":"https:\/\/schoenstatt.com\/es\/wp-json\/wp\/v2\/media?parent=33751"}],"wp:term":[{"taxonomy":"category","embeddable":true,"href":"https:\/\/schoenstatt.com\/es\/wp-json\/wp\/v2\/categories?post=33751"},{"taxonomy":"post_tag","embeddable":true,"href":"https:\/\/schoenstatt.com\/es\/wp-json\/wp\/v2\/tags?post=33751"}],"curies":[{"name":"wp","href":"https:\/\/api.w.org\/{rel}","templated":true}]}}