{"id":33728,"date":"2023-11-26T06:34:22","date_gmt":"2023-11-26T05:34:22","guid":{"rendered":"https:\/\/schoenstatt.com\/?p=33728"},"modified":"2025-05-15T01:36:22","modified_gmt":"2025-05-14T23:36:22","slug":"solemnidad-de-cristo-rey-el-valor-de-la-palabra-reinar","status":"publish","type":"post","link":"https:\/\/schoenstatt.com\/es\/solemnidad-de-cristo-rey-el-valor-de-la-palabra-reinar\/","title":{"rendered":"Solemnidad de Cristo Rey: El valor de la palabra \u201creinar\u201d"},"content":{"rendered":"<p>Me gusta esta fiesta en la que el Reino de Dios es el centro. Jes\u00fas reina sobre m\u00ed, sobre la tierra, en el cielo:<em> \u00abCristo tiene que reinar hasta que Dios haga de sus enemigos estrado de sus pies. El \u00faltimo enemigo aniquilado ser\u00e1 la muerte. Y as\u00ed Dios lo ser\u00e1 todo para todos\u00bb<\/em> [1]. Un Reino al final del camino en el que Dios ser\u00e1 todo en todos. \u00bfEs eso posible? Para Dios nada hay imposible.<\/p>\n<p>Me pongo en manos de Dios para que reine en m\u00ed: \u00a1Cu\u00e1nto me cuesta! A menudo, no quiero que reine Dios, porque quiero reinar yo. El poder, el bendito poder. La posibilidad de mandar, que otros hagan lo que yo quiero, se adapten a mis planes y me sirvan. As\u00ed es c\u00f3mo me han inculcado el valor de la palabra <em>reinar<\/em>. El que reina manda, decide, gobierna, tiene influencia, es respetado, admirado, seguido. Es as\u00ed el concepto de poder que me han transmitido por a\u00f1os. Ese reinado es el que imagino cuando pienso en un rey. Pero Jes\u00fas no es as\u00ed.<\/p>\n<h2>Jes\u00fas me desconcierta<\/h2>\n<p>Su forma de reinar me desconcierta en esta fiesta. Su trono es la cruz, su corona es de espinas, su ej\u00e9rcito son \u00e1ngeles, su poder es el amor. No celebro hoy el poder de Jes\u00fas, sino su impotencia manifestada a lo largo de su vida terrena. Le\u00eda el otro d\u00eda:<em> \u00abJes\u00fas viene de Dios, no con poder y gloria, sino como un cordero indefenso e inerme. Nunca se impondr\u00e1 por la fuerza, a nadie forzar\u00e1 a creer en \u00c9l. Un d\u00eda ser\u00e1 sacrificado en una cruz. Los que quieran seguirle lo habr\u00e1n de acoger libremente\u00bb<\/em> [2].<\/p>\n<p><img fetchpriority=\"high\" decoding=\"async\" class=\"aligncenter wp-image-33724 \" src=\"https:\/\/schoenstatt.com\/wp-content\/uploads\/2023\/11\/coroa-cruz-jesus.jpg\" alt=\"\" width=\"974\" height=\"860\" \/><\/p>\n<p>Su poder se convierte en servicio. Su omnipotencia pasa a ser una triste impotencia. Su gobierno es una entrega de esclavo, un servicio que le lleva a la muerte y a ser el \u00faltimo de todos. Un poder centrado en el amor, el que m\u00e1s ama es el que m\u00e1s sirve, el que m\u00e1s reina. Todo tan lejos de mis im\u00e1genes guardadas en el alma. Esas im\u00e1genes de reyes poderosos. Me he quedado en ese juego de tronos en el que gana el m\u00e1s fuerte que somete a todos. El rey m\u00e1s poderoso, el que tiene m\u00e1s influencia\u2026<\/p>\n<h3>Cuando tenemos el poder en nuestras manos, \u00bfc\u00f3mo actuamos?<\/h3>\n<p>Hoy se habla mucho del abuso de poder. El poder que me han dado, el poder que han puesto en mis manos. Siempre recuerdo una frase que escuch\u00e9 hace mucho:<em> \u00abDale poder a un hombre y sabr\u00e1s c\u00f3mo es\u00bb.<\/em> Cierto. Cuando tengo poder, cuando puedo mandar, sale lo mejor y lo peor de mi alma. Podr\u00e9 hacer de mi poder un servicio a las personas que se me conf\u00edan o podr\u00e9 servirme de mi posici\u00f3n, de mi rango, de mi estatus para oprimir al d\u00e9bil, para aprovecharme del vulnerable. Saldr\u00e1 lo mejor o lo peor de m\u00ed, depende de c\u00f3mo lo haya entendido.<\/p>\n<p>Hay personas que viven amargadas porque nunca tienen tanto poder como el que querr\u00edan. Hay otras que odian tener poder y prefieren ocupar cargos inferiores y no asumir la responsabilidad del poder. Aprender a mandar es un arte, una responsabilidad. Aprender a servir es un camino de santidad. Usar bien mi poder cuando me pongo a servir es la forma. No esperar que me escuchen, que me obedezcan, que me tomen en cuenta, que hagan lo que yo deseo, que obedezcan mis \u00f3rdenes. Es tan b\u00e1sico el coraz\u00f3n humano, tan simple.<\/p>\n<p>Necesito que me escuchen y me sigan \u2013 el poder de la influencia. Cuando no me valoran, cuando no me buscan, cuando no me respetan, siento que mi vida no vale. Se me olvida que el verdadero poder es el que tiene mi amor. En mi amor est\u00e1 una fuerza oculta que lo supera todo. El verdadero reinado es el del amor, un amor que sirve, que enaltece al amado, que lo busca y lo coloca en el centro de todo. Cuando busco la felicidad de aquel al que sirvo, todo cambia. No me busco a m\u00ed, no estoy yo en el centro.<\/p>\n<h3>Reinar es sin\u00f3nimo de servir<\/h3>\n<p>Los poderosos de la tierra parecen ser los que mandan. Los que tienen dinero y posici\u00f3n respetable. Desde peque\u00f1o me han dicho que tengo que buscar esos lugares para influir, para cambiar este mundo. S\u00f3lo desde esos lugares importantes parece que podr\u00e9 hacer algo. Todo es vanidad, todo pasa, de poco sirve.<\/p>\n<p>El poder de Jes\u00fas, su reino, se jug\u00f3 en esa hora de dolor, en esa noche oscura en el calabozo, en esos gritos que condenaban a quien los hab\u00eda amado. Y ellos respondieron con odio al amante. La verdad s\u00f3lo ser\u00e1 conocida en el cielo. Mientras tanto yo s\u00f3lo tengo que ponerme a servir. No pretender que acepten todo lo que hago y digo. Que respeten mis cargos de poder. Que valoren mi servicio generoso. Eso no est\u00e1 en mi mano. Lo que s\u00ed puedo hacer es servir desde mi posici\u00f3n.<\/p>\n<p>Desde el respeto que otros me tienen, inicio un camino de servicio a los hombres. No quiero aprovecharme de mi poder. No pretendo beneficiar a los m\u00edos. No quiero que mi opini\u00f3n siempre sea respetada y seguida. El Reino de Jes\u00fas es el de la pobreza, el de la humildad, el de la peque\u00f1ez y el abandono. El poder de Jes\u00fas se manifiesta en su muerte en la cruz. En ese amor solitario que se entrega en manos de su Padre. As\u00ed es el verdadero reino al que me llama.<\/p>\n<p>&nbsp;<\/p>\n<p><em>*P. Carlos Padilla Esteban, extracto de la homil\u00eda de 22 noviembre 2020. Para leer el texto completo, en espa\u00f1ol, <strong><a href=\"https:\/\/drive.google.com\/file\/d\/1P7KbZ-fdLjxZE1K0J4EgOWH46Ma09syS\/view\" target=\"_blank\" rel=\"noopener\">haga clic aqu\u00ed<\/a><\/strong>.<\/em><\/p>\n<p>&nbsp;<\/p>\n<p>[1] 1 Corintios 15,25-26.28<br \/>\n[2] Jos\u00e9 Antonio Pagola, Arturo Asensio Moruno, El camino abierto por Jes\u00fas.<\/p>\n","protected":false},"excerpt":{"rendered":"<p>Jes\u00fas tiene un estilo diferente de liderazgo y de reinado. \u00c9l nos ense\u00f1a c\u00f3mo ser un verdadero l\u00edder, que inspira y dirige a trav\u00e9s del amor.<\/p>\n","protected":false},"author":3,"featured_media":33720,"comment_status":"closed","ping_status":"closed","sticky":false,"template":"","format":"standard","meta":{"footnotes":""},"categories":[917],"tags":[],"class_list":["post-33728","post","type-post","status-publish","format-standard","has-post-thumbnail","hentry","category-espiritualidad-es"],"yoast_head":"<!-- This site is optimized with the Yoast SEO Premium plugin v27.4 (Yoast SEO v27.4) - https:\/\/yoast.com\/product\/yoast-seo-premium-wordpress\/ -->\n<title>Solemnidad de Cristo Rey: El valor de la palabra \u201creinar\u201d<\/title>\n<meta name=\"description\" content=\"Jes\u00fas tiene un estilo diferente de liderazgo y de reinado. \u00c9l nos ense\u00f1a c\u00f3mo ser un verdadero l\u00edder, actuando con amor.\" \/>\n<meta name=\"robots\" content=\"index, follow, max-snippet:-1, max-image-preview:large, max-video-preview:-1\" \/>\n<link rel=\"canonical\" href=\"https:\/\/schoenstatt.com\/es\/solemnidad-de-cristo-rey-el-valor-de-la-palabra-reinar\/\" \/>\n<meta property=\"og:locale\" content=\"es_ES\" \/>\n<meta property=\"og:type\" content=\"article\" \/>\n<meta property=\"og:title\" content=\"Solemnidad de Cristo Rey: El valor de la palabra \u201creinar\u201d\" \/>\n<meta property=\"og:description\" content=\"Jes\u00fas tiene un estilo diferente de liderazgo y de reinado. \u00c9l nos ense\u00f1a c\u00f3mo ser un verdadero l\u00edder, actuando con amor.\" \/>\n<meta property=\"og:url\" content=\"https:\/\/schoenstatt.com\/es\/solemnidad-de-cristo-rey-el-valor-de-la-palabra-reinar\/\" \/>\n<meta property=\"og:site_name\" content=\"Schoenstatt\" \/>\n<meta property=\"article:published_time\" content=\"2023-11-26T05:34:22+00:00\" \/>\n<meta property=\"article:modified_time\" content=\"2025-05-14T23:36:22+00:00\" \/>\n<meta property=\"og:image\" content=\"https:\/\/schoenstatt.com\/wp-content\/uploads\/2023\/11\/jesus-eucaristia-1.jpg\" \/>\n\t<meta property=\"og:image:width\" content=\"2048\" \/>\n\t<meta property=\"og:image:height\" content=\"1365\" \/>\n\t<meta property=\"og:image:type\" content=\"image\/jpeg\" \/>\n<meta name=\"author\" content=\"Karen Bueno\" \/>\n<meta name=\"twitter:card\" content=\"summary_large_image\" \/>\n<meta name=\"twitter:label1\" content=\"Escrito por\" \/>\n\t<meta name=\"twitter:data1\" content=\"Karen Bueno\" \/>\n\t<meta name=\"twitter:label2\" content=\"Tiempo de lectura\" \/>\n\t<meta name=\"twitter:data2\" content=\"5 minutos\" \/>\n<script type=\"application\/ld+json\" class=\"yoast-schema-graph\">{\"@context\":\"https:\\\/\\\/schema.org\",\"@graph\":[{\"@type\":\"Article\",\"@id\":\"https:\\\/\\\/schoenstatt.com\\\/es\\\/solemnidad-de-cristo-rey-el-valor-de-la-palabra-reinar\\\/#article\",\"isPartOf\":{\"@id\":\"https:\\\/\\\/schoenstatt.com\\\/es\\\/solemnidad-de-cristo-rey-el-valor-de-la-palabra-reinar\\\/\"},\"author\":{\"name\":\"Karen Bueno\",\"@id\":\"https:\\\/\\\/schoenstatt.com\\\/es\\\/#\\\/schema\\\/person\\\/5158877ad4acae98b34daaeef2a1ce6e\"},\"headline\":\"Solemnidad de Cristo Rey: El valor de la palabra \u201creinar\u201d\",\"datePublished\":\"2023-11-26T05:34:22+00:00\",\"dateModified\":\"2025-05-14T23:36:22+00:00\",\"mainEntityOfPage\":{\"@id\":\"https:\\\/\\\/schoenstatt.com\\\/es\\\/solemnidad-de-cristo-rey-el-valor-de-la-palabra-reinar\\\/\"},\"wordCount\":1009,\"publisher\":{\"@id\":\"https:\\\/\\\/schoenstatt.com\\\/es\\\/#organization\"},\"image\":{\"@id\":\"https:\\\/\\\/schoenstatt.com\\\/es\\\/solemnidad-de-cristo-rey-el-valor-de-la-palabra-reinar\\\/#primaryimage\"},\"thumbnailUrl\":\"https:\\\/\\\/schoenstatt.com\\\/wp-content\\\/uploads\\\/2023\\\/11\\\/jesus-eucaristia-1.jpg\",\"articleSection\":[\"Espiritualidad\"],\"inLanguage\":\"es\"},{\"@type\":\"WebPage\",\"@id\":\"https:\\\/\\\/schoenstatt.com\\\/es\\\/solemnidad-de-cristo-rey-el-valor-de-la-palabra-reinar\\\/\",\"url\":\"https:\\\/\\\/schoenstatt.com\\\/es\\\/solemnidad-de-cristo-rey-el-valor-de-la-palabra-reinar\\\/\",\"name\":\"Solemnidad de Cristo Rey: El valor de la palabra \u201creinar\u201d\",\"isPartOf\":{\"@id\":\"https:\\\/\\\/schoenstatt.com\\\/es\\\/#website\"},\"primaryImageOfPage\":{\"@id\":\"https:\\\/\\\/schoenstatt.com\\\/es\\\/solemnidad-de-cristo-rey-el-valor-de-la-palabra-reinar\\\/#primaryimage\"},\"image\":{\"@id\":\"https:\\\/\\\/schoenstatt.com\\\/es\\\/solemnidad-de-cristo-rey-el-valor-de-la-palabra-reinar\\\/#primaryimage\"},\"thumbnailUrl\":\"https:\\\/\\\/schoenstatt.com\\\/wp-content\\\/uploads\\\/2023\\\/11\\\/jesus-eucaristia-1.jpg\",\"datePublished\":\"2023-11-26T05:34:22+00:00\",\"dateModified\":\"2025-05-14T23:36:22+00:00\",\"description\":\"Jes\u00fas tiene un estilo diferente de liderazgo y de reinado. \u00c9l nos ense\u00f1a c\u00f3mo ser un verdadero l\u00edder, actuando con amor.\",\"breadcrumb\":{\"@id\":\"https:\\\/\\\/schoenstatt.com\\\/es\\\/solemnidad-de-cristo-rey-el-valor-de-la-palabra-reinar\\\/#breadcrumb\"},\"inLanguage\":\"es\",\"potentialAction\":[{\"@type\":\"ReadAction\",\"target\":[\"https:\\\/\\\/schoenstatt.com\\\/es\\\/solemnidad-de-cristo-rey-el-valor-de-la-palabra-reinar\\\/\"]}]},{\"@type\":\"ImageObject\",\"inLanguage\":\"es\",\"@id\":\"https:\\\/\\\/schoenstatt.com\\\/es\\\/solemnidad-de-cristo-rey-el-valor-de-la-palabra-reinar\\\/#primaryimage\",\"url\":\"https:\\\/\\\/schoenstatt.com\\\/wp-content\\\/uploads\\\/2023\\\/11\\\/jesus-eucaristia-1.jpg\",\"contentUrl\":\"https:\\\/\\\/schoenstatt.com\\\/wp-content\\\/uploads\\\/2023\\\/11\\\/jesus-eucaristia-1.jpg\",\"width\":2048,\"height\":1365},{\"@type\":\"BreadcrumbList\",\"@id\":\"https:\\\/\\\/schoenstatt.com\\\/es\\\/solemnidad-de-cristo-rey-el-valor-de-la-palabra-reinar\\\/#breadcrumb\",\"itemListElement\":[{\"@type\":\"ListItem\",\"position\":1,\"name\":\"Portada\",\"item\":\"https:\\\/\\\/schoenstatt.com\\\/es\\\/home\\\/\"},{\"@type\":\"ListItem\",\"position\":2,\"name\":\"Solemnidad de Cristo Rey: El valor de la palabra \u201creinar\u201d\"}]},{\"@type\":\"WebSite\",\"@id\":\"https:\\\/\\\/schoenstatt.com\\\/es\\\/#website\",\"url\":\"https:\\\/\\\/schoenstatt.com\\\/es\\\/\",\"name\":\"Schoenstatt\",\"description\":\"Apostolic Movement\",\"publisher\":{\"@id\":\"https:\\\/\\\/schoenstatt.com\\\/es\\\/#organization\"},\"potentialAction\":[{\"@type\":\"SearchAction\",\"target\":{\"@type\":\"EntryPoint\",\"urlTemplate\":\"https:\\\/\\\/schoenstatt.com\\\/es\\\/?s={search_term_string}\"},\"query-input\":{\"@type\":\"PropertyValueSpecification\",\"valueRequired\":true,\"valueName\":\"search_term_string\"}}],\"inLanguage\":\"es\"},{\"@type\":\"Organization\",\"@id\":\"https:\\\/\\\/schoenstatt.com\\\/es\\\/#organization\",\"name\":\"Schoenstatt\",\"url\":\"https:\\\/\\\/schoenstatt.com\\\/es\\\/\",\"logo\":{\"@type\":\"ImageObject\",\"inLanguage\":\"es\",\"@id\":\"https:\\\/\\\/schoenstatt.com\\\/es\\\/#\\\/schema\\\/logo\\\/image\\\/\",\"url\":\"https:\\\/\\\/schoenstatt.com\\\/wp-content\\\/uploads\\\/2025\\\/04\\\/logo-schoenstatt-white-696x696-1.png\",\"contentUrl\":\"https:\\\/\\\/schoenstatt.com\\\/wp-content\\\/uploads\\\/2025\\\/04\\\/logo-schoenstatt-white-696x696-1.png\",\"width\":696,\"height\":694,\"caption\":\"Schoenstatt\"},\"image\":{\"@id\":\"https:\\\/\\\/schoenstatt.com\\\/es\\\/#\\\/schema\\\/logo\\\/image\\\/\"}},{\"@type\":\"Person\",\"@id\":\"https:\\\/\\\/schoenstatt.com\\\/es\\\/#\\\/schema\\\/person\\\/5158877ad4acae98b34daaeef2a1ce6e\",\"name\":\"Karen Bueno\",\"image\":{\"@type\":\"ImageObject\",\"inLanguage\":\"es\",\"@id\":\"https:\\\/\\\/secure.gravatar.com\\\/avatar\\\/f9f4b823873154269d2b2130f195f6d41037dd0d7fc5f3cacb5c846bae70d66b?s=96&d=mm&r=g\",\"url\":\"https:\\\/\\\/secure.gravatar.com\\\/avatar\\\/f9f4b823873154269d2b2130f195f6d41037dd0d7fc5f3cacb5c846bae70d66b?s=96&d=mm&r=g\",\"contentUrl\":\"https:\\\/\\\/secure.gravatar.com\\\/avatar\\\/f9f4b823873154269d2b2130f195f6d41037dd0d7fc5f3cacb5c846bae70d66b?s=96&d=mm&r=g\",\"caption\":\"Karen Bueno\"},\"url\":\"https:\\\/\\\/schoenstatt.com\\\/es\\\/author\\\/karen-bueno\\\/\"}]}<\/script>\n<!-- \/ Yoast SEO Premium plugin. -->","yoast_head_json":{"title":"Solemnidad de Cristo Rey: El valor de la palabra \u201creinar\u201d","description":"Jes\u00fas tiene un estilo diferente de liderazgo y de reinado. \u00c9l nos ense\u00f1a c\u00f3mo ser un verdadero l\u00edder, actuando con amor.","robots":{"index":"index","follow":"follow","max-snippet":"max-snippet:-1","max-image-preview":"max-image-preview:large","max-video-preview":"max-video-preview:-1"},"canonical":"https:\/\/schoenstatt.com\/es\/solemnidad-de-cristo-rey-el-valor-de-la-palabra-reinar\/","og_locale":"es_ES","og_type":"article","og_title":"Solemnidad de Cristo Rey: El valor de la palabra \u201creinar\u201d","og_description":"Jes\u00fas tiene un estilo diferente de liderazgo y de reinado. \u00c9l nos ense\u00f1a c\u00f3mo ser un verdadero l\u00edder, actuando con amor.","og_url":"https:\/\/schoenstatt.com\/es\/solemnidad-de-cristo-rey-el-valor-de-la-palabra-reinar\/","og_site_name":"Schoenstatt","article_published_time":"2023-11-26T05:34:22+00:00","article_modified_time":"2025-05-14T23:36:22+00:00","og_image":[{"width":2048,"height":1365,"url":"https:\/\/schoenstatt.com\/wp-content\/uploads\/2023\/11\/jesus-eucaristia-1.jpg","type":"image\/jpeg"}],"author":"Karen Bueno","twitter_card":"summary_large_image","twitter_misc":{"Escrito por":"Karen Bueno","Tiempo de lectura":"5 minutos"},"schema":{"@context":"https:\/\/schema.org","@graph":[{"@type":"Article","@id":"https:\/\/schoenstatt.com\/es\/solemnidad-de-cristo-rey-el-valor-de-la-palabra-reinar\/#article","isPartOf":{"@id":"https:\/\/schoenstatt.com\/es\/solemnidad-de-cristo-rey-el-valor-de-la-palabra-reinar\/"},"author":{"name":"Karen Bueno","@id":"https:\/\/schoenstatt.com\/es\/#\/schema\/person\/5158877ad4acae98b34daaeef2a1ce6e"},"headline":"Solemnidad de Cristo Rey: El valor de la palabra \u201creinar\u201d","datePublished":"2023-11-26T05:34:22+00:00","dateModified":"2025-05-14T23:36:22+00:00","mainEntityOfPage":{"@id":"https:\/\/schoenstatt.com\/es\/solemnidad-de-cristo-rey-el-valor-de-la-palabra-reinar\/"},"wordCount":1009,"publisher":{"@id":"https:\/\/schoenstatt.com\/es\/#organization"},"image":{"@id":"https:\/\/schoenstatt.com\/es\/solemnidad-de-cristo-rey-el-valor-de-la-palabra-reinar\/#primaryimage"},"thumbnailUrl":"https:\/\/schoenstatt.com\/wp-content\/uploads\/2023\/11\/jesus-eucaristia-1.jpg","articleSection":["Espiritualidad"],"inLanguage":"es"},{"@type":"WebPage","@id":"https:\/\/schoenstatt.com\/es\/solemnidad-de-cristo-rey-el-valor-de-la-palabra-reinar\/","url":"https:\/\/schoenstatt.com\/es\/solemnidad-de-cristo-rey-el-valor-de-la-palabra-reinar\/","name":"Solemnidad de Cristo Rey: El valor de la palabra \u201creinar\u201d","isPartOf":{"@id":"https:\/\/schoenstatt.com\/es\/#website"},"primaryImageOfPage":{"@id":"https:\/\/schoenstatt.com\/es\/solemnidad-de-cristo-rey-el-valor-de-la-palabra-reinar\/#primaryimage"},"image":{"@id":"https:\/\/schoenstatt.com\/es\/solemnidad-de-cristo-rey-el-valor-de-la-palabra-reinar\/#primaryimage"},"thumbnailUrl":"https:\/\/schoenstatt.com\/wp-content\/uploads\/2023\/11\/jesus-eucaristia-1.jpg","datePublished":"2023-11-26T05:34:22+00:00","dateModified":"2025-05-14T23:36:22+00:00","description":"Jes\u00fas tiene un estilo diferente de liderazgo y de reinado. \u00c9l nos ense\u00f1a c\u00f3mo ser un verdadero l\u00edder, actuando con amor.","breadcrumb":{"@id":"https:\/\/schoenstatt.com\/es\/solemnidad-de-cristo-rey-el-valor-de-la-palabra-reinar\/#breadcrumb"},"inLanguage":"es","potentialAction":[{"@type":"ReadAction","target":["https:\/\/schoenstatt.com\/es\/solemnidad-de-cristo-rey-el-valor-de-la-palabra-reinar\/"]}]},{"@type":"ImageObject","inLanguage":"es","@id":"https:\/\/schoenstatt.com\/es\/solemnidad-de-cristo-rey-el-valor-de-la-palabra-reinar\/#primaryimage","url":"https:\/\/schoenstatt.com\/wp-content\/uploads\/2023\/11\/jesus-eucaristia-1.jpg","contentUrl":"https:\/\/schoenstatt.com\/wp-content\/uploads\/2023\/11\/jesus-eucaristia-1.jpg","width":2048,"height":1365},{"@type":"BreadcrumbList","@id":"https:\/\/schoenstatt.com\/es\/solemnidad-de-cristo-rey-el-valor-de-la-palabra-reinar\/#breadcrumb","itemListElement":[{"@type":"ListItem","position":1,"name":"Portada","item":"https:\/\/schoenstatt.com\/es\/home\/"},{"@type":"ListItem","position":2,"name":"Solemnidad de Cristo Rey: El valor de la palabra \u201creinar\u201d"}]},{"@type":"WebSite","@id":"https:\/\/schoenstatt.com\/es\/#website","url":"https:\/\/schoenstatt.com\/es\/","name":"Schoenstatt","description":"Apostolic Movement","publisher":{"@id":"https:\/\/schoenstatt.com\/es\/#organization"},"potentialAction":[{"@type":"SearchAction","target":{"@type":"EntryPoint","urlTemplate":"https:\/\/schoenstatt.com\/es\/?s={search_term_string}"},"query-input":{"@type":"PropertyValueSpecification","valueRequired":true,"valueName":"search_term_string"}}],"inLanguage":"es"},{"@type":"Organization","@id":"https:\/\/schoenstatt.com\/es\/#organization","name":"Schoenstatt","url":"https:\/\/schoenstatt.com\/es\/","logo":{"@type":"ImageObject","inLanguage":"es","@id":"https:\/\/schoenstatt.com\/es\/#\/schema\/logo\/image\/","url":"https:\/\/schoenstatt.com\/wp-content\/uploads\/2025\/04\/logo-schoenstatt-white-696x696-1.png","contentUrl":"https:\/\/schoenstatt.com\/wp-content\/uploads\/2025\/04\/logo-schoenstatt-white-696x696-1.png","width":696,"height":694,"caption":"Schoenstatt"},"image":{"@id":"https:\/\/schoenstatt.com\/es\/#\/schema\/logo\/image\/"}},{"@type":"Person","@id":"https:\/\/schoenstatt.com\/es\/#\/schema\/person\/5158877ad4acae98b34daaeef2a1ce6e","name":"Karen Bueno","image":{"@type":"ImageObject","inLanguage":"es","@id":"https:\/\/secure.gravatar.com\/avatar\/f9f4b823873154269d2b2130f195f6d41037dd0d7fc5f3cacb5c846bae70d66b?s=96&d=mm&r=g","url":"https:\/\/secure.gravatar.com\/avatar\/f9f4b823873154269d2b2130f195f6d41037dd0d7fc5f3cacb5c846bae70d66b?s=96&d=mm&r=g","contentUrl":"https:\/\/secure.gravatar.com\/avatar\/f9f4b823873154269d2b2130f195f6d41037dd0d7fc5f3cacb5c846bae70d66b?s=96&d=mm&r=g","caption":"Karen Bueno"},"url":"https:\/\/schoenstatt.com\/es\/author\/karen-bueno\/"}]}},"_links":{"self":[{"href":"https:\/\/schoenstatt.com\/es\/wp-json\/wp\/v2\/posts\/33728","targetHints":{"allow":["GET"]}}],"collection":[{"href":"https:\/\/schoenstatt.com\/es\/wp-json\/wp\/v2\/posts"}],"about":[{"href":"https:\/\/schoenstatt.com\/es\/wp-json\/wp\/v2\/types\/post"}],"author":[{"embeddable":true,"href":"https:\/\/schoenstatt.com\/es\/wp-json\/wp\/v2\/users\/3"}],"replies":[{"embeddable":true,"href":"https:\/\/schoenstatt.com\/es\/wp-json\/wp\/v2\/comments?post=33728"}],"version-history":[{"count":1,"href":"https:\/\/schoenstatt.com\/es\/wp-json\/wp\/v2\/posts\/33728\/revisions"}],"predecessor-version":[{"id":46490,"href":"https:\/\/schoenstatt.com\/es\/wp-json\/wp\/v2\/posts\/33728\/revisions\/46490"}],"wp:featuredmedia":[{"embeddable":true,"href":"https:\/\/schoenstatt.com\/es\/wp-json\/wp\/v2\/media\/33720"}],"wp:attachment":[{"href":"https:\/\/schoenstatt.com\/es\/wp-json\/wp\/v2\/media?parent=33728"}],"wp:term":[{"taxonomy":"category","embeddable":true,"href":"https:\/\/schoenstatt.com\/es\/wp-json\/wp\/v2\/categories?post=33728"},{"taxonomy":"post_tag","embeddable":true,"href":"https:\/\/schoenstatt.com\/es\/wp-json\/wp\/v2\/tags?post=33728"}],"curies":[{"name":"wp","href":"https:\/\/api.w.org\/{rel}","templated":true}]}}