{"id":33689,"date":"2023-11-20T15:07:06","date_gmt":"2023-11-20T14:07:06","guid":{"rendered":"https:\/\/schoenstatt.com\/?p=33689"},"modified":"2025-05-15T18:44:45","modified_gmt":"2025-05-15T16:44:45","slug":"congreso-ciees-culmina-con-compromiso-de-ser-gestores-de-esperanza","status":"publish","type":"post","link":"https:\/\/schoenstatt.com\/es\/congreso-ciees-culmina-con-compromiso-de-ser-gestores-de-esperanza\/","title":{"rendered":"Congreso CIEES culmina con compromiso de ser gestores de esperanza"},"content":{"rendered":"<p>La Comunidad Internacional de Empresarios y Ejecutivos Schoenstattianos (CIEES) realiz\u00f3 su VII Congreso Internacional, en Samborond\u00f3n, Ecuador. Bajo el lema \u00abGestores de Esperanza\u00bb, el evento tuvo lugar en el Centro de Convenciones de la Universidad Esp\u00edritu Santo (UEES), contando con la participaci\u00f3n de destacados conferencistas nacionales e internacionales.<\/p>\n<p>Llevar a Dios en lo concreto al mundo del trabajo y la empresa, a trav\u00e9s de las herramientas que entrega la pedagog\u00eda de Schoenstatt, es la misi\u00f3n que une a esta numerosa comunidad internacional, provenientes de 13 pa\u00edses.<\/p>\n<p>Los abrazos, la alegr\u00eda, y numerosos testimonios con casos concretos de empresas y organizaciones donde ya se aplican herramientas como el ideal personal y el cultivo de los v\u00ednculos; fueron la t\u00f3nica de este congreso despu\u00e9s de a\u00f1os de reunirse virtualmente debido a la pandemia.<\/p>\n<h3>Temas candentes: para la vida pr\u00e1ctica de las empresas<\/h3>\n<p>Entre los temas, Eduardo Jurado comparti\u00f3 su visi\u00f3n sobre c\u00f3mo impulsar el emprendimiento y la innovaci\u00f3n en el mundo empresarial. Andr\u00e9s Ruzo abord\u00f3 el concepto de \u00abiOS Humano\u00bb y c\u00f3mo puede aplicarse en el liderazgo y la toma de decisiones empresariales. Richard Peet trat\u00f3 la importancia de un mercado libre con valores s\u00f3lidos.<\/p>\n<p>Tambi\u00e9n Mar\u00eda Alejandra Mu\u00f1oz llev\u00f3 perspectivas sobre la integridad en el \u00e1mbito empresarial. Alberto Dahik comparti\u00f3 su conocimiento sobre c\u00f3mo crear un impacto positivo en la sociedad. Y Carlos Abogabir abord\u00f3 c\u00f3mo las empresas pueden ser motores de desarrollo social y sostenibilidad. In\u00e9s Manzano present\u00f3 estrategias para promover la sostenibilidad en las organizaciones.<\/p>\n<p><img fetchpriority=\"high\" decoding=\"async\" class=\"aligncenter wp-image-33694 \" src=\"https:\/\/schoenstatt.com\/wp-content\/uploads\/2023\/11\/CIEES-Ecuador-2023-b-1.jpeg\" alt=\"\" width=\"1005\" height=\"534\" \/><\/p>\n<p>Francisco Contardo, quien sirvi\u00f3 en la presidencia de CIEES Internacional los \u00faltimos dos a\u00f1os, junto con agradecer, hizo entrega de dicha responsabilidad para los pr\u00f3ximos dos a\u00f1os a Bernardo Borja, quien realiz\u00f3 un balance de las iniciativas concretadas en el periodo, que incluyeron jornadas semestrales online, la consolidaci\u00f3n de material para trabajar en comunicades empresariales y en empresas, as\u00ed como una serie de testimonios en audio podcast.<\/p>\n<p><em>\u201cLo que me gust\u00f3 del congreso m\u00e1s all\u00e1 de las herramientas que se entregaron y que no son solamente v\u00e1lidos para schoentattianos y cat\u00f3licos, sino para aplicar por todos en todo tipo de empresas, fue el ambiente que hubo, volver a abrazarme y re\u00edr con tantos amigos de distintos pa\u00edses, que estamos unidos por esta misi\u00f3n. Ahora regresar\u00e9 con renovadas energ\u00edas a trabajar\u00bb<\/em>, opin\u00f3 Ernesto Amador, quien particip\u00f3 con entusiasmo los tres d\u00edas del congreso.<\/p>\n<p>El encuentro concluy\u00f3 con la aprobaci\u00f3n y lectura de un manifiesto de compromisos concretos que compartimos integro en schoenstatt.com:<\/p>\n<blockquote>\n<h2>MANIFIESTO FINAL DEL VII CONGRESO INTERNACIONAL CIEES<\/h2>\n<p>Gestores de Esperanza sostenible, la que se consigue desde la fe y la confianza en Dios<\/p>\n<p>En el VII Congreso Internacional CIEES, empresarios y ejecutivos Schoenstattianos de todo el mundo hemos convergido para explorar el v\u00ednculo profundo entre la espiritualidad y el mundo empresarial. Durante tres d\u00edas intensos, hemos compartido experiencias, conocimientos y reflexiones que han fortalecido nuestra misi\u00f3n como Gestores de Esperanza.<\/p>\n<p>Hemos aprendido que llevar la esencia de Schoenstatt al trabajo no solo es posible, sino esencial. El mensaje del Padre Jos\u00e9 Kentenich nos ha inspirado a transformar nuestras empresas en agentes de cambio positivo, donde la \u00e9tica, la solidaridad y la Fe gu\u00eden nuestras decisiones y acciones.<\/p>\n<p>Este manifiesto refleja nuestro compromiso de:<\/p>\n<p><strong>1. Promover la \u00e9tica en los negocios:<\/strong> Reconocemos que la integridad y la honestidad son fundamentales para el \u00e9xito sostenible de nuestras empresas. Nos comprometemos a fomentar una cultura empresarial basada en valores y principios \u00e9ticos.<\/p>\n<p><strong>2. Inspirar liderazgo consciente:<\/strong> Abrazamos el liderazgo que sirve y empodera a los dem\u00e1s. Nos esforzamos por liderar con compasi\u00f3n, empat\u00eda y responsabilidad, creando entornos donde todos puedan alcanzar su m\u00e1ximo potencial desde su ideal personal o prop\u00f3sito.<\/p>\n<p><strong>3. Fomentar la sostenibilidad:<\/strong> Entendemos que nuestras acciones tienen un impacto en nuestra \u201ccasa com\u00fan\u201d. Buscamos pr\u00e1cticas comerciales y productivas responsables que cuiden el medio ambiente y mejoren la calidad de vida de las regiones y comunidades en las que operamos.<\/p>\n<p><strong>4. Construir puentes y colaborar:<\/strong> Reconocemos que juntos somos m\u00e1s fuertes. Nos comprometemos a colaborar activamente entre nosotros y con otros sectores de la sociedad para abordar los desaf\u00edos actuales.<\/p>\n<p><strong>5. Tomar decisiones inspiradas por la Divina Providencia:<\/strong> Entendemos que no siempre es necesario cambiar leyes o normas, tambi\u00e9n podemos adaptarnos a las situaciones que vivimos. Queremos respetar la inspiraci\u00f3n Divina, y nuestra responsabilidad es aceptar, entender y confiar en la Divina Providencia para guiar nuestros caminos.<\/p>\n<p><strong>6. Ser Gestores de Esperanza:<\/strong> Asumimos la responsabilidad de ser portadores de esperanza en nuestros lugares de trabajo, en nuestras empresas, inspirando a otros a unirse a esta causa y demostrando que es posible unir con \u00e9xito la espiritualidad y el mundo empresarial. Nos reconocemos como agentes de cambio con \u00e9nfasis en lo positivo, y en lo que nos une.<\/p>\n<p><strong>7. Continuar el viaje:<\/strong> Este Congreso marca el comienzo de un nuevo cap\u00edtulo en nuestra misi\u00f3n. Nos comprometemos a seguir aprendiendo, creciendo y compartiendo nuestra experiencia para fortalecer la comunidad CIEES y llevar la luz de Dios, a trav\u00e9s de la pedagog\u00eda de Schoenstatt, a m\u00e1s rincones del mundo empresarial.<\/p>\n<p>El legado del Padre Kentenich nos llama a convertirnos en agentes de cambio, en Gestores de Esperanza, y a seguir construyendo un mundo empresarial m\u00e1s \u00e9tico, sostenible, cercano y centrado en las personas.<\/p>\n<p><strong>\u00a1Estamos juntos en esta noble causa y llevemos la llama de la <a href=\"https:\/\/schoenstatt.com\/es\/acerca-de\/espiritualidad\/alianza-de-amor\/\">Alianza<\/a> a nuestras empresas y a todo el mundo!<\/strong><\/p>\n<p>\u00a1Gestores de Esperanza, con confianza en el futuro que Dios nos tiene preparado y de la mano de Mar\u00eda, sigamos avanzando en la construcci\u00f3n del Reino Mariano en nuestros pa\u00edses!<\/p>\n<p>VII Congreso Internacional CIEES<br \/>\nNoviembre 18, 2023<br \/>\nSamborondon, Ecuador<\/p><\/blockquote>\n<p>Para m\u00e1s informaci\u00f3n sobre CIEES y visita <a href=\"https:\/\/cieesinternacional.org\/\" target=\"_blank\" rel=\"noopener\">cieesinternacional.org<\/a><\/p>\n","protected":false},"excerpt":{"rendered":"<p>Empresarios y ejecutivos schoenstattianos: El encuentro internacional, que se realiza cada dos a\u00f1os, se llev\u00f3 a cabo en Samborond\u00f3n, Ecuador, desde el 16 al 18 de noviembre, con el fin de renovar la misi\u00f3n de llevar y aplicar la pedagog\u00eda kentenichiana en el mundo del trabajo y la empresa.<\/p>\n","protected":false},"author":3,"featured_media":33690,"comment_status":"closed","ping_status":"closed","sticky":false,"template":"","format":"standard","meta":{"footnotes":""},"categories":[630,790,913],"tags":[],"class_list":["post-33689","post","type-post","status-publish","format-standard","has-post-thumbnail","hentry","category-eventos-es","category-paises-es","category-sociedad-es"],"yoast_head":"<!-- This site is optimized with the Yoast SEO Premium plugin v27.4 (Yoast SEO v27.4) - https:\/\/yoast.com\/product\/yoast-seo-premium-wordpress\/ -->\n<title>Congreso CIEES culmina con compromiso de ser gestores de esperanza<\/title>\n<meta name=\"description\" content=\"Empresarios y ejecutivos schoenstattianos: El encuentro internacional 2023 se llev\u00f3 a cabo en Samborond\u00f3n, Ecuador.\" \/>\n<meta name=\"robots\" content=\"index, follow, max-snippet:-1, max-image-preview:large, max-video-preview:-1\" \/>\n<link rel=\"canonical\" href=\"https:\/\/schoenstatt.com\/es\/congreso-ciees-culmina-con-compromiso-de-ser-gestores-de-esperanza\/\" \/>\n<meta property=\"og:locale\" content=\"es_ES\" \/>\n<meta property=\"og:type\" content=\"article\" \/>\n<meta property=\"og:title\" content=\"Congreso CIEES culmina con compromiso de ser gestores de esperanza\" \/>\n<meta property=\"og:description\" content=\"Empresarios y ejecutivos schoenstattianos: El encuentro internacional 2023 se llev\u00f3 a cabo en Samborond\u00f3n, Ecuador.\" \/>\n<meta property=\"og:url\" content=\"https:\/\/schoenstatt.com\/es\/congreso-ciees-culmina-con-compromiso-de-ser-gestores-de-esperanza\/\" \/>\n<meta property=\"og:site_name\" content=\"Schoenstatt\" \/>\n<meta property=\"article:published_time\" content=\"2023-11-20T14:07:06+00:00\" \/>\n<meta property=\"article:modified_time\" content=\"2025-05-15T16:44:45+00:00\" \/>\n<meta property=\"og:image\" content=\"https:\/\/schoenstatt.com\/wp-content\/uploads\/2023\/11\/CIEES-Ecuador-2023-1.jpg\" \/>\n\t<meta property=\"og:image:width\" content=\"1574\" \/>\n\t<meta property=\"og:image:height\" content=\"1157\" \/>\n\t<meta property=\"og:image:type\" content=\"image\/jpeg\" \/>\n<meta name=\"author\" content=\"Karen Bueno\" \/>\n<meta name=\"twitter:card\" content=\"summary_large_image\" \/>\n<meta name=\"twitter:label1\" content=\"Escrito por\" \/>\n\t<meta name=\"twitter:data1\" content=\"Karen Bueno\" \/>\n\t<meta name=\"twitter:label2\" content=\"Tiempo de lectura\" \/>\n\t<meta name=\"twitter:data2\" content=\"5 minutos\" \/>\n<script type=\"application\/ld+json\" class=\"yoast-schema-graph\">{\"@context\":\"https:\\\/\\\/schema.org\",\"@graph\":[{\"@type\":\"Article\",\"@id\":\"https:\\\/\\\/schoenstatt.com\\\/es\\\/congreso-ciees-culmina-con-compromiso-de-ser-gestores-de-esperanza\\\/#article\",\"isPartOf\":{\"@id\":\"https:\\\/\\\/schoenstatt.com\\\/es\\\/congreso-ciees-culmina-con-compromiso-de-ser-gestores-de-esperanza\\\/\"},\"author\":{\"name\":\"Karen Bueno\",\"@id\":\"https:\\\/\\\/schoenstatt.com\\\/es\\\/#\\\/schema\\\/person\\\/5158877ad4acae98b34daaeef2a1ce6e\"},\"headline\":\"Congreso CIEES culmina con compromiso de ser gestores de esperanza\",\"datePublished\":\"2023-11-20T14:07:06+00:00\",\"dateModified\":\"2025-05-15T16:44:45+00:00\",\"mainEntityOfPage\":{\"@id\":\"https:\\\/\\\/schoenstatt.com\\\/es\\\/congreso-ciees-culmina-con-compromiso-de-ser-gestores-de-esperanza\\\/\"},\"wordCount\":999,\"publisher\":{\"@id\":\"https:\\\/\\\/schoenstatt.com\\\/es\\\/#organization\"},\"image\":{\"@id\":\"https:\\\/\\\/schoenstatt.com\\\/es\\\/congreso-ciees-culmina-con-compromiso-de-ser-gestores-de-esperanza\\\/#primaryimage\"},\"thumbnailUrl\":\"https:\\\/\\\/schoenstatt.com\\\/wp-content\\\/uploads\\\/2023\\\/11\\\/CIEES-Ecuador-2023-1.jpg\",\"articleSection\":[\"Eventos\",\"Pa\u00edses\",\"Sociedad\"],\"inLanguage\":\"es\"},{\"@type\":\"WebPage\",\"@id\":\"https:\\\/\\\/schoenstatt.com\\\/es\\\/congreso-ciees-culmina-con-compromiso-de-ser-gestores-de-esperanza\\\/\",\"url\":\"https:\\\/\\\/schoenstatt.com\\\/es\\\/congreso-ciees-culmina-con-compromiso-de-ser-gestores-de-esperanza\\\/\",\"name\":\"Congreso CIEES culmina con compromiso de ser gestores de esperanza\",\"isPartOf\":{\"@id\":\"https:\\\/\\\/schoenstatt.com\\\/es\\\/#website\"},\"primaryImageOfPage\":{\"@id\":\"https:\\\/\\\/schoenstatt.com\\\/es\\\/congreso-ciees-culmina-con-compromiso-de-ser-gestores-de-esperanza\\\/#primaryimage\"},\"image\":{\"@id\":\"https:\\\/\\\/schoenstatt.com\\\/es\\\/congreso-ciees-culmina-con-compromiso-de-ser-gestores-de-esperanza\\\/#primaryimage\"},\"thumbnailUrl\":\"https:\\\/\\\/schoenstatt.com\\\/wp-content\\\/uploads\\\/2023\\\/11\\\/CIEES-Ecuador-2023-1.jpg\",\"datePublished\":\"2023-11-20T14:07:06+00:00\",\"dateModified\":\"2025-05-15T16:44:45+00:00\",\"description\":\"Empresarios y ejecutivos schoenstattianos: El encuentro internacional 2023 se llev\u00f3 a cabo en Samborond\u00f3n, Ecuador.\",\"breadcrumb\":{\"@id\":\"https:\\\/\\\/schoenstatt.com\\\/es\\\/congreso-ciees-culmina-con-compromiso-de-ser-gestores-de-esperanza\\\/#breadcrumb\"},\"inLanguage\":\"es\",\"potentialAction\":[{\"@type\":\"ReadAction\",\"target\":[\"https:\\\/\\\/schoenstatt.com\\\/es\\\/congreso-ciees-culmina-con-compromiso-de-ser-gestores-de-esperanza\\\/\"]}]},{\"@type\":\"ImageObject\",\"inLanguage\":\"es\",\"@id\":\"https:\\\/\\\/schoenstatt.com\\\/es\\\/congreso-ciees-culmina-con-compromiso-de-ser-gestores-de-esperanza\\\/#primaryimage\",\"url\":\"https:\\\/\\\/schoenstatt.com\\\/wp-content\\\/uploads\\\/2023\\\/11\\\/CIEES-Ecuador-2023-1.jpg\",\"contentUrl\":\"https:\\\/\\\/schoenstatt.com\\\/wp-content\\\/uploads\\\/2023\\\/11\\\/CIEES-Ecuador-2023-1.jpg\",\"width\":1574,\"height\":1157},{\"@type\":\"BreadcrumbList\",\"@id\":\"https:\\\/\\\/schoenstatt.com\\\/es\\\/congreso-ciees-culmina-con-compromiso-de-ser-gestores-de-esperanza\\\/#breadcrumb\",\"itemListElement\":[{\"@type\":\"ListItem\",\"position\":1,\"name\":\"Portada\",\"item\":\"https:\\\/\\\/schoenstatt.com\\\/es\\\/home\\\/\"},{\"@type\":\"ListItem\",\"position\":2,\"name\":\"Congreso CIEES culmina con compromiso de ser gestores de esperanza\"}]},{\"@type\":\"WebSite\",\"@id\":\"https:\\\/\\\/schoenstatt.com\\\/es\\\/#website\",\"url\":\"https:\\\/\\\/schoenstatt.com\\\/es\\\/\",\"name\":\"Schoenstatt\",\"description\":\"Apostolic Movement\",\"publisher\":{\"@id\":\"https:\\\/\\\/schoenstatt.com\\\/es\\\/#organization\"},\"potentialAction\":[{\"@type\":\"SearchAction\",\"target\":{\"@type\":\"EntryPoint\",\"urlTemplate\":\"https:\\\/\\\/schoenstatt.com\\\/es\\\/?s={search_term_string}\"},\"query-input\":{\"@type\":\"PropertyValueSpecification\",\"valueRequired\":true,\"valueName\":\"search_term_string\"}}],\"inLanguage\":\"es\"},{\"@type\":\"Organization\",\"@id\":\"https:\\\/\\\/schoenstatt.com\\\/es\\\/#organization\",\"name\":\"Schoenstatt\",\"url\":\"https:\\\/\\\/schoenstatt.com\\\/es\\\/\",\"logo\":{\"@type\":\"ImageObject\",\"inLanguage\":\"es\",\"@id\":\"https:\\\/\\\/schoenstatt.com\\\/es\\\/#\\\/schema\\\/logo\\\/image\\\/\",\"url\":\"https:\\\/\\\/schoenstatt.com\\\/wp-content\\\/uploads\\\/2025\\\/04\\\/logo-schoenstatt-white-696x696-1.png\",\"contentUrl\":\"https:\\\/\\\/schoenstatt.com\\\/wp-content\\\/uploads\\\/2025\\\/04\\\/logo-schoenstatt-white-696x696-1.png\",\"width\":696,\"height\":694,\"caption\":\"Schoenstatt\"},\"image\":{\"@id\":\"https:\\\/\\\/schoenstatt.com\\\/es\\\/#\\\/schema\\\/logo\\\/image\\\/\"}},{\"@type\":\"Person\",\"@id\":\"https:\\\/\\\/schoenstatt.com\\\/es\\\/#\\\/schema\\\/person\\\/5158877ad4acae98b34daaeef2a1ce6e\",\"name\":\"Karen Bueno\",\"image\":{\"@type\":\"ImageObject\",\"inLanguage\":\"es\",\"@id\":\"https:\\\/\\\/secure.gravatar.com\\\/avatar\\\/f9f4b823873154269d2b2130f195f6d41037dd0d7fc5f3cacb5c846bae70d66b?s=96&d=mm&r=g\",\"url\":\"https:\\\/\\\/secure.gravatar.com\\\/avatar\\\/f9f4b823873154269d2b2130f195f6d41037dd0d7fc5f3cacb5c846bae70d66b?s=96&d=mm&r=g\",\"contentUrl\":\"https:\\\/\\\/secure.gravatar.com\\\/avatar\\\/f9f4b823873154269d2b2130f195f6d41037dd0d7fc5f3cacb5c846bae70d66b?s=96&d=mm&r=g\",\"caption\":\"Karen Bueno\"},\"url\":\"https:\\\/\\\/schoenstatt.com\\\/es\\\/author\\\/karen-bueno\\\/\"}]}<\/script>\n<!-- \/ Yoast SEO Premium plugin. -->","yoast_head_json":{"title":"Congreso CIEES culmina con compromiso de ser gestores de esperanza","description":"Empresarios y ejecutivos schoenstattianos: El encuentro internacional 2023 se llev\u00f3 a cabo en Samborond\u00f3n, Ecuador.","robots":{"index":"index","follow":"follow","max-snippet":"max-snippet:-1","max-image-preview":"max-image-preview:large","max-video-preview":"max-video-preview:-1"},"canonical":"https:\/\/schoenstatt.com\/es\/congreso-ciees-culmina-con-compromiso-de-ser-gestores-de-esperanza\/","og_locale":"es_ES","og_type":"article","og_title":"Congreso CIEES culmina con compromiso de ser gestores de esperanza","og_description":"Empresarios y ejecutivos schoenstattianos: El encuentro internacional 2023 se llev\u00f3 a cabo en Samborond\u00f3n, Ecuador.","og_url":"https:\/\/schoenstatt.com\/es\/congreso-ciees-culmina-con-compromiso-de-ser-gestores-de-esperanza\/","og_site_name":"Schoenstatt","article_published_time":"2023-11-20T14:07:06+00:00","article_modified_time":"2025-05-15T16:44:45+00:00","og_image":[{"width":1574,"height":1157,"url":"https:\/\/schoenstatt.com\/wp-content\/uploads\/2023\/11\/CIEES-Ecuador-2023-1.jpg","type":"image\/jpeg"}],"author":"Karen Bueno","twitter_card":"summary_large_image","twitter_misc":{"Escrito por":"Karen Bueno","Tiempo de lectura":"5 minutos"},"schema":{"@context":"https:\/\/schema.org","@graph":[{"@type":"Article","@id":"https:\/\/schoenstatt.com\/es\/congreso-ciees-culmina-con-compromiso-de-ser-gestores-de-esperanza\/#article","isPartOf":{"@id":"https:\/\/schoenstatt.com\/es\/congreso-ciees-culmina-con-compromiso-de-ser-gestores-de-esperanza\/"},"author":{"name":"Karen Bueno","@id":"https:\/\/schoenstatt.com\/es\/#\/schema\/person\/5158877ad4acae98b34daaeef2a1ce6e"},"headline":"Congreso CIEES culmina con compromiso de ser gestores de esperanza","datePublished":"2023-11-20T14:07:06+00:00","dateModified":"2025-05-15T16:44:45+00:00","mainEntityOfPage":{"@id":"https:\/\/schoenstatt.com\/es\/congreso-ciees-culmina-con-compromiso-de-ser-gestores-de-esperanza\/"},"wordCount":999,"publisher":{"@id":"https:\/\/schoenstatt.com\/es\/#organization"},"image":{"@id":"https:\/\/schoenstatt.com\/es\/congreso-ciees-culmina-con-compromiso-de-ser-gestores-de-esperanza\/#primaryimage"},"thumbnailUrl":"https:\/\/schoenstatt.com\/wp-content\/uploads\/2023\/11\/CIEES-Ecuador-2023-1.jpg","articleSection":["Eventos","Pa\u00edses","Sociedad"],"inLanguage":"es"},{"@type":"WebPage","@id":"https:\/\/schoenstatt.com\/es\/congreso-ciees-culmina-con-compromiso-de-ser-gestores-de-esperanza\/","url":"https:\/\/schoenstatt.com\/es\/congreso-ciees-culmina-con-compromiso-de-ser-gestores-de-esperanza\/","name":"Congreso CIEES culmina con compromiso de ser gestores de esperanza","isPartOf":{"@id":"https:\/\/schoenstatt.com\/es\/#website"},"primaryImageOfPage":{"@id":"https:\/\/schoenstatt.com\/es\/congreso-ciees-culmina-con-compromiso-de-ser-gestores-de-esperanza\/#primaryimage"},"image":{"@id":"https:\/\/schoenstatt.com\/es\/congreso-ciees-culmina-con-compromiso-de-ser-gestores-de-esperanza\/#primaryimage"},"thumbnailUrl":"https:\/\/schoenstatt.com\/wp-content\/uploads\/2023\/11\/CIEES-Ecuador-2023-1.jpg","datePublished":"2023-11-20T14:07:06+00:00","dateModified":"2025-05-15T16:44:45+00:00","description":"Empresarios y ejecutivos schoenstattianos: El encuentro internacional 2023 se llev\u00f3 a cabo en Samborond\u00f3n, Ecuador.","breadcrumb":{"@id":"https:\/\/schoenstatt.com\/es\/congreso-ciees-culmina-con-compromiso-de-ser-gestores-de-esperanza\/#breadcrumb"},"inLanguage":"es","potentialAction":[{"@type":"ReadAction","target":["https:\/\/schoenstatt.com\/es\/congreso-ciees-culmina-con-compromiso-de-ser-gestores-de-esperanza\/"]}]},{"@type":"ImageObject","inLanguage":"es","@id":"https:\/\/schoenstatt.com\/es\/congreso-ciees-culmina-con-compromiso-de-ser-gestores-de-esperanza\/#primaryimage","url":"https:\/\/schoenstatt.com\/wp-content\/uploads\/2023\/11\/CIEES-Ecuador-2023-1.jpg","contentUrl":"https:\/\/schoenstatt.com\/wp-content\/uploads\/2023\/11\/CIEES-Ecuador-2023-1.jpg","width":1574,"height":1157},{"@type":"BreadcrumbList","@id":"https:\/\/schoenstatt.com\/es\/congreso-ciees-culmina-con-compromiso-de-ser-gestores-de-esperanza\/#breadcrumb","itemListElement":[{"@type":"ListItem","position":1,"name":"Portada","item":"https:\/\/schoenstatt.com\/es\/home\/"},{"@type":"ListItem","position":2,"name":"Congreso CIEES culmina con compromiso de ser gestores de esperanza"}]},{"@type":"WebSite","@id":"https:\/\/schoenstatt.com\/es\/#website","url":"https:\/\/schoenstatt.com\/es\/","name":"Schoenstatt","description":"Apostolic Movement","publisher":{"@id":"https:\/\/schoenstatt.com\/es\/#organization"},"potentialAction":[{"@type":"SearchAction","target":{"@type":"EntryPoint","urlTemplate":"https:\/\/schoenstatt.com\/es\/?s={search_term_string}"},"query-input":{"@type":"PropertyValueSpecification","valueRequired":true,"valueName":"search_term_string"}}],"inLanguage":"es"},{"@type":"Organization","@id":"https:\/\/schoenstatt.com\/es\/#organization","name":"Schoenstatt","url":"https:\/\/schoenstatt.com\/es\/","logo":{"@type":"ImageObject","inLanguage":"es","@id":"https:\/\/schoenstatt.com\/es\/#\/schema\/logo\/image\/","url":"https:\/\/schoenstatt.com\/wp-content\/uploads\/2025\/04\/logo-schoenstatt-white-696x696-1.png","contentUrl":"https:\/\/schoenstatt.com\/wp-content\/uploads\/2025\/04\/logo-schoenstatt-white-696x696-1.png","width":696,"height":694,"caption":"Schoenstatt"},"image":{"@id":"https:\/\/schoenstatt.com\/es\/#\/schema\/logo\/image\/"}},{"@type":"Person","@id":"https:\/\/schoenstatt.com\/es\/#\/schema\/person\/5158877ad4acae98b34daaeef2a1ce6e","name":"Karen Bueno","image":{"@type":"ImageObject","inLanguage":"es","@id":"https:\/\/secure.gravatar.com\/avatar\/f9f4b823873154269d2b2130f195f6d41037dd0d7fc5f3cacb5c846bae70d66b?s=96&d=mm&r=g","url":"https:\/\/secure.gravatar.com\/avatar\/f9f4b823873154269d2b2130f195f6d41037dd0d7fc5f3cacb5c846bae70d66b?s=96&d=mm&r=g","contentUrl":"https:\/\/secure.gravatar.com\/avatar\/f9f4b823873154269d2b2130f195f6d41037dd0d7fc5f3cacb5c846bae70d66b?s=96&d=mm&r=g","caption":"Karen Bueno"},"url":"https:\/\/schoenstatt.com\/es\/author\/karen-bueno\/"}]}},"_links":{"self":[{"href":"https:\/\/schoenstatt.com\/es\/wp-json\/wp\/v2\/posts\/33689","targetHints":{"allow":["GET"]}}],"collection":[{"href":"https:\/\/schoenstatt.com\/es\/wp-json\/wp\/v2\/posts"}],"about":[{"href":"https:\/\/schoenstatt.com\/es\/wp-json\/wp\/v2\/types\/post"}],"author":[{"embeddable":true,"href":"https:\/\/schoenstatt.com\/es\/wp-json\/wp\/v2\/users\/3"}],"replies":[{"embeddable":true,"href":"https:\/\/schoenstatt.com\/es\/wp-json\/wp\/v2\/comments?post=33689"}],"version-history":[{"count":1,"href":"https:\/\/schoenstatt.com\/es\/wp-json\/wp\/v2\/posts\/33689\/revisions"}],"predecessor-version":[{"id":46483,"href":"https:\/\/schoenstatt.com\/es\/wp-json\/wp\/v2\/posts\/33689\/revisions\/46483"}],"wp:featuredmedia":[{"embeddable":true,"href":"https:\/\/schoenstatt.com\/es\/wp-json\/wp\/v2\/media\/33690"}],"wp:attachment":[{"href":"https:\/\/schoenstatt.com\/es\/wp-json\/wp\/v2\/media?parent=33689"}],"wp:term":[{"taxonomy":"category","embeddable":true,"href":"https:\/\/schoenstatt.com\/es\/wp-json\/wp\/v2\/categories?post=33689"},{"taxonomy":"post_tag","embeddable":true,"href":"https:\/\/schoenstatt.com\/es\/wp-json\/wp\/v2\/tags?post=33689"}],"curies":[{"name":"wp","href":"https:\/\/api.w.org\/{rel}","templated":true}]}}