{"id":33687,"date":"2023-11-17T13:01:10","date_gmt":"2023-11-17T12:01:10","guid":{"rendered":"https:\/\/schoenstatt.com\/espiritualidad\/a-very-special-day-for-the-croatian-schoenstatt-family\/"},"modified":"2025-05-15T18:24:56","modified_gmt":"2025-05-15T16:24:56","slug":"croacia-con-dos-santuarios-celebra-y-conquista-el-via-crucis","status":"publish","type":"post","link":"https:\/\/schoenstatt.com\/es\/croacia-con-dos-santuarios-celebra-y-conquista-el-via-crucis\/","title":{"rendered":"Croacia, con dos santuarios, celebra y conquista el V\u00eda Crucis"},"content":{"rendered":"<p>El 16 de septiembre es un d\u00eda especial para Croacia, que se ha preparado durante mucho tiempo, tanto en forma pr\u00e1ctica como espiritual. El arzobispo Monse\u00f1or \u0110uro Hrani\u0107, quien consagr\u00f3 el santuario en Ivanovci hace cinco a\u00f1os, el 15 de septiembre de 2018, presidi\u00f3 la misa festiva de aniversario, con la participaci\u00f3n de 17 sacerdotes concelebrantes y la presencia de m\u00e1s de mil personas. En su homil\u00eda, el obispo se refiri\u00f3 a la fiesta de los \u00abSiete dolores de Mar\u00eda\u00bb y medit\u00f3 sobre c\u00f3mo Mar\u00eda se convirti\u00f3 en nuestra madre bajo la cruz de su Hijo y c\u00f3mo vivimos esta relaci\u00f3n en la alianza de amor.<\/p>\n<p>Antes de la bendici\u00f3n final, el arzobispo bendijo el nuevo V\u00eda Crucis. Los participantes en el servicio, que hab\u00edan contribuido tanto material como espiritualmente, se mostraron muy contentos por el acertado dise\u00f1o art\u00edstico de las estaciones. Aqu\u00ed, como ejemplo, la 4\u00aa estaci\u00f3n, Jes\u00fas se encuentra con su Sant\u00edsima Madre:<\/p>\n<p><img fetchpriority=\"high\" decoding=\"async\" class=\"aligncenter wp-image-33620 size-full\" src=\"https:\/\/schoenstatt.com\/wp-content\/uploads\/2023\/11\/Kreuzweg-Via-Crucis-Schoenstatt-Kroatien-Croacia-2.jpg\" alt=\"\" width=\"404\" height=\"607\" \/><\/p>\n<p>La devoci\u00f3n vespertina del V\u00eda Crucis, en la que muchas personas recorrieron las estaciones junto a Jes\u00fas en oraci\u00f3n y contemplaci\u00f3n, fue una de las experiencias m\u00e1s profundas del d\u00eda. Las tinajas vac\u00edas que se encontraban frente al santuario se fueron llenando con aportaciones espirituales a lo largo del d\u00eda con obras de amor, como las de Sim\u00f3n de Cirene o Ver\u00f3nica, por los necesitados, el amor a los enemigos, el sufrimiento personal y la cruz. Todo ello fue ofrecido espiritualmente para el nuevo V\u00eda Crucis. Esto mostr\u00f3 la participaci\u00f3n de muchos en su preparaci\u00f3n espiritual.<\/p>\n<h2>La promesa de Jes\u00fas: \u00abOs amo sin medida\u00bb<\/h2>\n<p>El suizo P. Christoph Horn lleva d\u00e9cadas viajando por Croacia acompa\u00f1ando al Movimiento de Schoenstatt. Ahora hay all\u00ed una familia de Schoenstatt comprometida y dos santuarios.<\/p>\n<p>Durante la adoraci\u00f3n al final del d\u00eda, el P. Christoph prest\u00f3 su voz a Jes\u00fas, que llama a todos en su mensaje desde la cruz: \u00ab\u00a1Os amo m\u00e1s all\u00e1 de toda medida!\u00bb Fue una oraci\u00f3n profundamente contemplativa sobre la pasi\u00f3n, la muerte y la resurrecci\u00f3n de Jes\u00fas.<\/p>\n<p><img decoding=\"async\" class=\"aligncenter wp-image-33624 size-full\" src=\"https:\/\/schoenstatt.com\/wp-content\/uploads\/2023\/11\/Kreuzweg-Via-Crucis-Schoenstatt-Kroatien-Croacia-3.jpg\" alt=\"\" width=\"342\" height=\"607\" \/><\/p>\n<p>Con esto, la construcci\u00f3n y ampliaci\u00f3n del primer y del segundo santuario croata de Schoenstatt est\u00e1 pr\u00e1cticamente terminada. Por ello, el P. Horn dio las gracias a todos los presentes por su fiel colaboraci\u00f3n durante 15 a\u00f1os, material, espiritual y, por \u00faltimo, pero no por ello menos importante, con muchas aportaciones pr\u00e1cticas.<\/p>\n<p>Se elev\u00f3 un agradecimiento especial al Padre celestial, que ha guiado a la Familia de Schoenstatt croata tan maravillosamente a trav\u00e9s de todos estos a\u00f1os y en su amorosa providencia ha asegurado que pr\u00e1cticamente todos los planes pudieran realizarse y se crearan dos santuarios que se complementan maravillosamente: \u00abEn Mala Subotica la Reina de Corazones da su coraz\u00f3n y educa nuestros corazones\u00bb, expres\u00f3 el P. Horn. \u00ab<a href=\"https:\/\/schoenstatt.com\/es\/paises\/croacia-se-conoce-la-mision-del-segundo-santuario-de-schoenstatt\/\">En Ivanovci nos lleva m\u00e1s lejos<\/a>: hacia arriba, hacia Dios Uno y Trino, y hacia afuera, hacia nuestros hermanos y hermanas de la gran Familia de Schoenstatt. Agradecemos de todo coraz\u00f3n a la Virgen, que se ha establecido en estos dos lugares y que desde hace tantos a\u00f1os obra y reparte gracias y dones.\u00bb<\/p>\n<h3>Agradecimiento al arquitecto<\/h3>\n<p>Tambi\u00e9n recibe un agradecimiento especial el arquitecto Ladislav Pa\u0111en, ahora de 90 a\u00f1os, que ha trabajado tan profesional y fielmente a trav\u00e9s de todas las dificultades para el segundo santuario desde que se coloc\u00f3 la primera piedra en 2017, tantas veces de d\u00eda y noche. Dios lo recompensar\u00e1. Fue su deseo expreso que no se le diera las gracias delante de todos los peregrinos. Por eso el Padre Horn le visit\u00f3 el domingo despu\u00e9s de la celebraci\u00f3n en Ivanovci, en su casa, donde vive solo, y le dio las gracias personalmente. El encuentro, muy cordial, dur\u00f3 casi tres horas.<\/p>\n<h3>\u00daltima reuni\u00f3n: Visita al alcalde de Valpovo<\/h3>\n<p>Valpovo es la ciudad del distrito al que tambi\u00e9n pertenece Ivanovci. Est\u00e1 ubicada 7 kil\u00f3metros al sur. El terreno en el que se construy\u00f3 el santuario pertenece a esta ciudad. Hace diez a\u00f1os, se adquiri\u00f3 por contrato el derecho a utilizarlo y a construir en \u00e9l.<\/p>\n<p>Ahora el alcalde, Marko \u0160utalo, est\u00e1 dispuesto a que la Familia de Schoenstatt solicite el derecho de propiedad, con la intenci\u00f3n de convertirse finalmente en propietaria del terreno.<\/p>\n<p>Al final de la agradable conversaci\u00f3n, el P. Horn desenvolvi\u00f3 algunos regalos. El tercero y \u00faltimo fue una cruz. El alcalde hab\u00eda estado presente en la bendici\u00f3n del V\u00eda Crucis, pero \u00bfsignificaba algo para \u00e9l en privado el s\u00edmbolo de la cruz? Las dudas del padre Horn se disiparon r\u00e1pidamente porque el funcionario comenz\u00f3 a sonre\u00edr y dijo: \u00abSabe, mi mujer y yo estamos construyendo una casa de fin de semana y justo ayer dijimos que a\u00fan faltaba una cruz&#8230;\u00bb. \u00a1C\u00f3mo act\u00faa la providencia de Dios!<\/p>\n<p>&nbsp;<\/p>\n<p>Traducci\u00f3n: Enrique Soros<\/p>\n","protected":false},"excerpt":{"rendered":"<p>Un d\u00eda de alegr\u00eda para Croacia: La Familia de Schoenstatt conquist\u00f3 el V\u00eda Crucis para el Santuario de Ivanovci. Las estaciones forman la imagen de un c\u00e1liz con la Eucarist\u00eda, que es un s\u00edmbolo importante para este santuario.<\/p>\n","protected":false},"author":3,"featured_media":33616,"comment_status":"closed","ping_status":"closed","sticky":false,"template":"","format":"standard","meta":{"footnotes":""},"categories":[790],"tags":[],"class_list":["post-33687","post","type-post","status-publish","format-standard","has-post-thumbnail","hentry","category-paises-es"],"yoast_head":"<!-- This site is optimized with the Yoast SEO Premium plugin v27.4 (Yoast SEO v27.5) - https:\/\/yoast.com\/product\/yoast-seo-premium-wordpress\/ -->\n<title>Croacia, con dos santuarios, celebra y conquista el V\u00eda Crucis<\/title>\n<meta name=\"description\" content=\"Un d\u00eda de alegr\u00eda para Croacia: El Santuario de Ivanovci ha conquistado el V\u00eda Crucis, que forma un c\u00e1liz con la Eucarist\u00eda.\" \/>\n<meta name=\"robots\" content=\"index, follow, max-snippet:-1, max-image-preview:large, max-video-preview:-1\" \/>\n<link rel=\"canonical\" href=\"https:\/\/schoenstatt.com\/es\/croacia-con-dos-santuarios-celebra-y-conquista-el-via-crucis\/\" \/>\n<meta property=\"og:locale\" content=\"es_ES\" \/>\n<meta property=\"og:type\" content=\"article\" \/>\n<meta property=\"og:title\" content=\"Croacia, con dos santuarios, celebra y conquista el V\u00eda Crucis\" \/>\n<meta property=\"og:description\" content=\"Un d\u00eda de alegr\u00eda para Croacia: El Santuario de Ivanovci ha conquistado el V\u00eda Crucis, que forma un c\u00e1liz con la Eucarist\u00eda.\" \/>\n<meta property=\"og:url\" content=\"https:\/\/schoenstatt.com\/es\/croacia-con-dos-santuarios-celebra-y-conquista-el-via-crucis\/\" \/>\n<meta property=\"og:site_name\" content=\"Schoenstatt\" \/>\n<meta property=\"article:published_time\" content=\"2023-11-17T12:01:10+00:00\" \/>\n<meta property=\"article:modified_time\" content=\"2025-05-15T16:24:56+00:00\" \/>\n<meta property=\"og:image\" content=\"https:\/\/schoenstatt.com\/wp-content\/uploads\/2023\/11\/Kreuzweg-Via-Crucis-Schoenstatt-Kroatien-Croacia-1-1.jpg\" \/>\n\t<meta property=\"og:image:width\" content=\"1079\" \/>\n\t<meta property=\"og:image:height\" content=\"607\" \/>\n\t<meta property=\"og:image:type\" content=\"image\/jpeg\" \/>\n<meta name=\"author\" content=\"Karen Bueno\" \/>\n<meta name=\"twitter:card\" content=\"summary_large_image\" \/>\n<meta name=\"twitter:label1\" content=\"Escrito por\" \/>\n\t<meta name=\"twitter:data1\" content=\"Karen Bueno\" \/>\n\t<meta name=\"twitter:label2\" content=\"Tiempo de lectura\" \/>\n\t<meta name=\"twitter:data2\" content=\"4 minutos\" \/>\n<script type=\"application\/ld+json\" class=\"yoast-schema-graph\">{\"@context\":\"https:\\\/\\\/schema.org\",\"@graph\":[{\"@type\":\"Article\",\"@id\":\"https:\\\/\\\/schoenstatt.com\\\/es\\\/croacia-con-dos-santuarios-celebra-y-conquista-el-via-crucis\\\/#article\",\"isPartOf\":{\"@id\":\"https:\\\/\\\/schoenstatt.com\\\/es\\\/croacia-con-dos-santuarios-celebra-y-conquista-el-via-crucis\\\/\"},\"author\":{\"name\":\"Karen Bueno\",\"@id\":\"https:\\\/\\\/schoenstatt.com\\\/es\\\/#\\\/schema\\\/person\\\/5158877ad4acae98b34daaeef2a1ce6e\"},\"headline\":\"Croacia, con dos santuarios, celebra y conquista el V\u00eda Crucis\",\"datePublished\":\"2023-11-17T12:01:10+00:00\",\"dateModified\":\"2025-05-15T16:24:56+00:00\",\"mainEntityOfPage\":{\"@id\":\"https:\\\/\\\/schoenstatt.com\\\/es\\\/croacia-con-dos-santuarios-celebra-y-conquista-el-via-crucis\\\/\"},\"wordCount\":860,\"publisher\":{\"@id\":\"https:\\\/\\\/schoenstatt.com\\\/es\\\/#organization\"},\"image\":{\"@id\":\"https:\\\/\\\/schoenstatt.com\\\/es\\\/croacia-con-dos-santuarios-celebra-y-conquista-el-via-crucis\\\/#primaryimage\"},\"thumbnailUrl\":\"https:\\\/\\\/schoenstatt.com\\\/wp-content\\\/uploads\\\/2023\\\/11\\\/Kreuzweg-Via-Crucis-Schoenstatt-Kroatien-Croacia-1-1.jpg\",\"articleSection\":[\"Pa\u00edses\"],\"inLanguage\":\"es\"},{\"@type\":\"WebPage\",\"@id\":\"https:\\\/\\\/schoenstatt.com\\\/es\\\/croacia-con-dos-santuarios-celebra-y-conquista-el-via-crucis\\\/\",\"url\":\"https:\\\/\\\/schoenstatt.com\\\/es\\\/croacia-con-dos-santuarios-celebra-y-conquista-el-via-crucis\\\/\",\"name\":\"Croacia, con dos santuarios, celebra y conquista el V\u00eda Crucis\",\"isPartOf\":{\"@id\":\"https:\\\/\\\/schoenstatt.com\\\/es\\\/#website\"},\"primaryImageOfPage\":{\"@id\":\"https:\\\/\\\/schoenstatt.com\\\/es\\\/croacia-con-dos-santuarios-celebra-y-conquista-el-via-crucis\\\/#primaryimage\"},\"image\":{\"@id\":\"https:\\\/\\\/schoenstatt.com\\\/es\\\/croacia-con-dos-santuarios-celebra-y-conquista-el-via-crucis\\\/#primaryimage\"},\"thumbnailUrl\":\"https:\\\/\\\/schoenstatt.com\\\/wp-content\\\/uploads\\\/2023\\\/11\\\/Kreuzweg-Via-Crucis-Schoenstatt-Kroatien-Croacia-1-1.jpg\",\"datePublished\":\"2023-11-17T12:01:10+00:00\",\"dateModified\":\"2025-05-15T16:24:56+00:00\",\"description\":\"Un d\u00eda de alegr\u00eda para Croacia: El Santuario de Ivanovci ha conquistado el V\u00eda Crucis, que forma un c\u00e1liz con la Eucarist\u00eda.\",\"breadcrumb\":{\"@id\":\"https:\\\/\\\/schoenstatt.com\\\/es\\\/croacia-con-dos-santuarios-celebra-y-conquista-el-via-crucis\\\/#breadcrumb\"},\"inLanguage\":\"es\",\"potentialAction\":[{\"@type\":\"ReadAction\",\"target\":[\"https:\\\/\\\/schoenstatt.com\\\/es\\\/croacia-con-dos-santuarios-celebra-y-conquista-el-via-crucis\\\/\"]}]},{\"@type\":\"ImageObject\",\"inLanguage\":\"es\",\"@id\":\"https:\\\/\\\/schoenstatt.com\\\/es\\\/croacia-con-dos-santuarios-celebra-y-conquista-el-via-crucis\\\/#primaryimage\",\"url\":\"https:\\\/\\\/schoenstatt.com\\\/wp-content\\\/uploads\\\/2023\\\/11\\\/Kreuzweg-Via-Crucis-Schoenstatt-Kroatien-Croacia-1-1.jpg\",\"contentUrl\":\"https:\\\/\\\/schoenstatt.com\\\/wp-content\\\/uploads\\\/2023\\\/11\\\/Kreuzweg-Via-Crucis-Schoenstatt-Kroatien-Croacia-1-1.jpg\",\"width\":1079,\"height\":607},{\"@type\":\"BreadcrumbList\",\"@id\":\"https:\\\/\\\/schoenstatt.com\\\/es\\\/croacia-con-dos-santuarios-celebra-y-conquista-el-via-crucis\\\/#breadcrumb\",\"itemListElement\":[{\"@type\":\"ListItem\",\"position\":1,\"name\":\"Portada\",\"item\":\"https:\\\/\\\/schoenstatt.com\\\/es\\\/home\\\/\"},{\"@type\":\"ListItem\",\"position\":2,\"name\":\"Croacia, con dos santuarios, celebra y conquista el V\u00eda Crucis\"}]},{\"@type\":\"WebSite\",\"@id\":\"https:\\\/\\\/schoenstatt.com\\\/es\\\/#website\",\"url\":\"https:\\\/\\\/schoenstatt.com\\\/es\\\/\",\"name\":\"Schoenstatt\",\"description\":\"Apostolic Movement\",\"publisher\":{\"@id\":\"https:\\\/\\\/schoenstatt.com\\\/es\\\/#organization\"},\"potentialAction\":[{\"@type\":\"SearchAction\",\"target\":{\"@type\":\"EntryPoint\",\"urlTemplate\":\"https:\\\/\\\/schoenstatt.com\\\/es\\\/?s={search_term_string}\"},\"query-input\":{\"@type\":\"PropertyValueSpecification\",\"valueRequired\":true,\"valueName\":\"search_term_string\"}}],\"inLanguage\":\"es\"},{\"@type\":\"Organization\",\"@id\":\"https:\\\/\\\/schoenstatt.com\\\/es\\\/#organization\",\"name\":\"Schoenstatt\",\"url\":\"https:\\\/\\\/schoenstatt.com\\\/es\\\/\",\"logo\":{\"@type\":\"ImageObject\",\"inLanguage\":\"es\",\"@id\":\"https:\\\/\\\/schoenstatt.com\\\/es\\\/#\\\/schema\\\/logo\\\/image\\\/\",\"url\":\"https:\\\/\\\/schoenstatt.com\\\/wp-content\\\/uploads\\\/2025\\\/04\\\/logo-schoenstatt-white-696x696-1.png\",\"contentUrl\":\"https:\\\/\\\/schoenstatt.com\\\/wp-content\\\/uploads\\\/2025\\\/04\\\/logo-schoenstatt-white-696x696-1.png\",\"width\":696,\"height\":694,\"caption\":\"Schoenstatt\"},\"image\":{\"@id\":\"https:\\\/\\\/schoenstatt.com\\\/es\\\/#\\\/schema\\\/logo\\\/image\\\/\"}},{\"@type\":\"Person\",\"@id\":\"https:\\\/\\\/schoenstatt.com\\\/es\\\/#\\\/schema\\\/person\\\/5158877ad4acae98b34daaeef2a1ce6e\",\"name\":\"Karen Bueno\",\"image\":{\"@type\":\"ImageObject\",\"inLanguage\":\"es\",\"@id\":\"https:\\\/\\\/secure.gravatar.com\\\/avatar\\\/f9f4b823873154269d2b2130f195f6d41037dd0d7fc5f3cacb5c846bae70d66b?s=96&d=mm&r=g\",\"url\":\"https:\\\/\\\/secure.gravatar.com\\\/avatar\\\/f9f4b823873154269d2b2130f195f6d41037dd0d7fc5f3cacb5c846bae70d66b?s=96&d=mm&r=g\",\"contentUrl\":\"https:\\\/\\\/secure.gravatar.com\\\/avatar\\\/f9f4b823873154269d2b2130f195f6d41037dd0d7fc5f3cacb5c846bae70d66b?s=96&d=mm&r=g\",\"caption\":\"Karen Bueno\"},\"url\":\"https:\\\/\\\/schoenstatt.com\\\/es\\\/author\\\/karen-bueno\\\/\"}]}<\/script>\n<!-- \/ Yoast SEO Premium plugin. -->","yoast_head_json":{"title":"Croacia, con dos santuarios, celebra y conquista el V\u00eda Crucis","description":"Un d\u00eda de alegr\u00eda para Croacia: El Santuario de Ivanovci ha conquistado el V\u00eda Crucis, que forma un c\u00e1liz con la Eucarist\u00eda.","robots":{"index":"index","follow":"follow","max-snippet":"max-snippet:-1","max-image-preview":"max-image-preview:large","max-video-preview":"max-video-preview:-1"},"canonical":"https:\/\/schoenstatt.com\/es\/croacia-con-dos-santuarios-celebra-y-conquista-el-via-crucis\/","og_locale":"es_ES","og_type":"article","og_title":"Croacia, con dos santuarios, celebra y conquista el V\u00eda Crucis","og_description":"Un d\u00eda de alegr\u00eda para Croacia: El Santuario de Ivanovci ha conquistado el V\u00eda Crucis, que forma un c\u00e1liz con la Eucarist\u00eda.","og_url":"https:\/\/schoenstatt.com\/es\/croacia-con-dos-santuarios-celebra-y-conquista-el-via-crucis\/","og_site_name":"Schoenstatt","article_published_time":"2023-11-17T12:01:10+00:00","article_modified_time":"2025-05-15T16:24:56+00:00","og_image":[{"width":1079,"height":607,"url":"https:\/\/schoenstatt.com\/wp-content\/uploads\/2023\/11\/Kreuzweg-Via-Crucis-Schoenstatt-Kroatien-Croacia-1-1.jpg","type":"image\/jpeg"}],"author":"Karen Bueno","twitter_card":"summary_large_image","twitter_misc":{"Escrito por":"Karen Bueno","Tiempo de lectura":"4 minutos"},"schema":{"@context":"https:\/\/schema.org","@graph":[{"@type":"Article","@id":"https:\/\/schoenstatt.com\/es\/croacia-con-dos-santuarios-celebra-y-conquista-el-via-crucis\/#article","isPartOf":{"@id":"https:\/\/schoenstatt.com\/es\/croacia-con-dos-santuarios-celebra-y-conquista-el-via-crucis\/"},"author":{"name":"Karen Bueno","@id":"https:\/\/schoenstatt.com\/es\/#\/schema\/person\/5158877ad4acae98b34daaeef2a1ce6e"},"headline":"Croacia, con dos santuarios, celebra y conquista el V\u00eda Crucis","datePublished":"2023-11-17T12:01:10+00:00","dateModified":"2025-05-15T16:24:56+00:00","mainEntityOfPage":{"@id":"https:\/\/schoenstatt.com\/es\/croacia-con-dos-santuarios-celebra-y-conquista-el-via-crucis\/"},"wordCount":860,"publisher":{"@id":"https:\/\/schoenstatt.com\/es\/#organization"},"image":{"@id":"https:\/\/schoenstatt.com\/es\/croacia-con-dos-santuarios-celebra-y-conquista-el-via-crucis\/#primaryimage"},"thumbnailUrl":"https:\/\/schoenstatt.com\/wp-content\/uploads\/2023\/11\/Kreuzweg-Via-Crucis-Schoenstatt-Kroatien-Croacia-1-1.jpg","articleSection":["Pa\u00edses"],"inLanguage":"es"},{"@type":"WebPage","@id":"https:\/\/schoenstatt.com\/es\/croacia-con-dos-santuarios-celebra-y-conquista-el-via-crucis\/","url":"https:\/\/schoenstatt.com\/es\/croacia-con-dos-santuarios-celebra-y-conquista-el-via-crucis\/","name":"Croacia, con dos santuarios, celebra y conquista el V\u00eda Crucis","isPartOf":{"@id":"https:\/\/schoenstatt.com\/es\/#website"},"primaryImageOfPage":{"@id":"https:\/\/schoenstatt.com\/es\/croacia-con-dos-santuarios-celebra-y-conquista-el-via-crucis\/#primaryimage"},"image":{"@id":"https:\/\/schoenstatt.com\/es\/croacia-con-dos-santuarios-celebra-y-conquista-el-via-crucis\/#primaryimage"},"thumbnailUrl":"https:\/\/schoenstatt.com\/wp-content\/uploads\/2023\/11\/Kreuzweg-Via-Crucis-Schoenstatt-Kroatien-Croacia-1-1.jpg","datePublished":"2023-11-17T12:01:10+00:00","dateModified":"2025-05-15T16:24:56+00:00","description":"Un d\u00eda de alegr\u00eda para Croacia: El Santuario de Ivanovci ha conquistado el V\u00eda Crucis, que forma un c\u00e1liz con la Eucarist\u00eda.","breadcrumb":{"@id":"https:\/\/schoenstatt.com\/es\/croacia-con-dos-santuarios-celebra-y-conquista-el-via-crucis\/#breadcrumb"},"inLanguage":"es","potentialAction":[{"@type":"ReadAction","target":["https:\/\/schoenstatt.com\/es\/croacia-con-dos-santuarios-celebra-y-conquista-el-via-crucis\/"]}]},{"@type":"ImageObject","inLanguage":"es","@id":"https:\/\/schoenstatt.com\/es\/croacia-con-dos-santuarios-celebra-y-conquista-el-via-crucis\/#primaryimage","url":"https:\/\/schoenstatt.com\/wp-content\/uploads\/2023\/11\/Kreuzweg-Via-Crucis-Schoenstatt-Kroatien-Croacia-1-1.jpg","contentUrl":"https:\/\/schoenstatt.com\/wp-content\/uploads\/2023\/11\/Kreuzweg-Via-Crucis-Schoenstatt-Kroatien-Croacia-1-1.jpg","width":1079,"height":607},{"@type":"BreadcrumbList","@id":"https:\/\/schoenstatt.com\/es\/croacia-con-dos-santuarios-celebra-y-conquista-el-via-crucis\/#breadcrumb","itemListElement":[{"@type":"ListItem","position":1,"name":"Portada","item":"https:\/\/schoenstatt.com\/es\/home\/"},{"@type":"ListItem","position":2,"name":"Croacia, con dos santuarios, celebra y conquista el V\u00eda Crucis"}]},{"@type":"WebSite","@id":"https:\/\/schoenstatt.com\/es\/#website","url":"https:\/\/schoenstatt.com\/es\/","name":"Schoenstatt","description":"Apostolic Movement","publisher":{"@id":"https:\/\/schoenstatt.com\/es\/#organization"},"potentialAction":[{"@type":"SearchAction","target":{"@type":"EntryPoint","urlTemplate":"https:\/\/schoenstatt.com\/es\/?s={search_term_string}"},"query-input":{"@type":"PropertyValueSpecification","valueRequired":true,"valueName":"search_term_string"}}],"inLanguage":"es"},{"@type":"Organization","@id":"https:\/\/schoenstatt.com\/es\/#organization","name":"Schoenstatt","url":"https:\/\/schoenstatt.com\/es\/","logo":{"@type":"ImageObject","inLanguage":"es","@id":"https:\/\/schoenstatt.com\/es\/#\/schema\/logo\/image\/","url":"https:\/\/schoenstatt.com\/wp-content\/uploads\/2025\/04\/logo-schoenstatt-white-696x696-1.png","contentUrl":"https:\/\/schoenstatt.com\/wp-content\/uploads\/2025\/04\/logo-schoenstatt-white-696x696-1.png","width":696,"height":694,"caption":"Schoenstatt"},"image":{"@id":"https:\/\/schoenstatt.com\/es\/#\/schema\/logo\/image\/"}},{"@type":"Person","@id":"https:\/\/schoenstatt.com\/es\/#\/schema\/person\/5158877ad4acae98b34daaeef2a1ce6e","name":"Karen Bueno","image":{"@type":"ImageObject","inLanguage":"es","@id":"https:\/\/secure.gravatar.com\/avatar\/f9f4b823873154269d2b2130f195f6d41037dd0d7fc5f3cacb5c846bae70d66b?s=96&d=mm&r=g","url":"https:\/\/secure.gravatar.com\/avatar\/f9f4b823873154269d2b2130f195f6d41037dd0d7fc5f3cacb5c846bae70d66b?s=96&d=mm&r=g","contentUrl":"https:\/\/secure.gravatar.com\/avatar\/f9f4b823873154269d2b2130f195f6d41037dd0d7fc5f3cacb5c846bae70d66b?s=96&d=mm&r=g","caption":"Karen Bueno"},"url":"https:\/\/schoenstatt.com\/es\/author\/karen-bueno\/"}]}},"_links":{"self":[{"href":"https:\/\/schoenstatt.com\/es\/wp-json\/wp\/v2\/posts\/33687","targetHints":{"allow":["GET"]}}],"collection":[{"href":"https:\/\/schoenstatt.com\/es\/wp-json\/wp\/v2\/posts"}],"about":[{"href":"https:\/\/schoenstatt.com\/es\/wp-json\/wp\/v2\/types\/post"}],"author":[{"embeddable":true,"href":"https:\/\/schoenstatt.com\/es\/wp-json\/wp\/v2\/users\/3"}],"replies":[{"embeddable":true,"href":"https:\/\/schoenstatt.com\/es\/wp-json\/wp\/v2\/comments?post=33687"}],"version-history":[{"count":1,"href":"https:\/\/schoenstatt.com\/es\/wp-json\/wp\/v2\/posts\/33687\/revisions"}],"predecessor-version":[{"id":46470,"href":"https:\/\/schoenstatt.com\/es\/wp-json\/wp\/v2\/posts\/33687\/revisions\/46470"}],"wp:featuredmedia":[{"embeddable":true,"href":"https:\/\/schoenstatt.com\/es\/wp-json\/wp\/v2\/media\/33616"}],"wp:attachment":[{"href":"https:\/\/schoenstatt.com\/es\/wp-json\/wp\/v2\/media?parent=33687"}],"wp:term":[{"taxonomy":"category","embeddable":true,"href":"https:\/\/schoenstatt.com\/es\/wp-json\/wp\/v2\/categories?post=33687"},{"taxonomy":"post_tag","embeddable":true,"href":"https:\/\/schoenstatt.com\/es\/wp-json\/wp\/v2\/tags?post=33687"}],"curies":[{"name":"wp","href":"https:\/\/api.w.org\/{rel}","templated":true}]}}