{"id":33403,"date":"2023-11-06T13:25:35","date_gmt":"2023-11-06T12:25:35","guid":{"rendered":"https:\/\/schoenstatt.com\/espiritualidad\/india-first-schoenstatt-priest-ordained-in-the-soil-of-telangana\/"},"modified":"2025-05-15T18:25:00","modified_gmt":"2025-05-15T16:25:00","slug":"india-primer-sacerdote-schoenstattiano-ordenado-en-la-tierra-de-telangana","status":"publish","type":"post","link":"https:\/\/schoenstatt.com\/es\/india-primer-sacerdote-schoenstattiano-ordenado-en-la-tierra-de-telangana\/","title":{"rendered":"India: Primer sacerdote schoenstattiano ordenado en la tierra de Telangana"},"content":{"rendered":"<p>El 23 de octubre 2023 ha sido un d\u00eda muy esperado por los <a href=\"https:\/\/schoenstatt.com\/es\/familia\/comunidades-de-schoenstatt\/priest\/\">Padres de Schoenstatt<\/a> en la India. Es el d\u00eda del primer paso extendiendo la misi\u00f3n de Schoenstatt a Telangana, otro Estado de la India. El P. Sleeva Raj Chinthamalla, la primera vocaci\u00f3n del Estado de Telangana, fue ordenado sacerdote en este d\u00eda.<\/p>\n<p>La India es un subcontinente con diversas culturas, lenguas, grupos \u00e9tnicos y estilos de vida. Cada Estado de la India es como un peque\u00f1o pa\u00eds con su propia naturaleza y cultura. Los Padres de Schoenstatt de la regi\u00f3n de la MTA estuvieron hasta ahora presentes y activos en dos Estados de la India: Tamilnadu y Karnataka. La ordenaci\u00f3n del P. Sleeva nos facilit\u00f3 extendernos a una nueva tierra.<\/p>\n<p>Nos llen\u00f3 de alegr\u00eda escuchar la oraci\u00f3n de alianza cantada en una nueva lengua al final de la ceremonia de ordenaci\u00f3n. Las im\u00e1genes de la Madre Tres Veces Admirable y fotos del Padre Kentenich estaban distribuidas por doquier. Es prometedor experimentar que la Madre Tres Veces Admirable se va instalando gradualmente en esta nueva tierra y estamos seguros de que har\u00e1 crecer a Schoenstatt.<\/p>\n<p><img fetchpriority=\"high\" decoding=\"async\" class=\"aligncenter wp-image-33391 \" src=\"https:\/\/schoenstatt.com\/wp-content\/uploads\/2023\/11\/Ordination-Schoenstatt-Fathers-India-11-2023-b.png\" alt=\"\" width=\"928\" height=\"619\" \/><\/p>\n<h3>Estado de Telangana<\/h3>\n<p>Telangana se form\u00f3 como el 29\u00ba Estado de la India, el 2 de junio de 2014. El Estado tiene una superficie de 112.077 km2 y una poblaci\u00f3n de 35.003.674 (Censo 2011). Est\u00e1 rodeado por Maharashtra y Chhattisgarh en el norte, Karnataka en el oeste y Andhra Pradesh en las direcciones sur y este. Es un nexo de uni\u00f3n entre el sur y el norte de la India.<\/p>\n<h3>Misi\u00f3n en Telangana<\/h3>\n<p>La capital de Telangana es Hyderabad. La sociedad misionera PIME de Mil\u00e1n fue la principal constructora de la misi\u00f3n cat\u00f3lica de Hyderabad. Declarada di\u00f3cesis en 1886, Hyderabad floreci\u00f3 como misi\u00f3n principal a partir de la d\u00e9cada de 1920. Fue elevada a la categor\u00eda de arquidi\u00f3cesis en 1953. La arquidi\u00f3cesis de Hyderabad (1886), gracias a los incansables esfuerzos de los misioneros del PIME, dio origen a las di\u00f3cesis de Vijayawada (1937), Warangal (1952), Nalgonda (1976) y Khammam (1988). Nuestro reci\u00e9n ordenado sacerdote pertenece a la <a href=\"https:\/\/www.apostolicnunciatureindia.com\/DiocesesofIndiaDispFull.aspx?DID=294\" target=\"_blank\" rel=\"noopener\">di\u00f3cesis de Nalgonda<\/a>.<\/p>\n<figure id=\"attachment_33395\" aria-describedby=\"caption-attachment-33395\" style=\"width: 1020px\" class=\"wp-caption aligncenter\"><img decoding=\"async\" class=\"wp-image-33395\" src=\"https:\/\/schoenstatt.com\/wp-content\/uploads\/2023\/11\/Ordination-Schoenstatt-Fathers-India-11-2023-e.jpg\" alt=\"\" width=\"1020\" height=\"680\" \/><figcaption id=\"caption-attachment-33395\" class=\"wp-caption-text\">Los colores y las expresiones culturales forman parte de la ordenaci\u00f3n sacerdotal<\/figcaption><\/figure>\n<h2>Ordenaci\u00f3n sacerdotal<\/h2>\n<p>El di\u00e1cono Sleeva fue ordenado sacerdote por Mons. Maippan Paul, em\u00e9rito de la di\u00f3cesis de Khammam, en la iglesia parroquial de Santa Mar\u00eda de Ponugodu.<\/p>\n<p>Rodeada de verdes arrozales, Ponugodu est\u00e1 caractarizada por una inmensa belleza natural. La presa de irrigaci\u00f3n Nagarjuna-Sagar se alza en las cercan\u00edas, por lo que durante todo el a\u00f1o hay cultivos en esta zona. El 90% de los habitantes son agricultores, buenos trabajadores y muy buena gente. Los cristianos son minor\u00eda en el pueblo, pero existe una unidad comunal entre todas las religiones. Hind\u00faes, musulmanes y cristianos viven all\u00ed pac\u00edficamente. El hermano mayor del P. Sleeva, el padre Bhaskar, es sacerdote salesiano. Trabaja como misionero entre los tribales del estado de Assam. Fueron muchos los que vinieron de Assam y animaron el acto con sus coloridos vestidos tribales, bailes y cantos.<\/p>\n<p>El lema sacerdotal del P. Sleeva es \u00abSer una bendici\u00f3n\u00bb. En su homil\u00eda, el obispo explic\u00f3 la bendici\u00f3n sacerdotal e invit\u00f3 a todos a ser una bendici\u00f3n para los dem\u00e1s. En la ordenaci\u00f3n participaron el P. Pushpa Antonysamy, superior regional de la regi\u00f3n de la MTA, los Padres de Schoenstatt y estudiantes. M\u00e1s de 600 invitados asistieron al acto.<\/p>\n<p><img decoding=\"async\" class=\"aligncenter wp-image-33399 \" src=\"https:\/\/schoenstatt.com\/wp-content\/uploads\/2023\/11\/Ordination-Schoenstatt-Fathers-India-11-2023-c.jpg\" alt=\"\" width=\"1009\" height=\"757\" \/><\/p>\n<p>El momento culminante del d\u00eda lleg\u00f3 por la tarde. Los nativos y familiares hicieron que el reci\u00e9n ordenado, P. Sleeva, se sentara en el coche decorado y encabezaron una procesi\u00f3n por las calles del pueblo. Hubo m\u00fasica de DJ. J\u00f3venes y mayores se unieron en la m\u00fasica y el baile. Hubo mucha diversi\u00f3n y celebraci\u00f3n. El P. Sleeva es el octavo sacerdote del pueblo.<\/p>\n<p>Al d\u00eda siguiente, el reci\u00e9n ordenado celebr\u00f3 su primera misa en la misma iglesia. Como dice el famoso proverbio chino que \u00abun viaje de mil millas comienza con un solo paso\u00bb, as\u00ed Schoenstatt ha dado su primer peque\u00f1o paso en Telangana. A Schoenstatt le espera un gran futuro en esta nueva tierra.<\/p>\n<p>La MTA triunfar\u00e1.<\/p>\n<p><em>*Texto original en ingl\u00e9s. Traducci\u00f3n: Enrique Soros<\/em><\/p>\n","protected":false},"excerpt":{"rendered":"<p>El Padre Sleeva Raj Chinthamalla, miembro de la Comunidad de los Padres de Schoenstatt, fue ordenado sacerdote. Es el primer Padre de Schoenstatt originario de Telangana. Su ordenaci\u00f3n representa un paso importante para llevar la espiritualidad de Schoenstatt a esta nueva regi\u00f3n de la India.<\/p>\n","protected":false},"author":3,"featured_media":33387,"comment_status":"closed","ping_status":"closed","sticky":false,"template":"","format":"standard","meta":{"footnotes":""},"categories":[909,790],"tags":[],"class_list":["post-33403","post","type-post","status-publish","format-standard","has-post-thumbnail","hentry","category-comunidades-de-schoenstatt-es","category-paises-es"],"yoast_head":"<!-- This site is optimized with the Yoast SEO Premium plugin v27.4 (Yoast SEO v27.4) - https:\/\/yoast.com\/product\/yoast-seo-premium-wordpress\/ -->\n<title>India: Primer sacerdote schoenstattiano ordenado en la tierra de Telangana<\/title>\n<meta name=\"description\" content=\"El P. Sleeva Raj Chinthamalla fue ordenado sacerdote. Es el primer Padre de Schoenstatt originario de Telangana.\" \/>\n<meta name=\"robots\" content=\"index, follow, max-snippet:-1, max-image-preview:large, max-video-preview:-1\" \/>\n<link rel=\"canonical\" href=\"https:\/\/schoenstatt.com\/es\/india-primer-sacerdote-schoenstattiano-ordenado-en-la-tierra-de-telangana\/\" \/>\n<meta property=\"og:locale\" content=\"es_ES\" \/>\n<meta property=\"og:type\" content=\"article\" \/>\n<meta property=\"og:title\" content=\"India: Primer sacerdote schoenstattiano ordenado en la tierra de Telangana\" \/>\n<meta property=\"og:description\" content=\"El P. Sleeva Raj Chinthamalla fue ordenado sacerdote. Es el primer Padre de Schoenstatt originario de Telangana.\" \/>\n<meta property=\"og:url\" content=\"https:\/\/schoenstatt.com\/es\/india-primer-sacerdote-schoenstattiano-ordenado-en-la-tierra-de-telangana\/\" \/>\n<meta property=\"og:site_name\" content=\"Schoenstatt\" \/>\n<meta property=\"article:published_time\" content=\"2023-11-06T12:25:35+00:00\" \/>\n<meta property=\"article:modified_time\" content=\"2025-05-15T16:25:00+00:00\" \/>\n<meta property=\"og:image\" content=\"https:\/\/schoenstatt.com\/wp-content\/uploads\/2023\/11\/Ordination-Schoenstatt-Fathers-India-11-2023-1.jpg\" \/>\n\t<meta property=\"og:image:width\" content=\"2048\" \/>\n\t<meta property=\"og:image:height\" content=\"1366\" \/>\n\t<meta property=\"og:image:type\" content=\"image\/jpeg\" \/>\n<meta name=\"author\" content=\"Karen Bueno\" \/>\n<meta name=\"twitter:card\" content=\"summary_large_image\" \/>\n<meta name=\"twitter:label1\" content=\"Escrito por\" \/>\n\t<meta name=\"twitter:data1\" content=\"Karen Bueno\" \/>\n\t<meta name=\"twitter:label2\" content=\"Tiempo de lectura\" \/>\n\t<meta name=\"twitter:data2\" content=\"4 minutos\" \/>\n<script type=\"application\/ld+json\" class=\"yoast-schema-graph\">{\"@context\":\"https:\\\/\\\/schema.org\",\"@graph\":[{\"@type\":\"Article\",\"@id\":\"https:\\\/\\\/schoenstatt.com\\\/es\\\/india-primer-sacerdote-schoenstattiano-ordenado-en-la-tierra-de-telangana\\\/#article\",\"isPartOf\":{\"@id\":\"https:\\\/\\\/schoenstatt.com\\\/es\\\/india-primer-sacerdote-schoenstattiano-ordenado-en-la-tierra-de-telangana\\\/\"},\"author\":{\"name\":\"Karen Bueno\",\"@id\":\"https:\\\/\\\/schoenstatt.com\\\/es\\\/#\\\/schema\\\/person\\\/5158877ad4acae98b34daaeef2a1ce6e\"},\"headline\":\"India: Primer sacerdote schoenstattiano ordenado en la tierra de Telangana\",\"datePublished\":\"2023-11-06T12:25:35+00:00\",\"dateModified\":\"2025-05-15T16:25:00+00:00\",\"mainEntityOfPage\":{\"@id\":\"https:\\\/\\\/schoenstatt.com\\\/es\\\/india-primer-sacerdote-schoenstattiano-ordenado-en-la-tierra-de-telangana\\\/\"},\"wordCount\":742,\"publisher\":{\"@id\":\"https:\\\/\\\/schoenstatt.com\\\/es\\\/#organization\"},\"image\":{\"@id\":\"https:\\\/\\\/schoenstatt.com\\\/es\\\/india-primer-sacerdote-schoenstattiano-ordenado-en-la-tierra-de-telangana\\\/#primaryimage\"},\"thumbnailUrl\":\"https:\\\/\\\/schoenstatt.com\\\/wp-content\\\/uploads\\\/2023\\\/11\\\/Ordination-Schoenstatt-Fathers-India-11-2023-1.jpg\",\"articleSection\":[\"Comunidades de Schoenstatt\",\"Pa\u00edses\"],\"inLanguage\":\"es\"},{\"@type\":\"WebPage\",\"@id\":\"https:\\\/\\\/schoenstatt.com\\\/es\\\/india-primer-sacerdote-schoenstattiano-ordenado-en-la-tierra-de-telangana\\\/\",\"url\":\"https:\\\/\\\/schoenstatt.com\\\/es\\\/india-primer-sacerdote-schoenstattiano-ordenado-en-la-tierra-de-telangana\\\/\",\"name\":\"India: Primer sacerdote schoenstattiano ordenado en la tierra de Telangana\",\"isPartOf\":{\"@id\":\"https:\\\/\\\/schoenstatt.com\\\/es\\\/#website\"},\"primaryImageOfPage\":{\"@id\":\"https:\\\/\\\/schoenstatt.com\\\/es\\\/india-primer-sacerdote-schoenstattiano-ordenado-en-la-tierra-de-telangana\\\/#primaryimage\"},\"image\":{\"@id\":\"https:\\\/\\\/schoenstatt.com\\\/es\\\/india-primer-sacerdote-schoenstattiano-ordenado-en-la-tierra-de-telangana\\\/#primaryimage\"},\"thumbnailUrl\":\"https:\\\/\\\/schoenstatt.com\\\/wp-content\\\/uploads\\\/2023\\\/11\\\/Ordination-Schoenstatt-Fathers-India-11-2023-1.jpg\",\"datePublished\":\"2023-11-06T12:25:35+00:00\",\"dateModified\":\"2025-05-15T16:25:00+00:00\",\"description\":\"El P. Sleeva Raj Chinthamalla fue ordenado sacerdote. Es el primer Padre de Schoenstatt originario de Telangana.\",\"breadcrumb\":{\"@id\":\"https:\\\/\\\/schoenstatt.com\\\/es\\\/india-primer-sacerdote-schoenstattiano-ordenado-en-la-tierra-de-telangana\\\/#breadcrumb\"},\"inLanguage\":\"es\",\"potentialAction\":[{\"@type\":\"ReadAction\",\"target\":[\"https:\\\/\\\/schoenstatt.com\\\/es\\\/india-primer-sacerdote-schoenstattiano-ordenado-en-la-tierra-de-telangana\\\/\"]}]},{\"@type\":\"ImageObject\",\"inLanguage\":\"es\",\"@id\":\"https:\\\/\\\/schoenstatt.com\\\/es\\\/india-primer-sacerdote-schoenstattiano-ordenado-en-la-tierra-de-telangana\\\/#primaryimage\",\"url\":\"https:\\\/\\\/schoenstatt.com\\\/wp-content\\\/uploads\\\/2023\\\/11\\\/Ordination-Schoenstatt-Fathers-India-11-2023-1.jpg\",\"contentUrl\":\"https:\\\/\\\/schoenstatt.com\\\/wp-content\\\/uploads\\\/2023\\\/11\\\/Ordination-Schoenstatt-Fathers-India-11-2023-1.jpg\",\"width\":2048,\"height\":1366},{\"@type\":\"BreadcrumbList\",\"@id\":\"https:\\\/\\\/schoenstatt.com\\\/es\\\/india-primer-sacerdote-schoenstattiano-ordenado-en-la-tierra-de-telangana\\\/#breadcrumb\",\"itemListElement\":[{\"@type\":\"ListItem\",\"position\":1,\"name\":\"Portada\",\"item\":\"https:\\\/\\\/schoenstatt.com\\\/es\\\/home\\\/\"},{\"@type\":\"ListItem\",\"position\":2,\"name\":\"India: Primer sacerdote schoenstattiano ordenado en la tierra de Telangana\"}]},{\"@type\":\"WebSite\",\"@id\":\"https:\\\/\\\/schoenstatt.com\\\/es\\\/#website\",\"url\":\"https:\\\/\\\/schoenstatt.com\\\/es\\\/\",\"name\":\"Schoenstatt\",\"description\":\"Apostolic Movement\",\"publisher\":{\"@id\":\"https:\\\/\\\/schoenstatt.com\\\/es\\\/#organization\"},\"potentialAction\":[{\"@type\":\"SearchAction\",\"target\":{\"@type\":\"EntryPoint\",\"urlTemplate\":\"https:\\\/\\\/schoenstatt.com\\\/es\\\/?s={search_term_string}\"},\"query-input\":{\"@type\":\"PropertyValueSpecification\",\"valueRequired\":true,\"valueName\":\"search_term_string\"}}],\"inLanguage\":\"es\"},{\"@type\":\"Organization\",\"@id\":\"https:\\\/\\\/schoenstatt.com\\\/es\\\/#organization\",\"name\":\"Schoenstatt\",\"url\":\"https:\\\/\\\/schoenstatt.com\\\/es\\\/\",\"logo\":{\"@type\":\"ImageObject\",\"inLanguage\":\"es\",\"@id\":\"https:\\\/\\\/schoenstatt.com\\\/es\\\/#\\\/schema\\\/logo\\\/image\\\/\",\"url\":\"https:\\\/\\\/schoenstatt.com\\\/wp-content\\\/uploads\\\/2025\\\/04\\\/logo-schoenstatt-white-696x696-1.png\",\"contentUrl\":\"https:\\\/\\\/schoenstatt.com\\\/wp-content\\\/uploads\\\/2025\\\/04\\\/logo-schoenstatt-white-696x696-1.png\",\"width\":696,\"height\":694,\"caption\":\"Schoenstatt\"},\"image\":{\"@id\":\"https:\\\/\\\/schoenstatt.com\\\/es\\\/#\\\/schema\\\/logo\\\/image\\\/\"}},{\"@type\":\"Person\",\"@id\":\"https:\\\/\\\/schoenstatt.com\\\/es\\\/#\\\/schema\\\/person\\\/5158877ad4acae98b34daaeef2a1ce6e\",\"name\":\"Karen Bueno\",\"image\":{\"@type\":\"ImageObject\",\"inLanguage\":\"es\",\"@id\":\"https:\\\/\\\/secure.gravatar.com\\\/avatar\\\/f9f4b823873154269d2b2130f195f6d41037dd0d7fc5f3cacb5c846bae70d66b?s=96&d=mm&r=g\",\"url\":\"https:\\\/\\\/secure.gravatar.com\\\/avatar\\\/f9f4b823873154269d2b2130f195f6d41037dd0d7fc5f3cacb5c846bae70d66b?s=96&d=mm&r=g\",\"contentUrl\":\"https:\\\/\\\/secure.gravatar.com\\\/avatar\\\/f9f4b823873154269d2b2130f195f6d41037dd0d7fc5f3cacb5c846bae70d66b?s=96&d=mm&r=g\",\"caption\":\"Karen Bueno\"},\"url\":\"https:\\\/\\\/schoenstatt.com\\\/es\\\/author\\\/karen-bueno\\\/\"}]}<\/script>\n<!-- \/ Yoast SEO Premium plugin. -->","yoast_head_json":{"title":"India: Primer sacerdote schoenstattiano ordenado en la tierra de Telangana","description":"El P. Sleeva Raj Chinthamalla fue ordenado sacerdote. Es el primer Padre de Schoenstatt originario de Telangana.","robots":{"index":"index","follow":"follow","max-snippet":"max-snippet:-1","max-image-preview":"max-image-preview:large","max-video-preview":"max-video-preview:-1"},"canonical":"https:\/\/schoenstatt.com\/es\/india-primer-sacerdote-schoenstattiano-ordenado-en-la-tierra-de-telangana\/","og_locale":"es_ES","og_type":"article","og_title":"India: Primer sacerdote schoenstattiano ordenado en la tierra de Telangana","og_description":"El P. Sleeva Raj Chinthamalla fue ordenado sacerdote. Es el primer Padre de Schoenstatt originario de Telangana.","og_url":"https:\/\/schoenstatt.com\/es\/india-primer-sacerdote-schoenstattiano-ordenado-en-la-tierra-de-telangana\/","og_site_name":"Schoenstatt","article_published_time":"2023-11-06T12:25:35+00:00","article_modified_time":"2025-05-15T16:25:00+00:00","og_image":[{"width":2048,"height":1366,"url":"https:\/\/schoenstatt.com\/wp-content\/uploads\/2023\/11\/Ordination-Schoenstatt-Fathers-India-11-2023-1.jpg","type":"image\/jpeg"}],"author":"Karen Bueno","twitter_card":"summary_large_image","twitter_misc":{"Escrito por":"Karen Bueno","Tiempo de lectura":"4 minutos"},"schema":{"@context":"https:\/\/schema.org","@graph":[{"@type":"Article","@id":"https:\/\/schoenstatt.com\/es\/india-primer-sacerdote-schoenstattiano-ordenado-en-la-tierra-de-telangana\/#article","isPartOf":{"@id":"https:\/\/schoenstatt.com\/es\/india-primer-sacerdote-schoenstattiano-ordenado-en-la-tierra-de-telangana\/"},"author":{"name":"Karen Bueno","@id":"https:\/\/schoenstatt.com\/es\/#\/schema\/person\/5158877ad4acae98b34daaeef2a1ce6e"},"headline":"India: Primer sacerdote schoenstattiano ordenado en la tierra de Telangana","datePublished":"2023-11-06T12:25:35+00:00","dateModified":"2025-05-15T16:25:00+00:00","mainEntityOfPage":{"@id":"https:\/\/schoenstatt.com\/es\/india-primer-sacerdote-schoenstattiano-ordenado-en-la-tierra-de-telangana\/"},"wordCount":742,"publisher":{"@id":"https:\/\/schoenstatt.com\/es\/#organization"},"image":{"@id":"https:\/\/schoenstatt.com\/es\/india-primer-sacerdote-schoenstattiano-ordenado-en-la-tierra-de-telangana\/#primaryimage"},"thumbnailUrl":"https:\/\/schoenstatt.com\/wp-content\/uploads\/2023\/11\/Ordination-Schoenstatt-Fathers-India-11-2023-1.jpg","articleSection":["Comunidades de Schoenstatt","Pa\u00edses"],"inLanguage":"es"},{"@type":"WebPage","@id":"https:\/\/schoenstatt.com\/es\/india-primer-sacerdote-schoenstattiano-ordenado-en-la-tierra-de-telangana\/","url":"https:\/\/schoenstatt.com\/es\/india-primer-sacerdote-schoenstattiano-ordenado-en-la-tierra-de-telangana\/","name":"India: Primer sacerdote schoenstattiano ordenado en la tierra de Telangana","isPartOf":{"@id":"https:\/\/schoenstatt.com\/es\/#website"},"primaryImageOfPage":{"@id":"https:\/\/schoenstatt.com\/es\/india-primer-sacerdote-schoenstattiano-ordenado-en-la-tierra-de-telangana\/#primaryimage"},"image":{"@id":"https:\/\/schoenstatt.com\/es\/india-primer-sacerdote-schoenstattiano-ordenado-en-la-tierra-de-telangana\/#primaryimage"},"thumbnailUrl":"https:\/\/schoenstatt.com\/wp-content\/uploads\/2023\/11\/Ordination-Schoenstatt-Fathers-India-11-2023-1.jpg","datePublished":"2023-11-06T12:25:35+00:00","dateModified":"2025-05-15T16:25:00+00:00","description":"El P. Sleeva Raj Chinthamalla fue ordenado sacerdote. Es el primer Padre de Schoenstatt originario de Telangana.","breadcrumb":{"@id":"https:\/\/schoenstatt.com\/es\/india-primer-sacerdote-schoenstattiano-ordenado-en-la-tierra-de-telangana\/#breadcrumb"},"inLanguage":"es","potentialAction":[{"@type":"ReadAction","target":["https:\/\/schoenstatt.com\/es\/india-primer-sacerdote-schoenstattiano-ordenado-en-la-tierra-de-telangana\/"]}]},{"@type":"ImageObject","inLanguage":"es","@id":"https:\/\/schoenstatt.com\/es\/india-primer-sacerdote-schoenstattiano-ordenado-en-la-tierra-de-telangana\/#primaryimage","url":"https:\/\/schoenstatt.com\/wp-content\/uploads\/2023\/11\/Ordination-Schoenstatt-Fathers-India-11-2023-1.jpg","contentUrl":"https:\/\/schoenstatt.com\/wp-content\/uploads\/2023\/11\/Ordination-Schoenstatt-Fathers-India-11-2023-1.jpg","width":2048,"height":1366},{"@type":"BreadcrumbList","@id":"https:\/\/schoenstatt.com\/es\/india-primer-sacerdote-schoenstattiano-ordenado-en-la-tierra-de-telangana\/#breadcrumb","itemListElement":[{"@type":"ListItem","position":1,"name":"Portada","item":"https:\/\/schoenstatt.com\/es\/home\/"},{"@type":"ListItem","position":2,"name":"India: Primer sacerdote schoenstattiano ordenado en la tierra de Telangana"}]},{"@type":"WebSite","@id":"https:\/\/schoenstatt.com\/es\/#website","url":"https:\/\/schoenstatt.com\/es\/","name":"Schoenstatt","description":"Apostolic Movement","publisher":{"@id":"https:\/\/schoenstatt.com\/es\/#organization"},"potentialAction":[{"@type":"SearchAction","target":{"@type":"EntryPoint","urlTemplate":"https:\/\/schoenstatt.com\/es\/?s={search_term_string}"},"query-input":{"@type":"PropertyValueSpecification","valueRequired":true,"valueName":"search_term_string"}}],"inLanguage":"es"},{"@type":"Organization","@id":"https:\/\/schoenstatt.com\/es\/#organization","name":"Schoenstatt","url":"https:\/\/schoenstatt.com\/es\/","logo":{"@type":"ImageObject","inLanguage":"es","@id":"https:\/\/schoenstatt.com\/es\/#\/schema\/logo\/image\/","url":"https:\/\/schoenstatt.com\/wp-content\/uploads\/2025\/04\/logo-schoenstatt-white-696x696-1.png","contentUrl":"https:\/\/schoenstatt.com\/wp-content\/uploads\/2025\/04\/logo-schoenstatt-white-696x696-1.png","width":696,"height":694,"caption":"Schoenstatt"},"image":{"@id":"https:\/\/schoenstatt.com\/es\/#\/schema\/logo\/image\/"}},{"@type":"Person","@id":"https:\/\/schoenstatt.com\/es\/#\/schema\/person\/5158877ad4acae98b34daaeef2a1ce6e","name":"Karen Bueno","image":{"@type":"ImageObject","inLanguage":"es","@id":"https:\/\/secure.gravatar.com\/avatar\/f9f4b823873154269d2b2130f195f6d41037dd0d7fc5f3cacb5c846bae70d66b?s=96&d=mm&r=g","url":"https:\/\/secure.gravatar.com\/avatar\/f9f4b823873154269d2b2130f195f6d41037dd0d7fc5f3cacb5c846bae70d66b?s=96&d=mm&r=g","contentUrl":"https:\/\/secure.gravatar.com\/avatar\/f9f4b823873154269d2b2130f195f6d41037dd0d7fc5f3cacb5c846bae70d66b?s=96&d=mm&r=g","caption":"Karen Bueno"},"url":"https:\/\/schoenstatt.com\/es\/author\/karen-bueno\/"}]}},"_links":{"self":[{"href":"https:\/\/schoenstatt.com\/es\/wp-json\/wp\/v2\/posts\/33403","targetHints":{"allow":["GET"]}}],"collection":[{"href":"https:\/\/schoenstatt.com\/es\/wp-json\/wp\/v2\/posts"}],"about":[{"href":"https:\/\/schoenstatt.com\/es\/wp-json\/wp\/v2\/types\/post"}],"author":[{"embeddable":true,"href":"https:\/\/schoenstatt.com\/es\/wp-json\/wp\/v2\/users\/3"}],"replies":[{"embeddable":true,"href":"https:\/\/schoenstatt.com\/es\/wp-json\/wp\/v2\/comments?post=33403"}],"version-history":[{"count":1,"href":"https:\/\/schoenstatt.com\/es\/wp-json\/wp\/v2\/posts\/33403\/revisions"}],"predecessor-version":[{"id":46427,"href":"https:\/\/schoenstatt.com\/es\/wp-json\/wp\/v2\/posts\/33403\/revisions\/46427"}],"wp:featuredmedia":[{"embeddable":true,"href":"https:\/\/schoenstatt.com\/es\/wp-json\/wp\/v2\/media\/33387"}],"wp:attachment":[{"href":"https:\/\/schoenstatt.com\/es\/wp-json\/wp\/v2\/media?parent=33403"}],"wp:term":[{"taxonomy":"category","embeddable":true,"href":"https:\/\/schoenstatt.com\/es\/wp-json\/wp\/v2\/categories?post=33403"},{"taxonomy":"post_tag","embeddable":true,"href":"https:\/\/schoenstatt.com\/es\/wp-json\/wp\/v2\/tags?post=33403"}],"curies":[{"name":"wp","href":"https:\/\/api.w.org\/{rel}","templated":true}]}}