{"id":33352,"date":"2023-11-01T06:24:24","date_gmt":"2023-11-01T05:24:24","guid":{"rendered":"https:\/\/schoenstatt.com\/espiritualidad\/the-first-schoenstatt-family-group-in-nigeria-seal-the-covenant-of-love\/"},"modified":"2025-05-15T18:25:01","modified_gmt":"2025-05-15T16:25:01","slug":"nigeria-primer-grupo-de-matrimonios-sella-la-alianza-de-amor-en-ibadan","status":"publish","type":"post","link":"https:\/\/schoenstatt.com\/es\/nigeria-primer-grupo-de-matrimonios-sella-la-alianza-de-amor-en-ibadan\/","title":{"rendered":"Nigeria: Primer grupo de matrimonios sella la Alianza de Amor en Ibadan"},"content":{"rendered":"<p>El 29 de octubre de 2023 fue un d\u00eda hist\u00f3rico en el <a href=\"https:\/\/schoenstatt.link\/en\/SL100504A\/schoenstatt-shrine-ibadan\" target=\"_blank\" rel=\"noopener\">Santuario de la Victoria de Nuestra Se\u00f1ora de Schoenstatt en Ibadan<\/a>, Nigeria, ya que el primer grupo de matrimonios de la Familia de Schoenstatt de Lagos sell\u00f3 su <a href=\"https:\/\/schoenstatt.com\/es\/acerca-de\/espiritualidad\/alianza-de-amor\/\">Alianza de Amor<\/a>. Este grupo de familias se reuni\u00f3 desde diferentes parroquias de Lagos a trav\u00e9s de la instrumentalidad del P. Jude Eze, Isch, un Padre de Schoenstatt que trabaja en una parroquia de la arquidi\u00f3cesis cat\u00f3lica de Lagos, quien acompa\u00f1\u00f3 al grupo. La Alianza de Amor fue recibida por el P. Alexandre Awi Mello, superior general de los Padres de Schoenstatt.<\/p>\n<p>Este grupo familiar est\u00e1 formado por nueve familias de diferentes estados de Nigeria pero todas residentes en Lagos. Estas familias son <strong>Roland y Josephine Ogwuni, Francis y Jacinta Akabueze, Pascal y Chisom Odinde, Anthony y Anita Ezembamalu, Frankline y Chinelo Ozofor, Okechukwu y Chinonye Nwabufo, Ifeanyi y Ijeoma Ugwu, Chuks y Chinonso, y Ambrose y Victoria.<\/strong><\/p>\n<p>De los nueve matrimonios, seis sellaron la Alianza de Amor en el santuario de la Victoria de Ibad\u00e1n; los restantes emigraron recientemente al Reino Unido, y se est\u00e1n preparando para sellar la Alianza de Amor en el santuario de Kearsley, cerca de Manchester, en el Reino Unido. Aunque separados por la distancia, estos matrimonios permanecen unidos a su grupo en ideal y misi\u00f3n.<\/p>\n<p><img fetchpriority=\"high\" decoding=\"async\" class=\"aligncenter wp-image-33336 \" src=\"https:\/\/schoenstatt.com\/wp-content\/uploads\/2023\/10\/first-Schoenstatt-Family-Group-in-Nigeria-f.jpg\" alt=\"\" width=\"971\" height=\"728\" \/><\/p>\n<h2>La Alianza de Amor les cautiv\u00f3<\/h2>\n<p>Desde hac\u00eda dos a\u00f1os, este grupo de familias se reun\u00eda regularmente, tanto f\u00edsica como virtualmente, para estudiar Schoenstatt, reflexionar y compartir su camino espiritual, y para retiros y oraciones. Sent\u00edan un fuerte sentido de amistad y unidad, y el deseo de profundizar su relaci\u00f3n con Mar\u00eda y Jes\u00fas se hac\u00eda m\u00e1s fuerte cada d\u00eda que pasaba.<\/p>\n<p>A medida que se sumerg\u00edan m\u00e1s en las ense\u00f1anzas de Schoenstatt, aprendieron el profundo significado de la Alianza de Amor, un v\u00ednculo especial entre ellos y la Virgen Mar\u00eda. La idea de sellar su Alianza de Amor con la Virgen de Schoenstatt cautiv\u00f3 sus corazones y sus mentes. Y deseaban consagrarse con sus familias a ella, buscando su gu\u00eda, protecci\u00f3n y amor maternal a lo largo de sus vidas.<\/p>\n<h3>La primera visita al Santuario: un viaje de tres horas<\/h3>\n<p>Llenos de emoci\u00f3n, el grupo decidi\u00f3 hacer una peregrinaci\u00f3n al Santuario de la Victoria, en Ibadan, el \u00fanico Santuario de Schoenstatt en Nigeria, donde ir\u00edan a sellar la Alianza de Amor. Con sus familias a cuestas, se embarcaron en su aventura, viajando unas tres horas desde Lagos a Ibadan, con los corazones llenos de devoci\u00f3n y gratitud.<\/p>\n<p>Al entrar en el Santuario por primera vez, el d\u00eda 28, el grupo fue recibido con una mirada de la Virgen que irradiaba gracia y amor, y una sonrisa de nuestro Se\u00f1or Jesucristo Sacramentado que ya hab\u00eda sido expuesto, abrazando a cada uno con su calidez. Inmediatamente, todos entraron en silenciosa admiraci\u00f3n y adoraci\u00f3n al amor y la gracia que brotaban de nuestro Se\u00f1or Jesucristo y de la Madre Tres Veces Admirable.<\/p>\n<p>Despu\u00e9s de un momento de silenciosa adoraci\u00f3n y encuentro con la Madre bendita, recibieron una bendici\u00f3n especial del P. Alexandre Awi, Superior General de los Padres de Schoenstatt, que se hab\u00eda reunido antes con el grupo en la sala.<\/p>\n<p><img decoding=\"async\" class=\"aligncenter wp-image-33340 \" src=\"https:\/\/schoenstatt.com\/wp-content\/uploads\/2023\/10\/first-Schoenstatt-Family-Group-in-Nigeria-a.jpg\" alt=\"\" width=\"993\" height=\"682\" \/><\/p>\n<h2>Nace el primer grupo de Familias de Schoenstatt en Nigeria<\/h2>\n<p>Al d\u00eda siguiente, era el 29 de octubre de 2023, un d\u00eda que atesorar\u00edan como el nacimiento del primer grupo de familias de Schoenstatt en Lagos, ser\u00eda el d\u00eda en el que todos se reunir\u00edan en el Santuario de la Victoria en Ibadan para sellar su alianza de amor con la Sant\u00edsima Virgen. Ansiosos por embarcarse en este nuevo cap\u00edtulo de su viaje espiritual, el grupo se reuni\u00f3 para la Santa Misa con la comunidad de adoradores del escolasticado de los Padres de Schoenstatt en Ibadan.<\/p>\n<p>Dado que la Alianza de Amor refuerza nuestra alianza bautismal y matrimonial, durante la misa, en presencia de otros miembros del Movimiento de Schoenstatt, renovaron sus promesas bautismales y su alianza matrimonial, prometiendo una vez m\u00e1s su total disposici\u00f3n a vivir para Jesucristo y unos para otros unidos en el amor. Luego sigui\u00f3 la Santa Misa.<\/p>\n<p>Despu\u00e9s de la oraci\u00f3n de postcomuni\u00f3n hubo una procesi\u00f3n al Santuario encabezada por dos de los matrimonios que llevaban la Auxiliar de la MTA. Pronto lleg\u00f3 el momento que cambi\u00f3 la vida de los matrimonios: sellaron su Alianza de Amor con la Madre Tres Veces Admirable. Al concluir su oraci\u00f3n de Alianza, una sensaci\u00f3n de profunda paz y alegr\u00eda envolvi\u00f3 sus corazones. Mar\u00eda toma posesi\u00f3n de ellos y de su hogar. Un momento incre\u00edble de plenitud para el matrimonio.<\/p>\n<p><em>\u00abPara nosotros <\/em>&#8211; dicen Pascual y Chisom Odinde &#8211;<em> hacer la Alianza de Amor en el Santuario de Schoenstatt fue una profunda experiencia espiritual. Nos proporcion\u00f3 una fuente de gracia y fuerza interior para afrontar los numerosos retos de la vida. Un aspecto que apreciamos inmensamente fue el sentido de comunidad que tuvimos al hacer la Alianza de Amor con otros miembros de la familia de Schoenstatt\u00bb.<\/em><\/p>\n<p><em><img decoding=\"async\" class=\"aligncenter wp-image-33344 \" src=\"https:\/\/schoenstatt.com\/wp-content\/uploads\/2023\/10\/first-Schoenstatt-Family-Group-in-Nigeria-e.jpg\" alt=\"\" width=\"820\" height=\"743\" \/><\/em><\/p>\n<h3>Generaci\u00f3n Fundadora: Sue\u00f1os para el futuro<\/h3>\n<p>Ijeoma Ugwu sue\u00f1a con un gran grupo de Movimiento Familiar en Nigeria: <em>\u00abA medida que m\u00e1s familias en Nigeria abracen esta alianza, el impacto de su testimonio y compromiso con la fe se sentir\u00e1 no solo dentro de sus hogares sino tambi\u00e9n en sus comunidades y m\u00e1s all\u00e1. El Movimiento de Schoenstatt sigue siendo un faro de esperanza, que ofrece a las familias un camino hacia el crecimiento espiritual, la unidad y el amor duradero\u00bb.<\/em><\/p>\n<p>Con el primer paso dado, el grupo que se ve a s\u00ed mismo como una generaci\u00f3n fundadora, ha resuelto permanecer firme en la Alianza de Amor que han sellado con la MTA. Est\u00e1n resueltos y comprometidos como grupo a compartir el mensaje de la Alianza de Amor con otras familias, record\u00e1ndoles el poder transformador del amor y la educaci\u00f3n de Mar\u00eda, a la vez que sirven de testimonio de la belleza de la Alianza de Amor en la vida familiar.<\/p>\n<p>Tienen como Ideal de grupo:<em> \u00abConquistados por el Amor desde el Santuario, nos movilizamos para cambiar nuestro mundo\u00bb.<\/em> Partieron del Santuario alrededor de las tres de la tarde, despu\u00e9s de rezar juntos la Misericordia Divina y una oraci\u00f3n de agradecimiento a la MTA, con el coraz\u00f3n lleno de esperanza, sabiendo que se hab\u00edan embarcado en un viaje de fe que marcar\u00eda sus vidas y su comunidad en los a\u00f1os venideros.<\/p>\n<p><img loading=\"lazy\" decoding=\"async\" class=\"aligncenter wp-image-33348 \" src=\"https:\/\/schoenstatt.com\/wp-content\/uploads\/2023\/10\/first-Schoenstatt-Family-Group-in-Nigeria-d.jpg\" alt=\"\" width=\"942\" height=\"644\" \/><\/p>\n","protected":false},"excerpt":{"rendered":"<p>Un momento hist\u00f3rico de gran alegr\u00eda para Nigeria: ha nacido la Rama de Familias de Schoenstatt. El primer grupo del pa\u00eds sell\u00f3 la Alianza de Amor en una emotiva celebraci\u00f3n. Los matrimonios de la generaci\u00f3n fundadora firmaron el libro de Alianza en el Santuario de Ibadan.<\/p>\n","protected":false},"author":3,"featured_media":33332,"comment_status":"closed","ping_status":"closed","sticky":false,"template":"","format":"standard","meta":{"footnotes":""},"categories":[790],"tags":[],"class_list":["post-33352","post","type-post","status-publish","format-standard","has-post-thumbnail","hentry","category-paises-es"],"yoast_head":"<!-- This site is optimized with the Yoast SEO Premium plugin v27.4 (Yoast SEO v27.4) - https:\/\/yoast.com\/product\/yoast-seo-premium-wordpress\/ -->\n<title>Nigeria: Primer grupo de matrimonios sella la Alianza de Amor en Ibadan<\/title>\n<meta name=\"description\" content=\"Generaci\u00f3n Fundadora: El primer Grupo de Familias de Schoenstatt en Nigeria sella la Alianza de Amor en Ibadan.\" \/>\n<meta name=\"robots\" content=\"index, follow, max-snippet:-1, max-image-preview:large, max-video-preview:-1\" \/>\n<link rel=\"canonical\" href=\"https:\/\/schoenstatt.com\/es\/nigeria-primer-grupo-de-matrimonios-sella-la-alianza-de-amor-en-ibadan\/\" \/>\n<meta property=\"og:locale\" content=\"es_ES\" \/>\n<meta property=\"og:type\" content=\"article\" \/>\n<meta property=\"og:title\" content=\"Nigeria: Primer grupo de matrimonios sella la Alianza de Amor en Ibadan\" \/>\n<meta property=\"og:description\" content=\"Generaci\u00f3n Fundadora: El primer Grupo de Familias de Schoenstatt en Nigeria sella la Alianza de Amor en Ibadan.\" \/>\n<meta property=\"og:url\" content=\"https:\/\/schoenstatt.com\/es\/nigeria-primer-grupo-de-matrimonios-sella-la-alianza-de-amor-en-ibadan\/\" \/>\n<meta property=\"og:site_name\" content=\"Schoenstatt\" \/>\n<meta property=\"article:published_time\" content=\"2023-11-01T05:24:24+00:00\" \/>\n<meta property=\"article:modified_time\" content=\"2025-05-15T16:25:01+00:00\" \/>\n<meta property=\"og:image\" content=\"https:\/\/schoenstatt.com\/wp-content\/uploads\/2023\/10\/first-Schoenstatt-Family-Group-in-Nigeria-b-1.jpg\" \/>\n\t<meta property=\"og:image:width\" content=\"2048\" \/>\n\t<meta property=\"og:image:height\" content=\"1413\" \/>\n\t<meta property=\"og:image:type\" content=\"image\/jpeg\" \/>\n<meta name=\"author\" content=\"Karen Bueno\" \/>\n<meta name=\"twitter:card\" content=\"summary_large_image\" \/>\n<meta name=\"twitter:label1\" content=\"Escrito por\" \/>\n\t<meta name=\"twitter:data1\" content=\"Karen Bueno\" \/>\n\t<meta name=\"twitter:label2\" content=\"Tiempo de lectura\" \/>\n\t<meta name=\"twitter:data2\" content=\"6 minutos\" \/>\n<script type=\"application\/ld+json\" class=\"yoast-schema-graph\">{\"@context\":\"https:\\\/\\\/schema.org\",\"@graph\":[{\"@type\":\"Article\",\"@id\":\"https:\\\/\\\/schoenstatt.com\\\/es\\\/nigeria-primer-grupo-de-matrimonios-sella-la-alianza-de-amor-en-ibadan\\\/#article\",\"isPartOf\":{\"@id\":\"https:\\\/\\\/schoenstatt.com\\\/es\\\/nigeria-primer-grupo-de-matrimonios-sella-la-alianza-de-amor-en-ibadan\\\/\"},\"author\":{\"name\":\"Karen Bueno\",\"@id\":\"https:\\\/\\\/schoenstatt.com\\\/es\\\/#\\\/schema\\\/person\\\/5158877ad4acae98b34daaeef2a1ce6e\"},\"headline\":\"Nigeria: Primer grupo de matrimonios sella la Alianza de Amor en Ibadan\",\"datePublished\":\"2023-11-01T05:24:24+00:00\",\"dateModified\":\"2025-05-15T16:25:01+00:00\",\"mainEntityOfPage\":{\"@id\":\"https:\\\/\\\/schoenstatt.com\\\/es\\\/nigeria-primer-grupo-de-matrimonios-sella-la-alianza-de-amor-en-ibadan\\\/\"},\"wordCount\":1144,\"publisher\":{\"@id\":\"https:\\\/\\\/schoenstatt.com\\\/es\\\/#organization\"},\"image\":{\"@id\":\"https:\\\/\\\/schoenstatt.com\\\/es\\\/nigeria-primer-grupo-de-matrimonios-sella-la-alianza-de-amor-en-ibadan\\\/#primaryimage\"},\"thumbnailUrl\":\"https:\\\/\\\/schoenstatt.com\\\/wp-content\\\/uploads\\\/2023\\\/10\\\/first-Schoenstatt-Family-Group-in-Nigeria-b-1.jpg\",\"articleSection\":[\"Pa\u00edses\"],\"inLanguage\":\"es\"},{\"@type\":\"WebPage\",\"@id\":\"https:\\\/\\\/schoenstatt.com\\\/es\\\/nigeria-primer-grupo-de-matrimonios-sella-la-alianza-de-amor-en-ibadan\\\/\",\"url\":\"https:\\\/\\\/schoenstatt.com\\\/es\\\/nigeria-primer-grupo-de-matrimonios-sella-la-alianza-de-amor-en-ibadan\\\/\",\"name\":\"Nigeria: Primer grupo de matrimonios sella la Alianza de Amor en Ibadan\",\"isPartOf\":{\"@id\":\"https:\\\/\\\/schoenstatt.com\\\/es\\\/#website\"},\"primaryImageOfPage\":{\"@id\":\"https:\\\/\\\/schoenstatt.com\\\/es\\\/nigeria-primer-grupo-de-matrimonios-sella-la-alianza-de-amor-en-ibadan\\\/#primaryimage\"},\"image\":{\"@id\":\"https:\\\/\\\/schoenstatt.com\\\/es\\\/nigeria-primer-grupo-de-matrimonios-sella-la-alianza-de-amor-en-ibadan\\\/#primaryimage\"},\"thumbnailUrl\":\"https:\\\/\\\/schoenstatt.com\\\/wp-content\\\/uploads\\\/2023\\\/10\\\/first-Schoenstatt-Family-Group-in-Nigeria-b-1.jpg\",\"datePublished\":\"2023-11-01T05:24:24+00:00\",\"dateModified\":\"2025-05-15T16:25:01+00:00\",\"description\":\"Generaci\u00f3n Fundadora: El primer Grupo de Familias de Schoenstatt en Nigeria sella la Alianza de Amor en Ibadan.\",\"breadcrumb\":{\"@id\":\"https:\\\/\\\/schoenstatt.com\\\/es\\\/nigeria-primer-grupo-de-matrimonios-sella-la-alianza-de-amor-en-ibadan\\\/#breadcrumb\"},\"inLanguage\":\"es\",\"potentialAction\":[{\"@type\":\"ReadAction\",\"target\":[\"https:\\\/\\\/schoenstatt.com\\\/es\\\/nigeria-primer-grupo-de-matrimonios-sella-la-alianza-de-amor-en-ibadan\\\/\"]}]},{\"@type\":\"ImageObject\",\"inLanguage\":\"es\",\"@id\":\"https:\\\/\\\/schoenstatt.com\\\/es\\\/nigeria-primer-grupo-de-matrimonios-sella-la-alianza-de-amor-en-ibadan\\\/#primaryimage\",\"url\":\"https:\\\/\\\/schoenstatt.com\\\/wp-content\\\/uploads\\\/2023\\\/10\\\/first-Schoenstatt-Family-Group-in-Nigeria-b-1.jpg\",\"contentUrl\":\"https:\\\/\\\/schoenstatt.com\\\/wp-content\\\/uploads\\\/2023\\\/10\\\/first-Schoenstatt-Family-Group-in-Nigeria-b-1.jpg\",\"width\":2048,\"height\":1413},{\"@type\":\"BreadcrumbList\",\"@id\":\"https:\\\/\\\/schoenstatt.com\\\/es\\\/nigeria-primer-grupo-de-matrimonios-sella-la-alianza-de-amor-en-ibadan\\\/#breadcrumb\",\"itemListElement\":[{\"@type\":\"ListItem\",\"position\":1,\"name\":\"Portada\",\"item\":\"https:\\\/\\\/schoenstatt.com\\\/es\\\/home\\\/\"},{\"@type\":\"ListItem\",\"position\":2,\"name\":\"Nigeria: Primer grupo de matrimonios sella la Alianza de Amor en Ibadan\"}]},{\"@type\":\"WebSite\",\"@id\":\"https:\\\/\\\/schoenstatt.com\\\/es\\\/#website\",\"url\":\"https:\\\/\\\/schoenstatt.com\\\/es\\\/\",\"name\":\"Schoenstatt\",\"description\":\"Apostolic Movement\",\"publisher\":{\"@id\":\"https:\\\/\\\/schoenstatt.com\\\/es\\\/#organization\"},\"potentialAction\":[{\"@type\":\"SearchAction\",\"target\":{\"@type\":\"EntryPoint\",\"urlTemplate\":\"https:\\\/\\\/schoenstatt.com\\\/es\\\/?s={search_term_string}\"},\"query-input\":{\"@type\":\"PropertyValueSpecification\",\"valueRequired\":true,\"valueName\":\"search_term_string\"}}],\"inLanguage\":\"es\"},{\"@type\":\"Organization\",\"@id\":\"https:\\\/\\\/schoenstatt.com\\\/es\\\/#organization\",\"name\":\"Schoenstatt\",\"url\":\"https:\\\/\\\/schoenstatt.com\\\/es\\\/\",\"logo\":{\"@type\":\"ImageObject\",\"inLanguage\":\"es\",\"@id\":\"https:\\\/\\\/schoenstatt.com\\\/es\\\/#\\\/schema\\\/logo\\\/image\\\/\",\"url\":\"https:\\\/\\\/schoenstatt.com\\\/wp-content\\\/uploads\\\/2025\\\/04\\\/logo-schoenstatt-white-696x696-1.png\",\"contentUrl\":\"https:\\\/\\\/schoenstatt.com\\\/wp-content\\\/uploads\\\/2025\\\/04\\\/logo-schoenstatt-white-696x696-1.png\",\"width\":696,\"height\":694,\"caption\":\"Schoenstatt\"},\"image\":{\"@id\":\"https:\\\/\\\/schoenstatt.com\\\/es\\\/#\\\/schema\\\/logo\\\/image\\\/\"}},{\"@type\":\"Person\",\"@id\":\"https:\\\/\\\/schoenstatt.com\\\/es\\\/#\\\/schema\\\/person\\\/5158877ad4acae98b34daaeef2a1ce6e\",\"name\":\"Karen Bueno\",\"image\":{\"@type\":\"ImageObject\",\"inLanguage\":\"es\",\"@id\":\"https:\\\/\\\/secure.gravatar.com\\\/avatar\\\/f9f4b823873154269d2b2130f195f6d41037dd0d7fc5f3cacb5c846bae70d66b?s=96&d=mm&r=g\",\"url\":\"https:\\\/\\\/secure.gravatar.com\\\/avatar\\\/f9f4b823873154269d2b2130f195f6d41037dd0d7fc5f3cacb5c846bae70d66b?s=96&d=mm&r=g\",\"contentUrl\":\"https:\\\/\\\/secure.gravatar.com\\\/avatar\\\/f9f4b823873154269d2b2130f195f6d41037dd0d7fc5f3cacb5c846bae70d66b?s=96&d=mm&r=g\",\"caption\":\"Karen Bueno\"},\"url\":\"https:\\\/\\\/schoenstatt.com\\\/es\\\/author\\\/karen-bueno\\\/\"}]}<\/script>\n<!-- \/ Yoast SEO Premium plugin. -->","yoast_head_json":{"title":"Nigeria: Primer grupo de matrimonios sella la Alianza de Amor en Ibadan","description":"Generaci\u00f3n Fundadora: El primer Grupo de Familias de Schoenstatt en Nigeria sella la Alianza de Amor en Ibadan.","robots":{"index":"index","follow":"follow","max-snippet":"max-snippet:-1","max-image-preview":"max-image-preview:large","max-video-preview":"max-video-preview:-1"},"canonical":"https:\/\/schoenstatt.com\/es\/nigeria-primer-grupo-de-matrimonios-sella-la-alianza-de-amor-en-ibadan\/","og_locale":"es_ES","og_type":"article","og_title":"Nigeria: Primer grupo de matrimonios sella la Alianza de Amor en Ibadan","og_description":"Generaci\u00f3n Fundadora: El primer Grupo de Familias de Schoenstatt en Nigeria sella la Alianza de Amor en Ibadan.","og_url":"https:\/\/schoenstatt.com\/es\/nigeria-primer-grupo-de-matrimonios-sella-la-alianza-de-amor-en-ibadan\/","og_site_name":"Schoenstatt","article_published_time":"2023-11-01T05:24:24+00:00","article_modified_time":"2025-05-15T16:25:01+00:00","og_image":[{"width":2048,"height":1413,"url":"https:\/\/schoenstatt.com\/wp-content\/uploads\/2023\/10\/first-Schoenstatt-Family-Group-in-Nigeria-b-1.jpg","type":"image\/jpeg"}],"author":"Karen Bueno","twitter_card":"summary_large_image","twitter_misc":{"Escrito por":"Karen Bueno","Tiempo de lectura":"6 minutos"},"schema":{"@context":"https:\/\/schema.org","@graph":[{"@type":"Article","@id":"https:\/\/schoenstatt.com\/es\/nigeria-primer-grupo-de-matrimonios-sella-la-alianza-de-amor-en-ibadan\/#article","isPartOf":{"@id":"https:\/\/schoenstatt.com\/es\/nigeria-primer-grupo-de-matrimonios-sella-la-alianza-de-amor-en-ibadan\/"},"author":{"name":"Karen Bueno","@id":"https:\/\/schoenstatt.com\/es\/#\/schema\/person\/5158877ad4acae98b34daaeef2a1ce6e"},"headline":"Nigeria: Primer grupo de matrimonios sella la Alianza de Amor en Ibadan","datePublished":"2023-11-01T05:24:24+00:00","dateModified":"2025-05-15T16:25:01+00:00","mainEntityOfPage":{"@id":"https:\/\/schoenstatt.com\/es\/nigeria-primer-grupo-de-matrimonios-sella-la-alianza-de-amor-en-ibadan\/"},"wordCount":1144,"publisher":{"@id":"https:\/\/schoenstatt.com\/es\/#organization"},"image":{"@id":"https:\/\/schoenstatt.com\/es\/nigeria-primer-grupo-de-matrimonios-sella-la-alianza-de-amor-en-ibadan\/#primaryimage"},"thumbnailUrl":"https:\/\/schoenstatt.com\/wp-content\/uploads\/2023\/10\/first-Schoenstatt-Family-Group-in-Nigeria-b-1.jpg","articleSection":["Pa\u00edses"],"inLanguage":"es"},{"@type":"WebPage","@id":"https:\/\/schoenstatt.com\/es\/nigeria-primer-grupo-de-matrimonios-sella-la-alianza-de-amor-en-ibadan\/","url":"https:\/\/schoenstatt.com\/es\/nigeria-primer-grupo-de-matrimonios-sella-la-alianza-de-amor-en-ibadan\/","name":"Nigeria: Primer grupo de matrimonios sella la Alianza de Amor en Ibadan","isPartOf":{"@id":"https:\/\/schoenstatt.com\/es\/#website"},"primaryImageOfPage":{"@id":"https:\/\/schoenstatt.com\/es\/nigeria-primer-grupo-de-matrimonios-sella-la-alianza-de-amor-en-ibadan\/#primaryimage"},"image":{"@id":"https:\/\/schoenstatt.com\/es\/nigeria-primer-grupo-de-matrimonios-sella-la-alianza-de-amor-en-ibadan\/#primaryimage"},"thumbnailUrl":"https:\/\/schoenstatt.com\/wp-content\/uploads\/2023\/10\/first-Schoenstatt-Family-Group-in-Nigeria-b-1.jpg","datePublished":"2023-11-01T05:24:24+00:00","dateModified":"2025-05-15T16:25:01+00:00","description":"Generaci\u00f3n Fundadora: El primer Grupo de Familias de Schoenstatt en Nigeria sella la Alianza de Amor en Ibadan.","breadcrumb":{"@id":"https:\/\/schoenstatt.com\/es\/nigeria-primer-grupo-de-matrimonios-sella-la-alianza-de-amor-en-ibadan\/#breadcrumb"},"inLanguage":"es","potentialAction":[{"@type":"ReadAction","target":["https:\/\/schoenstatt.com\/es\/nigeria-primer-grupo-de-matrimonios-sella-la-alianza-de-amor-en-ibadan\/"]}]},{"@type":"ImageObject","inLanguage":"es","@id":"https:\/\/schoenstatt.com\/es\/nigeria-primer-grupo-de-matrimonios-sella-la-alianza-de-amor-en-ibadan\/#primaryimage","url":"https:\/\/schoenstatt.com\/wp-content\/uploads\/2023\/10\/first-Schoenstatt-Family-Group-in-Nigeria-b-1.jpg","contentUrl":"https:\/\/schoenstatt.com\/wp-content\/uploads\/2023\/10\/first-Schoenstatt-Family-Group-in-Nigeria-b-1.jpg","width":2048,"height":1413},{"@type":"BreadcrumbList","@id":"https:\/\/schoenstatt.com\/es\/nigeria-primer-grupo-de-matrimonios-sella-la-alianza-de-amor-en-ibadan\/#breadcrumb","itemListElement":[{"@type":"ListItem","position":1,"name":"Portada","item":"https:\/\/schoenstatt.com\/es\/home\/"},{"@type":"ListItem","position":2,"name":"Nigeria: Primer grupo de matrimonios sella la Alianza de Amor en Ibadan"}]},{"@type":"WebSite","@id":"https:\/\/schoenstatt.com\/es\/#website","url":"https:\/\/schoenstatt.com\/es\/","name":"Schoenstatt","description":"Apostolic Movement","publisher":{"@id":"https:\/\/schoenstatt.com\/es\/#organization"},"potentialAction":[{"@type":"SearchAction","target":{"@type":"EntryPoint","urlTemplate":"https:\/\/schoenstatt.com\/es\/?s={search_term_string}"},"query-input":{"@type":"PropertyValueSpecification","valueRequired":true,"valueName":"search_term_string"}}],"inLanguage":"es"},{"@type":"Organization","@id":"https:\/\/schoenstatt.com\/es\/#organization","name":"Schoenstatt","url":"https:\/\/schoenstatt.com\/es\/","logo":{"@type":"ImageObject","inLanguage":"es","@id":"https:\/\/schoenstatt.com\/es\/#\/schema\/logo\/image\/","url":"https:\/\/schoenstatt.com\/wp-content\/uploads\/2025\/04\/logo-schoenstatt-white-696x696-1.png","contentUrl":"https:\/\/schoenstatt.com\/wp-content\/uploads\/2025\/04\/logo-schoenstatt-white-696x696-1.png","width":696,"height":694,"caption":"Schoenstatt"},"image":{"@id":"https:\/\/schoenstatt.com\/es\/#\/schema\/logo\/image\/"}},{"@type":"Person","@id":"https:\/\/schoenstatt.com\/es\/#\/schema\/person\/5158877ad4acae98b34daaeef2a1ce6e","name":"Karen Bueno","image":{"@type":"ImageObject","inLanguage":"es","@id":"https:\/\/secure.gravatar.com\/avatar\/f9f4b823873154269d2b2130f195f6d41037dd0d7fc5f3cacb5c846bae70d66b?s=96&d=mm&r=g","url":"https:\/\/secure.gravatar.com\/avatar\/f9f4b823873154269d2b2130f195f6d41037dd0d7fc5f3cacb5c846bae70d66b?s=96&d=mm&r=g","contentUrl":"https:\/\/secure.gravatar.com\/avatar\/f9f4b823873154269d2b2130f195f6d41037dd0d7fc5f3cacb5c846bae70d66b?s=96&d=mm&r=g","caption":"Karen Bueno"},"url":"https:\/\/schoenstatt.com\/es\/author\/karen-bueno\/"}]}},"_links":{"self":[{"href":"https:\/\/schoenstatt.com\/es\/wp-json\/wp\/v2\/posts\/33352","targetHints":{"allow":["GET"]}}],"collection":[{"href":"https:\/\/schoenstatt.com\/es\/wp-json\/wp\/v2\/posts"}],"about":[{"href":"https:\/\/schoenstatt.com\/es\/wp-json\/wp\/v2\/types\/post"}],"author":[{"embeddable":true,"href":"https:\/\/schoenstatt.com\/es\/wp-json\/wp\/v2\/users\/3"}],"replies":[{"embeddable":true,"href":"https:\/\/schoenstatt.com\/es\/wp-json\/wp\/v2\/comments?post=33352"}],"version-history":[{"count":1,"href":"https:\/\/schoenstatt.com\/es\/wp-json\/wp\/v2\/posts\/33352\/revisions"}],"predecessor-version":[{"id":46418,"href":"https:\/\/schoenstatt.com\/es\/wp-json\/wp\/v2\/posts\/33352\/revisions\/46418"}],"wp:featuredmedia":[{"embeddable":true,"href":"https:\/\/schoenstatt.com\/es\/wp-json\/wp\/v2\/media\/33332"}],"wp:attachment":[{"href":"https:\/\/schoenstatt.com\/es\/wp-json\/wp\/v2\/media?parent=33352"}],"wp:term":[{"taxonomy":"category","embeddable":true,"href":"https:\/\/schoenstatt.com\/es\/wp-json\/wp\/v2\/categories?post=33352"},{"taxonomy":"post_tag","embeddable":true,"href":"https:\/\/schoenstatt.com\/es\/wp-json\/wp\/v2\/tags?post=33352"}],"curies":[{"name":"wp","href":"https:\/\/api.w.org\/{rel}","templated":true}]}}