{"id":33300,"date":"2023-10-26T15:44:35","date_gmt":"2023-10-26T13:44:35","guid":{"rendered":"https:\/\/schoenstatt.com\/espiritualidad\/novicos-dos-padres-de-schoenstatt-recebem-a-tunica-de-siao-em-burundi\/"},"modified":"2025-05-15T00:34:13","modified_gmt":"2025-05-14T22:34:13","slug":"fiesta-en-africa-11-novicios-de-cuatro-paises-reciben-la-tunica-de-sion","status":"publish","type":"post","link":"https:\/\/schoenstatt.com\/es\/fiesta-en-africa-11-novicios-de-cuatro-paises-reciben-la-tunica-de-sion\/","title":{"rendered":"Fiesta en \u00c1frica: 11 novicios de cuatro pa\u00edses reciben la T\u00fanica de Si\u00f3n"},"content":{"rendered":"<p>El s\u00e1bado 14 de octubre fue un d\u00eda inolvidable para 11 novicios de los <a href=\"https:\/\/schoenstatt.com\/es\/familia\/comunidades-de-schoenstatt\/priest\/\">Padres de Schoenstatt<\/a> que recibieron la t\u00fanica de Si\u00f3n, prenda distintiva de la comunidad mencionada, que se viste en ocasiones especiales. Este acto marc\u00f3 su entrada oficial en el noviciado del <a href=\"http:\/\/www.schoenstatt-fathers.org\/schoenstatt-fathers\/es\/\" target=\"_blank\" rel=\"noopener\">Instituto de los Padres de Schoenstatt<\/a>. Dicha etapa abarca un per\u00edodo de dos a\u00f1os de formaci\u00f3n para el sacerdocio. La festividad lit\u00fargica dio su comienzo a las 10 de la ma\u00f1ana, hora de Burundi.<\/p>\n<h3>Pueblo sacerdotal, pueblo real<\/h3>\n<p>La misa comenz\u00f3 con el canto de la procesi\u00f3n, yendo el coro delante, los monaguillos detr\u00e1s. Luego, los 11 novicios de cuatro pa\u00edses: dos de Burundi, uno de Tanzania, uno de la Rep\u00fablica Democr\u00e1tica del Congo y siete de Nigeria, con un atuendo especial para ese d\u00eda, y al final m\u00e1s de diez sacerdotes. Adem\u00e1s de los Padres de Schoenstatt que viven en <a href=\"https:\/\/www.peres-schoenstatt.org\/\" target=\"_blank\" rel=\"noopener\">Monte Si\u00f3n Gikungu<\/a>, estuvieron presentes el P. Joy Puthussery, miembro del Consejo General de los Padres de Schoenstatt, responsable de la formaci\u00f3n internacional de su comunidad; el Vicario General de la di\u00f3cesis de Tabora, en Tanzania, originario de la parroquia de Isingiro, di\u00f3cesis de Kayanga, P. Rwechungura Faustine Frugensi; el P. Gilbert Ndayishimiye, del Instituto Diocesano de Sacerdotes de Schoenstatt, recientemente nombrado vicerrector regional para la regi\u00f3n de Nazaret (Burundi).<\/p>\n<p><img fetchpriority=\"high\" decoding=\"async\" class=\"aligncenter wp-image-33242 \" src=\"https:\/\/schoenstatt.com\/wp-content\/uploads\/2023\/10\/novices-Schoenstatt-Fathers-Burundi-2023-c.png\" alt=\"\" width=\"1048\" height=\"698\" \/><\/p>\n<p>La ceremonia tuvo lugar en la capilla eucar\u00edstica situada en la Gran Iglesia de la Trinidad. Esta \u00faltima alberga a 8.000 fieles. El P. Herm\u00e9n\u00e9gilde Coyitungiye, Superior Delegado de los Padres de Schoenstatt en Burundi y los pa\u00edses a su alrededor: Congo, Ruanda, Tanzania, Kenia y Uganda, presidi\u00f3 la misa y el P. Joy tuvo a cargo la homil\u00eda, en la que invit\u00f3 esencialmente a los novicios a hacer de Cristo su prioridad.<\/p>\n<p>La misa finaliz\u00f3 con una procesi\u00f3n al Santuario de Schoenstatt de la Paz y la Reconciliaci\u00f3n, donde los novicios se consagraron a la Madre Tres Veces Admirable, orando por un bendecido proceso de formaci\u00f3n. A la Eucarist\u00eda sigui\u00f3 una comida compartida en el jard\u00edn del noviciado.<\/p>\n<h2><img decoding=\"async\" class=\"aligncenter wp-image-33246 \" src=\"https:\/\/schoenstatt.com\/wp-content\/uploads\/2023\/10\/novices-Schoenstatt-Fathers-Burundi-2023-b.png\" alt=\"\" width=\"1052\" height=\"701\" \/><\/h2>\n<h2>Novicios dan su testimonio<\/h2>\n<p>Uno de los novicios expres\u00f3 que \u201cfue un sue\u00f1o hecho realidad para nosotros. Ese sentimiento especial de formar parte de una llamada especial y m\u00e1s grande. La toma de la T\u00fanica de Si\u00f3n, como siempre dec\u00eda nuestro maestro de novicios, se trata de un gran regalo que se nos hace a los novicios. Es una manera de darnos la bienvenida y es el comienzo oficial del noviciado y de este gran viaje a Ema\u00fas para encontrarnos con Cristo. La ceremonia de la toma fue muy significativa, y comenz\u00f3 con el retiro que nos dio nuestro maestro de novicios, donde nos explic\u00f3 detalladamente lo que es la t\u00fanica de Si\u00f3n y lo que significaba para nosotros como novicios y para la comunidad de los Padres de Schoenstatt. Tambi\u00e9n tuvimos una charla v\u00eda online con el P. Alfred Kistler sobre la historia y los antecedentes de Si\u00f3n\u201d, explic\u00f3.<\/p>\n<p>Otro novicio relat\u00f3 que \u201cese d\u00eda, bien preparados, procedimos a avanzar con caras sonrientes desde la sacrist\u00eda. La alegr\u00eda en nuestros rostros reflejaba la felicidad por recibir finalmente la t\u00fanica de Si\u00f3n despu\u00e9s de muchos a\u00f1os de saborear el momento. Durante la misa, el P. Joy expres\u00f3 que Cristo es nuestra prioridad y que debemos seguir siendo as\u00ed. Luego lleg\u00f3 el momento de los ritos de toma y el sonido resonante de nuestras diciendo con firmeza \u2018Oui, je suis pr\u00eat\u2019 que estamos listos para esta misi\u00f3n y para el viaje, nuestra voluntad de ser parte de esta misi\u00f3n. Tras recibir la t\u00fanica de Si\u00f3n, nuestras familias nos saludaron y felicitaron. Fue un d\u00eda muy nost\u00e1lgico para nosotros\u201d, enfatiz\u00f3 el novicio.<\/p>\n<p><img decoding=\"async\" class=\"aligncenter wp-image-33250 \" src=\"https:\/\/schoenstatt.com\/wp-content\/uploads\/2023\/10\/novices-Schoenstatt-Fathers-Burundi-2023-d.png\" alt=\"\" width=\"1048\" height=\"698\" \/><\/p>\n<h2>Qui\u00e9nes son los nuevos once novicios de los Padres de Schoenstatt en \u00c1frica<\/h2>\n<p>Los novicios que recibieron el 14 de octubre la t\u00fanica de Si\u00f3n son:<\/p>\n<p><strong>De Burundi:<\/strong> Hakizimana Eloge y Ngabonziza Odilon;<\/p>\n<p><strong>De la R.D. de Congo:<\/strong> Muhindo Byeragi Timoth\u00e9e;<\/p>\n<p><strong>De Nigeria:<\/strong> Ogbonnaya Kennedy Chigozie, Ugwuoke Malachi Ejike, Orji Raphael Emmanuel Chukwunonyereanyi, Nnawuihe Jude Chigozie, Akume Wisdom Amejuma, Ahanotu Kennedy Chibundum, Ayogu Emmanuel Obinna;<\/p>\n<p><strong>De Tanzania:<\/strong> Begumisa Anord Thomas.<\/p>\n","protected":false},"excerpt":{"rendered":"<p>En Burundi, 11 j\u00f3venes recibieron la t\u00fanica de Si\u00f3n y entraron en el noviciado del Instituto Secular de los Padres de Schoenstatt. Fue un momento de gran emoci\u00f3n y alegr\u00eda para el continente africano y el Schoenstatt internacional.<\/p>\n","protected":false},"author":3,"featured_media":33238,"comment_status":"closed","ping_status":"closed","sticky":false,"template":"","format":"standard","meta":{"footnotes":""},"categories":[909],"tags":[],"class_list":["post-33300","post","type-post","status-publish","format-standard","has-post-thumbnail","hentry","category-comunidades-de-schoenstatt-es"],"yoast_head":"<!-- This site is optimized with the Yoast SEO Premium plugin v27.4 (Yoast SEO v27.4) - https:\/\/yoast.com\/product\/yoast-seo-premium-wordpress\/ -->\n<title>Fiesta en \u00c1frica: 11 novicios de cuatro pa\u00edses reciben la T\u00fanica de Si\u00f3n<\/title>\n<meta name=\"description\" content=\"En Burundi, 11 j\u00f3venes recibieron la t\u00fanica de Si\u00f3n y entraron en el noviciado de los Padres de Schoenstatt.\" \/>\n<meta name=\"robots\" content=\"index, follow, max-snippet:-1, max-image-preview:large, max-video-preview:-1\" \/>\n<link rel=\"canonical\" href=\"https:\/\/schoenstatt.com\/es\/fiesta-en-africa-11-novicios-de-cuatro-paises-reciben-la-tunica-de-sion\/\" \/>\n<meta property=\"og:locale\" content=\"es_ES\" \/>\n<meta property=\"og:type\" content=\"article\" \/>\n<meta property=\"og:title\" content=\"Fiesta en \u00c1frica: 11 novicios de cuatro pa\u00edses reciben la T\u00fanica de Si\u00f3n\" \/>\n<meta property=\"og:description\" content=\"En Burundi, 11 j\u00f3venes recibieron la t\u00fanica de Si\u00f3n y entraron en el noviciado de los Padres de Schoenstatt.\" \/>\n<meta property=\"og:url\" content=\"https:\/\/schoenstatt.com\/es\/fiesta-en-africa-11-novicios-de-cuatro-paises-reciben-la-tunica-de-sion\/\" \/>\n<meta property=\"og:site_name\" content=\"Schoenstatt\" \/>\n<meta property=\"article:published_time\" content=\"2023-10-26T13:44:35+00:00\" \/>\n<meta property=\"article:modified_time\" content=\"2025-05-14T22:34:13+00:00\" \/>\n<meta property=\"og:image\" content=\"https:\/\/schoenstatt.com\/wp-content\/uploads\/2023\/10\/novices-Schoenstatt-Fathers-Burundi-2023-1.png\" \/>\n\t<meta property=\"og:image:width\" content=\"1186\" \/>\n\t<meta property=\"og:image:height\" content=\"791\" \/>\n\t<meta property=\"og:image:type\" content=\"image\/png\" \/>\n<meta name=\"author\" content=\"Karen Bueno\" \/>\n<meta name=\"twitter:card\" content=\"summary_large_image\" \/>\n<meta name=\"twitter:label1\" content=\"Escrito por\" \/>\n\t<meta name=\"twitter:data1\" content=\"Karen Bueno\" \/>\n\t<meta name=\"twitter:label2\" content=\"Tiempo de lectura\" \/>\n\t<meta name=\"twitter:data2\" content=\"4 minutos\" \/>\n<script type=\"application\/ld+json\" class=\"yoast-schema-graph\">{\"@context\":\"https:\\\/\\\/schema.org\",\"@graph\":[{\"@type\":\"Article\",\"@id\":\"https:\\\/\\\/schoenstatt.com\\\/es\\\/fiesta-en-africa-11-novicios-de-cuatro-paises-reciben-la-tunica-de-sion\\\/#article\",\"isPartOf\":{\"@id\":\"https:\\\/\\\/schoenstatt.com\\\/es\\\/fiesta-en-africa-11-novicios-de-cuatro-paises-reciben-la-tunica-de-sion\\\/\"},\"author\":{\"name\":\"Karen Bueno\",\"@id\":\"https:\\\/\\\/schoenstatt.com\\\/es\\\/#\\\/schema\\\/person\\\/5158877ad4acae98b34daaeef2a1ce6e\"},\"headline\":\"Fiesta en \u00c1frica: 11 novicios de cuatro pa\u00edses reciben la T\u00fanica de Si\u00f3n\",\"datePublished\":\"2023-10-26T13:44:35+00:00\",\"dateModified\":\"2025-05-14T22:34:13+00:00\",\"mainEntityOfPage\":{\"@id\":\"https:\\\/\\\/schoenstatt.com\\\/es\\\/fiesta-en-africa-11-novicios-de-cuatro-paises-reciben-la-tunica-de-sion\\\/\"},\"wordCount\":746,\"publisher\":{\"@id\":\"https:\\\/\\\/schoenstatt.com\\\/es\\\/#organization\"},\"image\":{\"@id\":\"https:\\\/\\\/schoenstatt.com\\\/es\\\/fiesta-en-africa-11-novicios-de-cuatro-paises-reciben-la-tunica-de-sion\\\/#primaryimage\"},\"thumbnailUrl\":\"https:\\\/\\\/schoenstatt.com\\\/wp-content\\\/uploads\\\/2023\\\/10\\\/novices-Schoenstatt-Fathers-Burundi-2023-1.png\",\"articleSection\":[\"Comunidades de Schoenstatt\"],\"inLanguage\":\"es\"},{\"@type\":\"WebPage\",\"@id\":\"https:\\\/\\\/schoenstatt.com\\\/es\\\/fiesta-en-africa-11-novicios-de-cuatro-paises-reciben-la-tunica-de-sion\\\/\",\"url\":\"https:\\\/\\\/schoenstatt.com\\\/es\\\/fiesta-en-africa-11-novicios-de-cuatro-paises-reciben-la-tunica-de-sion\\\/\",\"name\":\"Fiesta en \u00c1frica: 11 novicios de cuatro pa\u00edses reciben la T\u00fanica de Si\u00f3n\",\"isPartOf\":{\"@id\":\"https:\\\/\\\/schoenstatt.com\\\/es\\\/#website\"},\"primaryImageOfPage\":{\"@id\":\"https:\\\/\\\/schoenstatt.com\\\/es\\\/fiesta-en-africa-11-novicios-de-cuatro-paises-reciben-la-tunica-de-sion\\\/#primaryimage\"},\"image\":{\"@id\":\"https:\\\/\\\/schoenstatt.com\\\/es\\\/fiesta-en-africa-11-novicios-de-cuatro-paises-reciben-la-tunica-de-sion\\\/#primaryimage\"},\"thumbnailUrl\":\"https:\\\/\\\/schoenstatt.com\\\/wp-content\\\/uploads\\\/2023\\\/10\\\/novices-Schoenstatt-Fathers-Burundi-2023-1.png\",\"datePublished\":\"2023-10-26T13:44:35+00:00\",\"dateModified\":\"2025-05-14T22:34:13+00:00\",\"description\":\"En Burundi, 11 j\u00f3venes recibieron la t\u00fanica de Si\u00f3n y entraron en el noviciado de los Padres de Schoenstatt.\",\"breadcrumb\":{\"@id\":\"https:\\\/\\\/schoenstatt.com\\\/es\\\/fiesta-en-africa-11-novicios-de-cuatro-paises-reciben-la-tunica-de-sion\\\/#breadcrumb\"},\"inLanguage\":\"es\",\"potentialAction\":[{\"@type\":\"ReadAction\",\"target\":[\"https:\\\/\\\/schoenstatt.com\\\/es\\\/fiesta-en-africa-11-novicios-de-cuatro-paises-reciben-la-tunica-de-sion\\\/\"]}]},{\"@type\":\"ImageObject\",\"inLanguage\":\"es\",\"@id\":\"https:\\\/\\\/schoenstatt.com\\\/es\\\/fiesta-en-africa-11-novicios-de-cuatro-paises-reciben-la-tunica-de-sion\\\/#primaryimage\",\"url\":\"https:\\\/\\\/schoenstatt.com\\\/wp-content\\\/uploads\\\/2023\\\/10\\\/novices-Schoenstatt-Fathers-Burundi-2023-1.png\",\"contentUrl\":\"https:\\\/\\\/schoenstatt.com\\\/wp-content\\\/uploads\\\/2023\\\/10\\\/novices-Schoenstatt-Fathers-Burundi-2023-1.png\",\"width\":1186,\"height\":791},{\"@type\":\"BreadcrumbList\",\"@id\":\"https:\\\/\\\/schoenstatt.com\\\/es\\\/fiesta-en-africa-11-novicios-de-cuatro-paises-reciben-la-tunica-de-sion\\\/#breadcrumb\",\"itemListElement\":[{\"@type\":\"ListItem\",\"position\":1,\"name\":\"Portada\",\"item\":\"https:\\\/\\\/schoenstatt.com\\\/es\\\/home\\\/\"},{\"@type\":\"ListItem\",\"position\":2,\"name\":\"Fiesta en \u00c1frica: 11 novicios de cuatro pa\u00edses reciben la T\u00fanica de Si\u00f3n\"}]},{\"@type\":\"WebSite\",\"@id\":\"https:\\\/\\\/schoenstatt.com\\\/es\\\/#website\",\"url\":\"https:\\\/\\\/schoenstatt.com\\\/es\\\/\",\"name\":\"Schoenstatt\",\"description\":\"Apostolic Movement\",\"publisher\":{\"@id\":\"https:\\\/\\\/schoenstatt.com\\\/es\\\/#organization\"},\"potentialAction\":[{\"@type\":\"SearchAction\",\"target\":{\"@type\":\"EntryPoint\",\"urlTemplate\":\"https:\\\/\\\/schoenstatt.com\\\/es\\\/?s={search_term_string}\"},\"query-input\":{\"@type\":\"PropertyValueSpecification\",\"valueRequired\":true,\"valueName\":\"search_term_string\"}}],\"inLanguage\":\"es\"},{\"@type\":\"Organization\",\"@id\":\"https:\\\/\\\/schoenstatt.com\\\/es\\\/#organization\",\"name\":\"Schoenstatt\",\"url\":\"https:\\\/\\\/schoenstatt.com\\\/es\\\/\",\"logo\":{\"@type\":\"ImageObject\",\"inLanguage\":\"es\",\"@id\":\"https:\\\/\\\/schoenstatt.com\\\/es\\\/#\\\/schema\\\/logo\\\/image\\\/\",\"url\":\"https:\\\/\\\/schoenstatt.com\\\/wp-content\\\/uploads\\\/2025\\\/04\\\/logo-schoenstatt-white-696x696-1.png\",\"contentUrl\":\"https:\\\/\\\/schoenstatt.com\\\/wp-content\\\/uploads\\\/2025\\\/04\\\/logo-schoenstatt-white-696x696-1.png\",\"width\":696,\"height\":694,\"caption\":\"Schoenstatt\"},\"image\":{\"@id\":\"https:\\\/\\\/schoenstatt.com\\\/es\\\/#\\\/schema\\\/logo\\\/image\\\/\"}},{\"@type\":\"Person\",\"@id\":\"https:\\\/\\\/schoenstatt.com\\\/es\\\/#\\\/schema\\\/person\\\/5158877ad4acae98b34daaeef2a1ce6e\",\"name\":\"Karen Bueno\",\"image\":{\"@type\":\"ImageObject\",\"inLanguage\":\"es\",\"@id\":\"https:\\\/\\\/secure.gravatar.com\\\/avatar\\\/f9f4b823873154269d2b2130f195f6d41037dd0d7fc5f3cacb5c846bae70d66b?s=96&d=mm&r=g\",\"url\":\"https:\\\/\\\/secure.gravatar.com\\\/avatar\\\/f9f4b823873154269d2b2130f195f6d41037dd0d7fc5f3cacb5c846bae70d66b?s=96&d=mm&r=g\",\"contentUrl\":\"https:\\\/\\\/secure.gravatar.com\\\/avatar\\\/f9f4b823873154269d2b2130f195f6d41037dd0d7fc5f3cacb5c846bae70d66b?s=96&d=mm&r=g\",\"caption\":\"Karen Bueno\"},\"url\":\"https:\\\/\\\/schoenstatt.com\\\/es\\\/author\\\/karen-bueno\\\/\"}]}<\/script>\n<!-- \/ Yoast SEO Premium plugin. -->","yoast_head_json":{"title":"Fiesta en \u00c1frica: 11 novicios de cuatro pa\u00edses reciben la T\u00fanica de Si\u00f3n","description":"En Burundi, 11 j\u00f3venes recibieron la t\u00fanica de Si\u00f3n y entraron en el noviciado de los Padres de Schoenstatt.","robots":{"index":"index","follow":"follow","max-snippet":"max-snippet:-1","max-image-preview":"max-image-preview:large","max-video-preview":"max-video-preview:-1"},"canonical":"https:\/\/schoenstatt.com\/es\/fiesta-en-africa-11-novicios-de-cuatro-paises-reciben-la-tunica-de-sion\/","og_locale":"es_ES","og_type":"article","og_title":"Fiesta en \u00c1frica: 11 novicios de cuatro pa\u00edses reciben la T\u00fanica de Si\u00f3n","og_description":"En Burundi, 11 j\u00f3venes recibieron la t\u00fanica de Si\u00f3n y entraron en el noviciado de los Padres de Schoenstatt.","og_url":"https:\/\/schoenstatt.com\/es\/fiesta-en-africa-11-novicios-de-cuatro-paises-reciben-la-tunica-de-sion\/","og_site_name":"Schoenstatt","article_published_time":"2023-10-26T13:44:35+00:00","article_modified_time":"2025-05-14T22:34:13+00:00","og_image":[{"width":1186,"height":791,"url":"https:\/\/schoenstatt.com\/wp-content\/uploads\/2023\/10\/novices-Schoenstatt-Fathers-Burundi-2023-1.png","type":"image\/png"}],"author":"Karen Bueno","twitter_card":"summary_large_image","twitter_misc":{"Escrito por":"Karen Bueno","Tiempo de lectura":"4 minutos"},"schema":{"@context":"https:\/\/schema.org","@graph":[{"@type":"Article","@id":"https:\/\/schoenstatt.com\/es\/fiesta-en-africa-11-novicios-de-cuatro-paises-reciben-la-tunica-de-sion\/#article","isPartOf":{"@id":"https:\/\/schoenstatt.com\/es\/fiesta-en-africa-11-novicios-de-cuatro-paises-reciben-la-tunica-de-sion\/"},"author":{"name":"Karen Bueno","@id":"https:\/\/schoenstatt.com\/es\/#\/schema\/person\/5158877ad4acae98b34daaeef2a1ce6e"},"headline":"Fiesta en \u00c1frica: 11 novicios de cuatro pa\u00edses reciben la T\u00fanica de Si\u00f3n","datePublished":"2023-10-26T13:44:35+00:00","dateModified":"2025-05-14T22:34:13+00:00","mainEntityOfPage":{"@id":"https:\/\/schoenstatt.com\/es\/fiesta-en-africa-11-novicios-de-cuatro-paises-reciben-la-tunica-de-sion\/"},"wordCount":746,"publisher":{"@id":"https:\/\/schoenstatt.com\/es\/#organization"},"image":{"@id":"https:\/\/schoenstatt.com\/es\/fiesta-en-africa-11-novicios-de-cuatro-paises-reciben-la-tunica-de-sion\/#primaryimage"},"thumbnailUrl":"https:\/\/schoenstatt.com\/wp-content\/uploads\/2023\/10\/novices-Schoenstatt-Fathers-Burundi-2023-1.png","articleSection":["Comunidades de Schoenstatt"],"inLanguage":"es"},{"@type":"WebPage","@id":"https:\/\/schoenstatt.com\/es\/fiesta-en-africa-11-novicios-de-cuatro-paises-reciben-la-tunica-de-sion\/","url":"https:\/\/schoenstatt.com\/es\/fiesta-en-africa-11-novicios-de-cuatro-paises-reciben-la-tunica-de-sion\/","name":"Fiesta en \u00c1frica: 11 novicios de cuatro pa\u00edses reciben la T\u00fanica de Si\u00f3n","isPartOf":{"@id":"https:\/\/schoenstatt.com\/es\/#website"},"primaryImageOfPage":{"@id":"https:\/\/schoenstatt.com\/es\/fiesta-en-africa-11-novicios-de-cuatro-paises-reciben-la-tunica-de-sion\/#primaryimage"},"image":{"@id":"https:\/\/schoenstatt.com\/es\/fiesta-en-africa-11-novicios-de-cuatro-paises-reciben-la-tunica-de-sion\/#primaryimage"},"thumbnailUrl":"https:\/\/schoenstatt.com\/wp-content\/uploads\/2023\/10\/novices-Schoenstatt-Fathers-Burundi-2023-1.png","datePublished":"2023-10-26T13:44:35+00:00","dateModified":"2025-05-14T22:34:13+00:00","description":"En Burundi, 11 j\u00f3venes recibieron la t\u00fanica de Si\u00f3n y entraron en el noviciado de los Padres de Schoenstatt.","breadcrumb":{"@id":"https:\/\/schoenstatt.com\/es\/fiesta-en-africa-11-novicios-de-cuatro-paises-reciben-la-tunica-de-sion\/#breadcrumb"},"inLanguage":"es","potentialAction":[{"@type":"ReadAction","target":["https:\/\/schoenstatt.com\/es\/fiesta-en-africa-11-novicios-de-cuatro-paises-reciben-la-tunica-de-sion\/"]}]},{"@type":"ImageObject","inLanguage":"es","@id":"https:\/\/schoenstatt.com\/es\/fiesta-en-africa-11-novicios-de-cuatro-paises-reciben-la-tunica-de-sion\/#primaryimage","url":"https:\/\/schoenstatt.com\/wp-content\/uploads\/2023\/10\/novices-Schoenstatt-Fathers-Burundi-2023-1.png","contentUrl":"https:\/\/schoenstatt.com\/wp-content\/uploads\/2023\/10\/novices-Schoenstatt-Fathers-Burundi-2023-1.png","width":1186,"height":791},{"@type":"BreadcrumbList","@id":"https:\/\/schoenstatt.com\/es\/fiesta-en-africa-11-novicios-de-cuatro-paises-reciben-la-tunica-de-sion\/#breadcrumb","itemListElement":[{"@type":"ListItem","position":1,"name":"Portada","item":"https:\/\/schoenstatt.com\/es\/home\/"},{"@type":"ListItem","position":2,"name":"Fiesta en \u00c1frica: 11 novicios de cuatro pa\u00edses reciben la T\u00fanica de Si\u00f3n"}]},{"@type":"WebSite","@id":"https:\/\/schoenstatt.com\/es\/#website","url":"https:\/\/schoenstatt.com\/es\/","name":"Schoenstatt","description":"Apostolic Movement","publisher":{"@id":"https:\/\/schoenstatt.com\/es\/#organization"},"potentialAction":[{"@type":"SearchAction","target":{"@type":"EntryPoint","urlTemplate":"https:\/\/schoenstatt.com\/es\/?s={search_term_string}"},"query-input":{"@type":"PropertyValueSpecification","valueRequired":true,"valueName":"search_term_string"}}],"inLanguage":"es"},{"@type":"Organization","@id":"https:\/\/schoenstatt.com\/es\/#organization","name":"Schoenstatt","url":"https:\/\/schoenstatt.com\/es\/","logo":{"@type":"ImageObject","inLanguage":"es","@id":"https:\/\/schoenstatt.com\/es\/#\/schema\/logo\/image\/","url":"https:\/\/schoenstatt.com\/wp-content\/uploads\/2025\/04\/logo-schoenstatt-white-696x696-1.png","contentUrl":"https:\/\/schoenstatt.com\/wp-content\/uploads\/2025\/04\/logo-schoenstatt-white-696x696-1.png","width":696,"height":694,"caption":"Schoenstatt"},"image":{"@id":"https:\/\/schoenstatt.com\/es\/#\/schema\/logo\/image\/"}},{"@type":"Person","@id":"https:\/\/schoenstatt.com\/es\/#\/schema\/person\/5158877ad4acae98b34daaeef2a1ce6e","name":"Karen Bueno","image":{"@type":"ImageObject","inLanguage":"es","@id":"https:\/\/secure.gravatar.com\/avatar\/f9f4b823873154269d2b2130f195f6d41037dd0d7fc5f3cacb5c846bae70d66b?s=96&d=mm&r=g","url":"https:\/\/secure.gravatar.com\/avatar\/f9f4b823873154269d2b2130f195f6d41037dd0d7fc5f3cacb5c846bae70d66b?s=96&d=mm&r=g","contentUrl":"https:\/\/secure.gravatar.com\/avatar\/f9f4b823873154269d2b2130f195f6d41037dd0d7fc5f3cacb5c846bae70d66b?s=96&d=mm&r=g","caption":"Karen Bueno"},"url":"https:\/\/schoenstatt.com\/es\/author\/karen-bueno\/"}]}},"_links":{"self":[{"href":"https:\/\/schoenstatt.com\/es\/wp-json\/wp\/v2\/posts\/33300","targetHints":{"allow":["GET"]}}],"collection":[{"href":"https:\/\/schoenstatt.com\/es\/wp-json\/wp\/v2\/posts"}],"about":[{"href":"https:\/\/schoenstatt.com\/es\/wp-json\/wp\/v2\/types\/post"}],"author":[{"embeddable":true,"href":"https:\/\/schoenstatt.com\/es\/wp-json\/wp\/v2\/users\/3"}],"replies":[{"embeddable":true,"href":"https:\/\/schoenstatt.com\/es\/wp-json\/wp\/v2\/comments?post=33300"}],"version-history":[{"count":1,"href":"https:\/\/schoenstatt.com\/es\/wp-json\/wp\/v2\/posts\/33300\/revisions"}],"predecessor-version":[{"id":46400,"href":"https:\/\/schoenstatt.com\/es\/wp-json\/wp\/v2\/posts\/33300\/revisions\/46400"}],"wp:featuredmedia":[{"embeddable":true,"href":"https:\/\/schoenstatt.com\/es\/wp-json\/wp\/v2\/media\/33238"}],"wp:attachment":[{"href":"https:\/\/schoenstatt.com\/es\/wp-json\/wp\/v2\/media?parent=33300"}],"wp:term":[{"taxonomy":"category","embeddable":true,"href":"https:\/\/schoenstatt.com\/es\/wp-json\/wp\/v2\/categories?post=33300"},{"taxonomy":"post_tag","embeddable":true,"href":"https:\/\/schoenstatt.com\/es\/wp-json\/wp\/v2\/tags?post=33300"}],"curies":[{"name":"wp","href":"https:\/\/api.w.org\/{rel}","templated":true}]}}