{"id":33229,"date":"2023-10-25T14:45:07","date_gmt":"2023-10-25T12:45:07","guid":{"rendered":"https:\/\/schoenstatt.com\/espiritualidad\/usa-mount-schoenstatt-celebrates-15th-anniversary-of-shrine-dedication\/"},"modified":"2025-05-15T18:25:04","modified_gmt":"2025-05-15T16:25:04","slug":"eeuu-monte-schoenstatt-celebra-el-15-aniversario-de-la-bendicion-de-su-santuario","status":"publish","type":"post","link":"https:\/\/schoenstatt.com\/es\/eeuu-monte-schoenstatt-celebra-el-15-aniversario-de-la-bendicion-de-su-santuario\/","title":{"rendered":"EEUU, San Antonio: El Monte Schoenstatt celebra el 15\u00ba aniversario de la bendici\u00f3n de su Santuario"},"content":{"rendered":"<p>Bendecido el 18 de octubre de 2008, el <a href=\"https:\/\/www.mountschoenstatt.org\/\" target=\"_blank\" rel=\"noopener\">Santuario \u00abCor Unum in Patre\u00bb<\/a> es el noveno Santuario de Schoenstatt en Estados Unidos. \u00abCor Unum in Patre\u00bb se traduce del lat\u00edn como \u00abUn coraz\u00f3n en el Padre\u00bb.<\/p>\n<p>El domingo 15 de octubre, la Familia de Schoenstatt de la Arquidi\u00f3cesis de San Antonio se reuni\u00f3 en torno al Santuario Cor Unum in Patre para celebrar el 15\u00ba aniversario de la bendici\u00f3n de su Santuario. Celebrada por el P. Gonzalo Villaseca, asesor de Hombres Profesionales y Universitarios del Movimiento de Schoenstatt de Austin, la Misa de aniversario fue precedida por el rezo del Santo Rosario y fue seguida por una recepci\u00f3n en el Kentenich Hall. El P. Gonzalo fue asistido por los Di\u00e1conos Tony Ludolph y Paul Williams.<\/p>\n<p>Muchas de las personas que ayudaron a dar nacimiento al movimiento de Schoenstatt en San Antonio hace varias d\u00e9cadas estuvieron presentes para este importante hito. Entre ellos se encontraba Kathyleen Colunga, jefa del Consejo Internacional de la <a href=\"https:\/\/schoenstatt.com\/es\/familia\/comunidades-de-schoenstatt\/woman\/\">Federaci\u00f3n de Madres de Schoenstatt<\/a>.<\/p>\n<p><img fetchpriority=\"high\" decoding=\"async\" class=\"aligncenter wp-image-33189 \" src=\"https:\/\/schoenstatt.com\/wp-content\/uploads\/2023\/10\/schoenstatt-shrine-san-antonio-TX-2-scaled.jpg\" alt=\"\" width=\"975\" height=\"731\" \/><\/p>\n<h2>Es donde abrimos nuestros corazones para ser transformados por Mar\u00eda<\/h2>\n<p>En su homil\u00eda sobre el Evangelio del domingo (Mt 22, 1-10), el Padre Gonzalo nos record\u00f3 que necesitamos preparar nuestros corazones para el banquete de bodas y que la preparaci\u00f3n para el banquete tiene lugar en el Santuario, donde nos sentamos y esperamos el consuelo y la paciencia de la Sant\u00edsima Virgen, y por su educaci\u00f3n. Es all\u00ed donde abrimos nuestros corazones para ser transformados por Mar\u00eda y donde ella nos corrige y nos ense\u00f1a con su dulzura a amar al Se\u00f1or como ella.<\/p>\n<p>En los \u00faltimos 15 a\u00f1os, a trav\u00e9s de las gracias que fluyen del Santuario Cor Unum in Patre, el Movimiento de Schoenstatt de San Antonio ha crecido enormemente. El Monte Schoenstatt est\u00e1 abierto todos los d\u00edas y est\u00e1 lleno de actividades semanales de la rama familiar, la rama de madres, las ramas juveniles masculina y femenina y el Apostolado de la Virgen Peregrina de Schoenstatt. La Mater llama continuamente a sus hijos hacia ella, invit\u00e1ndolos a sellar una Alianza de Amor con ella para que los prepare para el banquete de bodas.<\/p>\n<p>Como expres\u00f3 el Padre Gonzalo, una gran invitaci\u00f3n y una gran fiesta no se dan sin una gran preparaci\u00f3n: \u00a1Nada sin ti, nada sin nosotros!<\/p>\n<p><img decoding=\"async\" class=\"aligncenter wp-image-33193 \" src=\"https:\/\/schoenstatt.com\/wp-content\/uploads\/2023\/10\/schoenstatt-shrine-san-antonio-TX-4.jpg\" alt=\"\" width=\"939\" height=\"704\" \/><\/p>\n<h3>Breve historia del movimiento de Schoenstatt en San Antonio, Texas<\/h3>\n<p>La espiritualidad de Schoenstatt lleg\u00f3 a la arquidi\u00f3cesis de San Antonio en 1962 con la llegada de cuatro Hermanas de Mar\u00eda de Schoenstatt a la iglesia cat\u00f3lica de San Lorenzo M\u00e1rtir, en el extremo sur de la ciudad. Despu\u00e9s de organizar una nueva escuela para la parroquia, las hermanas establecieron un grupo juvenil femenino entre las j\u00f3venes de s\u00e9ptimo y octavo curso, as\u00ed como grupos para muchachos, matrimonios y madres.<\/p>\n<p>Pronto se construy\u00f3 la primera ermita de San Antonio, el Santuario de la Unidad, junto a la residencia de las Hermanas de Mar\u00eda, calle abajo de la parroquia. M\u00e1s grupos de Schoenstatt se formaron a lo largo de las d\u00e9cadas de 1970 y 1980, y el Santuario de la Unidad se convirti\u00f3 en un lugar de peregrinaci\u00f3n. En 1973, la joven comunidad de Schoenstatt coron\u00f3 a su Madre como Reina de la Unidad con la petici\u00f3n de que los ayudara a construir una r\u00e9plica del Santuario Original para la Arquidi\u00f3cesis de San Antonio.<\/p>\n<p>Mientras la joven comunidad de Schoenstatt esperaba encontrar la propiedad adecuada para construir su Santuario, una generosa familia don\u00f3 una propiedad para construir una ermita. Con las donaciones, se construy\u00f3 la ermita Fuente de la Unidad Familiar, que fue bendecida por el Arzobispo Patricio F. Flores en 1990.<\/p>\n<p>Pasaron varios a\u00f1os de b\u00fasqueda hasta que finalmente se encontr\u00f3 la hermosa propiedad de 21 hect\u00e1reas (52 acres) que finalmente se convirti\u00f3 en el Monte Schoenstatt. Gracias a un benefactor extremadamente generoso, se compr\u00f3 el terreno, enclavado en las pintorescas colinas de Helotes, Texas, y en 2008 se bendijo el Santuario Cor Unum in Patre.<\/p>\n","protected":false},"excerpt":{"rendered":"<p>El 15 de octubre, Mount Schoenstatt, ubicado en Helotes, Texas, Estados Unidos, celebr\u00f3 el 15\u00ba aniversario de la bendici\u00f3n de su Santuario Cor Unum in Patre en un predio paradis\u00edaco de 21 hect\u00e1reas.<\/p>\n","protected":false},"author":3,"featured_media":33185,"comment_status":"closed","ping_status":"closed","sticky":false,"template":"","format":"standard","meta":{"footnotes":""},"categories":[790],"tags":[],"class_list":["post-33229","post","type-post","status-publish","format-standard","has-post-thumbnail","hentry","category-paises-es"],"yoast_head":"<!-- This site is optimized with the Yoast SEO Premium plugin v27.4 (Yoast SEO v27.4) - https:\/\/yoast.com\/product\/yoast-seo-premium-wordpress\/ -->\n<title>EEUU, San Antonio: El Monte Schoenstatt celebra el 15\u00ba aniversario de la bendici\u00f3n de su Santuario<\/title>\n<meta name=\"description\" content=\"Mount Schoenstatt, ubicado en Texas, USA, celebr\u00f3 el 15\u00ba aniversario de la bendici\u00f3n de su Santuario Cor Unum in Patre.\" \/>\n<meta name=\"robots\" content=\"index, follow, max-snippet:-1, max-image-preview:large, max-video-preview:-1\" \/>\n<link rel=\"canonical\" href=\"https:\/\/schoenstatt.com\/es\/eeuu-monte-schoenstatt-celebra-el-15-aniversario-de-la-bendicion-de-su-santuario\/\" \/>\n<meta property=\"og:locale\" content=\"es_ES\" \/>\n<meta property=\"og:type\" content=\"article\" \/>\n<meta property=\"og:title\" content=\"EEUU, San Antonio: El Monte Schoenstatt celebra el 15\u00ba aniversario de la bendici\u00f3n de su Santuario\" \/>\n<meta property=\"og:description\" content=\"Mount Schoenstatt, ubicado en Texas, USA, celebr\u00f3 el 15\u00ba aniversario de la bendici\u00f3n de su Santuario Cor Unum in Patre.\" \/>\n<meta property=\"og:url\" content=\"https:\/\/schoenstatt.com\/es\/eeuu-monte-schoenstatt-celebra-el-15-aniversario-de-la-bendicion-de-su-santuario\/\" \/>\n<meta property=\"og:site_name\" content=\"Schoenstatt\" \/>\n<meta property=\"article:published_time\" content=\"2023-10-25T12:45:07+00:00\" \/>\n<meta property=\"article:modified_time\" content=\"2025-05-15T16:25:04+00:00\" \/>\n<meta property=\"og:image\" content=\"https:\/\/schoenstatt.com\/wp-content\/uploads\/2023\/10\/schoenstatt-shrine-san-antonio-TX-1.jpg\" \/>\n\t<meta property=\"og:image:width\" content=\"2048\" \/>\n\t<meta property=\"og:image:height\" content=\"1536\" \/>\n\t<meta property=\"og:image:type\" content=\"image\/jpeg\" \/>\n<meta name=\"author\" content=\"Karen Bueno\" \/>\n<meta name=\"twitter:card\" content=\"summary_large_image\" \/>\n<meta name=\"twitter:label1\" content=\"Escrito por\" \/>\n\t<meta name=\"twitter:data1\" content=\"Karen Bueno\" \/>\n\t<meta name=\"twitter:label2\" content=\"Tiempo de lectura\" \/>\n\t<meta name=\"twitter:data2\" content=\"4 minutos\" \/>\n<script type=\"application\/ld+json\" class=\"yoast-schema-graph\">{\"@context\":\"https:\\\/\\\/schema.org\",\"@graph\":[{\"@type\":\"Article\",\"@id\":\"https:\\\/\\\/schoenstatt.com\\\/es\\\/eeuu-monte-schoenstatt-celebra-el-15-aniversario-de-la-bendicion-de-su-santuario\\\/#article\",\"isPartOf\":{\"@id\":\"https:\\\/\\\/schoenstatt.com\\\/es\\\/eeuu-monte-schoenstatt-celebra-el-15-aniversario-de-la-bendicion-de-su-santuario\\\/\"},\"author\":{\"name\":\"Karen Bueno\",\"@id\":\"https:\\\/\\\/schoenstatt.com\\\/es\\\/#\\\/schema\\\/person\\\/5158877ad4acae98b34daaeef2a1ce6e\"},\"headline\":\"EEUU, San Antonio: El Monte Schoenstatt celebra el 15\u00ba aniversario de la bendici\u00f3n de su Santuario\",\"datePublished\":\"2023-10-25T12:45:07+00:00\",\"dateModified\":\"2025-05-15T16:25:04+00:00\",\"mainEntityOfPage\":{\"@id\":\"https:\\\/\\\/schoenstatt.com\\\/es\\\/eeuu-monte-schoenstatt-celebra-el-15-aniversario-de-la-bendicion-de-su-santuario\\\/\"},\"wordCount\":695,\"publisher\":{\"@id\":\"https:\\\/\\\/schoenstatt.com\\\/es\\\/#organization\"},\"image\":{\"@id\":\"https:\\\/\\\/schoenstatt.com\\\/es\\\/eeuu-monte-schoenstatt-celebra-el-15-aniversario-de-la-bendicion-de-su-santuario\\\/#primaryimage\"},\"thumbnailUrl\":\"https:\\\/\\\/schoenstatt.com\\\/wp-content\\\/uploads\\\/2023\\\/10\\\/schoenstatt-shrine-san-antonio-TX-1.jpg\",\"articleSection\":[\"Pa\u00edses\"],\"inLanguage\":\"es\"},{\"@type\":\"WebPage\",\"@id\":\"https:\\\/\\\/schoenstatt.com\\\/es\\\/eeuu-monte-schoenstatt-celebra-el-15-aniversario-de-la-bendicion-de-su-santuario\\\/\",\"url\":\"https:\\\/\\\/schoenstatt.com\\\/es\\\/eeuu-monte-schoenstatt-celebra-el-15-aniversario-de-la-bendicion-de-su-santuario\\\/\",\"name\":\"EEUU, San Antonio: El Monte Schoenstatt celebra el 15\u00ba aniversario de la bendici\u00f3n de su Santuario\",\"isPartOf\":{\"@id\":\"https:\\\/\\\/schoenstatt.com\\\/es\\\/#website\"},\"primaryImageOfPage\":{\"@id\":\"https:\\\/\\\/schoenstatt.com\\\/es\\\/eeuu-monte-schoenstatt-celebra-el-15-aniversario-de-la-bendicion-de-su-santuario\\\/#primaryimage\"},\"image\":{\"@id\":\"https:\\\/\\\/schoenstatt.com\\\/es\\\/eeuu-monte-schoenstatt-celebra-el-15-aniversario-de-la-bendicion-de-su-santuario\\\/#primaryimage\"},\"thumbnailUrl\":\"https:\\\/\\\/schoenstatt.com\\\/wp-content\\\/uploads\\\/2023\\\/10\\\/schoenstatt-shrine-san-antonio-TX-1.jpg\",\"datePublished\":\"2023-10-25T12:45:07+00:00\",\"dateModified\":\"2025-05-15T16:25:04+00:00\",\"description\":\"Mount Schoenstatt, ubicado en Texas, USA, celebr\u00f3 el 15\u00ba aniversario de la bendici\u00f3n de su Santuario Cor Unum in Patre.\",\"breadcrumb\":{\"@id\":\"https:\\\/\\\/schoenstatt.com\\\/es\\\/eeuu-monte-schoenstatt-celebra-el-15-aniversario-de-la-bendicion-de-su-santuario\\\/#breadcrumb\"},\"inLanguage\":\"es\",\"potentialAction\":[{\"@type\":\"ReadAction\",\"target\":[\"https:\\\/\\\/schoenstatt.com\\\/es\\\/eeuu-monte-schoenstatt-celebra-el-15-aniversario-de-la-bendicion-de-su-santuario\\\/\"]}]},{\"@type\":\"ImageObject\",\"inLanguage\":\"es\",\"@id\":\"https:\\\/\\\/schoenstatt.com\\\/es\\\/eeuu-monte-schoenstatt-celebra-el-15-aniversario-de-la-bendicion-de-su-santuario\\\/#primaryimage\",\"url\":\"https:\\\/\\\/schoenstatt.com\\\/wp-content\\\/uploads\\\/2023\\\/10\\\/schoenstatt-shrine-san-antonio-TX-1.jpg\",\"contentUrl\":\"https:\\\/\\\/schoenstatt.com\\\/wp-content\\\/uploads\\\/2023\\\/10\\\/schoenstatt-shrine-san-antonio-TX-1.jpg\",\"width\":2048,\"height\":1536},{\"@type\":\"BreadcrumbList\",\"@id\":\"https:\\\/\\\/schoenstatt.com\\\/es\\\/eeuu-monte-schoenstatt-celebra-el-15-aniversario-de-la-bendicion-de-su-santuario\\\/#breadcrumb\",\"itemListElement\":[{\"@type\":\"ListItem\",\"position\":1,\"name\":\"Portada\",\"item\":\"https:\\\/\\\/schoenstatt.com\\\/es\\\/home\\\/\"},{\"@type\":\"ListItem\",\"position\":2,\"name\":\"EEUU, San Antonio: El Monte Schoenstatt celebra el 15\u00ba aniversario de la bendici\u00f3n de su Santuario\"}]},{\"@type\":\"WebSite\",\"@id\":\"https:\\\/\\\/schoenstatt.com\\\/es\\\/#website\",\"url\":\"https:\\\/\\\/schoenstatt.com\\\/es\\\/\",\"name\":\"Schoenstatt\",\"description\":\"Apostolic Movement\",\"publisher\":{\"@id\":\"https:\\\/\\\/schoenstatt.com\\\/es\\\/#organization\"},\"potentialAction\":[{\"@type\":\"SearchAction\",\"target\":{\"@type\":\"EntryPoint\",\"urlTemplate\":\"https:\\\/\\\/schoenstatt.com\\\/es\\\/?s={search_term_string}\"},\"query-input\":{\"@type\":\"PropertyValueSpecification\",\"valueRequired\":true,\"valueName\":\"search_term_string\"}}],\"inLanguage\":\"es\"},{\"@type\":\"Organization\",\"@id\":\"https:\\\/\\\/schoenstatt.com\\\/es\\\/#organization\",\"name\":\"Schoenstatt\",\"url\":\"https:\\\/\\\/schoenstatt.com\\\/es\\\/\",\"logo\":{\"@type\":\"ImageObject\",\"inLanguage\":\"es\",\"@id\":\"https:\\\/\\\/schoenstatt.com\\\/es\\\/#\\\/schema\\\/logo\\\/image\\\/\",\"url\":\"https:\\\/\\\/schoenstatt.com\\\/wp-content\\\/uploads\\\/2025\\\/04\\\/logo-schoenstatt-white-696x696-1.png\",\"contentUrl\":\"https:\\\/\\\/schoenstatt.com\\\/wp-content\\\/uploads\\\/2025\\\/04\\\/logo-schoenstatt-white-696x696-1.png\",\"width\":696,\"height\":694,\"caption\":\"Schoenstatt\"},\"image\":{\"@id\":\"https:\\\/\\\/schoenstatt.com\\\/es\\\/#\\\/schema\\\/logo\\\/image\\\/\"}},{\"@type\":\"Person\",\"@id\":\"https:\\\/\\\/schoenstatt.com\\\/es\\\/#\\\/schema\\\/person\\\/5158877ad4acae98b34daaeef2a1ce6e\",\"name\":\"Karen Bueno\",\"image\":{\"@type\":\"ImageObject\",\"inLanguage\":\"es\",\"@id\":\"https:\\\/\\\/secure.gravatar.com\\\/avatar\\\/f9f4b823873154269d2b2130f195f6d41037dd0d7fc5f3cacb5c846bae70d66b?s=96&d=mm&r=g\",\"url\":\"https:\\\/\\\/secure.gravatar.com\\\/avatar\\\/f9f4b823873154269d2b2130f195f6d41037dd0d7fc5f3cacb5c846bae70d66b?s=96&d=mm&r=g\",\"contentUrl\":\"https:\\\/\\\/secure.gravatar.com\\\/avatar\\\/f9f4b823873154269d2b2130f195f6d41037dd0d7fc5f3cacb5c846bae70d66b?s=96&d=mm&r=g\",\"caption\":\"Karen Bueno\"},\"url\":\"https:\\\/\\\/schoenstatt.com\\\/es\\\/author\\\/karen-bueno\\\/\"}]}<\/script>\n<!-- \/ Yoast SEO Premium plugin. -->","yoast_head_json":{"title":"EEUU, San Antonio: El Monte Schoenstatt celebra el 15\u00ba aniversario de la bendici\u00f3n de su Santuario","description":"Mount Schoenstatt, ubicado en Texas, USA, celebr\u00f3 el 15\u00ba aniversario de la bendici\u00f3n de su Santuario Cor Unum in Patre.","robots":{"index":"index","follow":"follow","max-snippet":"max-snippet:-1","max-image-preview":"max-image-preview:large","max-video-preview":"max-video-preview:-1"},"canonical":"https:\/\/schoenstatt.com\/es\/eeuu-monte-schoenstatt-celebra-el-15-aniversario-de-la-bendicion-de-su-santuario\/","og_locale":"es_ES","og_type":"article","og_title":"EEUU, San Antonio: El Monte Schoenstatt celebra el 15\u00ba aniversario de la bendici\u00f3n de su Santuario","og_description":"Mount Schoenstatt, ubicado en Texas, USA, celebr\u00f3 el 15\u00ba aniversario de la bendici\u00f3n de su Santuario Cor Unum in Patre.","og_url":"https:\/\/schoenstatt.com\/es\/eeuu-monte-schoenstatt-celebra-el-15-aniversario-de-la-bendicion-de-su-santuario\/","og_site_name":"Schoenstatt","article_published_time":"2023-10-25T12:45:07+00:00","article_modified_time":"2025-05-15T16:25:04+00:00","og_image":[{"width":2048,"height":1536,"url":"https:\/\/schoenstatt.com\/wp-content\/uploads\/2023\/10\/schoenstatt-shrine-san-antonio-TX-1.jpg","type":"image\/jpeg"}],"author":"Karen Bueno","twitter_card":"summary_large_image","twitter_misc":{"Escrito por":"Karen Bueno","Tiempo de lectura":"4 minutos"},"schema":{"@context":"https:\/\/schema.org","@graph":[{"@type":"Article","@id":"https:\/\/schoenstatt.com\/es\/eeuu-monte-schoenstatt-celebra-el-15-aniversario-de-la-bendicion-de-su-santuario\/#article","isPartOf":{"@id":"https:\/\/schoenstatt.com\/es\/eeuu-monte-schoenstatt-celebra-el-15-aniversario-de-la-bendicion-de-su-santuario\/"},"author":{"name":"Karen Bueno","@id":"https:\/\/schoenstatt.com\/es\/#\/schema\/person\/5158877ad4acae98b34daaeef2a1ce6e"},"headline":"EEUU, San Antonio: El Monte Schoenstatt celebra el 15\u00ba aniversario de la bendici\u00f3n de su Santuario","datePublished":"2023-10-25T12:45:07+00:00","dateModified":"2025-05-15T16:25:04+00:00","mainEntityOfPage":{"@id":"https:\/\/schoenstatt.com\/es\/eeuu-monte-schoenstatt-celebra-el-15-aniversario-de-la-bendicion-de-su-santuario\/"},"wordCount":695,"publisher":{"@id":"https:\/\/schoenstatt.com\/es\/#organization"},"image":{"@id":"https:\/\/schoenstatt.com\/es\/eeuu-monte-schoenstatt-celebra-el-15-aniversario-de-la-bendicion-de-su-santuario\/#primaryimage"},"thumbnailUrl":"https:\/\/schoenstatt.com\/wp-content\/uploads\/2023\/10\/schoenstatt-shrine-san-antonio-TX-1.jpg","articleSection":["Pa\u00edses"],"inLanguage":"es"},{"@type":"WebPage","@id":"https:\/\/schoenstatt.com\/es\/eeuu-monte-schoenstatt-celebra-el-15-aniversario-de-la-bendicion-de-su-santuario\/","url":"https:\/\/schoenstatt.com\/es\/eeuu-monte-schoenstatt-celebra-el-15-aniversario-de-la-bendicion-de-su-santuario\/","name":"EEUU, San Antonio: El Monte Schoenstatt celebra el 15\u00ba aniversario de la bendici\u00f3n de su Santuario","isPartOf":{"@id":"https:\/\/schoenstatt.com\/es\/#website"},"primaryImageOfPage":{"@id":"https:\/\/schoenstatt.com\/es\/eeuu-monte-schoenstatt-celebra-el-15-aniversario-de-la-bendicion-de-su-santuario\/#primaryimage"},"image":{"@id":"https:\/\/schoenstatt.com\/es\/eeuu-monte-schoenstatt-celebra-el-15-aniversario-de-la-bendicion-de-su-santuario\/#primaryimage"},"thumbnailUrl":"https:\/\/schoenstatt.com\/wp-content\/uploads\/2023\/10\/schoenstatt-shrine-san-antonio-TX-1.jpg","datePublished":"2023-10-25T12:45:07+00:00","dateModified":"2025-05-15T16:25:04+00:00","description":"Mount Schoenstatt, ubicado en Texas, USA, celebr\u00f3 el 15\u00ba aniversario de la bendici\u00f3n de su Santuario Cor Unum in Patre.","breadcrumb":{"@id":"https:\/\/schoenstatt.com\/es\/eeuu-monte-schoenstatt-celebra-el-15-aniversario-de-la-bendicion-de-su-santuario\/#breadcrumb"},"inLanguage":"es","potentialAction":[{"@type":"ReadAction","target":["https:\/\/schoenstatt.com\/es\/eeuu-monte-schoenstatt-celebra-el-15-aniversario-de-la-bendicion-de-su-santuario\/"]}]},{"@type":"ImageObject","inLanguage":"es","@id":"https:\/\/schoenstatt.com\/es\/eeuu-monte-schoenstatt-celebra-el-15-aniversario-de-la-bendicion-de-su-santuario\/#primaryimage","url":"https:\/\/schoenstatt.com\/wp-content\/uploads\/2023\/10\/schoenstatt-shrine-san-antonio-TX-1.jpg","contentUrl":"https:\/\/schoenstatt.com\/wp-content\/uploads\/2023\/10\/schoenstatt-shrine-san-antonio-TX-1.jpg","width":2048,"height":1536},{"@type":"BreadcrumbList","@id":"https:\/\/schoenstatt.com\/es\/eeuu-monte-schoenstatt-celebra-el-15-aniversario-de-la-bendicion-de-su-santuario\/#breadcrumb","itemListElement":[{"@type":"ListItem","position":1,"name":"Portada","item":"https:\/\/schoenstatt.com\/es\/home\/"},{"@type":"ListItem","position":2,"name":"EEUU, San Antonio: El Monte Schoenstatt celebra el 15\u00ba aniversario de la bendici\u00f3n de su Santuario"}]},{"@type":"WebSite","@id":"https:\/\/schoenstatt.com\/es\/#website","url":"https:\/\/schoenstatt.com\/es\/","name":"Schoenstatt","description":"Apostolic Movement","publisher":{"@id":"https:\/\/schoenstatt.com\/es\/#organization"},"potentialAction":[{"@type":"SearchAction","target":{"@type":"EntryPoint","urlTemplate":"https:\/\/schoenstatt.com\/es\/?s={search_term_string}"},"query-input":{"@type":"PropertyValueSpecification","valueRequired":true,"valueName":"search_term_string"}}],"inLanguage":"es"},{"@type":"Organization","@id":"https:\/\/schoenstatt.com\/es\/#organization","name":"Schoenstatt","url":"https:\/\/schoenstatt.com\/es\/","logo":{"@type":"ImageObject","inLanguage":"es","@id":"https:\/\/schoenstatt.com\/es\/#\/schema\/logo\/image\/","url":"https:\/\/schoenstatt.com\/wp-content\/uploads\/2025\/04\/logo-schoenstatt-white-696x696-1.png","contentUrl":"https:\/\/schoenstatt.com\/wp-content\/uploads\/2025\/04\/logo-schoenstatt-white-696x696-1.png","width":696,"height":694,"caption":"Schoenstatt"},"image":{"@id":"https:\/\/schoenstatt.com\/es\/#\/schema\/logo\/image\/"}},{"@type":"Person","@id":"https:\/\/schoenstatt.com\/es\/#\/schema\/person\/5158877ad4acae98b34daaeef2a1ce6e","name":"Karen Bueno","image":{"@type":"ImageObject","inLanguage":"es","@id":"https:\/\/secure.gravatar.com\/avatar\/f9f4b823873154269d2b2130f195f6d41037dd0d7fc5f3cacb5c846bae70d66b?s=96&d=mm&r=g","url":"https:\/\/secure.gravatar.com\/avatar\/f9f4b823873154269d2b2130f195f6d41037dd0d7fc5f3cacb5c846bae70d66b?s=96&d=mm&r=g","contentUrl":"https:\/\/secure.gravatar.com\/avatar\/f9f4b823873154269d2b2130f195f6d41037dd0d7fc5f3cacb5c846bae70d66b?s=96&d=mm&r=g","caption":"Karen Bueno"},"url":"https:\/\/schoenstatt.com\/es\/author\/karen-bueno\/"}]}},"_links":{"self":[{"href":"https:\/\/schoenstatt.com\/es\/wp-json\/wp\/v2\/posts\/33229","targetHints":{"allow":["GET"]}}],"collection":[{"href":"https:\/\/schoenstatt.com\/es\/wp-json\/wp\/v2\/posts"}],"about":[{"href":"https:\/\/schoenstatt.com\/es\/wp-json\/wp\/v2\/types\/post"}],"author":[{"embeddable":true,"href":"https:\/\/schoenstatt.com\/es\/wp-json\/wp\/v2\/users\/3"}],"replies":[{"embeddable":true,"href":"https:\/\/schoenstatt.com\/es\/wp-json\/wp\/v2\/comments?post=33229"}],"version-history":[{"count":1,"href":"https:\/\/schoenstatt.com\/es\/wp-json\/wp\/v2\/posts\/33229\/revisions"}],"predecessor-version":[{"id":46395,"href":"https:\/\/schoenstatt.com\/es\/wp-json\/wp\/v2\/posts\/33229\/revisions\/46395"}],"wp:featuredmedia":[{"embeddable":true,"href":"https:\/\/schoenstatt.com\/es\/wp-json\/wp\/v2\/media\/33185"}],"wp:attachment":[{"href":"https:\/\/schoenstatt.com\/es\/wp-json\/wp\/v2\/media?parent=33229"}],"wp:term":[{"taxonomy":"category","embeddable":true,"href":"https:\/\/schoenstatt.com\/es\/wp-json\/wp\/v2\/categories?post=33229"},{"taxonomy":"post_tag","embeddable":true,"href":"https:\/\/schoenstatt.com\/es\/wp-json\/wp\/v2\/tags?post=33229"}],"curies":[{"name":"wp","href":"https:\/\/api.w.org\/{rel}","templated":true}]}}