{"id":33155,"date":"2023-10-24T19:23:31","date_gmt":"2023-10-24T17:23:31","guid":{"rendered":"https:\/\/schoenstatt.com\/?p=33155"},"modified":"2025-05-15T18:25:05","modified_gmt":"2025-05-15T16:25:05","slug":"el-santuario-de-belgrano-en-buenos-aires-cumple-60-anos","status":"publish","type":"post","link":"https:\/\/schoenstatt.com\/es\/el-santuario-de-belgrano-en-buenos-aires-cumple-60-anos\/","title":{"rendered":"El Santuario de Belgrano, en Buenos Aires, cumple 60 a\u00f1os"},"content":{"rendered":"<p>El 18 de octubre, la Familia de Schoenstatt Buenos Aires, celebr\u00f3 el aniversario n\u00famero 60 del <a href=\"https:\/\/www.instagram.com\/schoenstattbelgrano\/\" target=\"_blank\" rel=\"noopener\">Santuario de Belgrano<\/a>. Fue el celebrante principal de la misa Mons. Alejandro Giorgi, obispo auxiliar de Buenos Aires y vicario episcopal de la zona Belgrano. Concelebraron el Padre Guillermo Carmona, asesor de la familia de Schoenstatt Belgrano, el P. Pablo P\u00e9rez, Director Nacional del Movimiento -ambos Padres de Schoenstatt-, y sacerdotes invitados de la arquidi\u00f3cesis.<\/p>\n<p>Todas las ramas de la Familia participaron activamente en la organizaci\u00f3n de esta fiesta, no solo con la log\u00edstica sino fundamentalmente aportando al capital de gracias y con la fe en que desde este Santuario se contin\u00faen manifestando las glorias de Mar\u00eda y ella obre milagros de gracia transformando los corazones de todos los que acuden a este Tabor.<\/p>\n<h2>La secreta \u201cidea predilecta\u201d de nuestro Fundador<\/h2>\n<p>Queremos recordar con gratitud el pasado, vivir con pasi\u00f3n el presente, abrirnos con confianza al futuro. Es aqu\u00ed donde hace 60 a\u00f1os se realiz\u00f3 la secreta idea predilecta de nuestro Fundador.<\/p>\n<p><img fetchpriority=\"high\" decoding=\"async\" class=\"aligncenter wp-image-33156 \" src=\"https:\/\/schoenstatt.com\/wp-content\/uploads\/2023\/10\/Santuario-de-Belgrano-5-scaled.jpg\" alt=\"\" width=\"1045\" height=\"784\" \/><\/p>\n<p>El padre Jos\u00e9 Kentenich, que estuvo en este lugar en 1950 y en 1951, se interes\u00f3 por la construcci\u00f3n de este santuario destacando la importancia de que se estableciera un trono de gracias a la Sant\u00edsima Virgen, la gran vencedora del mal, en una ciudad tan grande como Buenos Aires.<\/p>\n<p>El 14 de diciembre de 1949, las hermanas de Mar\u00eda llegan a la calle Echeverr\u00eda 3632 de la ciudad de Buenos Aires, a esta casa, prestada por la familia Schormair, que luego de 10 a\u00f1os pudieron comprar.<\/p>\n<p>En la casa Providencia, casa de las hermanas de Mar\u00eda, el padre Jos\u00e9 Kentenich residi\u00f3 repetidas veces entre los a\u00f1os 1950 y 1951.<\/p>\n<h3>El paso del Padre Jos\u00e9 Kentenich por la casa<\/h3>\n<p>En ese tiempo, solo exist\u00eda el chalet antiguo en medio de un hermoso jard\u00edn, similar a un parque peque\u00f1o por sus altos \u00e1rboles. Por \u00e9l caminaba el padre Kentenich rezando el breviario o el rosario o conversando con quienes lo visitaban. Sin exagerar, se puede decir que no hay lugar de la casa o del jard\u00edn que el fundador no haya pisado aunque sea una vez. El espacio dentro de la casa era muy estrecho ya que viv\u00edan en ella unas 15 hermanas y no exist\u00edan las ampliaciones que se realizaron con posterioridad. Adem\u00e1s, cuando ven\u00eda el P. Kentenich, muchas hermanas m\u00e1s concurr\u00edan a la casa sin importar la falta de espacio f\u00edsico.<\/p>\n<p><img decoding=\"async\" class=\"aligncenter wp-image-33168 \" src=\"https:\/\/schoenstatt.com\/wp-content\/uploads\/2023\/10\/Santuario-de-Belgrano-1.jpg\" alt=\"\" width=\"683\" height=\"911\" \/><\/p>\n<p>La habitaci\u00f3n donde se alojaba el P. Kentenich era el jard\u00edn de invierno, contiguo al comedor, el \u00fanico ambiente de la casa con entrada independiente desde el jard\u00edn. All\u00ed hab\u00eda solo una cama, una mesa y dos sillas, no ten\u00eda ba\u00f1o privado ni ventilador a pesar de los 33 grados de calor del verano. En ese tiempo la situaci\u00f3n econ\u00f3mica de las hermanas era muy dif\u00edcil y el fundador compart\u00eda con ellas esa austeridad.<\/p>\n<blockquote><p>El camino que conduce a Cristo, tambi\u00e9n a la Madre de Dios, es el camino de la peque\u00f1ez el camino de la humildad.<br \/>\nP. Jos\u00e9 Kentenich, Belgrano, 23.01.1951<\/p><\/blockquote>\n<h3>Veinte hermanas se encontraban con el P. Kentenich en la peque\u00f1a casa.<\/h3>\n<p>En el comedor de la casa el Padre Kentenich compart\u00eda con las hermanas todas las comidas.<\/p>\n<blockquote><p>Queremos esforzarnos a fin de que el Esp\u00edritu nos compenetre a\u00fan m\u00e1s profundamente de modo que todos nosotros nos volvamos m\u00e1s aut\u00e9nticos, profundos y sencillos.<br \/>\nP. Jos\u00e9 Kentenich, Belgrano, 22.01.1951<\/p><\/blockquote>\n<p>Intercambiaban con \u00e9l lecturas o conversaciones referidas a las controversias planteadas por la visitaci\u00f3n en Schoenstatt y sus respuestas expresadas en la Carta del 31 de mayo de 1949; compart\u00edan los anhelos y dificultades para construir el primer Santuario de Schoenstatt argentino -que se construir\u00eda en Florencio Varela- como tambi\u00e9n situaciones y problemas cotidianos.<\/p>\n<p><img decoding=\"async\" class=\"aligncenter wp-image-33172 \" src=\"https:\/\/schoenstatt.com\/wp-content\/uploads\/2023\/10\/Santuario-de-Belgrano-argentina.jpg\" alt=\"\" width=\"1012\" height=\"759\" \/><\/p>\n<h3>Historias que marcaron la vida de muchas hermanas<\/h3>\n<p>La capilla de la casa se encontraba en la sala que ahora es el recibidor. El altar estaba ubicado frente a las ventanas que dan a la calle. El altar era el que ahora se encuentra en el Santuario del Padre en Nuevo Schoenstatt.<\/p>\n<p>Durante sus estad\u00edas, el Padre Fundador celebraba diariamente la misa y generalmente practicaba antes una meditaci\u00f3n. Recuerdan las hermanas que ante las grandes dificultades, especialmente para erigir el santuario tan anhelado, el P. Kentenich siempre las consol\u00f3 y est\u00edmulo, las corrigi\u00f3 y educ\u00f3 muy paternalmente. La capilla mencionada se mantuvo hasta 1963, cuando se bendijo el Santuario, hoy denominado \u201cde Belgrano\u201d.<\/p>\n<h2><img loading=\"lazy\" decoding=\"async\" class=\"aligncenter wp-image-33176 \" src=\"https:\/\/schoenstatt.com\/wp-content\/uploads\/2023\/10\/Mapa-Santuarios-de-Schoenstatt-Argentina.png\" alt=\"\" width=\"849\" height=\"576\" \/><\/h2>\n<h2>\u00bfOtro Santuario \u201ctan cerca\u201d, a 50 km. del de Florencio Varela?<\/h2>\n<p>El Padre Fundador marc\u00f3 el destino de \u201cEcheverr\u00eda\u201d, (nombre de la calle en que se encuentra el Santuario en el barrio de Belgrano), expresamente indicando a las hermanas que construyeran un nuevo santuario filial, un santuario de ciudad para los habitantes desarraigados y agitados de la gran urbe.<\/p>\n<p>En un principio, las hermanas pensaron en construir una ermita en el jard\u00edn. En aquel entonces, no les pareci\u00f3 conveniente levantar un Santuario \u201ctan cerca\u201d de Florencio Varela, el cual distaba a 50 km. del predio. Le escribieron entonces al Padre Carlos Boskamp, padre palotino schoenstattiano que se encontraba trabajando en Brooklyn, Nueva York. El P. Carlos, que estaba en contacto con el P. Kentenich, habl\u00f3 con el fundador sobre esta idea. M\u00e1s tarde, las Hermanas recibieron una carta respuesta del P. Carlos: el Padre Fundador es de la opini\u00f3n que no una ermita sino un Santuario, un Santuario de ciudad.<\/p>\n<p>El 18 de octubre de 1961 se coloc\u00f3 la piedra fundamental. El 18 de octubre de 1963 fue bendecido.<\/p>\n<blockquote class=\"instagram-media\" style=\"background: #FFF; border: 0; border-radius: 3px; box-shadow: 0 0 1px 0 rgba(0,0,0,0.5),0 1px 10px 0 rgba(0,0,0,0.15); margin: 1px; max-width: 540px; min-width: 326px; padding: 0; width: calc(100% - 2px);\" data-instgrm-permalink=\"https:\/\/www.instagram.com\/reel\/CynkD53umBs\/?utm_source=ig_embed&amp;utm_campaign=loading\" data-instgrm-version=\"14\">\n<div style=\"padding: 16px;\">\n<blockquote class=\"instagram-media\" style=\"background: #FFF; border: 0; border-radius: 3px; box-shadow: 0 0 1px 0 rgba(0,0,0,0.5),0 1px 10px 0 rgba(0,0,0,0.15); margin: 1px; max-width: 540px; min-width: 326px; padding: 0; width: calc(100% - 2px);\" data-instgrm-captioned=\"\" data-instgrm-permalink=\"https:\/\/www.instagram.com\/reel\/CynkD53umBs\/?utm_source=ig_embed&amp;utm_campaign=loading\" data-instgrm-version=\"14\">\n<div style=\"padding: 16px;\">\n<p>&nbsp;<\/p>\n<div style=\"display: flex; flex-direction: row; align-items: center;\">\n<div style=\"background-color: #f4f4f4; border-radius: 50%; flex-grow: 0; height: 40px; margin-right: 14px; width: 40px;\"><\/div>\n<div style=\"display: flex; flex-direction: column; flex-grow: 1; justify-content: center;\">\n<div style=\"background-color: #f4f4f4; border-radius: 4px; flex-grow: 0; height: 14px; margin-bottom: 6px; width: 100px;\"><\/div>\n<div style=\"background-color: #f4f4f4; border-radius: 4px; flex-grow: 0; height: 14px; width: 60px;\"><\/div>\n<\/div>\n<\/div>\n<div style=\"padding: 19% 0;\"><\/div>\n<div style=\"display: block; height: 50px; margin: 0 auto 12px; width: 50px;\"><\/div>\n<div style=\"padding-top: 8px;\">\n<div style=\"color: #3897f0; font-family: Arial,sans-serif; font-size: 14px; font-style: normal; font-weight: 550; line-height: 18px;\">Ver essa foto no Instagram<\/div>\n<\/div>\n<div style=\"padding: 12.5% 0;\"><\/div>\n<div style=\"display: flex; flex-direction: row; margin-bottom: 14px; align-items: center;\">\n<div>\n<div style=\"background-color: #f4f4f4; border-radius: 50%; height: 12.5px; width: 12.5px; transform: translateX(0px) translateY(7px);\"><\/div>\n<div style=\"background-color: #f4f4f4; height: 12.5px; transform: rotate(-45deg) translateX(3px) translateY(1px); width: 12.5px; flex-grow: 0; margin-right: 14px; margin-left: 2px;\"><\/div>\n<div style=\"background-color: #f4f4f4; border-radius: 50%; height: 12.5px; width: 12.5px; transform: translateX(9px) translateY(-18px);\"><\/div>\n<\/div>\n<div style=\"margin-left: 8px;\">\n<div style=\"background-color: #f4f4f4; border-radius: 50%; flex-grow: 0; height: 20px; width: 20px;\"><\/div>\n<div style=\"width: 0; height: 0; border-top: 2px solid transparent; border-left: 6px solid #f4f4f4; border-bottom: 2px solid transparent; transform: translateX(16px) translateY(-4px) rotate(30deg);\"><\/div>\n<\/div>\n<div style=\"margin-left: auto;\">\n<div style=\"width: 0px; border-top: 8px solid #F4F4F4; border-right: 8px solid transparent; transform: translateY(16px);\"><\/div>\n<div style=\"background-color: #f4f4f4; flex-grow: 0; height: 12px; width: 16px; transform: translateY(-4px);\"><\/div>\n<div style=\"width: 0; height: 0; border-top: 8px solid #F4F4F4; border-left: 8px solid transparent; transform: translateY(-4px) translateX(8px);\"><\/div>\n<\/div>\n<\/div>\n<div style=\"display: flex; flex-direction: column; flex-grow: 1; justify-content: center; margin-bottom: 24px;\">\n<div style=\"background-color: #f4f4f4; border-radius: 4px; flex-grow: 0; height: 14px; margin-bottom: 6px; width: 224px;\"><\/div>\n<div style=\"background-color: #f4f4f4; border-radius: 4px; flex-grow: 0; height: 14px; width: 144px;\"><\/div>\n<\/div>\n<p>&nbsp;<\/p>\n<p style=\"color: #c9c8cd; font-family: Arial,sans-serif; font-size: 14px; line-height: 17px; margin-bottom: 0; margin-top: 8px; overflow: hidden; padding: 8px 0 7px; text-align: center; text-overflow: ellipsis; white-space: nowrap;\"><a style=\"color: #c9c8cd; font-family: Arial,sans-serif; font-size: 14px; font-style: normal; font-weight: normal; line-height: 17px; text-decoration: none;\" href=\"https:\/\/www.instagram.com\/reel\/CynkD53umBs\/?utm_source=ig_embed&amp;utm_campaign=loading\" target=\"_blank\" rel=\"noopener\">Uma publica\u00e7\u00e3o compartilhada por SCHOENSTATT Belgrano (@schoenstattbelgrano)<\/a><\/p>\n<\/div>\n<\/blockquote>\n<p><script async src=\"\/\/www.instagram.com\/embed.js\"><\/script><\/p>\n<\/div>\n<\/blockquote>\n","protected":false},"excerpt":{"rendered":"<p>\u201cCoraz\u00f3n de la Ciudad\u201d de Buenos Aires, Argentina, el santuario de Belgrano -Tabor de Mar\u00eda- cumple 60 a\u00f1os. \u201cDesde el Santuario queremos proclamar con valent\u00eda el nombre de Mar\u00eda\u201d, dice la familia de Schoenstatt. El art\u00edculo relata la historia del paso del P. Kentenich por el lugar donde hoy se encuentra el Santuario.<\/p>\n","protected":false},"author":3,"featured_media":33160,"comment_status":"closed","ping_status":"closed","sticky":false,"template":"","format":"standard","meta":{"footnotes":""},"categories":[790],"tags":[],"class_list":["post-33155","post","type-post","status-publish","format-standard","has-post-thumbnail","hentry","category-paises-es"],"yoast_head":"<!-- This site is optimized with the Yoast SEO Premium plugin v27.4 (Yoast SEO v27.5) - https:\/\/yoast.com\/product\/yoast-seo-premium-wordpress\/ -->\n<title>El Santuario de Belgrano, en Buenos Aires, cumple 60 a\u00f1os<\/title>\n<meta name=\"description\" content=\"El aniversario del Santuario de Belgrano re\u00fane a peregrinos y a la Familia de Schoenstatt, y es ocasi\u00f3n para conocer la historia.\" \/>\n<meta name=\"robots\" content=\"index, follow, max-snippet:-1, max-image-preview:large, max-video-preview:-1\" \/>\n<link rel=\"canonical\" href=\"https:\/\/schoenstatt.com\/es\/el-santuario-de-belgrano-en-buenos-aires-cumple-60-anos\/\" \/>\n<meta property=\"og:locale\" content=\"es_ES\" \/>\n<meta property=\"og:type\" content=\"article\" \/>\n<meta property=\"og:title\" content=\"El Santuario de Belgrano, en Buenos Aires, cumple 60 a\u00f1os\" \/>\n<meta property=\"og:description\" content=\"El aniversario del Santuario de Belgrano re\u00fane a peregrinos y a la Familia de Schoenstatt, y es ocasi\u00f3n para conocer la historia.\" \/>\n<meta property=\"og:url\" content=\"https:\/\/schoenstatt.com\/es\/el-santuario-de-belgrano-en-buenos-aires-cumple-60-anos\/\" \/>\n<meta property=\"og:site_name\" content=\"Schoenstatt\" \/>\n<meta property=\"article:published_time\" content=\"2023-10-24T17:23:31+00:00\" \/>\n<meta property=\"article:modified_time\" content=\"2025-05-15T16:25:05+00:00\" \/>\n<meta property=\"og:image\" content=\"https:\/\/schoenstatt.com\/wp-content\/uploads\/2023\/10\/Santuario-de-Belgrano-3-scaled-1.jpg\" \/>\n\t<meta property=\"og:image:width\" content=\"2048\" \/>\n\t<meta property=\"og:image:height\" content=\"1365\" \/>\n\t<meta property=\"og:image:type\" content=\"image\/jpeg\" \/>\n<meta name=\"author\" content=\"Karen Bueno\" \/>\n<meta name=\"twitter:card\" content=\"summary_large_image\" \/>\n<meta name=\"twitter:label1\" content=\"Escrito por\" \/>\n\t<meta name=\"twitter:data1\" content=\"Karen Bueno\" \/>\n\t<meta name=\"twitter:label2\" content=\"Tiempo de lectura\" \/>\n\t<meta name=\"twitter:data2\" content=\"5 minutos\" \/>\n<script type=\"application\/ld+json\" class=\"yoast-schema-graph\">{\"@context\":\"https:\\\/\\\/schema.org\",\"@graph\":[{\"@type\":\"Article\",\"@id\":\"https:\\\/\\\/schoenstatt.com\\\/es\\\/el-santuario-de-belgrano-en-buenos-aires-cumple-60-anos\\\/#article\",\"isPartOf\":{\"@id\":\"https:\\\/\\\/schoenstatt.com\\\/es\\\/el-santuario-de-belgrano-en-buenos-aires-cumple-60-anos\\\/\"},\"author\":{\"name\":\"Karen Bueno\",\"@id\":\"https:\\\/\\\/schoenstatt.com\\\/es\\\/#\\\/schema\\\/person\\\/5158877ad4acae98b34daaeef2a1ce6e\"},\"headline\":\"El Santuario de Belgrano, en Buenos Aires, cumple 60 a\u00f1os\",\"datePublished\":\"2023-10-24T17:23:31+00:00\",\"dateModified\":\"2025-05-15T16:25:05+00:00\",\"mainEntityOfPage\":{\"@id\":\"https:\\\/\\\/schoenstatt.com\\\/es\\\/el-santuario-de-belgrano-en-buenos-aires-cumple-60-anos\\\/\"},\"wordCount\":964,\"publisher\":{\"@id\":\"https:\\\/\\\/schoenstatt.com\\\/es\\\/#organization\"},\"image\":{\"@id\":\"https:\\\/\\\/schoenstatt.com\\\/es\\\/el-santuario-de-belgrano-en-buenos-aires-cumple-60-anos\\\/#primaryimage\"},\"thumbnailUrl\":\"https:\\\/\\\/schoenstatt.com\\\/wp-content\\\/uploads\\\/2023\\\/10\\\/Santuario-de-Belgrano-3-scaled-1.jpg\",\"articleSection\":[\"Pa\u00edses\"],\"inLanguage\":\"es\"},{\"@type\":\"WebPage\",\"@id\":\"https:\\\/\\\/schoenstatt.com\\\/es\\\/el-santuario-de-belgrano-en-buenos-aires-cumple-60-anos\\\/\",\"url\":\"https:\\\/\\\/schoenstatt.com\\\/es\\\/el-santuario-de-belgrano-en-buenos-aires-cumple-60-anos\\\/\",\"name\":\"El Santuario de Belgrano, en Buenos Aires, cumple 60 a\u00f1os\",\"isPartOf\":{\"@id\":\"https:\\\/\\\/schoenstatt.com\\\/es\\\/#website\"},\"primaryImageOfPage\":{\"@id\":\"https:\\\/\\\/schoenstatt.com\\\/es\\\/el-santuario-de-belgrano-en-buenos-aires-cumple-60-anos\\\/#primaryimage\"},\"image\":{\"@id\":\"https:\\\/\\\/schoenstatt.com\\\/es\\\/el-santuario-de-belgrano-en-buenos-aires-cumple-60-anos\\\/#primaryimage\"},\"thumbnailUrl\":\"https:\\\/\\\/schoenstatt.com\\\/wp-content\\\/uploads\\\/2023\\\/10\\\/Santuario-de-Belgrano-3-scaled-1.jpg\",\"datePublished\":\"2023-10-24T17:23:31+00:00\",\"dateModified\":\"2025-05-15T16:25:05+00:00\",\"description\":\"El aniversario del Santuario de Belgrano re\u00fane a peregrinos y a la Familia de Schoenstatt, y es ocasi\u00f3n para conocer la historia.\",\"breadcrumb\":{\"@id\":\"https:\\\/\\\/schoenstatt.com\\\/es\\\/el-santuario-de-belgrano-en-buenos-aires-cumple-60-anos\\\/#breadcrumb\"},\"inLanguage\":\"es\",\"potentialAction\":[{\"@type\":\"ReadAction\",\"target\":[\"https:\\\/\\\/schoenstatt.com\\\/es\\\/el-santuario-de-belgrano-en-buenos-aires-cumple-60-anos\\\/\"]}]},{\"@type\":\"ImageObject\",\"inLanguage\":\"es\",\"@id\":\"https:\\\/\\\/schoenstatt.com\\\/es\\\/el-santuario-de-belgrano-en-buenos-aires-cumple-60-anos\\\/#primaryimage\",\"url\":\"https:\\\/\\\/schoenstatt.com\\\/wp-content\\\/uploads\\\/2023\\\/10\\\/Santuario-de-Belgrano-3-scaled-1.jpg\",\"contentUrl\":\"https:\\\/\\\/schoenstatt.com\\\/wp-content\\\/uploads\\\/2023\\\/10\\\/Santuario-de-Belgrano-3-scaled-1.jpg\",\"width\":2048,\"height\":1365},{\"@type\":\"BreadcrumbList\",\"@id\":\"https:\\\/\\\/schoenstatt.com\\\/es\\\/el-santuario-de-belgrano-en-buenos-aires-cumple-60-anos\\\/#breadcrumb\",\"itemListElement\":[{\"@type\":\"ListItem\",\"position\":1,\"name\":\"Portada\",\"item\":\"https:\\\/\\\/schoenstatt.com\\\/es\\\/home\\\/\"},{\"@type\":\"ListItem\",\"position\":2,\"name\":\"El Santuario de Belgrano, en Buenos Aires, cumple 60 a\u00f1os\"}]},{\"@type\":\"WebSite\",\"@id\":\"https:\\\/\\\/schoenstatt.com\\\/es\\\/#website\",\"url\":\"https:\\\/\\\/schoenstatt.com\\\/es\\\/\",\"name\":\"Schoenstatt\",\"description\":\"Apostolic Movement\",\"publisher\":{\"@id\":\"https:\\\/\\\/schoenstatt.com\\\/es\\\/#organization\"},\"potentialAction\":[{\"@type\":\"SearchAction\",\"target\":{\"@type\":\"EntryPoint\",\"urlTemplate\":\"https:\\\/\\\/schoenstatt.com\\\/es\\\/?s={search_term_string}\"},\"query-input\":{\"@type\":\"PropertyValueSpecification\",\"valueRequired\":true,\"valueName\":\"search_term_string\"}}],\"inLanguage\":\"es\"},{\"@type\":\"Organization\",\"@id\":\"https:\\\/\\\/schoenstatt.com\\\/es\\\/#organization\",\"name\":\"Schoenstatt\",\"url\":\"https:\\\/\\\/schoenstatt.com\\\/es\\\/\",\"logo\":{\"@type\":\"ImageObject\",\"inLanguage\":\"es\",\"@id\":\"https:\\\/\\\/schoenstatt.com\\\/es\\\/#\\\/schema\\\/logo\\\/image\\\/\",\"url\":\"https:\\\/\\\/schoenstatt.com\\\/wp-content\\\/uploads\\\/2025\\\/04\\\/logo-schoenstatt-white-696x696-1.png\",\"contentUrl\":\"https:\\\/\\\/schoenstatt.com\\\/wp-content\\\/uploads\\\/2025\\\/04\\\/logo-schoenstatt-white-696x696-1.png\",\"width\":696,\"height\":694,\"caption\":\"Schoenstatt\"},\"image\":{\"@id\":\"https:\\\/\\\/schoenstatt.com\\\/es\\\/#\\\/schema\\\/logo\\\/image\\\/\"}},{\"@type\":\"Person\",\"@id\":\"https:\\\/\\\/schoenstatt.com\\\/es\\\/#\\\/schema\\\/person\\\/5158877ad4acae98b34daaeef2a1ce6e\",\"name\":\"Karen Bueno\",\"image\":{\"@type\":\"ImageObject\",\"inLanguage\":\"es\",\"@id\":\"https:\\\/\\\/secure.gravatar.com\\\/avatar\\\/f9f4b823873154269d2b2130f195f6d41037dd0d7fc5f3cacb5c846bae70d66b?s=96&d=mm&r=g\",\"url\":\"https:\\\/\\\/secure.gravatar.com\\\/avatar\\\/f9f4b823873154269d2b2130f195f6d41037dd0d7fc5f3cacb5c846bae70d66b?s=96&d=mm&r=g\",\"contentUrl\":\"https:\\\/\\\/secure.gravatar.com\\\/avatar\\\/f9f4b823873154269d2b2130f195f6d41037dd0d7fc5f3cacb5c846bae70d66b?s=96&d=mm&r=g\",\"caption\":\"Karen Bueno\"},\"url\":\"https:\\\/\\\/schoenstatt.com\\\/es\\\/author\\\/karen-bueno\\\/\"}]}<\/script>\n<!-- \/ Yoast SEO Premium plugin. -->","yoast_head_json":{"title":"El Santuario de Belgrano, en Buenos Aires, cumple 60 a\u00f1os","description":"El aniversario del Santuario de Belgrano re\u00fane a peregrinos y a la Familia de Schoenstatt, y es ocasi\u00f3n para conocer la historia.","robots":{"index":"index","follow":"follow","max-snippet":"max-snippet:-1","max-image-preview":"max-image-preview:large","max-video-preview":"max-video-preview:-1"},"canonical":"https:\/\/schoenstatt.com\/es\/el-santuario-de-belgrano-en-buenos-aires-cumple-60-anos\/","og_locale":"es_ES","og_type":"article","og_title":"El Santuario de Belgrano, en Buenos Aires, cumple 60 a\u00f1os","og_description":"El aniversario del Santuario de Belgrano re\u00fane a peregrinos y a la Familia de Schoenstatt, y es ocasi\u00f3n para conocer la historia.","og_url":"https:\/\/schoenstatt.com\/es\/el-santuario-de-belgrano-en-buenos-aires-cumple-60-anos\/","og_site_name":"Schoenstatt","article_published_time":"2023-10-24T17:23:31+00:00","article_modified_time":"2025-05-15T16:25:05+00:00","og_image":[{"width":2048,"height":1365,"url":"https:\/\/schoenstatt.com\/wp-content\/uploads\/2023\/10\/Santuario-de-Belgrano-3-scaled-1.jpg","type":"image\/jpeg"}],"author":"Karen Bueno","twitter_card":"summary_large_image","twitter_misc":{"Escrito por":"Karen Bueno","Tiempo de lectura":"5 minutos"},"schema":{"@context":"https:\/\/schema.org","@graph":[{"@type":"Article","@id":"https:\/\/schoenstatt.com\/es\/el-santuario-de-belgrano-en-buenos-aires-cumple-60-anos\/#article","isPartOf":{"@id":"https:\/\/schoenstatt.com\/es\/el-santuario-de-belgrano-en-buenos-aires-cumple-60-anos\/"},"author":{"name":"Karen Bueno","@id":"https:\/\/schoenstatt.com\/es\/#\/schema\/person\/5158877ad4acae98b34daaeef2a1ce6e"},"headline":"El Santuario de Belgrano, en Buenos Aires, cumple 60 a\u00f1os","datePublished":"2023-10-24T17:23:31+00:00","dateModified":"2025-05-15T16:25:05+00:00","mainEntityOfPage":{"@id":"https:\/\/schoenstatt.com\/es\/el-santuario-de-belgrano-en-buenos-aires-cumple-60-anos\/"},"wordCount":964,"publisher":{"@id":"https:\/\/schoenstatt.com\/es\/#organization"},"image":{"@id":"https:\/\/schoenstatt.com\/es\/el-santuario-de-belgrano-en-buenos-aires-cumple-60-anos\/#primaryimage"},"thumbnailUrl":"https:\/\/schoenstatt.com\/wp-content\/uploads\/2023\/10\/Santuario-de-Belgrano-3-scaled-1.jpg","articleSection":["Pa\u00edses"],"inLanguage":"es"},{"@type":"WebPage","@id":"https:\/\/schoenstatt.com\/es\/el-santuario-de-belgrano-en-buenos-aires-cumple-60-anos\/","url":"https:\/\/schoenstatt.com\/es\/el-santuario-de-belgrano-en-buenos-aires-cumple-60-anos\/","name":"El Santuario de Belgrano, en Buenos Aires, cumple 60 a\u00f1os","isPartOf":{"@id":"https:\/\/schoenstatt.com\/es\/#website"},"primaryImageOfPage":{"@id":"https:\/\/schoenstatt.com\/es\/el-santuario-de-belgrano-en-buenos-aires-cumple-60-anos\/#primaryimage"},"image":{"@id":"https:\/\/schoenstatt.com\/es\/el-santuario-de-belgrano-en-buenos-aires-cumple-60-anos\/#primaryimage"},"thumbnailUrl":"https:\/\/schoenstatt.com\/wp-content\/uploads\/2023\/10\/Santuario-de-Belgrano-3-scaled-1.jpg","datePublished":"2023-10-24T17:23:31+00:00","dateModified":"2025-05-15T16:25:05+00:00","description":"El aniversario del Santuario de Belgrano re\u00fane a peregrinos y a la Familia de Schoenstatt, y es ocasi\u00f3n para conocer la historia.","breadcrumb":{"@id":"https:\/\/schoenstatt.com\/es\/el-santuario-de-belgrano-en-buenos-aires-cumple-60-anos\/#breadcrumb"},"inLanguage":"es","potentialAction":[{"@type":"ReadAction","target":["https:\/\/schoenstatt.com\/es\/el-santuario-de-belgrano-en-buenos-aires-cumple-60-anos\/"]}]},{"@type":"ImageObject","inLanguage":"es","@id":"https:\/\/schoenstatt.com\/es\/el-santuario-de-belgrano-en-buenos-aires-cumple-60-anos\/#primaryimage","url":"https:\/\/schoenstatt.com\/wp-content\/uploads\/2023\/10\/Santuario-de-Belgrano-3-scaled-1.jpg","contentUrl":"https:\/\/schoenstatt.com\/wp-content\/uploads\/2023\/10\/Santuario-de-Belgrano-3-scaled-1.jpg","width":2048,"height":1365},{"@type":"BreadcrumbList","@id":"https:\/\/schoenstatt.com\/es\/el-santuario-de-belgrano-en-buenos-aires-cumple-60-anos\/#breadcrumb","itemListElement":[{"@type":"ListItem","position":1,"name":"Portada","item":"https:\/\/schoenstatt.com\/es\/home\/"},{"@type":"ListItem","position":2,"name":"El Santuario de Belgrano, en Buenos Aires, cumple 60 a\u00f1os"}]},{"@type":"WebSite","@id":"https:\/\/schoenstatt.com\/es\/#website","url":"https:\/\/schoenstatt.com\/es\/","name":"Schoenstatt","description":"Apostolic Movement","publisher":{"@id":"https:\/\/schoenstatt.com\/es\/#organization"},"potentialAction":[{"@type":"SearchAction","target":{"@type":"EntryPoint","urlTemplate":"https:\/\/schoenstatt.com\/es\/?s={search_term_string}"},"query-input":{"@type":"PropertyValueSpecification","valueRequired":true,"valueName":"search_term_string"}}],"inLanguage":"es"},{"@type":"Organization","@id":"https:\/\/schoenstatt.com\/es\/#organization","name":"Schoenstatt","url":"https:\/\/schoenstatt.com\/es\/","logo":{"@type":"ImageObject","inLanguage":"es","@id":"https:\/\/schoenstatt.com\/es\/#\/schema\/logo\/image\/","url":"https:\/\/schoenstatt.com\/wp-content\/uploads\/2025\/04\/logo-schoenstatt-white-696x696-1.png","contentUrl":"https:\/\/schoenstatt.com\/wp-content\/uploads\/2025\/04\/logo-schoenstatt-white-696x696-1.png","width":696,"height":694,"caption":"Schoenstatt"},"image":{"@id":"https:\/\/schoenstatt.com\/es\/#\/schema\/logo\/image\/"}},{"@type":"Person","@id":"https:\/\/schoenstatt.com\/es\/#\/schema\/person\/5158877ad4acae98b34daaeef2a1ce6e","name":"Karen Bueno","image":{"@type":"ImageObject","inLanguage":"es","@id":"https:\/\/secure.gravatar.com\/avatar\/f9f4b823873154269d2b2130f195f6d41037dd0d7fc5f3cacb5c846bae70d66b?s=96&d=mm&r=g","url":"https:\/\/secure.gravatar.com\/avatar\/f9f4b823873154269d2b2130f195f6d41037dd0d7fc5f3cacb5c846bae70d66b?s=96&d=mm&r=g","contentUrl":"https:\/\/secure.gravatar.com\/avatar\/f9f4b823873154269d2b2130f195f6d41037dd0d7fc5f3cacb5c846bae70d66b?s=96&d=mm&r=g","caption":"Karen Bueno"},"url":"https:\/\/schoenstatt.com\/es\/author\/karen-bueno\/"}]}},"_links":{"self":[{"href":"https:\/\/schoenstatt.com\/es\/wp-json\/wp\/v2\/posts\/33155","targetHints":{"allow":["GET"]}}],"collection":[{"href":"https:\/\/schoenstatt.com\/es\/wp-json\/wp\/v2\/posts"}],"about":[{"href":"https:\/\/schoenstatt.com\/es\/wp-json\/wp\/v2\/types\/post"}],"author":[{"embeddable":true,"href":"https:\/\/schoenstatt.com\/es\/wp-json\/wp\/v2\/users\/3"}],"replies":[{"embeddable":true,"href":"https:\/\/schoenstatt.com\/es\/wp-json\/wp\/v2\/comments?post=33155"}],"version-history":[{"count":1,"href":"https:\/\/schoenstatt.com\/es\/wp-json\/wp\/v2\/posts\/33155\/revisions"}],"predecessor-version":[{"id":46393,"href":"https:\/\/schoenstatt.com\/es\/wp-json\/wp\/v2\/posts\/33155\/revisions\/46393"}],"wp:featuredmedia":[{"embeddable":true,"href":"https:\/\/schoenstatt.com\/es\/wp-json\/wp\/v2\/media\/33160"}],"wp:attachment":[{"href":"https:\/\/schoenstatt.com\/es\/wp-json\/wp\/v2\/media?parent=33155"}],"wp:term":[{"taxonomy":"category","embeddable":true,"href":"https:\/\/schoenstatt.com\/es\/wp-json\/wp\/v2\/categories?post=33155"},{"taxonomy":"post_tag","embeddable":true,"href":"https:\/\/schoenstatt.com\/es\/wp-json\/wp\/v2\/tags?post=33155"}],"curies":[{"name":"wp","href":"https:\/\/api.w.org\/{rel}","templated":true}]}}