{"id":32583,"date":"2023-09-26T15:05:37","date_gmt":"2023-09-26T13:05:37","guid":{"rendered":"https:\/\/schoenstatt.com\/?p=32583"},"modified":"2025-05-15T02:06:28","modified_gmt":"2025-05-15T00:06:28","slug":"lanzamiento-del-memorando-del-ciof-paraguay","status":"publish","type":"post","link":"https:\/\/schoenstatt.com\/es\/lanzamiento-del-memorando-del-ciof-paraguay\/","title":{"rendered":"Lanzamiento del memorando del CIOF Paraguay"},"content":{"rendered":"<p>Este 15 de septiembre, el equipo central de <a href=\"https:\/\/ciofparaguay.com\/\" target=\"_blank\" rel=\"noopener\">CIOF Paraguay<\/a> \u2013 <a href=\"https:\/\/schoenstatt.com\/es\/espiritualidad\/congreso-internacional-de-la-obra-de-familias-paraguay-2023\/\">Congreso Internacional de la obra de Familias de Schoenstatt<\/a> \u2013 lanz\u00f3 el memorando con la informaci\u00f3n central de este evento. Siga \u00edntegramente el contenido del documento final, aqu\u00ed:<\/p>\n<h3>Memorandum CIOF Paraguay 2023<\/h3>\n<p>Desde el Coraz\u00f3n de Am\u00e9rica y a la sombra del Santuario Nacional de Tup\u00e3renda, en un ambiente fraterno, cordial y alegre, concluy\u00f3 el Congreso Internacional de la Obra de Familias de Schoenstatt realizado del 4 al 7 de mayo de 2023. \u00c9ste reuni\u00f3 en Paraguay a 154 matrimonios y 44 asesores provenientes de 20 pa\u00edses de Am\u00e9rica y Europa. Iluminados por el Ideal Nacional, <em>\u201cNaci\u00f3n de Dios Coraz\u00f3n de Am\u00e9rica\u201d<\/em>, hemos vivido la alegr\u00eda de ser una Familia en Alianza, coraz\u00f3n para el mundo.<\/p>\n<p>En esp\u00edritu de oraci\u00f3n y en la fuerza de la Alianza de Amor, a partir de los acentos: <em>\u201cFamilia mariana, hogar para el mundo\u201d, \u201cEs la hora de los laicos y \u201cCor unum in Patre\u201d,<\/em> matrimonios y asesores de los distintos pa\u00edses participantes han desarrollado 24 talleres, 2 conferencias y 2 paneles testimoniales, adem\u00e1s de una Exposici\u00f3n de Apostolados de probada eficacia, que permitieron auscultar en las voces del tiempo los desaf\u00edos que afectan a nuestras familias y a la Familia de Schoenstatt.<\/p>\n<p><strong>Los desaf\u00edos m\u00e1s resaltantes han sido:<\/strong><\/p>\n<p><strong>En la sociedad y en la Iglesia.<\/strong><\/p>\n<ul>\n<li>Abrazar la realidad que nos rodea y nos interpela.<\/li>\n<li>Como Familia de Familias, velar por la transmisi\u00f3n de los valores de la familia y su misi\u00f3n.<\/li>\n<li>En complementariedad con los dem\u00e1s carismas de la Iglesia, trabajar como una sola Obra de Familias, en esp\u00edritu sinodal.<\/li>\n<\/ul>\n<p><strong>En el interior de la Familia de Schoenstatt Continental.<\/strong><\/p>\n<ul>\n<li>Presentar el camino de la santidad matrimonial, en fidelidad al carisma de Schoenstatt, con propuestas nuevas y creativas para despertar en otras familias el anhelo de sumarse a nuestra Familia.<\/li>\n<li>Formaci\u00f3n continua y permanente de dirigentes en el pensamiento y esp\u00edritu del Padre Fundador.<\/li>\n<li>Asumir el rol y la responsabilidad como laicos dentro y fuera de la Familia de Schoenstatt.<\/li>\n<\/ul>\n<p>El esp\u00edritu del CIOF Guayaquil 2017, desde el lema<em> \u201cCon alegr\u00eda, familias en salida\u201d,<\/em> nos permiti\u00f3 vivir la experiencia de reconocernos como Familia de Familias, que ante las mismas realidades continentales podemos afrontar los desaf\u00edos actuales juntos, compartiendo las experiencias; acentu\u00e1ndose en este Congreso la alegr\u00eda y la misericordia en la l\u00ednea de la exhortaci\u00f3n apost\u00f3lica post-sinodal \u201cAmoris laetitia\u00bb.<\/p>\n<p>Este caminar de la Obra de Familias continental, animados desde el CIOF Guayaquil 2017, permiti\u00f3 que en el CIOF Paraguay 2023, la atm\u00f3sfera espiritual, los ejes tem\u00e1ticos, los espacios de intercambio sobre nuestro Padre Fundador, los apostolados presentados y las actividades desarrolladas hicieran que los v\u00ednculos se profundicen, se generen propuestas creativas basadas en la pedagog\u00eda familiar mariana de nuestro fundador y se reafirme nuestra filialidad y fidelidad como familias portadoras de su carisma.<\/p>\n<p><strong>Bajo la atenta mirada de nuestro Padre Fundador, partimos hacia nuestros hogares con la certeza de que:<\/strong><\/p>\n<ul>\n<li>La fuerza de la conciencia de misi\u00f3n es la que mueve a la Obra de Familias para dar respuesta a los desaf\u00edos planteados.<\/li>\n<li>El esp\u00edritu sinodal es caminar juntos y unir fuerzas, no solo como Obra de Familias, sino como comunidades en completa complementariedad entre sacerdotes, consagradas y laicos de la Obra de Familias.<\/li>\n<li>El Schoenstatt en salida, iniciado a partir del jubileo de los 100 a\u00f1os del Movimiento, que nos movi\u00f3 a ofrecer respuestas concretas a los desaf\u00edos que hoy tenemos, debe transitarse en esp\u00edritu sinodal con los dem\u00e1s carismas de la Iglesia.<\/li>\n<\/ul>\n<p>Quedan nuevos desaf\u00edos por delante; los asumimos con renovado compromiso con la misi\u00f3n y esp\u00edritu juvenil, pues como Obra de Familias anhelamos ser esa carta de presentaci\u00f3n de nuestro Padre Fundador como nos propone el \u201cCongreso de Pentecost\u00e9s\u201d del 2022.<\/p>\n<p>Desde el coraz\u00f3n de Am\u00e9rica, abrazamos a todos nuestros hermanos del continente confiados y agradecidos al Dios de la vida y del amor.<\/p>\n<p>\u00a1Quedamos en eso\u2026Permanecemos fieles!<\/p>\n<p style=\"text-align: right;\">Asunci\u00f3n, 15 de septiembre del 2023<\/p>\n","protected":false},"excerpt":{"rendered":"<p>Las conclusiones y principales trabajos, del Congreso Internacional de la obra de Familias de Schoenstatt se resumen en el documento final.<\/p>\n","protected":false},"author":3,"featured_media":32584,"comment_status":"closed","ping_status":"closed","sticky":false,"template":"","format":"standard","meta":{"footnotes":""},"categories":[630,877],"tags":[],"class_list":["post-32583","post","type-post","status-publish","format-standard","has-post-thumbnail","hentry","category-eventos-es","category-familia-es"],"yoast_head":"<!-- This site is optimized with the Yoast SEO Premium plugin v27.4 (Yoast SEO v27.5) - https:\/\/yoast.com\/product\/yoast-seo-premium-wordpress\/ -->\n<title>Lanzamiento del memorando del CIOF Paraguay - Schoenstatt<\/title>\n<meta name=\"description\" content=\"Vea aqu\u00ed el documento final del Congreso Internacional de la obra de Familias de Schoenstatt realizado en Paraguay.\" \/>\n<meta name=\"robots\" content=\"index, follow, max-snippet:-1, max-image-preview:large, max-video-preview:-1\" \/>\n<link rel=\"canonical\" href=\"https:\/\/schoenstatt.com\/es\/lanzamiento-del-memorando-del-ciof-paraguay\/\" \/>\n<meta property=\"og:locale\" content=\"es_ES\" \/>\n<meta property=\"og:type\" content=\"article\" \/>\n<meta property=\"og:title\" content=\"Lanzamiento del memorando del CIOF Paraguay\" \/>\n<meta property=\"og:description\" content=\"Vea aqu\u00ed el documento final del Congreso Internacional de la obra de Familias de Schoenstatt realizado en Paraguay.\" \/>\n<meta property=\"og:url\" content=\"https:\/\/schoenstatt.com\/es\/lanzamiento-del-memorando-del-ciof-paraguay\/\" \/>\n<meta property=\"og:site_name\" content=\"Schoenstatt\" \/>\n<meta property=\"article:published_time\" content=\"2023-09-26T13:05:37+00:00\" \/>\n<meta property=\"article:modified_time\" content=\"2025-05-15T00:06:28+00:00\" \/>\n<meta property=\"og:image\" content=\"https:\/\/schoenstatt.com\/wp-content\/uploads\/2023\/09\/Obra-das-Familias-de-Schoenstatt-CIOF-2022-1.jpg\" \/>\n\t<meta property=\"og:image:width\" content=\"2048\" \/>\n\t<meta property=\"og:image:height\" content=\"1329\" \/>\n\t<meta property=\"og:image:type\" content=\"image\/jpeg\" \/>\n<meta name=\"author\" content=\"Karen Bueno\" \/>\n<meta name=\"twitter:card\" content=\"summary_large_image\" \/>\n<meta name=\"twitter:label1\" content=\"Escrito por\" \/>\n\t<meta name=\"twitter:data1\" content=\"Karen Bueno\" \/>\n\t<meta name=\"twitter:label2\" content=\"Tiempo de lectura\" \/>\n\t<meta name=\"twitter:data2\" content=\"3 minutos\" \/>\n<script type=\"application\/ld+json\" class=\"yoast-schema-graph\">{\"@context\":\"https:\\\/\\\/schema.org\",\"@graph\":[{\"@type\":\"Article\",\"@id\":\"https:\\\/\\\/schoenstatt.com\\\/es\\\/lanzamiento-del-memorando-del-ciof-paraguay\\\/#article\",\"isPartOf\":{\"@id\":\"https:\\\/\\\/schoenstatt.com\\\/es\\\/lanzamiento-del-memorando-del-ciof-paraguay\\\/\"},\"author\":{\"name\":\"Karen Bueno\",\"@id\":\"https:\\\/\\\/schoenstatt.com\\\/es\\\/#\\\/schema\\\/person\\\/5158877ad4acae98b34daaeef2a1ce6e\"},\"headline\":\"Lanzamiento del memorando del CIOF Paraguay\",\"datePublished\":\"2023-09-26T13:05:37+00:00\",\"dateModified\":\"2025-05-15T00:06:28+00:00\",\"mainEntityOfPage\":{\"@id\":\"https:\\\/\\\/schoenstatt.com\\\/es\\\/lanzamiento-del-memorando-del-ciof-paraguay\\\/\"},\"wordCount\":693,\"publisher\":{\"@id\":\"https:\\\/\\\/schoenstatt.com\\\/es\\\/#organization\"},\"image\":{\"@id\":\"https:\\\/\\\/schoenstatt.com\\\/es\\\/lanzamiento-del-memorando-del-ciof-paraguay\\\/#primaryimage\"},\"thumbnailUrl\":\"https:\\\/\\\/schoenstatt.com\\\/wp-content\\\/uploads\\\/2023\\\/09\\\/Obra-das-Familias-de-Schoenstatt-CIOF-2022-1.jpg\",\"articleSection\":[\"Eventos\",\"Familia\"],\"inLanguage\":\"es\"},{\"@type\":\"WebPage\",\"@id\":\"https:\\\/\\\/schoenstatt.com\\\/es\\\/lanzamiento-del-memorando-del-ciof-paraguay\\\/\",\"url\":\"https:\\\/\\\/schoenstatt.com\\\/es\\\/lanzamiento-del-memorando-del-ciof-paraguay\\\/\",\"name\":\"Lanzamiento del memorando del CIOF Paraguay - Schoenstatt\",\"isPartOf\":{\"@id\":\"https:\\\/\\\/schoenstatt.com\\\/es\\\/#website\"},\"primaryImageOfPage\":{\"@id\":\"https:\\\/\\\/schoenstatt.com\\\/es\\\/lanzamiento-del-memorando-del-ciof-paraguay\\\/#primaryimage\"},\"image\":{\"@id\":\"https:\\\/\\\/schoenstatt.com\\\/es\\\/lanzamiento-del-memorando-del-ciof-paraguay\\\/#primaryimage\"},\"thumbnailUrl\":\"https:\\\/\\\/schoenstatt.com\\\/wp-content\\\/uploads\\\/2023\\\/09\\\/Obra-das-Familias-de-Schoenstatt-CIOF-2022-1.jpg\",\"datePublished\":\"2023-09-26T13:05:37+00:00\",\"dateModified\":\"2025-05-15T00:06:28+00:00\",\"description\":\"Vea aqu\u00ed el documento final del Congreso Internacional de la obra de Familias de Schoenstatt realizado en Paraguay.\",\"breadcrumb\":{\"@id\":\"https:\\\/\\\/schoenstatt.com\\\/es\\\/lanzamiento-del-memorando-del-ciof-paraguay\\\/#breadcrumb\"},\"inLanguage\":\"es\",\"potentialAction\":[{\"@type\":\"ReadAction\",\"target\":[\"https:\\\/\\\/schoenstatt.com\\\/es\\\/lanzamiento-del-memorando-del-ciof-paraguay\\\/\"]}]},{\"@type\":\"ImageObject\",\"inLanguage\":\"es\",\"@id\":\"https:\\\/\\\/schoenstatt.com\\\/es\\\/lanzamiento-del-memorando-del-ciof-paraguay\\\/#primaryimage\",\"url\":\"https:\\\/\\\/schoenstatt.com\\\/wp-content\\\/uploads\\\/2023\\\/09\\\/Obra-das-Familias-de-Schoenstatt-CIOF-2022-1.jpg\",\"contentUrl\":\"https:\\\/\\\/schoenstatt.com\\\/wp-content\\\/uploads\\\/2023\\\/09\\\/Obra-das-Familias-de-Schoenstatt-CIOF-2022-1.jpg\",\"width\":2048,\"height\":1329},{\"@type\":\"BreadcrumbList\",\"@id\":\"https:\\\/\\\/schoenstatt.com\\\/es\\\/lanzamiento-del-memorando-del-ciof-paraguay\\\/#breadcrumb\",\"itemListElement\":[{\"@type\":\"ListItem\",\"position\":1,\"name\":\"Portada\",\"item\":\"https:\\\/\\\/schoenstatt.com\\\/es\\\/home\\\/\"},{\"@type\":\"ListItem\",\"position\":2,\"name\":\"Lanzamiento del memorando del CIOF Paraguay\"}]},{\"@type\":\"WebSite\",\"@id\":\"https:\\\/\\\/schoenstatt.com\\\/es\\\/#website\",\"url\":\"https:\\\/\\\/schoenstatt.com\\\/es\\\/\",\"name\":\"Schoenstatt\",\"description\":\"Apostolic Movement\",\"publisher\":{\"@id\":\"https:\\\/\\\/schoenstatt.com\\\/es\\\/#organization\"},\"potentialAction\":[{\"@type\":\"SearchAction\",\"target\":{\"@type\":\"EntryPoint\",\"urlTemplate\":\"https:\\\/\\\/schoenstatt.com\\\/es\\\/?s={search_term_string}\"},\"query-input\":{\"@type\":\"PropertyValueSpecification\",\"valueRequired\":true,\"valueName\":\"search_term_string\"}}],\"inLanguage\":\"es\"},{\"@type\":\"Organization\",\"@id\":\"https:\\\/\\\/schoenstatt.com\\\/es\\\/#organization\",\"name\":\"Schoenstatt\",\"url\":\"https:\\\/\\\/schoenstatt.com\\\/es\\\/\",\"logo\":{\"@type\":\"ImageObject\",\"inLanguage\":\"es\",\"@id\":\"https:\\\/\\\/schoenstatt.com\\\/es\\\/#\\\/schema\\\/logo\\\/image\\\/\",\"url\":\"https:\\\/\\\/schoenstatt.com\\\/wp-content\\\/uploads\\\/2025\\\/04\\\/logo-schoenstatt-white-696x696-1.png\",\"contentUrl\":\"https:\\\/\\\/schoenstatt.com\\\/wp-content\\\/uploads\\\/2025\\\/04\\\/logo-schoenstatt-white-696x696-1.png\",\"width\":696,\"height\":694,\"caption\":\"Schoenstatt\"},\"image\":{\"@id\":\"https:\\\/\\\/schoenstatt.com\\\/es\\\/#\\\/schema\\\/logo\\\/image\\\/\"}},{\"@type\":\"Person\",\"@id\":\"https:\\\/\\\/schoenstatt.com\\\/es\\\/#\\\/schema\\\/person\\\/5158877ad4acae98b34daaeef2a1ce6e\",\"name\":\"Karen Bueno\",\"image\":{\"@type\":\"ImageObject\",\"inLanguage\":\"es\",\"@id\":\"https:\\\/\\\/secure.gravatar.com\\\/avatar\\\/f9f4b823873154269d2b2130f195f6d41037dd0d7fc5f3cacb5c846bae70d66b?s=96&d=mm&r=g\",\"url\":\"https:\\\/\\\/secure.gravatar.com\\\/avatar\\\/f9f4b823873154269d2b2130f195f6d41037dd0d7fc5f3cacb5c846bae70d66b?s=96&d=mm&r=g\",\"contentUrl\":\"https:\\\/\\\/secure.gravatar.com\\\/avatar\\\/f9f4b823873154269d2b2130f195f6d41037dd0d7fc5f3cacb5c846bae70d66b?s=96&d=mm&r=g\",\"caption\":\"Karen Bueno\"},\"url\":\"https:\\\/\\\/schoenstatt.com\\\/es\\\/author\\\/karen-bueno\\\/\"}]}<\/script>\n<!-- \/ Yoast SEO Premium plugin. -->","yoast_head_json":{"title":"Lanzamiento del memorando del CIOF Paraguay - Schoenstatt","description":"Vea aqu\u00ed el documento final del Congreso Internacional de la obra de Familias de Schoenstatt realizado en Paraguay.","robots":{"index":"index","follow":"follow","max-snippet":"max-snippet:-1","max-image-preview":"max-image-preview:large","max-video-preview":"max-video-preview:-1"},"canonical":"https:\/\/schoenstatt.com\/es\/lanzamiento-del-memorando-del-ciof-paraguay\/","og_locale":"es_ES","og_type":"article","og_title":"Lanzamiento del memorando del CIOF Paraguay","og_description":"Vea aqu\u00ed el documento final del Congreso Internacional de la obra de Familias de Schoenstatt realizado en Paraguay.","og_url":"https:\/\/schoenstatt.com\/es\/lanzamiento-del-memorando-del-ciof-paraguay\/","og_site_name":"Schoenstatt","article_published_time":"2023-09-26T13:05:37+00:00","article_modified_time":"2025-05-15T00:06:28+00:00","og_image":[{"width":2048,"height":1329,"url":"https:\/\/schoenstatt.com\/wp-content\/uploads\/2023\/09\/Obra-das-Familias-de-Schoenstatt-CIOF-2022-1.jpg","type":"image\/jpeg"}],"author":"Karen Bueno","twitter_card":"summary_large_image","twitter_misc":{"Escrito por":"Karen Bueno","Tiempo de lectura":"3 minutos"},"schema":{"@context":"https:\/\/schema.org","@graph":[{"@type":"Article","@id":"https:\/\/schoenstatt.com\/es\/lanzamiento-del-memorando-del-ciof-paraguay\/#article","isPartOf":{"@id":"https:\/\/schoenstatt.com\/es\/lanzamiento-del-memorando-del-ciof-paraguay\/"},"author":{"name":"Karen Bueno","@id":"https:\/\/schoenstatt.com\/es\/#\/schema\/person\/5158877ad4acae98b34daaeef2a1ce6e"},"headline":"Lanzamiento del memorando del CIOF Paraguay","datePublished":"2023-09-26T13:05:37+00:00","dateModified":"2025-05-15T00:06:28+00:00","mainEntityOfPage":{"@id":"https:\/\/schoenstatt.com\/es\/lanzamiento-del-memorando-del-ciof-paraguay\/"},"wordCount":693,"publisher":{"@id":"https:\/\/schoenstatt.com\/es\/#organization"},"image":{"@id":"https:\/\/schoenstatt.com\/es\/lanzamiento-del-memorando-del-ciof-paraguay\/#primaryimage"},"thumbnailUrl":"https:\/\/schoenstatt.com\/wp-content\/uploads\/2023\/09\/Obra-das-Familias-de-Schoenstatt-CIOF-2022-1.jpg","articleSection":["Eventos","Familia"],"inLanguage":"es"},{"@type":"WebPage","@id":"https:\/\/schoenstatt.com\/es\/lanzamiento-del-memorando-del-ciof-paraguay\/","url":"https:\/\/schoenstatt.com\/es\/lanzamiento-del-memorando-del-ciof-paraguay\/","name":"Lanzamiento del memorando del CIOF Paraguay - Schoenstatt","isPartOf":{"@id":"https:\/\/schoenstatt.com\/es\/#website"},"primaryImageOfPage":{"@id":"https:\/\/schoenstatt.com\/es\/lanzamiento-del-memorando-del-ciof-paraguay\/#primaryimage"},"image":{"@id":"https:\/\/schoenstatt.com\/es\/lanzamiento-del-memorando-del-ciof-paraguay\/#primaryimage"},"thumbnailUrl":"https:\/\/schoenstatt.com\/wp-content\/uploads\/2023\/09\/Obra-das-Familias-de-Schoenstatt-CIOF-2022-1.jpg","datePublished":"2023-09-26T13:05:37+00:00","dateModified":"2025-05-15T00:06:28+00:00","description":"Vea aqu\u00ed el documento final del Congreso Internacional de la obra de Familias de Schoenstatt realizado en Paraguay.","breadcrumb":{"@id":"https:\/\/schoenstatt.com\/es\/lanzamiento-del-memorando-del-ciof-paraguay\/#breadcrumb"},"inLanguage":"es","potentialAction":[{"@type":"ReadAction","target":["https:\/\/schoenstatt.com\/es\/lanzamiento-del-memorando-del-ciof-paraguay\/"]}]},{"@type":"ImageObject","inLanguage":"es","@id":"https:\/\/schoenstatt.com\/es\/lanzamiento-del-memorando-del-ciof-paraguay\/#primaryimage","url":"https:\/\/schoenstatt.com\/wp-content\/uploads\/2023\/09\/Obra-das-Familias-de-Schoenstatt-CIOF-2022-1.jpg","contentUrl":"https:\/\/schoenstatt.com\/wp-content\/uploads\/2023\/09\/Obra-das-Familias-de-Schoenstatt-CIOF-2022-1.jpg","width":2048,"height":1329},{"@type":"BreadcrumbList","@id":"https:\/\/schoenstatt.com\/es\/lanzamiento-del-memorando-del-ciof-paraguay\/#breadcrumb","itemListElement":[{"@type":"ListItem","position":1,"name":"Portada","item":"https:\/\/schoenstatt.com\/es\/home\/"},{"@type":"ListItem","position":2,"name":"Lanzamiento del memorando del CIOF Paraguay"}]},{"@type":"WebSite","@id":"https:\/\/schoenstatt.com\/es\/#website","url":"https:\/\/schoenstatt.com\/es\/","name":"Schoenstatt","description":"Apostolic Movement","publisher":{"@id":"https:\/\/schoenstatt.com\/es\/#organization"},"potentialAction":[{"@type":"SearchAction","target":{"@type":"EntryPoint","urlTemplate":"https:\/\/schoenstatt.com\/es\/?s={search_term_string}"},"query-input":{"@type":"PropertyValueSpecification","valueRequired":true,"valueName":"search_term_string"}}],"inLanguage":"es"},{"@type":"Organization","@id":"https:\/\/schoenstatt.com\/es\/#organization","name":"Schoenstatt","url":"https:\/\/schoenstatt.com\/es\/","logo":{"@type":"ImageObject","inLanguage":"es","@id":"https:\/\/schoenstatt.com\/es\/#\/schema\/logo\/image\/","url":"https:\/\/schoenstatt.com\/wp-content\/uploads\/2025\/04\/logo-schoenstatt-white-696x696-1.png","contentUrl":"https:\/\/schoenstatt.com\/wp-content\/uploads\/2025\/04\/logo-schoenstatt-white-696x696-1.png","width":696,"height":694,"caption":"Schoenstatt"},"image":{"@id":"https:\/\/schoenstatt.com\/es\/#\/schema\/logo\/image\/"}},{"@type":"Person","@id":"https:\/\/schoenstatt.com\/es\/#\/schema\/person\/5158877ad4acae98b34daaeef2a1ce6e","name":"Karen Bueno","image":{"@type":"ImageObject","inLanguage":"es","@id":"https:\/\/secure.gravatar.com\/avatar\/f9f4b823873154269d2b2130f195f6d41037dd0d7fc5f3cacb5c846bae70d66b?s=96&d=mm&r=g","url":"https:\/\/secure.gravatar.com\/avatar\/f9f4b823873154269d2b2130f195f6d41037dd0d7fc5f3cacb5c846bae70d66b?s=96&d=mm&r=g","contentUrl":"https:\/\/secure.gravatar.com\/avatar\/f9f4b823873154269d2b2130f195f6d41037dd0d7fc5f3cacb5c846bae70d66b?s=96&d=mm&r=g","caption":"Karen Bueno"},"url":"https:\/\/schoenstatt.com\/es\/author\/karen-bueno\/"}]}},"_links":{"self":[{"href":"https:\/\/schoenstatt.com\/es\/wp-json\/wp\/v2\/posts\/32583","targetHints":{"allow":["GET"]}}],"collection":[{"href":"https:\/\/schoenstatt.com\/es\/wp-json\/wp\/v2\/posts"}],"about":[{"href":"https:\/\/schoenstatt.com\/es\/wp-json\/wp\/v2\/types\/post"}],"author":[{"embeddable":true,"href":"https:\/\/schoenstatt.com\/es\/wp-json\/wp\/v2\/users\/3"}],"replies":[{"embeddable":true,"href":"https:\/\/schoenstatt.com\/es\/wp-json\/wp\/v2\/comments?post=32583"}],"version-history":[{"count":1,"href":"https:\/\/schoenstatt.com\/es\/wp-json\/wp\/v2\/posts\/32583\/revisions"}],"predecessor-version":[{"id":46284,"href":"https:\/\/schoenstatt.com\/es\/wp-json\/wp\/v2\/posts\/32583\/revisions\/46284"}],"wp:featuredmedia":[{"embeddable":true,"href":"https:\/\/schoenstatt.com\/es\/wp-json\/wp\/v2\/media\/32584"}],"wp:attachment":[{"href":"https:\/\/schoenstatt.com\/es\/wp-json\/wp\/v2\/media?parent=32583"}],"wp:term":[{"taxonomy":"category","embeddable":true,"href":"https:\/\/schoenstatt.com\/es\/wp-json\/wp\/v2\/categories?post=32583"},{"taxonomy":"post_tag","embeddable":true,"href":"https:\/\/schoenstatt.com\/es\/wp-json\/wp\/v2\/tags?post=32583"}],"curies":[{"name":"wp","href":"https:\/\/api.w.org\/{rel}","templated":true}]}}