{"id":32478,"date":"2023-09-15T06:26:11","date_gmt":"2023-09-15T04:26:11","guid":{"rendered":"https:\/\/schoenstatt.com\/?p=32478"},"modified":"2025-05-15T18:17:37","modified_gmt":"2025-05-15T16:17:37","slug":"el-secretariado-padre-kentenich-y-sus-extensiones-en-el-mundo","status":"publish","type":"post","link":"https:\/\/schoenstatt.com\/es\/el-secretariado-padre-kentenich-y-sus-extensiones-en-el-mundo\/","title":{"rendered":"El Secretariado Padre Kentenich y sus extensiones en el mundo"},"content":{"rendered":"<p>Poco despu\u00e9s de la muerte del <a href=\"https:\/\/schoenstatt.com\/es\/acerca-de\/fundador\/\">P. Jos\u00e9 Kentenich<\/a> -15 de septiembre de 1968-, surgi\u00f3 espont\u00e1neamente una idea: \u00abVoy a rezar por su intercesi\u00f3n\u00bb. No pocos pensaron lo mismo. Muchos empezaron a confiarle sus intenciones y se convirtieron en \u00abamigos espirituales\u00bb del fundador de Schoenstatt. Esto, unido a su fama de santidad, llev\u00f3 a la apertura del proceso de beatificaci\u00f3n y a la creaci\u00f3n del Secretariado Internacional P. Jos\u00e9 Kentenich.<\/p>\n<h2>El Secretariado Central y sus ramas<\/h2>\n<p>\u00bfQui\u00e9n iba a pensar que, a\u00f1os m\u00e1s tarde, el c\u00edrculo de amigos del P. Kentenich llegar\u00eda a 94 pa\u00edses y 30 idiomas? Hoy en d\u00eda, el Secretariado Internacional, que tiene su sede en Alemania, cuenta con 17 extensiones en el extranjero. Los secretariados nacionales est\u00e1n presentes en Argentina (Florencio Varela), Australia (Mulgoa), Brasil (Atibaia y Santa Mar\u00eda), Chile (Santiago), Costa Rica, Rep\u00fablica Dominicana (La Victoria), Ecuador, M\u00e9xico, Paraguay, Polonia, Puerto Rico, Portugal, Suiza, Espa\u00f1a, Sud\u00e1frica y Estados Unidos (Milwaukee -Waukesha-).<\/p>\n<figure id=\"attachment_32488\" aria-describedby=\"caption-attachment-32488\" style=\"width: 1004px\" class=\"wp-caption aligncenter\"><img fetchpriority=\"high\" decoding=\"async\" class=\"wp-image-32488\" src=\"https:\/\/schoenstatt.com\/wp-content\/uploads\/2023\/09\/secretariado-africa-do-sul-scaled.jpg\" alt=\"\" width=\"1004\" height=\"345\" \/><figcaption id=\"caption-attachment-32488\" class=\"wp-caption-text\">Amigos del Padre Kentenich, Sud\u00e1frica<\/figcaption><\/figure>\n<p>La sede del Secretariado Internacional se encuentra en el Monte Schoenstatt, en la Casa Padre Kentenich. La Hermana Gisela-Maria Mues es actualmente la responsable del trabajo y explica: \u00abLos secretariados de cada pa\u00eds trabajan in situ de forma independiente, pero est\u00e1n en buen contacto con el Secretariado Central. Esto es especialmente cierto para la publicaci\u00f3n de escritos: los publica el Secretariado Central y se traducen parcialmente aqu\u00ed\u00bb.<\/p>\n<h3>Polonia: Tras las huellas del Padre<\/h3>\n<p>En Polonia, el Secretariado Padre Kentenich se encuentra en el Centro Nacional del Movimiento, junto al Santuario Fidelitatis, en Otwock-\u015awider.<\/p>\n<p>La Hna. M. Krzysztofa Fulneczek, responsable del lugar, dice: \u00abLa Secretar\u00eda recibe testimonios y expresiones de gratitud por la intercesi\u00f3n del Padre Kentenich. Aqu\u00ed se gestiona toda la correspondencia y se recogen firmas para el proceso de beatificaci\u00f3n en los centros del Movimiento en toda Polonia. Se catalogan y se env\u00edan en su totalidad a la Secretar\u00eda en Schoenstatt\u00bb.<\/p>\n<p>En Polonia se realizan diversas actividades para promover la vida y obra del fundador de Schoenstatt. Se distribuyen novenas, libros, im\u00e1genes, etc. En los \u00faltimos dos a\u00f1os, el Secretariado ha publicado tambi\u00e9n la versi\u00f3n polaca de \u00abImpulsos para la vida\u00bb, que es \u00abmuy popular\u00bb, expresa la Hna. M. Krzysztofa.<\/p>\n<p><img decoding=\"async\" class=\"aligncenter wp-image-32452 \" src=\"https:\/\/schoenstatt.com\/wp-content\/uploads\/2023\/09\/secretariado-PJK-polonia-scaled.jpg\" alt=\"\" width=\"1088\" height=\"371\" \/><\/p>\n<p>La estatua del Padre en Otwock-\u015awider es el principal lugar de encuentro con el Fundador. Adem\u00e1s, \u00abdesde 2013 existe el proyecto &#8216;El camino del Padre Kentenich en Polonia&#8217;, que pretende dar a conocer y recordar 17 lugares donde el Padre Jos\u00e9 Kentenich permaneci\u00f3 entre 1922 y 1937 y realiz\u00f3 retiros, cursos de formaci\u00f3n y pastorales, entre otras cosas\u00bb, relata la Hna. M. Krzysztofa.<\/p>\n<h3>Sud\u00e1frica: 75 a\u00f1os de la primera visita<\/h3>\n<p>\u00abAqu\u00ed en Sud\u00e1frica tenemos un movimiento peque\u00f1o pero leal que mantiene una profunda relaci\u00f3n con nuestro fundador\u00bb, dice la Hna. M. Connie O&#8217;Brien.<\/p>\n<p>En 2023 se cumplir\u00e1n 75 a\u00f1os de la primera visita del Padre Kentenich al pa\u00eds. \u00abEn nuestra sala de Documentaci\u00f3n del Padre, en la Casa Provincial, hemos registrado una visi\u00f3n general de la vida de nuestro fundador y de su visita a Sud\u00e1frica a trav\u00e9s de varias fotograf\u00edas con leyendas. Tambi\u00e9n hemos instalado el altar original en el que celebr\u00f3 la Santa Misa en Paarl, as\u00ed como la puerta de una habitaci\u00f3n en la que se aloj\u00f3 en Worcester. Los miembros de Schoenstatt, as\u00ed como el p\u00fablico en general, tienen libre acceso a esta habitaci\u00f3n y algunos la utilizan como sala de meditaci\u00f3n para reflexionar sobre la vida del P. Kentenich. El crecimiento del Movimiento aqu\u00ed en Ciudad del Cabo y Johannesburgo tambi\u00e9n ha sido representado visualmente en esta sala\u00bb, explica la Hna. M. Connie.<\/p>\n<p><img decoding=\"async\" class=\"aligncenter wp-image-32468 \" src=\"https:\/\/schoenstatt.com\/wp-content\/uploads\/2023\/09\/secretariado-Pe-Kentenich-africa-do-sul-scaled.jpg\" alt=\"\" width=\"973\" height=\"438\" \/><\/p>\n<p>Todos los a\u00f1os, el 15 de septiembre, el arzobispo de Ciudad del Cabo, Stephen Brislin, se re\u00fane con el Movimiento de Schoenstatt de la regi\u00f3n. Celebra la Santa Misa y se dirige a la estatua del Padre Kentenich, tras lo cual preside la renovaci\u00f3n de la Alianza de Amor. Este a\u00f1o la celebraci\u00f3n ser\u00e1 a\u00fan m\u00e1s especial, ya que el arzobispo Stephen Brislin ha sido nombrado cardenal por el Papa Francisco y participar\u00e1 en el consistorio dentro de unos d\u00edas, a finales de mes.<\/p>\n<h3>Australia: Zapatos fuera<\/h3>\n<p>En Australia hay varias ediciones de \u00abImpulsos para la vida\u00bb, que llegan de la mano del Secretariado Internacional. Tambi\u00e9n tienen una buena colaboraci\u00f3n con el Secretariado de Milwaukee, en EE UU, dado que comparten el mismo idioma.<\/p>\n<p>\u00abTenemos una &#8216;habitaci\u00f3n del Padre&#8217; a la que puede acceder el p\u00fablico que nos visita regularmente\u00bb, dice la Hermana M. Angrit Bergmann. \u00abLos visitantes no suelen saber mucho de nuestro Padre, pero les encanta recoger alguna frase suya, y las hermanas intentan explic\u00e1rselo cuando est\u00e1n cerca. Muchos de los visitantes son de la India o Sri Lanka y tratan el espacio como un &#8216;lugar sagrado&#8217;, quit\u00e1ndose los zapatos antes de entrar\u00bb.<\/p>\n<p><img loading=\"lazy\" decoding=\"async\" class=\"aligncenter wp-image-32448 \" src=\"https:\/\/schoenstatt.com\/wp-content\/uploads\/2023\/09\/secretariado-PJK-Australia.jpg\" alt=\"\" width=\"1075\" height=\"486\" \/><\/p>\n<p>Las caracter\u00edsticas regionales son fuertes en Australia: \u00abA los visitantes del Santuario y de la Sala del Padre les encanta &#8216;saludar&#8217; a nuestro Padre y a menudo ponen flores y a veces incluso dinero en sus manos.\u00bb<\/p>\n<h3>Portugal: R\u00e9plica de la Iglesia de la Adoraci\u00f3n<\/h3>\n<p>En Portugal hay una secretar\u00eda activa y la actual responsable es la Hermana Maria do Ros\u00e1rio Santos. \u00abAqu\u00ed en Portugal intentamos utilizar todos los medios y recursos a nuestro alcance para dar a conocer mejor al P. Kentenich. Y el primer medio que utilizamos es la palabra hablada y el contacto personal, porque normalmente es en el di\u00e1logo cuando la persona se siente impulsada a saber m\u00e1s sobre la vida, la obra y la misi\u00f3n del Padre Kentenich\u00bb, expres\u00f3.<\/p>\n<p>Uno de los lugares m\u00e1s impresionantes de Portugal es la \u00abSala Padre Kentenich\u00bb, moldeada a imagen del lugar donde est\u00e1 enterrado el fundador. Uno se puede sentir muy cerca de la Iglesia de la Adoraci\u00f3n de Schoenstatt. \u00abLa pared de esta habitaci\u00f3n est\u00e1 forrada con una foto de la Capilla del Fundador en la Iglesia de la Sant\u00edsima Trinidad, lo que la convierte en una peque\u00f1a r\u00e9plica de este lugar bendito y as\u00ed, desde el primer momento en que entras en esta habitaci\u00f3n, te transporta a Schoenstatt. Inmediatamente despierta un ambiente sagrado y al mismo tiempo facilita que desde all\u00ed se pueda hacer una verdadera catequesis sobre la vida y obra del P. Kentenich.\u00bb<\/p>\n<p><img loading=\"lazy\" decoding=\"async\" class=\"aligncenter wp-image-32456 \" src=\"https:\/\/schoenstatt.com\/wp-content\/uploads\/2023\/09\/secretariado-Pe-Kentenich-em-portugal.jpg\" alt=\"\" width=\"427\" height=\"641\" \/><\/p>\n<p>Aparte de eso, \u00aben un peque\u00f1o armario podemos encontrar tambi\u00e9n varias de sus reliquias. En cada visita, podemos llevarnos a casa un pensamiento escrito por el P. Kentenich\u00bb, dice la Hermana Maria do Ros\u00e1rio.<\/p>\n<h2>M\u00e1s informaci\u00f3n sobre los secretariados<\/h2>\n<p>Te invitamos a visitar el secretariado m\u00e1s cercano a su regi\u00f3n, o a visitar el Secretariado Internacional en l\u00ednea, con una versi\u00f3n en ocho idiomas, en: <a href=\"https:\/\/www.pater-kentenich.org\/es\/\" target=\"_blank\" rel=\"noopener\">pater-kentenich.org<\/a><\/p>\n","protected":false},"excerpt":{"rendered":"<p>En el mundo hay 17 Secretariados dedicados a la Causa de Beatificaci\u00f3n del Padre Kentenich. Con sus propias particularidades, trabajan en conjunto con el Secretariado Central, que tiene su sede en Alemania. <\/p>\n","protected":false},"author":3,"featured_media":32472,"comment_status":"closed","ping_status":"closed","sticky":false,"template":"","format":"standard","meta":{"footnotes":""},"categories":[881],"tags":[],"class_list":["post-32478","post","type-post","status-publish","format-standard","has-post-thumbnail","hentry","category-p-jose-kentenich-es"],"yoast_head":"<!-- This site is optimized with the Yoast SEO Premium plugin v27.4 (Yoast SEO v27.4) - https:\/\/yoast.com\/product\/yoast-seo-premium-wordpress\/ -->\n<title>El Secretariado Padre Kentenich y sus extensiones en el mundo<\/title>\n<meta name=\"description\" content=\"En el mundo hay 17 secretariados dedicados a la causa de beatificaci\u00f3n del Padre Kentenich. \u00bfConoces algunos de ellos?\" \/>\n<meta name=\"robots\" content=\"index, follow, max-snippet:-1, max-image-preview:large, max-video-preview:-1\" \/>\n<link rel=\"canonical\" href=\"https:\/\/schoenstatt.com\/es\/el-secretariado-padre-kentenich-y-sus-extensiones-en-el-mundo\/\" \/>\n<meta property=\"og:locale\" content=\"es_ES\" \/>\n<meta property=\"og:type\" content=\"article\" \/>\n<meta property=\"og:title\" content=\"El Secretariado Padre Kentenich y sus extensiones en el mundo\" \/>\n<meta property=\"og:description\" content=\"En el mundo hay 17 secretariados dedicados a la causa de beatificaci\u00f3n del Padre Kentenich. \u00bfConoces algunos de ellos?\" \/>\n<meta property=\"og:url\" content=\"https:\/\/schoenstatt.com\/es\/el-secretariado-padre-kentenich-y-sus-extensiones-en-el-mundo\/\" \/>\n<meta property=\"og:site_name\" content=\"Schoenstatt\" \/>\n<meta property=\"article:published_time\" content=\"2023-09-15T04:26:11+00:00\" \/>\n<meta property=\"article:modified_time\" content=\"2025-05-15T16:17:37+00:00\" \/>\n<meta property=\"og:image\" content=\"https:\/\/schoenstatt.com\/wp-content\/uploads\/2023\/09\/Secretariado-Pe-Kentenich-Schoenstatt-1.jpg\" \/>\n\t<meta property=\"og:image:width\" content=\"1600\" \/>\n\t<meta property=\"og:image:height\" content=\"1088\" \/>\n\t<meta property=\"og:image:type\" content=\"image\/jpeg\" \/>\n<meta name=\"author\" content=\"Karen Bueno\" \/>\n<meta name=\"twitter:card\" content=\"summary_large_image\" \/>\n<meta name=\"twitter:label1\" content=\"Escrito por\" \/>\n\t<meta name=\"twitter:data1\" content=\"Karen Bueno\" \/>\n\t<meta name=\"twitter:label2\" content=\"Tiempo de lectura\" \/>\n\t<meta name=\"twitter:data2\" content=\"6 minutos\" \/>\n<script type=\"application\/ld+json\" class=\"yoast-schema-graph\">{\"@context\":\"https:\\\/\\\/schema.org\",\"@graph\":[{\"@type\":\"Article\",\"@id\":\"https:\\\/\\\/schoenstatt.com\\\/es\\\/el-secretariado-padre-kentenich-y-sus-extensiones-en-el-mundo\\\/#article\",\"isPartOf\":{\"@id\":\"https:\\\/\\\/schoenstatt.com\\\/es\\\/el-secretariado-padre-kentenich-y-sus-extensiones-en-el-mundo\\\/\"},\"author\":{\"name\":\"Karen Bueno\",\"@id\":\"https:\\\/\\\/schoenstatt.com\\\/es\\\/#\\\/schema\\\/person\\\/5158877ad4acae98b34daaeef2a1ce6e\"},\"headline\":\"El Secretariado Padre Kentenich y sus extensiones en el mundo\",\"datePublished\":\"2023-09-15T04:26:11+00:00\",\"dateModified\":\"2025-05-15T16:17:37+00:00\",\"mainEntityOfPage\":{\"@id\":\"https:\\\/\\\/schoenstatt.com\\\/es\\\/el-secretariado-padre-kentenich-y-sus-extensiones-en-el-mundo\\\/\"},\"wordCount\":1191,\"publisher\":{\"@id\":\"https:\\\/\\\/schoenstatt.com\\\/es\\\/#organization\"},\"image\":{\"@id\":\"https:\\\/\\\/schoenstatt.com\\\/es\\\/el-secretariado-padre-kentenich-y-sus-extensiones-en-el-mundo\\\/#primaryimage\"},\"thumbnailUrl\":\"https:\\\/\\\/schoenstatt.com\\\/wp-content\\\/uploads\\\/2023\\\/09\\\/Secretariado-Pe-Kentenich-Schoenstatt-1.jpg\",\"articleSection\":[\"P. Jos\u00e9 Kentenich\"],\"inLanguage\":\"es\"},{\"@type\":\"WebPage\",\"@id\":\"https:\\\/\\\/schoenstatt.com\\\/es\\\/el-secretariado-padre-kentenich-y-sus-extensiones-en-el-mundo\\\/\",\"url\":\"https:\\\/\\\/schoenstatt.com\\\/es\\\/el-secretariado-padre-kentenich-y-sus-extensiones-en-el-mundo\\\/\",\"name\":\"El Secretariado Padre Kentenich y sus extensiones en el mundo\",\"isPartOf\":{\"@id\":\"https:\\\/\\\/schoenstatt.com\\\/es\\\/#website\"},\"primaryImageOfPage\":{\"@id\":\"https:\\\/\\\/schoenstatt.com\\\/es\\\/el-secretariado-padre-kentenich-y-sus-extensiones-en-el-mundo\\\/#primaryimage\"},\"image\":{\"@id\":\"https:\\\/\\\/schoenstatt.com\\\/es\\\/el-secretariado-padre-kentenich-y-sus-extensiones-en-el-mundo\\\/#primaryimage\"},\"thumbnailUrl\":\"https:\\\/\\\/schoenstatt.com\\\/wp-content\\\/uploads\\\/2023\\\/09\\\/Secretariado-Pe-Kentenich-Schoenstatt-1.jpg\",\"datePublished\":\"2023-09-15T04:26:11+00:00\",\"dateModified\":\"2025-05-15T16:17:37+00:00\",\"description\":\"En el mundo hay 17 secretariados dedicados a la causa de beatificaci\u00f3n del Padre Kentenich. \u00bfConoces algunos de ellos?\",\"breadcrumb\":{\"@id\":\"https:\\\/\\\/schoenstatt.com\\\/es\\\/el-secretariado-padre-kentenich-y-sus-extensiones-en-el-mundo\\\/#breadcrumb\"},\"inLanguage\":\"es\",\"potentialAction\":[{\"@type\":\"ReadAction\",\"target\":[\"https:\\\/\\\/schoenstatt.com\\\/es\\\/el-secretariado-padre-kentenich-y-sus-extensiones-en-el-mundo\\\/\"]}]},{\"@type\":\"ImageObject\",\"inLanguage\":\"es\",\"@id\":\"https:\\\/\\\/schoenstatt.com\\\/es\\\/el-secretariado-padre-kentenich-y-sus-extensiones-en-el-mundo\\\/#primaryimage\",\"url\":\"https:\\\/\\\/schoenstatt.com\\\/wp-content\\\/uploads\\\/2023\\\/09\\\/Secretariado-Pe-Kentenich-Schoenstatt-1.jpg\",\"contentUrl\":\"https:\\\/\\\/schoenstatt.com\\\/wp-content\\\/uploads\\\/2023\\\/09\\\/Secretariado-Pe-Kentenich-Schoenstatt-1.jpg\",\"width\":1600,\"height\":1088},{\"@type\":\"BreadcrumbList\",\"@id\":\"https:\\\/\\\/schoenstatt.com\\\/es\\\/el-secretariado-padre-kentenich-y-sus-extensiones-en-el-mundo\\\/#breadcrumb\",\"itemListElement\":[{\"@type\":\"ListItem\",\"position\":1,\"name\":\"Portada\",\"item\":\"https:\\\/\\\/schoenstatt.com\\\/es\\\/home\\\/\"},{\"@type\":\"ListItem\",\"position\":2,\"name\":\"El Secretariado Padre Kentenich y sus extensiones en el mundo\"}]},{\"@type\":\"WebSite\",\"@id\":\"https:\\\/\\\/schoenstatt.com\\\/es\\\/#website\",\"url\":\"https:\\\/\\\/schoenstatt.com\\\/es\\\/\",\"name\":\"Schoenstatt\",\"description\":\"Apostolic Movement\",\"publisher\":{\"@id\":\"https:\\\/\\\/schoenstatt.com\\\/es\\\/#organization\"},\"potentialAction\":[{\"@type\":\"SearchAction\",\"target\":{\"@type\":\"EntryPoint\",\"urlTemplate\":\"https:\\\/\\\/schoenstatt.com\\\/es\\\/?s={search_term_string}\"},\"query-input\":{\"@type\":\"PropertyValueSpecification\",\"valueRequired\":true,\"valueName\":\"search_term_string\"}}],\"inLanguage\":\"es\"},{\"@type\":\"Organization\",\"@id\":\"https:\\\/\\\/schoenstatt.com\\\/es\\\/#organization\",\"name\":\"Schoenstatt\",\"url\":\"https:\\\/\\\/schoenstatt.com\\\/es\\\/\",\"logo\":{\"@type\":\"ImageObject\",\"inLanguage\":\"es\",\"@id\":\"https:\\\/\\\/schoenstatt.com\\\/es\\\/#\\\/schema\\\/logo\\\/image\\\/\",\"url\":\"https:\\\/\\\/schoenstatt.com\\\/wp-content\\\/uploads\\\/2025\\\/04\\\/logo-schoenstatt-white-696x696-1.png\",\"contentUrl\":\"https:\\\/\\\/schoenstatt.com\\\/wp-content\\\/uploads\\\/2025\\\/04\\\/logo-schoenstatt-white-696x696-1.png\",\"width\":696,\"height\":694,\"caption\":\"Schoenstatt\"},\"image\":{\"@id\":\"https:\\\/\\\/schoenstatt.com\\\/es\\\/#\\\/schema\\\/logo\\\/image\\\/\"}},{\"@type\":\"Person\",\"@id\":\"https:\\\/\\\/schoenstatt.com\\\/es\\\/#\\\/schema\\\/person\\\/5158877ad4acae98b34daaeef2a1ce6e\",\"name\":\"Karen Bueno\",\"image\":{\"@type\":\"ImageObject\",\"inLanguage\":\"es\",\"@id\":\"https:\\\/\\\/secure.gravatar.com\\\/avatar\\\/f9f4b823873154269d2b2130f195f6d41037dd0d7fc5f3cacb5c846bae70d66b?s=96&d=mm&r=g\",\"url\":\"https:\\\/\\\/secure.gravatar.com\\\/avatar\\\/f9f4b823873154269d2b2130f195f6d41037dd0d7fc5f3cacb5c846bae70d66b?s=96&d=mm&r=g\",\"contentUrl\":\"https:\\\/\\\/secure.gravatar.com\\\/avatar\\\/f9f4b823873154269d2b2130f195f6d41037dd0d7fc5f3cacb5c846bae70d66b?s=96&d=mm&r=g\",\"caption\":\"Karen Bueno\"},\"url\":\"https:\\\/\\\/schoenstatt.com\\\/es\\\/author\\\/karen-bueno\\\/\"}]}<\/script>\n<!-- \/ Yoast SEO Premium plugin. -->","yoast_head_json":{"title":"El Secretariado Padre Kentenich y sus extensiones en el mundo","description":"En el mundo hay 17 secretariados dedicados a la causa de beatificaci\u00f3n del Padre Kentenich. \u00bfConoces algunos de ellos?","robots":{"index":"index","follow":"follow","max-snippet":"max-snippet:-1","max-image-preview":"max-image-preview:large","max-video-preview":"max-video-preview:-1"},"canonical":"https:\/\/schoenstatt.com\/es\/el-secretariado-padre-kentenich-y-sus-extensiones-en-el-mundo\/","og_locale":"es_ES","og_type":"article","og_title":"El Secretariado Padre Kentenich y sus extensiones en el mundo","og_description":"En el mundo hay 17 secretariados dedicados a la causa de beatificaci\u00f3n del Padre Kentenich. \u00bfConoces algunos de ellos?","og_url":"https:\/\/schoenstatt.com\/es\/el-secretariado-padre-kentenich-y-sus-extensiones-en-el-mundo\/","og_site_name":"Schoenstatt","article_published_time":"2023-09-15T04:26:11+00:00","article_modified_time":"2025-05-15T16:17:37+00:00","og_image":[{"width":1600,"height":1088,"url":"https:\/\/schoenstatt.com\/wp-content\/uploads\/2023\/09\/Secretariado-Pe-Kentenich-Schoenstatt-1.jpg","type":"image\/jpeg"}],"author":"Karen Bueno","twitter_card":"summary_large_image","twitter_misc":{"Escrito por":"Karen Bueno","Tiempo de lectura":"6 minutos"},"schema":{"@context":"https:\/\/schema.org","@graph":[{"@type":"Article","@id":"https:\/\/schoenstatt.com\/es\/el-secretariado-padre-kentenich-y-sus-extensiones-en-el-mundo\/#article","isPartOf":{"@id":"https:\/\/schoenstatt.com\/es\/el-secretariado-padre-kentenich-y-sus-extensiones-en-el-mundo\/"},"author":{"name":"Karen Bueno","@id":"https:\/\/schoenstatt.com\/es\/#\/schema\/person\/5158877ad4acae98b34daaeef2a1ce6e"},"headline":"El Secretariado Padre Kentenich y sus extensiones en el mundo","datePublished":"2023-09-15T04:26:11+00:00","dateModified":"2025-05-15T16:17:37+00:00","mainEntityOfPage":{"@id":"https:\/\/schoenstatt.com\/es\/el-secretariado-padre-kentenich-y-sus-extensiones-en-el-mundo\/"},"wordCount":1191,"publisher":{"@id":"https:\/\/schoenstatt.com\/es\/#organization"},"image":{"@id":"https:\/\/schoenstatt.com\/es\/el-secretariado-padre-kentenich-y-sus-extensiones-en-el-mundo\/#primaryimage"},"thumbnailUrl":"https:\/\/schoenstatt.com\/wp-content\/uploads\/2023\/09\/Secretariado-Pe-Kentenich-Schoenstatt-1.jpg","articleSection":["P. Jos\u00e9 Kentenich"],"inLanguage":"es"},{"@type":"WebPage","@id":"https:\/\/schoenstatt.com\/es\/el-secretariado-padre-kentenich-y-sus-extensiones-en-el-mundo\/","url":"https:\/\/schoenstatt.com\/es\/el-secretariado-padre-kentenich-y-sus-extensiones-en-el-mundo\/","name":"El Secretariado Padre Kentenich y sus extensiones en el mundo","isPartOf":{"@id":"https:\/\/schoenstatt.com\/es\/#website"},"primaryImageOfPage":{"@id":"https:\/\/schoenstatt.com\/es\/el-secretariado-padre-kentenich-y-sus-extensiones-en-el-mundo\/#primaryimage"},"image":{"@id":"https:\/\/schoenstatt.com\/es\/el-secretariado-padre-kentenich-y-sus-extensiones-en-el-mundo\/#primaryimage"},"thumbnailUrl":"https:\/\/schoenstatt.com\/wp-content\/uploads\/2023\/09\/Secretariado-Pe-Kentenich-Schoenstatt-1.jpg","datePublished":"2023-09-15T04:26:11+00:00","dateModified":"2025-05-15T16:17:37+00:00","description":"En el mundo hay 17 secretariados dedicados a la causa de beatificaci\u00f3n del Padre Kentenich. \u00bfConoces algunos de ellos?","breadcrumb":{"@id":"https:\/\/schoenstatt.com\/es\/el-secretariado-padre-kentenich-y-sus-extensiones-en-el-mundo\/#breadcrumb"},"inLanguage":"es","potentialAction":[{"@type":"ReadAction","target":["https:\/\/schoenstatt.com\/es\/el-secretariado-padre-kentenich-y-sus-extensiones-en-el-mundo\/"]}]},{"@type":"ImageObject","inLanguage":"es","@id":"https:\/\/schoenstatt.com\/es\/el-secretariado-padre-kentenich-y-sus-extensiones-en-el-mundo\/#primaryimage","url":"https:\/\/schoenstatt.com\/wp-content\/uploads\/2023\/09\/Secretariado-Pe-Kentenich-Schoenstatt-1.jpg","contentUrl":"https:\/\/schoenstatt.com\/wp-content\/uploads\/2023\/09\/Secretariado-Pe-Kentenich-Schoenstatt-1.jpg","width":1600,"height":1088},{"@type":"BreadcrumbList","@id":"https:\/\/schoenstatt.com\/es\/el-secretariado-padre-kentenich-y-sus-extensiones-en-el-mundo\/#breadcrumb","itemListElement":[{"@type":"ListItem","position":1,"name":"Portada","item":"https:\/\/schoenstatt.com\/es\/home\/"},{"@type":"ListItem","position":2,"name":"El Secretariado Padre Kentenich y sus extensiones en el mundo"}]},{"@type":"WebSite","@id":"https:\/\/schoenstatt.com\/es\/#website","url":"https:\/\/schoenstatt.com\/es\/","name":"Schoenstatt","description":"Apostolic Movement","publisher":{"@id":"https:\/\/schoenstatt.com\/es\/#organization"},"potentialAction":[{"@type":"SearchAction","target":{"@type":"EntryPoint","urlTemplate":"https:\/\/schoenstatt.com\/es\/?s={search_term_string}"},"query-input":{"@type":"PropertyValueSpecification","valueRequired":true,"valueName":"search_term_string"}}],"inLanguage":"es"},{"@type":"Organization","@id":"https:\/\/schoenstatt.com\/es\/#organization","name":"Schoenstatt","url":"https:\/\/schoenstatt.com\/es\/","logo":{"@type":"ImageObject","inLanguage":"es","@id":"https:\/\/schoenstatt.com\/es\/#\/schema\/logo\/image\/","url":"https:\/\/schoenstatt.com\/wp-content\/uploads\/2025\/04\/logo-schoenstatt-white-696x696-1.png","contentUrl":"https:\/\/schoenstatt.com\/wp-content\/uploads\/2025\/04\/logo-schoenstatt-white-696x696-1.png","width":696,"height":694,"caption":"Schoenstatt"},"image":{"@id":"https:\/\/schoenstatt.com\/es\/#\/schema\/logo\/image\/"}},{"@type":"Person","@id":"https:\/\/schoenstatt.com\/es\/#\/schema\/person\/5158877ad4acae98b34daaeef2a1ce6e","name":"Karen Bueno","image":{"@type":"ImageObject","inLanguage":"es","@id":"https:\/\/secure.gravatar.com\/avatar\/f9f4b823873154269d2b2130f195f6d41037dd0d7fc5f3cacb5c846bae70d66b?s=96&d=mm&r=g","url":"https:\/\/secure.gravatar.com\/avatar\/f9f4b823873154269d2b2130f195f6d41037dd0d7fc5f3cacb5c846bae70d66b?s=96&d=mm&r=g","contentUrl":"https:\/\/secure.gravatar.com\/avatar\/f9f4b823873154269d2b2130f195f6d41037dd0d7fc5f3cacb5c846bae70d66b?s=96&d=mm&r=g","caption":"Karen Bueno"},"url":"https:\/\/schoenstatt.com\/es\/author\/karen-bueno\/"}]}},"_links":{"self":[{"href":"https:\/\/schoenstatt.com\/es\/wp-json\/wp\/v2\/posts\/32478","targetHints":{"allow":["GET"]}}],"collection":[{"href":"https:\/\/schoenstatt.com\/es\/wp-json\/wp\/v2\/posts"}],"about":[{"href":"https:\/\/schoenstatt.com\/es\/wp-json\/wp\/v2\/types\/post"}],"author":[{"embeddable":true,"href":"https:\/\/schoenstatt.com\/es\/wp-json\/wp\/v2\/users\/3"}],"replies":[{"embeddable":true,"href":"https:\/\/schoenstatt.com\/es\/wp-json\/wp\/v2\/comments?post=32478"}],"version-history":[{"count":1,"href":"https:\/\/schoenstatt.com\/es\/wp-json\/wp\/v2\/posts\/32478\/revisions"}],"predecessor-version":[{"id":46254,"href":"https:\/\/schoenstatt.com\/es\/wp-json\/wp\/v2\/posts\/32478\/revisions\/46254"}],"wp:featuredmedia":[{"embeddable":true,"href":"https:\/\/schoenstatt.com\/es\/wp-json\/wp\/v2\/media\/32472"}],"wp:attachment":[{"href":"https:\/\/schoenstatt.com\/es\/wp-json\/wp\/v2\/media?parent=32478"}],"wp:term":[{"taxonomy":"category","embeddable":true,"href":"https:\/\/schoenstatt.com\/es\/wp-json\/wp\/v2\/categories?post=32478"},{"taxonomy":"post_tag","embeddable":true,"href":"https:\/\/schoenstatt.com\/es\/wp-json\/wp\/v2\/tags?post=32478"}],"curies":[{"name":"wp","href":"https:\/\/api.w.org\/{rel}","templated":true}]}}