{"id":32224,"date":"2023-08-30T15:47:11","date_gmt":"2023-08-30T13:47:11","guid":{"rendered":"https:\/\/schoenstatt.com\/espiritualidad\/video-do-papa-da-cultura-do-descarte-a-cultura-da-acolhida\/"},"modified":"2025-04-18T21:22:55","modified_gmt":"2025-04-18T19:22:55","slug":"video-del-papa-de-la-cultura-del-descarte-a-la-cultura-de-la-acogida","status":"publish","type":"post","link":"https:\/\/schoenstatt.com\/es\/video-del-papa-de-la-cultura-del-descarte-a-la-cultura-de-la-acogida\/","title":{"rendered":"Video del Papa: De la \u201ccultura del descarte\u201d a la \u201ccultura de la acogida\u201d"},"content":{"rendered":"<p>En el Video del Papa con la intenci\u00f3n de oraci\u00f3n para septiembre 2023, difundido hoy por la <a href=\"https:\/\/www.popesprayer.va\/es\/\" target=\"_blank\" rel=\"noopener\">Red Mundial de Oraci\u00f3n del Papa<\/a>, Francisco invita a contraponer la \u201ccultura del descarte\u201d a la \u201ccultura de la acogida\u201d y a rezar \u201cpara que las personas que viven al margen de la sociedad, en condiciones de vida infrahumanas, no sean olvidadas por las instituciones y nunca sean descartadas\u201d.<\/p>\n<p>\u201c\u00bfC\u00f3mo hemos podido llegar a este nivel de indiferencia?\u201d se pregunta el Papa en el video, mientras corren im\u00e1genes de personas sin hogar en las aceras de Canad\u00e1, Estados Unidos, Camer\u00fan e India; ni\u00f1os de la calle que pasan el d\u00eda lavando los cristales de los coches parados en los sem\u00e1foros de San Salvador; personas con diversas discapacidades en Espa\u00f1a, Filipinas y Centroam\u00e9rica; chabolas cerca de los rascacielos en Vancouver, edificios de Buenos Aires y R\u00edo de Janeiro.<\/p>\n<p style=\"text-align: left;\">El Santo Padre insta a dejar de \u201chacer invisibles a los que est\u00e1n al margen de la sociedad, ya sea por motivos de pobreza, dependencias, enfermedades ps\u00edquicas o minusval\u00edas\u201d. Y da una indicaci\u00f3n: \u201cCentr\u00e9monos en la acogida. En acoger a todas las personas que lo necesitan. La \u2018cultura de la acogida\u2019, de recibir, de dar techo, de dar hogar, de dar amor, de dar calidez humana\u201d<\/p>\n<p style=\"text-align: center;\"><iframe title=\"YouTube video player\" src=\"https:\/\/www.youtube.com\/embed\/Zkmvm8DU1Fg?si=eYNGnPCVmjii2kmw\" width=\"560\" height=\"315\" frameborder=\"0\" allowfullscreen=\"allowfullscreen\"><\/iframe><\/p>\n<h2>10% de la poblaci\u00f3n mundial vive en extrema pobreza<\/h2>\n<p>Seg\u00fan las Naciones Unidas, m\u00e1s de 700 millones de personas, el 10% de la poblaci\u00f3n mundial, vive en situaci\u00f3n de extrema pobreza, con dificultades para satisfacer las necesidades m\u00e1s b\u00e1sicas, como la salud, la educaci\u00f3n y el acceso a agua y saneamiento. La propia ONU a\u00f1ade que alrededor de 1.600 millones de personas viven en condiciones de vivienda inadecuadas, y que los pa\u00edses m\u00e1s industrializados no son una excepci\u00f3n. Informes de la Organizaci\u00f3n Mundial de la Salud revelan, asimismo, que una de cada ocho personas en el mundo convive con un \u201ctrastorno mental\u201d, mientras que el 16% de la poblaci\u00f3n mundial experimenta una \u201cdiscapacidad significativa\u201d.<\/p>\n<p>Unidos <a href=\"https:\/\/schoenstatt.com\/es\/acerca-de\/espiritualidad\/alianza-de-amor\/\">en alianza<\/a> con toda la Iglesia, recemos por esta intenci\u00f3n y miremos, con actitudes de amor y misericordia, a nuestros hermanos y hermanas que m\u00e1s lo necesitan.<\/p>\n","protected":false},"excerpt":{"rendered":"<p>Video del Papa con la intenci\u00f3n de oraci\u00f3n para septiembre 2023: \u201cPara que las personas que viven al margen de la sociedad, en condiciones de vida infrahumanas, no sean olvidadas por las instituciones y nunca sean descartadas\u201d.<\/p>\n","protected":false},"author":3,"featured_media":32220,"comment_status":"closed","ping_status":"closed","sticky":false,"template":"","format":"standard","meta":{"footnotes":""},"categories":[683,800],"tags":[],"class_list":["post-32224","post","type-post","status-publish","format-standard","has-post-thumbnail","hentry","category-iglesia-es","category-papa-francisco-es"],"yoast_head":"<!-- This site is optimized with the Yoast SEO Premium plugin v27.4 (Yoast SEO v27.4) - https:\/\/yoast.com\/product\/yoast-seo-premium-wordpress\/ -->\n<title>Video del Papa: De la \u201ccultura del descarte\u201d a la \u201ccultura de la acogida\u201d<\/title>\n<meta name=\"description\" content=\"V\u00eddeo del Papa con la intenci\u00f3n de oraci\u00f3n: \u201cPara que las personas que viven al margen de la sociedad no sean olvidadas y descartadas\u201d.\" \/>\n<meta name=\"robots\" content=\"index, follow, max-snippet:-1, max-image-preview:large, max-video-preview:-1\" \/>\n<link rel=\"canonical\" href=\"https:\/\/schoenstatt.com\/es\/video-del-papa-de-la-cultura-del-descarte-a-la-cultura-de-la-acogida\/\" \/>\n<meta property=\"og:locale\" content=\"es_ES\" \/>\n<meta property=\"og:type\" content=\"article\" \/>\n<meta property=\"og:title\" content=\"Video del Papa: De la \u201ccultura del descarte\u201d a la \u201ccultura de la acogida\u201d\" \/>\n<meta property=\"og:description\" content=\"V\u00eddeo del Papa con la intenci\u00f3n de oraci\u00f3n: \u201cPara que las personas que viven al margen de la sociedad no sean olvidadas y descartadas\u201d.\" \/>\n<meta property=\"og:url\" content=\"https:\/\/schoenstatt.com\/es\/video-del-papa-de-la-cultura-del-descarte-a-la-cultura-de-la-acogida\/\" \/>\n<meta property=\"og:site_name\" content=\"Schoenstatt\" \/>\n<meta property=\"article:published_time\" content=\"2023-08-30T13:47:11+00:00\" \/>\n<meta property=\"article:modified_time\" content=\"2025-04-18T19:22:55+00:00\" \/>\n<meta property=\"og:image\" content=\"https:\/\/schoenstatt.com\/wp-content\/uploads\/2023\/08\/video-do-papa-social-2-1.jpg\" \/>\n\t<meta property=\"og:image:width\" content=\"1913\" \/>\n\t<meta property=\"og:image:height\" content=\"814\" \/>\n\t<meta property=\"og:image:type\" content=\"image\/jpeg\" \/>\n<meta name=\"author\" content=\"Karen Bueno\" \/>\n<meta name=\"twitter:card\" content=\"summary_large_image\" \/>\n<meta name=\"twitter:label1\" content=\"Escrito por\" \/>\n\t<meta name=\"twitter:data1\" content=\"Karen Bueno\" \/>\n\t<meta name=\"twitter:label2\" content=\"Tiempo de lectura\" \/>\n\t<meta name=\"twitter:data2\" content=\"2 minutos\" \/>\n<script type=\"application\/ld+json\" class=\"yoast-schema-graph\">{\"@context\":\"https:\\\/\\\/schema.org\",\"@graph\":[{\"@type\":\"Article\",\"@id\":\"https:\\\/\\\/schoenstatt.com\\\/es\\\/video-del-papa-de-la-cultura-del-descarte-a-la-cultura-de-la-acogida\\\/#article\",\"isPartOf\":{\"@id\":\"https:\\\/\\\/schoenstatt.com\\\/es\\\/video-del-papa-de-la-cultura-del-descarte-a-la-cultura-de-la-acogida\\\/\"},\"author\":{\"name\":\"Karen Bueno\",\"@id\":\"https:\\\/\\\/schoenstatt.com\\\/es\\\/#\\\/schema\\\/person\\\/5158877ad4acae98b34daaeef2a1ce6e\"},\"headline\":\"Video del Papa: De la \u201ccultura del descarte\u201d a la \u201ccultura de la acogida\u201d\",\"datePublished\":\"2023-08-30T13:47:11+00:00\",\"dateModified\":\"2025-04-18T19:22:55+00:00\",\"mainEntityOfPage\":{\"@id\":\"https:\\\/\\\/schoenstatt.com\\\/es\\\/video-del-papa-de-la-cultura-del-descarte-a-la-cultura-de-la-acogida\\\/\"},\"wordCount\":393,\"publisher\":{\"@id\":\"https:\\\/\\\/schoenstatt.com\\\/es\\\/#organization\"},\"image\":{\"@id\":\"https:\\\/\\\/schoenstatt.com\\\/es\\\/video-del-papa-de-la-cultura-del-descarte-a-la-cultura-de-la-acogida\\\/#primaryimage\"},\"thumbnailUrl\":\"https:\\\/\\\/schoenstatt.com\\\/wp-content\\\/uploads\\\/2023\\\/08\\\/video-do-papa-social-2-1.jpg\",\"articleSection\":[\"Iglesia\",\"Papa Francisco\"],\"inLanguage\":\"es\"},{\"@type\":\"WebPage\",\"@id\":\"https:\\\/\\\/schoenstatt.com\\\/es\\\/video-del-papa-de-la-cultura-del-descarte-a-la-cultura-de-la-acogida\\\/\",\"url\":\"https:\\\/\\\/schoenstatt.com\\\/es\\\/video-del-papa-de-la-cultura-del-descarte-a-la-cultura-de-la-acogida\\\/\",\"name\":\"Video del Papa: De la \u201ccultura del descarte\u201d a la \u201ccultura de la acogida\u201d\",\"isPartOf\":{\"@id\":\"https:\\\/\\\/schoenstatt.com\\\/es\\\/#website\"},\"primaryImageOfPage\":{\"@id\":\"https:\\\/\\\/schoenstatt.com\\\/es\\\/video-del-papa-de-la-cultura-del-descarte-a-la-cultura-de-la-acogida\\\/#primaryimage\"},\"image\":{\"@id\":\"https:\\\/\\\/schoenstatt.com\\\/es\\\/video-del-papa-de-la-cultura-del-descarte-a-la-cultura-de-la-acogida\\\/#primaryimage\"},\"thumbnailUrl\":\"https:\\\/\\\/schoenstatt.com\\\/wp-content\\\/uploads\\\/2023\\\/08\\\/video-do-papa-social-2-1.jpg\",\"datePublished\":\"2023-08-30T13:47:11+00:00\",\"dateModified\":\"2025-04-18T19:22:55+00:00\",\"description\":\"V\u00eddeo del Papa con la intenci\u00f3n de oraci\u00f3n: \u201cPara que las personas que viven al margen de la sociedad no sean olvidadas y descartadas\u201d.\",\"breadcrumb\":{\"@id\":\"https:\\\/\\\/schoenstatt.com\\\/es\\\/video-del-papa-de-la-cultura-del-descarte-a-la-cultura-de-la-acogida\\\/#breadcrumb\"},\"inLanguage\":\"es\",\"potentialAction\":[{\"@type\":\"ReadAction\",\"target\":[\"https:\\\/\\\/schoenstatt.com\\\/es\\\/video-del-papa-de-la-cultura-del-descarte-a-la-cultura-de-la-acogida\\\/\"]}]},{\"@type\":\"ImageObject\",\"inLanguage\":\"es\",\"@id\":\"https:\\\/\\\/schoenstatt.com\\\/es\\\/video-del-papa-de-la-cultura-del-descarte-a-la-cultura-de-la-acogida\\\/#primaryimage\",\"url\":\"https:\\\/\\\/schoenstatt.com\\\/wp-content\\\/uploads\\\/2023\\\/08\\\/video-do-papa-social-2-1.jpg\",\"contentUrl\":\"https:\\\/\\\/schoenstatt.com\\\/wp-content\\\/uploads\\\/2023\\\/08\\\/video-do-papa-social-2-1.jpg\",\"width\":1913,\"height\":814},{\"@type\":\"BreadcrumbList\",\"@id\":\"https:\\\/\\\/schoenstatt.com\\\/es\\\/video-del-papa-de-la-cultura-del-descarte-a-la-cultura-de-la-acogida\\\/#breadcrumb\",\"itemListElement\":[{\"@type\":\"ListItem\",\"position\":1,\"name\":\"Portada\",\"item\":\"https:\\\/\\\/schoenstatt.com\\\/es\\\/home\\\/\"},{\"@type\":\"ListItem\",\"position\":2,\"name\":\"Video del Papa: De la \u201ccultura del descarte\u201d a la \u201ccultura de la acogida\u201d\"}]},{\"@type\":\"WebSite\",\"@id\":\"https:\\\/\\\/schoenstatt.com\\\/es\\\/#website\",\"url\":\"https:\\\/\\\/schoenstatt.com\\\/es\\\/\",\"name\":\"Schoenstatt\",\"description\":\"Apostolic Movement\",\"publisher\":{\"@id\":\"https:\\\/\\\/schoenstatt.com\\\/es\\\/#organization\"},\"potentialAction\":[{\"@type\":\"SearchAction\",\"target\":{\"@type\":\"EntryPoint\",\"urlTemplate\":\"https:\\\/\\\/schoenstatt.com\\\/es\\\/?s={search_term_string}\"},\"query-input\":{\"@type\":\"PropertyValueSpecification\",\"valueRequired\":true,\"valueName\":\"search_term_string\"}}],\"inLanguage\":\"es\"},{\"@type\":\"Organization\",\"@id\":\"https:\\\/\\\/schoenstatt.com\\\/es\\\/#organization\",\"name\":\"Schoenstatt\",\"url\":\"https:\\\/\\\/schoenstatt.com\\\/es\\\/\",\"logo\":{\"@type\":\"ImageObject\",\"inLanguage\":\"es\",\"@id\":\"https:\\\/\\\/schoenstatt.com\\\/es\\\/#\\\/schema\\\/logo\\\/image\\\/\",\"url\":\"https:\\\/\\\/schoenstatt.com\\\/wp-content\\\/uploads\\\/2025\\\/04\\\/logo-schoenstatt-white-696x696-1.png\",\"contentUrl\":\"https:\\\/\\\/schoenstatt.com\\\/wp-content\\\/uploads\\\/2025\\\/04\\\/logo-schoenstatt-white-696x696-1.png\",\"width\":696,\"height\":694,\"caption\":\"Schoenstatt\"},\"image\":{\"@id\":\"https:\\\/\\\/schoenstatt.com\\\/es\\\/#\\\/schema\\\/logo\\\/image\\\/\"}},{\"@type\":\"Person\",\"@id\":\"https:\\\/\\\/schoenstatt.com\\\/es\\\/#\\\/schema\\\/person\\\/5158877ad4acae98b34daaeef2a1ce6e\",\"name\":\"Karen Bueno\",\"image\":{\"@type\":\"ImageObject\",\"inLanguage\":\"es\",\"@id\":\"https:\\\/\\\/secure.gravatar.com\\\/avatar\\\/f9f4b823873154269d2b2130f195f6d41037dd0d7fc5f3cacb5c846bae70d66b?s=96&d=mm&r=g\",\"url\":\"https:\\\/\\\/secure.gravatar.com\\\/avatar\\\/f9f4b823873154269d2b2130f195f6d41037dd0d7fc5f3cacb5c846bae70d66b?s=96&d=mm&r=g\",\"contentUrl\":\"https:\\\/\\\/secure.gravatar.com\\\/avatar\\\/f9f4b823873154269d2b2130f195f6d41037dd0d7fc5f3cacb5c846bae70d66b?s=96&d=mm&r=g\",\"caption\":\"Karen Bueno\"},\"url\":\"https:\\\/\\\/schoenstatt.com\\\/es\\\/author\\\/karen-bueno\\\/\"}]}<\/script>\n<!-- \/ Yoast SEO Premium plugin. -->","yoast_head_json":{"title":"Video del Papa: De la \u201ccultura del descarte\u201d a la \u201ccultura de la acogida\u201d","description":"V\u00eddeo del Papa con la intenci\u00f3n de oraci\u00f3n: \u201cPara que las personas que viven al margen de la sociedad no sean olvidadas y descartadas\u201d.","robots":{"index":"index","follow":"follow","max-snippet":"max-snippet:-1","max-image-preview":"max-image-preview:large","max-video-preview":"max-video-preview:-1"},"canonical":"https:\/\/schoenstatt.com\/es\/video-del-papa-de-la-cultura-del-descarte-a-la-cultura-de-la-acogida\/","og_locale":"es_ES","og_type":"article","og_title":"Video del Papa: De la \u201ccultura del descarte\u201d a la \u201ccultura de la acogida\u201d","og_description":"V\u00eddeo del Papa con la intenci\u00f3n de oraci\u00f3n: \u201cPara que las personas que viven al margen de la sociedad no sean olvidadas y descartadas\u201d.","og_url":"https:\/\/schoenstatt.com\/es\/video-del-papa-de-la-cultura-del-descarte-a-la-cultura-de-la-acogida\/","og_site_name":"Schoenstatt","article_published_time":"2023-08-30T13:47:11+00:00","article_modified_time":"2025-04-18T19:22:55+00:00","og_image":[{"width":1913,"height":814,"url":"https:\/\/schoenstatt.com\/wp-content\/uploads\/2023\/08\/video-do-papa-social-2-1.jpg","type":"image\/jpeg"}],"author":"Karen Bueno","twitter_card":"summary_large_image","twitter_misc":{"Escrito por":"Karen Bueno","Tiempo de lectura":"2 minutos"},"schema":{"@context":"https:\/\/schema.org","@graph":[{"@type":"Article","@id":"https:\/\/schoenstatt.com\/es\/video-del-papa-de-la-cultura-del-descarte-a-la-cultura-de-la-acogida\/#article","isPartOf":{"@id":"https:\/\/schoenstatt.com\/es\/video-del-papa-de-la-cultura-del-descarte-a-la-cultura-de-la-acogida\/"},"author":{"name":"Karen Bueno","@id":"https:\/\/schoenstatt.com\/es\/#\/schema\/person\/5158877ad4acae98b34daaeef2a1ce6e"},"headline":"Video del Papa: De la \u201ccultura del descarte\u201d a la \u201ccultura de la acogida\u201d","datePublished":"2023-08-30T13:47:11+00:00","dateModified":"2025-04-18T19:22:55+00:00","mainEntityOfPage":{"@id":"https:\/\/schoenstatt.com\/es\/video-del-papa-de-la-cultura-del-descarte-a-la-cultura-de-la-acogida\/"},"wordCount":393,"publisher":{"@id":"https:\/\/schoenstatt.com\/es\/#organization"},"image":{"@id":"https:\/\/schoenstatt.com\/es\/video-del-papa-de-la-cultura-del-descarte-a-la-cultura-de-la-acogida\/#primaryimage"},"thumbnailUrl":"https:\/\/schoenstatt.com\/wp-content\/uploads\/2023\/08\/video-do-papa-social-2-1.jpg","articleSection":["Iglesia","Papa Francisco"],"inLanguage":"es"},{"@type":"WebPage","@id":"https:\/\/schoenstatt.com\/es\/video-del-papa-de-la-cultura-del-descarte-a-la-cultura-de-la-acogida\/","url":"https:\/\/schoenstatt.com\/es\/video-del-papa-de-la-cultura-del-descarte-a-la-cultura-de-la-acogida\/","name":"Video del Papa: De la \u201ccultura del descarte\u201d a la \u201ccultura de la acogida\u201d","isPartOf":{"@id":"https:\/\/schoenstatt.com\/es\/#website"},"primaryImageOfPage":{"@id":"https:\/\/schoenstatt.com\/es\/video-del-papa-de-la-cultura-del-descarte-a-la-cultura-de-la-acogida\/#primaryimage"},"image":{"@id":"https:\/\/schoenstatt.com\/es\/video-del-papa-de-la-cultura-del-descarte-a-la-cultura-de-la-acogida\/#primaryimage"},"thumbnailUrl":"https:\/\/schoenstatt.com\/wp-content\/uploads\/2023\/08\/video-do-papa-social-2-1.jpg","datePublished":"2023-08-30T13:47:11+00:00","dateModified":"2025-04-18T19:22:55+00:00","description":"V\u00eddeo del Papa con la intenci\u00f3n de oraci\u00f3n: \u201cPara que las personas que viven al margen de la sociedad no sean olvidadas y descartadas\u201d.","breadcrumb":{"@id":"https:\/\/schoenstatt.com\/es\/video-del-papa-de-la-cultura-del-descarte-a-la-cultura-de-la-acogida\/#breadcrumb"},"inLanguage":"es","potentialAction":[{"@type":"ReadAction","target":["https:\/\/schoenstatt.com\/es\/video-del-papa-de-la-cultura-del-descarte-a-la-cultura-de-la-acogida\/"]}]},{"@type":"ImageObject","inLanguage":"es","@id":"https:\/\/schoenstatt.com\/es\/video-del-papa-de-la-cultura-del-descarte-a-la-cultura-de-la-acogida\/#primaryimage","url":"https:\/\/schoenstatt.com\/wp-content\/uploads\/2023\/08\/video-do-papa-social-2-1.jpg","contentUrl":"https:\/\/schoenstatt.com\/wp-content\/uploads\/2023\/08\/video-do-papa-social-2-1.jpg","width":1913,"height":814},{"@type":"BreadcrumbList","@id":"https:\/\/schoenstatt.com\/es\/video-del-papa-de-la-cultura-del-descarte-a-la-cultura-de-la-acogida\/#breadcrumb","itemListElement":[{"@type":"ListItem","position":1,"name":"Portada","item":"https:\/\/schoenstatt.com\/es\/home\/"},{"@type":"ListItem","position":2,"name":"Video del Papa: De la \u201ccultura del descarte\u201d a la \u201ccultura de la acogida\u201d"}]},{"@type":"WebSite","@id":"https:\/\/schoenstatt.com\/es\/#website","url":"https:\/\/schoenstatt.com\/es\/","name":"Schoenstatt","description":"Apostolic Movement","publisher":{"@id":"https:\/\/schoenstatt.com\/es\/#organization"},"potentialAction":[{"@type":"SearchAction","target":{"@type":"EntryPoint","urlTemplate":"https:\/\/schoenstatt.com\/es\/?s={search_term_string}"},"query-input":{"@type":"PropertyValueSpecification","valueRequired":true,"valueName":"search_term_string"}}],"inLanguage":"es"},{"@type":"Organization","@id":"https:\/\/schoenstatt.com\/es\/#organization","name":"Schoenstatt","url":"https:\/\/schoenstatt.com\/es\/","logo":{"@type":"ImageObject","inLanguage":"es","@id":"https:\/\/schoenstatt.com\/es\/#\/schema\/logo\/image\/","url":"https:\/\/schoenstatt.com\/wp-content\/uploads\/2025\/04\/logo-schoenstatt-white-696x696-1.png","contentUrl":"https:\/\/schoenstatt.com\/wp-content\/uploads\/2025\/04\/logo-schoenstatt-white-696x696-1.png","width":696,"height":694,"caption":"Schoenstatt"},"image":{"@id":"https:\/\/schoenstatt.com\/es\/#\/schema\/logo\/image\/"}},{"@type":"Person","@id":"https:\/\/schoenstatt.com\/es\/#\/schema\/person\/5158877ad4acae98b34daaeef2a1ce6e","name":"Karen Bueno","image":{"@type":"ImageObject","inLanguage":"es","@id":"https:\/\/secure.gravatar.com\/avatar\/f9f4b823873154269d2b2130f195f6d41037dd0d7fc5f3cacb5c846bae70d66b?s=96&d=mm&r=g","url":"https:\/\/secure.gravatar.com\/avatar\/f9f4b823873154269d2b2130f195f6d41037dd0d7fc5f3cacb5c846bae70d66b?s=96&d=mm&r=g","contentUrl":"https:\/\/secure.gravatar.com\/avatar\/f9f4b823873154269d2b2130f195f6d41037dd0d7fc5f3cacb5c846bae70d66b?s=96&d=mm&r=g","caption":"Karen Bueno"},"url":"https:\/\/schoenstatt.com\/es\/author\/karen-bueno\/"}]}},"_links":{"self":[{"href":"https:\/\/schoenstatt.com\/es\/wp-json\/wp\/v2\/posts\/32224","targetHints":{"allow":["GET"]}}],"collection":[{"href":"https:\/\/schoenstatt.com\/es\/wp-json\/wp\/v2\/posts"}],"about":[{"href":"https:\/\/schoenstatt.com\/es\/wp-json\/wp\/v2\/types\/post"}],"author":[{"embeddable":true,"href":"https:\/\/schoenstatt.com\/es\/wp-json\/wp\/v2\/users\/3"}],"replies":[{"embeddable":true,"href":"https:\/\/schoenstatt.com\/es\/wp-json\/wp\/v2\/comments?post=32224"}],"version-history":[{"count":1,"href":"https:\/\/schoenstatt.com\/es\/wp-json\/wp\/v2\/posts\/32224\/revisions"}],"predecessor-version":[{"id":46218,"href":"https:\/\/schoenstatt.com\/es\/wp-json\/wp\/v2\/posts\/32224\/revisions\/46218"}],"wp:featuredmedia":[{"embeddable":true,"href":"https:\/\/schoenstatt.com\/es\/wp-json\/wp\/v2\/media\/32220"}],"wp:attachment":[{"href":"https:\/\/schoenstatt.com\/es\/wp-json\/wp\/v2\/media?parent=32224"}],"wp:term":[{"taxonomy":"category","embeddable":true,"href":"https:\/\/schoenstatt.com\/es\/wp-json\/wp\/v2\/categories?post=32224"},{"taxonomy":"post_tag","embeddable":true,"href":"https:\/\/schoenstatt.com\/es\/wp-json\/wp\/v2\/tags?post=32224"}],"curies":[{"name":"wp","href":"https:\/\/api.w.org\/{rel}","templated":true}]}}