{"id":31775,"date":"2023-08-02T13:34:44","date_gmt":"2023-08-02T11:34:44","guid":{"rendered":"https:\/\/schoenstatt.com\/espiritualidad\/ernesto-fernandez-novo-bispo-de-schoenstatt-na-igreja-argentina\/"},"modified":"2025-04-18T21:22:40","modified_gmt":"2025-04-18T19:22:40","slug":"p-ernesto-fernandez-nuevo-obispo-schoenstattiano-en-la-iglesia-argentina","status":"publish","type":"post","link":"https:\/\/schoenstatt.com\/es\/p-ernesto-fernandez-nuevo-obispo-schoenstattiano-en-la-iglesia-argentina\/","title":{"rendered":"P. Ernesto Fern\u00e1ndez, nuevo Obispo Schoenstattiano en la Iglesia Argentina"},"content":{"rendered":"<p>El pr\u00f3ximo 4 de agosto, en la fiesta del Santo Cura de Ars, patrono de los sacerdotes, se relizar\u00e1 la ceremonia de ordenaci\u00f3n episcopal de Monse\u00f1or Ernesto Jos\u00e9 Fern\u00e1ndez, presb\u00edtero argentino perteneciente al <a href=\"https:\/\/schoenstatt.com\/es\/familia\/comunidades-de-schoenstatt\/priest\/\" target=\"_blank\" rel=\"noopener\">Instituto de Sacerdotes Diocesanos de Schoenstatt<\/a>.<\/p>\n<h2>Perfil personal<\/h2>\n<p>El P. Fern\u00e1ndez naci\u00f3 el 19 de marzo de 1966. Su ni\u00f1ez la transit\u00f3 en Villa Constituci\u00f3n, localidad cercana a la ciudad de Rosario, una de las m\u00e1s importantes de Argentina. Es el mayor de tres hermanos y quienes lo conocieron en aquella \u00e9poca lo describen como un ni\u00f1o revoltoso y travieso. A temprana edad ingres\u00f3 al seminario donde curs\u00f3 los \u00faltimos a\u00f1os de la escuela primaria y toda la secundaria.<\/p>\n<p>Desde la adolescencia cultiv\u00f3 un v\u00ednculo muy especial con la Virgen Mar\u00eda y esa devoci\u00f3n lo llev\u00f3 a acercarse al <a href=\"https:\/\/www.instagram.com\/schoenstattrosario\/?igshid=MzRlODBiNWFlZA%3D%3D\" target=\"_blank\" rel=\"noopener\">Santuario de la Trinidad en Rosario<\/a> y transitar la vida en el Movimiento de Schoenstatt.<\/p>\n<h2>Schoenstatt en el coraz\u00f3n de la Iglesia<\/h2>\n<p><img fetchpriority=\"high\" decoding=\"async\" class=\"aligncenter wp-image-31767 size-full\" src=\"https:\/\/schoenstatt.com\/wp-content\/uploads\/2023\/08\/Monsenor-Ernesto-Jose-Fernandez.jpg\" alt=\"\" width=\"373\" height=\"661\" \/><\/p>\n<p>El pasado 31 de mayo, el Papa Francisco lo nombr\u00f3 obispo titular de Culto y auxiliar de la arquidi\u00f3cesis de Rosario y el nombramiento lleg\u00f3 unos d\u00edas antes de que se cumplieran 30 a\u00f1os de la fundaci\u00f3n de su querido Santuario de la Trinidad. En di\u00e1logo con Schoenstatt Internacional Monse\u00f1or Fern\u00e1ndez cont\u00f3 como recibi\u00f3 este nombramiento y qu\u00e9 implicancias tendr\u00e1 la impronta schoenstattiana en el ejercicio de su ministerio.<\/p>\n<h3>Para ti, \u00bfc\u00f3mo fue recibir esta nominaci\u00f3n? \u00bfQu\u00e9 representa ella en su vocaci\u00f3n?<\/h3>\n<p>Recibir este llamado no fue algo esperado. M\u00e1s bien todo lo contrario. Pero los sacerdotes sabemos que cuando Dios llama (normalmente lo hace a trav\u00e9s de mediaciones humanas) la mejor respuesta es Am\u00e9n, que es muy probablemente lo que la Virgen dijo cu\u00e1ndo el \u00e1ngel le dijo que iba a ser Madre del Salvador. Para m\u00ed este llamado es una invitaci\u00f3n a desarrollar mi paternidad sacerdotal<\/p>\n<h3>Como sacerdote y ahora obispo de Schoenstatt, \u00bfc\u00f3mo impacta la Alianza de Amor a su misi\u00f3n en la Iglesia?<\/h3>\n<p>Para un Schoenstattiano la Alianza de Amor es la manera de vivir el bautismo, tratando de llegar a ser santo en el cumplimiento del deber de estado. Como sacerdote, y ahora como obispo, entiendo que la Virgen debe ser la gran protagonista en la misi\u00f3n pastoral que realizar\u00e9. Ella desde ni\u00f1o fue mi Educadora. Ahora seguir\u00e1 si\u00e9ndolo. Pero adem\u00e1s entiendo que como sacerdote diocesano me permitir\u00e1 hacer presente el carisma de Schoenstatt en el coraz\u00f3n de la Iglesia. Mi nombramiento se hizo p\u00fablico el 31 de mayo (all\u00ed vemos el desaf\u00edo de colaborar con la Virgen para que el pensar, vivir y amar org\u00e1nicos sean una realidad). Sabemos como schoenstattianos que la Divina Providencia tambi\u00e9n nos comunica su voluntad a trav\u00e9s de peque\u00f1os signos. Creo que la Mater me pide trabajar en ese sentido todo mi ministerio episcopal.<\/p>\n<h3>Usted fue nombrado obispo en un per\u00edodo de b\u00fasqueda y profundizaci\u00f3n de la sinodalidad eclesial. \u00bfC\u00f3mo afecta esto a su ministerio?<\/h3>\n<p>Yo hace siete a\u00f1os que soy Vicario de Pastoral en la Arquidi\u00f3cesis de Rosario. All\u00ed tom\u00e9 contacto con Mons. Enrique Egu\u00eda Segu\u00ed, quien fue colaborador del Cardenal Bergoglio. Gracias a \u00e9l conoc\u00ed la pastoral del Papa Francisco (incluido el tema de la sinodalidad). As\u00ed que cuando se plante\u00f3 el tema a nivel mundial ya lo ten\u00edamos muy trabajado en la di\u00f3cesis.<\/p>\n<p><img decoding=\"async\" class=\"aligncenter wp-image-31755 \" src=\"https:\/\/schoenstatt.com\/wp-content\/uploads\/2023\/08\/escudo-Monsenor-Ernesto-Jose-Fernandez.jpeg\" alt=\"\" width=\"587\" height=\"830\" \/><\/p>\n<h3>Su escudo trae fuertes elementos schoenstattianos: el Santuario, la MTA, el s\u00edmbolo del Padre. \u00bfPor qu\u00e9 eligi\u00f3 estas im\u00e1genes para representar su episcopado?<\/h3>\n<p>En el centro del escudo episcopal se encuentra el Santuario de Shoenstatt y, arriba, una \u201cM\u201d; una cruz, que a la vez representa una \u201cT\u201d y una \u201cA\u201d. Recordando el t\u00edtulo con que en el Movimiento de Schoenstatt se nombra a la Virgen: \u201cMater Ter Admirabilis\u201d (Madre tres veces admirable).<\/p>\n<p>Entiendo que en mi ministerio el carisma de Schoenstatt tiene un lugar fundamental. En \u00e9l se reconoce el lugar objetivo de la Virgen Mar\u00eda en el plan de la redenci\u00f3n como Colaboradora permanente de Cristo y como pedagoga del Evangelio. Y el Santuario como una oportunidad de sanar el desarraigo caracter\u00edstico de este cambio de \u00e9poca.<\/p>\n<p>Sobre el Santuario se ve un tri\u00e1ngulo. En el Movimiento de Schoenstatt representa \u201cEl ojo del Padre\u201d, y es un s\u00edmbolo que nos recuerda que debemos vivir, bajo la mirada del Padre, la \u201cConfianza pr\u00e1ctica en su Divina Providencia\u201d, que es otro de los pilares de nuestra espiritualidad.<\/p>\n<p>Tambi\u00e9n aparece la flor de lis. En mi caso me recuerda al lirio, que es un s\u00edmbolo que acompa\u00f1a las representaciones de San Jos\u00e9. \u00c9l es mi patrono personal, ya que nac\u00ed en su d\u00eda. Y es mi anhelo imitar su servicio sencillo a Jes\u00fas y la Virgen.<\/p>\n<h3>\u00bfPuede explicarnos la elecci\u00f3n de su lema episcopal: \u201cEl que me ha visto a m\u00ed, ha visto al Padre\u201d?<\/h3>\n<p>El lema episcopal tambi\u00e9n est\u00e1 configurado por la misi\u00f3n de Schoenstatt: educar personalidades paternales que transparenten a Dios.<\/p>\n<p>El Papa Benedicto XVI, advierte que el \u201chombre de hoy no percibe inmediatamente el gran consuelo de la palabra \u2018padre\u2019, pues muchas veces la experiencia del padre o no se tiene, o se ve oscurecida por las deficiencias de los padres\u201d. Santa Teresita habla claramente de que ella encontraba en su pap\u00e1 un transparente de Dios. Mi sue\u00f1o es que muchos puedan continuar experimentando la ternura de Dios Padre a trav\u00e9s de mi ministerio episcopal.<\/p>\n<p><img decoding=\"async\" class=\"aligncenter wp-image-31771 size-full\" src=\"https:\/\/schoenstatt.com\/wp-content\/uploads\/2023\/08\/Monsenor-Ernesto-Jose-Fernandez-4.jpg\" alt=\"\" width=\"651\" height=\"651\" \/><\/p>\n<h2>Ceremonia de ordenaci\u00f3n de Ernesto Fern\u00e1ndez<\/h2>\n<p>Monse\u00f1or Fern\u00e1ndez recibir\u00e1 su ordenaci\u00f3n episcopal el viernes 4 de agosto, a las 19, en la parroquia Mar\u00eda Auxiliadora de la ciudad de Rosario.<\/p>\n<p>De la ceremonia de consagraci\u00f3n participar\u00e1n monse\u00f1or Eduardo Eliseo Mart\u00edn, arzobispo de Rosario, monse\u00f1or Sergio Alfredo Fenoy, arzobispo de Santa Fe de la Vera Cruz, y monse\u00f1or Claudio Castricone, obispo auxiliar de Or\u00e1n (Salta).<\/p>\n<p>Tambi\u00e9n asistir\u00e1n miembros de la Familia de Schoenstatt y entre ellos el Director del Movimiento en Argentina, P. Pablo P\u00e9rez.<\/p>\n","protected":false},"excerpt":{"rendered":"<p> \u201cMi nombramiento se hizo p\u00fablico el 31 de mayo, all\u00ed vemos el desaf\u00edo de colaborar con la Virgen para que el pensar, vivir y amar org\u00e1nicos sean una realidad. Entiendo que como sacerdote diocesano me permitir\u00e1 hacer presente el carisma de Schoenstatt en el coraz\u00f3n de la Iglesia\u201d, habla el nuevo Obispo.<\/p>\n","protected":false},"author":3,"featured_media":31759,"comment_status":"closed","ping_status":"closed","sticky":false,"template":"","format":"standard","meta":{"footnotes":""},"categories":[790],"tags":[],"class_list":["post-31775","post","type-post","status-publish","format-standard","has-post-thumbnail","hentry","category-paises-es"],"yoast_head":"<!-- This site is optimized with the Yoast SEO Premium plugin v27.4 (Yoast SEO v27.4) - https:\/\/yoast.com\/product\/yoast-seo-premium-wordpress\/ -->\n<title>P. Ernesto Fern\u00e1ndez, nuevo Obispo Schoenstattiano en la Iglesia Argentina<\/title>\n<meta name=\"description\" content=\"El pr\u00f3ximo 4 de agosto se relizar\u00e1 la ordenaci\u00f3n episcopal de Monse\u00f1or Ernesto Jos\u00e9 Fern\u00e1ndez, presb\u00edtero argentino y schoenstattiano.\" \/>\n<meta name=\"robots\" content=\"index, follow, max-snippet:-1, max-image-preview:large, max-video-preview:-1\" \/>\n<link rel=\"canonical\" href=\"https:\/\/schoenstatt.com\/es\/p-ernesto-fernandez-nuevo-obispo-schoenstattiano-en-la-iglesia-argentina\/\" \/>\n<meta property=\"og:locale\" content=\"es_ES\" \/>\n<meta property=\"og:type\" content=\"article\" \/>\n<meta property=\"og:title\" content=\"P. Ernesto Fern\u00e1ndez, nuevo Obispo Schoenstattiano en la Iglesia Argentina\" \/>\n<meta property=\"og:description\" content=\"El pr\u00f3ximo 4 de agosto se relizar\u00e1 la ordenaci\u00f3n episcopal de Monse\u00f1or Ernesto Jos\u00e9 Fern\u00e1ndez, presb\u00edtero argentino y schoenstattiano.\" \/>\n<meta property=\"og:url\" content=\"https:\/\/schoenstatt.com\/es\/p-ernesto-fernandez-nuevo-obispo-schoenstattiano-en-la-iglesia-argentina\/\" \/>\n<meta property=\"og:site_name\" content=\"Schoenstatt\" \/>\n<meta property=\"article:published_time\" content=\"2023-08-02T11:34:44+00:00\" \/>\n<meta property=\"article:modified_time\" content=\"2025-04-18T19:22:40+00:00\" \/>\n<meta property=\"og:image\" content=\"https:\/\/schoenstatt.com\/wp-content\/uploads\/2023\/08\/Monsenor-Ernesto-Jose-Fernandez-3-1.jpg\" \/>\n\t<meta property=\"og:image:width\" content=\"1080\" \/>\n\t<meta property=\"og:image:height\" content=\"842\" \/>\n\t<meta property=\"og:image:type\" content=\"image\/jpeg\" \/>\n<meta name=\"author\" content=\"Karen Bueno\" \/>\n<meta name=\"twitter:card\" content=\"summary_large_image\" \/>\n<meta name=\"twitter:label1\" content=\"Escrito por\" \/>\n\t<meta name=\"twitter:data1\" content=\"Karen Bueno\" \/>\n\t<meta name=\"twitter:label2\" content=\"Tiempo de lectura\" \/>\n\t<meta name=\"twitter:data2\" content=\"5 minutos\" \/>\n<script type=\"application\/ld+json\" class=\"yoast-schema-graph\">{\"@context\":\"https:\\\/\\\/schema.org\",\"@graph\":[{\"@type\":\"Article\",\"@id\":\"https:\\\/\\\/schoenstatt.com\\\/es\\\/p-ernesto-fernandez-nuevo-obispo-schoenstattiano-en-la-iglesia-argentina\\\/#article\",\"isPartOf\":{\"@id\":\"https:\\\/\\\/schoenstatt.com\\\/es\\\/p-ernesto-fernandez-nuevo-obispo-schoenstattiano-en-la-iglesia-argentina\\\/\"},\"author\":{\"name\":\"Karen Bueno\",\"@id\":\"https:\\\/\\\/schoenstatt.com\\\/es\\\/#\\\/schema\\\/person\\\/5158877ad4acae98b34daaeef2a1ce6e\"},\"headline\":\"P. Ernesto Fern\u00e1ndez, nuevo Obispo Schoenstattiano en la Iglesia Argentina\",\"datePublished\":\"2023-08-02T11:34:44+00:00\",\"dateModified\":\"2025-04-18T19:22:40+00:00\",\"mainEntityOfPage\":{\"@id\":\"https:\\\/\\\/schoenstatt.com\\\/es\\\/p-ernesto-fernandez-nuevo-obispo-schoenstattiano-en-la-iglesia-argentina\\\/\"},\"wordCount\":1052,\"publisher\":{\"@id\":\"https:\\\/\\\/schoenstatt.com\\\/es\\\/#organization\"},\"image\":{\"@id\":\"https:\\\/\\\/schoenstatt.com\\\/es\\\/p-ernesto-fernandez-nuevo-obispo-schoenstattiano-en-la-iglesia-argentina\\\/#primaryimage\"},\"thumbnailUrl\":\"https:\\\/\\\/schoenstatt.com\\\/wp-content\\\/uploads\\\/2023\\\/08\\\/Monsenor-Ernesto-Jose-Fernandez-3-1.jpg\",\"articleSection\":[\"Pa\u00edses\"],\"inLanguage\":\"es\"},{\"@type\":\"WebPage\",\"@id\":\"https:\\\/\\\/schoenstatt.com\\\/es\\\/p-ernesto-fernandez-nuevo-obispo-schoenstattiano-en-la-iglesia-argentina\\\/\",\"url\":\"https:\\\/\\\/schoenstatt.com\\\/es\\\/p-ernesto-fernandez-nuevo-obispo-schoenstattiano-en-la-iglesia-argentina\\\/\",\"name\":\"P. Ernesto Fern\u00e1ndez, nuevo Obispo Schoenstattiano en la Iglesia Argentina\",\"isPartOf\":{\"@id\":\"https:\\\/\\\/schoenstatt.com\\\/es\\\/#website\"},\"primaryImageOfPage\":{\"@id\":\"https:\\\/\\\/schoenstatt.com\\\/es\\\/p-ernesto-fernandez-nuevo-obispo-schoenstattiano-en-la-iglesia-argentina\\\/#primaryimage\"},\"image\":{\"@id\":\"https:\\\/\\\/schoenstatt.com\\\/es\\\/p-ernesto-fernandez-nuevo-obispo-schoenstattiano-en-la-iglesia-argentina\\\/#primaryimage\"},\"thumbnailUrl\":\"https:\\\/\\\/schoenstatt.com\\\/wp-content\\\/uploads\\\/2023\\\/08\\\/Monsenor-Ernesto-Jose-Fernandez-3-1.jpg\",\"datePublished\":\"2023-08-02T11:34:44+00:00\",\"dateModified\":\"2025-04-18T19:22:40+00:00\",\"description\":\"El pr\u00f3ximo 4 de agosto se relizar\u00e1 la ordenaci\u00f3n episcopal de Monse\u00f1or Ernesto Jos\u00e9 Fern\u00e1ndez, presb\u00edtero argentino y schoenstattiano.\",\"breadcrumb\":{\"@id\":\"https:\\\/\\\/schoenstatt.com\\\/es\\\/p-ernesto-fernandez-nuevo-obispo-schoenstattiano-en-la-iglesia-argentina\\\/#breadcrumb\"},\"inLanguage\":\"es\",\"potentialAction\":[{\"@type\":\"ReadAction\",\"target\":[\"https:\\\/\\\/schoenstatt.com\\\/es\\\/p-ernesto-fernandez-nuevo-obispo-schoenstattiano-en-la-iglesia-argentina\\\/\"]}]},{\"@type\":\"ImageObject\",\"inLanguage\":\"es\",\"@id\":\"https:\\\/\\\/schoenstatt.com\\\/es\\\/p-ernesto-fernandez-nuevo-obispo-schoenstattiano-en-la-iglesia-argentina\\\/#primaryimage\",\"url\":\"https:\\\/\\\/schoenstatt.com\\\/wp-content\\\/uploads\\\/2023\\\/08\\\/Monsenor-Ernesto-Jose-Fernandez-3-1.jpg\",\"contentUrl\":\"https:\\\/\\\/schoenstatt.com\\\/wp-content\\\/uploads\\\/2023\\\/08\\\/Monsenor-Ernesto-Jose-Fernandez-3-1.jpg\",\"width\":1080,\"height\":842,\"caption\":\"Ernesto Fern\u00e1ndez - Novo Bispo de Schoenstatt na Igreja Argentina\"},{\"@type\":\"BreadcrumbList\",\"@id\":\"https:\\\/\\\/schoenstatt.com\\\/es\\\/p-ernesto-fernandez-nuevo-obispo-schoenstattiano-en-la-iglesia-argentina\\\/#breadcrumb\",\"itemListElement\":[{\"@type\":\"ListItem\",\"position\":1,\"name\":\"Portada\",\"item\":\"https:\\\/\\\/schoenstatt.com\\\/es\\\/home\\\/\"},{\"@type\":\"ListItem\",\"position\":2,\"name\":\"P. Ernesto Fern\u00e1ndez, nuevo Obispo Schoenstattiano en la Iglesia Argentina\"}]},{\"@type\":\"WebSite\",\"@id\":\"https:\\\/\\\/schoenstatt.com\\\/es\\\/#website\",\"url\":\"https:\\\/\\\/schoenstatt.com\\\/es\\\/\",\"name\":\"Schoenstatt\",\"description\":\"Apostolic Movement\",\"publisher\":{\"@id\":\"https:\\\/\\\/schoenstatt.com\\\/es\\\/#organization\"},\"potentialAction\":[{\"@type\":\"SearchAction\",\"target\":{\"@type\":\"EntryPoint\",\"urlTemplate\":\"https:\\\/\\\/schoenstatt.com\\\/es\\\/?s={search_term_string}\"},\"query-input\":{\"@type\":\"PropertyValueSpecification\",\"valueRequired\":true,\"valueName\":\"search_term_string\"}}],\"inLanguage\":\"es\"},{\"@type\":\"Organization\",\"@id\":\"https:\\\/\\\/schoenstatt.com\\\/es\\\/#organization\",\"name\":\"Schoenstatt\",\"url\":\"https:\\\/\\\/schoenstatt.com\\\/es\\\/\",\"logo\":{\"@type\":\"ImageObject\",\"inLanguage\":\"es\",\"@id\":\"https:\\\/\\\/schoenstatt.com\\\/es\\\/#\\\/schema\\\/logo\\\/image\\\/\",\"url\":\"https:\\\/\\\/schoenstatt.com\\\/wp-content\\\/uploads\\\/2025\\\/04\\\/logo-schoenstatt-white-696x696-1.png\",\"contentUrl\":\"https:\\\/\\\/schoenstatt.com\\\/wp-content\\\/uploads\\\/2025\\\/04\\\/logo-schoenstatt-white-696x696-1.png\",\"width\":696,\"height\":694,\"caption\":\"Schoenstatt\"},\"image\":{\"@id\":\"https:\\\/\\\/schoenstatt.com\\\/es\\\/#\\\/schema\\\/logo\\\/image\\\/\"}},{\"@type\":\"Person\",\"@id\":\"https:\\\/\\\/schoenstatt.com\\\/es\\\/#\\\/schema\\\/person\\\/5158877ad4acae98b34daaeef2a1ce6e\",\"name\":\"Karen Bueno\",\"image\":{\"@type\":\"ImageObject\",\"inLanguage\":\"es\",\"@id\":\"https:\\\/\\\/secure.gravatar.com\\\/avatar\\\/f9f4b823873154269d2b2130f195f6d41037dd0d7fc5f3cacb5c846bae70d66b?s=96&d=mm&r=g\",\"url\":\"https:\\\/\\\/secure.gravatar.com\\\/avatar\\\/f9f4b823873154269d2b2130f195f6d41037dd0d7fc5f3cacb5c846bae70d66b?s=96&d=mm&r=g\",\"contentUrl\":\"https:\\\/\\\/secure.gravatar.com\\\/avatar\\\/f9f4b823873154269d2b2130f195f6d41037dd0d7fc5f3cacb5c846bae70d66b?s=96&d=mm&r=g\",\"caption\":\"Karen Bueno\"},\"url\":\"https:\\\/\\\/schoenstatt.com\\\/es\\\/author\\\/karen-bueno\\\/\"}]}<\/script>\n<!-- \/ Yoast SEO Premium plugin. -->","yoast_head_json":{"title":"P. Ernesto Fern\u00e1ndez, nuevo Obispo Schoenstattiano en la Iglesia Argentina","description":"El pr\u00f3ximo 4 de agosto se relizar\u00e1 la ordenaci\u00f3n episcopal de Monse\u00f1or Ernesto Jos\u00e9 Fern\u00e1ndez, presb\u00edtero argentino y schoenstattiano.","robots":{"index":"index","follow":"follow","max-snippet":"max-snippet:-1","max-image-preview":"max-image-preview:large","max-video-preview":"max-video-preview:-1"},"canonical":"https:\/\/schoenstatt.com\/es\/p-ernesto-fernandez-nuevo-obispo-schoenstattiano-en-la-iglesia-argentina\/","og_locale":"es_ES","og_type":"article","og_title":"P. Ernesto Fern\u00e1ndez, nuevo Obispo Schoenstattiano en la Iglesia Argentina","og_description":"El pr\u00f3ximo 4 de agosto se relizar\u00e1 la ordenaci\u00f3n episcopal de Monse\u00f1or Ernesto Jos\u00e9 Fern\u00e1ndez, presb\u00edtero argentino y schoenstattiano.","og_url":"https:\/\/schoenstatt.com\/es\/p-ernesto-fernandez-nuevo-obispo-schoenstattiano-en-la-iglesia-argentina\/","og_site_name":"Schoenstatt","article_published_time":"2023-08-02T11:34:44+00:00","article_modified_time":"2025-04-18T19:22:40+00:00","og_image":[{"width":1080,"height":842,"url":"https:\/\/schoenstatt.com\/wp-content\/uploads\/2023\/08\/Monsenor-Ernesto-Jose-Fernandez-3-1.jpg","type":"image\/jpeg"}],"author":"Karen Bueno","twitter_card":"summary_large_image","twitter_misc":{"Escrito por":"Karen Bueno","Tiempo de lectura":"5 minutos"},"schema":{"@context":"https:\/\/schema.org","@graph":[{"@type":"Article","@id":"https:\/\/schoenstatt.com\/es\/p-ernesto-fernandez-nuevo-obispo-schoenstattiano-en-la-iglesia-argentina\/#article","isPartOf":{"@id":"https:\/\/schoenstatt.com\/es\/p-ernesto-fernandez-nuevo-obispo-schoenstattiano-en-la-iglesia-argentina\/"},"author":{"name":"Karen Bueno","@id":"https:\/\/schoenstatt.com\/es\/#\/schema\/person\/5158877ad4acae98b34daaeef2a1ce6e"},"headline":"P. Ernesto Fern\u00e1ndez, nuevo Obispo Schoenstattiano en la Iglesia Argentina","datePublished":"2023-08-02T11:34:44+00:00","dateModified":"2025-04-18T19:22:40+00:00","mainEntityOfPage":{"@id":"https:\/\/schoenstatt.com\/es\/p-ernesto-fernandez-nuevo-obispo-schoenstattiano-en-la-iglesia-argentina\/"},"wordCount":1052,"publisher":{"@id":"https:\/\/schoenstatt.com\/es\/#organization"},"image":{"@id":"https:\/\/schoenstatt.com\/es\/p-ernesto-fernandez-nuevo-obispo-schoenstattiano-en-la-iglesia-argentina\/#primaryimage"},"thumbnailUrl":"https:\/\/schoenstatt.com\/wp-content\/uploads\/2023\/08\/Monsenor-Ernesto-Jose-Fernandez-3-1.jpg","articleSection":["Pa\u00edses"],"inLanguage":"es"},{"@type":"WebPage","@id":"https:\/\/schoenstatt.com\/es\/p-ernesto-fernandez-nuevo-obispo-schoenstattiano-en-la-iglesia-argentina\/","url":"https:\/\/schoenstatt.com\/es\/p-ernesto-fernandez-nuevo-obispo-schoenstattiano-en-la-iglesia-argentina\/","name":"P. Ernesto Fern\u00e1ndez, nuevo Obispo Schoenstattiano en la Iglesia Argentina","isPartOf":{"@id":"https:\/\/schoenstatt.com\/es\/#website"},"primaryImageOfPage":{"@id":"https:\/\/schoenstatt.com\/es\/p-ernesto-fernandez-nuevo-obispo-schoenstattiano-en-la-iglesia-argentina\/#primaryimage"},"image":{"@id":"https:\/\/schoenstatt.com\/es\/p-ernesto-fernandez-nuevo-obispo-schoenstattiano-en-la-iglesia-argentina\/#primaryimage"},"thumbnailUrl":"https:\/\/schoenstatt.com\/wp-content\/uploads\/2023\/08\/Monsenor-Ernesto-Jose-Fernandez-3-1.jpg","datePublished":"2023-08-02T11:34:44+00:00","dateModified":"2025-04-18T19:22:40+00:00","description":"El pr\u00f3ximo 4 de agosto se relizar\u00e1 la ordenaci\u00f3n episcopal de Monse\u00f1or Ernesto Jos\u00e9 Fern\u00e1ndez, presb\u00edtero argentino y schoenstattiano.","breadcrumb":{"@id":"https:\/\/schoenstatt.com\/es\/p-ernesto-fernandez-nuevo-obispo-schoenstattiano-en-la-iglesia-argentina\/#breadcrumb"},"inLanguage":"es","potentialAction":[{"@type":"ReadAction","target":["https:\/\/schoenstatt.com\/es\/p-ernesto-fernandez-nuevo-obispo-schoenstattiano-en-la-iglesia-argentina\/"]}]},{"@type":"ImageObject","inLanguage":"es","@id":"https:\/\/schoenstatt.com\/es\/p-ernesto-fernandez-nuevo-obispo-schoenstattiano-en-la-iglesia-argentina\/#primaryimage","url":"https:\/\/schoenstatt.com\/wp-content\/uploads\/2023\/08\/Monsenor-Ernesto-Jose-Fernandez-3-1.jpg","contentUrl":"https:\/\/schoenstatt.com\/wp-content\/uploads\/2023\/08\/Monsenor-Ernesto-Jose-Fernandez-3-1.jpg","width":1080,"height":842,"caption":"Ernesto Fern\u00e1ndez - Novo Bispo de Schoenstatt na Igreja Argentina"},{"@type":"BreadcrumbList","@id":"https:\/\/schoenstatt.com\/es\/p-ernesto-fernandez-nuevo-obispo-schoenstattiano-en-la-iglesia-argentina\/#breadcrumb","itemListElement":[{"@type":"ListItem","position":1,"name":"Portada","item":"https:\/\/schoenstatt.com\/es\/home\/"},{"@type":"ListItem","position":2,"name":"P. Ernesto Fern\u00e1ndez, nuevo Obispo Schoenstattiano en la Iglesia Argentina"}]},{"@type":"WebSite","@id":"https:\/\/schoenstatt.com\/es\/#website","url":"https:\/\/schoenstatt.com\/es\/","name":"Schoenstatt","description":"Apostolic Movement","publisher":{"@id":"https:\/\/schoenstatt.com\/es\/#organization"},"potentialAction":[{"@type":"SearchAction","target":{"@type":"EntryPoint","urlTemplate":"https:\/\/schoenstatt.com\/es\/?s={search_term_string}"},"query-input":{"@type":"PropertyValueSpecification","valueRequired":true,"valueName":"search_term_string"}}],"inLanguage":"es"},{"@type":"Organization","@id":"https:\/\/schoenstatt.com\/es\/#organization","name":"Schoenstatt","url":"https:\/\/schoenstatt.com\/es\/","logo":{"@type":"ImageObject","inLanguage":"es","@id":"https:\/\/schoenstatt.com\/es\/#\/schema\/logo\/image\/","url":"https:\/\/schoenstatt.com\/wp-content\/uploads\/2025\/04\/logo-schoenstatt-white-696x696-1.png","contentUrl":"https:\/\/schoenstatt.com\/wp-content\/uploads\/2025\/04\/logo-schoenstatt-white-696x696-1.png","width":696,"height":694,"caption":"Schoenstatt"},"image":{"@id":"https:\/\/schoenstatt.com\/es\/#\/schema\/logo\/image\/"}},{"@type":"Person","@id":"https:\/\/schoenstatt.com\/es\/#\/schema\/person\/5158877ad4acae98b34daaeef2a1ce6e","name":"Karen Bueno","image":{"@type":"ImageObject","inLanguage":"es","@id":"https:\/\/secure.gravatar.com\/avatar\/f9f4b823873154269d2b2130f195f6d41037dd0d7fc5f3cacb5c846bae70d66b?s=96&d=mm&r=g","url":"https:\/\/secure.gravatar.com\/avatar\/f9f4b823873154269d2b2130f195f6d41037dd0d7fc5f3cacb5c846bae70d66b?s=96&d=mm&r=g","contentUrl":"https:\/\/secure.gravatar.com\/avatar\/f9f4b823873154269d2b2130f195f6d41037dd0d7fc5f3cacb5c846bae70d66b?s=96&d=mm&r=g","caption":"Karen Bueno"},"url":"https:\/\/schoenstatt.com\/es\/author\/karen-bueno\/"}]}},"_links":{"self":[{"href":"https:\/\/schoenstatt.com\/es\/wp-json\/wp\/v2\/posts\/31775","targetHints":{"allow":["GET"]}}],"collection":[{"href":"https:\/\/schoenstatt.com\/es\/wp-json\/wp\/v2\/posts"}],"about":[{"href":"https:\/\/schoenstatt.com\/es\/wp-json\/wp\/v2\/types\/post"}],"author":[{"embeddable":true,"href":"https:\/\/schoenstatt.com\/es\/wp-json\/wp\/v2\/users\/3"}],"replies":[{"embeddable":true,"href":"https:\/\/schoenstatt.com\/es\/wp-json\/wp\/v2\/comments?post=31775"}],"version-history":[{"count":1,"href":"https:\/\/schoenstatt.com\/es\/wp-json\/wp\/v2\/posts\/31775\/revisions"}],"predecessor-version":[{"id":46154,"href":"https:\/\/schoenstatt.com\/es\/wp-json\/wp\/v2\/posts\/31775\/revisions\/46154"}],"wp:featuredmedia":[{"embeddable":true,"href":"https:\/\/schoenstatt.com\/es\/wp-json\/wp\/v2\/media\/31759"}],"wp:attachment":[{"href":"https:\/\/schoenstatt.com\/es\/wp-json\/wp\/v2\/media?parent=31775"}],"wp:term":[{"taxonomy":"category","embeddable":true,"href":"https:\/\/schoenstatt.com\/es\/wp-json\/wp\/v2\/categories?post=31775"},{"taxonomy":"post_tag","embeddable":true,"href":"https:\/\/schoenstatt.com\/es\/wp-json\/wp\/v2\/tags?post=31775"}],"curies":[{"name":"wp","href":"https:\/\/api.w.org\/{rel}","templated":true}]}}