{"id":31540,"date":"2023-07-22T05:00:30","date_gmt":"2023-07-22T03:00:30","guid":{"rendered":"https:\/\/schoenstatt.com\/?p=31540"},"modified":"2025-05-15T18:01:31","modified_gmt":"2025-05-15T16:01:31","slug":"como-lograr-la-indulgencia-plenaria-en-la-jornada-mundial-de-las-personas-mayores","status":"publish","type":"post","link":"https:\/\/schoenstatt.com\/es\/como-lograr-la-indulgencia-plenaria-en-la-jornada-mundial-de-las-personas-mayores\/","title":{"rendered":"C\u00f3mo lograr la indulgencia plenaria en la Jornada Mundial de las Personas mayores"},"content":{"rendered":"<p>Este domingo, <strong>23 de julio<\/strong>, tienes una oportunidad especial para renovarte espiritualmente. Seg\u00fan un decreto de la Penitenciar\u00eda Apost\u00f3lica, es posible recibir la Indulgencia Plenaria en la Jornada Mundial de los Abuelos y de las Personas Mayores.<\/p>\n<h2>\u00bfQu\u00e9 es la indulgencia plenaria?<\/h2>\n<p>El <a href=\"https:\/\/www.vatican.va\/archive\/catechism_sp\/index_sp.html\" target=\"_blank\" rel=\"noopener\">Catecismo de la Iglesia Cat\u00f3lica<\/a> (#1471) define:<\/p>\n<p><em>\u00abLa indulgencia es la remisi\u00f3n ante Dios de la pena temporal por los pecados, ya perdonados en cuanto a la culpa, que un fiel dispuesto y cumpliendo determinadas condiciones consigue por mediaci\u00f3n de la Iglesia, la cual, como administradora de la redenci\u00f3n, distribuye y aplica con autoridad el tesoro de las satisfacciones de Cristo y de los santos\u201d.<\/em><\/p>\n<p>Seg\u00fan el CIC, <em>\u00abla indulgencia es parcial o plenaria seg\u00fan libere de la pena temporal debida por los pecados en parte o totalmente\u00bb.<\/em><\/p>\n<p>En pocas palabras, se puede decir que al recibir una indulgencia <strong>plenaria<\/strong>, una persona queda totalmente exenta de las penas temporales de sus pecados. Estas son las penas que pagar\u00edan en el purgatorio.<\/p>\n<p>Y, como indica la Iglesia, <em>\u00ablos fieles pueden ganar indulgencias para s\u00ed mismos [&#8230;] o aplicarlas a los difuntos\u00bb.<\/em><\/p>\n<h2>La Jornada Mundial de los Abuelos y de las Personas Mayores<\/h2>\n<p>Esta conmemoraci\u00f3n entr\u00f3 en el calendario de la Iglesia en 2021, instituida por el Papa Francisco. Se celebra cada a\u00f1o el cuarto domingo de julio. En 2023, su tema es <strong>\u00abDe generaci\u00f3n en generaci\u00f3n, su misericordia\u00bb.<\/strong><\/p>\n<h2>C\u00f3mo recibir la indulgencia plenaria en el D\u00eda de los Abuelos<\/h2>\n<p>Seg\u00fan el decreto oficial, la Penitenciar\u00eda Apost\u00f3lica<em> \u00abconcede la indulgencia plenaria de los tesoros celestiales de la Iglesia, en las condiciones habituales de confesi\u00f3n sacramental, comuni\u00f3n eucar\u00edstica y oraci\u00f3n seg\u00fan las intenciones del Sumo Pont\u00edfice, a los abuelos, a los ancianos y a todos los fieles que, movidos por un verdadero esp\u00edritu de penitencia y caridad, participen el 23 de julio, con ocasi\u00f3n de la III Jornada Mundial de los Abuelos y de las Personas Mayores, en la solemne celebraci\u00f3n que el <a href=\"https:\/\/schoenstatt.com\/es\/papa-francisco\/10-anos-de-pontificado-del-papa-francisco\/\">Papa Francisco<\/a> presidir\u00e1 en la Bas\u00edlica de San Pedro, o en diversos actos que se celebrar\u00e1n en todo el mundo. La indulgencia plenaria podr\u00e1 aplicarse tambi\u00e9n como sufragio por las almas del purgatorio\u00bb.<\/em><\/p>\n<p><strong>En resumen, para recibir la indulgencia es necesario:<\/strong><\/p>\n<p><strong>1)<\/strong> Confesi\u00f3n sacramental<\/p>\n<p><strong>2)<\/strong> Comuni\u00f3n eucar\u00edstica<\/p>\n<p><strong>3)<\/strong> Rezar por el Papa<\/p>\n<p><strong>4)<\/strong> Cumplir una de las siguientes condiciones:<\/p>\n<p><strong>a)<\/strong> participar, el 23 de julio, en la celebraci\u00f3n solemne que el Papa Francisco presidir\u00e1 en la Bas\u00edlica de San Pedro; o<br \/>\n<strong>b)<\/strong> participar en una de las celebraciones que tendr\u00e1n lugar en todo el mundo; o<br \/>\n<strong>c) <\/strong>visitar en persona o virtualmente a trav\u00e9s de medios de comunicaci\u00f3n, a hermanos y hermanas ancianos necesitados o en dificultad (como enfermos, abandonados, discapacitados&#8230;).<\/p>\n<h2>\u00bfC\u00f3mo pueden recibir la indulgencia los ancianos?<\/h2>\n<p><img fetchpriority=\"high\" decoding=\"async\" class=\"aligncenter wp-image-31535 \" src=\"https:\/\/schoenstatt.com\/wp-content\/uploads\/2023\/07\/idosos-ancianos-e-avos-2.jpg\" alt=\"\" width=\"646\" height=\"427\" \/><\/p>\n<p>Los ancianos postrados en cama o debilitados tambi\u00e9n recibir\u00e1n la indulgencia siguiendo estas indicaciones:<\/p>\n<p>Podr\u00e1n obtener la Indulgencia Plenaria<em> \u00abcon la condici\u00f3n de alejamiento de todo pecado y la intenci\u00f3n de cumplir cuanto antes las tres condiciones habituales, [&#8230;] se unir\u00e1n espiritualmente a las funciones sagradas de la <a href=\"https:\/\/www.lisboa2023.org\/es\" target=\"_blank\" rel=\"noopener\">Jornada Mundial de la Juventud<\/a>, ofreciendo al Dios Misericordioso sus oraciones, sus penas y los sufrimientos de su vida, especialmente mientras las palabras del Sumo Pont\u00edfice y las diversas celebraciones sean difundidas por los medios de comunicaci\u00f3n.\u00bb<\/em><\/p>\n<p>Y para que la gracia divina sea distribuida a las diversas personas, la Penitenciar\u00eda Apost\u00f3lica pide a los sacerdotes que est\u00e9n preparados para atender a los fieles.<\/p>\n<p><strong>Con informaci\u00f3n de <a href=\"https:\/\/www.vaticannews.va\/es\/vaticano\/news\/2023-07\/penitenciaria-apostolica-indulgencia-plenaria-iii-jornada-abuelo.html\" target=\"_blank\" rel=\"noopener\">vaticannews.va<\/a><\/strong><\/p>\n","protected":false},"excerpt":{"rendered":"<p>\u00bfQuieres saber c\u00f3mo recibir la Indulgencia Plenaria en la Jornada Mundial de las Personas Mayores? Aqu\u00ed explicamos la informaci\u00f3n del Vaticano.<\/p>\n","protected":false},"author":3,"featured_media":31531,"comment_status":"closed","ping_status":"closed","sticky":false,"template":"","format":"standard","meta":{"footnotes":""},"categories":[683],"tags":[],"class_list":["post-31540","post","type-post","status-publish","format-standard","has-post-thumbnail","hentry","category-iglesia-es"],"yoast_head":"<!-- This site is optimized with the Yoast SEO Premium plugin v27.4 (Yoast SEO v27.4) - https:\/\/yoast.com\/product\/yoast-seo-premium-wordpress\/ -->\n<title>C\u00f3mo lograr la indulgencia plenaria en la Jornada Mundial de las Personas mayores<\/title>\n<meta name=\"description\" content=\"\u00bfQuieres saber c\u00f3mo recibir la Indulgencia Plenaria en la Jornada Mundial de los Mayores? Consulta la informaci\u00f3n del Vaticano aqu\u00ed.\" \/>\n<meta name=\"robots\" content=\"index, follow, max-snippet:-1, max-image-preview:large, max-video-preview:-1\" \/>\n<link rel=\"canonical\" href=\"https:\/\/schoenstatt.com\/es\/como-lograr-la-indulgencia-plenaria-en-la-jornada-mundial-de-las-personas-mayores\/\" \/>\n<meta property=\"og:locale\" content=\"es_ES\" \/>\n<meta property=\"og:type\" content=\"article\" \/>\n<meta property=\"og:title\" content=\"C\u00f3mo lograr la indulgencia plenaria en la Jornada Mundial de las Personas mayores\" \/>\n<meta property=\"og:description\" content=\"\u00bfQuieres saber c\u00f3mo recibir la Indulgencia Plenaria en la Jornada Mundial de los Mayores? Consulta la informaci\u00f3n del Vaticano aqu\u00ed.\" \/>\n<meta property=\"og:url\" content=\"https:\/\/schoenstatt.com\/es\/como-lograr-la-indulgencia-plenaria-en-la-jornada-mundial-de-las-personas-mayores\/\" \/>\n<meta property=\"og:site_name\" content=\"Schoenstatt\" \/>\n<meta property=\"article:published_time\" content=\"2023-07-22T03:00:30+00:00\" \/>\n<meta property=\"article:modified_time\" content=\"2025-05-15T16:01:31+00:00\" \/>\n<meta property=\"og:image\" content=\"https:\/\/schoenstatt.com\/wp-content\/uploads\/2023\/07\/idosos-ancianos-e-avos-1-1.jpg\" \/>\n\t<meta property=\"og:image:width\" content=\"1280\" \/>\n\t<meta property=\"og:image:height\" content=\"960\" \/>\n\t<meta property=\"og:image:type\" content=\"image\/jpeg\" \/>\n<meta name=\"author\" content=\"Karen Bueno\" \/>\n<meta name=\"twitter:card\" content=\"summary_large_image\" \/>\n<meta name=\"twitter:label1\" content=\"Escrito por\" \/>\n\t<meta name=\"twitter:data1\" content=\"Karen Bueno\" \/>\n\t<meta name=\"twitter:label2\" content=\"Tiempo de lectura\" \/>\n\t<meta name=\"twitter:data2\" content=\"3 minutos\" \/>\n<script type=\"application\/ld+json\" class=\"yoast-schema-graph\">{\"@context\":\"https:\\\/\\\/schema.org\",\"@graph\":[{\"@type\":\"Article\",\"@id\":\"https:\\\/\\\/schoenstatt.com\\\/es\\\/como-lograr-la-indulgencia-plenaria-en-la-jornada-mundial-de-las-personas-mayores\\\/#article\",\"isPartOf\":{\"@id\":\"https:\\\/\\\/schoenstatt.com\\\/es\\\/como-lograr-la-indulgencia-plenaria-en-la-jornada-mundial-de-las-personas-mayores\\\/\"},\"author\":{\"name\":\"Karen Bueno\",\"@id\":\"https:\\\/\\\/schoenstatt.com\\\/es\\\/#\\\/schema\\\/person\\\/5158877ad4acae98b34daaeef2a1ce6e\"},\"headline\":\"C\u00f3mo lograr la indulgencia plenaria en la Jornada Mundial de las Personas mayores\",\"datePublished\":\"2023-07-22T03:00:30+00:00\",\"dateModified\":\"2025-05-15T16:01:31+00:00\",\"mainEntityOfPage\":{\"@id\":\"https:\\\/\\\/schoenstatt.com\\\/es\\\/como-lograr-la-indulgencia-plenaria-en-la-jornada-mundial-de-las-personas-mayores\\\/\"},\"wordCount\":622,\"publisher\":{\"@id\":\"https:\\\/\\\/schoenstatt.com\\\/es\\\/#organization\"},\"image\":{\"@id\":\"https:\\\/\\\/schoenstatt.com\\\/es\\\/como-lograr-la-indulgencia-plenaria-en-la-jornada-mundial-de-las-personas-mayores\\\/#primaryimage\"},\"thumbnailUrl\":\"https:\\\/\\\/schoenstatt.com\\\/wp-content\\\/uploads\\\/2023\\\/07\\\/idosos-ancianos-e-avos-1-1.jpg\",\"articleSection\":[\"Iglesia\"],\"inLanguage\":\"es\"},{\"@type\":\"WebPage\",\"@id\":\"https:\\\/\\\/schoenstatt.com\\\/es\\\/como-lograr-la-indulgencia-plenaria-en-la-jornada-mundial-de-las-personas-mayores\\\/\",\"url\":\"https:\\\/\\\/schoenstatt.com\\\/es\\\/como-lograr-la-indulgencia-plenaria-en-la-jornada-mundial-de-las-personas-mayores\\\/\",\"name\":\"C\u00f3mo lograr la indulgencia plenaria en la Jornada Mundial de las Personas mayores\",\"isPartOf\":{\"@id\":\"https:\\\/\\\/schoenstatt.com\\\/es\\\/#website\"},\"primaryImageOfPage\":{\"@id\":\"https:\\\/\\\/schoenstatt.com\\\/es\\\/como-lograr-la-indulgencia-plenaria-en-la-jornada-mundial-de-las-personas-mayores\\\/#primaryimage\"},\"image\":{\"@id\":\"https:\\\/\\\/schoenstatt.com\\\/es\\\/como-lograr-la-indulgencia-plenaria-en-la-jornada-mundial-de-las-personas-mayores\\\/#primaryimage\"},\"thumbnailUrl\":\"https:\\\/\\\/schoenstatt.com\\\/wp-content\\\/uploads\\\/2023\\\/07\\\/idosos-ancianos-e-avos-1-1.jpg\",\"datePublished\":\"2023-07-22T03:00:30+00:00\",\"dateModified\":\"2025-05-15T16:01:31+00:00\",\"description\":\"\u00bfQuieres saber c\u00f3mo recibir la Indulgencia Plenaria en la Jornada Mundial de los Mayores? Consulta la informaci\u00f3n del Vaticano aqu\u00ed.\",\"breadcrumb\":{\"@id\":\"https:\\\/\\\/schoenstatt.com\\\/es\\\/como-lograr-la-indulgencia-plenaria-en-la-jornada-mundial-de-las-personas-mayores\\\/#breadcrumb\"},\"inLanguage\":\"es\",\"potentialAction\":[{\"@type\":\"ReadAction\",\"target\":[\"https:\\\/\\\/schoenstatt.com\\\/es\\\/como-lograr-la-indulgencia-plenaria-en-la-jornada-mundial-de-las-personas-mayores\\\/\"]}]},{\"@type\":\"ImageObject\",\"inLanguage\":\"es\",\"@id\":\"https:\\\/\\\/schoenstatt.com\\\/es\\\/como-lograr-la-indulgencia-plenaria-en-la-jornada-mundial-de-las-personas-mayores\\\/#primaryimage\",\"url\":\"https:\\\/\\\/schoenstatt.com\\\/wp-content\\\/uploads\\\/2023\\\/07\\\/idosos-ancianos-e-avos-1-1.jpg\",\"contentUrl\":\"https:\\\/\\\/schoenstatt.com\\\/wp-content\\\/uploads\\\/2023\\\/07\\\/idosos-ancianos-e-avos-1-1.jpg\",\"width\":1280,\"height\":960,\"caption\":\"Foto de idosos: pixabay\"},{\"@type\":\"BreadcrumbList\",\"@id\":\"https:\\\/\\\/schoenstatt.com\\\/es\\\/como-lograr-la-indulgencia-plenaria-en-la-jornada-mundial-de-las-personas-mayores\\\/#breadcrumb\",\"itemListElement\":[{\"@type\":\"ListItem\",\"position\":1,\"name\":\"Portada\",\"item\":\"https:\\\/\\\/schoenstatt.com\\\/es\\\/home\\\/\"},{\"@type\":\"ListItem\",\"position\":2,\"name\":\"C\u00f3mo lograr la indulgencia plenaria en la Jornada Mundial de las Personas mayores\"}]},{\"@type\":\"WebSite\",\"@id\":\"https:\\\/\\\/schoenstatt.com\\\/es\\\/#website\",\"url\":\"https:\\\/\\\/schoenstatt.com\\\/es\\\/\",\"name\":\"Schoenstatt\",\"description\":\"Apostolic Movement\",\"publisher\":{\"@id\":\"https:\\\/\\\/schoenstatt.com\\\/es\\\/#organization\"},\"potentialAction\":[{\"@type\":\"SearchAction\",\"target\":{\"@type\":\"EntryPoint\",\"urlTemplate\":\"https:\\\/\\\/schoenstatt.com\\\/es\\\/?s={search_term_string}\"},\"query-input\":{\"@type\":\"PropertyValueSpecification\",\"valueRequired\":true,\"valueName\":\"search_term_string\"}}],\"inLanguage\":\"es\"},{\"@type\":\"Organization\",\"@id\":\"https:\\\/\\\/schoenstatt.com\\\/es\\\/#organization\",\"name\":\"Schoenstatt\",\"url\":\"https:\\\/\\\/schoenstatt.com\\\/es\\\/\",\"logo\":{\"@type\":\"ImageObject\",\"inLanguage\":\"es\",\"@id\":\"https:\\\/\\\/schoenstatt.com\\\/es\\\/#\\\/schema\\\/logo\\\/image\\\/\",\"url\":\"https:\\\/\\\/schoenstatt.com\\\/wp-content\\\/uploads\\\/2025\\\/04\\\/logo-schoenstatt-white-696x696-1.png\",\"contentUrl\":\"https:\\\/\\\/schoenstatt.com\\\/wp-content\\\/uploads\\\/2025\\\/04\\\/logo-schoenstatt-white-696x696-1.png\",\"width\":696,\"height\":694,\"caption\":\"Schoenstatt\"},\"image\":{\"@id\":\"https:\\\/\\\/schoenstatt.com\\\/es\\\/#\\\/schema\\\/logo\\\/image\\\/\"}},{\"@type\":\"Person\",\"@id\":\"https:\\\/\\\/schoenstatt.com\\\/es\\\/#\\\/schema\\\/person\\\/5158877ad4acae98b34daaeef2a1ce6e\",\"name\":\"Karen Bueno\",\"image\":{\"@type\":\"ImageObject\",\"inLanguage\":\"es\",\"@id\":\"https:\\\/\\\/secure.gravatar.com\\\/avatar\\\/f9f4b823873154269d2b2130f195f6d41037dd0d7fc5f3cacb5c846bae70d66b?s=96&d=mm&r=g\",\"url\":\"https:\\\/\\\/secure.gravatar.com\\\/avatar\\\/f9f4b823873154269d2b2130f195f6d41037dd0d7fc5f3cacb5c846bae70d66b?s=96&d=mm&r=g\",\"contentUrl\":\"https:\\\/\\\/secure.gravatar.com\\\/avatar\\\/f9f4b823873154269d2b2130f195f6d41037dd0d7fc5f3cacb5c846bae70d66b?s=96&d=mm&r=g\",\"caption\":\"Karen Bueno\"},\"url\":\"https:\\\/\\\/schoenstatt.com\\\/es\\\/author\\\/karen-bueno\\\/\"}]}<\/script>\n<!-- \/ Yoast SEO Premium plugin. -->","yoast_head_json":{"title":"C\u00f3mo lograr la indulgencia plenaria en la Jornada Mundial de las Personas mayores","description":"\u00bfQuieres saber c\u00f3mo recibir la Indulgencia Plenaria en la Jornada Mundial de los Mayores? Consulta la informaci\u00f3n del Vaticano aqu\u00ed.","robots":{"index":"index","follow":"follow","max-snippet":"max-snippet:-1","max-image-preview":"max-image-preview:large","max-video-preview":"max-video-preview:-1"},"canonical":"https:\/\/schoenstatt.com\/es\/como-lograr-la-indulgencia-plenaria-en-la-jornada-mundial-de-las-personas-mayores\/","og_locale":"es_ES","og_type":"article","og_title":"C\u00f3mo lograr la indulgencia plenaria en la Jornada Mundial de las Personas mayores","og_description":"\u00bfQuieres saber c\u00f3mo recibir la Indulgencia Plenaria en la Jornada Mundial de los Mayores? Consulta la informaci\u00f3n del Vaticano aqu\u00ed.","og_url":"https:\/\/schoenstatt.com\/es\/como-lograr-la-indulgencia-plenaria-en-la-jornada-mundial-de-las-personas-mayores\/","og_site_name":"Schoenstatt","article_published_time":"2023-07-22T03:00:30+00:00","article_modified_time":"2025-05-15T16:01:31+00:00","og_image":[{"width":1280,"height":960,"url":"https:\/\/schoenstatt.com\/wp-content\/uploads\/2023\/07\/idosos-ancianos-e-avos-1-1.jpg","type":"image\/jpeg"}],"author":"Karen Bueno","twitter_card":"summary_large_image","twitter_misc":{"Escrito por":"Karen Bueno","Tiempo de lectura":"3 minutos"},"schema":{"@context":"https:\/\/schema.org","@graph":[{"@type":"Article","@id":"https:\/\/schoenstatt.com\/es\/como-lograr-la-indulgencia-plenaria-en-la-jornada-mundial-de-las-personas-mayores\/#article","isPartOf":{"@id":"https:\/\/schoenstatt.com\/es\/como-lograr-la-indulgencia-plenaria-en-la-jornada-mundial-de-las-personas-mayores\/"},"author":{"name":"Karen Bueno","@id":"https:\/\/schoenstatt.com\/es\/#\/schema\/person\/5158877ad4acae98b34daaeef2a1ce6e"},"headline":"C\u00f3mo lograr la indulgencia plenaria en la Jornada Mundial de las Personas mayores","datePublished":"2023-07-22T03:00:30+00:00","dateModified":"2025-05-15T16:01:31+00:00","mainEntityOfPage":{"@id":"https:\/\/schoenstatt.com\/es\/como-lograr-la-indulgencia-plenaria-en-la-jornada-mundial-de-las-personas-mayores\/"},"wordCount":622,"publisher":{"@id":"https:\/\/schoenstatt.com\/es\/#organization"},"image":{"@id":"https:\/\/schoenstatt.com\/es\/como-lograr-la-indulgencia-plenaria-en-la-jornada-mundial-de-las-personas-mayores\/#primaryimage"},"thumbnailUrl":"https:\/\/schoenstatt.com\/wp-content\/uploads\/2023\/07\/idosos-ancianos-e-avos-1-1.jpg","articleSection":["Iglesia"],"inLanguage":"es"},{"@type":"WebPage","@id":"https:\/\/schoenstatt.com\/es\/como-lograr-la-indulgencia-plenaria-en-la-jornada-mundial-de-las-personas-mayores\/","url":"https:\/\/schoenstatt.com\/es\/como-lograr-la-indulgencia-plenaria-en-la-jornada-mundial-de-las-personas-mayores\/","name":"C\u00f3mo lograr la indulgencia plenaria en la Jornada Mundial de las Personas mayores","isPartOf":{"@id":"https:\/\/schoenstatt.com\/es\/#website"},"primaryImageOfPage":{"@id":"https:\/\/schoenstatt.com\/es\/como-lograr-la-indulgencia-plenaria-en-la-jornada-mundial-de-las-personas-mayores\/#primaryimage"},"image":{"@id":"https:\/\/schoenstatt.com\/es\/como-lograr-la-indulgencia-plenaria-en-la-jornada-mundial-de-las-personas-mayores\/#primaryimage"},"thumbnailUrl":"https:\/\/schoenstatt.com\/wp-content\/uploads\/2023\/07\/idosos-ancianos-e-avos-1-1.jpg","datePublished":"2023-07-22T03:00:30+00:00","dateModified":"2025-05-15T16:01:31+00:00","description":"\u00bfQuieres saber c\u00f3mo recibir la Indulgencia Plenaria en la Jornada Mundial de los Mayores? Consulta la informaci\u00f3n del Vaticano aqu\u00ed.","breadcrumb":{"@id":"https:\/\/schoenstatt.com\/es\/como-lograr-la-indulgencia-plenaria-en-la-jornada-mundial-de-las-personas-mayores\/#breadcrumb"},"inLanguage":"es","potentialAction":[{"@type":"ReadAction","target":["https:\/\/schoenstatt.com\/es\/como-lograr-la-indulgencia-plenaria-en-la-jornada-mundial-de-las-personas-mayores\/"]}]},{"@type":"ImageObject","inLanguage":"es","@id":"https:\/\/schoenstatt.com\/es\/como-lograr-la-indulgencia-plenaria-en-la-jornada-mundial-de-las-personas-mayores\/#primaryimage","url":"https:\/\/schoenstatt.com\/wp-content\/uploads\/2023\/07\/idosos-ancianos-e-avos-1-1.jpg","contentUrl":"https:\/\/schoenstatt.com\/wp-content\/uploads\/2023\/07\/idosos-ancianos-e-avos-1-1.jpg","width":1280,"height":960,"caption":"Foto de idosos: pixabay"},{"@type":"BreadcrumbList","@id":"https:\/\/schoenstatt.com\/es\/como-lograr-la-indulgencia-plenaria-en-la-jornada-mundial-de-las-personas-mayores\/#breadcrumb","itemListElement":[{"@type":"ListItem","position":1,"name":"Portada","item":"https:\/\/schoenstatt.com\/es\/home\/"},{"@type":"ListItem","position":2,"name":"C\u00f3mo lograr la indulgencia plenaria en la Jornada Mundial de las Personas mayores"}]},{"@type":"WebSite","@id":"https:\/\/schoenstatt.com\/es\/#website","url":"https:\/\/schoenstatt.com\/es\/","name":"Schoenstatt","description":"Apostolic Movement","publisher":{"@id":"https:\/\/schoenstatt.com\/es\/#organization"},"potentialAction":[{"@type":"SearchAction","target":{"@type":"EntryPoint","urlTemplate":"https:\/\/schoenstatt.com\/es\/?s={search_term_string}"},"query-input":{"@type":"PropertyValueSpecification","valueRequired":true,"valueName":"search_term_string"}}],"inLanguage":"es"},{"@type":"Organization","@id":"https:\/\/schoenstatt.com\/es\/#organization","name":"Schoenstatt","url":"https:\/\/schoenstatt.com\/es\/","logo":{"@type":"ImageObject","inLanguage":"es","@id":"https:\/\/schoenstatt.com\/es\/#\/schema\/logo\/image\/","url":"https:\/\/schoenstatt.com\/wp-content\/uploads\/2025\/04\/logo-schoenstatt-white-696x696-1.png","contentUrl":"https:\/\/schoenstatt.com\/wp-content\/uploads\/2025\/04\/logo-schoenstatt-white-696x696-1.png","width":696,"height":694,"caption":"Schoenstatt"},"image":{"@id":"https:\/\/schoenstatt.com\/es\/#\/schema\/logo\/image\/"}},{"@type":"Person","@id":"https:\/\/schoenstatt.com\/es\/#\/schema\/person\/5158877ad4acae98b34daaeef2a1ce6e","name":"Karen Bueno","image":{"@type":"ImageObject","inLanguage":"es","@id":"https:\/\/secure.gravatar.com\/avatar\/f9f4b823873154269d2b2130f195f6d41037dd0d7fc5f3cacb5c846bae70d66b?s=96&d=mm&r=g","url":"https:\/\/secure.gravatar.com\/avatar\/f9f4b823873154269d2b2130f195f6d41037dd0d7fc5f3cacb5c846bae70d66b?s=96&d=mm&r=g","contentUrl":"https:\/\/secure.gravatar.com\/avatar\/f9f4b823873154269d2b2130f195f6d41037dd0d7fc5f3cacb5c846bae70d66b?s=96&d=mm&r=g","caption":"Karen Bueno"},"url":"https:\/\/schoenstatt.com\/es\/author\/karen-bueno\/"}]}},"_links":{"self":[{"href":"https:\/\/schoenstatt.com\/es\/wp-json\/wp\/v2\/posts\/31540","targetHints":{"allow":["GET"]}}],"collection":[{"href":"https:\/\/schoenstatt.com\/es\/wp-json\/wp\/v2\/posts"}],"about":[{"href":"https:\/\/schoenstatt.com\/es\/wp-json\/wp\/v2\/types\/post"}],"author":[{"embeddable":true,"href":"https:\/\/schoenstatt.com\/es\/wp-json\/wp\/v2\/users\/3"}],"replies":[{"embeddable":true,"href":"https:\/\/schoenstatt.com\/es\/wp-json\/wp\/v2\/comments?post=31540"}],"version-history":[{"count":1,"href":"https:\/\/schoenstatt.com\/es\/wp-json\/wp\/v2\/posts\/31540\/revisions"}],"predecessor-version":[{"id":46129,"href":"https:\/\/schoenstatt.com\/es\/wp-json\/wp\/v2\/posts\/31540\/revisions\/46129"}],"wp:featuredmedia":[{"embeddable":true,"href":"https:\/\/schoenstatt.com\/es\/wp-json\/wp\/v2\/media\/31531"}],"wp:attachment":[{"href":"https:\/\/schoenstatt.com\/es\/wp-json\/wp\/v2\/media?parent=31540"}],"wp:term":[{"taxonomy":"category","embeddable":true,"href":"https:\/\/schoenstatt.com\/es\/wp-json\/wp\/v2\/categories?post=31540"},{"taxonomy":"post_tag","embeddable":true,"href":"https:\/\/schoenstatt.com\/es\/wp-json\/wp\/v2\/tags?post=31540"}],"curies":[{"name":"wp","href":"https:\/\/api.w.org\/{rel}","templated":true}]}}