{"id":30535,"date":"2023-05-08T20:38:15","date_gmt":"2023-05-08T18:38:15","guid":{"rendered":"https:\/\/schoenstatt.com\/?p=30535"},"modified":"2025-05-15T00:35:15","modified_gmt":"2025-05-14T22:35:15","slug":"liderazgo-para-tiempos-dificiles-desde-la-fe-y-el-amor","status":"publish","type":"post","link":"https:\/\/schoenstatt.com\/es\/liderazgo-para-tiempos-dificiles-desde-la-fe-y-el-amor\/","title":{"rendered":"Liderazgo para tiempos dif\u00edciles, desde la fe y el amor"},"content":{"rendered":"<p>El consejo de liga junto con jefes de las comunidades de monitores, de grupos de <a href=\"https:\/\/schoenstatt.com\/es\/espiritualidad\/congreso-internacional-de-la-obra-de-familias-paraguay-2023\/\">matrimonios<\/a> y militancia, y bajo nuestro lema del a\u00f1o \u201c<em><strong>Santuarios vivos &#8211; Taller de familias<\/strong><\/em>\u201d dejamos atr\u00e1s la pandemia y vencimos los temores por la inseguridad que se vive en el pa\u00eds, convencidos de que en nuestro Santuario vamos a construir y reparar lo necesario en nuestras familias para estos tiempos convulsos.<\/p>\n<figure id=\"attachment_30552\" aria-describedby=\"caption-attachment-30552\" style=\"width: 840px\" class=\"wp-caption alignnone\"><img fetchpriority=\"high\" decoding=\"async\" class=\"wp-image-30552 size-large\" src=\"https:\/\/schoenstatt.com\/wp-content\/uploads\/2023\/05\/Jornada-dirigentes-Ecuador3-1-1024x1024.jpg\" alt=\"Liga de Familias\" width=\"840\" height=\"840\" \/><figcaption id=\"caption-attachment-30552\" class=\"wp-caption-text\">P. Felipe Rios &#8211; Asesor<\/figcaption><\/figure>\n<h3>Impulso de los Asesores<\/h3>\n<p>Luego de compartir recomendaciones de especialistas en seguridad, nuestra querida asesora la Hermana Flavia Sommerhoff nos record\u00f3 que nuestra fe es la \u00fanica fuente de seguridad y que el desaf\u00edo est\u00e1 en poner nuestra seguridad en Dios nuestro Padre. Tal como lo hizo nuestro Padre fundador que se dej\u00f3 iluminar y guiar por el Esp\u00edritu Santo, con una fe que sea viva y vivida, heroica y victoriosa,<\/p>\n<p>Nuestro asesor el Padre Felipe Rios nos impuls\u00f3 a que en este taller de familias eduquemos en el amor, porque es la primera escuela de valores humanos. Ah\u00ed donde se aprende el buen uso de la libertad mediante experiencias positivas de los padres, construyendo familias en comuni\u00f3n y solidarias, educando a trav\u00e9s de vivencias y recuperando tradiciones y h\u00e1bitos positivos.<\/p>\n<h3>Gu\u00eda de nuestros Jefes de Rama<\/h3>\n<p>Finalmente, nuestros Jefes de Rama Fernando y Linda Arzube nos guiaron en el taller de ser dirigente. Los participantes, a partir de identificar las fortalezas, oportunidades, debilidades y amenazas, e iluminados por nuestro lema, nos ponemos en camino en este 2023. Escuchando las voces de Dios y del tiempo, en medio de la \u00e9poca que nos han tocado vivir y las realidades que el mundo nos presenta, con la oportunidad permanente de poner nuestra marca en medio de este.<\/p>\n<h3><img decoding=\"async\" class=\"alignnone size-large wp-image-30560\" src=\"https:\/\/schoenstatt.com\/wp-content\/uploads\/2023\/05\/Jornada-dirigentes-Ecuador6-1024x1024.jpg\" alt=\"Jornada Dirigentes Ecuador\" width=\"840\" height=\"840\" \/><\/h3>\n<h3>Nuestro compromiso: ser <a href=\"https:\/\/www.facebook.com\/LigaFamiliasSchoenstattGuayas\">\u201cSantuarios vivos \u2013 Taller de familias\u201d<\/a><\/h3>\n<p>Por eso, sellamos nuestro compromiso con la impronta de nuestras manos en un lienzo con el lema que nos acompa\u00f1ar\u00e1 todo este a\u00f1o, para que est\u00e9 presente en todas las actividades de la liga como recordatorio de los anhelos y compromisos de este encuentro.<\/p>\n<p><img decoding=\"async\" class=\"alignnone wp-image-30556 size-large\" src=\"https:\/\/schoenstatt.com\/wp-content\/uploads\/2023\/05\/Lema-Jornada-dirigentes-Ecuador4-1-1024x470.jpg\" alt=\"dirigentes desde la fe y el amor\" width=\"840\" height=\"386\" \/><\/p>\n<p style=\"font-size: 12px;\"><em>*Giancarlo y Sandra Carrozzini pertenecen a la Liga de Familias del Guayas, Ecuador.<\/em><\/p>\n","protected":false},"excerpt":{"rendered":"<p>Reencuentro, renovaci\u00f3n, comunidad, fueron palabras muy presentes en nuestra Jornada de inicio de Dirigentes de la Liga de familias de Guayas \u2013 Ecuador el pasado fin de semana.<\/p>\n","protected":false},"author":6,"featured_media":30536,"comment_status":"closed","ping_status":"closed","sticky":false,"template":"","format":"standard","meta":{"footnotes":""},"categories":[909],"tags":[],"class_list":["post-30535","post","type-post","status-publish","format-standard","has-post-thumbnail","hentry","category-comunidades-de-schoenstatt-es"],"yoast_head":"<!-- This site is optimized with the Yoast SEO Premium plugin v27.4 (Yoast SEO v27.4) - https:\/\/yoast.com\/product\/yoast-seo-premium-wordpress\/ -->\n<title>Liderazgo para tiempos dif\u00edciles, desde la fe y el amor - Schoenstatt<\/title>\n<meta name=\"description\" content=\"La Jornada de inicio de Dirigentes de la Liga de familias de Guayas \u2013 Ecuador se realiz\u00f3 el pasado fin de semana.\" \/>\n<meta name=\"robots\" content=\"index, follow, max-snippet:-1, max-image-preview:large, max-video-preview:-1\" \/>\n<link rel=\"canonical\" href=\"https:\/\/schoenstatt.com\/es\/liderazgo-para-tiempos-dificiles-desde-la-fe-y-el-amor\/\" \/>\n<meta property=\"og:locale\" content=\"es_ES\" \/>\n<meta property=\"og:type\" content=\"article\" \/>\n<meta property=\"og:title\" content=\"Liderazgo para tiempos dif\u00edciles, desde la fe y el amor\" \/>\n<meta property=\"og:description\" content=\"La Jornada de inicio de Dirigentes de la Liga de familias de Guayas \u2013 Ecuador se realiz\u00f3 el pasado fin de semana.\" \/>\n<meta property=\"og:url\" content=\"https:\/\/schoenstatt.com\/es\/liderazgo-para-tiempos-dificiles-desde-la-fe-y-el-amor\/\" \/>\n<meta property=\"og:site_name\" content=\"Schoenstatt\" \/>\n<meta property=\"article:published_time\" content=\"2023-05-08T18:38:15+00:00\" \/>\n<meta property=\"article:modified_time\" content=\"2025-05-14T22:35:15+00:00\" \/>\n<meta property=\"og:image\" content=\"https:\/\/schoenstatt.com\/wp-content\/uploads\/2023\/05\/Jornada-dirigentes-Ecuador1-1.jpg\" \/>\n\t<meta property=\"og:image:width\" content=\"1257\" \/>\n\t<meta property=\"og:image:height\" content=\"839\" \/>\n\t<meta property=\"og:image:type\" content=\"image\/jpeg\" \/>\n<meta name=\"author\" content=\"Vanessa Franke\" \/>\n<meta name=\"twitter:card\" content=\"summary_large_image\" \/>\n<meta name=\"twitter:label1\" content=\"Escrito por\" \/>\n\t<meta name=\"twitter:data1\" content=\"Vanessa Franke\" \/>\n\t<meta name=\"twitter:label2\" content=\"Tiempo de lectura\" \/>\n\t<meta name=\"twitter:data2\" content=\"3 minutos\" \/>\n<script type=\"application\/ld+json\" class=\"yoast-schema-graph\">{\"@context\":\"https:\\\/\\\/schema.org\",\"@graph\":[{\"@type\":\"Article\",\"@id\":\"https:\\\/\\\/schoenstatt.com\\\/es\\\/liderazgo-para-tiempos-dificiles-desde-la-fe-y-el-amor\\\/#article\",\"isPartOf\":{\"@id\":\"https:\\\/\\\/schoenstatt.com\\\/es\\\/liderazgo-para-tiempos-dificiles-desde-la-fe-y-el-amor\\\/\"},\"author\":{\"name\":\"Vanessa Franke\",\"@id\":\"https:\\\/\\\/schoenstatt.com\\\/es\\\/#\\\/schema\\\/person\\\/ea97a60c723e21c923e2177f0f3163f7\"},\"headline\":\"Liderazgo para tiempos dif\u00edciles, desde la fe y el amor\",\"datePublished\":\"2023-05-08T18:38:15+00:00\",\"dateModified\":\"2025-05-14T22:35:15+00:00\",\"mainEntityOfPage\":{\"@id\":\"https:\\\/\\\/schoenstatt.com\\\/es\\\/liderazgo-para-tiempos-dificiles-desde-la-fe-y-el-amor\\\/\"},\"wordCount\":381,\"publisher\":{\"@id\":\"https:\\\/\\\/schoenstatt.com\\\/es\\\/#organization\"},\"image\":{\"@id\":\"https:\\\/\\\/schoenstatt.com\\\/es\\\/liderazgo-para-tiempos-dificiles-desde-la-fe-y-el-amor\\\/#primaryimage\"},\"thumbnailUrl\":\"https:\\\/\\\/schoenstatt.com\\\/wp-content\\\/uploads\\\/2023\\\/05\\\/Jornada-dirigentes-Ecuador1-1.jpg\",\"articleSection\":[\"Comunidades de Schoenstatt\"],\"inLanguage\":\"es\"},{\"@type\":\"WebPage\",\"@id\":\"https:\\\/\\\/schoenstatt.com\\\/es\\\/liderazgo-para-tiempos-dificiles-desde-la-fe-y-el-amor\\\/\",\"url\":\"https:\\\/\\\/schoenstatt.com\\\/es\\\/liderazgo-para-tiempos-dificiles-desde-la-fe-y-el-amor\\\/\",\"name\":\"Liderazgo para tiempos dif\u00edciles, desde la fe y el amor - Schoenstatt\",\"isPartOf\":{\"@id\":\"https:\\\/\\\/schoenstatt.com\\\/es\\\/#website\"},\"primaryImageOfPage\":{\"@id\":\"https:\\\/\\\/schoenstatt.com\\\/es\\\/liderazgo-para-tiempos-dificiles-desde-la-fe-y-el-amor\\\/#primaryimage\"},\"image\":{\"@id\":\"https:\\\/\\\/schoenstatt.com\\\/es\\\/liderazgo-para-tiempos-dificiles-desde-la-fe-y-el-amor\\\/#primaryimage\"},\"thumbnailUrl\":\"https:\\\/\\\/schoenstatt.com\\\/wp-content\\\/uploads\\\/2023\\\/05\\\/Jornada-dirigentes-Ecuador1-1.jpg\",\"datePublished\":\"2023-05-08T18:38:15+00:00\",\"dateModified\":\"2025-05-14T22:35:15+00:00\",\"description\":\"La Jornada de inicio de Dirigentes de la Liga de familias de Guayas \u2013 Ecuador se realiz\u00f3 el pasado fin de semana.\",\"breadcrumb\":{\"@id\":\"https:\\\/\\\/schoenstatt.com\\\/es\\\/liderazgo-para-tiempos-dificiles-desde-la-fe-y-el-amor\\\/#breadcrumb\"},\"inLanguage\":\"es\",\"potentialAction\":[{\"@type\":\"ReadAction\",\"target\":[\"https:\\\/\\\/schoenstatt.com\\\/es\\\/liderazgo-para-tiempos-dificiles-desde-la-fe-y-el-amor\\\/\"]}]},{\"@type\":\"ImageObject\",\"inLanguage\":\"es\",\"@id\":\"https:\\\/\\\/schoenstatt.com\\\/es\\\/liderazgo-para-tiempos-dificiles-desde-la-fe-y-el-amor\\\/#primaryimage\",\"url\":\"https:\\\/\\\/schoenstatt.com\\\/wp-content\\\/uploads\\\/2023\\\/05\\\/Jornada-dirigentes-Ecuador1-1.jpg\",\"contentUrl\":\"https:\\\/\\\/schoenstatt.com\\\/wp-content\\\/uploads\\\/2023\\\/05\\\/Jornada-dirigentes-Ecuador1-1.jpg\",\"width\":1257,\"height\":839,\"caption\":\"Dirigentes desde la fe y el amor\"},{\"@type\":\"BreadcrumbList\",\"@id\":\"https:\\\/\\\/schoenstatt.com\\\/es\\\/liderazgo-para-tiempos-dificiles-desde-la-fe-y-el-amor\\\/#breadcrumb\",\"itemListElement\":[{\"@type\":\"ListItem\",\"position\":1,\"name\":\"Portada\",\"item\":\"https:\\\/\\\/schoenstatt.com\\\/es\\\/home\\\/\"},{\"@type\":\"ListItem\",\"position\":2,\"name\":\"Liderazgo para tiempos dif\u00edciles, desde la fe y el amor\"}]},{\"@type\":\"WebSite\",\"@id\":\"https:\\\/\\\/schoenstatt.com\\\/es\\\/#website\",\"url\":\"https:\\\/\\\/schoenstatt.com\\\/es\\\/\",\"name\":\"Schoenstatt\",\"description\":\"Apostolic Movement\",\"publisher\":{\"@id\":\"https:\\\/\\\/schoenstatt.com\\\/es\\\/#organization\"},\"potentialAction\":[{\"@type\":\"SearchAction\",\"target\":{\"@type\":\"EntryPoint\",\"urlTemplate\":\"https:\\\/\\\/schoenstatt.com\\\/es\\\/?s={search_term_string}\"},\"query-input\":{\"@type\":\"PropertyValueSpecification\",\"valueRequired\":true,\"valueName\":\"search_term_string\"}}],\"inLanguage\":\"es\"},{\"@type\":\"Organization\",\"@id\":\"https:\\\/\\\/schoenstatt.com\\\/es\\\/#organization\",\"name\":\"Schoenstatt\",\"url\":\"https:\\\/\\\/schoenstatt.com\\\/es\\\/\",\"logo\":{\"@type\":\"ImageObject\",\"inLanguage\":\"es\",\"@id\":\"https:\\\/\\\/schoenstatt.com\\\/es\\\/#\\\/schema\\\/logo\\\/image\\\/\",\"url\":\"https:\\\/\\\/schoenstatt.com\\\/wp-content\\\/uploads\\\/2025\\\/04\\\/logo-schoenstatt-white-696x696-1.png\",\"contentUrl\":\"https:\\\/\\\/schoenstatt.com\\\/wp-content\\\/uploads\\\/2025\\\/04\\\/logo-schoenstatt-white-696x696-1.png\",\"width\":696,\"height\":694,\"caption\":\"Schoenstatt\"},\"image\":{\"@id\":\"https:\\\/\\\/schoenstatt.com\\\/es\\\/#\\\/schema\\\/logo\\\/image\\\/\"}},{\"@type\":\"Person\",\"@id\":\"https:\\\/\\\/schoenstatt.com\\\/es\\\/#\\\/schema\\\/person\\\/ea97a60c723e21c923e2177f0f3163f7\",\"name\":\"Vanessa Franke\",\"image\":{\"@type\":\"ImageObject\",\"inLanguage\":\"es\",\"@id\":\"https:\\\/\\\/secure.gravatar.com\\\/avatar\\\/a9bcca3409928ccd3195eca11e2ccbb2e5d7c7912e9a945d4f326f81a0a5cb4a?s=96&d=mm&r=g\",\"url\":\"https:\\\/\\\/secure.gravatar.com\\\/avatar\\\/a9bcca3409928ccd3195eca11e2ccbb2e5d7c7912e9a945d4f326f81a0a5cb4a?s=96&d=mm&r=g\",\"contentUrl\":\"https:\\\/\\\/secure.gravatar.com\\\/avatar\\\/a9bcca3409928ccd3195eca11e2ccbb2e5d7c7912e9a945d4f326f81a0a5cb4a?s=96&d=mm&r=g\",\"caption\":\"Vanessa Franke\"},\"url\":\"https:\\\/\\\/schoenstatt.com\\\/es\\\/author\\\/vanessa-franke\\\/\"}]}<\/script>\n<!-- \/ Yoast SEO Premium plugin. -->","yoast_head_json":{"title":"Liderazgo para tiempos dif\u00edciles, desde la fe y el amor - Schoenstatt","description":"La Jornada de inicio de Dirigentes de la Liga de familias de Guayas \u2013 Ecuador se realiz\u00f3 el pasado fin de semana.","robots":{"index":"index","follow":"follow","max-snippet":"max-snippet:-1","max-image-preview":"max-image-preview:large","max-video-preview":"max-video-preview:-1"},"canonical":"https:\/\/schoenstatt.com\/es\/liderazgo-para-tiempos-dificiles-desde-la-fe-y-el-amor\/","og_locale":"es_ES","og_type":"article","og_title":"Liderazgo para tiempos dif\u00edciles, desde la fe y el amor","og_description":"La Jornada de inicio de Dirigentes de la Liga de familias de Guayas \u2013 Ecuador se realiz\u00f3 el pasado fin de semana.","og_url":"https:\/\/schoenstatt.com\/es\/liderazgo-para-tiempos-dificiles-desde-la-fe-y-el-amor\/","og_site_name":"Schoenstatt","article_published_time":"2023-05-08T18:38:15+00:00","article_modified_time":"2025-05-14T22:35:15+00:00","og_image":[{"width":1257,"height":839,"url":"https:\/\/schoenstatt.com\/wp-content\/uploads\/2023\/05\/Jornada-dirigentes-Ecuador1-1.jpg","type":"image\/jpeg"}],"author":"Vanessa Franke","twitter_card":"summary_large_image","twitter_misc":{"Escrito por":"Vanessa Franke","Tiempo de lectura":"3 minutos"},"schema":{"@context":"https:\/\/schema.org","@graph":[{"@type":"Article","@id":"https:\/\/schoenstatt.com\/es\/liderazgo-para-tiempos-dificiles-desde-la-fe-y-el-amor\/#article","isPartOf":{"@id":"https:\/\/schoenstatt.com\/es\/liderazgo-para-tiempos-dificiles-desde-la-fe-y-el-amor\/"},"author":{"name":"Vanessa Franke","@id":"https:\/\/schoenstatt.com\/es\/#\/schema\/person\/ea97a60c723e21c923e2177f0f3163f7"},"headline":"Liderazgo para tiempos dif\u00edciles, desde la fe y el amor","datePublished":"2023-05-08T18:38:15+00:00","dateModified":"2025-05-14T22:35:15+00:00","mainEntityOfPage":{"@id":"https:\/\/schoenstatt.com\/es\/liderazgo-para-tiempos-dificiles-desde-la-fe-y-el-amor\/"},"wordCount":381,"publisher":{"@id":"https:\/\/schoenstatt.com\/es\/#organization"},"image":{"@id":"https:\/\/schoenstatt.com\/es\/liderazgo-para-tiempos-dificiles-desde-la-fe-y-el-amor\/#primaryimage"},"thumbnailUrl":"https:\/\/schoenstatt.com\/wp-content\/uploads\/2023\/05\/Jornada-dirigentes-Ecuador1-1.jpg","articleSection":["Comunidades de Schoenstatt"],"inLanguage":"es"},{"@type":"WebPage","@id":"https:\/\/schoenstatt.com\/es\/liderazgo-para-tiempos-dificiles-desde-la-fe-y-el-amor\/","url":"https:\/\/schoenstatt.com\/es\/liderazgo-para-tiempos-dificiles-desde-la-fe-y-el-amor\/","name":"Liderazgo para tiempos dif\u00edciles, desde la fe y el amor - Schoenstatt","isPartOf":{"@id":"https:\/\/schoenstatt.com\/es\/#website"},"primaryImageOfPage":{"@id":"https:\/\/schoenstatt.com\/es\/liderazgo-para-tiempos-dificiles-desde-la-fe-y-el-amor\/#primaryimage"},"image":{"@id":"https:\/\/schoenstatt.com\/es\/liderazgo-para-tiempos-dificiles-desde-la-fe-y-el-amor\/#primaryimage"},"thumbnailUrl":"https:\/\/schoenstatt.com\/wp-content\/uploads\/2023\/05\/Jornada-dirigentes-Ecuador1-1.jpg","datePublished":"2023-05-08T18:38:15+00:00","dateModified":"2025-05-14T22:35:15+00:00","description":"La Jornada de inicio de Dirigentes de la Liga de familias de Guayas \u2013 Ecuador se realiz\u00f3 el pasado fin de semana.","breadcrumb":{"@id":"https:\/\/schoenstatt.com\/es\/liderazgo-para-tiempos-dificiles-desde-la-fe-y-el-amor\/#breadcrumb"},"inLanguage":"es","potentialAction":[{"@type":"ReadAction","target":["https:\/\/schoenstatt.com\/es\/liderazgo-para-tiempos-dificiles-desde-la-fe-y-el-amor\/"]}]},{"@type":"ImageObject","inLanguage":"es","@id":"https:\/\/schoenstatt.com\/es\/liderazgo-para-tiempos-dificiles-desde-la-fe-y-el-amor\/#primaryimage","url":"https:\/\/schoenstatt.com\/wp-content\/uploads\/2023\/05\/Jornada-dirigentes-Ecuador1-1.jpg","contentUrl":"https:\/\/schoenstatt.com\/wp-content\/uploads\/2023\/05\/Jornada-dirigentes-Ecuador1-1.jpg","width":1257,"height":839,"caption":"Dirigentes desde la fe y el amor"},{"@type":"BreadcrumbList","@id":"https:\/\/schoenstatt.com\/es\/liderazgo-para-tiempos-dificiles-desde-la-fe-y-el-amor\/#breadcrumb","itemListElement":[{"@type":"ListItem","position":1,"name":"Portada","item":"https:\/\/schoenstatt.com\/es\/home\/"},{"@type":"ListItem","position":2,"name":"Liderazgo para tiempos dif\u00edciles, desde la fe y el amor"}]},{"@type":"WebSite","@id":"https:\/\/schoenstatt.com\/es\/#website","url":"https:\/\/schoenstatt.com\/es\/","name":"Schoenstatt","description":"Apostolic Movement","publisher":{"@id":"https:\/\/schoenstatt.com\/es\/#organization"},"potentialAction":[{"@type":"SearchAction","target":{"@type":"EntryPoint","urlTemplate":"https:\/\/schoenstatt.com\/es\/?s={search_term_string}"},"query-input":{"@type":"PropertyValueSpecification","valueRequired":true,"valueName":"search_term_string"}}],"inLanguage":"es"},{"@type":"Organization","@id":"https:\/\/schoenstatt.com\/es\/#organization","name":"Schoenstatt","url":"https:\/\/schoenstatt.com\/es\/","logo":{"@type":"ImageObject","inLanguage":"es","@id":"https:\/\/schoenstatt.com\/es\/#\/schema\/logo\/image\/","url":"https:\/\/schoenstatt.com\/wp-content\/uploads\/2025\/04\/logo-schoenstatt-white-696x696-1.png","contentUrl":"https:\/\/schoenstatt.com\/wp-content\/uploads\/2025\/04\/logo-schoenstatt-white-696x696-1.png","width":696,"height":694,"caption":"Schoenstatt"},"image":{"@id":"https:\/\/schoenstatt.com\/es\/#\/schema\/logo\/image\/"}},{"@type":"Person","@id":"https:\/\/schoenstatt.com\/es\/#\/schema\/person\/ea97a60c723e21c923e2177f0f3163f7","name":"Vanessa Franke","image":{"@type":"ImageObject","inLanguage":"es","@id":"https:\/\/secure.gravatar.com\/avatar\/a9bcca3409928ccd3195eca11e2ccbb2e5d7c7912e9a945d4f326f81a0a5cb4a?s=96&d=mm&r=g","url":"https:\/\/secure.gravatar.com\/avatar\/a9bcca3409928ccd3195eca11e2ccbb2e5d7c7912e9a945d4f326f81a0a5cb4a?s=96&d=mm&r=g","contentUrl":"https:\/\/secure.gravatar.com\/avatar\/a9bcca3409928ccd3195eca11e2ccbb2e5d7c7912e9a945d4f326f81a0a5cb4a?s=96&d=mm&r=g","caption":"Vanessa Franke"},"url":"https:\/\/schoenstatt.com\/es\/author\/vanessa-franke\/"}]}},"_links":{"self":[{"href":"https:\/\/schoenstatt.com\/es\/wp-json\/wp\/v2\/posts\/30535","targetHints":{"allow":["GET"]}}],"collection":[{"href":"https:\/\/schoenstatt.com\/es\/wp-json\/wp\/v2\/posts"}],"about":[{"href":"https:\/\/schoenstatt.com\/es\/wp-json\/wp\/v2\/types\/post"}],"author":[{"embeddable":true,"href":"https:\/\/schoenstatt.com\/es\/wp-json\/wp\/v2\/users\/6"}],"replies":[{"embeddable":true,"href":"https:\/\/schoenstatt.com\/es\/wp-json\/wp\/v2\/comments?post=30535"}],"version-history":[{"count":1,"href":"https:\/\/schoenstatt.com\/es\/wp-json\/wp\/v2\/posts\/30535\/revisions"}],"predecessor-version":[{"id":46012,"href":"https:\/\/schoenstatt.com\/es\/wp-json\/wp\/v2\/posts\/30535\/revisions\/46012"}],"wp:featuredmedia":[{"embeddable":true,"href":"https:\/\/schoenstatt.com\/es\/wp-json\/wp\/v2\/media\/30536"}],"wp:attachment":[{"href":"https:\/\/schoenstatt.com\/es\/wp-json\/wp\/v2\/media?parent=30535"}],"wp:term":[{"taxonomy":"category","embeddable":true,"href":"https:\/\/schoenstatt.com\/es\/wp-json\/wp\/v2\/categories?post=30535"},{"taxonomy":"post_tag","embeddable":true,"href":"https:\/\/schoenstatt.com\/es\/wp-json\/wp\/v2\/tags?post=30535"}],"curies":[{"name":"wp","href":"https:\/\/api.w.org\/{rel}","templated":true}]}}