{"id":30469,"date":"2023-05-07T15:50:48","date_gmt":"2023-05-07T13:50:48","guid":{"rendered":"https:\/\/schoenstatt.com\/?p=30469"},"modified":"2025-05-15T02:06:31","modified_gmt":"2025-05-15T00:06:31","slug":"un-solo-corazon-un-solo-schoenstatt","status":"publish","type":"post","link":"https:\/\/schoenstatt.com\/es\/un-solo-corazon-un-solo-schoenstatt\/","title":{"rendered":"Un solo coraz\u00f3n, un solo Schoenstatt"},"content":{"rendered":"<p>Marat\u00f3nica jornada incluy\u00f3 18 talleres para m\u00e1s de 300 participantes<\/p>\n<p>Con interesantes talleres que trataron temas como adicciones, v\u00ednculos en la familia, la tecnolog\u00eda, educar\u00a0 a los hijos en la fe y el feminismo se dio inicio a la jornada del viernes en el Hotel Sheraton de Asunci\u00f3n.<\/p>\n<p>M\u00e1s de 300 personas de Iberoam\u00e9rica llegaron hasta el hotel en el que se desarrolla el <a href=\"https:\/\/ciofparaguay.com\/\">CIOF Paraguay 2023.<\/a> La cita comenz\u00f3 el viernes con una celebraci\u00f3n eucar\u00edstica y posteriormente el P. Correa brind\u00f3 unas palabras de inicio que realmente instalaron entre los presentes la necesidad de este encuentro ante tantos temas que preocupan en el mundo. Posteriormente el P. Eduardo Aguirre brind\u00f3 una breve s\u00edntesis de la actualidad del proceso de beatificaci\u00f3n de nuestro fundador Padre Jos\u00e9 Kentenich en la que mencion\u00f3 la importancia de difundir su pensamiento, poner en pr\u00e1ctica las obras basadas en la suya y de esa forma crear fundamentos para crear la fama de santidad.<img fetchpriority=\"high\" decoding=\"async\" class=\"alignleft size-medium wp-image-30506\" src=\"https:\/\/schoenstatt.com\/wp-content\/uploads\/2023\/05\/Santuario-en-Paraguay-221x300.jpeg\" alt=\"\" width=\"221\" height=\"300\" \/><\/p>\n<p>Algunos de los talleres que se desarrollaron\u00a0 \u201cPeces o pescados, las adicciones que se cuelan en nuestras familias\u201d, a cargo de Paulina Benavente y Patricio de la Fuente de Instituto de Familias de Chile; \u201cConexi\u00f3n real, hablemos de tecnolog\u00eda en c\u00f3digo Schoenstatt\u201d, presentado por Milagro Castro e Irving Soto miembros de Liga de Costa Rica; \u201cHogar fuente de v\u00ednculos y acogida\u201d, Raquel Paz y Carlos Garc\u00eda Cruz de la Federaci\u00f3n Apost\u00f3lica de Familias de Ecuador; \u201cEducar, servicio abnegado\u00a0 y desinteresado de la vida\u201d Respeto a la originalidad de los hijos\u201d, por Jazm\u00edn y Eduardo Gustale de la FAF Paraguay; \u201cEducaci\u00f3n de los hijos en la fe. Santuario Hogar\u201d por parte de Gislaine y Marcelo Mafre de la FAF Brasil y \u201cFemenina o feminista\u201d del Instituto de Familias de Argentina.<\/p>\n<p>La marat\u00f3nica jornada continu\u00f3 a la tarde con charlas y talleres como \u201cRol de los padres en la orientaci\u00f3n y afirmaci\u00f3n sexual de los hijos\u201d con el Padre Jos\u00e9 Mar\u00eda Garc\u00eda y el matrimonio Santiviago de Paraguay; \u201cMatrimonios schoenstattianos \u00bfEn modo Marta o Mar\u00eda?\u201d, dirigido por Georgina y Victor Ferla, Viviana y H\u00e9ctor Zinoni de Argentina; \u201cImportancia de los v\u00ednculos para educar en la afectividad y en la pureza\u201d, por Victor C\u00e1rdenas y Miriam Touma del Instituto de Familias de Ecuador; \u201cEstilo de vida mariano en la vida familiar\u201d, con Ligie Fougerat y Guillermo Barragan del Instituto de Familias de M\u00e9xico; \u201cSer familias: Rol paterno y materno\u201d por Flavia y Tom\u00e1s\u00a0 Santos de la Federaci\u00f3n de Brasil, la segunda ronda de talleres concluy\u00f3 con \u201cEl hijo como don, no como derecho: Naprotecnolog\u00eda &#8211; Adopci\u00f3n, partenidad\/maternidad espiritual\u201d, Dra. Ang\u00e9lica Sarmiento y matrimonios del Instituto de Familias de Paraguay.<\/p>\n<p>Finalmente se ahondaron tambi\u00e9n temas como: \u201cCrisis matrimonial: oportunidad de crecimiento\u201d, Ileana Montero y Gonzalo Vega de la FAF Costa Rica; \u201cUn amor para siempre: Sexus y Eros\u201d con Florencia Gil y Miguel Lelo de Larrea del Instituto de Familias de M\u00e9xico; \u201cNazaret. Taller de renovaci\u00f3n de la Iglesia\u201d con Mercedes y David Escalante, Ma. Lorena y Leonardo Redeligo miembros de Liga de Argentina; \u201cMisi\u00f3n del matrimonio de engendrar y cultivar vida a trav\u00e9s del amor esponsal\u201d, con Ana Mar\u00eda Mena y Manuel Donoso del Instituto de Familias de Chile; \u201cSchoenstattianos casados santos\u201d, con la Hna. Gertrud Mar\u00eda Erhard de Hungr\u00eda, los talleres del primer d\u00eda concluyeron con\u00a0 \u201cFamilia \u00bfd\u00f3nde est\u00e1n las vocaciones religiosas?\u201d, por Elizabeth Mu\u00f1oz y Juan Carlos Lobos miembros de Liga de Chile.<\/p>\n<h2>Compartir experiencias para seguir creciendo en todo el mundo<\/h2>\n<p><img decoding=\"async\" class=\"size-large wp-image-30498\" src=\"https:\/\/schoenstatt.com\/wp-content\/uploads\/2023\/05\/CIOF-talleres-3-1024x768.jpeg\" alt=\"grupo compartiendo sus experiencias\" width=\"840\" height=\"630\" \/><\/p>\n<p>La jornada del s\u00e1bado en el Congreso Internacional de la <a href=\"https:\/\/schoenstatt.com\/es\/familia\/comunidades-de-schoenstatt\/\">Obra de Familias de Schoenstatt<\/a> se llen\u00f3 de testimonios de schoenstattianos que trabajan siendo un \u201ccoraz\u00f3n para el mundo\u201d. Los laicos influyendo en la sociedad, formaci\u00f3n del l\u00edder schoenstattiano, son algunos de los temas que pudieron ser tratados en diferentes talleres.<\/p>\n<p>El panel testimonial \u201cLos laicos influyendo en la sociedad\u201d cont\u00f3 con varios Schoenstattianos que comentaron su experiencia desde la educaci\u00f3n, la salud, la econom\u00eda y la pol\u00edtica. Sobre educaci\u00f3n se cont\u00f3 con la experiencia de Alejandra Grebe quien explic\u00f3 su tarea desde el gobierno en su pa\u00eds y estuvo acompa\u00f1ada por su esposo Jorge Herrera, ellos pertenecen a la Federaci\u00f3n Apost\u00f3lica de Familias de Chile. En cuanto a salud se pudo conocer el caso de Hugo Kunzle de la Federaci\u00f3n Apost\u00f3lica de Familias de Paraguay y quien tuvo un importante cargo en el sector de salud en Alto Paran\u00e1 durante la pandemia recientemente superada.<\/p>\n<p>Sobre econom\u00eda hablaron Ivonne y Walter P\u00f3veda, miembros de la Liga Apost\u00f3lica de Familias de Ecuador, quienes mencionaron su experiencia de tener presente a Dios en el d\u00eda a d\u00eda laboral y en la familia. Tambi\u00e9n pudimos escuchar a Sebasti\u00e1n Villarejo de la FAF Paraguay y qui\u00e9n alent\u00f3 a los miembros del movimiento a ayudar a los dem\u00e1s desde la pol\u00edtica, mencionando que hay que ir m\u00e1s all\u00e1 del cobijamiento y la transformaci\u00f3n y hacer que el env\u00edo apost\u00f3lico sea realmente llevar el ejemplo de Schoenstatt a toda la sociedad con hechos concretos que van m\u00e1s all\u00e1 de los apostolados.<\/p>\n<p>Por la tarde se pudo conocer la experiencia del nacimiento de la rama familiar en Costa Rica, con la peque\u00f1a variaci\u00f3n que la misma comienza en el mismo a\u00f1o en que los matrimonios se casan, por lo que se llama \u201cA\u00f1o cero. Reci\u00e9n casados\u201d. Fueron Carolina Cambronero y David Ram\u00edrez de la FAF de Costa Rica quienes ayudaron a implementar esto con el asesoramiento del Padre Jos\u00e9 Luis Correa.<\/p>\n<h2>Confederaci\u00f3n Apost\u00f3lica Universal<\/h2>\n<p>Tambi\u00e9n se pudo conocer m\u00e1s sobre Schoenstatt en salida: CAU externa por medio de Elizabeth y Alejandro Robles de la FAF de Costa Rica. En el taller \u201cFormaci\u00f3n del l\u00edder schoenstattiano\u201d se tuvo la particularidad de que se pudo escuchar al propio Padre Fundador dando una parte de la charla por medio de la tecnolog\u00eda, este estuvo a cargo de Lorena y Walter Esp\u00edndola, Nuria y Fernando Guirado, miembros de Liga de Argentina. Adem\u00e1s del panel \u201cLos laicos fundando y conduciendo Schoenstatt\u201d que presentaron Lourdes y Manrique Gutierrez de Costa Rica.<\/p>\n<p>La \u00faltima parte de los talleres se denominaron \u201cLeading to love (Liderazgo para el amor) y fue presentado por Maria Luisa y Ra\u00fal Robles del Instituto de Familias. \u201cUna mirada a los problemas sociales\u201d, el taller estuvo a cargo de Adela Cifuentes y Gonzalo Dur\u00e1n &#8211; FAF Chile y \u201cUn solo Schoenstatt, un solo coraz\u00f3n: CAU interna -COF\u201d.<\/p>\n<p>Fuente: <a href=\"https:\/\/ciofparaguay.com\/\">CIOF Paraguay<\/a><\/p>\n","protected":false},"excerpt":{"rendered":"<p>Con interesantes talleres que trataron temas como adicciones, v\u00ednculos en la familia, la tecnolog\u00eda, educar  a los hijos en la fe y el feminismo se dio inicio a la jornada del viernes en el Hotel Sheraton de Asunci\u00f3n.<\/p>\n","protected":false},"author":1,"featured_media":30478,"comment_status":"closed","ping_status":"closed","sticky":false,"template":"","format":"standard","meta":{"footnotes":""},"categories":[630,877],"tags":[],"class_list":["post-30469","post","type-post","status-publish","format-standard","has-post-thumbnail","hentry","category-eventos-es","category-familia-es"],"yoast_head":"<!-- This site is optimized with the Yoast SEO Premium plugin v27.4 (Yoast SEO v27.4) - https:\/\/yoast.com\/product\/yoast-seo-premium-wordpress\/ -->\n<title>Un solo coraz\u00f3n, un solo Schoenstatt - Schoenstatt<\/title>\n<meta name=\"description\" content=\"M\u00e1s de 300 personas llegaron a Paraguay para el Congreso Internacional de Familias para compartir sobre los temas actuales de las familias\" \/>\n<meta name=\"robots\" content=\"index, follow, max-snippet:-1, max-image-preview:large, max-video-preview:-1\" \/>\n<link rel=\"canonical\" href=\"https:\/\/schoenstatt.com\/es\/un-solo-corazon-un-solo-schoenstatt\/\" \/>\n<meta property=\"og:locale\" content=\"es_ES\" \/>\n<meta property=\"og:type\" content=\"article\" \/>\n<meta property=\"og:title\" content=\"Un solo coraz\u00f3n, un solo Schoenstatt\" \/>\n<meta property=\"og:description\" content=\"M\u00e1s de 300 personas llegaron a Paraguay para el Congreso Internacional de Familias para compartir sobre los temas actuales de las familias\" \/>\n<meta property=\"og:url\" content=\"https:\/\/schoenstatt.com\/es\/un-solo-corazon-un-solo-schoenstatt\/\" \/>\n<meta property=\"og:site_name\" content=\"Schoenstatt\" \/>\n<meta property=\"article:published_time\" content=\"2023-05-07T13:50:48+00:00\" \/>\n<meta property=\"article:modified_time\" content=\"2025-05-15T00:06:31+00:00\" \/>\n<meta property=\"og:image\" content=\"https:\/\/schoenstatt.com\/wp-content\/uploads\/2023\/05\/CIOF-Apertura-del-Congreso-1.jpeg\" \/>\n\t<meta property=\"og:image:width\" content=\"1600\" \/>\n\t<meta property=\"og:image:height\" content=\"1200\" \/>\n\t<meta property=\"og:image:type\" content=\"image\/jpeg\" \/>\n<meta name=\"author\" content=\"admin\" \/>\n<meta name=\"twitter:card\" content=\"summary_large_image\" \/>\n<meta name=\"twitter:label1\" content=\"Escrito por\" \/>\n\t<meta name=\"twitter:data1\" content=\"admin\" \/>\n\t<meta name=\"twitter:label2\" content=\"Tiempo de lectura\" \/>\n\t<meta name=\"twitter:data2\" content=\"5 minutos\" \/>\n<script type=\"application\/ld+json\" class=\"yoast-schema-graph\">{\"@context\":\"https:\\\/\\\/schema.org\",\"@graph\":[{\"@type\":\"Article\",\"@id\":\"https:\\\/\\\/schoenstatt.com\\\/es\\\/un-solo-corazon-un-solo-schoenstatt\\\/#article\",\"isPartOf\":{\"@id\":\"https:\\\/\\\/schoenstatt.com\\\/es\\\/un-solo-corazon-un-solo-schoenstatt\\\/\"},\"author\":{\"name\":\"admin\",\"@id\":\"https:\\\/\\\/schoenstatt.com\\\/es\\\/#\\\/schema\\\/person\\\/489465b1850e7b216fe2c10dfc262551\"},\"headline\":\"Un solo coraz\u00f3n, un solo Schoenstatt\",\"datePublished\":\"2023-05-07T13:50:48+00:00\",\"dateModified\":\"2025-05-15T00:06:31+00:00\",\"mainEntityOfPage\":{\"@id\":\"https:\\\/\\\/schoenstatt.com\\\/es\\\/un-solo-corazon-un-solo-schoenstatt\\\/\"},\"wordCount\":1147,\"publisher\":{\"@id\":\"https:\\\/\\\/schoenstatt.com\\\/es\\\/#organization\"},\"image\":{\"@id\":\"https:\\\/\\\/schoenstatt.com\\\/es\\\/un-solo-corazon-un-solo-schoenstatt\\\/#primaryimage\"},\"thumbnailUrl\":\"https:\\\/\\\/schoenstatt.com\\\/wp-content\\\/uploads\\\/2023\\\/05\\\/CIOF-Apertura-del-Congreso-1.jpeg\",\"articleSection\":[\"Eventos\",\"Familia\"],\"inLanguage\":\"es\"},{\"@type\":\"WebPage\",\"@id\":\"https:\\\/\\\/schoenstatt.com\\\/es\\\/un-solo-corazon-un-solo-schoenstatt\\\/\",\"url\":\"https:\\\/\\\/schoenstatt.com\\\/es\\\/un-solo-corazon-un-solo-schoenstatt\\\/\",\"name\":\"Un solo coraz\u00f3n, un solo Schoenstatt - Schoenstatt\",\"isPartOf\":{\"@id\":\"https:\\\/\\\/schoenstatt.com\\\/es\\\/#website\"},\"primaryImageOfPage\":{\"@id\":\"https:\\\/\\\/schoenstatt.com\\\/es\\\/un-solo-corazon-un-solo-schoenstatt\\\/#primaryimage\"},\"image\":{\"@id\":\"https:\\\/\\\/schoenstatt.com\\\/es\\\/un-solo-corazon-un-solo-schoenstatt\\\/#primaryimage\"},\"thumbnailUrl\":\"https:\\\/\\\/schoenstatt.com\\\/wp-content\\\/uploads\\\/2023\\\/05\\\/CIOF-Apertura-del-Congreso-1.jpeg\",\"datePublished\":\"2023-05-07T13:50:48+00:00\",\"dateModified\":\"2025-05-15T00:06:31+00:00\",\"description\":\"M\u00e1s de 300 personas llegaron a Paraguay para el Congreso Internacional de Familias para compartir sobre los temas actuales de las familias\",\"breadcrumb\":{\"@id\":\"https:\\\/\\\/schoenstatt.com\\\/es\\\/un-solo-corazon-un-solo-schoenstatt\\\/#breadcrumb\"},\"inLanguage\":\"es\",\"potentialAction\":[{\"@type\":\"ReadAction\",\"target\":[\"https:\\\/\\\/schoenstatt.com\\\/es\\\/un-solo-corazon-un-solo-schoenstatt\\\/\"]}]},{\"@type\":\"ImageObject\",\"inLanguage\":\"es\",\"@id\":\"https:\\\/\\\/schoenstatt.com\\\/es\\\/un-solo-corazon-un-solo-schoenstatt\\\/#primaryimage\",\"url\":\"https:\\\/\\\/schoenstatt.com\\\/wp-content\\\/uploads\\\/2023\\\/05\\\/CIOF-Apertura-del-Congreso-1.jpeg\",\"contentUrl\":\"https:\\\/\\\/schoenstatt.com\\\/wp-content\\\/uploads\\\/2023\\\/05\\\/CIOF-Apertura-del-Congreso-1.jpeg\",\"width\":1600,\"height\":1200,\"caption\":\"Santa misa de apertura del Congreso\"},{\"@type\":\"BreadcrumbList\",\"@id\":\"https:\\\/\\\/schoenstatt.com\\\/es\\\/un-solo-corazon-un-solo-schoenstatt\\\/#breadcrumb\",\"itemListElement\":[{\"@type\":\"ListItem\",\"position\":1,\"name\":\"Portada\",\"item\":\"https:\\\/\\\/schoenstatt.com\\\/es\\\/home\\\/\"},{\"@type\":\"ListItem\",\"position\":2,\"name\":\"Un solo coraz\u00f3n, un solo Schoenstatt\"}]},{\"@type\":\"WebSite\",\"@id\":\"https:\\\/\\\/schoenstatt.com\\\/es\\\/#website\",\"url\":\"https:\\\/\\\/schoenstatt.com\\\/es\\\/\",\"name\":\"Schoenstatt\",\"description\":\"Apostolic Movement\",\"publisher\":{\"@id\":\"https:\\\/\\\/schoenstatt.com\\\/es\\\/#organization\"},\"potentialAction\":[{\"@type\":\"SearchAction\",\"target\":{\"@type\":\"EntryPoint\",\"urlTemplate\":\"https:\\\/\\\/schoenstatt.com\\\/es\\\/?s={search_term_string}\"},\"query-input\":{\"@type\":\"PropertyValueSpecification\",\"valueRequired\":true,\"valueName\":\"search_term_string\"}}],\"inLanguage\":\"es\"},{\"@type\":\"Organization\",\"@id\":\"https:\\\/\\\/schoenstatt.com\\\/es\\\/#organization\",\"name\":\"Schoenstatt\",\"url\":\"https:\\\/\\\/schoenstatt.com\\\/es\\\/\",\"logo\":{\"@type\":\"ImageObject\",\"inLanguage\":\"es\",\"@id\":\"https:\\\/\\\/schoenstatt.com\\\/es\\\/#\\\/schema\\\/logo\\\/image\\\/\",\"url\":\"https:\\\/\\\/schoenstatt.com\\\/wp-content\\\/uploads\\\/2025\\\/04\\\/logo-schoenstatt-white-696x696-1.png\",\"contentUrl\":\"https:\\\/\\\/schoenstatt.com\\\/wp-content\\\/uploads\\\/2025\\\/04\\\/logo-schoenstatt-white-696x696-1.png\",\"width\":696,\"height\":694,\"caption\":\"Schoenstatt\"},\"image\":{\"@id\":\"https:\\\/\\\/schoenstatt.com\\\/es\\\/#\\\/schema\\\/logo\\\/image\\\/\"}},{\"@type\":\"Person\",\"@id\":\"https:\\\/\\\/schoenstatt.com\\\/es\\\/#\\\/schema\\\/person\\\/489465b1850e7b216fe2c10dfc262551\",\"name\":\"admin\",\"image\":{\"@type\":\"ImageObject\",\"inLanguage\":\"es\",\"@id\":\"https:\\\/\\\/secure.gravatar.com\\\/avatar\\\/02e8345e1ec40ab0e0a2a98fdde64a684bbaf994cddcb778b25b8b024ee9dfe6?s=96&d=mm&r=g\",\"url\":\"https:\\\/\\\/secure.gravatar.com\\\/avatar\\\/02e8345e1ec40ab0e0a2a98fdde64a684bbaf994cddcb778b25b8b024ee9dfe6?s=96&d=mm&r=g\",\"contentUrl\":\"https:\\\/\\\/secure.gravatar.com\\\/avatar\\\/02e8345e1ec40ab0e0a2a98fdde64a684bbaf994cddcb778b25b8b024ee9dfe6?s=96&d=mm&r=g\",\"caption\":\"admin\"},\"sameAs\":[\"https:\\\/\\\/schoenstatt.com\"],\"url\":\"https:\\\/\\\/schoenstatt.com\\\/es\\\/author\\\/admin\\\/\"}]}<\/script>\n<!-- \/ Yoast SEO Premium plugin. -->","yoast_head_json":{"title":"Un solo coraz\u00f3n, un solo Schoenstatt - Schoenstatt","description":"M\u00e1s de 300 personas llegaron a Paraguay para el Congreso Internacional de Familias para compartir sobre los temas actuales de las familias","robots":{"index":"index","follow":"follow","max-snippet":"max-snippet:-1","max-image-preview":"max-image-preview:large","max-video-preview":"max-video-preview:-1"},"canonical":"https:\/\/schoenstatt.com\/es\/un-solo-corazon-un-solo-schoenstatt\/","og_locale":"es_ES","og_type":"article","og_title":"Un solo coraz\u00f3n, un solo Schoenstatt","og_description":"M\u00e1s de 300 personas llegaron a Paraguay para el Congreso Internacional de Familias para compartir sobre los temas actuales de las familias","og_url":"https:\/\/schoenstatt.com\/es\/un-solo-corazon-un-solo-schoenstatt\/","og_site_name":"Schoenstatt","article_published_time":"2023-05-07T13:50:48+00:00","article_modified_time":"2025-05-15T00:06:31+00:00","og_image":[{"width":1600,"height":1200,"url":"https:\/\/schoenstatt.com\/wp-content\/uploads\/2023\/05\/CIOF-Apertura-del-Congreso-1.jpeg","type":"image\/jpeg"}],"author":"admin","twitter_card":"summary_large_image","twitter_misc":{"Escrito por":"admin","Tiempo de lectura":"5 minutos"},"schema":{"@context":"https:\/\/schema.org","@graph":[{"@type":"Article","@id":"https:\/\/schoenstatt.com\/es\/un-solo-corazon-un-solo-schoenstatt\/#article","isPartOf":{"@id":"https:\/\/schoenstatt.com\/es\/un-solo-corazon-un-solo-schoenstatt\/"},"author":{"name":"admin","@id":"https:\/\/schoenstatt.com\/es\/#\/schema\/person\/489465b1850e7b216fe2c10dfc262551"},"headline":"Un solo coraz\u00f3n, un solo Schoenstatt","datePublished":"2023-05-07T13:50:48+00:00","dateModified":"2025-05-15T00:06:31+00:00","mainEntityOfPage":{"@id":"https:\/\/schoenstatt.com\/es\/un-solo-corazon-un-solo-schoenstatt\/"},"wordCount":1147,"publisher":{"@id":"https:\/\/schoenstatt.com\/es\/#organization"},"image":{"@id":"https:\/\/schoenstatt.com\/es\/un-solo-corazon-un-solo-schoenstatt\/#primaryimage"},"thumbnailUrl":"https:\/\/schoenstatt.com\/wp-content\/uploads\/2023\/05\/CIOF-Apertura-del-Congreso-1.jpeg","articleSection":["Eventos","Familia"],"inLanguage":"es"},{"@type":"WebPage","@id":"https:\/\/schoenstatt.com\/es\/un-solo-corazon-un-solo-schoenstatt\/","url":"https:\/\/schoenstatt.com\/es\/un-solo-corazon-un-solo-schoenstatt\/","name":"Un solo coraz\u00f3n, un solo Schoenstatt - Schoenstatt","isPartOf":{"@id":"https:\/\/schoenstatt.com\/es\/#website"},"primaryImageOfPage":{"@id":"https:\/\/schoenstatt.com\/es\/un-solo-corazon-un-solo-schoenstatt\/#primaryimage"},"image":{"@id":"https:\/\/schoenstatt.com\/es\/un-solo-corazon-un-solo-schoenstatt\/#primaryimage"},"thumbnailUrl":"https:\/\/schoenstatt.com\/wp-content\/uploads\/2023\/05\/CIOF-Apertura-del-Congreso-1.jpeg","datePublished":"2023-05-07T13:50:48+00:00","dateModified":"2025-05-15T00:06:31+00:00","description":"M\u00e1s de 300 personas llegaron a Paraguay para el Congreso Internacional de Familias para compartir sobre los temas actuales de las familias","breadcrumb":{"@id":"https:\/\/schoenstatt.com\/es\/un-solo-corazon-un-solo-schoenstatt\/#breadcrumb"},"inLanguage":"es","potentialAction":[{"@type":"ReadAction","target":["https:\/\/schoenstatt.com\/es\/un-solo-corazon-un-solo-schoenstatt\/"]}]},{"@type":"ImageObject","inLanguage":"es","@id":"https:\/\/schoenstatt.com\/es\/un-solo-corazon-un-solo-schoenstatt\/#primaryimage","url":"https:\/\/schoenstatt.com\/wp-content\/uploads\/2023\/05\/CIOF-Apertura-del-Congreso-1.jpeg","contentUrl":"https:\/\/schoenstatt.com\/wp-content\/uploads\/2023\/05\/CIOF-Apertura-del-Congreso-1.jpeg","width":1600,"height":1200,"caption":"Santa misa de apertura del Congreso"},{"@type":"BreadcrumbList","@id":"https:\/\/schoenstatt.com\/es\/un-solo-corazon-un-solo-schoenstatt\/#breadcrumb","itemListElement":[{"@type":"ListItem","position":1,"name":"Portada","item":"https:\/\/schoenstatt.com\/es\/home\/"},{"@type":"ListItem","position":2,"name":"Un solo coraz\u00f3n, un solo Schoenstatt"}]},{"@type":"WebSite","@id":"https:\/\/schoenstatt.com\/es\/#website","url":"https:\/\/schoenstatt.com\/es\/","name":"Schoenstatt","description":"Apostolic Movement","publisher":{"@id":"https:\/\/schoenstatt.com\/es\/#organization"},"potentialAction":[{"@type":"SearchAction","target":{"@type":"EntryPoint","urlTemplate":"https:\/\/schoenstatt.com\/es\/?s={search_term_string}"},"query-input":{"@type":"PropertyValueSpecification","valueRequired":true,"valueName":"search_term_string"}}],"inLanguage":"es"},{"@type":"Organization","@id":"https:\/\/schoenstatt.com\/es\/#organization","name":"Schoenstatt","url":"https:\/\/schoenstatt.com\/es\/","logo":{"@type":"ImageObject","inLanguage":"es","@id":"https:\/\/schoenstatt.com\/es\/#\/schema\/logo\/image\/","url":"https:\/\/schoenstatt.com\/wp-content\/uploads\/2025\/04\/logo-schoenstatt-white-696x696-1.png","contentUrl":"https:\/\/schoenstatt.com\/wp-content\/uploads\/2025\/04\/logo-schoenstatt-white-696x696-1.png","width":696,"height":694,"caption":"Schoenstatt"},"image":{"@id":"https:\/\/schoenstatt.com\/es\/#\/schema\/logo\/image\/"}},{"@type":"Person","@id":"https:\/\/schoenstatt.com\/es\/#\/schema\/person\/489465b1850e7b216fe2c10dfc262551","name":"admin","image":{"@type":"ImageObject","inLanguage":"es","@id":"https:\/\/secure.gravatar.com\/avatar\/02e8345e1ec40ab0e0a2a98fdde64a684bbaf994cddcb778b25b8b024ee9dfe6?s=96&d=mm&r=g","url":"https:\/\/secure.gravatar.com\/avatar\/02e8345e1ec40ab0e0a2a98fdde64a684bbaf994cddcb778b25b8b024ee9dfe6?s=96&d=mm&r=g","contentUrl":"https:\/\/secure.gravatar.com\/avatar\/02e8345e1ec40ab0e0a2a98fdde64a684bbaf994cddcb778b25b8b024ee9dfe6?s=96&d=mm&r=g","caption":"admin"},"sameAs":["https:\/\/schoenstatt.com"],"url":"https:\/\/schoenstatt.com\/es\/author\/admin\/"}]}},"_links":{"self":[{"href":"https:\/\/schoenstatt.com\/es\/wp-json\/wp\/v2\/posts\/30469","targetHints":{"allow":["GET"]}}],"collection":[{"href":"https:\/\/schoenstatt.com\/es\/wp-json\/wp\/v2\/posts"}],"about":[{"href":"https:\/\/schoenstatt.com\/es\/wp-json\/wp\/v2\/types\/post"}],"author":[{"embeddable":true,"href":"https:\/\/schoenstatt.com\/es\/wp-json\/wp\/v2\/users\/1"}],"replies":[{"embeddable":true,"href":"https:\/\/schoenstatt.com\/es\/wp-json\/wp\/v2\/comments?post=30469"}],"version-history":[{"count":1,"href":"https:\/\/schoenstatt.com\/es\/wp-json\/wp\/v2\/posts\/30469\/revisions"}],"predecessor-version":[{"id":46004,"href":"https:\/\/schoenstatt.com\/es\/wp-json\/wp\/v2\/posts\/30469\/revisions\/46004"}],"wp:featuredmedia":[{"embeddable":true,"href":"https:\/\/schoenstatt.com\/es\/wp-json\/wp\/v2\/media\/30478"}],"wp:attachment":[{"href":"https:\/\/schoenstatt.com\/es\/wp-json\/wp\/v2\/media?parent=30469"}],"wp:term":[{"taxonomy":"category","embeddable":true,"href":"https:\/\/schoenstatt.com\/es\/wp-json\/wp\/v2\/categories?post=30469"},{"taxonomy":"post_tag","embeddable":true,"href":"https:\/\/schoenstatt.com\/es\/wp-json\/wp\/v2\/tags?post=30469"}],"curies":[{"name":"wp","href":"https:\/\/api.w.org\/{rel}","templated":true}]}}