{"id":30427,"date":"2023-05-08T18:00:48","date_gmt":"2023-05-08T16:00:48","guid":{"rendered":"https:\/\/schoenstatt.com\/?p=30427"},"modified":"2025-05-15T02:06:30","modified_gmt":"2025-05-15T00:06:30","slug":"velada-de-oracion-por-europa-desde-el-congreso-internacional-de-familias-en-austria","status":"publish","type":"post","link":"https:\/\/schoenstatt.com\/es\/velada-de-oracion-por-europa-desde-el-congreso-internacional-de-familias-en-austria\/","title":{"rendered":"Velada de oraci\u00f3n por Europa desde el Congreso Internacional de Familias en Austria"},"content":{"rendered":"<p>En el marco del Congreso Internacional de Familias en Austria, el s\u00e1bado 29 de abril tuvo lugar una velada de oraci\u00f3n por Europa. Este momento fue transmitido en directo en el canal de <a href=\"https:\/\/www.youtube.com\/watch?v=FtUgELiJU9c\">YouTube<\/a> de Schoenstatt Austria. El Congreso fue organizado por la Obra de Familias de Schoenstatt y tuvo lugar del 28 de abril al 1ro. de mayo en el Centro de <a href=\"https:\/\/schoenstatt.com\/es\/familia\/oracion-en-preparacion-para-el-congreso-de-familias\/\">Schoenstatt<\/a> de Kahlenberg en Viena, Austria.<\/p>\n<p>La noche de oraci\u00f3n fue preparada por la Obra Familiar alemana. Con ella &#8211; este es el deseo &#8211; se extender\u00e1 por toda Europa una red de bendiciones en varios idiomas, de Santuario Hogar a Santuario Hogar. La reflexi\u00f3n del director del Movimiento de Schoenstatt en Alemania, Padre Ludwig G\u00fcthlein, ISch, se centr\u00f3 en el carisma del matrimonio y la familia.<\/p>\n<h3>Encender una luz de esperanza y de paz<\/h3>\n<p>\u00abLas familias que deseen participar en esta celebraci\u00f3n est\u00e1n cordialmente invitadas a encender tambi\u00e9n esta noche una luz de esperanza y paz en su hogar\u00bb, expres\u00f3 la Hna. M. Veronika Riechel, asesora de la Liga de Familias de Schoenstatt en Alemania, con motivo del evento. De este modo, matrimonios de diversos pa\u00edses pudieron unirse al Congreso, aunque estuvieran lejos. Este momento de oraci\u00f3n quiso ser una hora de alianza a nivel europeo, en la que Jesucristo brille como luz de la vida y centro del sacramento del matrimonio.<\/p>\n<p>Se rez\u00f3 especialmente por las familias en guerra y en fuga, por los matrimonios j\u00f3venes, por los ni\u00f1os, por los padres que tienen responsabilidades en la familia y en el trabajo, por los matrimonios que tienen que afrontar situaciones dolorosas y por los matrimonios sumidos en crisis matrimoniales. Tambi\u00e9n se rez\u00f3 por la gracia de la fidelidad y por una fe viva que haga de la familia el primer lugar de transmisi\u00f3n de la fe.<\/p>\n<p>Tambi\u00e9n se rez\u00f3 por la protecci\u00f3n de la vida en todas sus fases. Conscientes de la importancia de la familia para la Iglesia, se pidi\u00f3 especialmente que Mar\u00eda se hiciera presente en muchos Santuarios del Hogar con las gracias de cobijamiento, transformaci\u00f3n interior y env\u00edo apost\u00f3lico, y que encendiera un nuevo ardor apost\u00f3lico en muchos matrimonios para que puedan servir a la Iglesia en los momentos de dificultad.<\/p>\n<p>Ver en <a href=\"https:\/\/www.youtube.com\/watch?v=FtUgELiJU9c\">YouTube<\/a><\/p>\n","protected":false},"excerpt":{"rendered":"<p>En el marco del Congreso Internacional de Familias de Europa, en Austria, el s\u00e1bado 29 de abril tuvo lugar una velada de oraci\u00f3n por Europa. Se or\u00f3 con esperanza por un resurgimiento de los valores de la familia en Europa<\/p>\n","protected":false},"author":3,"featured_media":30398,"comment_status":"closed","ping_status":"closed","sticky":false,"template":"","format":"standard","meta":{"footnotes":""},"categories":[630,877],"tags":[],"class_list":["post-30427","post","type-post","status-publish","format-standard","has-post-thumbnail","hentry","category-eventos-es","category-familia-es"],"yoast_head":"<!-- This site is optimized with the Yoast SEO Premium plugin v27.4 (Yoast SEO v27.5) - https:\/\/yoast.com\/product\/yoast-seo-premium-wordpress\/ -->\n<title>Velada de oraci\u00f3n por Europa desde el Congreso Internacional de Familias en Austria -<\/title>\n<meta name=\"description\" content=\"Las familias reunidas en el Congreso Internacional de Familias de Europa, en Austria, tuvieron una velada de oraci\u00f3n.\" \/>\n<meta name=\"robots\" content=\"index, follow, max-snippet:-1, max-image-preview:large, max-video-preview:-1\" \/>\n<link rel=\"canonical\" href=\"https:\/\/schoenstatt.com\/es\/velada-de-oracion-por-europa-desde-el-congreso-internacional-de-familias-en-austria\/\" \/>\n<meta property=\"og:locale\" content=\"es_ES\" \/>\n<meta property=\"og:type\" content=\"article\" \/>\n<meta property=\"og:title\" content=\"Velada de oraci\u00f3n por Europa desde el Congreso Internacional de Familias en Austria\" \/>\n<meta property=\"og:description\" content=\"Las familias reunidas en el Congreso Internacional de Familias de Europa, en Austria, tuvieron una velada de oraci\u00f3n.\" \/>\n<meta property=\"og:url\" content=\"https:\/\/schoenstatt.com\/es\/velada-de-oracion-por-europa-desde-el-congreso-internacional-de-familias-en-austria\/\" \/>\n<meta property=\"og:site_name\" content=\"Schoenstatt\" \/>\n<meta property=\"article:published_time\" content=\"2023-05-08T16:00:48+00:00\" \/>\n<meta property=\"article:modified_time\" content=\"2025-05-15T00:06:30+00:00\" \/>\n<meta property=\"og:image\" content=\"https:\/\/schoenstatt.com\/wp-content\/uploads\/2023\/05\/20230460EuropaeischerFamilienkongress_KerzeLicht-1.jpg\" \/>\n\t<meta property=\"og:image:width\" content=\"680\" \/>\n\t<meta property=\"og:image:height\" content=\"340\" \/>\n\t<meta property=\"og:image:type\" content=\"image\/jpeg\" \/>\n<meta name=\"author\" content=\"Karen Bueno\" \/>\n<meta name=\"twitter:card\" content=\"summary_large_image\" \/>\n<meta name=\"twitter:label1\" content=\"Escrito por\" \/>\n\t<meta name=\"twitter:data1\" content=\"Karen Bueno\" \/>\n\t<meta name=\"twitter:label2\" content=\"Tiempo de lectura\" \/>\n\t<meta name=\"twitter:data2\" content=\"2 minutos\" \/>\n<script type=\"application\/ld+json\" class=\"yoast-schema-graph\">{\"@context\":\"https:\\\/\\\/schema.org\",\"@graph\":[{\"@type\":\"Article\",\"@id\":\"https:\\\/\\\/schoenstatt.com\\\/es\\\/velada-de-oracion-por-europa-desde-el-congreso-internacional-de-familias-en-austria\\\/#article\",\"isPartOf\":{\"@id\":\"https:\\\/\\\/schoenstatt.com\\\/es\\\/velada-de-oracion-por-europa-desde-el-congreso-internacional-de-familias-en-austria\\\/\"},\"author\":{\"name\":\"Karen Bueno\",\"@id\":\"https:\\\/\\\/schoenstatt.com\\\/es\\\/#\\\/schema\\\/person\\\/5158877ad4acae98b34daaeef2a1ce6e\"},\"headline\":\"Velada de oraci\u00f3n por Europa desde el Congreso Internacional de Familias en Austria\",\"datePublished\":\"2023-05-08T16:00:48+00:00\",\"dateModified\":\"2025-05-15T00:06:30+00:00\",\"mainEntityOfPage\":{\"@id\":\"https:\\\/\\\/schoenstatt.com\\\/es\\\/velada-de-oracion-por-europa-desde-el-congreso-internacional-de-familias-en-austria\\\/\"},\"wordCount\":405,\"publisher\":{\"@id\":\"https:\\\/\\\/schoenstatt.com\\\/es\\\/#organization\"},\"image\":{\"@id\":\"https:\\\/\\\/schoenstatt.com\\\/es\\\/velada-de-oracion-por-europa-desde-el-congreso-internacional-de-familias-en-austria\\\/#primaryimage\"},\"thumbnailUrl\":\"https:\\\/\\\/schoenstatt.com\\\/wp-content\\\/uploads\\\/2023\\\/05\\\/20230460EuropaeischerFamilienkongress_KerzeLicht-1.jpg\",\"articleSection\":[\"Eventos\",\"Familia\"],\"inLanguage\":\"es\"},{\"@type\":\"WebPage\",\"@id\":\"https:\\\/\\\/schoenstatt.com\\\/es\\\/velada-de-oracion-por-europa-desde-el-congreso-internacional-de-familias-en-austria\\\/\",\"url\":\"https:\\\/\\\/schoenstatt.com\\\/es\\\/velada-de-oracion-por-europa-desde-el-congreso-internacional-de-familias-en-austria\\\/\",\"name\":\"Velada de oraci\u00f3n por Europa desde el Congreso Internacional de Familias en Austria -\",\"isPartOf\":{\"@id\":\"https:\\\/\\\/schoenstatt.com\\\/es\\\/#website\"},\"primaryImageOfPage\":{\"@id\":\"https:\\\/\\\/schoenstatt.com\\\/es\\\/velada-de-oracion-por-europa-desde-el-congreso-internacional-de-familias-en-austria\\\/#primaryimage\"},\"image\":{\"@id\":\"https:\\\/\\\/schoenstatt.com\\\/es\\\/velada-de-oracion-por-europa-desde-el-congreso-internacional-de-familias-en-austria\\\/#primaryimage\"},\"thumbnailUrl\":\"https:\\\/\\\/schoenstatt.com\\\/wp-content\\\/uploads\\\/2023\\\/05\\\/20230460EuropaeischerFamilienkongress_KerzeLicht-1.jpg\",\"datePublished\":\"2023-05-08T16:00:48+00:00\",\"dateModified\":\"2025-05-15T00:06:30+00:00\",\"description\":\"Las familias reunidas en el Congreso Internacional de Familias de Europa, en Austria, tuvieron una velada de oraci\u00f3n.\",\"breadcrumb\":{\"@id\":\"https:\\\/\\\/schoenstatt.com\\\/es\\\/velada-de-oracion-por-europa-desde-el-congreso-internacional-de-familias-en-austria\\\/#breadcrumb\"},\"inLanguage\":\"es\",\"potentialAction\":[{\"@type\":\"ReadAction\",\"target\":[\"https:\\\/\\\/schoenstatt.com\\\/es\\\/velada-de-oracion-por-europa-desde-el-congreso-internacional-de-familias-en-austria\\\/\"]}]},{\"@type\":\"ImageObject\",\"inLanguage\":\"es\",\"@id\":\"https:\\\/\\\/schoenstatt.com\\\/es\\\/velada-de-oracion-por-europa-desde-el-congreso-internacional-de-familias-en-austria\\\/#primaryimage\",\"url\":\"https:\\\/\\\/schoenstatt.com\\\/wp-content\\\/uploads\\\/2023\\\/05\\\/20230460EuropaeischerFamilienkongress_KerzeLicht-1.jpg\",\"contentUrl\":\"https:\\\/\\\/schoenstatt.com\\\/wp-content\\\/uploads\\\/2023\\\/05\\\/20230460EuropaeischerFamilienkongress_KerzeLicht-1.jpg\",\"width\":680,\"height\":340,\"caption\":\"familien beten\"},{\"@type\":\"BreadcrumbList\",\"@id\":\"https:\\\/\\\/schoenstatt.com\\\/es\\\/velada-de-oracion-por-europa-desde-el-congreso-internacional-de-familias-en-austria\\\/#breadcrumb\",\"itemListElement\":[{\"@type\":\"ListItem\",\"position\":1,\"name\":\"Portada\",\"item\":\"https:\\\/\\\/schoenstatt.com\\\/es\\\/home\\\/\"},{\"@type\":\"ListItem\",\"position\":2,\"name\":\"Velada de oraci\u00f3n por Europa desde el Congreso Internacional de Familias en Austria\"}]},{\"@type\":\"WebSite\",\"@id\":\"https:\\\/\\\/schoenstatt.com\\\/es\\\/#website\",\"url\":\"https:\\\/\\\/schoenstatt.com\\\/es\\\/\",\"name\":\"Schoenstatt\",\"description\":\"Apostolic Movement\",\"publisher\":{\"@id\":\"https:\\\/\\\/schoenstatt.com\\\/es\\\/#organization\"},\"potentialAction\":[{\"@type\":\"SearchAction\",\"target\":{\"@type\":\"EntryPoint\",\"urlTemplate\":\"https:\\\/\\\/schoenstatt.com\\\/es\\\/?s={search_term_string}\"},\"query-input\":{\"@type\":\"PropertyValueSpecification\",\"valueRequired\":true,\"valueName\":\"search_term_string\"}}],\"inLanguage\":\"es\"},{\"@type\":\"Organization\",\"@id\":\"https:\\\/\\\/schoenstatt.com\\\/es\\\/#organization\",\"name\":\"Schoenstatt\",\"url\":\"https:\\\/\\\/schoenstatt.com\\\/es\\\/\",\"logo\":{\"@type\":\"ImageObject\",\"inLanguage\":\"es\",\"@id\":\"https:\\\/\\\/schoenstatt.com\\\/es\\\/#\\\/schema\\\/logo\\\/image\\\/\",\"url\":\"https:\\\/\\\/schoenstatt.com\\\/wp-content\\\/uploads\\\/2025\\\/04\\\/logo-schoenstatt-white-696x696-1.png\",\"contentUrl\":\"https:\\\/\\\/schoenstatt.com\\\/wp-content\\\/uploads\\\/2025\\\/04\\\/logo-schoenstatt-white-696x696-1.png\",\"width\":696,\"height\":694,\"caption\":\"Schoenstatt\"},\"image\":{\"@id\":\"https:\\\/\\\/schoenstatt.com\\\/es\\\/#\\\/schema\\\/logo\\\/image\\\/\"}},{\"@type\":\"Person\",\"@id\":\"https:\\\/\\\/schoenstatt.com\\\/es\\\/#\\\/schema\\\/person\\\/5158877ad4acae98b34daaeef2a1ce6e\",\"name\":\"Karen Bueno\",\"image\":{\"@type\":\"ImageObject\",\"inLanguage\":\"es\",\"@id\":\"https:\\\/\\\/secure.gravatar.com\\\/avatar\\\/f9f4b823873154269d2b2130f195f6d41037dd0d7fc5f3cacb5c846bae70d66b?s=96&d=mm&r=g\",\"url\":\"https:\\\/\\\/secure.gravatar.com\\\/avatar\\\/f9f4b823873154269d2b2130f195f6d41037dd0d7fc5f3cacb5c846bae70d66b?s=96&d=mm&r=g\",\"contentUrl\":\"https:\\\/\\\/secure.gravatar.com\\\/avatar\\\/f9f4b823873154269d2b2130f195f6d41037dd0d7fc5f3cacb5c846bae70d66b?s=96&d=mm&r=g\",\"caption\":\"Karen Bueno\"},\"url\":\"https:\\\/\\\/schoenstatt.com\\\/es\\\/author\\\/karen-bueno\\\/\"}]}<\/script>\n<!-- \/ Yoast SEO Premium plugin. -->","yoast_head_json":{"title":"Velada de oraci\u00f3n por Europa desde el Congreso Internacional de Familias en Austria -","description":"Las familias reunidas en el Congreso Internacional de Familias de Europa, en Austria, tuvieron una velada de oraci\u00f3n.","robots":{"index":"index","follow":"follow","max-snippet":"max-snippet:-1","max-image-preview":"max-image-preview:large","max-video-preview":"max-video-preview:-1"},"canonical":"https:\/\/schoenstatt.com\/es\/velada-de-oracion-por-europa-desde-el-congreso-internacional-de-familias-en-austria\/","og_locale":"es_ES","og_type":"article","og_title":"Velada de oraci\u00f3n por Europa desde el Congreso Internacional de Familias en Austria","og_description":"Las familias reunidas en el Congreso Internacional de Familias de Europa, en Austria, tuvieron una velada de oraci\u00f3n.","og_url":"https:\/\/schoenstatt.com\/es\/velada-de-oracion-por-europa-desde-el-congreso-internacional-de-familias-en-austria\/","og_site_name":"Schoenstatt","article_published_time":"2023-05-08T16:00:48+00:00","article_modified_time":"2025-05-15T00:06:30+00:00","og_image":[{"width":680,"height":340,"url":"https:\/\/schoenstatt.com\/wp-content\/uploads\/2023\/05\/20230460EuropaeischerFamilienkongress_KerzeLicht-1.jpg","type":"image\/jpeg"}],"author":"Karen Bueno","twitter_card":"summary_large_image","twitter_misc":{"Escrito por":"Karen Bueno","Tiempo de lectura":"2 minutos"},"schema":{"@context":"https:\/\/schema.org","@graph":[{"@type":"Article","@id":"https:\/\/schoenstatt.com\/es\/velada-de-oracion-por-europa-desde-el-congreso-internacional-de-familias-en-austria\/#article","isPartOf":{"@id":"https:\/\/schoenstatt.com\/es\/velada-de-oracion-por-europa-desde-el-congreso-internacional-de-familias-en-austria\/"},"author":{"name":"Karen Bueno","@id":"https:\/\/schoenstatt.com\/es\/#\/schema\/person\/5158877ad4acae98b34daaeef2a1ce6e"},"headline":"Velada de oraci\u00f3n por Europa desde el Congreso Internacional de Familias en Austria","datePublished":"2023-05-08T16:00:48+00:00","dateModified":"2025-05-15T00:06:30+00:00","mainEntityOfPage":{"@id":"https:\/\/schoenstatt.com\/es\/velada-de-oracion-por-europa-desde-el-congreso-internacional-de-familias-en-austria\/"},"wordCount":405,"publisher":{"@id":"https:\/\/schoenstatt.com\/es\/#organization"},"image":{"@id":"https:\/\/schoenstatt.com\/es\/velada-de-oracion-por-europa-desde-el-congreso-internacional-de-familias-en-austria\/#primaryimage"},"thumbnailUrl":"https:\/\/schoenstatt.com\/wp-content\/uploads\/2023\/05\/20230460EuropaeischerFamilienkongress_KerzeLicht-1.jpg","articleSection":["Eventos","Familia"],"inLanguage":"es"},{"@type":"WebPage","@id":"https:\/\/schoenstatt.com\/es\/velada-de-oracion-por-europa-desde-el-congreso-internacional-de-familias-en-austria\/","url":"https:\/\/schoenstatt.com\/es\/velada-de-oracion-por-europa-desde-el-congreso-internacional-de-familias-en-austria\/","name":"Velada de oraci\u00f3n por Europa desde el Congreso Internacional de Familias en Austria -","isPartOf":{"@id":"https:\/\/schoenstatt.com\/es\/#website"},"primaryImageOfPage":{"@id":"https:\/\/schoenstatt.com\/es\/velada-de-oracion-por-europa-desde-el-congreso-internacional-de-familias-en-austria\/#primaryimage"},"image":{"@id":"https:\/\/schoenstatt.com\/es\/velada-de-oracion-por-europa-desde-el-congreso-internacional-de-familias-en-austria\/#primaryimage"},"thumbnailUrl":"https:\/\/schoenstatt.com\/wp-content\/uploads\/2023\/05\/20230460EuropaeischerFamilienkongress_KerzeLicht-1.jpg","datePublished":"2023-05-08T16:00:48+00:00","dateModified":"2025-05-15T00:06:30+00:00","description":"Las familias reunidas en el Congreso Internacional de Familias de Europa, en Austria, tuvieron una velada de oraci\u00f3n.","breadcrumb":{"@id":"https:\/\/schoenstatt.com\/es\/velada-de-oracion-por-europa-desde-el-congreso-internacional-de-familias-en-austria\/#breadcrumb"},"inLanguage":"es","potentialAction":[{"@type":"ReadAction","target":["https:\/\/schoenstatt.com\/es\/velada-de-oracion-por-europa-desde-el-congreso-internacional-de-familias-en-austria\/"]}]},{"@type":"ImageObject","inLanguage":"es","@id":"https:\/\/schoenstatt.com\/es\/velada-de-oracion-por-europa-desde-el-congreso-internacional-de-familias-en-austria\/#primaryimage","url":"https:\/\/schoenstatt.com\/wp-content\/uploads\/2023\/05\/20230460EuropaeischerFamilienkongress_KerzeLicht-1.jpg","contentUrl":"https:\/\/schoenstatt.com\/wp-content\/uploads\/2023\/05\/20230460EuropaeischerFamilienkongress_KerzeLicht-1.jpg","width":680,"height":340,"caption":"familien beten"},{"@type":"BreadcrumbList","@id":"https:\/\/schoenstatt.com\/es\/velada-de-oracion-por-europa-desde-el-congreso-internacional-de-familias-en-austria\/#breadcrumb","itemListElement":[{"@type":"ListItem","position":1,"name":"Portada","item":"https:\/\/schoenstatt.com\/es\/home\/"},{"@type":"ListItem","position":2,"name":"Velada de oraci\u00f3n por Europa desde el Congreso Internacional de Familias en Austria"}]},{"@type":"WebSite","@id":"https:\/\/schoenstatt.com\/es\/#website","url":"https:\/\/schoenstatt.com\/es\/","name":"Schoenstatt","description":"Apostolic Movement","publisher":{"@id":"https:\/\/schoenstatt.com\/es\/#organization"},"potentialAction":[{"@type":"SearchAction","target":{"@type":"EntryPoint","urlTemplate":"https:\/\/schoenstatt.com\/es\/?s={search_term_string}"},"query-input":{"@type":"PropertyValueSpecification","valueRequired":true,"valueName":"search_term_string"}}],"inLanguage":"es"},{"@type":"Organization","@id":"https:\/\/schoenstatt.com\/es\/#organization","name":"Schoenstatt","url":"https:\/\/schoenstatt.com\/es\/","logo":{"@type":"ImageObject","inLanguage":"es","@id":"https:\/\/schoenstatt.com\/es\/#\/schema\/logo\/image\/","url":"https:\/\/schoenstatt.com\/wp-content\/uploads\/2025\/04\/logo-schoenstatt-white-696x696-1.png","contentUrl":"https:\/\/schoenstatt.com\/wp-content\/uploads\/2025\/04\/logo-schoenstatt-white-696x696-1.png","width":696,"height":694,"caption":"Schoenstatt"},"image":{"@id":"https:\/\/schoenstatt.com\/es\/#\/schema\/logo\/image\/"}},{"@type":"Person","@id":"https:\/\/schoenstatt.com\/es\/#\/schema\/person\/5158877ad4acae98b34daaeef2a1ce6e","name":"Karen Bueno","image":{"@type":"ImageObject","inLanguage":"es","@id":"https:\/\/secure.gravatar.com\/avatar\/f9f4b823873154269d2b2130f195f6d41037dd0d7fc5f3cacb5c846bae70d66b?s=96&d=mm&r=g","url":"https:\/\/secure.gravatar.com\/avatar\/f9f4b823873154269d2b2130f195f6d41037dd0d7fc5f3cacb5c846bae70d66b?s=96&d=mm&r=g","contentUrl":"https:\/\/secure.gravatar.com\/avatar\/f9f4b823873154269d2b2130f195f6d41037dd0d7fc5f3cacb5c846bae70d66b?s=96&d=mm&r=g","caption":"Karen Bueno"},"url":"https:\/\/schoenstatt.com\/es\/author\/karen-bueno\/"}]}},"_links":{"self":[{"href":"https:\/\/schoenstatt.com\/es\/wp-json\/wp\/v2\/posts\/30427","targetHints":{"allow":["GET"]}}],"collection":[{"href":"https:\/\/schoenstatt.com\/es\/wp-json\/wp\/v2\/posts"}],"about":[{"href":"https:\/\/schoenstatt.com\/es\/wp-json\/wp\/v2\/types\/post"}],"author":[{"embeddable":true,"href":"https:\/\/schoenstatt.com\/es\/wp-json\/wp\/v2\/users\/3"}],"replies":[{"embeddable":true,"href":"https:\/\/schoenstatt.com\/es\/wp-json\/wp\/v2\/comments?post=30427"}],"version-history":[{"count":1,"href":"https:\/\/schoenstatt.com\/es\/wp-json\/wp\/v2\/posts\/30427\/revisions"}],"predecessor-version":[{"id":45995,"href":"https:\/\/schoenstatt.com\/es\/wp-json\/wp\/v2\/posts\/30427\/revisions\/45995"}],"wp:featuredmedia":[{"embeddable":true,"href":"https:\/\/schoenstatt.com\/es\/wp-json\/wp\/v2\/media\/30398"}],"wp:attachment":[{"href":"https:\/\/schoenstatt.com\/es\/wp-json\/wp\/v2\/media?parent=30427"}],"wp:term":[{"taxonomy":"category","embeddable":true,"href":"https:\/\/schoenstatt.com\/es\/wp-json\/wp\/v2\/categories?post=30427"},{"taxonomy":"post_tag","embeddable":true,"href":"https:\/\/schoenstatt.com\/es\/wp-json\/wp\/v2\/tags?post=30427"}],"curies":[{"name":"wp","href":"https:\/\/api.w.org\/{rel}","templated":true}]}}