{"id":30023,"date":"2023-04-16T21:40:36","date_gmt":"2023-04-16T19:40:36","guid":{"rendered":"https:\/\/schoenstatt.com\/?p=30023"},"modified":"2025-05-15T01:38:36","modified_gmt":"2025-05-14T23:38:36","slug":"congreso-internacional-de-la-obra-de-familias-paraguay-2023","status":"publish","type":"post","link":"https:\/\/schoenstatt.com\/es\/congreso-internacional-de-la-obra-de-familias-paraguay-2023\/","title":{"rendered":"Congreso Internacional de la Obra de Familias Paraguay 2023"},"content":{"rendered":"<p>El CIOF es un espacio de vinculaci\u00f3n entre las diferentes comunidades (Liga, Federaci\u00f3n e Instituto) de la Obra de <a href=\"https:\/\/schoenstatt.com\/es\/familia\/comunidades-de-schoenstatt\/family\/\">familias<\/a> de Schoenstatt, cuyo objetivo es re\ufb02exionar e intercambiar experiencias, material de formaci\u00f3n, proyectos y apostolados, con el \ufb01n de aunar criterios e inspirar, desde la espiritualidad del Padre Jos\u00e9 Kentenich, una pedagog\u00eda matrimonial y familiar mariana que proponga l\u00edneas de acci\u00f3n, en respuesta a los desaf\u00edos de la \u00e9poca.<\/p>\n<h3>Los Objetivos del CIOF Paraguay<\/h3>\n<p><strong>Son:<\/strong><\/p>\n<ul>\n<li>Propiciar una experiencia de encuentro personal y de vida, c\u00e1lida y familiar, de las diferentes comunidades de la Obra de Familias Continental, para fortalecer los v\u00ednculos desde el coraz\u00f3n de Am\u00e9rica.<\/li>\n<li>Generar propuestas concretas en respuesta a los desaf\u00edos de nuestro tiempo, a partir de la identi\ufb01caci\u00f3n de la realidad del matrimonio, la familia y la sociedad, y de una mirada autocr\u00edtica como Obra de Familias.<\/li>\n<li>En la fuerza de la Alianza de Amor, regalar el carisma del Padre Kentenich a la Iglesia y al mundo, como l\u00edderes misioneros forjadores de familias santas.<\/li>\n<\/ul>\n<h3 style=\"text-align: left;\">LEMA<\/h3>\n<p><img fetchpriority=\"high\" decoding=\"async\" class=\"wp-image-30046 size-full alignnone\" src=\"https:\/\/schoenstatt.com\/wp-content\/uploads\/2023\/04\/FAMILIA.jpg\" alt=\"\" width=\"413\" height=\"133\" \/><\/p>\n<h3>FAMILIA EN ALIANZA<\/h3>\n<p>La fuerza motriz de la familia es una decidida fe en la Divina Providencia y en la Alianza de Amor, que nos impulsa a caminar con con\ufb01anza en el presente y hacia un futuro, con esperanza.<\/p>\n<h3>CORAZ\u00d3N<\/h3>\n<p>Desde el coraz\u00f3n de Am\u00e9rica, Paraguay, el CIOF busca fortalecer los v\u00ednculos internacionales y asegurar los valores de una familia que vive en solidaridad.<\/p>\n<h3>MUNDO<\/h3>\n<p>Insertas en el mundo, las familias tienen la misi\u00f3n de servir y llegar a la Iglesia de las nuevas playas.<\/p>\n<h3 style=\"text-align: left;\">LOGO<\/h3>\n<p><img decoding=\"async\" class=\"size-medium wp-image-30034 alignnone\" src=\"https:\/\/schoenstatt.com\/wp-content\/uploads\/2023\/04\/LOGO-300x300.png\" alt=\"\" width=\"300\" height=\"300\" \/><\/p>\n<p>En el logo del congreso, la consigna que acompa\u00f1\u00f3 su dise\u00f1o fue: \u201c renovar las familias a la luz de la espiritualidad de Schoenstatt\u201d<\/p>\n<p><strong>La Familia:<\/strong> representada por pap\u00e1, mam\u00e1, hijo.<\/p>\n<p><strong>El Santuario:<\/strong> de donde proviene la fuente de gracias.<\/p>\n<p><strong>El Coraz\u00f3n: l<\/strong>a familia representada con un abrazo, bajo la atenta mirada del Padre que tanto nos ama.<\/p>\n<p><strong>Para el mundo<\/strong>: desde donde nos toque estar, irradiar las gracias al mundo.<\/p>\n<p>&nbsp;<\/p>\n<h3 style=\"text-align: center;\">PROGRAMA DEL CONGRESO<\/h3>\n<p><strong>4\u00a0 de Mayo<\/strong> Acto inaugural con Misa de apertura del Congreso.<\/p>\n<p><strong>5 de mayo \u00a0<\/strong>Acento: Familia Mariana hogar para el Mundo. Conferencias, talleres y paneles.<\/p>\n<p><strong>6 \u00a0de mayo<\/strong> Acento. Es la hora de los laicos. COR UNUM IN PATRE. Conferencias, talleres y paneles.<\/p>\n<p>Apostolados. Expo Apostolado.<\/p>\n<p><strong>7 de mayo<\/strong> Encuentro de Comunidades. Conclusiones Generales.<\/p>\n<p>Misa de Clausura<\/p>\n<p>Tendremos la oportunidad de compartir m\u00e1s de 25 Talleres, 3 conferencias, 2 paneles y testimoniales, preparados por matrimonios y Asesores de los distintos pa\u00edses participantes. <strong>Se tendr\u00e1 disponible en la pagina web los contenidos de los mismos.<\/strong><\/p>\n<p>El Equipo organizador y la Familia de Schoenstatt de Paraguay, desde el c\u00e1lido coraz\u00f3n de Am\u00e9rica, espera con mucha alegr\u00eda y cari\u00f1o a todos los participantes!<\/p>\n<p>Para m\u00e1s informaci\u00f3n:<\/p>\n<p><a href=\"http:\/\/www.ciofparaguay.com\">www.ciofparaguay.com<\/a><\/p>\n<p>@<a href=\"https:\/\/www.instagram.com\/ciofparaguay\/\">CIOFParaguay<\/a><\/p>\n","protected":false},"excerpt":{"rendered":"<p>Desde el lema FAMILIAS EN ALIANZA, CORAZ\u00d3N PARA EL MUNDO, matrimonios representantes de 20 pa\u00edses de Iberoam\u00e9rica y algunos de Europa, junto con asesores y asesoras se reunir\u00e1n en el coraz\u00f3n de Am\u00e9rica, para el 6\u00ba Congreso de la Obra de Familias Continental. Mas de 340 participantes convocados en Asunci\u00f3n, Paraguay del 4 al 7 de mayo del corriente a\u00f1o.<\/p>\n","protected":false},"author":3,"featured_media":30042,"comment_status":"closed","ping_status":"closed","sticky":false,"template":"","format":"standard","meta":{"footnotes":""},"categories":[917],"tags":[],"class_list":["post-30023","post","type-post","status-publish","format-standard","has-post-thumbnail","hentry","category-espiritualidad-es"],"yoast_head":"<!-- This site is optimized with the Yoast SEO Premium plugin v27.4 (Yoast SEO v27.4) - https:\/\/yoast.com\/product\/yoast-seo-premium-wordpress\/ -->\n<title>Congreso Internacional de la Obra de Familias Paraguay 2023<\/title>\n<meta name=\"description\" content=\"El Equipo organizador y la Familia de Schoenstatt de Paraguay, desde el c\u00e1lido coraz\u00f3n de Am\u00e9rica, espera con mucha alegr\u00eda a todos.\" \/>\n<meta name=\"robots\" content=\"index, follow, max-snippet:-1, max-image-preview:large, max-video-preview:-1\" \/>\n<link rel=\"canonical\" href=\"https:\/\/schoenstatt.com\/es\/congreso-internacional-de-la-obra-de-familias-paraguay-2023\/\" \/>\n<meta property=\"og:locale\" content=\"es_ES\" \/>\n<meta property=\"og:type\" content=\"article\" \/>\n<meta property=\"og:title\" content=\"Congreso Internacional de la Obra de Familias Paraguay 2023\" \/>\n<meta property=\"og:description\" content=\"El Equipo organizador y la Familia de Schoenstatt de Paraguay, desde el c\u00e1lido coraz\u00f3n de Am\u00e9rica, espera con mucha alegr\u00eda a todos.\" \/>\n<meta property=\"og:url\" content=\"https:\/\/schoenstatt.com\/es\/congreso-internacional-de-la-obra-de-familias-paraguay-2023\/\" \/>\n<meta property=\"og:site_name\" content=\"Schoenstatt\" \/>\n<meta property=\"article:published_time\" content=\"2023-04-16T19:40:36+00:00\" \/>\n<meta property=\"article:modified_time\" content=\"2025-05-14T23:38:36+00:00\" \/>\n<meta property=\"og:image\" content=\"https:\/\/schoenstatt.com\/wp-content\/uploads\/2023\/04\/CRRR-1-1.jpg\" \/>\n\t<meta property=\"og:image:width\" content=\"1024\" \/>\n\t<meta property=\"og:image:height\" content=\"768\" \/>\n\t<meta property=\"og:image:type\" content=\"image\/jpeg\" \/>\n<meta name=\"author\" content=\"Karen Bueno\" \/>\n<meta name=\"twitter:card\" content=\"summary_large_image\" \/>\n<meta name=\"twitter:label1\" content=\"Escrito por\" \/>\n\t<meta name=\"twitter:data1\" content=\"Karen Bueno\" \/>\n\t<meta name=\"twitter:label2\" content=\"Tiempo de lectura\" \/>\n\t<meta name=\"twitter:data2\" content=\"3 minutos\" \/>\n<script type=\"application\/ld+json\" class=\"yoast-schema-graph\">{\"@context\":\"https:\\\/\\\/schema.org\",\"@graph\":[{\"@type\":\"Article\",\"@id\":\"https:\\\/\\\/schoenstatt.com\\\/es\\\/congreso-internacional-de-la-obra-de-familias-paraguay-2023\\\/#article\",\"isPartOf\":{\"@id\":\"https:\\\/\\\/schoenstatt.com\\\/es\\\/congreso-internacional-de-la-obra-de-familias-paraguay-2023\\\/\"},\"author\":{\"name\":\"Karen Bueno\",\"@id\":\"https:\\\/\\\/schoenstatt.com\\\/es\\\/#\\\/schema\\\/person\\\/5158877ad4acae98b34daaeef2a1ce6e\"},\"headline\":\"Congreso Internacional de la Obra de Familias Paraguay 2023\",\"datePublished\":\"2023-04-16T19:40:36+00:00\",\"dateModified\":\"2025-05-14T23:38:36+00:00\",\"mainEntityOfPage\":{\"@id\":\"https:\\\/\\\/schoenstatt.com\\\/es\\\/congreso-internacional-de-la-obra-de-familias-paraguay-2023\\\/\"},\"wordCount\":491,\"publisher\":{\"@id\":\"https:\\\/\\\/schoenstatt.com\\\/es\\\/#organization\"},\"image\":{\"@id\":\"https:\\\/\\\/schoenstatt.com\\\/es\\\/congreso-internacional-de-la-obra-de-familias-paraguay-2023\\\/#primaryimage\"},\"thumbnailUrl\":\"https:\\\/\\\/schoenstatt.com\\\/wp-content\\\/uploads\\\/2023\\\/04\\\/CRRR-1-1.jpg\",\"articleSection\":[\"Espiritualidad\"],\"inLanguage\":\"es\"},{\"@type\":\"WebPage\",\"@id\":\"https:\\\/\\\/schoenstatt.com\\\/es\\\/congreso-internacional-de-la-obra-de-familias-paraguay-2023\\\/\",\"url\":\"https:\\\/\\\/schoenstatt.com\\\/es\\\/congreso-internacional-de-la-obra-de-familias-paraguay-2023\\\/\",\"name\":\"Congreso Internacional de la Obra de Familias Paraguay 2023\",\"isPartOf\":{\"@id\":\"https:\\\/\\\/schoenstatt.com\\\/es\\\/#website\"},\"primaryImageOfPage\":{\"@id\":\"https:\\\/\\\/schoenstatt.com\\\/es\\\/congreso-internacional-de-la-obra-de-familias-paraguay-2023\\\/#primaryimage\"},\"image\":{\"@id\":\"https:\\\/\\\/schoenstatt.com\\\/es\\\/congreso-internacional-de-la-obra-de-familias-paraguay-2023\\\/#primaryimage\"},\"thumbnailUrl\":\"https:\\\/\\\/schoenstatt.com\\\/wp-content\\\/uploads\\\/2023\\\/04\\\/CRRR-1-1.jpg\",\"datePublished\":\"2023-04-16T19:40:36+00:00\",\"dateModified\":\"2025-05-14T23:38:36+00:00\",\"description\":\"El Equipo organizador y la Familia de Schoenstatt de Paraguay, desde el c\u00e1lido coraz\u00f3n de Am\u00e9rica, espera con mucha alegr\u00eda a todos.\",\"breadcrumb\":{\"@id\":\"https:\\\/\\\/schoenstatt.com\\\/es\\\/congreso-internacional-de-la-obra-de-familias-paraguay-2023\\\/#breadcrumb\"},\"inLanguage\":\"es\",\"potentialAction\":[{\"@type\":\"ReadAction\",\"target\":[\"https:\\\/\\\/schoenstatt.com\\\/es\\\/congreso-internacional-de-la-obra-de-familias-paraguay-2023\\\/\"]}]},{\"@type\":\"ImageObject\",\"inLanguage\":\"es\",\"@id\":\"https:\\\/\\\/schoenstatt.com\\\/es\\\/congreso-internacional-de-la-obra-de-familias-paraguay-2023\\\/#primaryimage\",\"url\":\"https:\\\/\\\/schoenstatt.com\\\/wp-content\\\/uploads\\\/2023\\\/04\\\/CRRR-1-1.jpg\",\"contentUrl\":\"https:\\\/\\\/schoenstatt.com\\\/wp-content\\\/uploads\\\/2023\\\/04\\\/CRRR-1-1.jpg\",\"width\":1024,\"height\":768,\"caption\":\"El Equipo organizador y la Familia de Schoenstatt de Paraguay, desde el c\u00e1lido coraz\u00f3n de Am\u00e9rica, espera con mucha alegr\u00eda y cari\u00f1o a todos los participantes!\"},{\"@type\":\"BreadcrumbList\",\"@id\":\"https:\\\/\\\/schoenstatt.com\\\/es\\\/congreso-internacional-de-la-obra-de-familias-paraguay-2023\\\/#breadcrumb\",\"itemListElement\":[{\"@type\":\"ListItem\",\"position\":1,\"name\":\"Portada\",\"item\":\"https:\\\/\\\/schoenstatt.com\\\/es\\\/home\\\/\"},{\"@type\":\"ListItem\",\"position\":2,\"name\":\"Congreso Internacional de la Obra de Familias Paraguay 2023\"}]},{\"@type\":\"WebSite\",\"@id\":\"https:\\\/\\\/schoenstatt.com\\\/es\\\/#website\",\"url\":\"https:\\\/\\\/schoenstatt.com\\\/es\\\/\",\"name\":\"Schoenstatt\",\"description\":\"Apostolic Movement\",\"publisher\":{\"@id\":\"https:\\\/\\\/schoenstatt.com\\\/es\\\/#organization\"},\"potentialAction\":[{\"@type\":\"SearchAction\",\"target\":{\"@type\":\"EntryPoint\",\"urlTemplate\":\"https:\\\/\\\/schoenstatt.com\\\/es\\\/?s={search_term_string}\"},\"query-input\":{\"@type\":\"PropertyValueSpecification\",\"valueRequired\":true,\"valueName\":\"search_term_string\"}}],\"inLanguage\":\"es\"},{\"@type\":\"Organization\",\"@id\":\"https:\\\/\\\/schoenstatt.com\\\/es\\\/#organization\",\"name\":\"Schoenstatt\",\"url\":\"https:\\\/\\\/schoenstatt.com\\\/es\\\/\",\"logo\":{\"@type\":\"ImageObject\",\"inLanguage\":\"es\",\"@id\":\"https:\\\/\\\/schoenstatt.com\\\/es\\\/#\\\/schema\\\/logo\\\/image\\\/\",\"url\":\"https:\\\/\\\/schoenstatt.com\\\/wp-content\\\/uploads\\\/2025\\\/04\\\/logo-schoenstatt-white-696x696-1.png\",\"contentUrl\":\"https:\\\/\\\/schoenstatt.com\\\/wp-content\\\/uploads\\\/2025\\\/04\\\/logo-schoenstatt-white-696x696-1.png\",\"width\":696,\"height\":694,\"caption\":\"Schoenstatt\"},\"image\":{\"@id\":\"https:\\\/\\\/schoenstatt.com\\\/es\\\/#\\\/schema\\\/logo\\\/image\\\/\"}},{\"@type\":\"Person\",\"@id\":\"https:\\\/\\\/schoenstatt.com\\\/es\\\/#\\\/schema\\\/person\\\/5158877ad4acae98b34daaeef2a1ce6e\",\"name\":\"Karen Bueno\",\"image\":{\"@type\":\"ImageObject\",\"inLanguage\":\"es\",\"@id\":\"https:\\\/\\\/secure.gravatar.com\\\/avatar\\\/f9f4b823873154269d2b2130f195f6d41037dd0d7fc5f3cacb5c846bae70d66b?s=96&d=mm&r=g\",\"url\":\"https:\\\/\\\/secure.gravatar.com\\\/avatar\\\/f9f4b823873154269d2b2130f195f6d41037dd0d7fc5f3cacb5c846bae70d66b?s=96&d=mm&r=g\",\"contentUrl\":\"https:\\\/\\\/secure.gravatar.com\\\/avatar\\\/f9f4b823873154269d2b2130f195f6d41037dd0d7fc5f3cacb5c846bae70d66b?s=96&d=mm&r=g\",\"caption\":\"Karen Bueno\"},\"url\":\"https:\\\/\\\/schoenstatt.com\\\/es\\\/author\\\/karen-bueno\\\/\"}]}<\/script>\n<!-- \/ Yoast SEO Premium plugin. -->","yoast_head_json":{"title":"Congreso Internacional de la Obra de Familias Paraguay 2023","description":"El Equipo organizador y la Familia de Schoenstatt de Paraguay, desde el c\u00e1lido coraz\u00f3n de Am\u00e9rica, espera con mucha alegr\u00eda a todos.","robots":{"index":"index","follow":"follow","max-snippet":"max-snippet:-1","max-image-preview":"max-image-preview:large","max-video-preview":"max-video-preview:-1"},"canonical":"https:\/\/schoenstatt.com\/es\/congreso-internacional-de-la-obra-de-familias-paraguay-2023\/","og_locale":"es_ES","og_type":"article","og_title":"Congreso Internacional de la Obra de Familias Paraguay 2023","og_description":"El Equipo organizador y la Familia de Schoenstatt de Paraguay, desde el c\u00e1lido coraz\u00f3n de Am\u00e9rica, espera con mucha alegr\u00eda a todos.","og_url":"https:\/\/schoenstatt.com\/es\/congreso-internacional-de-la-obra-de-familias-paraguay-2023\/","og_site_name":"Schoenstatt","article_published_time":"2023-04-16T19:40:36+00:00","article_modified_time":"2025-05-14T23:38:36+00:00","og_image":[{"width":1024,"height":768,"url":"https:\/\/schoenstatt.com\/wp-content\/uploads\/2023\/04\/CRRR-1-1.jpg","type":"image\/jpeg"}],"author":"Karen Bueno","twitter_card":"summary_large_image","twitter_misc":{"Escrito por":"Karen Bueno","Tiempo de lectura":"3 minutos"},"schema":{"@context":"https:\/\/schema.org","@graph":[{"@type":"Article","@id":"https:\/\/schoenstatt.com\/es\/congreso-internacional-de-la-obra-de-familias-paraguay-2023\/#article","isPartOf":{"@id":"https:\/\/schoenstatt.com\/es\/congreso-internacional-de-la-obra-de-familias-paraguay-2023\/"},"author":{"name":"Karen Bueno","@id":"https:\/\/schoenstatt.com\/es\/#\/schema\/person\/5158877ad4acae98b34daaeef2a1ce6e"},"headline":"Congreso Internacional de la Obra de Familias Paraguay 2023","datePublished":"2023-04-16T19:40:36+00:00","dateModified":"2025-05-14T23:38:36+00:00","mainEntityOfPage":{"@id":"https:\/\/schoenstatt.com\/es\/congreso-internacional-de-la-obra-de-familias-paraguay-2023\/"},"wordCount":491,"publisher":{"@id":"https:\/\/schoenstatt.com\/es\/#organization"},"image":{"@id":"https:\/\/schoenstatt.com\/es\/congreso-internacional-de-la-obra-de-familias-paraguay-2023\/#primaryimage"},"thumbnailUrl":"https:\/\/schoenstatt.com\/wp-content\/uploads\/2023\/04\/CRRR-1-1.jpg","articleSection":["Espiritualidad"],"inLanguage":"es"},{"@type":"WebPage","@id":"https:\/\/schoenstatt.com\/es\/congreso-internacional-de-la-obra-de-familias-paraguay-2023\/","url":"https:\/\/schoenstatt.com\/es\/congreso-internacional-de-la-obra-de-familias-paraguay-2023\/","name":"Congreso Internacional de la Obra de Familias Paraguay 2023","isPartOf":{"@id":"https:\/\/schoenstatt.com\/es\/#website"},"primaryImageOfPage":{"@id":"https:\/\/schoenstatt.com\/es\/congreso-internacional-de-la-obra-de-familias-paraguay-2023\/#primaryimage"},"image":{"@id":"https:\/\/schoenstatt.com\/es\/congreso-internacional-de-la-obra-de-familias-paraguay-2023\/#primaryimage"},"thumbnailUrl":"https:\/\/schoenstatt.com\/wp-content\/uploads\/2023\/04\/CRRR-1-1.jpg","datePublished":"2023-04-16T19:40:36+00:00","dateModified":"2025-05-14T23:38:36+00:00","description":"El Equipo organizador y la Familia de Schoenstatt de Paraguay, desde el c\u00e1lido coraz\u00f3n de Am\u00e9rica, espera con mucha alegr\u00eda a todos.","breadcrumb":{"@id":"https:\/\/schoenstatt.com\/es\/congreso-internacional-de-la-obra-de-familias-paraguay-2023\/#breadcrumb"},"inLanguage":"es","potentialAction":[{"@type":"ReadAction","target":["https:\/\/schoenstatt.com\/es\/congreso-internacional-de-la-obra-de-familias-paraguay-2023\/"]}]},{"@type":"ImageObject","inLanguage":"es","@id":"https:\/\/schoenstatt.com\/es\/congreso-internacional-de-la-obra-de-familias-paraguay-2023\/#primaryimage","url":"https:\/\/schoenstatt.com\/wp-content\/uploads\/2023\/04\/CRRR-1-1.jpg","contentUrl":"https:\/\/schoenstatt.com\/wp-content\/uploads\/2023\/04\/CRRR-1-1.jpg","width":1024,"height":768,"caption":"El Equipo organizador y la Familia de Schoenstatt de Paraguay, desde el c\u00e1lido coraz\u00f3n de Am\u00e9rica, espera con mucha alegr\u00eda y cari\u00f1o a todos los participantes!"},{"@type":"BreadcrumbList","@id":"https:\/\/schoenstatt.com\/es\/congreso-internacional-de-la-obra-de-familias-paraguay-2023\/#breadcrumb","itemListElement":[{"@type":"ListItem","position":1,"name":"Portada","item":"https:\/\/schoenstatt.com\/es\/home\/"},{"@type":"ListItem","position":2,"name":"Congreso Internacional de la Obra de Familias Paraguay 2023"}]},{"@type":"WebSite","@id":"https:\/\/schoenstatt.com\/es\/#website","url":"https:\/\/schoenstatt.com\/es\/","name":"Schoenstatt","description":"Apostolic Movement","publisher":{"@id":"https:\/\/schoenstatt.com\/es\/#organization"},"potentialAction":[{"@type":"SearchAction","target":{"@type":"EntryPoint","urlTemplate":"https:\/\/schoenstatt.com\/es\/?s={search_term_string}"},"query-input":{"@type":"PropertyValueSpecification","valueRequired":true,"valueName":"search_term_string"}}],"inLanguage":"es"},{"@type":"Organization","@id":"https:\/\/schoenstatt.com\/es\/#organization","name":"Schoenstatt","url":"https:\/\/schoenstatt.com\/es\/","logo":{"@type":"ImageObject","inLanguage":"es","@id":"https:\/\/schoenstatt.com\/es\/#\/schema\/logo\/image\/","url":"https:\/\/schoenstatt.com\/wp-content\/uploads\/2025\/04\/logo-schoenstatt-white-696x696-1.png","contentUrl":"https:\/\/schoenstatt.com\/wp-content\/uploads\/2025\/04\/logo-schoenstatt-white-696x696-1.png","width":696,"height":694,"caption":"Schoenstatt"},"image":{"@id":"https:\/\/schoenstatt.com\/es\/#\/schema\/logo\/image\/"}},{"@type":"Person","@id":"https:\/\/schoenstatt.com\/es\/#\/schema\/person\/5158877ad4acae98b34daaeef2a1ce6e","name":"Karen Bueno","image":{"@type":"ImageObject","inLanguage":"es","@id":"https:\/\/secure.gravatar.com\/avatar\/f9f4b823873154269d2b2130f195f6d41037dd0d7fc5f3cacb5c846bae70d66b?s=96&d=mm&r=g","url":"https:\/\/secure.gravatar.com\/avatar\/f9f4b823873154269d2b2130f195f6d41037dd0d7fc5f3cacb5c846bae70d66b?s=96&d=mm&r=g","contentUrl":"https:\/\/secure.gravatar.com\/avatar\/f9f4b823873154269d2b2130f195f6d41037dd0d7fc5f3cacb5c846bae70d66b?s=96&d=mm&r=g","caption":"Karen Bueno"},"url":"https:\/\/schoenstatt.com\/es\/author\/karen-bueno\/"}]}},"_links":{"self":[{"href":"https:\/\/schoenstatt.com\/es\/wp-json\/wp\/v2\/posts\/30023","targetHints":{"allow":["GET"]}}],"collection":[{"href":"https:\/\/schoenstatt.com\/es\/wp-json\/wp\/v2\/posts"}],"about":[{"href":"https:\/\/schoenstatt.com\/es\/wp-json\/wp\/v2\/types\/post"}],"author":[{"embeddable":true,"href":"https:\/\/schoenstatt.com\/es\/wp-json\/wp\/v2\/users\/3"}],"replies":[{"embeddable":true,"href":"https:\/\/schoenstatt.com\/es\/wp-json\/wp\/v2\/comments?post=30023"}],"version-history":[{"count":1,"href":"https:\/\/schoenstatt.com\/es\/wp-json\/wp\/v2\/posts\/30023\/revisions"}],"predecessor-version":[{"id":45952,"href":"https:\/\/schoenstatt.com\/es\/wp-json\/wp\/v2\/posts\/30023\/revisions\/45952"}],"wp:featuredmedia":[{"embeddable":true,"href":"https:\/\/schoenstatt.com\/es\/wp-json\/wp\/v2\/media\/30042"}],"wp:attachment":[{"href":"https:\/\/schoenstatt.com\/es\/wp-json\/wp\/v2\/media?parent=30023"}],"wp:term":[{"taxonomy":"category","embeddable":true,"href":"https:\/\/schoenstatt.com\/es\/wp-json\/wp\/v2\/categories?post=30023"},{"taxonomy":"post_tag","embeddable":true,"href":"https:\/\/schoenstatt.com\/es\/wp-json\/wp\/v2\/tags?post=30023"}],"curies":[{"name":"wp","href":"https:\/\/api.w.org\/{rel}","templated":true}]}}