{"id":29939,"date":"2023-04-04T12:30:55","date_gmt":"2023-04-04T10:30:55","guid":{"rendered":"https:\/\/schoenstatt.com\/espiritualidad\/o-roubo-da-cruz-da-unidade\/"},"modified":"2025-05-15T02:06:35","modified_gmt":"2025-05-15T00:06:35","slug":"fue-robada-la-cruz-de-la-unidad-del-santuario-de-bellavista","status":"publish","type":"post","link":"https:\/\/schoenstatt.com\/es\/fue-robada-la-cruz-de-la-unidad-del-santuario-de-bellavista\/","title":{"rendered":"Fue robada la Cruz de la Unidad del Santuario de Bellavista."},"content":{"rendered":"<p>La Cruz de la Unidad de Bellavista es la primera r\u00e9plica, obsequiada por la Regi\u00f3n de las<a href=\"https:\/\/schoenstatt.com\/es\/espiritualidad\/la-madre-se-encargara-seamos-milagros-de-confianza\/\"> Se\u00f1oras de Schoenstatt de Stuttgart,<\/a> Alemania, al Santuario de Bellavista. Esta Cruz fue entronizada el 19 de marzo de 1969 por Eugenia Mahringer, entonces Superiora de la Regi\u00f3n de Stuttgart de las Se\u00f1oras de Schoenstatt.<\/p>\n<p>La primera Cruz, que llamamos Cruz de la Unidad Original, se encuentra en el Santuario de Stuttgart, Alemania, que fuera obsequiada por el propio fundador a las Se\u00f1oras de Schoenstatt de esta regi\u00f3n despu\u00e9s de su regreso del exilio.<\/p>\n<figure id=\"attachment_29874\" aria-describedby=\"caption-attachment-29874\" style=\"width: 512px\" class=\"wp-caption aligncenter\"><img fetchpriority=\"high\" decoding=\"async\" class=\"wp-image-29874 size-full\" src=\"https:\/\/schoenstatt.com\/wp-content\/uploads\/2023\/04\/unnamed-2.jpg\" alt=\"\" width=\"512\" height=\"349\" \/><figcaption id=\"caption-attachment-29874\" class=\"wp-caption-text\">19 de marzo de 1969<\/figcaption><\/figure>\n<p>&nbsp;<\/p>\n<h3>31 de mayo: su significado para Schoenstatt<\/h3>\n<p>El Santuario de Bellavista es portador de una gracia y misi\u00f3n muy especial dentro de la Obra de Schoenstatt, que es el 31 de mayo.<\/p>\n<p>En este d\u00eda, nuestro Padre fundador coloc\u00f3 en el altar de Bellavista, Chile, la carta que respond\u00eda al obispo de Tr\u00e9veris sobre algunas cuestiones pendientes de resolver en y acerca de Schoenstatt. Este d\u00eda pas\u00f3 a ser conocido como el tercer hito hist\u00f3rico de Schoenstatt, por su repercusi\u00f3n y por la intervenci\u00f3n divina en ese momento de la historia de Schoenstatt. \u00a1Es el d\u00eda de la misi\u00f3n!<\/p>\n<p>Nuestro Padre Fundador vino a Am\u00e9rica a buscar aliados para \u201ctirar del carro del triunfo de Mar\u00eda\u201d. Vino a proclamar una cruzada, de pensar, amar y vivir org\u00e1nicos, y esta cruzada consiste en<\/p>\n<p>&#8211; Cultivar los v\u00ednculos<\/p>\n<p>&#8211; Vencer el esp\u00edritu de la \u00e9poca (pensamiento mecanicista)<\/p>\n<p>&#8211; Convertirse en el coraz\u00f3n de la Iglesia, para que la Iglesia se convierta en el alma del mundo.<\/p>\n<p>&#8211; Proclamar la misi\u00f3n de Mar\u00eda: compa\u00f1era y colaboradora permanente y oficial de Cristo en la Obra de la Redenci\u00f3n.<\/p>\n<h3><\/h3>\n<h3>En Mar\u00eda tenemos el ideal preclaro de esta espiritualidad<\/h3>\n<p>Mar\u00eda armoniza naturaleza y gracia, ella supera las herej\u00edas antropol\u00f3gicas, ella vence el mecanicismo que separa lo humano de lo divino, la fe de la vida, la autoridad de la obediencia. Mar\u00eda es la respuesta al hombre de hoy que ha perdido la capacidad de sostener firmemente la relaci\u00f3n entre lo natural y lo sobrenatural, y es incapaz de tomar decisiones sobrenaturales serias, de ser coherente con lo que piensa, con lo que vive, con lo que ama.<\/p>\n<p>En este contexto, algunos alumnos chilenos de los padres palotinos, buscando su ideal generacional, con el deseo de presentar al Santuario de Bellavista un crucifijo que expresara su imagen de Cristo sacerdote de la Alianza de Amor con Mar\u00eda a la luz de la imagen original de Cristo que el fundador les hab\u00eda transmitido, plasman este ideal en una cruz, la Cruz de la Unidad.<\/p>\n<blockquote><p>\u00abEn los designios del Dios eterno no hay ninguna imagen de Mar\u00eda que est\u00e9 separada de Cristo; solo para \u00c9l y por \u00c9l fue creada. Del mismo modo, en los planes de la eternidad, no hay imagen de Cristo separada de Mar\u00eda\u00bb (P. Jos\u00e9 Kentenich, 1956).<\/p><\/blockquote>\n<p>&nbsp;<\/p>\n<p>Nos unimos a la Familia Bellavista y a todos los hijos de Schoenstatt del mundo en oraci\u00f3n y en esp\u00edritu de desagravio por este acontecimiento.<\/p>\n<p>Puedes profundizar el tema leyendo:<\/p>\n<p>&#8211; El significado de la Cruz de la Unidad<\/p>\n<p>&#8211; La historia de la Cruz de la Unidad<\/p>\n<p>&#8211; Cruz de la Unidad. Un Signo de la Misi\u00f3n de Schoenstatt, Gertud Pollak, editorial Nueva Patris<\/p>\n<p>&nbsp;<\/p>\n<h3 style=\"text-align: center;\">Oraci\u00f3n:<\/h3>\n<p style=\"text-align: center;\"><strong>Cruz santa,<\/strong><br \/>\n<strong>a tus pies me rindo<\/strong><br \/>\n<strong>y te canto<\/strong><br \/>\n<strong>un ardiente himno de gratitud<\/strong><br \/>\n<strong>y de j\u00fabilo:<\/strong><br \/>\n<strong>\u00a1en ti consum\u00f3<\/strong><br \/>\n<strong>nuestro Se\u00f1or la Redenci\u00f3n,<\/strong><br \/>\n<strong>que nos ha hecho hijos de Dios!<\/strong><\/p>\n<p style=\"text-align: center;\">\n<strong>Quiero ponerte en la hondura<\/strong><br \/>\n<strong>mi alegre coraz\u00f3n<\/strong><br \/>\n<strong>y regalarte de continuo<\/strong><br \/>\n<strong>mi amor entero;<\/strong><br \/>\n<strong>quiero fundar<\/strong><br \/>\n<strong>toda mi esperanza de vida<\/strong><br \/>\n<strong>en ti, Se\u00f1or crucificado,<\/strong><br \/>\n<strong>y en Mar\u00eda, tu Compa\u00f1era.<\/strong><\/p>\n<p style=\"text-align: center;\">\n<strong>Manifieste yo tu presencia a los hombres,<\/strong><br \/>\n<strong>y as\u00ed para vosotros los gane;<\/strong><br \/>\n<strong>conc\u00e9deme que, combatiendo d\u00eda a d\u00eda<\/strong><br \/>\n<strong>arriesgue la vida por vosotros,<\/strong><br \/>\n<strong>para que vuestro Reino<\/strong><br \/>\n<strong>en todas partes logre victoria<\/strong><br \/>\n<strong>y ensanche sus confines<\/strong><br \/>\n<strong>por todo el universo.<\/strong><\/p>\n<p style=\"text-align: center;\">\n<strong>Conc\u00e9deme entregar a los pueblos,<\/strong><br \/>\n<strong>como el signo de redenci\u00f3n,<\/strong><br \/>\n<strong>tu cruz, Jesucristo,<\/strong><br \/>\n<strong>y tu imagen Mar\u00eda.<\/strong><br \/>\n<strong>\u00a1Que jam\u00e1s nadie separe<\/strong><br \/>\n<strong>lo uno de lo otro,<\/strong><br \/>\n<strong>pues en su plan de amor<\/strong><br \/>\n<strong>el Padre lo concibi\u00f3 como unidad!<\/strong><\/p>\n<p style=\"text-align: center;\">\n<strong>Por siempre permanezca<\/strong><br \/>\n<strong>Schoenstatt como fiel instrumento<\/strong><br \/>\n<strong>que os inscriba unidos<\/strong><br \/>\n<strong>en el coraz\u00f3n de los hombres:<\/strong><br \/>\n<strong>as\u00ed se destruir\u00e1 eficazmente<\/strong><br \/>\n<strong>el reino de Satan\u00e1s,<\/strong><br \/>\n<strong>y, en el Esp\u00edritu Santo<\/strong><br \/>\n<strong>se acrecentar\u00e1 la gloria del Padre. Am\u00e9n<\/strong><\/p>\n<p style=\"text-align: center;\">\n<p>&nbsp;<\/p>\n<p style=\"font-size: 12px;\">Ana Christina Melquiades pertenece al Instituto Nuestra Se\u00f1ora de Schoenstatt<\/p>\n<p><iframe title=\"Sobre el robo de la Cruz de la Unidad del Santuario de Bellavista\" width=\"800\" height=\"450\" src=\"https:\/\/www.youtube.com\/embed\/1uEpMPkL_-0?feature=oembed\" frameborder=\"0\" allow=\"accelerometer; autoplay; clipboard-write; encrypted-media; gyroscope; picture-in-picture; web-share\" referrerpolicy=\"strict-origin-when-cross-origin\" allowfullscreen><\/iframe><\/p>\n<p>Fuente: <a href=\"https:\/\/schoenstatt.org.br\/2023\/04\/03\/o-roubo-da-cruz-da-unidade\/\">Schoenstatt Brasil<\/a><\/p>\n","protected":false},"excerpt":{"rendered":"<p>El 2 de abril, Domingo de Ramos, inicio de la semana m\u00e1s importante de nuestra Iglesia, la Semana Santa, lleg\u00f3 la noticia del robo de la Cruz de la Unidad del Santuario de Bellavista, en Chile.<\/p>\n","protected":false},"author":3,"featured_media":29891,"comment_status":"closed","ping_status":"closed","sticky":false,"template":"","format":"standard","meta":{"footnotes":""},"categories":[909,877],"tags":[],"class_list":["post-29939","post","type-post","status-publish","format-standard","has-post-thumbnail","hentry","category-comunidades-de-schoenstatt-es","category-familia-es"],"yoast_head":"<!-- This site is optimized with the Yoast SEO Premium plugin v27.4 (Yoast SEO v27.4) - https:\/\/yoast.com\/product\/yoast-seo-premium-wordpress\/ -->\n<title>Fue robada la Cruz de la Unidad del Santuario de Bellavista. - Schoenstatt<\/title>\n<meta name=\"description\" content=\"El 2 de abril fue robada la Cruz de la Unidad del Santuario de Bellavista, en Santiago de Chile. Compartimos aqu\u00ed su significado.\" \/>\n<meta name=\"robots\" content=\"index, follow, max-snippet:-1, max-image-preview:large, max-video-preview:-1\" \/>\n<link rel=\"canonical\" href=\"https:\/\/schoenstatt.com\/es\/fue-robada-la-cruz-de-la-unidad-del-santuario-de-bellavista\/\" \/>\n<meta property=\"og:locale\" content=\"es_ES\" \/>\n<meta property=\"og:type\" content=\"article\" \/>\n<meta property=\"og:title\" content=\"Fue robada la Cruz de la Unidad del Santuario de Bellavista.\" \/>\n<meta property=\"og:description\" content=\"El 2 de abril fue robada la Cruz de la Unidad del Santuario de Bellavista, en Santiago de Chile. Compartimos aqu\u00ed su significado.\" \/>\n<meta property=\"og:url\" content=\"https:\/\/schoenstatt.com\/es\/fue-robada-la-cruz-de-la-unidad-del-santuario-de-bellavista\/\" \/>\n<meta property=\"og:site_name\" content=\"Schoenstatt\" \/>\n<meta property=\"article:published_time\" content=\"2023-04-04T10:30:55+00:00\" \/>\n<meta property=\"article:modified_time\" content=\"2025-05-15T00:06:35+00:00\" \/>\n<meta property=\"og:image\" content=\"https:\/\/schoenstatt.com\/wp-content\/uploads\/2023\/04\/cruz-da-unidade-pedro-e-paulo-1.png\" \/>\n\t<meta property=\"og:image:width\" content=\"700\" \/>\n\t<meta property=\"og:image:height\" content=\"456\" \/>\n\t<meta property=\"og:image:type\" content=\"image\/png\" \/>\n<meta name=\"author\" content=\"Karen Bueno\" \/>\n<meta name=\"twitter:card\" content=\"summary_large_image\" \/>\n<meta name=\"twitter:label1\" content=\"Escrito por\" \/>\n\t<meta name=\"twitter:data1\" content=\"Karen Bueno\" \/>\n\t<meta name=\"twitter:label2\" content=\"Tiempo de lectura\" \/>\n\t<meta name=\"twitter:data2\" content=\"4 minutos\" \/>\n<script type=\"application\/ld+json\" class=\"yoast-schema-graph\">{\"@context\":\"https:\\\/\\\/schema.org\",\"@graph\":[{\"@type\":\"Article\",\"@id\":\"https:\\\/\\\/schoenstatt.com\\\/es\\\/fue-robada-la-cruz-de-la-unidad-del-santuario-de-bellavista\\\/#article\",\"isPartOf\":{\"@id\":\"https:\\\/\\\/schoenstatt.com\\\/es\\\/fue-robada-la-cruz-de-la-unidad-del-santuario-de-bellavista\\\/\"},\"author\":{\"name\":\"Karen Bueno\",\"@id\":\"https:\\\/\\\/schoenstatt.com\\\/es\\\/#\\\/schema\\\/person\\\/5158877ad4acae98b34daaeef2a1ce6e\"},\"headline\":\"Fue robada la Cruz de la Unidad del Santuario de Bellavista.\",\"datePublished\":\"2023-04-04T10:30:55+00:00\",\"dateModified\":\"2025-05-15T00:06:35+00:00\",\"mainEntityOfPage\":{\"@id\":\"https:\\\/\\\/schoenstatt.com\\\/es\\\/fue-robada-la-cruz-de-la-unidad-del-santuario-de-bellavista\\\/\"},\"wordCount\":820,\"publisher\":{\"@id\":\"https:\\\/\\\/schoenstatt.com\\\/es\\\/#organization\"},\"image\":{\"@id\":\"https:\\\/\\\/schoenstatt.com\\\/es\\\/fue-robada-la-cruz-de-la-unidad-del-santuario-de-bellavista\\\/#primaryimage\"},\"thumbnailUrl\":\"https:\\\/\\\/schoenstatt.com\\\/wp-content\\\/uploads\\\/2023\\\/04\\\/cruz-da-unidade-pedro-e-paulo-1.png\",\"articleSection\":[\"Comunidades de Schoenstatt\",\"Familia\"],\"inLanguage\":\"es\"},{\"@type\":\"WebPage\",\"@id\":\"https:\\\/\\\/schoenstatt.com\\\/es\\\/fue-robada-la-cruz-de-la-unidad-del-santuario-de-bellavista\\\/\",\"url\":\"https:\\\/\\\/schoenstatt.com\\\/es\\\/fue-robada-la-cruz-de-la-unidad-del-santuario-de-bellavista\\\/\",\"name\":\"Fue robada la Cruz de la Unidad del Santuario de Bellavista. - Schoenstatt\",\"isPartOf\":{\"@id\":\"https:\\\/\\\/schoenstatt.com\\\/es\\\/#website\"},\"primaryImageOfPage\":{\"@id\":\"https:\\\/\\\/schoenstatt.com\\\/es\\\/fue-robada-la-cruz-de-la-unidad-del-santuario-de-bellavista\\\/#primaryimage\"},\"image\":{\"@id\":\"https:\\\/\\\/schoenstatt.com\\\/es\\\/fue-robada-la-cruz-de-la-unidad-del-santuario-de-bellavista\\\/#primaryimage\"},\"thumbnailUrl\":\"https:\\\/\\\/schoenstatt.com\\\/wp-content\\\/uploads\\\/2023\\\/04\\\/cruz-da-unidade-pedro-e-paulo-1.png\",\"datePublished\":\"2023-04-04T10:30:55+00:00\",\"dateModified\":\"2025-05-15T00:06:35+00:00\",\"description\":\"El 2 de abril fue robada la Cruz de la Unidad del Santuario de Bellavista, en Santiago de Chile. Compartimos aqu\u00ed su significado.\",\"breadcrumb\":{\"@id\":\"https:\\\/\\\/schoenstatt.com\\\/es\\\/fue-robada-la-cruz-de-la-unidad-del-santuario-de-bellavista\\\/#breadcrumb\"},\"inLanguage\":\"es\",\"potentialAction\":[{\"@type\":\"ReadAction\",\"target\":[\"https:\\\/\\\/schoenstatt.com\\\/es\\\/fue-robada-la-cruz-de-la-unidad-del-santuario-de-bellavista\\\/\"]}]},{\"@type\":\"ImageObject\",\"inLanguage\":\"es\",\"@id\":\"https:\\\/\\\/schoenstatt.com\\\/es\\\/fue-robada-la-cruz-de-la-unidad-del-santuario-de-bellavista\\\/#primaryimage\",\"url\":\"https:\\\/\\\/schoenstatt.com\\\/wp-content\\\/uploads\\\/2023\\\/04\\\/cruz-da-unidade-pedro-e-paulo-1.png\",\"contentUrl\":\"https:\\\/\\\/schoenstatt.com\\\/wp-content\\\/uploads\\\/2023\\\/04\\\/cruz-da-unidade-pedro-e-paulo-1.png\",\"width\":700,\"height\":456,\"caption\":\"cruz da unidade\"},{\"@type\":\"BreadcrumbList\",\"@id\":\"https:\\\/\\\/schoenstatt.com\\\/es\\\/fue-robada-la-cruz-de-la-unidad-del-santuario-de-bellavista\\\/#breadcrumb\",\"itemListElement\":[{\"@type\":\"ListItem\",\"position\":1,\"name\":\"Portada\",\"item\":\"https:\\\/\\\/schoenstatt.com\\\/es\\\/home\\\/\"},{\"@type\":\"ListItem\",\"position\":2,\"name\":\"Fue robada la Cruz de la Unidad del Santuario de Bellavista.\"}]},{\"@type\":\"WebSite\",\"@id\":\"https:\\\/\\\/schoenstatt.com\\\/es\\\/#website\",\"url\":\"https:\\\/\\\/schoenstatt.com\\\/es\\\/\",\"name\":\"Schoenstatt\",\"description\":\"Apostolic Movement\",\"publisher\":{\"@id\":\"https:\\\/\\\/schoenstatt.com\\\/es\\\/#organization\"},\"potentialAction\":[{\"@type\":\"SearchAction\",\"target\":{\"@type\":\"EntryPoint\",\"urlTemplate\":\"https:\\\/\\\/schoenstatt.com\\\/es\\\/?s={search_term_string}\"},\"query-input\":{\"@type\":\"PropertyValueSpecification\",\"valueRequired\":true,\"valueName\":\"search_term_string\"}}],\"inLanguage\":\"es\"},{\"@type\":\"Organization\",\"@id\":\"https:\\\/\\\/schoenstatt.com\\\/es\\\/#organization\",\"name\":\"Schoenstatt\",\"url\":\"https:\\\/\\\/schoenstatt.com\\\/es\\\/\",\"logo\":{\"@type\":\"ImageObject\",\"inLanguage\":\"es\",\"@id\":\"https:\\\/\\\/schoenstatt.com\\\/es\\\/#\\\/schema\\\/logo\\\/image\\\/\",\"url\":\"https:\\\/\\\/schoenstatt.com\\\/wp-content\\\/uploads\\\/2025\\\/04\\\/logo-schoenstatt-white-696x696-1.png\",\"contentUrl\":\"https:\\\/\\\/schoenstatt.com\\\/wp-content\\\/uploads\\\/2025\\\/04\\\/logo-schoenstatt-white-696x696-1.png\",\"width\":696,\"height\":694,\"caption\":\"Schoenstatt\"},\"image\":{\"@id\":\"https:\\\/\\\/schoenstatt.com\\\/es\\\/#\\\/schema\\\/logo\\\/image\\\/\"}},{\"@type\":\"Person\",\"@id\":\"https:\\\/\\\/schoenstatt.com\\\/es\\\/#\\\/schema\\\/person\\\/5158877ad4acae98b34daaeef2a1ce6e\",\"name\":\"Karen Bueno\",\"image\":{\"@type\":\"ImageObject\",\"inLanguage\":\"es\",\"@id\":\"https:\\\/\\\/secure.gravatar.com\\\/avatar\\\/f9f4b823873154269d2b2130f195f6d41037dd0d7fc5f3cacb5c846bae70d66b?s=96&d=mm&r=g\",\"url\":\"https:\\\/\\\/secure.gravatar.com\\\/avatar\\\/f9f4b823873154269d2b2130f195f6d41037dd0d7fc5f3cacb5c846bae70d66b?s=96&d=mm&r=g\",\"contentUrl\":\"https:\\\/\\\/secure.gravatar.com\\\/avatar\\\/f9f4b823873154269d2b2130f195f6d41037dd0d7fc5f3cacb5c846bae70d66b?s=96&d=mm&r=g\",\"caption\":\"Karen Bueno\"},\"url\":\"https:\\\/\\\/schoenstatt.com\\\/es\\\/author\\\/karen-bueno\\\/\"}]}<\/script>\n<!-- \/ Yoast SEO Premium plugin. -->","yoast_head_json":{"title":"Fue robada la Cruz de la Unidad del Santuario de Bellavista. - Schoenstatt","description":"El 2 de abril fue robada la Cruz de la Unidad del Santuario de Bellavista, en Santiago de Chile. Compartimos aqu\u00ed su significado.","robots":{"index":"index","follow":"follow","max-snippet":"max-snippet:-1","max-image-preview":"max-image-preview:large","max-video-preview":"max-video-preview:-1"},"canonical":"https:\/\/schoenstatt.com\/es\/fue-robada-la-cruz-de-la-unidad-del-santuario-de-bellavista\/","og_locale":"es_ES","og_type":"article","og_title":"Fue robada la Cruz de la Unidad del Santuario de Bellavista.","og_description":"El 2 de abril fue robada la Cruz de la Unidad del Santuario de Bellavista, en Santiago de Chile. Compartimos aqu\u00ed su significado.","og_url":"https:\/\/schoenstatt.com\/es\/fue-robada-la-cruz-de-la-unidad-del-santuario-de-bellavista\/","og_site_name":"Schoenstatt","article_published_time":"2023-04-04T10:30:55+00:00","article_modified_time":"2025-05-15T00:06:35+00:00","og_image":[{"width":700,"height":456,"url":"https:\/\/schoenstatt.com\/wp-content\/uploads\/2023\/04\/cruz-da-unidade-pedro-e-paulo-1.png","type":"image\/png"}],"author":"Karen Bueno","twitter_card":"summary_large_image","twitter_misc":{"Escrito por":"Karen Bueno","Tiempo de lectura":"4 minutos"},"schema":{"@context":"https:\/\/schema.org","@graph":[{"@type":"Article","@id":"https:\/\/schoenstatt.com\/es\/fue-robada-la-cruz-de-la-unidad-del-santuario-de-bellavista\/#article","isPartOf":{"@id":"https:\/\/schoenstatt.com\/es\/fue-robada-la-cruz-de-la-unidad-del-santuario-de-bellavista\/"},"author":{"name":"Karen Bueno","@id":"https:\/\/schoenstatt.com\/es\/#\/schema\/person\/5158877ad4acae98b34daaeef2a1ce6e"},"headline":"Fue robada la Cruz de la Unidad del Santuario de Bellavista.","datePublished":"2023-04-04T10:30:55+00:00","dateModified":"2025-05-15T00:06:35+00:00","mainEntityOfPage":{"@id":"https:\/\/schoenstatt.com\/es\/fue-robada-la-cruz-de-la-unidad-del-santuario-de-bellavista\/"},"wordCount":820,"publisher":{"@id":"https:\/\/schoenstatt.com\/es\/#organization"},"image":{"@id":"https:\/\/schoenstatt.com\/es\/fue-robada-la-cruz-de-la-unidad-del-santuario-de-bellavista\/#primaryimage"},"thumbnailUrl":"https:\/\/schoenstatt.com\/wp-content\/uploads\/2023\/04\/cruz-da-unidade-pedro-e-paulo-1.png","articleSection":["Comunidades de Schoenstatt","Familia"],"inLanguage":"es"},{"@type":"WebPage","@id":"https:\/\/schoenstatt.com\/es\/fue-robada-la-cruz-de-la-unidad-del-santuario-de-bellavista\/","url":"https:\/\/schoenstatt.com\/es\/fue-robada-la-cruz-de-la-unidad-del-santuario-de-bellavista\/","name":"Fue robada la Cruz de la Unidad del Santuario de Bellavista. - Schoenstatt","isPartOf":{"@id":"https:\/\/schoenstatt.com\/es\/#website"},"primaryImageOfPage":{"@id":"https:\/\/schoenstatt.com\/es\/fue-robada-la-cruz-de-la-unidad-del-santuario-de-bellavista\/#primaryimage"},"image":{"@id":"https:\/\/schoenstatt.com\/es\/fue-robada-la-cruz-de-la-unidad-del-santuario-de-bellavista\/#primaryimage"},"thumbnailUrl":"https:\/\/schoenstatt.com\/wp-content\/uploads\/2023\/04\/cruz-da-unidade-pedro-e-paulo-1.png","datePublished":"2023-04-04T10:30:55+00:00","dateModified":"2025-05-15T00:06:35+00:00","description":"El 2 de abril fue robada la Cruz de la Unidad del Santuario de Bellavista, en Santiago de Chile. Compartimos aqu\u00ed su significado.","breadcrumb":{"@id":"https:\/\/schoenstatt.com\/es\/fue-robada-la-cruz-de-la-unidad-del-santuario-de-bellavista\/#breadcrumb"},"inLanguage":"es","potentialAction":[{"@type":"ReadAction","target":["https:\/\/schoenstatt.com\/es\/fue-robada-la-cruz-de-la-unidad-del-santuario-de-bellavista\/"]}]},{"@type":"ImageObject","inLanguage":"es","@id":"https:\/\/schoenstatt.com\/es\/fue-robada-la-cruz-de-la-unidad-del-santuario-de-bellavista\/#primaryimage","url":"https:\/\/schoenstatt.com\/wp-content\/uploads\/2023\/04\/cruz-da-unidade-pedro-e-paulo-1.png","contentUrl":"https:\/\/schoenstatt.com\/wp-content\/uploads\/2023\/04\/cruz-da-unidade-pedro-e-paulo-1.png","width":700,"height":456,"caption":"cruz da unidade"},{"@type":"BreadcrumbList","@id":"https:\/\/schoenstatt.com\/es\/fue-robada-la-cruz-de-la-unidad-del-santuario-de-bellavista\/#breadcrumb","itemListElement":[{"@type":"ListItem","position":1,"name":"Portada","item":"https:\/\/schoenstatt.com\/es\/home\/"},{"@type":"ListItem","position":2,"name":"Fue robada la Cruz de la Unidad del Santuario de Bellavista."}]},{"@type":"WebSite","@id":"https:\/\/schoenstatt.com\/es\/#website","url":"https:\/\/schoenstatt.com\/es\/","name":"Schoenstatt","description":"Apostolic Movement","publisher":{"@id":"https:\/\/schoenstatt.com\/es\/#organization"},"potentialAction":[{"@type":"SearchAction","target":{"@type":"EntryPoint","urlTemplate":"https:\/\/schoenstatt.com\/es\/?s={search_term_string}"},"query-input":{"@type":"PropertyValueSpecification","valueRequired":true,"valueName":"search_term_string"}}],"inLanguage":"es"},{"@type":"Organization","@id":"https:\/\/schoenstatt.com\/es\/#organization","name":"Schoenstatt","url":"https:\/\/schoenstatt.com\/es\/","logo":{"@type":"ImageObject","inLanguage":"es","@id":"https:\/\/schoenstatt.com\/es\/#\/schema\/logo\/image\/","url":"https:\/\/schoenstatt.com\/wp-content\/uploads\/2025\/04\/logo-schoenstatt-white-696x696-1.png","contentUrl":"https:\/\/schoenstatt.com\/wp-content\/uploads\/2025\/04\/logo-schoenstatt-white-696x696-1.png","width":696,"height":694,"caption":"Schoenstatt"},"image":{"@id":"https:\/\/schoenstatt.com\/es\/#\/schema\/logo\/image\/"}},{"@type":"Person","@id":"https:\/\/schoenstatt.com\/es\/#\/schema\/person\/5158877ad4acae98b34daaeef2a1ce6e","name":"Karen Bueno","image":{"@type":"ImageObject","inLanguage":"es","@id":"https:\/\/secure.gravatar.com\/avatar\/f9f4b823873154269d2b2130f195f6d41037dd0d7fc5f3cacb5c846bae70d66b?s=96&d=mm&r=g","url":"https:\/\/secure.gravatar.com\/avatar\/f9f4b823873154269d2b2130f195f6d41037dd0d7fc5f3cacb5c846bae70d66b?s=96&d=mm&r=g","contentUrl":"https:\/\/secure.gravatar.com\/avatar\/f9f4b823873154269d2b2130f195f6d41037dd0d7fc5f3cacb5c846bae70d66b?s=96&d=mm&r=g","caption":"Karen Bueno"},"url":"https:\/\/schoenstatt.com\/es\/author\/karen-bueno\/"}]}},"_links":{"self":[{"href":"https:\/\/schoenstatt.com\/es\/wp-json\/wp\/v2\/posts\/29939","targetHints":{"allow":["GET"]}}],"collection":[{"href":"https:\/\/schoenstatt.com\/es\/wp-json\/wp\/v2\/posts"}],"about":[{"href":"https:\/\/schoenstatt.com\/es\/wp-json\/wp\/v2\/types\/post"}],"author":[{"embeddable":true,"href":"https:\/\/schoenstatt.com\/es\/wp-json\/wp\/v2\/users\/3"}],"replies":[{"embeddable":true,"href":"https:\/\/schoenstatt.com\/es\/wp-json\/wp\/v2\/comments?post=29939"}],"version-history":[{"count":1,"href":"https:\/\/schoenstatt.com\/es\/wp-json\/wp\/v2\/posts\/29939\/revisions"}],"predecessor-version":[{"id":45937,"href":"https:\/\/schoenstatt.com\/es\/wp-json\/wp\/v2\/posts\/29939\/revisions\/45937"}],"wp:featuredmedia":[{"embeddable":true,"href":"https:\/\/schoenstatt.com\/es\/wp-json\/wp\/v2\/media\/29891"}],"wp:attachment":[{"href":"https:\/\/schoenstatt.com\/es\/wp-json\/wp\/v2\/media?parent=29939"}],"wp:term":[{"taxonomy":"category","embeddable":true,"href":"https:\/\/schoenstatt.com\/es\/wp-json\/wp\/v2\/categories?post=29939"},{"taxonomy":"post_tag","embeddable":true,"href":"https:\/\/schoenstatt.com\/es\/wp-json\/wp\/v2\/tags?post=29939"}],"curies":[{"name":"wp","href":"https:\/\/api.w.org\/{rel}","templated":true}]}}