{"id":29301,"date":"2023-02-09T00:20:23","date_gmt":"2023-02-08T23:20:23","guid":{"rendered":"https:\/\/schoenstatt.com\/?p=29301"},"modified":"2025-05-15T02:06:38","modified_gmt":"2025-05-15T00:06:38","slug":"una-experiencia-de-familia","status":"publish","type":"post","link":"https:\/\/schoenstatt.com\/es\/una-experiencia-de-familia\/","title":{"rendered":"Una experiencia de familia"},"content":{"rendered":"<h3>\u00a1A veces la vida nos sobrepasa!<\/h3>\n<p>Esta fue mi experiencia durante la segunda semana de enero. La <a href=\"https:\/\/schoenstatt.com\/es\/familia\/comunidades-de-schoenstatt\/woman\/\">Juventud<\/a> Femenina de Schoenstatt iba a realizar un <em>Mini Campamento en Villa Mar\u00eda, Ciudad del Cabo<\/em>.\u00a0 Pocos d\u00edas antes de que comenzara, el n\u00famero de chicas inscritas se hab\u00eda duplicado. Me preguntaba c\u00f3mo me las arreglar\u00eda para hacer frente a todo el trabajo que hab\u00eda que hacer. Me puse en contacto con una de mis hermanas y le pregunt\u00e9 si estar\u00eda dispuesta a ayudarme. Sin dudarlo, pospuso sus propios planes y accedi\u00f3 a hacerlo. Adem\u00e1s, una de las jefas mayores de las chicas de Schoenstatt acept\u00f3 llegar un d\u00eda antes y ayudar con la preparaci\u00f3n de la comida y las habitaciones. Agradec\u00ed profundamente su ayuda y confi\u00e9 en que el campamento ser\u00eda un \u00e9xito.<\/p>\n<figure id=\"attachment_29282\" aria-describedby=\"caption-attachment-29282\" style=\"width: 453px\" class=\"wp-caption aligncenter\"><img fetchpriority=\"high\" decoding=\"async\" class=\"wp-image-29282 size-full\" src=\"https:\/\/schoenstatt.com\/wp-content\/uploads\/2023\/02\/JF-South-africa-1.png\" alt=\"\" width=\"453\" height=\"361\" \/><figcaption id=\"caption-attachment-29282\" class=\"wp-caption-text\">Carteles ofreciendo las actividades del a\u00f1o transcrrido<\/figcaption><\/figure>\n<h3>\u00bfC\u00f3mo fue el campamento?<\/h3>\n<p><em>\u00a1Fue lo mejor!<\/em> Las chicas ten\u00edan edades entre once y dieciocho a\u00f1os y proced\u00edan de diversas zonas de Ciudad del Cabo. Algunas hab\u00edan participado antes, otras eran nuevas.<\/p>\n<p>Como era el comienzo del nuevo a\u00f1o 2023, nos tomamos tiempo para mirar atr\u00e1s y saborear todos los dones con los que Dios nos hab\u00eda bendecido durante 2022. Lo hicimos en peque\u00f1os grupos. Un grupo dividi\u00f3 creativamente su reflexi\u00f3n en cuatro categor\u00edas:<\/p>\n<ul>\n<li>Nuevas habilidades aprendidas,<\/li>\n<li>algo que lograron el a\u00f1o anterior,<\/li>\n<li>su relaci\u00f3n con Dios y<\/li>\n<li>su \u00abmomento favorito\u00bb de 2022.<\/li>\n<\/ul>\n<p><strong>Otro grupo ten\u00eda otros dos t\u00edtulos para su reflexi\u00f3n<\/strong><\/p>\n<ul>\n<li>,a saber, el mejor cumplido que recibieron<\/li>\n<li>y un proyecto o tarea que hayan realizado durante 2022.<\/li>\n<\/ul>\n<h3>Compartir con los dem\u00e1s despert\u00f3 una renovada alegr\u00eda y gratitud por el pasado.<\/h3>\n<figure id=\"attachment_29287\" aria-describedby=\"caption-attachment-29287\" style=\"width: 565px\" class=\"wp-caption aligncenter\"><img decoding=\"async\" class=\"wp-image-29287 size-full\" src=\"https:\/\/schoenstatt.com\/wp-content\/uploads\/2023\/02\/JF-South-africa-2-e1675897436515.png\" alt=\"\" width=\"565\" height=\"381\" \/><figcaption id=\"caption-attachment-29287\" class=\"wp-caption-text\">La Juventud Femenina agradeci\u00f3 la ayuda de los adultos en el campamento.<\/figcaption><\/figure>\n<p>A continuaci\u00f3n, miramos hacia el futuro. Cuando oscureci\u00f3, las participantes tuvieron adoraci\u00f3n en el Santuario. A pesar de estar en una ciudad relativamente ruidosa, s\u00f3lo se o\u00edan las oraciones y los cantos de las chicas.\u00a0 Sentadas ante el Sant\u00edsimo Sacramento, escribieron cartas a Jes\u00fas compartiendo con \u00c9l sus objetivos y sue\u00f1os para 2023.<\/p>\n<figure id=\"attachment_29271\" aria-describedby=\"caption-attachment-29271\" style=\"width: 300px\" class=\"wp-caption alignright\"><img decoding=\"async\" class=\"wp-image-29271 size-medium\" src=\"https:\/\/schoenstatt.com\/wp-content\/uploads\/2023\/02\/JF-South-africa-4-300x261.png\" alt=\"\" width=\"300\" height=\"261\" \/><figcaption id=\"caption-attachment-29271\" class=\"wp-caption-text\">Hubo momentos de juegos y de gran alegr\u00eda<\/figcaption><\/figure>\n<p>Al d\u00eda siguiente, durante la Santa Misa, presentaron sus peticiones personales. Durante el ofertorio, las chicas presentaron al Se\u00f1or sus vidas al tiempo que presentaban sus carteles sobre el a\u00f1o transcurrido.<\/p>\n<figure id=\"attachment_29283\" aria-describedby=\"caption-attachment-29283\" style=\"width: 208px\" class=\"wp-caption alignnone\"><img loading=\"lazy\" decoding=\"async\" class=\"wp-image-29283 size-medium\" src=\"https:\/\/schoenstatt.com\/wp-content\/uploads\/2023\/02\/JF-South-africa7-208x300.png\" alt=\"\" width=\"208\" height=\"300\" \/><figcaption id=\"caption-attachment-29283\" class=\"wp-caption-text\">Santuario de Ciudad del Cabo &#8211; Sudafrica<\/figcaption><\/figure>\n<p>Por \u00faltimo, al reflexionar sobre el campamento, puedo decir que la experiencia de \u00ab<em>familia<\/em>\u00bb no fue s\u00f3lo que mi co-hermana accediera generosamente a ayudarme, \u00a1sino tambi\u00e9n que fui testigo de c\u00f3mo un grupo de j\u00f3venes adolescentes cat\u00f3licos se reun\u00edan, compart\u00edan su fe en la oraci\u00f3n, los debates y las risas!<\/p>\n<p>S\u00ed,<strong> \u00a1hubo muchas risas mientras jug\u00e1bamos, compart\u00edamos recuerdos y disfrut\u00e1bamos de la originalidad de cada una!\u00a0 \u00a0\u00a0<\/strong><\/p>\n<h3><\/h3>\n<h3><\/h3>\n<h3><\/h3>\n<h3><\/h3>\n<h3>\u00bfQu\u00e9 sigue?<\/h3>\n<p>Antes de marcharse, las chicas compartieron sus ideas sobre futuras reuniones: Programas de ayuda caritativa, manualidades, estaciones de oraci\u00f3n al aire libre, debates sobre salud mental, presi\u00f3n de grupo y la importancia de los sacramentos y c\u00f3mo valorarlos y practicarlos.<\/p>\n<figure id=\"attachment_29291\" aria-describedby=\"caption-attachment-29291\" style=\"width: 675px\" class=\"wp-caption aligncenter\"><img loading=\"lazy\" decoding=\"async\" class=\"wp-image-29291 size-full\" src=\"https:\/\/schoenstatt.com\/wp-content\/uploads\/2023\/02\/JF-South-africa-3.png\" alt=\"\" width=\"675\" height=\"428\" \/><figcaption id=\"caption-attachment-29291\" class=\"wp-caption-text\">D\u00edas de alegr\u00eda y generosidad en el campamento.<\/figcaption><\/figure>\n<h3 style=\"text-align: center;\">Esperamos con ilusi\u00f3n el 2023 y todo lo que Dios tiene planeado para nosotros.<\/h3>\n<p>&nbsp;<\/p>\n<p>Fuente: <a href=\"https:\/\/www.s-ms.org\/\">https:\/\/www.s-ms.org\/<\/a><\/p>\n","protected":false},"excerpt":{"rendered":"<p> En la segunda semana de enero se llev\u00f3 a cabo un mini campamento para la Juventud femenina de Schoenstatt en Africa del sur.<\/p>\n","protected":false},"author":3,"featured_media":29275,"comment_status":"closed","ping_status":"closed","sticky":false,"template":"","format":"standard","meta":{"footnotes":""},"categories":[917,877],"tags":[],"class_list":["post-29301","post","type-post","status-publish","format-standard","has-post-thumbnail","hentry","category-espiritualidad-es","category-familia-es"],"yoast_head":"<!-- This site is optimized with the Yoast SEO Premium plugin v27.4 (Yoast SEO v27.4) - https:\/\/yoast.com\/product\/yoast-seo-premium-wordpress\/ -->\n<title>Una experiencia de familia - Schoenstatt<\/title>\n<meta name=\"description\" content=\"Una experiencia de familia \u2013 fue lo que se vivi\u00f3 en el mini campamento de la Juventud Femenina de Schoenstatt en Cudad del Cabo.\" \/>\n<meta name=\"robots\" content=\"index, follow, max-snippet:-1, max-image-preview:large, max-video-preview:-1\" \/>\n<link rel=\"canonical\" href=\"https:\/\/schoenstatt.com\/es\/una-experiencia-de-familia\/\" \/>\n<meta property=\"og:locale\" content=\"es_ES\" \/>\n<meta property=\"og:type\" content=\"article\" \/>\n<meta property=\"og:title\" content=\"Una experiencia de familia\" \/>\n<meta property=\"og:description\" content=\"Una experiencia de familia \u2013 fue lo que se vivi\u00f3 en el mini campamento de la Juventud Femenina de Schoenstatt en Cudad del Cabo.\" \/>\n<meta property=\"og:url\" content=\"https:\/\/schoenstatt.com\/es\/una-experiencia-de-familia\/\" \/>\n<meta property=\"og:site_name\" content=\"Schoenstatt\" \/>\n<meta property=\"article:published_time\" content=\"2023-02-08T23:20:23+00:00\" \/>\n<meta property=\"article:modified_time\" content=\"2025-05-15T00:06:38+00:00\" \/>\n<meta property=\"og:image\" content=\"https:\/\/schoenstatt.com\/wp-content\/uploads\/2023\/02\/JF-South-africa-6-1.png\" \/>\n\t<meta property=\"og:image:width\" content=\"859\" \/>\n\t<meta property=\"og:image:height\" content=\"593\" \/>\n\t<meta property=\"og:image:type\" content=\"image\/png\" \/>\n<meta name=\"author\" content=\"Karen Bueno\" \/>\n<meta name=\"twitter:card\" content=\"summary_large_image\" \/>\n<meta name=\"twitter:label1\" content=\"Escrito por\" \/>\n\t<meta name=\"twitter:data1\" content=\"Karen Bueno\" \/>\n\t<meta name=\"twitter:label2\" content=\"Tiempo de lectura\" \/>\n\t<meta name=\"twitter:data2\" content=\"4 minutos\" \/>\n<script type=\"application\/ld+json\" class=\"yoast-schema-graph\">{\"@context\":\"https:\\\/\\\/schema.org\",\"@graph\":[{\"@type\":\"Article\",\"@id\":\"https:\\\/\\\/schoenstatt.com\\\/es\\\/una-experiencia-de-familia\\\/#article\",\"isPartOf\":{\"@id\":\"https:\\\/\\\/schoenstatt.com\\\/es\\\/una-experiencia-de-familia\\\/\"},\"author\":{\"name\":\"Karen Bueno\",\"@id\":\"https:\\\/\\\/schoenstatt.com\\\/es\\\/#\\\/schema\\\/person\\\/5158877ad4acae98b34daaeef2a1ce6e\"},\"headline\":\"Una experiencia de familia\",\"datePublished\":\"2023-02-08T23:20:23+00:00\",\"dateModified\":\"2025-05-15T00:06:38+00:00\",\"mainEntityOfPage\":{\"@id\":\"https:\\\/\\\/schoenstatt.com\\\/es\\\/una-experiencia-de-familia\\\/\"},\"wordCount\":609,\"publisher\":{\"@id\":\"https:\\\/\\\/schoenstatt.com\\\/es\\\/#organization\"},\"image\":{\"@id\":\"https:\\\/\\\/schoenstatt.com\\\/es\\\/una-experiencia-de-familia\\\/#primaryimage\"},\"thumbnailUrl\":\"https:\\\/\\\/schoenstatt.com\\\/wp-content\\\/uploads\\\/2023\\\/02\\\/JF-South-africa-6-1.png\",\"articleSection\":[\"Espiritualidad\",\"Familia\"],\"inLanguage\":\"es\"},{\"@type\":\"WebPage\",\"@id\":\"https:\\\/\\\/schoenstatt.com\\\/es\\\/una-experiencia-de-familia\\\/\",\"url\":\"https:\\\/\\\/schoenstatt.com\\\/es\\\/una-experiencia-de-familia\\\/\",\"name\":\"Una experiencia de familia - Schoenstatt\",\"isPartOf\":{\"@id\":\"https:\\\/\\\/schoenstatt.com\\\/es\\\/#website\"},\"primaryImageOfPage\":{\"@id\":\"https:\\\/\\\/schoenstatt.com\\\/es\\\/una-experiencia-de-familia\\\/#primaryimage\"},\"image\":{\"@id\":\"https:\\\/\\\/schoenstatt.com\\\/es\\\/una-experiencia-de-familia\\\/#primaryimage\"},\"thumbnailUrl\":\"https:\\\/\\\/schoenstatt.com\\\/wp-content\\\/uploads\\\/2023\\\/02\\\/JF-South-africa-6-1.png\",\"datePublished\":\"2023-02-08T23:20:23+00:00\",\"dateModified\":\"2025-05-15T00:06:38+00:00\",\"description\":\"Una experiencia de familia \u2013 fue lo que se vivi\u00f3 en el mini campamento de la Juventud Femenina de Schoenstatt en Cudad del Cabo.\",\"breadcrumb\":{\"@id\":\"https:\\\/\\\/schoenstatt.com\\\/es\\\/una-experiencia-de-familia\\\/#breadcrumb\"},\"inLanguage\":\"es\",\"potentialAction\":[{\"@type\":\"ReadAction\",\"target\":[\"https:\\\/\\\/schoenstatt.com\\\/es\\\/una-experiencia-de-familia\\\/\"]}]},{\"@type\":\"ImageObject\",\"inLanguage\":\"es\",\"@id\":\"https:\\\/\\\/schoenstatt.com\\\/es\\\/una-experiencia-de-familia\\\/#primaryimage\",\"url\":\"https:\\\/\\\/schoenstatt.com\\\/wp-content\\\/uploads\\\/2023\\\/02\\\/JF-South-africa-6-1.png\",\"contentUrl\":\"https:\\\/\\\/schoenstatt.com\\\/wp-content\\\/uploads\\\/2023\\\/02\\\/JF-South-africa-6-1.png\",\"width\":859,\"height\":593,\"caption\":\"Familie\"},{\"@type\":\"BreadcrumbList\",\"@id\":\"https:\\\/\\\/schoenstatt.com\\\/es\\\/una-experiencia-de-familia\\\/#breadcrumb\",\"itemListElement\":[{\"@type\":\"ListItem\",\"position\":1,\"name\":\"Portada\",\"item\":\"https:\\\/\\\/schoenstatt.com\\\/es\\\/home\\\/\"},{\"@type\":\"ListItem\",\"position\":2,\"name\":\"Una experiencia de familia\"}]},{\"@type\":\"WebSite\",\"@id\":\"https:\\\/\\\/schoenstatt.com\\\/es\\\/#website\",\"url\":\"https:\\\/\\\/schoenstatt.com\\\/es\\\/\",\"name\":\"Schoenstatt\",\"description\":\"Apostolic Movement\",\"publisher\":{\"@id\":\"https:\\\/\\\/schoenstatt.com\\\/es\\\/#organization\"},\"potentialAction\":[{\"@type\":\"SearchAction\",\"target\":{\"@type\":\"EntryPoint\",\"urlTemplate\":\"https:\\\/\\\/schoenstatt.com\\\/es\\\/?s={search_term_string}\"},\"query-input\":{\"@type\":\"PropertyValueSpecification\",\"valueRequired\":true,\"valueName\":\"search_term_string\"}}],\"inLanguage\":\"es\"},{\"@type\":\"Organization\",\"@id\":\"https:\\\/\\\/schoenstatt.com\\\/es\\\/#organization\",\"name\":\"Schoenstatt\",\"url\":\"https:\\\/\\\/schoenstatt.com\\\/es\\\/\",\"logo\":{\"@type\":\"ImageObject\",\"inLanguage\":\"es\",\"@id\":\"https:\\\/\\\/schoenstatt.com\\\/es\\\/#\\\/schema\\\/logo\\\/image\\\/\",\"url\":\"https:\\\/\\\/schoenstatt.com\\\/wp-content\\\/uploads\\\/2025\\\/04\\\/logo-schoenstatt-white-696x696-1.png\",\"contentUrl\":\"https:\\\/\\\/schoenstatt.com\\\/wp-content\\\/uploads\\\/2025\\\/04\\\/logo-schoenstatt-white-696x696-1.png\",\"width\":696,\"height\":694,\"caption\":\"Schoenstatt\"},\"image\":{\"@id\":\"https:\\\/\\\/schoenstatt.com\\\/es\\\/#\\\/schema\\\/logo\\\/image\\\/\"}},{\"@type\":\"Person\",\"@id\":\"https:\\\/\\\/schoenstatt.com\\\/es\\\/#\\\/schema\\\/person\\\/5158877ad4acae98b34daaeef2a1ce6e\",\"name\":\"Karen Bueno\",\"image\":{\"@type\":\"ImageObject\",\"inLanguage\":\"es\",\"@id\":\"https:\\\/\\\/secure.gravatar.com\\\/avatar\\\/f9f4b823873154269d2b2130f195f6d41037dd0d7fc5f3cacb5c846bae70d66b?s=96&d=mm&r=g\",\"url\":\"https:\\\/\\\/secure.gravatar.com\\\/avatar\\\/f9f4b823873154269d2b2130f195f6d41037dd0d7fc5f3cacb5c846bae70d66b?s=96&d=mm&r=g\",\"contentUrl\":\"https:\\\/\\\/secure.gravatar.com\\\/avatar\\\/f9f4b823873154269d2b2130f195f6d41037dd0d7fc5f3cacb5c846bae70d66b?s=96&d=mm&r=g\",\"caption\":\"Karen Bueno\"},\"url\":\"https:\\\/\\\/schoenstatt.com\\\/es\\\/author\\\/karen-bueno\\\/\"}]}<\/script>\n<!-- \/ Yoast SEO Premium plugin. -->","yoast_head_json":{"title":"Una experiencia de familia - Schoenstatt","description":"Una experiencia de familia \u2013 fue lo que se vivi\u00f3 en el mini campamento de la Juventud Femenina de Schoenstatt en Cudad del Cabo.","robots":{"index":"index","follow":"follow","max-snippet":"max-snippet:-1","max-image-preview":"max-image-preview:large","max-video-preview":"max-video-preview:-1"},"canonical":"https:\/\/schoenstatt.com\/es\/una-experiencia-de-familia\/","og_locale":"es_ES","og_type":"article","og_title":"Una experiencia de familia","og_description":"Una experiencia de familia \u2013 fue lo que se vivi\u00f3 en el mini campamento de la Juventud Femenina de Schoenstatt en Cudad del Cabo.","og_url":"https:\/\/schoenstatt.com\/es\/una-experiencia-de-familia\/","og_site_name":"Schoenstatt","article_published_time":"2023-02-08T23:20:23+00:00","article_modified_time":"2025-05-15T00:06:38+00:00","og_image":[{"width":859,"height":593,"url":"https:\/\/schoenstatt.com\/wp-content\/uploads\/2023\/02\/JF-South-africa-6-1.png","type":"image\/png"}],"author":"Karen Bueno","twitter_card":"summary_large_image","twitter_misc":{"Escrito por":"Karen Bueno","Tiempo de lectura":"4 minutos"},"schema":{"@context":"https:\/\/schema.org","@graph":[{"@type":"Article","@id":"https:\/\/schoenstatt.com\/es\/una-experiencia-de-familia\/#article","isPartOf":{"@id":"https:\/\/schoenstatt.com\/es\/una-experiencia-de-familia\/"},"author":{"name":"Karen Bueno","@id":"https:\/\/schoenstatt.com\/es\/#\/schema\/person\/5158877ad4acae98b34daaeef2a1ce6e"},"headline":"Una experiencia de familia","datePublished":"2023-02-08T23:20:23+00:00","dateModified":"2025-05-15T00:06:38+00:00","mainEntityOfPage":{"@id":"https:\/\/schoenstatt.com\/es\/una-experiencia-de-familia\/"},"wordCount":609,"publisher":{"@id":"https:\/\/schoenstatt.com\/es\/#organization"},"image":{"@id":"https:\/\/schoenstatt.com\/es\/una-experiencia-de-familia\/#primaryimage"},"thumbnailUrl":"https:\/\/schoenstatt.com\/wp-content\/uploads\/2023\/02\/JF-South-africa-6-1.png","articleSection":["Espiritualidad","Familia"],"inLanguage":"es"},{"@type":"WebPage","@id":"https:\/\/schoenstatt.com\/es\/una-experiencia-de-familia\/","url":"https:\/\/schoenstatt.com\/es\/una-experiencia-de-familia\/","name":"Una experiencia de familia - Schoenstatt","isPartOf":{"@id":"https:\/\/schoenstatt.com\/es\/#website"},"primaryImageOfPage":{"@id":"https:\/\/schoenstatt.com\/es\/una-experiencia-de-familia\/#primaryimage"},"image":{"@id":"https:\/\/schoenstatt.com\/es\/una-experiencia-de-familia\/#primaryimage"},"thumbnailUrl":"https:\/\/schoenstatt.com\/wp-content\/uploads\/2023\/02\/JF-South-africa-6-1.png","datePublished":"2023-02-08T23:20:23+00:00","dateModified":"2025-05-15T00:06:38+00:00","description":"Una experiencia de familia \u2013 fue lo que se vivi\u00f3 en el mini campamento de la Juventud Femenina de Schoenstatt en Cudad del Cabo.","breadcrumb":{"@id":"https:\/\/schoenstatt.com\/es\/una-experiencia-de-familia\/#breadcrumb"},"inLanguage":"es","potentialAction":[{"@type":"ReadAction","target":["https:\/\/schoenstatt.com\/es\/una-experiencia-de-familia\/"]}]},{"@type":"ImageObject","inLanguage":"es","@id":"https:\/\/schoenstatt.com\/es\/una-experiencia-de-familia\/#primaryimage","url":"https:\/\/schoenstatt.com\/wp-content\/uploads\/2023\/02\/JF-South-africa-6-1.png","contentUrl":"https:\/\/schoenstatt.com\/wp-content\/uploads\/2023\/02\/JF-South-africa-6-1.png","width":859,"height":593,"caption":"Familie"},{"@type":"BreadcrumbList","@id":"https:\/\/schoenstatt.com\/es\/una-experiencia-de-familia\/#breadcrumb","itemListElement":[{"@type":"ListItem","position":1,"name":"Portada","item":"https:\/\/schoenstatt.com\/es\/home\/"},{"@type":"ListItem","position":2,"name":"Una experiencia de familia"}]},{"@type":"WebSite","@id":"https:\/\/schoenstatt.com\/es\/#website","url":"https:\/\/schoenstatt.com\/es\/","name":"Schoenstatt","description":"Apostolic Movement","publisher":{"@id":"https:\/\/schoenstatt.com\/es\/#organization"},"potentialAction":[{"@type":"SearchAction","target":{"@type":"EntryPoint","urlTemplate":"https:\/\/schoenstatt.com\/es\/?s={search_term_string}"},"query-input":{"@type":"PropertyValueSpecification","valueRequired":true,"valueName":"search_term_string"}}],"inLanguage":"es"},{"@type":"Organization","@id":"https:\/\/schoenstatt.com\/es\/#organization","name":"Schoenstatt","url":"https:\/\/schoenstatt.com\/es\/","logo":{"@type":"ImageObject","inLanguage":"es","@id":"https:\/\/schoenstatt.com\/es\/#\/schema\/logo\/image\/","url":"https:\/\/schoenstatt.com\/wp-content\/uploads\/2025\/04\/logo-schoenstatt-white-696x696-1.png","contentUrl":"https:\/\/schoenstatt.com\/wp-content\/uploads\/2025\/04\/logo-schoenstatt-white-696x696-1.png","width":696,"height":694,"caption":"Schoenstatt"},"image":{"@id":"https:\/\/schoenstatt.com\/es\/#\/schema\/logo\/image\/"}},{"@type":"Person","@id":"https:\/\/schoenstatt.com\/es\/#\/schema\/person\/5158877ad4acae98b34daaeef2a1ce6e","name":"Karen Bueno","image":{"@type":"ImageObject","inLanguage":"es","@id":"https:\/\/secure.gravatar.com\/avatar\/f9f4b823873154269d2b2130f195f6d41037dd0d7fc5f3cacb5c846bae70d66b?s=96&d=mm&r=g","url":"https:\/\/secure.gravatar.com\/avatar\/f9f4b823873154269d2b2130f195f6d41037dd0d7fc5f3cacb5c846bae70d66b?s=96&d=mm&r=g","contentUrl":"https:\/\/secure.gravatar.com\/avatar\/f9f4b823873154269d2b2130f195f6d41037dd0d7fc5f3cacb5c846bae70d66b?s=96&d=mm&r=g","caption":"Karen Bueno"},"url":"https:\/\/schoenstatt.com\/es\/author\/karen-bueno\/"}]}},"_links":{"self":[{"href":"https:\/\/schoenstatt.com\/es\/wp-json\/wp\/v2\/posts\/29301","targetHints":{"allow":["GET"]}}],"collection":[{"href":"https:\/\/schoenstatt.com\/es\/wp-json\/wp\/v2\/posts"}],"about":[{"href":"https:\/\/schoenstatt.com\/es\/wp-json\/wp\/v2\/types\/post"}],"author":[{"embeddable":true,"href":"https:\/\/schoenstatt.com\/es\/wp-json\/wp\/v2\/users\/3"}],"replies":[{"embeddable":true,"href":"https:\/\/schoenstatt.com\/es\/wp-json\/wp\/v2\/comments?post=29301"}],"version-history":[{"count":1,"href":"https:\/\/schoenstatt.com\/es\/wp-json\/wp\/v2\/posts\/29301\/revisions"}],"predecessor-version":[{"id":45847,"href":"https:\/\/schoenstatt.com\/es\/wp-json\/wp\/v2\/posts\/29301\/revisions\/45847"}],"wp:featuredmedia":[{"embeddable":true,"href":"https:\/\/schoenstatt.com\/es\/wp-json\/wp\/v2\/media\/29275"}],"wp:attachment":[{"href":"https:\/\/schoenstatt.com\/es\/wp-json\/wp\/v2\/media?parent=29301"}],"wp:term":[{"taxonomy":"category","embeddable":true,"href":"https:\/\/schoenstatt.com\/es\/wp-json\/wp\/v2\/categories?post=29301"},{"taxonomy":"post_tag","embeddable":true,"href":"https:\/\/schoenstatt.com\/es\/wp-json\/wp\/v2\/tags?post=29301"}],"curies":[{"name":"wp","href":"https:\/\/api.w.org\/{rel}","templated":true}]}}