{"id":27202,"date":"2022-10-06T15:01:22","date_gmt":"2022-10-06T13:01:22","guid":{"rendered":"https:\/\/schoenstatt.com\/?p=27202"},"modified":"2025-05-15T18:46:30","modified_gmt":"2025-05-15T16:46:30","slug":"francisco-y-defensores-del-ambiente-protagonistas-de-la-pelicula-la-carta","status":"publish","type":"post","link":"https:\/\/schoenstatt.com\/es\/francisco-y-defensores-del-ambiente-protagonistas-de-la-pelicula-la-carta\/","title":{"rendered":"Francisco y defensores del ambiente protagonistas de la pel\u00edcula \u201cLa Carta\u201d"},"content":{"rendered":"<h3>La Carta<\/h3>\n<p>En ocasi\u00f3n de la fiesta de San Francisco, se presenta, en primicia mundial <em>\u201cLa Carta<\/em>\u201d, un nuevo largometraje documental sobre el poder de la humanidad para detener la crisis ecol\u00f3gica. La pel\u00edcula proyectada a las 18.30, hora de Roma, en el Aula Nueva del S\u00ednodo en la Ciudad del Vaticano, cuenta la historia del viaje a Roma de diversos l\u00edderes, comprometidos en primera l\u00ednea del cuidado de la casa com\u00fan, para dialogar sobre la Carta Enc\u00edclica Laudato Si&#8217; con el Papa Francisco. El di\u00e1logo exclusivo con el Papa, incluido en la pel\u00edcula, ofrece una visi\u00f3n reveladora de la historia personal del Papa Francisco e historias nunca vistas desde que se convirti\u00f3 en el obispo de Roma.<\/p>\n<p>Los protagonistas de la pel\u00edcula son un l\u00edder ind\u00edgena del Amazonas, un refugiado clim\u00e1tico y estudiante de Senegal, un activista juvenil de la India y un equipo de cient\u00edficos de Estados Unidos (marido y mujer), en representaci\u00f3n de las voces que a menudo no se escuchan enel di\u00e1logo global sobre nuestro planeta. A trav\u00e9s de su encuentro transformador con el Papa y entre ellos, encuentran una nueva esperanza para nuestra casa com\u00fan. El cardenal Raniero Cantalamessa O.F.M, Predicador de la Casa Pontificia desde 1980, aparece en la pel\u00edcula y ofrece una perspectiva \u00fanica para entender las antiguas ra\u00edces franciscanas del mensaje de la Carta Enc\u00edclica Laudato Si&#8217; del Papa Francisco<\/p>\n<p><img fetchpriority=\"high\" decoding=\"async\" class=\"aligncenter wp-image-27211 size-full\" src=\"https:\/\/schoenstatt.com\/wp-content\/uploads\/2022\/10\/The-letter-4.png\" alt=\"\" width=\"748\" height=\"364\" \/><\/p>\n<p>La pel\u00edcula \u201c<em>La Carta<\/em>\u201d<a href=\"https:\/\/theletterfilm.org\/es\/watch-es\/\"> (https:\/\/theletterfilm.org\/es\/) <\/a>es presentada por YouTube Originals. Es la primera vez que una pel\u00edcula con un Papa estar\u00e1 disponible de forma gratuita a trav\u00e9s de un servicio de streaming. \u00a0El trailer y el film completo est\u00e1n disponibles en el canal de Youtube Originals y pueden ser usados para art\u00edculos period\u00edsticos. Producida por el equipo ganador del Oscar Off the Fence (My Octopus Teacher) en colaboraci\u00f3n con el Movimiento Laudato Si&#8217;, la pel\u00edcula fue dirigida por el director ganador de un Emmy, Nicolas Brown. La Carta se realiz\u00f3 en colaboraci\u00f3n con el Dicasterio de Comunicaci\u00f3n y el Dicasterio para el Servicio del Desarrollo Humano Integral.<\/p>\n<h3>Di\u00e1logos sobre el Planeta<\/h3>\n<p><img decoding=\"async\" class=\"aligncenter wp-image-27207 size-full\" src=\"https:\/\/schoenstatt.com\/wp-content\/uploads\/2022\/10\/The-letter-2.png\" alt=\"La Carta\" width=\"500\" height=\"278\" \/><\/p>\n<p>El largometraje documental \u201c<em>La Carta<\/em>\u201d fue presentado este martes, 04 de octubre, en la Sala de Prensa de la Santa Sede. Una fecha singular, no solo por ser la solemnidad de San Francisco de As\u00eds, sino tambi\u00e9n porque, hoy, entra en vigor oficialmente la adhesi\u00f3n de la Santa Sede y de la Gobernaci\u00f3n de la Ciudad del Vaticano a la Convenci\u00f3n de la ONU sobre el Cambio Clim\u00e1tico y los Acuerdos de Par\u00eds.<\/p>\n<p>La conferencia de prensa se abri\u00f3 con un discurso del cardenal Michael Czerny, prefecto del Dicasterio para el Servicio del Desarrollo Humano Integral. El cardenal destac\u00f3 que \u00ab<em>en su enc\u00edclica Laudato si&#8217;<\/em> el Papa Francisco quiere entrar en di\u00e1logo con todos los habitantes del planeta Tierra, nuestra casa com\u00fan. La crisis medioambiental no es un problema que concierna s\u00f3lo a los cat\u00f3licos. Nos concierne a todos, ahora y para las generaciones futuras. Esta pel\u00edcula es un grito de alarma para la gente de todo el mundo: debemos actuar juntos, y debemos hacerlo ahora\u00bb.<\/p>\n<h3>Fe y arte por la ecolog\u00eda<\/h3>\n<p>En la presentaci\u00f3n de la pel\u00edcula documental tambi\u00e9n intervino Hoesung Lee, presidente del Grupo Intergubernamental de Expertos sobre el Cambio Clim\u00e1tico, quien se centr\u00f3 en la importancia de la alianza entre la fe y la ciencia para frenar los numerosos riesgos relacionados con el cambio clim\u00e1tico. La comunidad cient\u00edfica agradece la oportunidad de colaborar con artistas y personas de fe. Tanto la fe como el arte, explic\u00f3, pueden inspirar una aut\u00e9ntica acci\u00f3n clim\u00e1tica colectiva. Para el director Nicolas Brown, que explic\u00f3 la estructura del documental, el reto m\u00e1s grave para la humanidad es afrontar el doble problema del cambio clim\u00e1tico y la p\u00e9rdida de biodiversidad.<\/p>\n<h3>Actuar juntos para frenar los efectos del cambio clim\u00e1tico<\/h3>\n<p><img decoding=\"async\" class=\"aligncenter wp-image-27215 size-full\" src=\"https:\/\/schoenstatt.com\/wp-content\/uploads\/2022\/10\/Screenshot_1.png\" alt=\"\" width=\"315\" height=\"348\" \/><\/p>\n<p>La presidenta de la Junta Directiva del Movimiento Laudato si&#8217;, Lorna Gold, record\u00f3 que el mensaje de Francisco se dirige a todos: cada ser humano puede contribuir a defender la casa com\u00fan. Los signos de la cat\u00e1strofe ecol\u00f3gica, se\u00f1al\u00f3, est\u00e1n por todas partes. Esta pel\u00edcula pone de manifiesto las tr\u00e1gicas consecuencias de la inacci\u00f3n, pero tambi\u00e9n se\u00f1ala el camino a seguir.<\/p>\n<p>Por \u00faltimo, uno de los protagonistas de la pel\u00edcula habl\u00f3 en la rueda de prensa. Se trata del cacique Odair \u00abDad\u00e1\u00bb Borari, jefe general del Territorio Ind\u00edgena Mar\u00f3, en Par\u00e1 (Brasil), que se\u00f1al\u00f3 una prioridad: la de defender el territorio amaz\u00f3nico. \u00ab<em>Hablo en nombre de la selva y de los pueblos ind\u00edgenas que luchan para exigir justicia\u00bb<\/em>, dijo. \u00ab<em>Espero que los presidentes de todos los pa\u00edses puedan unir sus esfuerzos para encontrar una soluci\u00f3n y defender la Amazonia<\/em>\u00ab. A\u00f1adi\u00f3 que es de esperar que el nuevo presidente de Brasil pueda construir una \u00abnueva pol\u00edtica\u00bb en la que no haya lugar para la destrucci\u00f3n de la selva.<\/p>\n<p><iframe title=\"The Pope, the Environmental Crisis, and Frontline Leaders | The Letter: Laudato Si Film\" width=\"800\" height=\"450\" src=\"https:\/\/www.youtube.com\/embed\/Rps9bs85BII?feature=oembed\" frameborder=\"0\" allow=\"accelerometer; autoplay; clipboard-write; encrypted-media; gyroscope; picture-in-picture; web-share\" referrerpolicy=\"strict-origin-when-cross-origin\" allowfullscreen><\/iframe><\/p>\n","protected":false},"excerpt":{"rendered":"<p>La pel\u00edcula documental sobre los encuentros del Papa y seguidores del movimiento Laudato Si\u2019 habla sobre el poder de la humanidad para detener la crisis ecol\u00f3gica. Presentada este martes en la Oficina de Prensa de la Santa Sede, la cinta estar\u00e1 disponible gratuitamente en YouTube Originals.<\/p>\n","protected":false},"author":1,"featured_media":27203,"comment_status":"closed","ping_status":"closed","sticky":false,"template":"","format":"standard","meta":{"footnotes":""},"categories":[800,913],"tags":[],"class_list":["post-27202","post","type-post","status-publish","format-standard","has-post-thumbnail","hentry","category-papa-francisco-es","category-sociedad-es"],"yoast_head":"<!-- This site is optimized with the Yoast SEO Premium plugin v27.4 (Yoast SEO v27.4) - https:\/\/yoast.com\/product\/yoast-seo-premium-wordpress\/ -->\n<title>Francisco y defensores del ambiente protagonistas de la pel\u00edcula \u201cLa Carta\u201d - Schoenstatt<\/title>\n<meta name=\"description\" content=\"&quot;La Carta &quot; es una pel\u00edcula documental sobre los encuentros del Papa y seguidores del movimiento Laudato Si.\" \/>\n<meta name=\"robots\" content=\"index, follow, max-snippet:-1, max-image-preview:large, max-video-preview:-1\" \/>\n<link rel=\"canonical\" href=\"https:\/\/schoenstatt.com\/es\/francisco-y-defensores-del-ambiente-protagonistas-de-la-pelicula-la-carta\/\" \/>\n<meta property=\"og:locale\" content=\"es_ES\" \/>\n<meta property=\"og:type\" content=\"article\" \/>\n<meta property=\"og:title\" content=\"Francisco y defensores del ambiente protagonistas de la pel\u00edcula \u201cLa Carta\u201d\" \/>\n<meta property=\"og:description\" content=\"&quot;La Carta &quot; es una pel\u00edcula documental sobre los encuentros del Papa y seguidores del movimiento Laudato Si.\" \/>\n<meta property=\"og:url\" content=\"https:\/\/schoenstatt.com\/es\/francisco-y-defensores-del-ambiente-protagonistas-de-la-pelicula-la-carta\/\" \/>\n<meta property=\"og:site_name\" content=\"Schoenstatt\" \/>\n<meta property=\"article:published_time\" content=\"2022-10-06T13:01:22+00:00\" \/>\n<meta property=\"article:modified_time\" content=\"2025-05-15T16:46:30+00:00\" \/>\n<meta property=\"og:image\" content=\"https:\/\/schoenstatt.com\/wp-content\/uploads\/2022\/10\/The-letter-1.png\" \/>\n\t<meta property=\"og:image:width\" content=\"742\" \/>\n\t<meta property=\"og:image:height\" content=\"373\" \/>\n\t<meta property=\"og:image:type\" content=\"image\/png\" \/>\n<meta name=\"author\" content=\"admin\" \/>\n<meta name=\"twitter:card\" content=\"summary_large_image\" \/>\n<meta name=\"twitter:label1\" content=\"Escrito por\" \/>\n\t<meta name=\"twitter:data1\" content=\"admin\" \/>\n\t<meta name=\"twitter:label2\" content=\"Tiempo de lectura\" \/>\n\t<meta name=\"twitter:data2\" content=\"5 minutos\" \/>\n<script type=\"application\/ld+json\" class=\"yoast-schema-graph\">{\"@context\":\"https:\\\/\\\/schema.org\",\"@graph\":[{\"@type\":\"Article\",\"@id\":\"https:\\\/\\\/schoenstatt.com\\\/es\\\/francisco-y-defensores-del-ambiente-protagonistas-de-la-pelicula-la-carta\\\/#article\",\"isPartOf\":{\"@id\":\"https:\\\/\\\/schoenstatt.com\\\/es\\\/francisco-y-defensores-del-ambiente-protagonistas-de-la-pelicula-la-carta\\\/\"},\"author\":{\"name\":\"admin\",\"@id\":\"https:\\\/\\\/schoenstatt.com\\\/es\\\/#\\\/schema\\\/person\\\/489465b1850e7b216fe2c10dfc262551\"},\"headline\":\"Francisco y defensores del ambiente protagonistas de la pel\u00edcula \u201cLa Carta\u201d\",\"datePublished\":\"2022-10-06T13:01:22+00:00\",\"dateModified\":\"2025-05-15T16:46:30+00:00\",\"mainEntityOfPage\":{\"@id\":\"https:\\\/\\\/schoenstatt.com\\\/es\\\/francisco-y-defensores-del-ambiente-protagonistas-de-la-pelicula-la-carta\\\/\"},\"wordCount\":893,\"publisher\":{\"@id\":\"https:\\\/\\\/schoenstatt.com\\\/es\\\/#organization\"},\"image\":{\"@id\":\"https:\\\/\\\/schoenstatt.com\\\/es\\\/francisco-y-defensores-del-ambiente-protagonistas-de-la-pelicula-la-carta\\\/#primaryimage\"},\"thumbnailUrl\":\"https:\\\/\\\/schoenstatt.com\\\/wp-content\\\/uploads\\\/2022\\\/10\\\/The-letter-1.png\",\"articleSection\":[\"Papa Francisco\",\"Sociedad\"],\"inLanguage\":\"es\"},{\"@type\":\"WebPage\",\"@id\":\"https:\\\/\\\/schoenstatt.com\\\/es\\\/francisco-y-defensores-del-ambiente-protagonistas-de-la-pelicula-la-carta\\\/\",\"url\":\"https:\\\/\\\/schoenstatt.com\\\/es\\\/francisco-y-defensores-del-ambiente-protagonistas-de-la-pelicula-la-carta\\\/\",\"name\":\"Francisco y defensores del ambiente protagonistas de la pel\u00edcula \u201cLa Carta\u201d - Schoenstatt\",\"isPartOf\":{\"@id\":\"https:\\\/\\\/schoenstatt.com\\\/es\\\/#website\"},\"primaryImageOfPage\":{\"@id\":\"https:\\\/\\\/schoenstatt.com\\\/es\\\/francisco-y-defensores-del-ambiente-protagonistas-de-la-pelicula-la-carta\\\/#primaryimage\"},\"image\":{\"@id\":\"https:\\\/\\\/schoenstatt.com\\\/es\\\/francisco-y-defensores-del-ambiente-protagonistas-de-la-pelicula-la-carta\\\/#primaryimage\"},\"thumbnailUrl\":\"https:\\\/\\\/schoenstatt.com\\\/wp-content\\\/uploads\\\/2022\\\/10\\\/The-letter-1.png\",\"datePublished\":\"2022-10-06T13:01:22+00:00\",\"dateModified\":\"2025-05-15T16:46:30+00:00\",\"description\":\"\\\"La Carta \\\" es una pel\u00edcula documental sobre los encuentros del Papa y seguidores del movimiento Laudato Si.\",\"breadcrumb\":{\"@id\":\"https:\\\/\\\/schoenstatt.com\\\/es\\\/francisco-y-defensores-del-ambiente-protagonistas-de-la-pelicula-la-carta\\\/#breadcrumb\"},\"inLanguage\":\"es\",\"potentialAction\":[{\"@type\":\"ReadAction\",\"target\":[\"https:\\\/\\\/schoenstatt.com\\\/es\\\/francisco-y-defensores-del-ambiente-protagonistas-de-la-pelicula-la-carta\\\/\"]}]},{\"@type\":\"ImageObject\",\"inLanguage\":\"es\",\"@id\":\"https:\\\/\\\/schoenstatt.com\\\/es\\\/francisco-y-defensores-del-ambiente-protagonistas-de-la-pelicula-la-carta\\\/#primaryimage\",\"url\":\"https:\\\/\\\/schoenstatt.com\\\/wp-content\\\/uploads\\\/2022\\\/10\\\/The-letter-1.png\",\"contentUrl\":\"https:\\\/\\\/schoenstatt.com\\\/wp-content\\\/uploads\\\/2022\\\/10\\\/The-letter-1.png\",\"width\":742,\"height\":373,\"caption\":\"Laudato si\"},{\"@type\":\"BreadcrumbList\",\"@id\":\"https:\\\/\\\/schoenstatt.com\\\/es\\\/francisco-y-defensores-del-ambiente-protagonistas-de-la-pelicula-la-carta\\\/#breadcrumb\",\"itemListElement\":[{\"@type\":\"ListItem\",\"position\":1,\"name\":\"Portada\",\"item\":\"https:\\\/\\\/schoenstatt.com\\\/es\\\/home\\\/\"},{\"@type\":\"ListItem\",\"position\":2,\"name\":\"Francisco y defensores del ambiente protagonistas de la pel\u00edcula \u201cLa Carta\u201d\"}]},{\"@type\":\"WebSite\",\"@id\":\"https:\\\/\\\/schoenstatt.com\\\/es\\\/#website\",\"url\":\"https:\\\/\\\/schoenstatt.com\\\/es\\\/\",\"name\":\"Schoenstatt\",\"description\":\"Apostolic Movement\",\"publisher\":{\"@id\":\"https:\\\/\\\/schoenstatt.com\\\/es\\\/#organization\"},\"potentialAction\":[{\"@type\":\"SearchAction\",\"target\":{\"@type\":\"EntryPoint\",\"urlTemplate\":\"https:\\\/\\\/schoenstatt.com\\\/es\\\/?s={search_term_string}\"},\"query-input\":{\"@type\":\"PropertyValueSpecification\",\"valueRequired\":true,\"valueName\":\"search_term_string\"}}],\"inLanguage\":\"es\"},{\"@type\":\"Organization\",\"@id\":\"https:\\\/\\\/schoenstatt.com\\\/es\\\/#organization\",\"name\":\"Schoenstatt\",\"url\":\"https:\\\/\\\/schoenstatt.com\\\/es\\\/\",\"logo\":{\"@type\":\"ImageObject\",\"inLanguage\":\"es\",\"@id\":\"https:\\\/\\\/schoenstatt.com\\\/es\\\/#\\\/schema\\\/logo\\\/image\\\/\",\"url\":\"https:\\\/\\\/schoenstatt.com\\\/wp-content\\\/uploads\\\/2025\\\/04\\\/logo-schoenstatt-white-696x696-1.png\",\"contentUrl\":\"https:\\\/\\\/schoenstatt.com\\\/wp-content\\\/uploads\\\/2025\\\/04\\\/logo-schoenstatt-white-696x696-1.png\",\"width\":696,\"height\":694,\"caption\":\"Schoenstatt\"},\"image\":{\"@id\":\"https:\\\/\\\/schoenstatt.com\\\/es\\\/#\\\/schema\\\/logo\\\/image\\\/\"}},{\"@type\":\"Person\",\"@id\":\"https:\\\/\\\/schoenstatt.com\\\/es\\\/#\\\/schema\\\/person\\\/489465b1850e7b216fe2c10dfc262551\",\"name\":\"admin\",\"image\":{\"@type\":\"ImageObject\",\"inLanguage\":\"es\",\"@id\":\"https:\\\/\\\/secure.gravatar.com\\\/avatar\\\/02e8345e1ec40ab0e0a2a98fdde64a684bbaf994cddcb778b25b8b024ee9dfe6?s=96&d=mm&r=g\",\"url\":\"https:\\\/\\\/secure.gravatar.com\\\/avatar\\\/02e8345e1ec40ab0e0a2a98fdde64a684bbaf994cddcb778b25b8b024ee9dfe6?s=96&d=mm&r=g\",\"contentUrl\":\"https:\\\/\\\/secure.gravatar.com\\\/avatar\\\/02e8345e1ec40ab0e0a2a98fdde64a684bbaf994cddcb778b25b8b024ee9dfe6?s=96&d=mm&r=g\",\"caption\":\"admin\"},\"sameAs\":[\"https:\\\/\\\/schoenstatt.com\"],\"url\":\"https:\\\/\\\/schoenstatt.com\\\/es\\\/author\\\/admin\\\/\"}]}<\/script>\n<!-- \/ Yoast SEO Premium plugin. -->","yoast_head_json":{"title":"Francisco y defensores del ambiente protagonistas de la pel\u00edcula \u201cLa Carta\u201d - Schoenstatt","description":"\"La Carta \" es una pel\u00edcula documental sobre los encuentros del Papa y seguidores del movimiento Laudato Si.","robots":{"index":"index","follow":"follow","max-snippet":"max-snippet:-1","max-image-preview":"max-image-preview:large","max-video-preview":"max-video-preview:-1"},"canonical":"https:\/\/schoenstatt.com\/es\/francisco-y-defensores-del-ambiente-protagonistas-de-la-pelicula-la-carta\/","og_locale":"es_ES","og_type":"article","og_title":"Francisco y defensores del ambiente protagonistas de la pel\u00edcula \u201cLa Carta\u201d","og_description":"\"La Carta \" es una pel\u00edcula documental sobre los encuentros del Papa y seguidores del movimiento Laudato Si.","og_url":"https:\/\/schoenstatt.com\/es\/francisco-y-defensores-del-ambiente-protagonistas-de-la-pelicula-la-carta\/","og_site_name":"Schoenstatt","article_published_time":"2022-10-06T13:01:22+00:00","article_modified_time":"2025-05-15T16:46:30+00:00","og_image":[{"width":742,"height":373,"url":"https:\/\/schoenstatt.com\/wp-content\/uploads\/2022\/10\/The-letter-1.png","type":"image\/png"}],"author":"admin","twitter_card":"summary_large_image","twitter_misc":{"Escrito por":"admin","Tiempo de lectura":"5 minutos"},"schema":{"@context":"https:\/\/schema.org","@graph":[{"@type":"Article","@id":"https:\/\/schoenstatt.com\/es\/francisco-y-defensores-del-ambiente-protagonistas-de-la-pelicula-la-carta\/#article","isPartOf":{"@id":"https:\/\/schoenstatt.com\/es\/francisco-y-defensores-del-ambiente-protagonistas-de-la-pelicula-la-carta\/"},"author":{"name":"admin","@id":"https:\/\/schoenstatt.com\/es\/#\/schema\/person\/489465b1850e7b216fe2c10dfc262551"},"headline":"Francisco y defensores del ambiente protagonistas de la pel\u00edcula \u201cLa Carta\u201d","datePublished":"2022-10-06T13:01:22+00:00","dateModified":"2025-05-15T16:46:30+00:00","mainEntityOfPage":{"@id":"https:\/\/schoenstatt.com\/es\/francisco-y-defensores-del-ambiente-protagonistas-de-la-pelicula-la-carta\/"},"wordCount":893,"publisher":{"@id":"https:\/\/schoenstatt.com\/es\/#organization"},"image":{"@id":"https:\/\/schoenstatt.com\/es\/francisco-y-defensores-del-ambiente-protagonistas-de-la-pelicula-la-carta\/#primaryimage"},"thumbnailUrl":"https:\/\/schoenstatt.com\/wp-content\/uploads\/2022\/10\/The-letter-1.png","articleSection":["Papa Francisco","Sociedad"],"inLanguage":"es"},{"@type":"WebPage","@id":"https:\/\/schoenstatt.com\/es\/francisco-y-defensores-del-ambiente-protagonistas-de-la-pelicula-la-carta\/","url":"https:\/\/schoenstatt.com\/es\/francisco-y-defensores-del-ambiente-protagonistas-de-la-pelicula-la-carta\/","name":"Francisco y defensores del ambiente protagonistas de la pel\u00edcula \u201cLa Carta\u201d - Schoenstatt","isPartOf":{"@id":"https:\/\/schoenstatt.com\/es\/#website"},"primaryImageOfPage":{"@id":"https:\/\/schoenstatt.com\/es\/francisco-y-defensores-del-ambiente-protagonistas-de-la-pelicula-la-carta\/#primaryimage"},"image":{"@id":"https:\/\/schoenstatt.com\/es\/francisco-y-defensores-del-ambiente-protagonistas-de-la-pelicula-la-carta\/#primaryimage"},"thumbnailUrl":"https:\/\/schoenstatt.com\/wp-content\/uploads\/2022\/10\/The-letter-1.png","datePublished":"2022-10-06T13:01:22+00:00","dateModified":"2025-05-15T16:46:30+00:00","description":"\"La Carta \" es una pel\u00edcula documental sobre los encuentros del Papa y seguidores del movimiento Laudato Si.","breadcrumb":{"@id":"https:\/\/schoenstatt.com\/es\/francisco-y-defensores-del-ambiente-protagonistas-de-la-pelicula-la-carta\/#breadcrumb"},"inLanguage":"es","potentialAction":[{"@type":"ReadAction","target":["https:\/\/schoenstatt.com\/es\/francisco-y-defensores-del-ambiente-protagonistas-de-la-pelicula-la-carta\/"]}]},{"@type":"ImageObject","inLanguage":"es","@id":"https:\/\/schoenstatt.com\/es\/francisco-y-defensores-del-ambiente-protagonistas-de-la-pelicula-la-carta\/#primaryimage","url":"https:\/\/schoenstatt.com\/wp-content\/uploads\/2022\/10\/The-letter-1.png","contentUrl":"https:\/\/schoenstatt.com\/wp-content\/uploads\/2022\/10\/The-letter-1.png","width":742,"height":373,"caption":"Laudato si"},{"@type":"BreadcrumbList","@id":"https:\/\/schoenstatt.com\/es\/francisco-y-defensores-del-ambiente-protagonistas-de-la-pelicula-la-carta\/#breadcrumb","itemListElement":[{"@type":"ListItem","position":1,"name":"Portada","item":"https:\/\/schoenstatt.com\/es\/home\/"},{"@type":"ListItem","position":2,"name":"Francisco y defensores del ambiente protagonistas de la pel\u00edcula \u201cLa Carta\u201d"}]},{"@type":"WebSite","@id":"https:\/\/schoenstatt.com\/es\/#website","url":"https:\/\/schoenstatt.com\/es\/","name":"Schoenstatt","description":"Apostolic Movement","publisher":{"@id":"https:\/\/schoenstatt.com\/es\/#organization"},"potentialAction":[{"@type":"SearchAction","target":{"@type":"EntryPoint","urlTemplate":"https:\/\/schoenstatt.com\/es\/?s={search_term_string}"},"query-input":{"@type":"PropertyValueSpecification","valueRequired":true,"valueName":"search_term_string"}}],"inLanguage":"es"},{"@type":"Organization","@id":"https:\/\/schoenstatt.com\/es\/#organization","name":"Schoenstatt","url":"https:\/\/schoenstatt.com\/es\/","logo":{"@type":"ImageObject","inLanguage":"es","@id":"https:\/\/schoenstatt.com\/es\/#\/schema\/logo\/image\/","url":"https:\/\/schoenstatt.com\/wp-content\/uploads\/2025\/04\/logo-schoenstatt-white-696x696-1.png","contentUrl":"https:\/\/schoenstatt.com\/wp-content\/uploads\/2025\/04\/logo-schoenstatt-white-696x696-1.png","width":696,"height":694,"caption":"Schoenstatt"},"image":{"@id":"https:\/\/schoenstatt.com\/es\/#\/schema\/logo\/image\/"}},{"@type":"Person","@id":"https:\/\/schoenstatt.com\/es\/#\/schema\/person\/489465b1850e7b216fe2c10dfc262551","name":"admin","image":{"@type":"ImageObject","inLanguage":"es","@id":"https:\/\/secure.gravatar.com\/avatar\/02e8345e1ec40ab0e0a2a98fdde64a684bbaf994cddcb778b25b8b024ee9dfe6?s=96&d=mm&r=g","url":"https:\/\/secure.gravatar.com\/avatar\/02e8345e1ec40ab0e0a2a98fdde64a684bbaf994cddcb778b25b8b024ee9dfe6?s=96&d=mm&r=g","contentUrl":"https:\/\/secure.gravatar.com\/avatar\/02e8345e1ec40ab0e0a2a98fdde64a684bbaf994cddcb778b25b8b024ee9dfe6?s=96&d=mm&r=g","caption":"admin"},"sameAs":["https:\/\/schoenstatt.com"],"url":"https:\/\/schoenstatt.com\/es\/author\/admin\/"}]}},"_links":{"self":[{"href":"https:\/\/schoenstatt.com\/es\/wp-json\/wp\/v2\/posts\/27202","targetHints":{"allow":["GET"]}}],"collection":[{"href":"https:\/\/schoenstatt.com\/es\/wp-json\/wp\/v2\/posts"}],"about":[{"href":"https:\/\/schoenstatt.com\/es\/wp-json\/wp\/v2\/types\/post"}],"author":[{"embeddable":true,"href":"https:\/\/schoenstatt.com\/es\/wp-json\/wp\/v2\/users\/1"}],"replies":[{"embeddable":true,"href":"https:\/\/schoenstatt.com\/es\/wp-json\/wp\/v2\/comments?post=27202"}],"version-history":[{"count":1,"href":"https:\/\/schoenstatt.com\/es\/wp-json\/wp\/v2\/posts\/27202\/revisions"}],"predecessor-version":[{"id":45567,"href":"https:\/\/schoenstatt.com\/es\/wp-json\/wp\/v2\/posts\/27202\/revisions\/45567"}],"wp:featuredmedia":[{"embeddable":true,"href":"https:\/\/schoenstatt.com\/es\/wp-json\/wp\/v2\/media\/27203"}],"wp:attachment":[{"href":"https:\/\/schoenstatt.com\/es\/wp-json\/wp\/v2\/media?parent=27202"}],"wp:term":[{"taxonomy":"category","embeddable":true,"href":"https:\/\/schoenstatt.com\/es\/wp-json\/wp\/v2\/categories?post=27202"},{"taxonomy":"post_tag","embeddable":true,"href":"https:\/\/schoenstatt.com\/es\/wp-json\/wp\/v2\/tags?post=27202"}],"curies":[{"name":"wp","href":"https:\/\/api.w.org\/{rel}","templated":true}]}}