{"id":27087,"date":"2022-09-27T16:20:21","date_gmt":"2022-09-27T14:20:21","guid":{"rendered":"https:\/\/schoenstatt.com\/?p=27087"},"modified":"2025-05-15T18:34:31","modified_gmt":"2025-05-15T16:34:31","slug":"eucaristia-profecia-de-un-mundo-nuevo-convertido-del-egoismo-al-amor","status":"publish","type":"post","link":"https:\/\/schoenstatt.com\/es\/eucaristia-profecia-de-un-mundo-nuevo-convertido-del-egoismo-al-amor\/","title":{"rendered":"Eucarist\u00eda profec\u00eda de un mundo nuevo convertido del ego\u00edsmo al amor"},"content":{"rendered":"<p>En su homil\u00eda, el Pont\u00edfice record\u00f3 el desaf\u00edo permanente que la Eucarist\u00eda ofrece a nuestra vida: \u00ab<em><strong>adorar a Dios y no al yo<\/strong><\/em>\u00ab. E invit\u00f3 a so\u00f1ar con una Iglesia Eucar\u00edstica, que adora al Se\u00f1or presente en el pan pero que tambi\u00e9n sabe inclinarse con compasi\u00f3n ante las heridas de los que sufren.<\/p>\n<p>La Eucarist\u00eda nos recuerda la primac\u00eda de Dios y nos llama al amor a nuestros hermanos: lo record\u00f3 hoy el Papa Francisco durante la misa de clausura del XXVII Congreso Eucar\u00edstico Nacional en el Estadio Municipal XXI Septiembre de Matera. Desde la \u201cciudad del pan\u201d, el Pont\u00edfice reflexion\u00f3 sobre el texto del Evangelio de la liturgia de hoy, la par\u00e1bola que presenta por un lado al rico que hace alarde de opulencia y festeja profusamente, y por otro lado al pobre, L\u00e1zaro, que cubierto de llagas yace a la puerta esperando que caigan algunas migajas de esa mesa para alimentarse.<\/p>\n<blockquote><p>\u201cEl pan no siempre se comparte en la mesa del mundo; no siempre emana la fragancia de la comuni\u00f3n; no siempre se parte en justicia\u201d, recuerda el Papa y, ante la dram\u00e1tica escena descrita por Jes\u00fas en esta par\u00e1bola, insta a preguntarse: \u201c\u00bfa qu\u00e9 nos invita el sacramento de la Eucarist\u00eda, fuente y cumbre de la vida del cristiano?\u201d<\/p><\/blockquote>\n<p><img fetchpriority=\"high\" decoding=\"async\" class=\"aligncenter wp-image-27074 size-full\" src=\"https:\/\/schoenstatt.com\/wp-content\/uploads\/2022\/09\/Matera-5.png\" alt=\"\" width=\"682\" height=\"383\" \/><\/p>\n<h3>La primac\u00eda es de Dios<\/h3>\n<p>\u201cLa Eucarist\u00eda nos recuerda la primac\u00eda de Dios\u201d afirma el Obispo de Roma.\u00a0 El hombre rico, de hecho, no est\u00e1 abierto a una relaci\u00f3n con Dios: no hay lugar en su vida para Dios porque s\u00f3lo se adora a s\u00ed mismo, s\u00f3lo piensa en su propio bienestar, en satisfacer sus necesidades, en disfrutar de la vida. Se le llama \u201crico\u00bb, porque ha perdido su nombre, su identidad en el texto viene dada s\u00f3lo por los bienes que posee, explica el Papa y a\u00f1ade:<\/p>\n<p>Qu\u00e9 triste es esta realidad a\u00fan hoy, cuando confundimos lo que somos con lo que tenemos, cuando juzgamos a las personas por la riqueza que tienen, los t\u00edtulos que ostentan, los papeles que desempe\u00f1an o la marca de ropa que llevan. Es la religi\u00f3n del tener y del parecer, que a menudo domina la escena de este mundo, pero que al final nos deja con las manos vac\u00edas.<\/p>\n<h3>Poner a Jes\u00fas en el centro<\/h3>\n<p><img decoding=\"async\" class=\"aligncenter wp-image-27066 size-full\" src=\"https:\/\/schoenstatt.com\/wp-content\/uploads\/2022\/09\/Matera-3.png\" alt=\"Eucarist\u00eda \" width=\"679\" height=\"419\" \/><\/p>\n<p>Por el contrario, el pobre tiene un nombre, L\u00e1zaro, que significa \u00ab<em><strong>Dios ayuda<\/strong><\/em>\u00ab. \u201cA pesar de su condici\u00f3n de pobreza y marginaci\u00f3n, &#8211; observa Francisco &#8211; puede mantener su dignidad intacta porque vive en relaci\u00f3n con Dios\u201d. \u201cDios es la esperanza inquebrantable de su vida\u201d.<\/p>\n<p>He aqu\u00ed, pues, el desaf\u00edo permanente que la Eucarist\u00eda ofrece a nuestra vida: adorar a Dios y no al yo. Ponerlo a \u00c9l en el centro y no a la vanidad del yo. Para recordar que s\u00f3lo el Se\u00f1or es Dios y que todo lo dem\u00e1s es un regalo de su amor. Porque si nos adoramos a nosotros mismos, morimos en la asfixia de nuestro peque\u00f1o yo; si adoramos las riquezas de este mundo, se apoderan de nosotros y nos hacen esclavos; si adoramos al dios de la apariencia y nos embriagamos en el despilfarro, tarde o temprano la vida misma nos pedir\u00e1 la cuenta.<\/p>\n<h3>Redescubrir la oraci\u00f3n de adoraci\u00f3n<\/h3>\n<p>En cambio, cuando adoramos al Se\u00f1or Jes\u00fas presente en la Eucarist\u00eda, recibimos tambi\u00e9n una nueva mirada sobre nuestra vida:<\/p>\n<p>Yo no soy las cosas que poseo y los \u00e9xitos que consigo alcanzar; el valor de mi vida no depende de lo mucho que pueda presumir, ni disminuye cuando fracas\u00e9 y fall\u00e9. Soy un hijo amado; estoy bendecido por Dios; \u00c9l ha querido revestirme de belleza y me quiere libre de toda esclavitud. Recordemos esto: el que adora a Dios no se convierte en esclavo de nadie. Redescubramos la oraci\u00f3n de adoraci\u00f3n: nos libera y nos devuelve nuestra dignidad de hijos.<\/p>\n<h3>Jes\u00fas nos pide una conversi\u00f3n efectiva<\/h3>\n<p><img decoding=\"async\" class=\"aligncenter wp-image-27086 size-full\" src=\"https:\/\/schoenstatt.com\/wp-content\/uploads\/2022\/09\/Matera-8.png\" alt=\"\" width=\"447\" height=\"421\" \/><\/p>\n<p><em><strong>La Eucarist\u00eda<\/strong> <\/em>\u2013 recuerda el Santo Padre \u2013 nos llama adem\u00e1s al amor de nuestros hermanos. Una tarea en la que el hombre rico del Evangelio fracasa. S\u00f3lo al final de su vida, cuando el Se\u00f1or invierte su suerte, se fija por fin en L\u00e1zaro, pero Abraham le dice: \u00abEntre nosotros y t\u00fa se ha abierto un gran abismo\u00bb (Lc 16,26). \u201cFue el hombre rico \u2013 precisa el Papa \u2013 quien cav\u00f3 un abismo entre \u00e9l y L\u00e1zaro durante su vida terrenal y ahora, en la vida eterna, ese abismo permanece\u201d. De hecho, nuestro futuro eterno depende de esta vida presente: \u201csi cavamos un abismo con nuestros hermanos ahora, \u2018cavamos nuestra propia tumba\u2019 para despu\u00e9s; si levantamos muros contra nuestros hermanos ahora, quedamos presos en la soledad y la muerte incluso despu\u00e9s\u201d. \u00abEsta par\u00e1bola sigue siendo tambi\u00e9n la historia de nuestro tiempo\u00bb, recuerda Francisco:<\/p>\n<p>Las injusticias, las desigualdades, los recursos de la tierra injustamente repartidos, los abusos de los poderosos contra los d\u00e9biles, la indiferencia ante el grito de los pobres, el abismo que cavamos cada d\u00eda generando marginaci\u00f3n, no pueden dejarnos indiferentes. Por eso, hoy, juntos, reconozcamos que la Eucarist\u00eda es una profec\u00eda de un mundo nuevo, es la presencia de Jes\u00fas que nos pide que nos comprometamos para que se produzca una conversi\u00f3n efectiva: de la indiferencia a la compasi\u00f3n, del derroche al reparto, del ego\u00edsmo al amor, del individualismo a la fraternidad.<\/p>\n<h3>So\u00f1ar una Iglesia eucar\u00edstica<\/h3>\n<p>El Pont\u00edfice invita a so\u00f1ar una \u201cIglesia eucar\u00edstica\u201d, \u201cuna Iglesia que se arrodilla ante la Eucarist\u00eda y adora con admiraci\u00f3n al Se\u00f1or presente en el pan; pero que tambi\u00e9n sabe inclinarse con compasi\u00f3n ante las heridas de los que sufren, levantando a los pobres, enjugando las l\u00e1grimas de los que padecen, haci\u00e9ndose pan de esperanza y alegr\u00eda para todos\u201d. Y desde Matera, \u00abciudad del pan\u00bb, exhorta:<\/p>\n<p>Volvamos al sabor del pan, porque mientras tenemos hambre de amor y de esperanza, o estamos rotos por las fatigas y los sufrimientos de la vida, Jes\u00fas se convierte en alimento que nos alimenta y nos sana. Volvamos al gusto por el pan, porque mientras la injusticia y la discriminaci\u00f3n de los pobres siguen produci\u00e9ndose en el mundo, Jes\u00fas nos da el Pan de Compartir y nos env\u00eda cada d\u00eda como ap\u00f3stoles de la fraternidad, la justicia y la paz.<\/p>\n<h3>Volver a Jes\u00fas<\/h3>\n<p>El Papa invita a volver a Jes\u00fas, adorarlo y acogerlo \u201ccuando la esperanza se apaga y sentimos la soledad del coraz\u00f3n, el cansancio interior, el tormento del pecado, el miedo a no triunfar\u201d. Volver \u201cal sabor del pan\u201d. \u201cPorque \u00c9l vence a la muerte y renueva siempre nuestra vida\u201d.<\/p>\n<h3>El Congreso Eucar\u00edstico en Matera<\/h3>\n<p><img loading=\"lazy\" decoding=\"async\" class=\"aligncenter wp-image-27070 size-full\" src=\"https:\/\/schoenstatt.com\/wp-content\/uploads\/2022\/09\/Matera-4.png\" alt=\"\" width=\"679\" height=\"381\" \/><\/p>\n<p>El Papa Francisco fue recibido en la \u201cciudad del pan\u201d, a distancia de 31 a\u00f1os de la visita de San Juan Pablo II, por el presidente de la CEI, el cardenal Matteo Zuppi, por el arzobispo de Matera-Irsina, monse\u00f1or Antonio Giuseppe Caiazzo y por las autoridades locales.<\/p>\n<p>El Congreso Eucar\u00edstico, desarrollado del 22 a 24 de septiembre, tuvo como tema \u201cVolver al gusto del pan. Por una Iglesia eucar\u00edstica y sinodal\u201d. Unos 800 delegados, llegados de 166 di\u00f3cesis italianas compartieron con 80 obispos cuatro d\u00edas de oraci\u00f3n, reflexi\u00f3n sobre la centralidad de la Eucarist\u00eda.<\/p>\n<p>Fuente:\u00a0<a href=\"https:\/\/www.vaticannews.va\/es.html\">https:\/\/www.vaticannews.va\/es.html<\/a><\/p>\n","protected":false},"excerpt":{"rendered":"<p>El Papa Francisco presidi\u00f3 esta ma\u00f1ana la misa de clausura del XXVII Congreso Eucar\u00edstico Nacional en el Estadio Municipal XXI Septiembre de Matera.<\/p>\n","protected":false},"author":1,"featured_media":27062,"comment_status":"closed","ping_status":"closed","sticky":false,"template":"","format":"standard","meta":{"footnotes":""},"categories":[683,800],"tags":[],"class_list":["post-27087","post","type-post","status-publish","format-standard","has-post-thumbnail","hentry","category-iglesia-es","category-papa-francisco-es"],"yoast_head":"<!-- This site is optimized with the Yoast SEO Premium plugin v27.4 (Yoast SEO v27.4) - https:\/\/yoast.com\/product\/yoast-seo-premium-wordpress\/ -->\n<title>Eucarist\u00eda profec\u00eda de un mundo nuevo convertido del ego\u00edsmo al amor - Schoenstatt<\/title>\n<meta name=\"description\" content=\"La Eucarist\u00eda nos recuerda la primac\u00eda de Dios y nos llama al amor a nuestros hermanos: el Papa Francisco en la misa de clausura - Matera\" \/>\n<meta name=\"robots\" content=\"index, follow, max-snippet:-1, max-image-preview:large, max-video-preview:-1\" \/>\n<link rel=\"canonical\" href=\"https:\/\/schoenstatt.com\/es\/eucaristia-profecia-de-un-mundo-nuevo-convertido-del-egoismo-al-amor\/\" \/>\n<meta property=\"og:locale\" content=\"es_ES\" \/>\n<meta property=\"og:type\" content=\"article\" \/>\n<meta property=\"og:title\" content=\"Eucarist\u00eda profec\u00eda de un mundo nuevo convertido del ego\u00edsmo al amor\" \/>\n<meta property=\"og:description\" content=\"La Eucarist\u00eda nos recuerda la primac\u00eda de Dios y nos llama al amor a nuestros hermanos: el Papa Francisco en la misa de clausura - Matera\" \/>\n<meta property=\"og:url\" content=\"https:\/\/schoenstatt.com\/es\/eucaristia-profecia-de-un-mundo-nuevo-convertido-del-egoismo-al-amor\/\" \/>\n<meta property=\"og:site_name\" content=\"Schoenstatt\" \/>\n<meta property=\"article:published_time\" content=\"2022-09-27T14:20:21+00:00\" \/>\n<meta property=\"article:modified_time\" content=\"2025-05-15T16:34:31+00:00\" \/>\n<meta property=\"og:image\" content=\"https:\/\/schoenstatt.com\/wp-content\/uploads\/2022\/09\/Matera-2-1.png\" \/>\n\t<meta property=\"og:image:width\" content=\"648\" \/>\n\t<meta property=\"og:image:height\" content=\"417\" \/>\n\t<meta property=\"og:image:type\" content=\"image\/png\" \/>\n<meta name=\"author\" content=\"admin\" \/>\n<meta name=\"twitter:card\" content=\"summary_large_image\" \/>\n<meta name=\"twitter:label1\" content=\"Escrito por\" \/>\n\t<meta name=\"twitter:data1\" content=\"admin\" \/>\n\t<meta name=\"twitter:label2\" content=\"Tiempo de lectura\" \/>\n\t<meta name=\"twitter:data2\" content=\"6 minutos\" \/>\n<script type=\"application\/ld+json\" class=\"yoast-schema-graph\">{\"@context\":\"https:\\\/\\\/schema.org\",\"@graph\":[{\"@type\":\"Article\",\"@id\":\"https:\\\/\\\/schoenstatt.com\\\/es\\\/eucaristia-profecia-de-un-mundo-nuevo-convertido-del-egoismo-al-amor\\\/#article\",\"isPartOf\":{\"@id\":\"https:\\\/\\\/schoenstatt.com\\\/es\\\/eucaristia-profecia-de-un-mundo-nuevo-convertido-del-egoismo-al-amor\\\/\"},\"author\":{\"name\":\"admin\",\"@id\":\"https:\\\/\\\/schoenstatt.com\\\/es\\\/#\\\/schema\\\/person\\\/489465b1850e7b216fe2c10dfc262551\"},\"headline\":\"Eucarist\u00eda profec\u00eda de un mundo nuevo convertido del ego\u00edsmo al amor\",\"datePublished\":\"2022-09-27T14:20:21+00:00\",\"dateModified\":\"2025-05-15T16:34:31+00:00\",\"mainEntityOfPage\":{\"@id\":\"https:\\\/\\\/schoenstatt.com\\\/es\\\/eucaristia-profecia-de-un-mundo-nuevo-convertido-del-egoismo-al-amor\\\/\"},\"wordCount\":1287,\"publisher\":{\"@id\":\"https:\\\/\\\/schoenstatt.com\\\/es\\\/#organization\"},\"image\":{\"@id\":\"https:\\\/\\\/schoenstatt.com\\\/es\\\/eucaristia-profecia-de-un-mundo-nuevo-convertido-del-egoismo-al-amor\\\/#primaryimage\"},\"thumbnailUrl\":\"https:\\\/\\\/schoenstatt.com\\\/wp-content\\\/uploads\\\/2022\\\/09\\\/Matera-2-1.png\",\"articleSection\":[\"Iglesia\",\"Papa Francisco\"],\"inLanguage\":\"es\"},{\"@type\":\"WebPage\",\"@id\":\"https:\\\/\\\/schoenstatt.com\\\/es\\\/eucaristia-profecia-de-un-mundo-nuevo-convertido-del-egoismo-al-amor\\\/\",\"url\":\"https:\\\/\\\/schoenstatt.com\\\/es\\\/eucaristia-profecia-de-un-mundo-nuevo-convertido-del-egoismo-al-amor\\\/\",\"name\":\"Eucarist\u00eda profec\u00eda de un mundo nuevo convertido del ego\u00edsmo al amor - Schoenstatt\",\"isPartOf\":{\"@id\":\"https:\\\/\\\/schoenstatt.com\\\/es\\\/#website\"},\"primaryImageOfPage\":{\"@id\":\"https:\\\/\\\/schoenstatt.com\\\/es\\\/eucaristia-profecia-de-un-mundo-nuevo-convertido-del-egoismo-al-amor\\\/#primaryimage\"},\"image\":{\"@id\":\"https:\\\/\\\/schoenstatt.com\\\/es\\\/eucaristia-profecia-de-un-mundo-nuevo-convertido-del-egoismo-al-amor\\\/#primaryimage\"},\"thumbnailUrl\":\"https:\\\/\\\/schoenstatt.com\\\/wp-content\\\/uploads\\\/2022\\\/09\\\/Matera-2-1.png\",\"datePublished\":\"2022-09-27T14:20:21+00:00\",\"dateModified\":\"2025-05-15T16:34:31+00:00\",\"description\":\"La Eucarist\u00eda nos recuerda la primac\u00eda de Dios y nos llama al amor a nuestros hermanos: el Papa Francisco en la misa de clausura - Matera\",\"breadcrumb\":{\"@id\":\"https:\\\/\\\/schoenstatt.com\\\/es\\\/eucaristia-profecia-de-un-mundo-nuevo-convertido-del-egoismo-al-amor\\\/#breadcrumb\"},\"inLanguage\":\"es\",\"potentialAction\":[{\"@type\":\"ReadAction\",\"target\":[\"https:\\\/\\\/schoenstatt.com\\\/es\\\/eucaristia-profecia-de-un-mundo-nuevo-convertido-del-egoismo-al-amor\\\/\"]}]},{\"@type\":\"ImageObject\",\"inLanguage\":\"es\",\"@id\":\"https:\\\/\\\/schoenstatt.com\\\/es\\\/eucaristia-profecia-de-un-mundo-nuevo-convertido-del-egoismo-al-amor\\\/#primaryimage\",\"url\":\"https:\\\/\\\/schoenstatt.com\\\/wp-content\\\/uploads\\\/2022\\\/09\\\/Matera-2-1.png\",\"contentUrl\":\"https:\\\/\\\/schoenstatt.com\\\/wp-content\\\/uploads\\\/2022\\\/09\\\/Matera-2-1.png\",\"width\":648,\"height\":417,\"caption\":\"Eucharistic Congress\"},{\"@type\":\"BreadcrumbList\",\"@id\":\"https:\\\/\\\/schoenstatt.com\\\/es\\\/eucaristia-profecia-de-un-mundo-nuevo-convertido-del-egoismo-al-amor\\\/#breadcrumb\",\"itemListElement\":[{\"@type\":\"ListItem\",\"position\":1,\"name\":\"Portada\",\"item\":\"https:\\\/\\\/schoenstatt.com\\\/es\\\/home\\\/\"},{\"@type\":\"ListItem\",\"position\":2,\"name\":\"Eucarist\u00eda profec\u00eda de un mundo nuevo convertido del ego\u00edsmo al amor\"}]},{\"@type\":\"WebSite\",\"@id\":\"https:\\\/\\\/schoenstatt.com\\\/es\\\/#website\",\"url\":\"https:\\\/\\\/schoenstatt.com\\\/es\\\/\",\"name\":\"Schoenstatt\",\"description\":\"Apostolic Movement\",\"publisher\":{\"@id\":\"https:\\\/\\\/schoenstatt.com\\\/es\\\/#organization\"},\"potentialAction\":[{\"@type\":\"SearchAction\",\"target\":{\"@type\":\"EntryPoint\",\"urlTemplate\":\"https:\\\/\\\/schoenstatt.com\\\/es\\\/?s={search_term_string}\"},\"query-input\":{\"@type\":\"PropertyValueSpecification\",\"valueRequired\":true,\"valueName\":\"search_term_string\"}}],\"inLanguage\":\"es\"},{\"@type\":\"Organization\",\"@id\":\"https:\\\/\\\/schoenstatt.com\\\/es\\\/#organization\",\"name\":\"Schoenstatt\",\"url\":\"https:\\\/\\\/schoenstatt.com\\\/es\\\/\",\"logo\":{\"@type\":\"ImageObject\",\"inLanguage\":\"es\",\"@id\":\"https:\\\/\\\/schoenstatt.com\\\/es\\\/#\\\/schema\\\/logo\\\/image\\\/\",\"url\":\"https:\\\/\\\/schoenstatt.com\\\/wp-content\\\/uploads\\\/2025\\\/04\\\/logo-schoenstatt-white-696x696-1.png\",\"contentUrl\":\"https:\\\/\\\/schoenstatt.com\\\/wp-content\\\/uploads\\\/2025\\\/04\\\/logo-schoenstatt-white-696x696-1.png\",\"width\":696,\"height\":694,\"caption\":\"Schoenstatt\"},\"image\":{\"@id\":\"https:\\\/\\\/schoenstatt.com\\\/es\\\/#\\\/schema\\\/logo\\\/image\\\/\"}},{\"@type\":\"Person\",\"@id\":\"https:\\\/\\\/schoenstatt.com\\\/es\\\/#\\\/schema\\\/person\\\/489465b1850e7b216fe2c10dfc262551\",\"name\":\"admin\",\"image\":{\"@type\":\"ImageObject\",\"inLanguage\":\"es\",\"@id\":\"https:\\\/\\\/secure.gravatar.com\\\/avatar\\\/02e8345e1ec40ab0e0a2a98fdde64a684bbaf994cddcb778b25b8b024ee9dfe6?s=96&d=mm&r=g\",\"url\":\"https:\\\/\\\/secure.gravatar.com\\\/avatar\\\/02e8345e1ec40ab0e0a2a98fdde64a684bbaf994cddcb778b25b8b024ee9dfe6?s=96&d=mm&r=g\",\"contentUrl\":\"https:\\\/\\\/secure.gravatar.com\\\/avatar\\\/02e8345e1ec40ab0e0a2a98fdde64a684bbaf994cddcb778b25b8b024ee9dfe6?s=96&d=mm&r=g\",\"caption\":\"admin\"},\"sameAs\":[\"https:\\\/\\\/schoenstatt.com\"],\"url\":\"https:\\\/\\\/schoenstatt.com\\\/es\\\/author\\\/admin\\\/\"}]}<\/script>\n<!-- \/ Yoast SEO Premium plugin. -->","yoast_head_json":{"title":"Eucarist\u00eda profec\u00eda de un mundo nuevo convertido del ego\u00edsmo al amor - Schoenstatt","description":"La Eucarist\u00eda nos recuerda la primac\u00eda de Dios y nos llama al amor a nuestros hermanos: el Papa Francisco en la misa de clausura - Matera","robots":{"index":"index","follow":"follow","max-snippet":"max-snippet:-1","max-image-preview":"max-image-preview:large","max-video-preview":"max-video-preview:-1"},"canonical":"https:\/\/schoenstatt.com\/es\/eucaristia-profecia-de-un-mundo-nuevo-convertido-del-egoismo-al-amor\/","og_locale":"es_ES","og_type":"article","og_title":"Eucarist\u00eda profec\u00eda de un mundo nuevo convertido del ego\u00edsmo al amor","og_description":"La Eucarist\u00eda nos recuerda la primac\u00eda de Dios y nos llama al amor a nuestros hermanos: el Papa Francisco en la misa de clausura - Matera","og_url":"https:\/\/schoenstatt.com\/es\/eucaristia-profecia-de-un-mundo-nuevo-convertido-del-egoismo-al-amor\/","og_site_name":"Schoenstatt","article_published_time":"2022-09-27T14:20:21+00:00","article_modified_time":"2025-05-15T16:34:31+00:00","og_image":[{"width":648,"height":417,"url":"https:\/\/schoenstatt.com\/wp-content\/uploads\/2022\/09\/Matera-2-1.png","type":"image\/png"}],"author":"admin","twitter_card":"summary_large_image","twitter_misc":{"Escrito por":"admin","Tiempo de lectura":"6 minutos"},"schema":{"@context":"https:\/\/schema.org","@graph":[{"@type":"Article","@id":"https:\/\/schoenstatt.com\/es\/eucaristia-profecia-de-un-mundo-nuevo-convertido-del-egoismo-al-amor\/#article","isPartOf":{"@id":"https:\/\/schoenstatt.com\/es\/eucaristia-profecia-de-un-mundo-nuevo-convertido-del-egoismo-al-amor\/"},"author":{"name":"admin","@id":"https:\/\/schoenstatt.com\/es\/#\/schema\/person\/489465b1850e7b216fe2c10dfc262551"},"headline":"Eucarist\u00eda profec\u00eda de un mundo nuevo convertido del ego\u00edsmo al amor","datePublished":"2022-09-27T14:20:21+00:00","dateModified":"2025-05-15T16:34:31+00:00","mainEntityOfPage":{"@id":"https:\/\/schoenstatt.com\/es\/eucaristia-profecia-de-un-mundo-nuevo-convertido-del-egoismo-al-amor\/"},"wordCount":1287,"publisher":{"@id":"https:\/\/schoenstatt.com\/es\/#organization"},"image":{"@id":"https:\/\/schoenstatt.com\/es\/eucaristia-profecia-de-un-mundo-nuevo-convertido-del-egoismo-al-amor\/#primaryimage"},"thumbnailUrl":"https:\/\/schoenstatt.com\/wp-content\/uploads\/2022\/09\/Matera-2-1.png","articleSection":["Iglesia","Papa Francisco"],"inLanguage":"es"},{"@type":"WebPage","@id":"https:\/\/schoenstatt.com\/es\/eucaristia-profecia-de-un-mundo-nuevo-convertido-del-egoismo-al-amor\/","url":"https:\/\/schoenstatt.com\/es\/eucaristia-profecia-de-un-mundo-nuevo-convertido-del-egoismo-al-amor\/","name":"Eucarist\u00eda profec\u00eda de un mundo nuevo convertido del ego\u00edsmo al amor - Schoenstatt","isPartOf":{"@id":"https:\/\/schoenstatt.com\/es\/#website"},"primaryImageOfPage":{"@id":"https:\/\/schoenstatt.com\/es\/eucaristia-profecia-de-un-mundo-nuevo-convertido-del-egoismo-al-amor\/#primaryimage"},"image":{"@id":"https:\/\/schoenstatt.com\/es\/eucaristia-profecia-de-un-mundo-nuevo-convertido-del-egoismo-al-amor\/#primaryimage"},"thumbnailUrl":"https:\/\/schoenstatt.com\/wp-content\/uploads\/2022\/09\/Matera-2-1.png","datePublished":"2022-09-27T14:20:21+00:00","dateModified":"2025-05-15T16:34:31+00:00","description":"La Eucarist\u00eda nos recuerda la primac\u00eda de Dios y nos llama al amor a nuestros hermanos: el Papa Francisco en la misa de clausura - Matera","breadcrumb":{"@id":"https:\/\/schoenstatt.com\/es\/eucaristia-profecia-de-un-mundo-nuevo-convertido-del-egoismo-al-amor\/#breadcrumb"},"inLanguage":"es","potentialAction":[{"@type":"ReadAction","target":["https:\/\/schoenstatt.com\/es\/eucaristia-profecia-de-un-mundo-nuevo-convertido-del-egoismo-al-amor\/"]}]},{"@type":"ImageObject","inLanguage":"es","@id":"https:\/\/schoenstatt.com\/es\/eucaristia-profecia-de-un-mundo-nuevo-convertido-del-egoismo-al-amor\/#primaryimage","url":"https:\/\/schoenstatt.com\/wp-content\/uploads\/2022\/09\/Matera-2-1.png","contentUrl":"https:\/\/schoenstatt.com\/wp-content\/uploads\/2022\/09\/Matera-2-1.png","width":648,"height":417,"caption":"Eucharistic Congress"},{"@type":"BreadcrumbList","@id":"https:\/\/schoenstatt.com\/es\/eucaristia-profecia-de-un-mundo-nuevo-convertido-del-egoismo-al-amor\/#breadcrumb","itemListElement":[{"@type":"ListItem","position":1,"name":"Portada","item":"https:\/\/schoenstatt.com\/es\/home\/"},{"@type":"ListItem","position":2,"name":"Eucarist\u00eda profec\u00eda de un mundo nuevo convertido del ego\u00edsmo al amor"}]},{"@type":"WebSite","@id":"https:\/\/schoenstatt.com\/es\/#website","url":"https:\/\/schoenstatt.com\/es\/","name":"Schoenstatt","description":"Apostolic Movement","publisher":{"@id":"https:\/\/schoenstatt.com\/es\/#organization"},"potentialAction":[{"@type":"SearchAction","target":{"@type":"EntryPoint","urlTemplate":"https:\/\/schoenstatt.com\/es\/?s={search_term_string}"},"query-input":{"@type":"PropertyValueSpecification","valueRequired":true,"valueName":"search_term_string"}}],"inLanguage":"es"},{"@type":"Organization","@id":"https:\/\/schoenstatt.com\/es\/#organization","name":"Schoenstatt","url":"https:\/\/schoenstatt.com\/es\/","logo":{"@type":"ImageObject","inLanguage":"es","@id":"https:\/\/schoenstatt.com\/es\/#\/schema\/logo\/image\/","url":"https:\/\/schoenstatt.com\/wp-content\/uploads\/2025\/04\/logo-schoenstatt-white-696x696-1.png","contentUrl":"https:\/\/schoenstatt.com\/wp-content\/uploads\/2025\/04\/logo-schoenstatt-white-696x696-1.png","width":696,"height":694,"caption":"Schoenstatt"},"image":{"@id":"https:\/\/schoenstatt.com\/es\/#\/schema\/logo\/image\/"}},{"@type":"Person","@id":"https:\/\/schoenstatt.com\/es\/#\/schema\/person\/489465b1850e7b216fe2c10dfc262551","name":"admin","image":{"@type":"ImageObject","inLanguage":"es","@id":"https:\/\/secure.gravatar.com\/avatar\/02e8345e1ec40ab0e0a2a98fdde64a684bbaf994cddcb778b25b8b024ee9dfe6?s=96&d=mm&r=g","url":"https:\/\/secure.gravatar.com\/avatar\/02e8345e1ec40ab0e0a2a98fdde64a684bbaf994cddcb778b25b8b024ee9dfe6?s=96&d=mm&r=g","contentUrl":"https:\/\/secure.gravatar.com\/avatar\/02e8345e1ec40ab0e0a2a98fdde64a684bbaf994cddcb778b25b8b024ee9dfe6?s=96&d=mm&r=g","caption":"admin"},"sameAs":["https:\/\/schoenstatt.com"],"url":"https:\/\/schoenstatt.com\/es\/author\/admin\/"}]}},"_links":{"self":[{"href":"https:\/\/schoenstatt.com\/es\/wp-json\/wp\/v2\/posts\/27087","targetHints":{"allow":["GET"]}}],"collection":[{"href":"https:\/\/schoenstatt.com\/es\/wp-json\/wp\/v2\/posts"}],"about":[{"href":"https:\/\/schoenstatt.com\/es\/wp-json\/wp\/v2\/types\/post"}],"author":[{"embeddable":true,"href":"https:\/\/schoenstatt.com\/es\/wp-json\/wp\/v2\/users\/1"}],"replies":[{"embeddable":true,"href":"https:\/\/schoenstatt.com\/es\/wp-json\/wp\/v2\/comments?post=27087"}],"version-history":[{"count":1,"href":"https:\/\/schoenstatt.com\/es\/wp-json\/wp\/v2\/posts\/27087\/revisions"}],"predecessor-version":[{"id":45546,"href":"https:\/\/schoenstatt.com\/es\/wp-json\/wp\/v2\/posts\/27087\/revisions\/45546"}],"wp:featuredmedia":[{"embeddable":true,"href":"https:\/\/schoenstatt.com\/es\/wp-json\/wp\/v2\/media\/27062"}],"wp:attachment":[{"href":"https:\/\/schoenstatt.com\/es\/wp-json\/wp\/v2\/media?parent=27087"}],"wp:term":[{"taxonomy":"category","embeddable":true,"href":"https:\/\/schoenstatt.com\/es\/wp-json\/wp\/v2\/categories?post=27087"},{"taxonomy":"post_tag","embeddable":true,"href":"https:\/\/schoenstatt.com\/es\/wp-json\/wp\/v2\/tags?post=27087"}],"curies":[{"name":"wp","href":"https:\/\/api.w.org\/{rel}","templated":true}]}}