{"id":26999,"date":"2022-09-23T14:22:30","date_gmt":"2022-09-23T12:22:30","guid":{"rendered":"https:\/\/schoenstatt.com\/?p=26999"},"modified":"2025-05-15T02:02:06","modified_gmt":"2025-05-15T00:02:06","slug":"asuncion-los-25-anos-de-un-santuario-donde-late-el-corazon-joven","status":"publish","type":"post","link":"https:\/\/schoenstatt.com\/es\/asuncion-los-25-anos-de-un-santuario-donde-late-el-corazon-joven\/","title":{"rendered":"Asunci\u00f3n: Los 25 a\u00f1os de un Santuario donde late el coraz\u00f3n joven"},"content":{"rendered":"<h3>C\u00f3mo surgi\u00f3 el Santuario Joven<\/h3>\n<p>En 1997 el \u00fanico santuario de Schoenstatt en Paraguay era el de Tuparend\u00e1, que actualmente es conocido como el santuario nacional y que en 2021 cumpli\u00f3 40 a\u00f1os de su bendici\u00f3n. Pero las juventudes Masculina y Femenina\u00a0 anhelaban un\u00a0 santuario filial de Schoenstatt en Asunci\u00f3n, que fue impulsado y conquistado por la juventud y precisamente por eso lleva el nombre de Santuario Joven.<\/p>\n<p>En realidad, el propio Movimiento de Schoenstatt naci\u00f3 en Paraguay de la mano del primer grupo de la juventud masculina, que llev\u00f3 por nombre \u201cEl coraz\u00f3n como escudo\u201d y en el que se encontraban, entre otros, dos de los sacerdotes que reimpulsaron la fundaci\u00f3n, el padre Antonio Cosp (+) y monse\u00f1or Claudio Gim\u00e9nez.<\/p>\n<h3>Emoci\u00f3n, historia, banderas y pa\u00f1uelos<\/h3>\n<div style=\"width: 640px;\" class=\"wp-video\"><video class=\"wp-video-shortcode\" id=\"video-26999-1\" width=\"640\" height=\"352\" preload=\"metadata\" controls=\"controls\"><source type=\"video\/mp4\" src=\"https:\/\/schoenstatt.com\/wp-content\/uploads\/2022\/09\/WhatsApp-Video-2022-09-22-at-21.04.08.mp4?_=1\" \/><a href=\"https:\/\/schoenstatt.com\/wp-content\/uploads\/2022\/09\/WhatsApp-Video-2022-09-22-at-21.04.08.mp4\">https:\/\/schoenstatt.com\/wp-content\/uploads\/2022\/09\/WhatsApp-Video-2022-09-22-at-21.04.08.mp4<\/a><\/video><\/div>\n<p>Ya hab\u00edan pasado varios a\u00f1os de la bendici\u00f3n en Tuparenda y la efervescencia de los j\u00f3venes por conquistar el santuario de la ciudad no par\u00f3 hasta cumplir el objetivo. Fue as\u00ed que un 21 de setiembre de 1997, d\u00eda que se celebra el ingreso de la primavera y la juventud en Paraguay, se bendijo el Santuario Joven.\u00a0 La procesi\u00f3n comenz\u00f3 varias cuadras antes del sitio donde fue erigida la nueva casa de la Mater. Portaban la imagen los jefes y subjefes de la Juventud Masculina y de la Juventud Femenina. Flores, banderas y pa\u00f1uelos ondeaban mientras se acercaban y llenaban de emoci\u00f3n a los que asistieron.<\/p>\n<h3>Preparativos con entrega<\/h3>\n<p><img fetchpriority=\"high\" decoding=\"async\" class=\"aligncenter wp-image-27008 size-large\" src=\"https:\/\/schoenstatt.com\/wp-content\/uploads\/2022\/09\/WhatsApp-Image-2022-09-22-at-21.04.09-6-768x1024.jpeg\" alt=\"\" width=\"768\" height=\"1024\" \/><\/p>\n<p>Se cumplen ahora 25 a\u00f1os de esa conquista y este jubileo ayudar\u00e1 a impulsar a los nuevos corazones j\u00f3venes que laten por la Mater.<\/p>\n<p>Los preparativos comenzaron con rosarios y ofrecimiento de capital de gracias por el s\u00edmbolo del Esp\u00edritu Santo que estaba siendo conquistado. Sigui\u00f3 con una caminata de 32 kil\u00f3metros impulsada por los j\u00f3venes que partieron a la madrugada de un domingo desde el Santuario de Tuparend\u00e1, en los l\u00edmites de las ciudades de Itaugu\u00e1 e Ypacara\u00ed, hasta el Santuario Joven en Asunci\u00f3n, as\u00ed como lo hicieron los pioneros que ped\u00edan a la Mater que se instale en la capital del Paraguay. Tambi\u00e9n se rez\u00f3 una novena preparando los corazones a la gran fiesta.<\/p>\n<p>Luego de la misa del \u00faltimo d\u00eda del novenario se realiz\u00f3 una vigilia con m\u00fasica, que lleg\u00f3 a su c\u00falmine cuando se enton\u00f3 el \u201cHimno de Franz Reinisch\u201d y toda la juventud se levant\u00f3 de sus asientos para cantar abrazados \u201c<em><strong>Hazme un ap\u00f3stol de Schoenstatt, cual caballero estar\u00e9, y morir\u00e9 sonriendo: querida MTA<\/strong><\/em>\u201d.<\/p>\n<h3>Se repiti\u00f3 el recorrido por el barrio de hace 25 a\u00f1os<\/h3>\n<p><img decoding=\"async\" class=\"alignleft size-medium wp-image-27016\" src=\"https:\/\/schoenstatt.com\/wp-content\/uploads\/2022\/09\/WhatsApp-Image-2022-09-22-at-21.04.09-4-225x300.jpeg\" alt=\"\" width=\"225\" height=\"300\" \/>Para el d\u00eda del jubileo se conquist\u00f3 especialmente el s\u00edmbolo que a\u00fan faltaba en el Santuario Joven, el Esp\u00edritu Santo. En el d\u00eda se celebraron tres misas, pero la principal comenz\u00f3 con una procesi\u00f3n por las calles aleda\u00f1as al Santuario, como si se repitiera el d\u00eda y las emociones de hace 25 a\u00f1os en que la Mater sali\u00f3 a recorrer el barrio, escoltada por los j\u00f3venes que fueron conquistados por ella. Los saludos con pa\u00f1uelos blancos y flores de todos los colores se replicaron.<\/p>\n<p>Varios de los j\u00f3venes que portaron hace 25 a\u00f1os la imagen de la MTA asistieron en compa\u00f1\u00eda de sus hijos, una nueva generaci\u00f3n de personas que arder\u00e1n por la misi\u00f3n. Tras el grito de \u201cViva la Mater, Viva Schoenstatt, Viva nuestro Santuario Joven\u201d se dio por finalizada la procesi\u00f3n y una vez que la Mater estuvo nuevamente instalada en el Santuario se anunci\u00f3 el inicio de la misa principal.<\/p>\n<h3>Deben haber sido muy pesados para que se haya logrado tener el Santuario<\/h3>\n<p>La misa presidida por el padre Santiago Ferrero tuvo la participaci\u00f3n de los sacerdotes que trabajan con los j\u00f3venes paraguayos y las familias paraguayas, adem\u00e1s de todos los que realizan su noviciado en Tuparend\u00e1.<\/p>\n<blockquote><p>\u201cA ella le debemos tambi\u00e9n la fuerza y la convicci\u00f3n de esos los j\u00f3venes que en los a\u00f1os 90 lucharon e insistieron, deben haber sido pesad\u00edsimos,\u00a0 para que tengamos un santuario en la ciudad y a ellos, especialmente, al cumplirse 25 a\u00f1os, les queremos dar un aplauso y agradecerles\u201d,<\/p><\/blockquote>\n<p>mencion\u00f3 el padre Santiago en medio de su homil\u00eda.<\/p>\n<h3>Ven Esp\u00edritu Santo, reaviva el coraz\u00f3n joven<\/h3>\n<p>En otro momento destac\u00f3:<\/p>\n<blockquote><p>\u201cNo se puede celebrar lo abstracto, no se celebra en realidad un jubileo, no se celebran 25 a\u00f1os. Se celebran su gente, se celebran sus acciones, se celebran sus actividades, se celebran los grupos concretos, se celebran las personas concretas con sus historias, celebramos nuestra familia de Schoenstatt concreta de este Santuario Joven como es, con nuestras imperfecciones, con nuestras man\u00edas, nuestras neuras, con nuestra dificultad de gestar una familia m\u00e1s unida, m\u00e1s en comuni\u00f3n, m\u00e1s en paz, esa es la familia y esos somos los que celebramos: personas concretas, historias concretas, porque tampoco celebramos ideales sino lo que esos ideales logran hacer en nuestros corazones\u201d.<\/p><\/blockquote>\n<p>Se agradeci\u00f3 tambi\u00e9n al matrimonio de don V\u00edctor y do\u00f1a Chiquita Fadul, quienes generosamente donaron su propiedad para que all\u00ed se instalase el Santuario.<\/p>\n<p>Todas las comunidades hicieron sus ofrecimientos, como agradecimiento por las gracias recibidas en estos 25 a\u00f1os, y como entrega para que el Santuario Joven siga dando abundantes frutos para la Familia de Schoenstatt en Paraguay.<\/p>\n<p><img decoding=\"async\" class=\"aligncenter wp-image-27004 size-large\" src=\"https:\/\/schoenstatt.com\/wp-content\/uploads\/2022\/09\/WhatsApp-Image-2022-09-22-at-21.04.09-2-1024x768.jpeg\" alt=\"Asunci\u00f3n\" width=\"840\" height=\"630\" \/><\/p>\n<p>La celebraci\u00f3n culmin\u00f3 con el lema \u201c<em><strong>Ven Esp\u00edritu Santo, reaviva el coraz\u00f3n joven. Ven Esp\u00edritu Santo, habita en nuestro Santuario Joven\u201d<\/strong><\/em> y con fuegos de artificio, mientras las pantallas de la transmisi\u00f3n, que tambi\u00e9n pod\u00eda verse en el lugar, mostraban las fotograf\u00edas de los audaces j\u00f3venes que conquistaron este espacio que sigue dando frutos a la familia de Schoenstatt en Paraguay todos los d\u00edas.<\/p>\n<p>Se puede acceder a la celebraci\u00f3n de la Misa central por el jubileo del Santuario Joven a trav\u00e9s de este enlace: <a href=\"https:\/\/www.facebook.com\/SantuarioJovenPy\/videos\/1531642877289202\/\">https:\/\/www.facebook.com\/SantuarioJovenPy\/videos\/1531642877289202\/<\/a><\/p>\n<p>&nbsp;<\/p>\n","protected":false},"excerpt":{"rendered":"<p>El Movimiento de Schoenstatt ha celebrado en Paraguay los 25 a\u00f1os de su Santuario en la ciudad de Asunci\u00f3n. El mismo fue conquistado por la juventud de Schoenstatt en Asunci\u00f3n, que son quienes tomaron la iniciativa de su construcci\u00f3n y trabajaron con esfuerzo por su concreci\u00f3n. El 21 de septiembre tuvo lugar la Misa principal conmemorativa.<\/p>\n","protected":false},"author":1,"featured_media":27000,"comment_status":"closed","ping_status":"closed","sticky":false,"template":"","format":"standard","meta":{"footnotes":""},"categories":[909,630],"tags":[],"class_list":["post-26999","post","type-post","status-publish","format-standard","has-post-thumbnail","hentry","category-comunidades-de-schoenstatt-es","category-eventos-es"],"yoast_head":"<!-- This site is optimized with the Yoast SEO Premium plugin v27.4 (Yoast SEO v27.4) - https:\/\/yoast.com\/product\/yoast-seo-premium-wordpress\/ -->\n<title>Asunci\u00f3n: Los 25 a\u00f1os de un Santuario donde late el coraz\u00f3n joven - Schoenstatt<\/title>\n<meta name=\"description\" content=\"Se celebr\u00f3 el 21 de septiembre el jubileo de 25 a\u00f1os del Santuario Joven, del Movimiento de Schoenstatt, en la ciudad de Asunci\u00f3n.\" \/>\n<meta name=\"robots\" content=\"index, follow, max-snippet:-1, max-image-preview:large, max-video-preview:-1\" \/>\n<link rel=\"canonical\" href=\"https:\/\/schoenstatt.com\/es\/asuncion-los-25-anos-de-un-santuario-donde-late-el-corazon-joven\/\" \/>\n<meta property=\"og:locale\" content=\"es_ES\" \/>\n<meta property=\"og:type\" content=\"article\" \/>\n<meta property=\"og:title\" content=\"Asunci\u00f3n: Los 25 a\u00f1os de un Santuario donde late el coraz\u00f3n joven\" \/>\n<meta property=\"og:description\" content=\"Se celebr\u00f3 el 21 de septiembre el jubileo de 25 a\u00f1os del Santuario Joven, del Movimiento de Schoenstatt, en la ciudad de Asunci\u00f3n.\" \/>\n<meta property=\"og:url\" content=\"https:\/\/schoenstatt.com\/es\/asuncion-los-25-anos-de-un-santuario-donde-late-el-corazon-joven\/\" \/>\n<meta property=\"og:site_name\" content=\"Schoenstatt\" \/>\n<meta property=\"article:published_time\" content=\"2022-09-23T12:22:30+00:00\" \/>\n<meta property=\"article:modified_time\" content=\"2025-05-15T00:02:06+00:00\" \/>\n<meta property=\"og:image\" content=\"https:\/\/schoenstatt.com\/wp-content\/uploads\/2022\/09\/WhatsApp-Image-2022-09-22-at-21.04.08-1-1.jpeg\" \/>\n\t<meta property=\"og:image:width\" content=\"1600\" \/>\n\t<meta property=\"og:image:height\" content=\"1200\" \/>\n\t<meta property=\"og:image:type\" content=\"image\/jpeg\" \/>\n<meta name=\"author\" content=\"admin\" \/>\n<meta name=\"twitter:card\" content=\"summary_large_image\" \/>\n<meta name=\"twitter:label1\" content=\"Escrito por\" \/>\n\t<meta name=\"twitter:data1\" content=\"admin\" \/>\n\t<meta name=\"twitter:label2\" content=\"Tiempo de lectura\" \/>\n\t<meta name=\"twitter:data2\" content=\"5 minutos\" \/>\n<script type=\"application\/ld+json\" class=\"yoast-schema-graph\">{\"@context\":\"https:\\\/\\\/schema.org\",\"@graph\":[{\"@type\":\"Article\",\"@id\":\"https:\\\/\\\/schoenstatt.com\\\/es\\\/asuncion-los-25-anos-de-un-santuario-donde-late-el-corazon-joven\\\/#article\",\"isPartOf\":{\"@id\":\"https:\\\/\\\/schoenstatt.com\\\/es\\\/asuncion-los-25-anos-de-un-santuario-donde-late-el-corazon-joven\\\/\"},\"author\":{\"name\":\"admin\",\"@id\":\"https:\\\/\\\/schoenstatt.com\\\/es\\\/#\\\/schema\\\/person\\\/489465b1850e7b216fe2c10dfc262551\"},\"headline\":\"Asunci\u00f3n: Los 25 a\u00f1os de un Santuario donde late el coraz\u00f3n joven\",\"datePublished\":\"2022-09-23T12:22:30+00:00\",\"dateModified\":\"2025-05-15T00:02:06+00:00\",\"mainEntityOfPage\":{\"@id\":\"https:\\\/\\\/schoenstatt.com\\\/es\\\/asuncion-los-25-anos-de-un-santuario-donde-late-el-corazon-joven\\\/\"},\"wordCount\":1040,\"publisher\":{\"@id\":\"https:\\\/\\\/schoenstatt.com\\\/es\\\/#organization\"},\"image\":{\"@id\":\"https:\\\/\\\/schoenstatt.com\\\/es\\\/asuncion-los-25-anos-de-un-santuario-donde-late-el-corazon-joven\\\/#primaryimage\"},\"thumbnailUrl\":\"https:\\\/\\\/schoenstatt.com\\\/wp-content\\\/uploads\\\/2022\\\/09\\\/WhatsApp-Image-2022-09-22-at-21.04.08-1-1.jpeg\",\"articleSection\":[\"Comunidades de Schoenstatt\",\"Eventos\"],\"inLanguage\":\"es\"},{\"@type\":\"WebPage\",\"@id\":\"https:\\\/\\\/schoenstatt.com\\\/es\\\/asuncion-los-25-anos-de-un-santuario-donde-late-el-corazon-joven\\\/\",\"url\":\"https:\\\/\\\/schoenstatt.com\\\/es\\\/asuncion-los-25-anos-de-un-santuario-donde-late-el-corazon-joven\\\/\",\"name\":\"Asunci\u00f3n: Los 25 a\u00f1os de un Santuario donde late el coraz\u00f3n joven - Schoenstatt\",\"isPartOf\":{\"@id\":\"https:\\\/\\\/schoenstatt.com\\\/es\\\/#website\"},\"primaryImageOfPage\":{\"@id\":\"https:\\\/\\\/schoenstatt.com\\\/es\\\/asuncion-los-25-anos-de-un-santuario-donde-late-el-corazon-joven\\\/#primaryimage\"},\"image\":{\"@id\":\"https:\\\/\\\/schoenstatt.com\\\/es\\\/asuncion-los-25-anos-de-un-santuario-donde-late-el-corazon-joven\\\/#primaryimage\"},\"thumbnailUrl\":\"https:\\\/\\\/schoenstatt.com\\\/wp-content\\\/uploads\\\/2022\\\/09\\\/WhatsApp-Image-2022-09-22-at-21.04.08-1-1.jpeg\",\"datePublished\":\"2022-09-23T12:22:30+00:00\",\"dateModified\":\"2025-05-15T00:02:06+00:00\",\"description\":\"Se celebr\u00f3 el 21 de septiembre el jubileo de 25 a\u00f1os del Santuario Joven, del Movimiento de Schoenstatt, en la ciudad de Asunci\u00f3n.\",\"breadcrumb\":{\"@id\":\"https:\\\/\\\/schoenstatt.com\\\/es\\\/asuncion-los-25-anos-de-un-santuario-donde-late-el-corazon-joven\\\/#breadcrumb\"},\"inLanguage\":\"es\",\"potentialAction\":[{\"@type\":\"ReadAction\",\"target\":[\"https:\\\/\\\/schoenstatt.com\\\/es\\\/asuncion-los-25-anos-de-un-santuario-donde-late-el-corazon-joven\\\/\"]}]},{\"@type\":\"ImageObject\",\"inLanguage\":\"es\",\"@id\":\"https:\\\/\\\/schoenstatt.com\\\/es\\\/asuncion-los-25-anos-de-un-santuario-donde-late-el-corazon-joven\\\/#primaryimage\",\"url\":\"https:\\\/\\\/schoenstatt.com\\\/wp-content\\\/uploads\\\/2022\\\/09\\\/WhatsApp-Image-2022-09-22-at-21.04.08-1-1.jpeg\",\"contentUrl\":\"https:\\\/\\\/schoenstatt.com\\\/wp-content\\\/uploads\\\/2022\\\/09\\\/WhatsApp-Image-2022-09-22-at-21.04.08-1-1.jpeg\",\"width\":1600,\"height\":1200,\"caption\":\"25 jahre\"},{\"@type\":\"BreadcrumbList\",\"@id\":\"https:\\\/\\\/schoenstatt.com\\\/es\\\/asuncion-los-25-anos-de-un-santuario-donde-late-el-corazon-joven\\\/#breadcrumb\",\"itemListElement\":[{\"@type\":\"ListItem\",\"position\":1,\"name\":\"Portada\",\"item\":\"https:\\\/\\\/schoenstatt.com\\\/es\\\/home\\\/\"},{\"@type\":\"ListItem\",\"position\":2,\"name\":\"Asunci\u00f3n: Los 25 a\u00f1os de un Santuario donde late el coraz\u00f3n joven\"}]},{\"@type\":\"WebSite\",\"@id\":\"https:\\\/\\\/schoenstatt.com\\\/es\\\/#website\",\"url\":\"https:\\\/\\\/schoenstatt.com\\\/es\\\/\",\"name\":\"Schoenstatt\",\"description\":\"Apostolic Movement\",\"publisher\":{\"@id\":\"https:\\\/\\\/schoenstatt.com\\\/es\\\/#organization\"},\"potentialAction\":[{\"@type\":\"SearchAction\",\"target\":{\"@type\":\"EntryPoint\",\"urlTemplate\":\"https:\\\/\\\/schoenstatt.com\\\/es\\\/?s={search_term_string}\"},\"query-input\":{\"@type\":\"PropertyValueSpecification\",\"valueRequired\":true,\"valueName\":\"search_term_string\"}}],\"inLanguage\":\"es\"},{\"@type\":\"Organization\",\"@id\":\"https:\\\/\\\/schoenstatt.com\\\/es\\\/#organization\",\"name\":\"Schoenstatt\",\"url\":\"https:\\\/\\\/schoenstatt.com\\\/es\\\/\",\"logo\":{\"@type\":\"ImageObject\",\"inLanguage\":\"es\",\"@id\":\"https:\\\/\\\/schoenstatt.com\\\/es\\\/#\\\/schema\\\/logo\\\/image\\\/\",\"url\":\"https:\\\/\\\/schoenstatt.com\\\/wp-content\\\/uploads\\\/2025\\\/04\\\/logo-schoenstatt-white-696x696-1.png\",\"contentUrl\":\"https:\\\/\\\/schoenstatt.com\\\/wp-content\\\/uploads\\\/2025\\\/04\\\/logo-schoenstatt-white-696x696-1.png\",\"width\":696,\"height\":694,\"caption\":\"Schoenstatt\"},\"image\":{\"@id\":\"https:\\\/\\\/schoenstatt.com\\\/es\\\/#\\\/schema\\\/logo\\\/image\\\/\"}},{\"@type\":\"Person\",\"@id\":\"https:\\\/\\\/schoenstatt.com\\\/es\\\/#\\\/schema\\\/person\\\/489465b1850e7b216fe2c10dfc262551\",\"name\":\"admin\",\"image\":{\"@type\":\"ImageObject\",\"inLanguage\":\"es\",\"@id\":\"https:\\\/\\\/secure.gravatar.com\\\/avatar\\\/02e8345e1ec40ab0e0a2a98fdde64a684bbaf994cddcb778b25b8b024ee9dfe6?s=96&d=mm&r=g\",\"url\":\"https:\\\/\\\/secure.gravatar.com\\\/avatar\\\/02e8345e1ec40ab0e0a2a98fdde64a684bbaf994cddcb778b25b8b024ee9dfe6?s=96&d=mm&r=g\",\"contentUrl\":\"https:\\\/\\\/secure.gravatar.com\\\/avatar\\\/02e8345e1ec40ab0e0a2a98fdde64a684bbaf994cddcb778b25b8b024ee9dfe6?s=96&d=mm&r=g\",\"caption\":\"admin\"},\"sameAs\":[\"https:\\\/\\\/schoenstatt.com\"],\"url\":\"https:\\\/\\\/schoenstatt.com\\\/es\\\/author\\\/admin\\\/\"}]}<\/script>\n<!-- \/ Yoast SEO Premium plugin. -->","yoast_head_json":{"title":"Asunci\u00f3n: Los 25 a\u00f1os de un Santuario donde late el coraz\u00f3n joven - Schoenstatt","description":"Se celebr\u00f3 el 21 de septiembre el jubileo de 25 a\u00f1os del Santuario Joven, del Movimiento de Schoenstatt, en la ciudad de Asunci\u00f3n.","robots":{"index":"index","follow":"follow","max-snippet":"max-snippet:-1","max-image-preview":"max-image-preview:large","max-video-preview":"max-video-preview:-1"},"canonical":"https:\/\/schoenstatt.com\/es\/asuncion-los-25-anos-de-un-santuario-donde-late-el-corazon-joven\/","og_locale":"es_ES","og_type":"article","og_title":"Asunci\u00f3n: Los 25 a\u00f1os de un Santuario donde late el coraz\u00f3n joven","og_description":"Se celebr\u00f3 el 21 de septiembre el jubileo de 25 a\u00f1os del Santuario Joven, del Movimiento de Schoenstatt, en la ciudad de Asunci\u00f3n.","og_url":"https:\/\/schoenstatt.com\/es\/asuncion-los-25-anos-de-un-santuario-donde-late-el-corazon-joven\/","og_site_name":"Schoenstatt","article_published_time":"2022-09-23T12:22:30+00:00","article_modified_time":"2025-05-15T00:02:06+00:00","og_image":[{"width":1600,"height":1200,"url":"https:\/\/schoenstatt.com\/wp-content\/uploads\/2022\/09\/WhatsApp-Image-2022-09-22-at-21.04.08-1-1.jpeg","type":"image\/jpeg"}],"author":"admin","twitter_card":"summary_large_image","twitter_misc":{"Escrito por":"admin","Tiempo de lectura":"5 minutos"},"schema":{"@context":"https:\/\/schema.org","@graph":[{"@type":"Article","@id":"https:\/\/schoenstatt.com\/es\/asuncion-los-25-anos-de-un-santuario-donde-late-el-corazon-joven\/#article","isPartOf":{"@id":"https:\/\/schoenstatt.com\/es\/asuncion-los-25-anos-de-un-santuario-donde-late-el-corazon-joven\/"},"author":{"name":"admin","@id":"https:\/\/schoenstatt.com\/es\/#\/schema\/person\/489465b1850e7b216fe2c10dfc262551"},"headline":"Asunci\u00f3n: Los 25 a\u00f1os de un Santuario donde late el coraz\u00f3n joven","datePublished":"2022-09-23T12:22:30+00:00","dateModified":"2025-05-15T00:02:06+00:00","mainEntityOfPage":{"@id":"https:\/\/schoenstatt.com\/es\/asuncion-los-25-anos-de-un-santuario-donde-late-el-corazon-joven\/"},"wordCount":1040,"publisher":{"@id":"https:\/\/schoenstatt.com\/es\/#organization"},"image":{"@id":"https:\/\/schoenstatt.com\/es\/asuncion-los-25-anos-de-un-santuario-donde-late-el-corazon-joven\/#primaryimage"},"thumbnailUrl":"https:\/\/schoenstatt.com\/wp-content\/uploads\/2022\/09\/WhatsApp-Image-2022-09-22-at-21.04.08-1-1.jpeg","articleSection":["Comunidades de Schoenstatt","Eventos"],"inLanguage":"es"},{"@type":"WebPage","@id":"https:\/\/schoenstatt.com\/es\/asuncion-los-25-anos-de-un-santuario-donde-late-el-corazon-joven\/","url":"https:\/\/schoenstatt.com\/es\/asuncion-los-25-anos-de-un-santuario-donde-late-el-corazon-joven\/","name":"Asunci\u00f3n: Los 25 a\u00f1os de un Santuario donde late el coraz\u00f3n joven - Schoenstatt","isPartOf":{"@id":"https:\/\/schoenstatt.com\/es\/#website"},"primaryImageOfPage":{"@id":"https:\/\/schoenstatt.com\/es\/asuncion-los-25-anos-de-un-santuario-donde-late-el-corazon-joven\/#primaryimage"},"image":{"@id":"https:\/\/schoenstatt.com\/es\/asuncion-los-25-anos-de-un-santuario-donde-late-el-corazon-joven\/#primaryimage"},"thumbnailUrl":"https:\/\/schoenstatt.com\/wp-content\/uploads\/2022\/09\/WhatsApp-Image-2022-09-22-at-21.04.08-1-1.jpeg","datePublished":"2022-09-23T12:22:30+00:00","dateModified":"2025-05-15T00:02:06+00:00","description":"Se celebr\u00f3 el 21 de septiembre el jubileo de 25 a\u00f1os del Santuario Joven, del Movimiento de Schoenstatt, en la ciudad de Asunci\u00f3n.","breadcrumb":{"@id":"https:\/\/schoenstatt.com\/es\/asuncion-los-25-anos-de-un-santuario-donde-late-el-corazon-joven\/#breadcrumb"},"inLanguage":"es","potentialAction":[{"@type":"ReadAction","target":["https:\/\/schoenstatt.com\/es\/asuncion-los-25-anos-de-un-santuario-donde-late-el-corazon-joven\/"]}]},{"@type":"ImageObject","inLanguage":"es","@id":"https:\/\/schoenstatt.com\/es\/asuncion-los-25-anos-de-un-santuario-donde-late-el-corazon-joven\/#primaryimage","url":"https:\/\/schoenstatt.com\/wp-content\/uploads\/2022\/09\/WhatsApp-Image-2022-09-22-at-21.04.08-1-1.jpeg","contentUrl":"https:\/\/schoenstatt.com\/wp-content\/uploads\/2022\/09\/WhatsApp-Image-2022-09-22-at-21.04.08-1-1.jpeg","width":1600,"height":1200,"caption":"25 jahre"},{"@type":"BreadcrumbList","@id":"https:\/\/schoenstatt.com\/es\/asuncion-los-25-anos-de-un-santuario-donde-late-el-corazon-joven\/#breadcrumb","itemListElement":[{"@type":"ListItem","position":1,"name":"Portada","item":"https:\/\/schoenstatt.com\/es\/home\/"},{"@type":"ListItem","position":2,"name":"Asunci\u00f3n: Los 25 a\u00f1os de un Santuario donde late el coraz\u00f3n joven"}]},{"@type":"WebSite","@id":"https:\/\/schoenstatt.com\/es\/#website","url":"https:\/\/schoenstatt.com\/es\/","name":"Schoenstatt","description":"Apostolic Movement","publisher":{"@id":"https:\/\/schoenstatt.com\/es\/#organization"},"potentialAction":[{"@type":"SearchAction","target":{"@type":"EntryPoint","urlTemplate":"https:\/\/schoenstatt.com\/es\/?s={search_term_string}"},"query-input":{"@type":"PropertyValueSpecification","valueRequired":true,"valueName":"search_term_string"}}],"inLanguage":"es"},{"@type":"Organization","@id":"https:\/\/schoenstatt.com\/es\/#organization","name":"Schoenstatt","url":"https:\/\/schoenstatt.com\/es\/","logo":{"@type":"ImageObject","inLanguage":"es","@id":"https:\/\/schoenstatt.com\/es\/#\/schema\/logo\/image\/","url":"https:\/\/schoenstatt.com\/wp-content\/uploads\/2025\/04\/logo-schoenstatt-white-696x696-1.png","contentUrl":"https:\/\/schoenstatt.com\/wp-content\/uploads\/2025\/04\/logo-schoenstatt-white-696x696-1.png","width":696,"height":694,"caption":"Schoenstatt"},"image":{"@id":"https:\/\/schoenstatt.com\/es\/#\/schema\/logo\/image\/"}},{"@type":"Person","@id":"https:\/\/schoenstatt.com\/es\/#\/schema\/person\/489465b1850e7b216fe2c10dfc262551","name":"admin","image":{"@type":"ImageObject","inLanguage":"es","@id":"https:\/\/secure.gravatar.com\/avatar\/02e8345e1ec40ab0e0a2a98fdde64a684bbaf994cddcb778b25b8b024ee9dfe6?s=96&d=mm&r=g","url":"https:\/\/secure.gravatar.com\/avatar\/02e8345e1ec40ab0e0a2a98fdde64a684bbaf994cddcb778b25b8b024ee9dfe6?s=96&d=mm&r=g","contentUrl":"https:\/\/secure.gravatar.com\/avatar\/02e8345e1ec40ab0e0a2a98fdde64a684bbaf994cddcb778b25b8b024ee9dfe6?s=96&d=mm&r=g","caption":"admin"},"sameAs":["https:\/\/schoenstatt.com"],"url":"https:\/\/schoenstatt.com\/es\/author\/admin\/"}]}},"_links":{"self":[{"href":"https:\/\/schoenstatt.com\/es\/wp-json\/wp\/v2\/posts\/26999","targetHints":{"allow":["GET"]}}],"collection":[{"href":"https:\/\/schoenstatt.com\/es\/wp-json\/wp\/v2\/posts"}],"about":[{"href":"https:\/\/schoenstatt.com\/es\/wp-json\/wp\/v2\/types\/post"}],"author":[{"embeddable":true,"href":"https:\/\/schoenstatt.com\/es\/wp-json\/wp\/v2\/users\/1"}],"replies":[{"embeddable":true,"href":"https:\/\/schoenstatt.com\/es\/wp-json\/wp\/v2\/comments?post=26999"}],"version-history":[{"count":1,"href":"https:\/\/schoenstatt.com\/es\/wp-json\/wp\/v2\/posts\/26999\/revisions"}],"predecessor-version":[{"id":45534,"href":"https:\/\/schoenstatt.com\/es\/wp-json\/wp\/v2\/posts\/26999\/revisions\/45534"}],"wp:featuredmedia":[{"embeddable":true,"href":"https:\/\/schoenstatt.com\/es\/wp-json\/wp\/v2\/media\/27000"}],"wp:attachment":[{"href":"https:\/\/schoenstatt.com\/es\/wp-json\/wp\/v2\/media?parent=26999"}],"wp:term":[{"taxonomy":"category","embeddable":true,"href":"https:\/\/schoenstatt.com\/es\/wp-json\/wp\/v2\/categories?post=26999"},{"taxonomy":"post_tag","embeddable":true,"href":"https:\/\/schoenstatt.com\/es\/wp-json\/wp\/v2\/tags?post=26999"}],"curies":[{"name":"wp","href":"https:\/\/api.w.org\/{rel}","templated":true}]}}