{"id":26962,"date":"2022-09-21T15:18:48","date_gmt":"2022-09-21T13:18:48","guid":{"rendered":"https:\/\/schoenstatt.com\/?p=26962"},"modified":"2025-05-15T01:41:14","modified_gmt":"2025-05-14T23:41:14","slug":"capitulo-de-fundacion-de-la-federacion-apostolica-internacional-de-madres-de-schoenstatt","status":"publish","type":"post","link":"https:\/\/schoenstatt.com\/es\/capitulo-de-fundacion-de-la-federacion-apostolica-internacional-de-madres-de-schoenstatt\/","title":{"rendered":"Cap\u00edtulo de fundaci\u00f3n de la Federaci\u00f3n Apost\u00f3lica Internacional de Madres de Schoenstatt."},"content":{"rendered":"<h3>Federaci\u00f3n de Madres de Schoenstatt<\/h3>\n<p>Del 4 al 10 de septiembre de 2022, 25 delegadas de la Federaci\u00f3n de Madres de Schoenstatt de nueve pa\u00edses y algunos asistentes se reunieron en Schoenstatt para el <a href=\"https:\/\/schoenstatt.com\/es\/comunidades-de-schoenstatt\/escuchando-la-voz-de-dios\/\">Cap\u00edtulo<\/a> de Fundaci\u00f3n de la Federaci\u00f3n Apost\u00f3lica Internacional de Madres de Schoenstatt.<\/p>\n<p>Tras muchos a\u00f1os de colaboraci\u00f3n transnacional en un esfuerzo por unirse como comunidad internacional, se ha fundado oficialmente la FEDERACI\u00d3N APOST\u00d3LICA INTERNACIONAL DE MADRES DE SCHOENSTATT. La constituci\u00f3n se llev\u00f3 a cabo en la Fiesta de la Natividad de Mar\u00eda, el 8 de septiembre de 2022, durante una solemne Santa Misa en la Iglesia de la Adoraci\u00f3n en el Monte Schoenstatt, setenta y dos a\u00f1os despu\u00e9s de la fundaci\u00f3n de la Federaci\u00f3n de Madres en Alemania por el Padre Jos\u00e9 Kentenich.<\/p>\n<h3>Las delegadas de este cap\u00edtulo de fundaci\u00f3n eligieron el primer Consejo Internacional, que dirigir\u00e1 la comunidad internacional durante los pr\u00f3ximos cinco a\u00f1os.<\/h3>\n<blockquote><p>Jefa internacional es la Sra. Kathleen Colunga, de Estados Unidos.<\/p>\n<p>Subjefa es la Sra. Matilde Di Battista, de Argentina<\/p>\n<p>1\u00aa consejera es la Sra. Maura Regina Santana de Jesus, de Brasil<\/p>\n<p>2\u00aa consejera es la Sra. Cecilia Brunner, de Chile<\/p>\n<p>3\u00aa consejera es la Sra. Norma Pistilli, de Paraguay.<\/p><\/blockquote>\n<figure id=\"attachment_26963\" aria-describedby=\"caption-attachment-26963\" style=\"width: 560px\" class=\"wp-caption aligncenter\"><img fetchpriority=\"high\" decoding=\"async\" class=\"size-full wp-image-26963\" src=\"https:\/\/schoenstatt.com\/wp-content\/uploads\/2022\/09\/Madres.png\" alt=\"Capitulo\" width=\"560\" height=\"299\" \/><figcaption id=\"caption-attachment-26963\" class=\"wp-caption-text\">De izquierda a derecha: Norma Pistilli, Cecilia Brunner, Maura Regina Santana de Jesus, Matilde Di Battista, Kathleen Colunga<\/figcaption><\/figure>\n<p><em><strong>\u00a1Que este nuevo comienzo sea bendecido y traiga nuevos y ricos frutos en nuestra comunidad y en toda la Obra de Schoenstatt!<\/strong><\/em><\/p>\n<p>Agradecemos a todos los que acompa\u00f1aron este Cap\u00edtulo de fundaci\u00f3n con sus oraciones y por todas las felicitaciones que ya nos han llegado.<\/p>\n","protected":false},"excerpt":{"rendered":"<p>\u00abHa hecho en nuestro favor maravillas el Poderoso, Santo es su nombre\u00bb (cf. Lc 1,49)<\/p>\n","protected":false},"author":1,"featured_media":26967,"comment_status":"closed","ping_status":"closed","sticky":false,"template":"","format":"standard","meta":{"footnotes":""},"categories":[909,917],"tags":[],"class_list":["post-26962","post","type-post","status-publish","format-standard","has-post-thumbnail","hentry","category-comunidades-de-schoenstatt-es","category-espiritualidad-es"],"yoast_head":"<!-- This site is optimized with the Yoast SEO Premium plugin v27.4 (Yoast SEO v27.4) - https:\/\/yoast.com\/product\/yoast-seo-premium-wordpress\/ -->\n<title>Cap\u00edtulo de fundaci\u00f3n de la Federaci\u00f3n Apost\u00f3lica Internacional de Madres de Schoenstatt. - Schoenstatt<\/title>\n<meta name=\"description\" content=\"25 delegadas de la Federaci\u00f3n de Madres de Schoenstatt se reunieron para el Cap\u00edtulo de Fundaci\u00f3n Internacional de Madres de Schoenstatt.\" \/>\n<meta name=\"robots\" content=\"index, follow, max-snippet:-1, max-image-preview:large, max-video-preview:-1\" \/>\n<link rel=\"canonical\" href=\"https:\/\/schoenstatt.com\/es\/capitulo-de-fundacion-de-la-federacion-apostolica-internacional-de-madres-de-schoenstatt\/\" \/>\n<meta property=\"og:locale\" content=\"es_ES\" \/>\n<meta property=\"og:type\" content=\"article\" \/>\n<meta property=\"og:title\" content=\"Cap\u00edtulo de fundaci\u00f3n de la Federaci\u00f3n Apost\u00f3lica Internacional de Madres de Schoenstatt.\" \/>\n<meta property=\"og:description\" content=\"25 delegadas de la Federaci\u00f3n de Madres de Schoenstatt se reunieron para el Cap\u00edtulo de Fundaci\u00f3n Internacional de Madres de Schoenstatt.\" \/>\n<meta property=\"og:url\" content=\"https:\/\/schoenstatt.com\/es\/capitulo-de-fundacion-de-la-federacion-apostolica-internacional-de-madres-de-schoenstatt\/\" \/>\n<meta property=\"og:site_name\" content=\"Schoenstatt\" \/>\n<meta property=\"article:published_time\" content=\"2022-09-21T13:18:48+00:00\" \/>\n<meta property=\"article:modified_time\" content=\"2025-05-14T23:41:14+00:00\" \/>\n<meta property=\"og:image\" content=\"https:\/\/schoenstatt.com\/wp-content\/uploads\/2022\/09\/Madres-1-1.png\" \/>\n\t<meta property=\"og:image:width\" content=\"676\" \/>\n\t<meta property=\"og:image:height\" content=\"346\" \/>\n\t<meta property=\"og:image:type\" content=\"image\/png\" \/>\n<meta name=\"author\" content=\"admin\" \/>\n<meta name=\"twitter:card\" content=\"summary_large_image\" \/>\n<meta name=\"twitter:label1\" content=\"Escrito por\" \/>\n\t<meta name=\"twitter:data1\" content=\"admin\" \/>\n\t<meta name=\"twitter:label2\" content=\"Tiempo de lectura\" \/>\n\t<meta name=\"twitter:data2\" content=\"2 minutos\" \/>\n<script type=\"application\/ld+json\" class=\"yoast-schema-graph\">{\"@context\":\"https:\\\/\\\/schema.org\",\"@graph\":[{\"@type\":\"Article\",\"@id\":\"https:\\\/\\\/schoenstatt.com\\\/es\\\/capitulo-de-fundacion-de-la-federacion-apostolica-internacional-de-madres-de-schoenstatt\\\/#article\",\"isPartOf\":{\"@id\":\"https:\\\/\\\/schoenstatt.com\\\/es\\\/capitulo-de-fundacion-de-la-federacion-apostolica-internacional-de-madres-de-schoenstatt\\\/\"},\"author\":{\"name\":\"admin\",\"@id\":\"https:\\\/\\\/schoenstatt.com\\\/es\\\/#\\\/schema\\\/person\\\/489465b1850e7b216fe2c10dfc262551\"},\"headline\":\"Cap\u00edtulo de fundaci\u00f3n de la Federaci\u00f3n Apost\u00f3lica Internacional de Madres de Schoenstatt.\",\"datePublished\":\"2022-09-21T13:18:48+00:00\",\"dateModified\":\"2025-05-14T23:41:14+00:00\",\"mainEntityOfPage\":{\"@id\":\"https:\\\/\\\/schoenstatt.com\\\/es\\\/capitulo-de-fundacion-de-la-federacion-apostolica-internacional-de-madres-de-schoenstatt\\\/\"},\"wordCount\":300,\"publisher\":{\"@id\":\"https:\\\/\\\/schoenstatt.com\\\/es\\\/#organization\"},\"image\":{\"@id\":\"https:\\\/\\\/schoenstatt.com\\\/es\\\/capitulo-de-fundacion-de-la-federacion-apostolica-internacional-de-madres-de-schoenstatt\\\/#primaryimage\"},\"thumbnailUrl\":\"https:\\\/\\\/schoenstatt.com\\\/wp-content\\\/uploads\\\/2022\\\/09\\\/Madres-1-1.png\",\"articleSection\":[\"Comunidades de Schoenstatt\",\"Espiritualidad\"],\"inLanguage\":\"es\"},{\"@type\":\"WebPage\",\"@id\":\"https:\\\/\\\/schoenstatt.com\\\/es\\\/capitulo-de-fundacion-de-la-federacion-apostolica-internacional-de-madres-de-schoenstatt\\\/\",\"url\":\"https:\\\/\\\/schoenstatt.com\\\/es\\\/capitulo-de-fundacion-de-la-federacion-apostolica-internacional-de-madres-de-schoenstatt\\\/\",\"name\":\"Cap\u00edtulo de fundaci\u00f3n de la Federaci\u00f3n Apost\u00f3lica Internacional de Madres de Schoenstatt. - Schoenstatt\",\"isPartOf\":{\"@id\":\"https:\\\/\\\/schoenstatt.com\\\/es\\\/#website\"},\"primaryImageOfPage\":{\"@id\":\"https:\\\/\\\/schoenstatt.com\\\/es\\\/capitulo-de-fundacion-de-la-federacion-apostolica-internacional-de-madres-de-schoenstatt\\\/#primaryimage\"},\"image\":{\"@id\":\"https:\\\/\\\/schoenstatt.com\\\/es\\\/capitulo-de-fundacion-de-la-federacion-apostolica-internacional-de-madres-de-schoenstatt\\\/#primaryimage\"},\"thumbnailUrl\":\"https:\\\/\\\/schoenstatt.com\\\/wp-content\\\/uploads\\\/2022\\\/09\\\/Madres-1-1.png\",\"datePublished\":\"2022-09-21T13:18:48+00:00\",\"dateModified\":\"2025-05-14T23:41:14+00:00\",\"description\":\"25 delegadas de la Federaci\u00f3n de Madres de Schoenstatt se reunieron para el Cap\u00edtulo de Fundaci\u00f3n Internacional de Madres de Schoenstatt.\",\"breadcrumb\":{\"@id\":\"https:\\\/\\\/schoenstatt.com\\\/es\\\/capitulo-de-fundacion-de-la-federacion-apostolica-internacional-de-madres-de-schoenstatt\\\/#breadcrumb\"},\"inLanguage\":\"es\",\"potentialAction\":[{\"@type\":\"ReadAction\",\"target\":[\"https:\\\/\\\/schoenstatt.com\\\/es\\\/capitulo-de-fundacion-de-la-federacion-apostolica-internacional-de-madres-de-schoenstatt\\\/\"]}]},{\"@type\":\"ImageObject\",\"inLanguage\":\"es\",\"@id\":\"https:\\\/\\\/schoenstatt.com\\\/es\\\/capitulo-de-fundacion-de-la-federacion-apostolica-internacional-de-madres-de-schoenstatt\\\/#primaryimage\",\"url\":\"https:\\\/\\\/schoenstatt.com\\\/wp-content\\\/uploads\\\/2022\\\/09\\\/Madres-1-1.png\",\"contentUrl\":\"https:\\\/\\\/schoenstatt.com\\\/wp-content\\\/uploads\\\/2022\\\/09\\\/Madres-1-1.png\",\"width\":676,\"height\":346,\"caption\":\"Cap\u00edtulo\"},{\"@type\":\"BreadcrumbList\",\"@id\":\"https:\\\/\\\/schoenstatt.com\\\/es\\\/capitulo-de-fundacion-de-la-federacion-apostolica-internacional-de-madres-de-schoenstatt\\\/#breadcrumb\",\"itemListElement\":[{\"@type\":\"ListItem\",\"position\":1,\"name\":\"Portada\",\"item\":\"https:\\\/\\\/schoenstatt.com\\\/es\\\/home\\\/\"},{\"@type\":\"ListItem\",\"position\":2,\"name\":\"Cap\u00edtulo de fundaci\u00f3n de la Federaci\u00f3n Apost\u00f3lica Internacional de Madres de Schoenstatt.\"}]},{\"@type\":\"WebSite\",\"@id\":\"https:\\\/\\\/schoenstatt.com\\\/es\\\/#website\",\"url\":\"https:\\\/\\\/schoenstatt.com\\\/es\\\/\",\"name\":\"Schoenstatt\",\"description\":\"Apostolic Movement\",\"publisher\":{\"@id\":\"https:\\\/\\\/schoenstatt.com\\\/es\\\/#organization\"},\"potentialAction\":[{\"@type\":\"SearchAction\",\"target\":{\"@type\":\"EntryPoint\",\"urlTemplate\":\"https:\\\/\\\/schoenstatt.com\\\/es\\\/?s={search_term_string}\"},\"query-input\":{\"@type\":\"PropertyValueSpecification\",\"valueRequired\":true,\"valueName\":\"search_term_string\"}}],\"inLanguage\":\"es\"},{\"@type\":\"Organization\",\"@id\":\"https:\\\/\\\/schoenstatt.com\\\/es\\\/#organization\",\"name\":\"Schoenstatt\",\"url\":\"https:\\\/\\\/schoenstatt.com\\\/es\\\/\",\"logo\":{\"@type\":\"ImageObject\",\"inLanguage\":\"es\",\"@id\":\"https:\\\/\\\/schoenstatt.com\\\/es\\\/#\\\/schema\\\/logo\\\/image\\\/\",\"url\":\"https:\\\/\\\/schoenstatt.com\\\/wp-content\\\/uploads\\\/2025\\\/04\\\/logo-schoenstatt-white-696x696-1.png\",\"contentUrl\":\"https:\\\/\\\/schoenstatt.com\\\/wp-content\\\/uploads\\\/2025\\\/04\\\/logo-schoenstatt-white-696x696-1.png\",\"width\":696,\"height\":694,\"caption\":\"Schoenstatt\"},\"image\":{\"@id\":\"https:\\\/\\\/schoenstatt.com\\\/es\\\/#\\\/schema\\\/logo\\\/image\\\/\"}},{\"@type\":\"Person\",\"@id\":\"https:\\\/\\\/schoenstatt.com\\\/es\\\/#\\\/schema\\\/person\\\/489465b1850e7b216fe2c10dfc262551\",\"name\":\"admin\",\"image\":{\"@type\":\"ImageObject\",\"inLanguage\":\"es\",\"@id\":\"https:\\\/\\\/secure.gravatar.com\\\/avatar\\\/02e8345e1ec40ab0e0a2a98fdde64a684bbaf994cddcb778b25b8b024ee9dfe6?s=96&d=mm&r=g\",\"url\":\"https:\\\/\\\/secure.gravatar.com\\\/avatar\\\/02e8345e1ec40ab0e0a2a98fdde64a684bbaf994cddcb778b25b8b024ee9dfe6?s=96&d=mm&r=g\",\"contentUrl\":\"https:\\\/\\\/secure.gravatar.com\\\/avatar\\\/02e8345e1ec40ab0e0a2a98fdde64a684bbaf994cddcb778b25b8b024ee9dfe6?s=96&d=mm&r=g\",\"caption\":\"admin\"},\"sameAs\":[\"https:\\\/\\\/schoenstatt.com\"],\"url\":\"https:\\\/\\\/schoenstatt.com\\\/es\\\/author\\\/admin\\\/\"}]}<\/script>\n<!-- \/ Yoast SEO Premium plugin. -->","yoast_head_json":{"title":"Cap\u00edtulo de fundaci\u00f3n de la Federaci\u00f3n Apost\u00f3lica Internacional de Madres de Schoenstatt. - Schoenstatt","description":"25 delegadas de la Federaci\u00f3n de Madres de Schoenstatt se reunieron para el Cap\u00edtulo de Fundaci\u00f3n Internacional de Madres de Schoenstatt.","robots":{"index":"index","follow":"follow","max-snippet":"max-snippet:-1","max-image-preview":"max-image-preview:large","max-video-preview":"max-video-preview:-1"},"canonical":"https:\/\/schoenstatt.com\/es\/capitulo-de-fundacion-de-la-federacion-apostolica-internacional-de-madres-de-schoenstatt\/","og_locale":"es_ES","og_type":"article","og_title":"Cap\u00edtulo de fundaci\u00f3n de la Federaci\u00f3n Apost\u00f3lica Internacional de Madres de Schoenstatt.","og_description":"25 delegadas de la Federaci\u00f3n de Madres de Schoenstatt se reunieron para el Cap\u00edtulo de Fundaci\u00f3n Internacional de Madres de Schoenstatt.","og_url":"https:\/\/schoenstatt.com\/es\/capitulo-de-fundacion-de-la-federacion-apostolica-internacional-de-madres-de-schoenstatt\/","og_site_name":"Schoenstatt","article_published_time":"2022-09-21T13:18:48+00:00","article_modified_time":"2025-05-14T23:41:14+00:00","og_image":[{"width":676,"height":346,"url":"https:\/\/schoenstatt.com\/wp-content\/uploads\/2022\/09\/Madres-1-1.png","type":"image\/png"}],"author":"admin","twitter_card":"summary_large_image","twitter_misc":{"Escrito por":"admin","Tiempo de lectura":"2 minutos"},"schema":{"@context":"https:\/\/schema.org","@graph":[{"@type":"Article","@id":"https:\/\/schoenstatt.com\/es\/capitulo-de-fundacion-de-la-federacion-apostolica-internacional-de-madres-de-schoenstatt\/#article","isPartOf":{"@id":"https:\/\/schoenstatt.com\/es\/capitulo-de-fundacion-de-la-federacion-apostolica-internacional-de-madres-de-schoenstatt\/"},"author":{"name":"admin","@id":"https:\/\/schoenstatt.com\/es\/#\/schema\/person\/489465b1850e7b216fe2c10dfc262551"},"headline":"Cap\u00edtulo de fundaci\u00f3n de la Federaci\u00f3n Apost\u00f3lica Internacional de Madres de Schoenstatt.","datePublished":"2022-09-21T13:18:48+00:00","dateModified":"2025-05-14T23:41:14+00:00","mainEntityOfPage":{"@id":"https:\/\/schoenstatt.com\/es\/capitulo-de-fundacion-de-la-federacion-apostolica-internacional-de-madres-de-schoenstatt\/"},"wordCount":300,"publisher":{"@id":"https:\/\/schoenstatt.com\/es\/#organization"},"image":{"@id":"https:\/\/schoenstatt.com\/es\/capitulo-de-fundacion-de-la-federacion-apostolica-internacional-de-madres-de-schoenstatt\/#primaryimage"},"thumbnailUrl":"https:\/\/schoenstatt.com\/wp-content\/uploads\/2022\/09\/Madres-1-1.png","articleSection":["Comunidades de Schoenstatt","Espiritualidad"],"inLanguage":"es"},{"@type":"WebPage","@id":"https:\/\/schoenstatt.com\/es\/capitulo-de-fundacion-de-la-federacion-apostolica-internacional-de-madres-de-schoenstatt\/","url":"https:\/\/schoenstatt.com\/es\/capitulo-de-fundacion-de-la-federacion-apostolica-internacional-de-madres-de-schoenstatt\/","name":"Cap\u00edtulo de fundaci\u00f3n de la Federaci\u00f3n Apost\u00f3lica Internacional de Madres de Schoenstatt. - Schoenstatt","isPartOf":{"@id":"https:\/\/schoenstatt.com\/es\/#website"},"primaryImageOfPage":{"@id":"https:\/\/schoenstatt.com\/es\/capitulo-de-fundacion-de-la-federacion-apostolica-internacional-de-madres-de-schoenstatt\/#primaryimage"},"image":{"@id":"https:\/\/schoenstatt.com\/es\/capitulo-de-fundacion-de-la-federacion-apostolica-internacional-de-madres-de-schoenstatt\/#primaryimage"},"thumbnailUrl":"https:\/\/schoenstatt.com\/wp-content\/uploads\/2022\/09\/Madres-1-1.png","datePublished":"2022-09-21T13:18:48+00:00","dateModified":"2025-05-14T23:41:14+00:00","description":"25 delegadas de la Federaci\u00f3n de Madres de Schoenstatt se reunieron para el Cap\u00edtulo de Fundaci\u00f3n Internacional de Madres de Schoenstatt.","breadcrumb":{"@id":"https:\/\/schoenstatt.com\/es\/capitulo-de-fundacion-de-la-federacion-apostolica-internacional-de-madres-de-schoenstatt\/#breadcrumb"},"inLanguage":"es","potentialAction":[{"@type":"ReadAction","target":["https:\/\/schoenstatt.com\/es\/capitulo-de-fundacion-de-la-federacion-apostolica-internacional-de-madres-de-schoenstatt\/"]}]},{"@type":"ImageObject","inLanguage":"es","@id":"https:\/\/schoenstatt.com\/es\/capitulo-de-fundacion-de-la-federacion-apostolica-internacional-de-madres-de-schoenstatt\/#primaryimage","url":"https:\/\/schoenstatt.com\/wp-content\/uploads\/2022\/09\/Madres-1-1.png","contentUrl":"https:\/\/schoenstatt.com\/wp-content\/uploads\/2022\/09\/Madres-1-1.png","width":676,"height":346,"caption":"Cap\u00edtulo"},{"@type":"BreadcrumbList","@id":"https:\/\/schoenstatt.com\/es\/capitulo-de-fundacion-de-la-federacion-apostolica-internacional-de-madres-de-schoenstatt\/#breadcrumb","itemListElement":[{"@type":"ListItem","position":1,"name":"Portada","item":"https:\/\/schoenstatt.com\/es\/home\/"},{"@type":"ListItem","position":2,"name":"Cap\u00edtulo de fundaci\u00f3n de la Federaci\u00f3n Apost\u00f3lica Internacional de Madres de Schoenstatt."}]},{"@type":"WebSite","@id":"https:\/\/schoenstatt.com\/es\/#website","url":"https:\/\/schoenstatt.com\/es\/","name":"Schoenstatt","description":"Apostolic Movement","publisher":{"@id":"https:\/\/schoenstatt.com\/es\/#organization"},"potentialAction":[{"@type":"SearchAction","target":{"@type":"EntryPoint","urlTemplate":"https:\/\/schoenstatt.com\/es\/?s={search_term_string}"},"query-input":{"@type":"PropertyValueSpecification","valueRequired":true,"valueName":"search_term_string"}}],"inLanguage":"es"},{"@type":"Organization","@id":"https:\/\/schoenstatt.com\/es\/#organization","name":"Schoenstatt","url":"https:\/\/schoenstatt.com\/es\/","logo":{"@type":"ImageObject","inLanguage":"es","@id":"https:\/\/schoenstatt.com\/es\/#\/schema\/logo\/image\/","url":"https:\/\/schoenstatt.com\/wp-content\/uploads\/2025\/04\/logo-schoenstatt-white-696x696-1.png","contentUrl":"https:\/\/schoenstatt.com\/wp-content\/uploads\/2025\/04\/logo-schoenstatt-white-696x696-1.png","width":696,"height":694,"caption":"Schoenstatt"},"image":{"@id":"https:\/\/schoenstatt.com\/es\/#\/schema\/logo\/image\/"}},{"@type":"Person","@id":"https:\/\/schoenstatt.com\/es\/#\/schema\/person\/489465b1850e7b216fe2c10dfc262551","name":"admin","image":{"@type":"ImageObject","inLanguage":"es","@id":"https:\/\/secure.gravatar.com\/avatar\/02e8345e1ec40ab0e0a2a98fdde64a684bbaf994cddcb778b25b8b024ee9dfe6?s=96&d=mm&r=g","url":"https:\/\/secure.gravatar.com\/avatar\/02e8345e1ec40ab0e0a2a98fdde64a684bbaf994cddcb778b25b8b024ee9dfe6?s=96&d=mm&r=g","contentUrl":"https:\/\/secure.gravatar.com\/avatar\/02e8345e1ec40ab0e0a2a98fdde64a684bbaf994cddcb778b25b8b024ee9dfe6?s=96&d=mm&r=g","caption":"admin"},"sameAs":["https:\/\/schoenstatt.com"],"url":"https:\/\/schoenstatt.com\/es\/author\/admin\/"}]}},"_links":{"self":[{"href":"https:\/\/schoenstatt.com\/es\/wp-json\/wp\/v2\/posts\/26962","targetHints":{"allow":["GET"]}}],"collection":[{"href":"https:\/\/schoenstatt.com\/es\/wp-json\/wp\/v2\/posts"}],"about":[{"href":"https:\/\/schoenstatt.com\/es\/wp-json\/wp\/v2\/types\/post"}],"author":[{"embeddable":true,"href":"https:\/\/schoenstatt.com\/es\/wp-json\/wp\/v2\/users\/1"}],"replies":[{"embeddable":true,"href":"https:\/\/schoenstatt.com\/es\/wp-json\/wp\/v2\/comments?post=26962"}],"version-history":[{"count":1,"href":"https:\/\/schoenstatt.com\/es\/wp-json\/wp\/v2\/posts\/26962\/revisions"}],"predecessor-version":[{"id":45522,"href":"https:\/\/schoenstatt.com\/es\/wp-json\/wp\/v2\/posts\/26962\/revisions\/45522"}],"wp:featuredmedia":[{"embeddable":true,"href":"https:\/\/schoenstatt.com\/es\/wp-json\/wp\/v2\/media\/26967"}],"wp:attachment":[{"href":"https:\/\/schoenstatt.com\/es\/wp-json\/wp\/v2\/media?parent=26962"}],"wp:term":[{"taxonomy":"category","embeddable":true,"href":"https:\/\/schoenstatt.com\/es\/wp-json\/wp\/v2\/categories?post=26962"},{"taxonomy":"post_tag","embeddable":true,"href":"https:\/\/schoenstatt.com\/es\/wp-json\/wp\/v2\/tags?post=26962"}],"curies":[{"name":"wp","href":"https:\/\/api.w.org\/{rel}","templated":true}]}}