{"id":26597,"date":"2022-09-01T21:10:40","date_gmt":"2022-09-01T19:10:40","guid":{"rendered":"https:\/\/schoenstatt.com\/?p=26597"},"modified":"2025-05-15T01:42:21","modified_gmt":"2025-05-14T23:42:21","slug":"padres-de-schoenstatt-el-capitulo-general-concluye-en-roma","status":"publish","type":"post","link":"https:\/\/schoenstatt.com\/es\/padres-de-schoenstatt-el-capitulo-general-concluye-en-roma\/","title":{"rendered":"Padres de Schoenstatt: El Cap\u00edtulo general concluye en Roma"},"content":{"rendered":"<p>Francisco recibi\u00f3 a los Padres de Sch\u00f6nstatt con motivo del Cap\u00edtulo General y les inst\u00f3 a dar respuestas a las preocupaciones de los hombres y mujeres de nuestro tiempo: \u00abMuchos matrimonios en crisis, j\u00f3venes tentados, ancianos olvidados, ni\u00f1os que sufren\u201d.<\/p>\n<p>En las \u00absituaciones oscuras\u00bb de hoy, entre \u00abmatrimonios en crisis, j\u00f3venes tentados, ancianos olvidados, ni\u00f1os que sufren\u00bb, mientras la familia es atacada y las \u00abcolonizaciones ideol\u00f3gicas\u00bb intentan \u00absaquear salvajemente\u00bb los propios valores humanos, es necesario convertirse en portadores de esperanza. El Papa Francisco recibi\u00f3 a los padres de la comunidad de Sch\u00f6nstatt, movimiento mariano cat\u00f3lico nacido en Alemania en 1914, con motivo del Cap\u00edtulo General, y les pidi\u00f3 que dieran una respuesta a las luchas y angustias del pueblo.<\/p>\n<h3>Saludo al nuevo Superior General<\/h3>\n<p>Antes del discurso, \u00edntegramente en espa\u00f1ol, el Papa salud\u00f3 al nuevo superior general, el padre Alexandre Awi Mello, elegido el 21 de agosto. Durante cinco a\u00f1os el religioso brasile\u00f1o fue Secretario del Dicasterio para los Laicos, la Familia y la Vida. Un servicio por el que Francisco expres\u00f3 su gratitud: \u00abFue mi secretario en Aparecida, luego mi gu\u00eda en R\u00edo de Janeiro y despu\u00e9s mi secretario aqu\u00ed. Gracias, por su colaboraci\u00f3n durante estos a\u00f1os en comuni\u00f3n con el Sucesor de Pedro, en beneficio de toda la Iglesia. Le deseo un ministerio fruct\u00edfero en esta nueva responsabilidad que se le ha confiado\u00bb.<\/p>\n<h3>Portadores de esperanza<\/h3>\n<p>Un agradecimiento, el Papa Francisco, se dirige tambi\u00e9n a toda la comunidad:\u201cUstedes, queridos hermanos, prestan un hermoso servicio a la Iglesia y al mundo, especialmente acompa\u00f1ando a las familias en los diversos acontecimientos y vicisitudes que atraviesan, anunciando a todos sus miembros la belleza de la \u2018Alianza de Amor\u2019 que el Se\u00f1or ha establecido con su pueblo. Hoy hay muchos matrimonios en crisis, j\u00f3venes tentados, ancianos olvidados, ni\u00f1os que sufren. Ustedes son portadores de un mensaje de esperanza en estas situaciones oscuras por las que pasa cada etapa de la vida\u201d<br \/>\n\u00abEsto -a\u00f1adi\u00f3 el Papa, distanci\u00e1ndose del texto escrito- va un poco de la mano de este expolio de los valores humanos, un saqueo que hacen salvajemente las colonizaciones ideol\u00f3gicas de todo tipo\u00bb.<\/p>\n<figure id=\"attachment_26595\" aria-describedby=\"caption-attachment-26595\" style=\"width: 750px\" class=\"wp-caption aligncenter\"><img fetchpriority=\"high\" decoding=\"async\" class=\"size-full wp-image-26595\" src=\"https:\/\/schoenstatt.com\/wp-content\/uploads\/2022\/09\/cq5dam.thumbnail.cropped.750.422-3.jpeg\" alt=\"Padres de Schoenstatt\" width=\"750\" height=\"422\" \/><figcaption id=\"caption-attachment-26595\" class=\"wp-caption-text\">Audiencia del Papa Francisco a los participantes del Cap\u00edtulo General de los Padres de Schoenstatt (Vatican Media)<\/figcaption><\/figure>\n<h3>Distancias e ideolog\u00edas<\/h3>\n<p>S\u00ed, dice Francisco, \u00abel mundo nos pide cada vez m\u00e1s que demos respuestas a las preguntas y ansiedades de los hombres y mujeres de nuestro tiempo\u00bb. Y una de las preocupaciones m\u00e1s serias es sobre la familia y su naturaleza:<\/p>\n<p>\u201cA menudo vemos que la naturaleza de la <a href=\"http:\/\/www.laityfamilylife.va\/content\/laityfamilylife\/es.html\">familia<\/a> es atacada por diversas ideolog\u00edas, que sacuden los cimientos que sostienen la personalidad del ser humano y, en general, de toda la sociedad. Adem\u00e1s, en el seno de las familias, en muchas ocasiones se observa una distancia de entendimiento entre los mayores y los j\u00f3venes\u201d.<\/p>\n<h3>Pacto entre generaciones<\/h3>\n<p>El Pont\u00edfice record\u00f3 su ciclo de catequesis en la audiencia general de los mi\u00e9rcoles para reiterar que \u00abla alianza entre las generaciones, es decir, entre los m\u00e1s viejos y los m\u00e1s j\u00f3venes, es lo que puede salvar a la humanidad, porque as\u00ed se preserva la identidad personal y familiar\u00bb. En la familia \u00abno s\u00f3lo se hereda una herencia gen\u00e9tica o un apellido, sino tambi\u00e9n y sobre todo la sabidur\u00eda de lo que significa ser humano, seg\u00fan el plan de Dios\u00bb.<\/p>\n<p>Por tanto, el misterio de nuestra redenci\u00f3n est\u00e1 tambi\u00e9n \u00edntimamente ligado a la experiencia del amor en las familias. Y no olvidemos que, en \u00faltima instancia, la fe se transmite siempre en \u00abdialecto\u00bb a trav\u00e9s de las familias, los ancianos, los abuelos.<\/p>\n<h3>El ejemplo de la Virgen<\/h3>\n<p>El modelo es la Sagrada Familia, y especialmente la Virgen Mar\u00eda, \u00abque cuida de todos sus hijos e hijas, especialmente de los m\u00e1s pobres de cuerpo y esp\u00edritu, con amor tierno y comprometido\u00bb. Los miembros de Sch\u00f6nstatt veneran a la Virgen con \u00abgran amor\u00bb bajo el t\u00edtulo de <a href=\"https:\/\/schoenstatt.com\/es\/acerca-de\/espiritualidad\/devocion-mariana\/\">\u00abMadre Tres Veces Admirable\u00bb<\/a>. \u00abElla es un modelo fundamental para todos, que nos impulsa a construir puentes basados en la caridad fraterna y la comuni\u00f3n de bienes con los m\u00e1s necesitados\u00bb, subray\u00f3 Francisco.<\/p>\n<h3>Abrir nuevos caminos<\/h3>\n<p>Concluy\u00f3 animando a \u00aba seguir adelante en sus apostolados, renov\u00e1ndose siempre con la gracia del Esp\u00edritu Santo y mostrando valor para abrir nuevos caminos al servicio de las familias, para hacer brillar la belleza de la Alianza establecida entre Dios y el hombre a trav\u00e9s de la espiritualidad y la vivencia de los valores cristianos\u00bb.<\/p>\n<p>Fuente: www.vaticanews.va<\/p>\n<p><a href=\"https:\/\/schoenstatt.com\/wp-content\/uploads\/2022\/09\/ES-Discurso-Santo-Padre-a-los-Padres-de-Schoenstatt.pdf\">Discurso del Santo Padre a los Padres de Schoenstatt.<\/a> Fuente: Dicastero per la Comunicazione &#8211; Libreria Editrice Vaticana<\/p>\n","protected":false},"excerpt":{"rendered":"<p>Francisco recibi\u00f3 a los Padres de Sch\u00f6nstatt con motivo del Cap\u00edtulo General y les inst\u00f3 a dar respuestas a las preocupaciones de mundo de hoy.<\/p>\n","protected":false},"author":1,"featured_media":26576,"comment_status":"closed","ping_status":"closed","sticky":false,"template":"","format":"standard","meta":{"footnotes":""},"categories":[909,917],"tags":[],"class_list":["post-26597","post","type-post","status-publish","format-standard","has-post-thumbnail","hentry","category-comunidades-de-schoenstatt-es","category-espiritualidad-es"],"yoast_head":"<!-- This site is optimized with the Yoast SEO Premium plugin v27.4 (Yoast SEO v27.5) - https:\/\/yoast.com\/product\/yoast-seo-premium-wordpress\/ -->\n<title>Padres de Schoenstatt: El Cap\u00edtulo general concluye en Roma -<\/title>\n<meta name=\"description\" content=\"Padres de Sch\u00f6nstatt: Francisco recibi\u00f3 los con motivo del Cap\u00edtulo General y les inst\u00f3 a dar respuestas a las preocupaciones de mundo de hoy.\" \/>\n<meta name=\"robots\" content=\"index, follow, max-snippet:-1, max-image-preview:large, max-video-preview:-1\" \/>\n<link rel=\"canonical\" href=\"https:\/\/schoenstatt.com\/es\/padres-de-schoenstatt-el-capitulo-general-concluye-en-roma\/\" \/>\n<meta property=\"og:locale\" content=\"es_ES\" \/>\n<meta property=\"og:type\" content=\"article\" \/>\n<meta property=\"og:title\" content=\"Padres de Schoenstatt: El Cap\u00edtulo general concluye en Roma\" \/>\n<meta property=\"og:description\" content=\"Padres de Sch\u00f6nstatt: Francisco recibi\u00f3 los con motivo del Cap\u00edtulo General y les inst\u00f3 a dar respuestas a las preocupaciones de mundo de hoy.\" \/>\n<meta property=\"og:url\" content=\"https:\/\/schoenstatt.com\/es\/padres-de-schoenstatt-el-capitulo-general-concluye-en-roma\/\" \/>\n<meta property=\"og:site_name\" content=\"Schoenstatt\" \/>\n<meta property=\"article:published_time\" content=\"2022-09-01T19:10:40+00:00\" \/>\n<meta property=\"article:modified_time\" content=\"2025-05-14T23:42:21+00:00\" \/>\n<meta property=\"og:image\" content=\"https:\/\/schoenstatt.com\/wp-content\/uploads\/2022\/09\/20220999_01_KapitelteilnehmerDerSchoenstattPatresAudienzPapstFranziskus_FotoVaticanMedia-2.jpg\" \/>\n\t<meta property=\"og:image:width\" content=\"680\" \/>\n\t<meta property=\"og:image:height\" content=\"340\" \/>\n\t<meta property=\"og:image:type\" content=\"image\/jpeg\" \/>\n<meta name=\"author\" content=\"admin\" \/>\n<meta name=\"twitter:card\" content=\"summary_large_image\" \/>\n<meta name=\"twitter:label1\" content=\"Escrito por\" \/>\n\t<meta name=\"twitter:data1\" content=\"admin\" \/>\n\t<meta name=\"twitter:label2\" content=\"Tiempo de lectura\" \/>\n\t<meta name=\"twitter:data2\" content=\"4 minutos\" \/>\n<script type=\"application\/ld+json\" class=\"yoast-schema-graph\">{\"@context\":\"https:\\\/\\\/schema.org\",\"@graph\":[{\"@type\":\"Article\",\"@id\":\"https:\\\/\\\/schoenstatt.com\\\/es\\\/padres-de-schoenstatt-el-capitulo-general-concluye-en-roma\\\/#article\",\"isPartOf\":{\"@id\":\"https:\\\/\\\/schoenstatt.com\\\/es\\\/padres-de-schoenstatt-el-capitulo-general-concluye-en-roma\\\/\"},\"author\":{\"name\":\"admin\",\"@id\":\"https:\\\/\\\/schoenstatt.com\\\/es\\\/#\\\/schema\\\/person\\\/489465b1850e7b216fe2c10dfc262551\"},\"headline\":\"Padres de Schoenstatt: El Cap\u00edtulo general concluye en Roma\",\"datePublished\":\"2022-09-01T19:10:40+00:00\",\"dateModified\":\"2025-05-14T23:42:21+00:00\",\"mainEntityOfPage\":{\"@id\":\"https:\\\/\\\/schoenstatt.com\\\/es\\\/padres-de-schoenstatt-el-capitulo-general-concluye-en-roma\\\/\"},\"wordCount\":830,\"publisher\":{\"@id\":\"https:\\\/\\\/schoenstatt.com\\\/es\\\/#organization\"},\"image\":{\"@id\":\"https:\\\/\\\/schoenstatt.com\\\/es\\\/padres-de-schoenstatt-el-capitulo-general-concluye-en-roma\\\/#primaryimage\"},\"thumbnailUrl\":\"https:\\\/\\\/schoenstatt.com\\\/wp-content\\\/uploads\\\/2022\\\/09\\\/20220999_01_KapitelteilnehmerDerSchoenstattPatresAudienzPapstFranziskus_FotoVaticanMedia-2.jpg\",\"articleSection\":[\"Comunidades de Schoenstatt\",\"Espiritualidad\"],\"inLanguage\":\"es\"},{\"@type\":\"WebPage\",\"@id\":\"https:\\\/\\\/schoenstatt.com\\\/es\\\/padres-de-schoenstatt-el-capitulo-general-concluye-en-roma\\\/\",\"url\":\"https:\\\/\\\/schoenstatt.com\\\/es\\\/padres-de-schoenstatt-el-capitulo-general-concluye-en-roma\\\/\",\"name\":\"Padres de Schoenstatt: El Cap\u00edtulo general concluye en Roma -\",\"isPartOf\":{\"@id\":\"https:\\\/\\\/schoenstatt.com\\\/es\\\/#website\"},\"primaryImageOfPage\":{\"@id\":\"https:\\\/\\\/schoenstatt.com\\\/es\\\/padres-de-schoenstatt-el-capitulo-general-concluye-en-roma\\\/#primaryimage\"},\"image\":{\"@id\":\"https:\\\/\\\/schoenstatt.com\\\/es\\\/padres-de-schoenstatt-el-capitulo-general-concluye-en-roma\\\/#primaryimage\"},\"thumbnailUrl\":\"https:\\\/\\\/schoenstatt.com\\\/wp-content\\\/uploads\\\/2022\\\/09\\\/20220999_01_KapitelteilnehmerDerSchoenstattPatresAudienzPapstFranziskus_FotoVaticanMedia-2.jpg\",\"datePublished\":\"2022-09-01T19:10:40+00:00\",\"dateModified\":\"2025-05-14T23:42:21+00:00\",\"description\":\"Padres de Sch\u00f6nstatt: Francisco recibi\u00f3 los con motivo del Cap\u00edtulo General y les inst\u00f3 a dar respuestas a las preocupaciones de mundo de hoy.\",\"breadcrumb\":{\"@id\":\"https:\\\/\\\/schoenstatt.com\\\/es\\\/padres-de-schoenstatt-el-capitulo-general-concluye-en-roma\\\/#breadcrumb\"},\"inLanguage\":\"es\",\"potentialAction\":[{\"@type\":\"ReadAction\",\"target\":[\"https:\\\/\\\/schoenstatt.com\\\/es\\\/padres-de-schoenstatt-el-capitulo-general-concluye-en-roma\\\/\"]}]},{\"@type\":\"ImageObject\",\"inLanguage\":\"es\",\"@id\":\"https:\\\/\\\/schoenstatt.com\\\/es\\\/padres-de-schoenstatt-el-capitulo-general-concluye-en-roma\\\/#primaryimage\",\"url\":\"https:\\\/\\\/schoenstatt.com\\\/wp-content\\\/uploads\\\/2022\\\/09\\\/20220999_01_KapitelteilnehmerDerSchoenstattPatresAudienzPapstFranziskus_FotoVaticanMedia-2.jpg\",\"contentUrl\":\"https:\\\/\\\/schoenstatt.com\\\/wp-content\\\/uploads\\\/2022\\\/09\\\/20220999_01_KapitelteilnehmerDerSchoenstattPatresAudienzPapstFranziskus_FotoVaticanMedia-2.jpg\",\"width\":680,\"height\":340,\"caption\":\"Schoenstatt Patres bei der Audienz mit Papst Franziskus\"},{\"@type\":\"BreadcrumbList\",\"@id\":\"https:\\\/\\\/schoenstatt.com\\\/es\\\/padres-de-schoenstatt-el-capitulo-general-concluye-en-roma\\\/#breadcrumb\",\"itemListElement\":[{\"@type\":\"ListItem\",\"position\":1,\"name\":\"Portada\",\"item\":\"https:\\\/\\\/schoenstatt.com\\\/es\\\/home\\\/\"},{\"@type\":\"ListItem\",\"position\":2,\"name\":\"Padres de Schoenstatt: El Cap\u00edtulo general concluye en Roma\"}]},{\"@type\":\"WebSite\",\"@id\":\"https:\\\/\\\/schoenstatt.com\\\/es\\\/#website\",\"url\":\"https:\\\/\\\/schoenstatt.com\\\/es\\\/\",\"name\":\"Schoenstatt\",\"description\":\"Apostolic Movement\",\"publisher\":{\"@id\":\"https:\\\/\\\/schoenstatt.com\\\/es\\\/#organization\"},\"potentialAction\":[{\"@type\":\"SearchAction\",\"target\":{\"@type\":\"EntryPoint\",\"urlTemplate\":\"https:\\\/\\\/schoenstatt.com\\\/es\\\/?s={search_term_string}\"},\"query-input\":{\"@type\":\"PropertyValueSpecification\",\"valueRequired\":true,\"valueName\":\"search_term_string\"}}],\"inLanguage\":\"es\"},{\"@type\":\"Organization\",\"@id\":\"https:\\\/\\\/schoenstatt.com\\\/es\\\/#organization\",\"name\":\"Schoenstatt\",\"url\":\"https:\\\/\\\/schoenstatt.com\\\/es\\\/\",\"logo\":{\"@type\":\"ImageObject\",\"inLanguage\":\"es\",\"@id\":\"https:\\\/\\\/schoenstatt.com\\\/es\\\/#\\\/schema\\\/logo\\\/image\\\/\",\"url\":\"https:\\\/\\\/schoenstatt.com\\\/wp-content\\\/uploads\\\/2025\\\/04\\\/logo-schoenstatt-white-696x696-1.png\",\"contentUrl\":\"https:\\\/\\\/schoenstatt.com\\\/wp-content\\\/uploads\\\/2025\\\/04\\\/logo-schoenstatt-white-696x696-1.png\",\"width\":696,\"height\":694,\"caption\":\"Schoenstatt\"},\"image\":{\"@id\":\"https:\\\/\\\/schoenstatt.com\\\/es\\\/#\\\/schema\\\/logo\\\/image\\\/\"}},{\"@type\":\"Person\",\"@id\":\"https:\\\/\\\/schoenstatt.com\\\/es\\\/#\\\/schema\\\/person\\\/489465b1850e7b216fe2c10dfc262551\",\"name\":\"admin\",\"image\":{\"@type\":\"ImageObject\",\"inLanguage\":\"es\",\"@id\":\"https:\\\/\\\/secure.gravatar.com\\\/avatar\\\/02e8345e1ec40ab0e0a2a98fdde64a684bbaf994cddcb778b25b8b024ee9dfe6?s=96&d=mm&r=g\",\"url\":\"https:\\\/\\\/secure.gravatar.com\\\/avatar\\\/02e8345e1ec40ab0e0a2a98fdde64a684bbaf994cddcb778b25b8b024ee9dfe6?s=96&d=mm&r=g\",\"contentUrl\":\"https:\\\/\\\/secure.gravatar.com\\\/avatar\\\/02e8345e1ec40ab0e0a2a98fdde64a684bbaf994cddcb778b25b8b024ee9dfe6?s=96&d=mm&r=g\",\"caption\":\"admin\"},\"sameAs\":[\"https:\\\/\\\/schoenstatt.com\"],\"url\":\"https:\\\/\\\/schoenstatt.com\\\/es\\\/author\\\/admin\\\/\"}]}<\/script>\n<!-- \/ Yoast SEO Premium plugin. -->","yoast_head_json":{"title":"Padres de Schoenstatt: El Cap\u00edtulo general concluye en Roma -","description":"Padres de Sch\u00f6nstatt: Francisco recibi\u00f3 los con motivo del Cap\u00edtulo General y les inst\u00f3 a dar respuestas a las preocupaciones de mundo de hoy.","robots":{"index":"index","follow":"follow","max-snippet":"max-snippet:-1","max-image-preview":"max-image-preview:large","max-video-preview":"max-video-preview:-1"},"canonical":"https:\/\/schoenstatt.com\/es\/padres-de-schoenstatt-el-capitulo-general-concluye-en-roma\/","og_locale":"es_ES","og_type":"article","og_title":"Padres de Schoenstatt: El Cap\u00edtulo general concluye en Roma","og_description":"Padres de Sch\u00f6nstatt: Francisco recibi\u00f3 los con motivo del Cap\u00edtulo General y les inst\u00f3 a dar respuestas a las preocupaciones de mundo de hoy.","og_url":"https:\/\/schoenstatt.com\/es\/padres-de-schoenstatt-el-capitulo-general-concluye-en-roma\/","og_site_name":"Schoenstatt","article_published_time":"2022-09-01T19:10:40+00:00","article_modified_time":"2025-05-14T23:42:21+00:00","og_image":[{"width":680,"height":340,"url":"https:\/\/schoenstatt.com\/wp-content\/uploads\/2022\/09\/20220999_01_KapitelteilnehmerDerSchoenstattPatresAudienzPapstFranziskus_FotoVaticanMedia-2.jpg","type":"image\/jpeg"}],"author":"admin","twitter_card":"summary_large_image","twitter_misc":{"Escrito por":"admin","Tiempo de lectura":"4 minutos"},"schema":{"@context":"https:\/\/schema.org","@graph":[{"@type":"Article","@id":"https:\/\/schoenstatt.com\/es\/padres-de-schoenstatt-el-capitulo-general-concluye-en-roma\/#article","isPartOf":{"@id":"https:\/\/schoenstatt.com\/es\/padres-de-schoenstatt-el-capitulo-general-concluye-en-roma\/"},"author":{"name":"admin","@id":"https:\/\/schoenstatt.com\/es\/#\/schema\/person\/489465b1850e7b216fe2c10dfc262551"},"headline":"Padres de Schoenstatt: El Cap\u00edtulo general concluye en Roma","datePublished":"2022-09-01T19:10:40+00:00","dateModified":"2025-05-14T23:42:21+00:00","mainEntityOfPage":{"@id":"https:\/\/schoenstatt.com\/es\/padres-de-schoenstatt-el-capitulo-general-concluye-en-roma\/"},"wordCount":830,"publisher":{"@id":"https:\/\/schoenstatt.com\/es\/#organization"},"image":{"@id":"https:\/\/schoenstatt.com\/es\/padres-de-schoenstatt-el-capitulo-general-concluye-en-roma\/#primaryimage"},"thumbnailUrl":"https:\/\/schoenstatt.com\/wp-content\/uploads\/2022\/09\/20220999_01_KapitelteilnehmerDerSchoenstattPatresAudienzPapstFranziskus_FotoVaticanMedia-2.jpg","articleSection":["Comunidades de Schoenstatt","Espiritualidad"],"inLanguage":"es"},{"@type":"WebPage","@id":"https:\/\/schoenstatt.com\/es\/padres-de-schoenstatt-el-capitulo-general-concluye-en-roma\/","url":"https:\/\/schoenstatt.com\/es\/padres-de-schoenstatt-el-capitulo-general-concluye-en-roma\/","name":"Padres de Schoenstatt: El Cap\u00edtulo general concluye en Roma -","isPartOf":{"@id":"https:\/\/schoenstatt.com\/es\/#website"},"primaryImageOfPage":{"@id":"https:\/\/schoenstatt.com\/es\/padres-de-schoenstatt-el-capitulo-general-concluye-en-roma\/#primaryimage"},"image":{"@id":"https:\/\/schoenstatt.com\/es\/padres-de-schoenstatt-el-capitulo-general-concluye-en-roma\/#primaryimage"},"thumbnailUrl":"https:\/\/schoenstatt.com\/wp-content\/uploads\/2022\/09\/20220999_01_KapitelteilnehmerDerSchoenstattPatresAudienzPapstFranziskus_FotoVaticanMedia-2.jpg","datePublished":"2022-09-01T19:10:40+00:00","dateModified":"2025-05-14T23:42:21+00:00","description":"Padres de Sch\u00f6nstatt: Francisco recibi\u00f3 los con motivo del Cap\u00edtulo General y les inst\u00f3 a dar respuestas a las preocupaciones de mundo de hoy.","breadcrumb":{"@id":"https:\/\/schoenstatt.com\/es\/padres-de-schoenstatt-el-capitulo-general-concluye-en-roma\/#breadcrumb"},"inLanguage":"es","potentialAction":[{"@type":"ReadAction","target":["https:\/\/schoenstatt.com\/es\/padres-de-schoenstatt-el-capitulo-general-concluye-en-roma\/"]}]},{"@type":"ImageObject","inLanguage":"es","@id":"https:\/\/schoenstatt.com\/es\/padres-de-schoenstatt-el-capitulo-general-concluye-en-roma\/#primaryimage","url":"https:\/\/schoenstatt.com\/wp-content\/uploads\/2022\/09\/20220999_01_KapitelteilnehmerDerSchoenstattPatresAudienzPapstFranziskus_FotoVaticanMedia-2.jpg","contentUrl":"https:\/\/schoenstatt.com\/wp-content\/uploads\/2022\/09\/20220999_01_KapitelteilnehmerDerSchoenstattPatresAudienzPapstFranziskus_FotoVaticanMedia-2.jpg","width":680,"height":340,"caption":"Schoenstatt Patres bei der Audienz mit Papst Franziskus"},{"@type":"BreadcrumbList","@id":"https:\/\/schoenstatt.com\/es\/padres-de-schoenstatt-el-capitulo-general-concluye-en-roma\/#breadcrumb","itemListElement":[{"@type":"ListItem","position":1,"name":"Portada","item":"https:\/\/schoenstatt.com\/es\/home\/"},{"@type":"ListItem","position":2,"name":"Padres de Schoenstatt: El Cap\u00edtulo general concluye en Roma"}]},{"@type":"WebSite","@id":"https:\/\/schoenstatt.com\/es\/#website","url":"https:\/\/schoenstatt.com\/es\/","name":"Schoenstatt","description":"Apostolic Movement","publisher":{"@id":"https:\/\/schoenstatt.com\/es\/#organization"},"potentialAction":[{"@type":"SearchAction","target":{"@type":"EntryPoint","urlTemplate":"https:\/\/schoenstatt.com\/es\/?s={search_term_string}"},"query-input":{"@type":"PropertyValueSpecification","valueRequired":true,"valueName":"search_term_string"}}],"inLanguage":"es"},{"@type":"Organization","@id":"https:\/\/schoenstatt.com\/es\/#organization","name":"Schoenstatt","url":"https:\/\/schoenstatt.com\/es\/","logo":{"@type":"ImageObject","inLanguage":"es","@id":"https:\/\/schoenstatt.com\/es\/#\/schema\/logo\/image\/","url":"https:\/\/schoenstatt.com\/wp-content\/uploads\/2025\/04\/logo-schoenstatt-white-696x696-1.png","contentUrl":"https:\/\/schoenstatt.com\/wp-content\/uploads\/2025\/04\/logo-schoenstatt-white-696x696-1.png","width":696,"height":694,"caption":"Schoenstatt"},"image":{"@id":"https:\/\/schoenstatt.com\/es\/#\/schema\/logo\/image\/"}},{"@type":"Person","@id":"https:\/\/schoenstatt.com\/es\/#\/schema\/person\/489465b1850e7b216fe2c10dfc262551","name":"admin","image":{"@type":"ImageObject","inLanguage":"es","@id":"https:\/\/secure.gravatar.com\/avatar\/02e8345e1ec40ab0e0a2a98fdde64a684bbaf994cddcb778b25b8b024ee9dfe6?s=96&d=mm&r=g","url":"https:\/\/secure.gravatar.com\/avatar\/02e8345e1ec40ab0e0a2a98fdde64a684bbaf994cddcb778b25b8b024ee9dfe6?s=96&d=mm&r=g","contentUrl":"https:\/\/secure.gravatar.com\/avatar\/02e8345e1ec40ab0e0a2a98fdde64a684bbaf994cddcb778b25b8b024ee9dfe6?s=96&d=mm&r=g","caption":"admin"},"sameAs":["https:\/\/schoenstatt.com"],"url":"https:\/\/schoenstatt.com\/es\/author\/admin\/"}]}},"_links":{"self":[{"href":"https:\/\/schoenstatt.com\/es\/wp-json\/wp\/v2\/posts\/26597","targetHints":{"allow":["GET"]}}],"collection":[{"href":"https:\/\/schoenstatt.com\/es\/wp-json\/wp\/v2\/posts"}],"about":[{"href":"https:\/\/schoenstatt.com\/es\/wp-json\/wp\/v2\/types\/post"}],"author":[{"embeddable":true,"href":"https:\/\/schoenstatt.com\/es\/wp-json\/wp\/v2\/users\/1"}],"replies":[{"embeddable":true,"href":"https:\/\/schoenstatt.com\/es\/wp-json\/wp\/v2\/comments?post=26597"}],"version-history":[{"count":1,"href":"https:\/\/schoenstatt.com\/es\/wp-json\/wp\/v2\/posts\/26597\/revisions"}],"predecessor-version":[{"id":45462,"href":"https:\/\/schoenstatt.com\/es\/wp-json\/wp\/v2\/posts\/26597\/revisions\/45462"}],"wp:featuredmedia":[{"embeddable":true,"href":"https:\/\/schoenstatt.com\/es\/wp-json\/wp\/v2\/media\/26576"}],"wp:attachment":[{"href":"https:\/\/schoenstatt.com\/es\/wp-json\/wp\/v2\/media?parent=26597"}],"wp:term":[{"taxonomy":"category","embeddable":true,"href":"https:\/\/schoenstatt.com\/es\/wp-json\/wp\/v2\/categories?post=26597"},{"taxonomy":"post_tag","embeddable":true,"href":"https:\/\/schoenstatt.com\/es\/wp-json\/wp\/v2\/tags?post=26597"}],"curies":[{"name":"wp","href":"https:\/\/api.w.org\/{rel}","templated":true}]}}