{"id":26530,"date":"2022-08-30T17:54:29","date_gmt":"2022-08-30T15:54:29","guid":{"rendered":"https:\/\/schoenstatt.com\/?p=26530"},"modified":"2025-05-15T00:36:32","modified_gmt":"2025-05-14T22:36:32","slug":"enraizados-en-nuestro-carisma-profetico-hacia-el-futuro","status":"publish","type":"post","link":"https:\/\/schoenstatt.com\/es\/enraizados-en-nuestro-carisma-profetico-hacia-el-futuro\/","title":{"rendered":"Enraizados en nuestro carisma prof\u00e9tico, hacia el futuro"},"content":{"rendered":"<p>Hace unos d\u00edas, el P. Alexandre fue elegido Superior General del Instituto Secular de los <a href=\"http:\/\/www.schoenstatt-fathers.org\/schoenstatt-fathers\/es\/\">Padres de Schoenstatt<\/a>. Seg\u00fan declar\u00f3 al sitio web del Vaticano, esto le sorprendi\u00f3, ya que \u00e9l no estaba participando en el Cap\u00edtulo General y estaba trabajaba normalmente en la secretar\u00eda del Dicasterio. Despu\u00e9s de ser consultado, habl\u00f3 con el Papa Francisco quien le dio toda la libertad para decidir. Dio su s\u00ed, e inmediatamente viaj\u00f3 a Schoenstatt en Alemania para participar en este momento tan decisivo para su comunidad.<\/p>\n<p>A pesar de la sobrecarga de trabajo, el P. Alexandre accedi\u00f3 a dar una breve entrevista al respecto y a dejar un mensaje para nuestra Familia de Schoenstatt:<\/p>\n<h3>Padre Alexandre, \u00bfC\u00f3mo ve usted esta elecci\u00f3n como Superior General de su Instituto?<\/h3>\n<p>Afronto esta elecci\u00f3n de mis hermanos con humildad y confianza. Estoy encantado de llevar a cabo esta tarea acompa\u00f1ado por un Consejo General, que podr\u00e1 complementarme en algunas \u00e1reas que habitualmente no me siento capaz de hacer.<\/p>\n<p>El trabajo de una Direcci\u00f3n General se realiza de forma sinodal, es decir, colegiada. Nosotros, el Consejo General, somos la expresi\u00f3n de una comunidad. Esto es lo que espero que ocurra tambi\u00e9n con la tarea que he recibido con este nombramiento.<\/p>\n<h3>Con ello, asume usted tambi\u00e9n la direcci\u00f3n de la Presidencia General de la Obra Internacional de Schoenstatt. \u00bfC\u00f3mo piensa actuar en este papel?<\/h3>\n<p>S\u00ed, con este nombramiento asumo tambi\u00e9n esta direcci\u00f3n. Creo que mi funci\u00f3n es coordinar y ser un factor de unidad y comuni\u00f3n. Deseo que all\u00ed tambi\u00e9n todo sea en el mismo esp\u00edritu de unidad y comuni\u00f3n que experiment\u00e9 durante mi trabajo con la Familia de Schoenstatt en Brasil. Esto suceder\u00e1, sin duda, porque este esp\u00edritu ya existe en la Presidencia Internacional.<\/p>\n<h3>\u00bfC\u00f3mo contribuye su trabajo en el Dicasterio en la ejecuci\u00f3n de esta nueva misi\u00f3n?<\/h3>\n<p>La tarea en el Dicasterio para los Laicos, la Familia y la Vida, sin duda, me ha enriquecido con la visi\u00f3n de una Iglesia universal y tambi\u00e9n con la percepci\u00f3n de la riqueza de otros Movimientos. Pude aprender que siempre nos podemos dejar complementar y enriquecer por lo que el Esp\u00edritu Santo est\u00e1 dando a la Iglesia en general. Me di cuenta a\u00fan m\u00e1s de la necesidad de trabajar juntos con otros Movimientos y poner nuestra riqueza a disposici\u00f3n de otros carismas y de la estructura de la Iglesia.<\/p>\n<p><img fetchpriority=\"high\" decoding=\"async\" class=\"alignnone size-full wp-image-26418\" src=\"https:\/\/schoenstatt.com\/wp-content\/uploads\/2022\/08\/Consejo-General-1-scaled.jpg\" alt=\"Carisma Prof\u00e9tico\" width=\"2560\" height=\"1438\" \/><\/p>\n<h3>\u00bfCu\u00e1les son las perspectivas de los Padres de Schoenstatt despu\u00e9s del Cap\u00edtulo General?<\/h3>\n<p>Durante estos d\u00edas del Cap\u00edtulo estamos creando nuevas perspectivas como Padres de Schoenstatt. Esperamos que despu\u00e9s del Cap\u00edtulo, cuando tengamos m\u00e1s claridad sobre \u00e9sto, podamos comunicar lo que es propio de la Familia de Schoenstatt.<\/p>\n<h3>En su mensaje, inmediatamente despu\u00e9s de su elecci\u00f3n, dice que mira \u00abal futuro con alegr\u00eda y esperanza\u00bb. \u00bfEn qu\u00e9 se fundamenta esto en estos tiempos dif\u00edciles?<\/h3>\n<p>No me cabe duda de que debemos mirar al futuro con alegr\u00eda y esperanza, porque nuestro Dios es un Dios de vida, alegr\u00eda y esperanza. Tenemos la gracia de que \u00c9l nos llama a seguirle y servirle.<\/p>\n<p>Creo que los tiempos dif\u00edciles que vivimos son tiempos de crecimiento. En algunos aspectos son tambi\u00e9n tiempos de purificaci\u00f3n. Pero, sobre todo, es un momento de gran esperanza, pues sabemos que la victoria es siempre de Dios y de la Madre de Dios.<\/p>\n<h3>Un mensaje para la Familia de Schoenstatt Internacional:<\/h3>\n<p>A la Familia de Schoenstatt le dir\u00eda que seguimos firmes en el Esp\u00edritu del Congreso de Pentecost\u00e9s, somos la carta que necesita nuestro Fundador para que podamos marcar a la Iglesia y a la sociedad de hoy con su carisma, una carta que no es perfecta, pero que debe ser escrita con mucho amor como dice la carta del Congreso de Pentecost\u00e9s: \u201carraigados en nuestro carisma avanzamos hacia un futuro lleno de esperanza.\u201d<\/p>\n<p>Esto es lo que mueve a la Familia de Schoenstatt hoy, tenemos un carisma pedag\u00f3gico con mucha fuerza prof\u00e9tica para transmitir al mundo de hoy y queremos hacerlo con mucha apertura, en el esp\u00edritu de comuni\u00f3n con toda la Iglesia, con los dem\u00e1s Movimientos, dej\u00e1ndonos complementar, aprendiendo de los dem\u00e1s y dando humildemente nuestro aporte en este esp\u00edritu sinodal que vive la Iglesia universal. Con mucha confianza, valent\u00eda, creatividad y llenos de esperanza, con mucha conciencia de nuestro carisma y por lo tanto enraizados en lo que es nuestra historia, el carisma de la Alianza de Amor, la cultura de la Alianza y por otro lado con mucha esperanza de que el futuro de la Iglesia, de Schoenstatt de alguna manera tambi\u00e9n est\u00e1 en nuestras manos con la gracia de Dios que imploramos en el Santuario.<\/p>\n<blockquote><p>Le agradecemos que haya dedicado su limitado tiempo, debido al Cap\u00edtulo General de su Instituto, a responder a estas preguntas. Le deseamos que la Madre de Dios le pague con muchas gracias y bendiciones todo lo que har\u00e1 en su nueva misi\u00f3n. Cuente con las oraciones de muchos schoenstattianos de todo el mundo.<\/p><\/blockquote>\n<p>Fuente: <a href=\"https:\/\/schoenstatt.org.br\/\">Schoenstatt Brasil<\/a><\/p>\n","protected":false},"excerpt":{"rendered":"<p>Hace unos d\u00edas, el P. Alexandre fue elegido Superior General del Instituto Secular de los Padres de Schoenstatt. Seg\u00fan declar\u00f3 al sitio web del Vaticano, esto le sorprendi\u00f3, ya que \u00e9l no estaba participando en el Cap\u00edtulo General.<\/p>\n","protected":false},"author":1,"featured_media":26531,"comment_status":"closed","ping_status":"closed","sticky":false,"template":"","format":"standard","meta":{"footnotes":""},"categories":[909],"tags":[],"class_list":["post-26530","post","type-post","status-publish","format-standard","has-post-thumbnail","hentry","category-comunidades-de-schoenstatt-es"],"yoast_head":"<!-- This site is optimized with the Yoast SEO Premium plugin v27.4 (Yoast SEO v27.4) - https:\/\/yoast.com\/product\/yoast-seo-premium-wordpress\/ -->\n<title>Enraizados en nuestro carisma prof\u00e9tico, hacia el futuro - Schoenstatt<\/title>\n<meta name=\"description\" content=\"Enraizados en nuestro carisma prof\u00e9tico \u2013 Entrevista con el Padre Alexandre nuevo Superior General de los Padres de Schoenstatt.\" \/>\n<meta name=\"robots\" content=\"index, follow, max-snippet:-1, max-image-preview:large, max-video-preview:-1\" \/>\n<link rel=\"canonical\" href=\"https:\/\/schoenstatt.com\/es\/enraizados-en-nuestro-carisma-profetico-hacia-el-futuro\/\" \/>\n<meta property=\"og:locale\" content=\"es_ES\" \/>\n<meta property=\"og:type\" content=\"article\" \/>\n<meta property=\"og:title\" content=\"Enraizados en nuestro carisma prof\u00e9tico, hacia el futuro\" \/>\n<meta property=\"og:description\" content=\"Enraizados en nuestro carisma prof\u00e9tico \u2013 Entrevista con el Padre Alexandre nuevo Superior General de los Padres de Schoenstatt.\" \/>\n<meta property=\"og:url\" content=\"https:\/\/schoenstatt.com\/es\/enraizados-en-nuestro-carisma-profetico-hacia-el-futuro\/\" \/>\n<meta property=\"og:site_name\" content=\"Schoenstatt\" \/>\n<meta property=\"article:published_time\" content=\"2022-08-30T15:54:29+00:00\" \/>\n<meta property=\"article:modified_time\" content=\"2025-05-14T22:36:32+00:00\" \/>\n<meta property=\"og:image\" content=\"https:\/\/schoenstatt.com\/wp-content\/uploads\/2022\/08\/Padre-Awi-Mello-1.png\" \/>\n\t<meta property=\"og:image:width\" content=\"793\" \/>\n\t<meta property=\"og:image:height\" content=\"523\" \/>\n\t<meta property=\"og:image:type\" content=\"image\/png\" \/>\n<meta name=\"author\" content=\"admin\" \/>\n<meta name=\"twitter:card\" content=\"summary_large_image\" \/>\n<meta name=\"twitter:label1\" content=\"Escrito por\" \/>\n\t<meta name=\"twitter:data1\" content=\"admin\" \/>\n\t<meta name=\"twitter:label2\" content=\"Tiempo de lectura\" \/>\n\t<meta name=\"twitter:data2\" content=\"4 minutos\" \/>\n<script type=\"application\/ld+json\" class=\"yoast-schema-graph\">{\"@context\":\"https:\\\/\\\/schema.org\",\"@graph\":[{\"@type\":\"Article\",\"@id\":\"https:\\\/\\\/schoenstatt.com\\\/es\\\/enraizados-en-nuestro-carisma-profetico-hacia-el-futuro\\\/#article\",\"isPartOf\":{\"@id\":\"https:\\\/\\\/schoenstatt.com\\\/es\\\/enraizados-en-nuestro-carisma-profetico-hacia-el-futuro\\\/\"},\"author\":{\"name\":\"admin\",\"@id\":\"https:\\\/\\\/schoenstatt.com\\\/es\\\/#\\\/schema\\\/person\\\/489465b1850e7b216fe2c10dfc262551\"},\"headline\":\"Enraizados en nuestro carisma prof\u00e9tico, hacia el futuro\",\"datePublished\":\"2022-08-30T15:54:29+00:00\",\"dateModified\":\"2025-05-14T22:36:32+00:00\",\"mainEntityOfPage\":{\"@id\":\"https:\\\/\\\/schoenstatt.com\\\/es\\\/enraizados-en-nuestro-carisma-profetico-hacia-el-futuro\\\/\"},\"wordCount\":892,\"publisher\":{\"@id\":\"https:\\\/\\\/schoenstatt.com\\\/es\\\/#organization\"},\"image\":{\"@id\":\"https:\\\/\\\/schoenstatt.com\\\/es\\\/enraizados-en-nuestro-carisma-profetico-hacia-el-futuro\\\/#primaryimage\"},\"thumbnailUrl\":\"https:\\\/\\\/schoenstatt.com\\\/wp-content\\\/uploads\\\/2022\\\/08\\\/Padre-Awi-Mello-1.png\",\"articleSection\":[\"Comunidades de Schoenstatt\"],\"inLanguage\":\"es\"},{\"@type\":\"WebPage\",\"@id\":\"https:\\\/\\\/schoenstatt.com\\\/es\\\/enraizados-en-nuestro-carisma-profetico-hacia-el-futuro\\\/\",\"url\":\"https:\\\/\\\/schoenstatt.com\\\/es\\\/enraizados-en-nuestro-carisma-profetico-hacia-el-futuro\\\/\",\"name\":\"Enraizados en nuestro carisma prof\u00e9tico, hacia el futuro - Schoenstatt\",\"isPartOf\":{\"@id\":\"https:\\\/\\\/schoenstatt.com\\\/es\\\/#website\"},\"primaryImageOfPage\":{\"@id\":\"https:\\\/\\\/schoenstatt.com\\\/es\\\/enraizados-en-nuestro-carisma-profetico-hacia-el-futuro\\\/#primaryimage\"},\"image\":{\"@id\":\"https:\\\/\\\/schoenstatt.com\\\/es\\\/enraizados-en-nuestro-carisma-profetico-hacia-el-futuro\\\/#primaryimage\"},\"thumbnailUrl\":\"https:\\\/\\\/schoenstatt.com\\\/wp-content\\\/uploads\\\/2022\\\/08\\\/Padre-Awi-Mello-1.png\",\"datePublished\":\"2022-08-30T15:54:29+00:00\",\"dateModified\":\"2025-05-14T22:36:32+00:00\",\"description\":\"Enraizados en nuestro carisma prof\u00e9tico \u2013 Entrevista con el Padre Alexandre nuevo Superior General de los Padres de Schoenstatt.\",\"breadcrumb\":{\"@id\":\"https:\\\/\\\/schoenstatt.com\\\/es\\\/enraizados-en-nuestro-carisma-profetico-hacia-el-futuro\\\/#breadcrumb\"},\"inLanguage\":\"es\",\"potentialAction\":[{\"@type\":\"ReadAction\",\"target\":[\"https:\\\/\\\/schoenstatt.com\\\/es\\\/enraizados-en-nuestro-carisma-profetico-hacia-el-futuro\\\/\"]}]},{\"@type\":\"ImageObject\",\"inLanguage\":\"es\",\"@id\":\"https:\\\/\\\/schoenstatt.com\\\/es\\\/enraizados-en-nuestro-carisma-profetico-hacia-el-futuro\\\/#primaryimage\",\"url\":\"https:\\\/\\\/schoenstatt.com\\\/wp-content\\\/uploads\\\/2022\\\/08\\\/Padre-Awi-Mello-1.png\",\"contentUrl\":\"https:\\\/\\\/schoenstatt.com\\\/wp-content\\\/uploads\\\/2022\\\/08\\\/Padre-Awi-Mello-1.png\",\"width\":793,\"height\":523,\"caption\":\"Prophetisches Charisma\"},{\"@type\":\"BreadcrumbList\",\"@id\":\"https:\\\/\\\/schoenstatt.com\\\/es\\\/enraizados-en-nuestro-carisma-profetico-hacia-el-futuro\\\/#breadcrumb\",\"itemListElement\":[{\"@type\":\"ListItem\",\"position\":1,\"name\":\"Portada\",\"item\":\"https:\\\/\\\/schoenstatt.com\\\/es\\\/home\\\/\"},{\"@type\":\"ListItem\",\"position\":2,\"name\":\"Enraizados en nuestro carisma prof\u00e9tico, hacia el futuro\"}]},{\"@type\":\"WebSite\",\"@id\":\"https:\\\/\\\/schoenstatt.com\\\/es\\\/#website\",\"url\":\"https:\\\/\\\/schoenstatt.com\\\/es\\\/\",\"name\":\"Schoenstatt\",\"description\":\"Apostolic Movement\",\"publisher\":{\"@id\":\"https:\\\/\\\/schoenstatt.com\\\/es\\\/#organization\"},\"potentialAction\":[{\"@type\":\"SearchAction\",\"target\":{\"@type\":\"EntryPoint\",\"urlTemplate\":\"https:\\\/\\\/schoenstatt.com\\\/es\\\/?s={search_term_string}\"},\"query-input\":{\"@type\":\"PropertyValueSpecification\",\"valueRequired\":true,\"valueName\":\"search_term_string\"}}],\"inLanguage\":\"es\"},{\"@type\":\"Organization\",\"@id\":\"https:\\\/\\\/schoenstatt.com\\\/es\\\/#organization\",\"name\":\"Schoenstatt\",\"url\":\"https:\\\/\\\/schoenstatt.com\\\/es\\\/\",\"logo\":{\"@type\":\"ImageObject\",\"inLanguage\":\"es\",\"@id\":\"https:\\\/\\\/schoenstatt.com\\\/es\\\/#\\\/schema\\\/logo\\\/image\\\/\",\"url\":\"https:\\\/\\\/schoenstatt.com\\\/wp-content\\\/uploads\\\/2025\\\/04\\\/logo-schoenstatt-white-696x696-1.png\",\"contentUrl\":\"https:\\\/\\\/schoenstatt.com\\\/wp-content\\\/uploads\\\/2025\\\/04\\\/logo-schoenstatt-white-696x696-1.png\",\"width\":696,\"height\":694,\"caption\":\"Schoenstatt\"},\"image\":{\"@id\":\"https:\\\/\\\/schoenstatt.com\\\/es\\\/#\\\/schema\\\/logo\\\/image\\\/\"}},{\"@type\":\"Person\",\"@id\":\"https:\\\/\\\/schoenstatt.com\\\/es\\\/#\\\/schema\\\/person\\\/489465b1850e7b216fe2c10dfc262551\",\"name\":\"admin\",\"image\":{\"@type\":\"ImageObject\",\"inLanguage\":\"es\",\"@id\":\"https:\\\/\\\/secure.gravatar.com\\\/avatar\\\/02e8345e1ec40ab0e0a2a98fdde64a684bbaf994cddcb778b25b8b024ee9dfe6?s=96&d=mm&r=g\",\"url\":\"https:\\\/\\\/secure.gravatar.com\\\/avatar\\\/02e8345e1ec40ab0e0a2a98fdde64a684bbaf994cddcb778b25b8b024ee9dfe6?s=96&d=mm&r=g\",\"contentUrl\":\"https:\\\/\\\/secure.gravatar.com\\\/avatar\\\/02e8345e1ec40ab0e0a2a98fdde64a684bbaf994cddcb778b25b8b024ee9dfe6?s=96&d=mm&r=g\",\"caption\":\"admin\"},\"sameAs\":[\"https:\\\/\\\/schoenstatt.com\"],\"url\":\"https:\\\/\\\/schoenstatt.com\\\/es\\\/author\\\/admin\\\/\"}]}<\/script>\n<!-- \/ Yoast SEO Premium plugin. -->","yoast_head_json":{"title":"Enraizados en nuestro carisma prof\u00e9tico, hacia el futuro - Schoenstatt","description":"Enraizados en nuestro carisma prof\u00e9tico \u2013 Entrevista con el Padre Alexandre nuevo Superior General de los Padres de Schoenstatt.","robots":{"index":"index","follow":"follow","max-snippet":"max-snippet:-1","max-image-preview":"max-image-preview:large","max-video-preview":"max-video-preview:-1"},"canonical":"https:\/\/schoenstatt.com\/es\/enraizados-en-nuestro-carisma-profetico-hacia-el-futuro\/","og_locale":"es_ES","og_type":"article","og_title":"Enraizados en nuestro carisma prof\u00e9tico, hacia el futuro","og_description":"Enraizados en nuestro carisma prof\u00e9tico \u2013 Entrevista con el Padre Alexandre nuevo Superior General de los Padres de Schoenstatt.","og_url":"https:\/\/schoenstatt.com\/es\/enraizados-en-nuestro-carisma-profetico-hacia-el-futuro\/","og_site_name":"Schoenstatt","article_published_time":"2022-08-30T15:54:29+00:00","article_modified_time":"2025-05-14T22:36:32+00:00","og_image":[{"width":793,"height":523,"url":"https:\/\/schoenstatt.com\/wp-content\/uploads\/2022\/08\/Padre-Awi-Mello-1.png","type":"image\/png"}],"author":"admin","twitter_card":"summary_large_image","twitter_misc":{"Escrito por":"admin","Tiempo de lectura":"4 minutos"},"schema":{"@context":"https:\/\/schema.org","@graph":[{"@type":"Article","@id":"https:\/\/schoenstatt.com\/es\/enraizados-en-nuestro-carisma-profetico-hacia-el-futuro\/#article","isPartOf":{"@id":"https:\/\/schoenstatt.com\/es\/enraizados-en-nuestro-carisma-profetico-hacia-el-futuro\/"},"author":{"name":"admin","@id":"https:\/\/schoenstatt.com\/es\/#\/schema\/person\/489465b1850e7b216fe2c10dfc262551"},"headline":"Enraizados en nuestro carisma prof\u00e9tico, hacia el futuro","datePublished":"2022-08-30T15:54:29+00:00","dateModified":"2025-05-14T22:36:32+00:00","mainEntityOfPage":{"@id":"https:\/\/schoenstatt.com\/es\/enraizados-en-nuestro-carisma-profetico-hacia-el-futuro\/"},"wordCount":892,"publisher":{"@id":"https:\/\/schoenstatt.com\/es\/#organization"},"image":{"@id":"https:\/\/schoenstatt.com\/es\/enraizados-en-nuestro-carisma-profetico-hacia-el-futuro\/#primaryimage"},"thumbnailUrl":"https:\/\/schoenstatt.com\/wp-content\/uploads\/2022\/08\/Padre-Awi-Mello-1.png","articleSection":["Comunidades de Schoenstatt"],"inLanguage":"es"},{"@type":"WebPage","@id":"https:\/\/schoenstatt.com\/es\/enraizados-en-nuestro-carisma-profetico-hacia-el-futuro\/","url":"https:\/\/schoenstatt.com\/es\/enraizados-en-nuestro-carisma-profetico-hacia-el-futuro\/","name":"Enraizados en nuestro carisma prof\u00e9tico, hacia el futuro - Schoenstatt","isPartOf":{"@id":"https:\/\/schoenstatt.com\/es\/#website"},"primaryImageOfPage":{"@id":"https:\/\/schoenstatt.com\/es\/enraizados-en-nuestro-carisma-profetico-hacia-el-futuro\/#primaryimage"},"image":{"@id":"https:\/\/schoenstatt.com\/es\/enraizados-en-nuestro-carisma-profetico-hacia-el-futuro\/#primaryimage"},"thumbnailUrl":"https:\/\/schoenstatt.com\/wp-content\/uploads\/2022\/08\/Padre-Awi-Mello-1.png","datePublished":"2022-08-30T15:54:29+00:00","dateModified":"2025-05-14T22:36:32+00:00","description":"Enraizados en nuestro carisma prof\u00e9tico \u2013 Entrevista con el Padre Alexandre nuevo Superior General de los Padres de Schoenstatt.","breadcrumb":{"@id":"https:\/\/schoenstatt.com\/es\/enraizados-en-nuestro-carisma-profetico-hacia-el-futuro\/#breadcrumb"},"inLanguage":"es","potentialAction":[{"@type":"ReadAction","target":["https:\/\/schoenstatt.com\/es\/enraizados-en-nuestro-carisma-profetico-hacia-el-futuro\/"]}]},{"@type":"ImageObject","inLanguage":"es","@id":"https:\/\/schoenstatt.com\/es\/enraizados-en-nuestro-carisma-profetico-hacia-el-futuro\/#primaryimage","url":"https:\/\/schoenstatt.com\/wp-content\/uploads\/2022\/08\/Padre-Awi-Mello-1.png","contentUrl":"https:\/\/schoenstatt.com\/wp-content\/uploads\/2022\/08\/Padre-Awi-Mello-1.png","width":793,"height":523,"caption":"Prophetisches Charisma"},{"@type":"BreadcrumbList","@id":"https:\/\/schoenstatt.com\/es\/enraizados-en-nuestro-carisma-profetico-hacia-el-futuro\/#breadcrumb","itemListElement":[{"@type":"ListItem","position":1,"name":"Portada","item":"https:\/\/schoenstatt.com\/es\/home\/"},{"@type":"ListItem","position":2,"name":"Enraizados en nuestro carisma prof\u00e9tico, hacia el futuro"}]},{"@type":"WebSite","@id":"https:\/\/schoenstatt.com\/es\/#website","url":"https:\/\/schoenstatt.com\/es\/","name":"Schoenstatt","description":"Apostolic Movement","publisher":{"@id":"https:\/\/schoenstatt.com\/es\/#organization"},"potentialAction":[{"@type":"SearchAction","target":{"@type":"EntryPoint","urlTemplate":"https:\/\/schoenstatt.com\/es\/?s={search_term_string}"},"query-input":{"@type":"PropertyValueSpecification","valueRequired":true,"valueName":"search_term_string"}}],"inLanguage":"es"},{"@type":"Organization","@id":"https:\/\/schoenstatt.com\/es\/#organization","name":"Schoenstatt","url":"https:\/\/schoenstatt.com\/es\/","logo":{"@type":"ImageObject","inLanguage":"es","@id":"https:\/\/schoenstatt.com\/es\/#\/schema\/logo\/image\/","url":"https:\/\/schoenstatt.com\/wp-content\/uploads\/2025\/04\/logo-schoenstatt-white-696x696-1.png","contentUrl":"https:\/\/schoenstatt.com\/wp-content\/uploads\/2025\/04\/logo-schoenstatt-white-696x696-1.png","width":696,"height":694,"caption":"Schoenstatt"},"image":{"@id":"https:\/\/schoenstatt.com\/es\/#\/schema\/logo\/image\/"}},{"@type":"Person","@id":"https:\/\/schoenstatt.com\/es\/#\/schema\/person\/489465b1850e7b216fe2c10dfc262551","name":"admin","image":{"@type":"ImageObject","inLanguage":"es","@id":"https:\/\/secure.gravatar.com\/avatar\/02e8345e1ec40ab0e0a2a98fdde64a684bbaf994cddcb778b25b8b024ee9dfe6?s=96&d=mm&r=g","url":"https:\/\/secure.gravatar.com\/avatar\/02e8345e1ec40ab0e0a2a98fdde64a684bbaf994cddcb778b25b8b024ee9dfe6?s=96&d=mm&r=g","contentUrl":"https:\/\/secure.gravatar.com\/avatar\/02e8345e1ec40ab0e0a2a98fdde64a684bbaf994cddcb778b25b8b024ee9dfe6?s=96&d=mm&r=g","caption":"admin"},"sameAs":["https:\/\/schoenstatt.com"],"url":"https:\/\/schoenstatt.com\/es\/author\/admin\/"}]}},"_links":{"self":[{"href":"https:\/\/schoenstatt.com\/es\/wp-json\/wp\/v2\/posts\/26530","targetHints":{"allow":["GET"]}}],"collection":[{"href":"https:\/\/schoenstatt.com\/es\/wp-json\/wp\/v2\/posts"}],"about":[{"href":"https:\/\/schoenstatt.com\/es\/wp-json\/wp\/v2\/types\/post"}],"author":[{"embeddable":true,"href":"https:\/\/schoenstatt.com\/es\/wp-json\/wp\/v2\/users\/1"}],"replies":[{"embeddable":true,"href":"https:\/\/schoenstatt.com\/es\/wp-json\/wp\/v2\/comments?post=26530"}],"version-history":[{"count":1,"href":"https:\/\/schoenstatt.com\/es\/wp-json\/wp\/v2\/posts\/26530\/revisions"}],"predecessor-version":[{"id":45454,"href":"https:\/\/schoenstatt.com\/es\/wp-json\/wp\/v2\/posts\/26530\/revisions\/45454"}],"wp:featuredmedia":[{"embeddable":true,"href":"https:\/\/schoenstatt.com\/es\/wp-json\/wp\/v2\/media\/26531"}],"wp:attachment":[{"href":"https:\/\/schoenstatt.com\/es\/wp-json\/wp\/v2\/media?parent=26530"}],"wp:term":[{"taxonomy":"category","embeddable":true,"href":"https:\/\/schoenstatt.com\/es\/wp-json\/wp\/v2\/categories?post=26530"},{"taxonomy":"post_tag","embeddable":true,"href":"https:\/\/schoenstatt.com\/es\/wp-json\/wp\/v2\/tags?post=26530"}],"curies":[{"name":"wp","href":"https:\/\/api.w.org\/{rel}","templated":true}]}}