{"id":26502,"date":"2022-08-25T08:00:32","date_gmt":"2022-08-25T06:00:32","guid":{"rendered":"https:\/\/schoenstatt.com\/?p=26502"},"modified":"2025-05-15T18:03:39","modified_gmt":"2025-05-15T16:03:39","slug":"la-confederacion-apostolica-universal-tercer-fin-de-schoenstatt-en-la-practica","status":"publish","type":"post","link":"https:\/\/schoenstatt.com\/es\/la-confederacion-apostolica-universal-tercer-fin-de-schoenstatt-en-la-practica\/","title":{"rendered":"La Confederaci\u00f3n Apost\u00f3lica Universal -tercer fin de Schoenstatt- en la pr\u00e1ctica"},"content":{"rendered":"<p><em><strong>\u00abEl reino de los cielos se asemeja a la levadura que una mujer toma y mezcla en tres medidas de harina y fermenta toda la masa\u00bb<\/strong><\/em> (Mt 13,33).<\/p>\n<h3>\u00bfQu\u00e9 es la Confederaci\u00f3n Apost\u00f3lica Universal?<\/h3>\n<p>Con la intenci\u00f3n de ser fermento para la Iglesia y unir todas las fuerzas apost\u00f3licas, el P. Jos\u00e9 Kentenich profundiza en una idea que tuvo su origen en san Vicente Pallotti, para determinar uno de los tres objetivos apost\u00f3licos de la Obra de Schoenstatt.<\/p>\n<p>La llama <em>\u00abConfederaci\u00f3n Apost\u00f3lica Universal<\/em>\u00ab, cuya sigla en espa\u00f1ol es <em>CAU<\/em>. El objetivo de la misma es el de promover la uni\u00f3n de las fuerzas apost\u00f3licas a nivel parroquial, diocesano, nacional e internacional, en todos los \u00e1mbitos sociales, para afrontar en com\u00fan el reto y la tarea evangelizadora que la realidad actual presenta a la Iglesia.<\/p>\n<p>En la pr\u00e1ctica, esto significa que cada persona, comunidad o rama del Movimiento de Schoenstatt est\u00e1 llamada a contribuir con sus propias caracter\u00edsticas a generar la unidad en la pluralidad. La Confederaci\u00f3n Apost\u00f3lica Universal implica la superaci\u00f3n del esp\u00edritu de divisi\u00f3n, las rivalidades y el individualismo, que a menudo marc\u00f3 a las comunidades en los siglos pasados y que puede amenazar la unidad de la Iglesia.<\/p>\n<h3>\u00bfC\u00f3mo vive Schoenstatt esto?<\/h3>\n<p>Uno puede preguntarse: \u00bfC\u00f3mo podemos lograr esto hoy? El P. Alexandre Awi Mello, secretario del Dicasterio para los Laicos, la Familia y la Vida, da el siguiente consejo: \u00abDebemos motivar siempre m\u00e1s para que la Iglesia trabaje unida, reuniendo a los diferentes organismos eclesiales, incluidos los movimientos. Por ejemplo, participando en encuentros de movimientos y eventos que re\u00fanen carismas\u00bb.<\/p>\n<p>Veamos algunos casos pr\u00e1cticos de c\u00f3mo la Familia de Schoenstatt, en diversos lugares de Brasil, trabaja en este sentido actualmente:<\/p>\n<p>&#8211;<a href=\"https:\/\/schoenstatt.com\/es\/eventos\/paraguay-fuego-de-mi-patria-tu-mision-en-mi-corazon-25-anos-de-apostolado-de-las-mfs\/\"> <strong><em>Juventud Apost\u00f3lica<\/em><\/strong><\/a>: en varias ciudades, los j\u00f3venes de Schoenstatt participan en el Sector Diocesano de la Juventud, en eventos nacionales &#8211; como la Peregrinaci\u00f3n Nacional, recientemente realizada; el proyecto Ruta 300 de Aparecida &#8211; en las diversas actividades parroquiales, etc.<\/p>\n<p>&#8211; <em><strong>Rosario de los Hombres Madre y Reina<\/strong><\/em>: re\u00fane cada vez m\u00e1s hombres para rezar el rosario y consecuentemente se involucran en la vida de la comunidad; est\u00e1n abiertos a todos los que quieran rezar y realizan diversas acciones sociales a lo largo del a\u00f1o.<\/p>\n<p><img fetchpriority=\"high\" decoding=\"async\" class=\"alignnone size-full wp-image-24012\" src=\"https:\/\/schoenstatt.com\/wp-content\/uploads\/2022\/03\/lichimarinho-1608317688498-cathopic-scaled.jpg\" alt=\"\" width=\"2560\" height=\"1922\" \/><\/p>\n<p>&#8211;<strong><em> Campa\u00f1a de la Virgen Peregrina<\/em><\/strong>: une a las familias en una gran red de gracias; integra a otras fuerzas y carismas apost\u00f3licos, tambi\u00e9n a los alejados de la Iglesia y trabaja junto a otras pastorales.<\/p>\n<p>&#8211;<strong><em> Hermanas de Mar\u00eda de Schoenstatt<\/em><\/strong>: asesoran al Movimiento y se insertan tambi\u00e9n en la vida de la di\u00f3cesis a la que pertenecen, coordinando y animando acciones apost\u00f3licas y respondiendo al obispo como pastor; integran los \u00f3rganos de la CNBB que coordinan los Institutos Seculares y las comunidades religiosas y consagradas.<\/p>\n<p>El P. Alexandre cita otros ejemplos: \u00abTenemos la gracia de contar con un representante de la Juventud Masculina precisamente en un \u00f3rgano que coordina las diferentes fuerzas apost\u00f3licas que trabajan con los j\u00f3venes a nivel nacional. Hemos participado en todos los encuentros nacionales de j\u00f3venes\u201d. Sin embargo, es necesario avanzar en esta tarea, subray\u00f3 el P. Alexandre: \u00abPodr\u00edamos ayudar m\u00e1s, por ejemplo, en la pastoral familiar. Hubo un tiempo en que una hermana de Mar\u00eda fue secretaria nacional de la Pastoral Familiar en la CNBB y ayud\u00f3 a articular las fuerzas de esta pastoral. Este es otro ejercicio de la misi\u00f3n\u00bb.<\/p>\n<h3>\u00bfC\u00f3mo puedo contribuir con la CAU?<\/h3>\n<p><img decoding=\"async\" class=\"alignnone size-full wp-image-26507\" src=\"https:\/\/schoenstatt.com\/wp-content\/uploads\/2022\/08\/RSCN6673.jpg\" alt=\"tercer fin\" width=\"1024\" height=\"768\" \/><\/p>\n<p>En la vida cotidiana hay muchas maneras de promover la unidad en la diversidad, empezando por la familia, que deber\u00eda ser el primer ejemplo de unidad. En ella todos los miembros, padre, madre, hijos, abuelos, t\u00edos, etc., se complementan sin perder su unidad, sin perder su originalidad personal. Es posible ser fermento en mi familia estando atentos a la experiencia de la unidad: viendo que los padres conozcan la vida de sus hijos y viceversa; que tengan un tiempo productivo juntos; que dialoguen; que recen y que lleven a cabo muchas otras actividades. Esto prepara el coraz\u00f3n para la aceptaci\u00f3n de los diversos carismas y apostolados en su diversidad.<\/p>\n<p>El trabajo en la Iglesia, ya sea a nivel parroquial, diocesano o cualquier otro, es un excelente campo de colaboraci\u00f3n con la CAU. Se trata, por ejemplo, de estar siempre unidos a los diferentes grupos y a las actividades pastorales de la parroquia, de trabajar juntos para generar buenos frutos para el conjunto; de participar en reuniones y eventos comunitarios, de realizar trabajos en colaboraci\u00f3n con otras actividades pastorales, de estar cerca de los hermanos de la comunidad y del p\u00e1rroco. Si pertenecemos a una rama o comunidad de Schoenstatt, es importante representarla en la vida de la comunidad y ponerse al servicio de la Iglesia.<\/p>\n<p>En el trabajo, en la escuela, en la universidad, en las distintas actividades tambi\u00e9n es posible colaborar con la CAU, generando un ambiente de unidad. Por ejemplo: evitando las intrigas y los chismes, estar unidos con personas de otros sectores, promover reuniones para la integraci\u00f3n, colaborar mutuamente con las necesidades de los dem\u00e1s, etc. Lo m\u00e1s importante es estar unidos por un bien com\u00fan.<\/p>\n<blockquote><p>\u00abComo Familia de Schoenstatt deber\u00edamos estar especialmente interesados en esto, ya que es parte de nuestra misi\u00f3n. Y no solo debemos interesarnos, sino que estamos llamados a ayudar a que se produzca la integraci\u00f3n, participando en la organizaci\u00f3n\u00bb, expres\u00f3 el P. El Padre Kentenich, quien so\u00f1\u00f3 a Schoenstatt como coraz\u00f3n de la Iglesia. Llevar a cabo la misi\u00f3n de la CAU es ser, de hecho, este coraz\u00f3n que late: \u00ab\u00bfQu\u00e9 significa &#8216;coraz\u00f3n&#8217;? Significa ser la fuerza de amor m\u00e1s profunda posible y no superable por nadie, el poder del amor que conquista a toda la Iglesia y la llena de hero\u00edsmo. La fuerza del amor, esa es nuestra misi\u00f3n\u00bb (Conferencias de Roma, 1965-66).<\/p><\/blockquote>\n<p><em><strong>Fuente para la investigaci\u00f3n<\/strong><\/em><\/p>\n<p>FERN\u00c1NDEZ DE ANDRACA, Rafael. 150 preguntas sobre Schoenstatt. Instituto Secular de los Padres de Schoenstatt. 1\u00aa edici\u00f3n, S\u00e3o Paulo\/SP: 2011.<\/p>\n<p>NIEHAUS, P. Jonathan. H\u00e9roes del Fuego. Instituto Secular de los Padres de Schoenstatt. 2\u00aa edici\u00f3n, 2004.<\/p>\n<p>Fuente: <a href=\"http:\/\/www.schoenstatt.com.br\">Schoenstatt Brasil<\/a><\/p>\n","protected":false},"excerpt":{"rendered":"<p>El objetivo de la misma es el de promover la uni\u00f3n de las fuerzas apost\u00f3licas en todos los \u00e1mbitos, para afrontar en com\u00fan el reto y la tarea evangelizadora que la realidad actual presenta a la Iglesia.<\/p>\n","protected":false},"author":1,"featured_media":26503,"comment_status":"closed","ping_status":"closed","sticky":false,"template":"","format":"standard","meta":{"footnotes":""},"categories":[917,683],"tags":[],"class_list":["post-26502","post","type-post","status-publish","format-standard","has-post-thumbnail","hentry","category-espiritualidad-es","category-iglesia-es"],"yoast_head":"<!-- This site is optimized with the Yoast SEO Premium plugin v27.4 (Yoast SEO v27.4) - https:\/\/yoast.com\/product\/yoast-seo-premium-wordpress\/ -->\n<title>La Confederaci\u00f3n Apost\u00f3lica Universal -tercer fin de Schoenstatt- en la pr\u00e1ctica - Schoenstatt<\/title>\n<meta name=\"description\" content=\"La Confederaci\u00f3n Apost\u00f3lica Universal, el tercer fin de Schoenstatt, llama a trabajar por la unidad de las fuerzas apost\u00f3licas de la Iglesia.\" \/>\n<meta name=\"robots\" content=\"index, follow, max-snippet:-1, max-image-preview:large, max-video-preview:-1\" \/>\n<link rel=\"canonical\" href=\"https:\/\/schoenstatt.com\/es\/la-confederacion-apostolica-universal-tercer-fin-de-schoenstatt-en-la-practica\/\" \/>\n<meta property=\"og:locale\" content=\"es_ES\" \/>\n<meta property=\"og:type\" content=\"article\" \/>\n<meta property=\"og:title\" content=\"La Confederaci\u00f3n Apost\u00f3lica Universal -tercer fin de Schoenstatt- en la pr\u00e1ctica\" \/>\n<meta property=\"og:description\" content=\"La Confederaci\u00f3n Apost\u00f3lica Universal, el tercer fin de Schoenstatt, llama a trabajar por la unidad de las fuerzas apost\u00f3licas de la Iglesia.\" \/>\n<meta property=\"og:url\" content=\"https:\/\/schoenstatt.com\/es\/la-confederacion-apostolica-universal-tercer-fin-de-schoenstatt-en-la-practica\/\" \/>\n<meta property=\"og:site_name\" content=\"Schoenstatt\" \/>\n<meta property=\"article:published_time\" content=\"2022-08-25T06:00:32+00:00\" \/>\n<meta property=\"article:modified_time\" content=\"2025-05-15T16:03:39+00:00\" \/>\n<meta property=\"og:image\" content=\"https:\/\/schoenstatt.com\/wp-content\/uploads\/2022\/08\/CAU-1.png\" \/>\n\t<meta property=\"og:image:width\" content=\"599\" \/>\n\t<meta property=\"og:image:height\" content=\"313\" \/>\n\t<meta property=\"og:image:type\" content=\"image\/png\" \/>\n<meta name=\"author\" content=\"admin\" \/>\n<meta name=\"twitter:card\" content=\"summary_large_image\" \/>\n<meta name=\"twitter:label1\" content=\"Escrito por\" \/>\n\t<meta name=\"twitter:data1\" content=\"admin\" \/>\n\t<meta name=\"twitter:label2\" content=\"Tiempo de lectura\" \/>\n\t<meta name=\"twitter:data2\" content=\"5 minutos\" \/>\n<script type=\"application\/ld+json\" class=\"yoast-schema-graph\">{\"@context\":\"https:\\\/\\\/schema.org\",\"@graph\":[{\"@type\":\"Article\",\"@id\":\"https:\\\/\\\/schoenstatt.com\\\/es\\\/la-confederacion-apostolica-universal-tercer-fin-de-schoenstatt-en-la-practica\\\/#article\",\"isPartOf\":{\"@id\":\"https:\\\/\\\/schoenstatt.com\\\/es\\\/la-confederacion-apostolica-universal-tercer-fin-de-schoenstatt-en-la-practica\\\/\"},\"author\":{\"name\":\"admin\",\"@id\":\"https:\\\/\\\/schoenstatt.com\\\/es\\\/#\\\/schema\\\/person\\\/489465b1850e7b216fe2c10dfc262551\"},\"headline\":\"La Confederaci\u00f3n Apost\u00f3lica Universal -tercer fin de Schoenstatt- en la pr\u00e1ctica\",\"datePublished\":\"2022-08-25T06:00:32+00:00\",\"dateModified\":\"2025-05-15T16:03:39+00:00\",\"mainEntityOfPage\":{\"@id\":\"https:\\\/\\\/schoenstatt.com\\\/es\\\/la-confederacion-apostolica-universal-tercer-fin-de-schoenstatt-en-la-practica\\\/\"},\"wordCount\":1081,\"publisher\":{\"@id\":\"https:\\\/\\\/schoenstatt.com\\\/es\\\/#organization\"},\"image\":{\"@id\":\"https:\\\/\\\/schoenstatt.com\\\/es\\\/la-confederacion-apostolica-universal-tercer-fin-de-schoenstatt-en-la-practica\\\/#primaryimage\"},\"thumbnailUrl\":\"https:\\\/\\\/schoenstatt.com\\\/wp-content\\\/uploads\\\/2022\\\/08\\\/CAU-1.png\",\"articleSection\":[\"Espiritualidad\",\"Iglesia\"],\"inLanguage\":\"es\"},{\"@type\":\"WebPage\",\"@id\":\"https:\\\/\\\/schoenstatt.com\\\/es\\\/la-confederacion-apostolica-universal-tercer-fin-de-schoenstatt-en-la-practica\\\/\",\"url\":\"https:\\\/\\\/schoenstatt.com\\\/es\\\/la-confederacion-apostolica-universal-tercer-fin-de-schoenstatt-en-la-practica\\\/\",\"name\":\"La Confederaci\u00f3n Apost\u00f3lica Universal -tercer fin de Schoenstatt- en la pr\u00e1ctica - Schoenstatt\",\"isPartOf\":{\"@id\":\"https:\\\/\\\/schoenstatt.com\\\/es\\\/#website\"},\"primaryImageOfPage\":{\"@id\":\"https:\\\/\\\/schoenstatt.com\\\/es\\\/la-confederacion-apostolica-universal-tercer-fin-de-schoenstatt-en-la-practica\\\/#primaryimage\"},\"image\":{\"@id\":\"https:\\\/\\\/schoenstatt.com\\\/es\\\/la-confederacion-apostolica-universal-tercer-fin-de-schoenstatt-en-la-practica\\\/#primaryimage\"},\"thumbnailUrl\":\"https:\\\/\\\/schoenstatt.com\\\/wp-content\\\/uploads\\\/2022\\\/08\\\/CAU-1.png\",\"datePublished\":\"2022-08-25T06:00:32+00:00\",\"dateModified\":\"2025-05-15T16:03:39+00:00\",\"description\":\"La Confederaci\u00f3n Apost\u00f3lica Universal, el tercer fin de Schoenstatt, llama a trabajar por la unidad de las fuerzas apost\u00f3licas de la Iglesia.\",\"breadcrumb\":{\"@id\":\"https:\\\/\\\/schoenstatt.com\\\/es\\\/la-confederacion-apostolica-universal-tercer-fin-de-schoenstatt-en-la-practica\\\/#breadcrumb\"},\"inLanguage\":\"es\",\"potentialAction\":[{\"@type\":\"ReadAction\",\"target\":[\"https:\\\/\\\/schoenstatt.com\\\/es\\\/la-confederacion-apostolica-universal-tercer-fin-de-schoenstatt-en-la-practica\\\/\"]}]},{\"@type\":\"ImageObject\",\"inLanguage\":\"es\",\"@id\":\"https:\\\/\\\/schoenstatt.com\\\/es\\\/la-confederacion-apostolica-universal-tercer-fin-de-schoenstatt-en-la-practica\\\/#primaryimage\",\"url\":\"https:\\\/\\\/schoenstatt.com\\\/wp-content\\\/uploads\\\/2022\\\/08\\\/CAU-1.png\",\"contentUrl\":\"https:\\\/\\\/schoenstatt.com\\\/wp-content\\\/uploads\\\/2022\\\/08\\\/CAU-1.png\",\"width\":599,\"height\":313,\"caption\":\"Universal Apostolic Confederation\"},{\"@type\":\"BreadcrumbList\",\"@id\":\"https:\\\/\\\/schoenstatt.com\\\/es\\\/la-confederacion-apostolica-universal-tercer-fin-de-schoenstatt-en-la-practica\\\/#breadcrumb\",\"itemListElement\":[{\"@type\":\"ListItem\",\"position\":1,\"name\":\"Portada\",\"item\":\"https:\\\/\\\/schoenstatt.com\\\/es\\\/home\\\/\"},{\"@type\":\"ListItem\",\"position\":2,\"name\":\"La Confederaci\u00f3n Apost\u00f3lica Universal -tercer fin de Schoenstatt- en la pr\u00e1ctica\"}]},{\"@type\":\"WebSite\",\"@id\":\"https:\\\/\\\/schoenstatt.com\\\/es\\\/#website\",\"url\":\"https:\\\/\\\/schoenstatt.com\\\/es\\\/\",\"name\":\"Schoenstatt\",\"description\":\"Apostolic Movement\",\"publisher\":{\"@id\":\"https:\\\/\\\/schoenstatt.com\\\/es\\\/#organization\"},\"potentialAction\":[{\"@type\":\"SearchAction\",\"target\":{\"@type\":\"EntryPoint\",\"urlTemplate\":\"https:\\\/\\\/schoenstatt.com\\\/es\\\/?s={search_term_string}\"},\"query-input\":{\"@type\":\"PropertyValueSpecification\",\"valueRequired\":true,\"valueName\":\"search_term_string\"}}],\"inLanguage\":\"es\"},{\"@type\":\"Organization\",\"@id\":\"https:\\\/\\\/schoenstatt.com\\\/es\\\/#organization\",\"name\":\"Schoenstatt\",\"url\":\"https:\\\/\\\/schoenstatt.com\\\/es\\\/\",\"logo\":{\"@type\":\"ImageObject\",\"inLanguage\":\"es\",\"@id\":\"https:\\\/\\\/schoenstatt.com\\\/es\\\/#\\\/schema\\\/logo\\\/image\\\/\",\"url\":\"https:\\\/\\\/schoenstatt.com\\\/wp-content\\\/uploads\\\/2025\\\/04\\\/logo-schoenstatt-white-696x696-1.png\",\"contentUrl\":\"https:\\\/\\\/schoenstatt.com\\\/wp-content\\\/uploads\\\/2025\\\/04\\\/logo-schoenstatt-white-696x696-1.png\",\"width\":696,\"height\":694,\"caption\":\"Schoenstatt\"},\"image\":{\"@id\":\"https:\\\/\\\/schoenstatt.com\\\/es\\\/#\\\/schema\\\/logo\\\/image\\\/\"}},{\"@type\":\"Person\",\"@id\":\"https:\\\/\\\/schoenstatt.com\\\/es\\\/#\\\/schema\\\/person\\\/489465b1850e7b216fe2c10dfc262551\",\"name\":\"admin\",\"image\":{\"@type\":\"ImageObject\",\"inLanguage\":\"es\",\"@id\":\"https:\\\/\\\/secure.gravatar.com\\\/avatar\\\/02e8345e1ec40ab0e0a2a98fdde64a684bbaf994cddcb778b25b8b024ee9dfe6?s=96&d=mm&r=g\",\"url\":\"https:\\\/\\\/secure.gravatar.com\\\/avatar\\\/02e8345e1ec40ab0e0a2a98fdde64a684bbaf994cddcb778b25b8b024ee9dfe6?s=96&d=mm&r=g\",\"contentUrl\":\"https:\\\/\\\/secure.gravatar.com\\\/avatar\\\/02e8345e1ec40ab0e0a2a98fdde64a684bbaf994cddcb778b25b8b024ee9dfe6?s=96&d=mm&r=g\",\"caption\":\"admin\"},\"sameAs\":[\"https:\\\/\\\/schoenstatt.com\"],\"url\":\"https:\\\/\\\/schoenstatt.com\\\/es\\\/author\\\/admin\\\/\"}]}<\/script>\n<!-- \/ Yoast SEO Premium plugin. -->","yoast_head_json":{"title":"La Confederaci\u00f3n Apost\u00f3lica Universal -tercer fin de Schoenstatt- en la pr\u00e1ctica - Schoenstatt","description":"La Confederaci\u00f3n Apost\u00f3lica Universal, el tercer fin de Schoenstatt, llama a trabajar por la unidad de las fuerzas apost\u00f3licas de la Iglesia.","robots":{"index":"index","follow":"follow","max-snippet":"max-snippet:-1","max-image-preview":"max-image-preview:large","max-video-preview":"max-video-preview:-1"},"canonical":"https:\/\/schoenstatt.com\/es\/la-confederacion-apostolica-universal-tercer-fin-de-schoenstatt-en-la-practica\/","og_locale":"es_ES","og_type":"article","og_title":"La Confederaci\u00f3n Apost\u00f3lica Universal -tercer fin de Schoenstatt- en la pr\u00e1ctica","og_description":"La Confederaci\u00f3n Apost\u00f3lica Universal, el tercer fin de Schoenstatt, llama a trabajar por la unidad de las fuerzas apost\u00f3licas de la Iglesia.","og_url":"https:\/\/schoenstatt.com\/es\/la-confederacion-apostolica-universal-tercer-fin-de-schoenstatt-en-la-practica\/","og_site_name":"Schoenstatt","article_published_time":"2022-08-25T06:00:32+00:00","article_modified_time":"2025-05-15T16:03:39+00:00","og_image":[{"width":599,"height":313,"url":"https:\/\/schoenstatt.com\/wp-content\/uploads\/2022\/08\/CAU-1.png","type":"image\/png"}],"author":"admin","twitter_card":"summary_large_image","twitter_misc":{"Escrito por":"admin","Tiempo de lectura":"5 minutos"},"schema":{"@context":"https:\/\/schema.org","@graph":[{"@type":"Article","@id":"https:\/\/schoenstatt.com\/es\/la-confederacion-apostolica-universal-tercer-fin-de-schoenstatt-en-la-practica\/#article","isPartOf":{"@id":"https:\/\/schoenstatt.com\/es\/la-confederacion-apostolica-universal-tercer-fin-de-schoenstatt-en-la-practica\/"},"author":{"name":"admin","@id":"https:\/\/schoenstatt.com\/es\/#\/schema\/person\/489465b1850e7b216fe2c10dfc262551"},"headline":"La Confederaci\u00f3n Apost\u00f3lica Universal -tercer fin de Schoenstatt- en la pr\u00e1ctica","datePublished":"2022-08-25T06:00:32+00:00","dateModified":"2025-05-15T16:03:39+00:00","mainEntityOfPage":{"@id":"https:\/\/schoenstatt.com\/es\/la-confederacion-apostolica-universal-tercer-fin-de-schoenstatt-en-la-practica\/"},"wordCount":1081,"publisher":{"@id":"https:\/\/schoenstatt.com\/es\/#organization"},"image":{"@id":"https:\/\/schoenstatt.com\/es\/la-confederacion-apostolica-universal-tercer-fin-de-schoenstatt-en-la-practica\/#primaryimage"},"thumbnailUrl":"https:\/\/schoenstatt.com\/wp-content\/uploads\/2022\/08\/CAU-1.png","articleSection":["Espiritualidad","Iglesia"],"inLanguage":"es"},{"@type":"WebPage","@id":"https:\/\/schoenstatt.com\/es\/la-confederacion-apostolica-universal-tercer-fin-de-schoenstatt-en-la-practica\/","url":"https:\/\/schoenstatt.com\/es\/la-confederacion-apostolica-universal-tercer-fin-de-schoenstatt-en-la-practica\/","name":"La Confederaci\u00f3n Apost\u00f3lica Universal -tercer fin de Schoenstatt- en la pr\u00e1ctica - Schoenstatt","isPartOf":{"@id":"https:\/\/schoenstatt.com\/es\/#website"},"primaryImageOfPage":{"@id":"https:\/\/schoenstatt.com\/es\/la-confederacion-apostolica-universal-tercer-fin-de-schoenstatt-en-la-practica\/#primaryimage"},"image":{"@id":"https:\/\/schoenstatt.com\/es\/la-confederacion-apostolica-universal-tercer-fin-de-schoenstatt-en-la-practica\/#primaryimage"},"thumbnailUrl":"https:\/\/schoenstatt.com\/wp-content\/uploads\/2022\/08\/CAU-1.png","datePublished":"2022-08-25T06:00:32+00:00","dateModified":"2025-05-15T16:03:39+00:00","description":"La Confederaci\u00f3n Apost\u00f3lica Universal, el tercer fin de Schoenstatt, llama a trabajar por la unidad de las fuerzas apost\u00f3licas de la Iglesia.","breadcrumb":{"@id":"https:\/\/schoenstatt.com\/es\/la-confederacion-apostolica-universal-tercer-fin-de-schoenstatt-en-la-practica\/#breadcrumb"},"inLanguage":"es","potentialAction":[{"@type":"ReadAction","target":["https:\/\/schoenstatt.com\/es\/la-confederacion-apostolica-universal-tercer-fin-de-schoenstatt-en-la-practica\/"]}]},{"@type":"ImageObject","inLanguage":"es","@id":"https:\/\/schoenstatt.com\/es\/la-confederacion-apostolica-universal-tercer-fin-de-schoenstatt-en-la-practica\/#primaryimage","url":"https:\/\/schoenstatt.com\/wp-content\/uploads\/2022\/08\/CAU-1.png","contentUrl":"https:\/\/schoenstatt.com\/wp-content\/uploads\/2022\/08\/CAU-1.png","width":599,"height":313,"caption":"Universal Apostolic Confederation"},{"@type":"BreadcrumbList","@id":"https:\/\/schoenstatt.com\/es\/la-confederacion-apostolica-universal-tercer-fin-de-schoenstatt-en-la-practica\/#breadcrumb","itemListElement":[{"@type":"ListItem","position":1,"name":"Portada","item":"https:\/\/schoenstatt.com\/es\/home\/"},{"@type":"ListItem","position":2,"name":"La Confederaci\u00f3n Apost\u00f3lica Universal -tercer fin de Schoenstatt- en la pr\u00e1ctica"}]},{"@type":"WebSite","@id":"https:\/\/schoenstatt.com\/es\/#website","url":"https:\/\/schoenstatt.com\/es\/","name":"Schoenstatt","description":"Apostolic Movement","publisher":{"@id":"https:\/\/schoenstatt.com\/es\/#organization"},"potentialAction":[{"@type":"SearchAction","target":{"@type":"EntryPoint","urlTemplate":"https:\/\/schoenstatt.com\/es\/?s={search_term_string}"},"query-input":{"@type":"PropertyValueSpecification","valueRequired":true,"valueName":"search_term_string"}}],"inLanguage":"es"},{"@type":"Organization","@id":"https:\/\/schoenstatt.com\/es\/#organization","name":"Schoenstatt","url":"https:\/\/schoenstatt.com\/es\/","logo":{"@type":"ImageObject","inLanguage":"es","@id":"https:\/\/schoenstatt.com\/es\/#\/schema\/logo\/image\/","url":"https:\/\/schoenstatt.com\/wp-content\/uploads\/2025\/04\/logo-schoenstatt-white-696x696-1.png","contentUrl":"https:\/\/schoenstatt.com\/wp-content\/uploads\/2025\/04\/logo-schoenstatt-white-696x696-1.png","width":696,"height":694,"caption":"Schoenstatt"},"image":{"@id":"https:\/\/schoenstatt.com\/es\/#\/schema\/logo\/image\/"}},{"@type":"Person","@id":"https:\/\/schoenstatt.com\/es\/#\/schema\/person\/489465b1850e7b216fe2c10dfc262551","name":"admin","image":{"@type":"ImageObject","inLanguage":"es","@id":"https:\/\/secure.gravatar.com\/avatar\/02e8345e1ec40ab0e0a2a98fdde64a684bbaf994cddcb778b25b8b024ee9dfe6?s=96&d=mm&r=g","url":"https:\/\/secure.gravatar.com\/avatar\/02e8345e1ec40ab0e0a2a98fdde64a684bbaf994cddcb778b25b8b024ee9dfe6?s=96&d=mm&r=g","contentUrl":"https:\/\/secure.gravatar.com\/avatar\/02e8345e1ec40ab0e0a2a98fdde64a684bbaf994cddcb778b25b8b024ee9dfe6?s=96&d=mm&r=g","caption":"admin"},"sameAs":["https:\/\/schoenstatt.com"],"url":"https:\/\/schoenstatt.com\/es\/author\/admin\/"}]}},"_links":{"self":[{"href":"https:\/\/schoenstatt.com\/es\/wp-json\/wp\/v2\/posts\/26502","targetHints":{"allow":["GET"]}}],"collection":[{"href":"https:\/\/schoenstatt.com\/es\/wp-json\/wp\/v2\/posts"}],"about":[{"href":"https:\/\/schoenstatt.com\/es\/wp-json\/wp\/v2\/types\/post"}],"author":[{"embeddable":true,"href":"https:\/\/schoenstatt.com\/es\/wp-json\/wp\/v2\/users\/1"}],"replies":[{"embeddable":true,"href":"https:\/\/schoenstatt.com\/es\/wp-json\/wp\/v2\/comments?post=26502"}],"version-history":[{"count":1,"href":"https:\/\/schoenstatt.com\/es\/wp-json\/wp\/v2\/posts\/26502\/revisions"}],"predecessor-version":[{"id":45449,"href":"https:\/\/schoenstatt.com\/es\/wp-json\/wp\/v2\/posts\/26502\/revisions\/45449"}],"wp:featuredmedia":[{"embeddable":true,"href":"https:\/\/schoenstatt.com\/es\/wp-json\/wp\/v2\/media\/26503"}],"wp:attachment":[{"href":"https:\/\/schoenstatt.com\/es\/wp-json\/wp\/v2\/media?parent=26502"}],"wp:term":[{"taxonomy":"category","embeddable":true,"href":"https:\/\/schoenstatt.com\/es\/wp-json\/wp\/v2\/categories?post=26502"},{"taxonomy":"post_tag","embeddable":true,"href":"https:\/\/schoenstatt.com\/es\/wp-json\/wp\/v2\/tags?post=26502"}],"curies":[{"name":"wp","href":"https:\/\/api.w.org\/{rel}","templated":true}]}}