{"id":26491,"date":"2022-08-24T09:11:31","date_gmt":"2022-08-24T07:11:31","guid":{"rendered":"https:\/\/schoenstatt.com\/?p=26491"},"modified":"2025-05-15T18:03:39","modified_gmt":"2025-05-15T16:03:39","slug":"la-iglesia-te-escucha","status":"publish","type":"post","link":"https:\/\/schoenstatt.com\/es\/la-iglesia-te-escucha\/","title":{"rendered":"La RIIAL busca llevar el proceso sinodal al continente digital: \u00abLa Iglesia te escucha\u00bb"},"content":{"rendered":"<p>Seg\u00fan informa ADN CELAM, la Red Inform\u00e1tica de la Iglesia en Am\u00e9rica Latina <a href=\"https:\/\/www.riial.org\/\">(RIIAL)<\/a> ha puesto en marcha el proyecto <strong><a href=\"https:\/\/www.riial.org\/la-iglesia-te-escucha-2\/\">\u201cLa Iglesia te escucha\u201d<\/a>,<\/strong> una iniciativa que busca llegar y escuchar a las personas que interact\u00faan en el \u2018continente digital\u2019, a trav\u00e9s de influencers cat\u00f3licos y de misioneros digitales. \u201cLa intenci\u00f3n es llevar, de manera misionera, en el continente digital, est\u00e1 hermosa caricia de la Iglesia de escuchar a todo el Pueblo de Dios\u201d, comenta Monse\u00f1or Lucio Adri\u00e1n Ruiz, secretario del Dicasterio para la Comunicaci\u00f3n, al detallar que \u201cpara las personas que no hicieron el proceso sinodal en sus parroquias, di\u00f3cesis, instituciones, y que est\u00e1n presentes en los espacios digitales, especialmente los m\u00e1s alejados, hemos querido hacer este proyecto, para ir hacia ellos\u201d.<\/p>\n<h3>Una Iglesia que no deja a nadie atr\u00e1s<\/h3>\n<p>Dos de los principios del Magisterio del Papa Francisco:\u00a0ser \u2018Iglesia en salida\u2019 e ir a las \u2018periferias existenciales\u2019, inspiran este proyecto que busca comprender y conocer aquella porci\u00f3n del Pueblo de Dios que habita en los ambientes digitales y que, desde all\u00ed, pueden vincularse a las diversas etapas del S\u00ednodo de la Sinodalidad, de acuerdo con el proceso que ha sido indicado por la Secretar\u00eda del S\u00ednodo.<\/p>\n<h3>Metodolog\u00eda sinodal adaptada al \u00e1mbito digital<\/h3>\n<p><img fetchpriority=\"high\" decoding=\"async\" class=\"size-full wp-image-26496 aligncenter\" src=\"https:\/\/schoenstatt.com\/wp-content\/uploads\/2022\/08\/La-Iglesia-te-escucha.png\" alt=\"\" width=\"713\" height=\"418\" \/><\/p>\n<p>La ADN CELAM tambi\u00e9n se\u00f1ala que, para ello, ha sido propuesto un itinerario que incluye la formaci\u00f3n y env\u00edo de\u00a0influencers\u00a0cat\u00f3licos y de misioneros digitales;\u00a0catequesis e introducci\u00f3n sobre el S\u00ednodo en cada comunidad digital; reuniones virtuales de seguimiento, animaci\u00f3n y colaboraci\u00f3n de las comunidades; env\u00edo del \u2018cuestionario\u2019 para conocer la voz de quien desea participar; recolecci\u00f3n, an\u00e1lisis y s\u00edntesis de los resultados; y, finalmente, presentaci\u00f3n de estos resultados a la Secretar\u00eda del S\u00ednodo.<\/p>\n<h3>Una propuesta interinstitucional<\/h3>\n<p>La propuesta ya tiene gran acogida entre la comunidad cat\u00f3lica digital, pues de acuerdo con Monse\u00f1or Ruiz \u201cya se han sumado m\u00e1s de 100 redes de evangelizadores digitales de diversas partes del mundo, con 230\u00a0influencers\u00a0y\/o misioneros digitales, en siete lenguas\u201d.<\/p>\n<p>Desde su inicio\u00a0el proyecto ha sido apoyado por la Secretar\u00eda General del S\u00ednodo y acompa\u00f1ado por el Dicasterio para la Comunicaci\u00f3n de la Santa Sede. Tambi\u00e9n el CELAM apoya y respalda esta importante y muy necesaria iniciativa. La RIIAL ha dispuesto una secci\u00f3n en su sitio web para conocer m\u00e1s detalles sobre\u00a0\u201c<strong>La Iglesia te escucha\u201d.<\/strong><\/p>\n<p>&nbsp;<\/p>\n<p>Fuente:<a href=\"https:\/\/www.vaticannews.va\/es.html\"> Vatican News<\/a><\/p>\n","protected":false},"excerpt":{"rendered":"<p>Con el prop\u00f3sito de llevar el proceso sinodal al escenario digital\u2019, la Red Inform\u00e1tica de la Iglesia en Am\u00e9rica Latina (RIIAL) ha puesto en marcha el proyecto \u201cLa Iglesia te escucha\u201d, una iniciativa que busca llegar y escuchar a las personas que interact\u00faan en el \u2018continente digital\u2019, a trav\u00e9s de influencers cat\u00f3licos y de misioneros digitales.<\/p>\n","protected":false},"author":3,"featured_media":26492,"comment_status":"closed","ping_status":"closed","sticky":false,"template":"","format":"standard","meta":{"footnotes":""},"categories":[683],"tags":[],"class_list":["post-26491","post","type-post","status-publish","format-standard","has-post-thumbnail","hentry","category-iglesia-es"],"yoast_head":"<!-- This site is optimized with the Yoast SEO Premium plugin v27.4 (Yoast SEO v27.4) - https:\/\/yoast.com\/product\/yoast-seo-premium-wordpress\/ -->\n<title>&quot;La Iglesia te escucha&quot;- Schoenstatt<\/title>\n<meta name=\"description\" content=\"\u201cLa Iglesia te escucha\u201d, una iniciativa que busca llegar y escuchar a las personas que interact\u00faan en el \u2018continente digital\u2019.\" \/>\n<meta name=\"robots\" content=\"index, follow, max-snippet:-1, max-image-preview:large, max-video-preview:-1\" \/>\n<link rel=\"canonical\" href=\"https:\/\/schoenstatt.com\/es\/la-iglesia-te-escucha\/\" \/>\n<meta property=\"og:locale\" content=\"es_ES\" \/>\n<meta property=\"og:type\" content=\"article\" \/>\n<meta property=\"og:title\" content=\"La RIIAL busca llevar el proceso sinodal al continente digital: \u00abLa Iglesia te escucha\u00bb\" \/>\n<meta property=\"og:description\" content=\"\u201cLa Iglesia te escucha\u201d, una iniciativa que busca llegar y escuchar a las personas que interact\u00faan en el \u2018continente digital\u2019.\" \/>\n<meta property=\"og:url\" content=\"https:\/\/schoenstatt.com\/es\/la-iglesia-te-escucha\/\" \/>\n<meta property=\"og:site_name\" content=\"Schoenstatt\" \/>\n<meta property=\"article:published_time\" content=\"2022-08-24T07:11:31+00:00\" \/>\n<meta property=\"article:modified_time\" content=\"2025-05-15T16:03:39+00:00\" \/>\n<meta property=\"og:image\" content=\"https:\/\/schoenstatt.com\/wp-content\/uploads\/2022\/08\/LaIglesiaTeEscucha-1-1.jpeg\" \/>\n\t<meta property=\"og:image:width\" content=\"726\" \/>\n\t<meta property=\"og:image:height\" content=\"674\" \/>\n\t<meta property=\"og:image:type\" content=\"image\/jpeg\" \/>\n<meta name=\"author\" content=\"Karen Bueno\" \/>\n<meta name=\"twitter:card\" content=\"summary_large_image\" \/>\n<meta name=\"twitter:label1\" content=\"Escrito por\" \/>\n\t<meta name=\"twitter:data1\" content=\"Karen Bueno\" \/>\n\t<meta name=\"twitter:label2\" content=\"Tiempo de lectura\" \/>\n\t<meta name=\"twitter:data2\" content=\"2 minutos\" \/>\n<script type=\"application\/ld+json\" class=\"yoast-schema-graph\">{\"@context\":\"https:\\\/\\\/schema.org\",\"@graph\":[{\"@type\":\"Article\",\"@id\":\"https:\\\/\\\/schoenstatt.com\\\/es\\\/la-iglesia-te-escucha\\\/#article\",\"isPartOf\":{\"@id\":\"https:\\\/\\\/schoenstatt.com\\\/es\\\/la-iglesia-te-escucha\\\/\"},\"author\":{\"name\":\"Karen Bueno\",\"@id\":\"https:\\\/\\\/schoenstatt.com\\\/es\\\/#\\\/schema\\\/person\\\/5158877ad4acae98b34daaeef2a1ce6e\"},\"headline\":\"La RIIAL busca llevar el proceso sinodal al continente digital: \u00abLa Iglesia te escucha\u00bb\",\"datePublished\":\"2022-08-24T07:11:31+00:00\",\"dateModified\":\"2025-05-15T16:03:39+00:00\",\"mainEntityOfPage\":{\"@id\":\"https:\\\/\\\/schoenstatt.com\\\/es\\\/la-iglesia-te-escucha\\\/\"},\"wordCount\":444,\"publisher\":{\"@id\":\"https:\\\/\\\/schoenstatt.com\\\/es\\\/#organization\"},\"image\":{\"@id\":\"https:\\\/\\\/schoenstatt.com\\\/es\\\/la-iglesia-te-escucha\\\/#primaryimage\"},\"thumbnailUrl\":\"https:\\\/\\\/schoenstatt.com\\\/wp-content\\\/uploads\\\/2022\\\/08\\\/LaIglesiaTeEscucha-1-1.jpeg\",\"articleSection\":[\"Iglesia\"],\"inLanguage\":\"es\"},{\"@type\":\"WebPage\",\"@id\":\"https:\\\/\\\/schoenstatt.com\\\/es\\\/la-iglesia-te-escucha\\\/\",\"url\":\"https:\\\/\\\/schoenstatt.com\\\/es\\\/la-iglesia-te-escucha\\\/\",\"name\":\"\\\"La Iglesia te escucha\\\"- Schoenstatt\",\"isPartOf\":{\"@id\":\"https:\\\/\\\/schoenstatt.com\\\/es\\\/#website\"},\"primaryImageOfPage\":{\"@id\":\"https:\\\/\\\/schoenstatt.com\\\/es\\\/la-iglesia-te-escucha\\\/#primaryimage\"},\"image\":{\"@id\":\"https:\\\/\\\/schoenstatt.com\\\/es\\\/la-iglesia-te-escucha\\\/#primaryimage\"},\"thumbnailUrl\":\"https:\\\/\\\/schoenstatt.com\\\/wp-content\\\/uploads\\\/2022\\\/08\\\/LaIglesiaTeEscucha-1-1.jpeg\",\"datePublished\":\"2022-08-24T07:11:31+00:00\",\"dateModified\":\"2025-05-15T16:03:39+00:00\",\"description\":\"\u201cLa Iglesia te escucha\u201d, una iniciativa que busca llegar y escuchar a las personas que interact\u00faan en el \u2018continente digital\u2019.\",\"breadcrumb\":{\"@id\":\"https:\\\/\\\/schoenstatt.com\\\/es\\\/la-iglesia-te-escucha\\\/#breadcrumb\"},\"inLanguage\":\"es\",\"potentialAction\":[{\"@type\":\"ReadAction\",\"target\":[\"https:\\\/\\\/schoenstatt.com\\\/es\\\/la-iglesia-te-escucha\\\/\"]}]},{\"@type\":\"ImageObject\",\"inLanguage\":\"es\",\"@id\":\"https:\\\/\\\/schoenstatt.com\\\/es\\\/la-iglesia-te-escucha\\\/#primaryimage\",\"url\":\"https:\\\/\\\/schoenstatt.com\\\/wp-content\\\/uploads\\\/2022\\\/08\\\/LaIglesiaTeEscucha-1-1.jpeg\",\"contentUrl\":\"https:\\\/\\\/schoenstatt.com\\\/wp-content\\\/uploads\\\/2022\\\/08\\\/LaIglesiaTeEscucha-1-1.jpeg\",\"width\":726,\"height\":674,\"caption\":\"Escucha\"},{\"@type\":\"BreadcrumbList\",\"@id\":\"https:\\\/\\\/schoenstatt.com\\\/es\\\/la-iglesia-te-escucha\\\/#breadcrumb\",\"itemListElement\":[{\"@type\":\"ListItem\",\"position\":1,\"name\":\"Portada\",\"item\":\"https:\\\/\\\/schoenstatt.com\\\/es\\\/home\\\/\"},{\"@type\":\"ListItem\",\"position\":2,\"name\":\"La RIIAL busca llevar el proceso sinodal al continente digital: \u00abLa Iglesia te escucha\u00bb\"}]},{\"@type\":\"WebSite\",\"@id\":\"https:\\\/\\\/schoenstatt.com\\\/es\\\/#website\",\"url\":\"https:\\\/\\\/schoenstatt.com\\\/es\\\/\",\"name\":\"Schoenstatt\",\"description\":\"Apostolic Movement\",\"publisher\":{\"@id\":\"https:\\\/\\\/schoenstatt.com\\\/es\\\/#organization\"},\"potentialAction\":[{\"@type\":\"SearchAction\",\"target\":{\"@type\":\"EntryPoint\",\"urlTemplate\":\"https:\\\/\\\/schoenstatt.com\\\/es\\\/?s={search_term_string}\"},\"query-input\":{\"@type\":\"PropertyValueSpecification\",\"valueRequired\":true,\"valueName\":\"search_term_string\"}}],\"inLanguage\":\"es\"},{\"@type\":\"Organization\",\"@id\":\"https:\\\/\\\/schoenstatt.com\\\/es\\\/#organization\",\"name\":\"Schoenstatt\",\"url\":\"https:\\\/\\\/schoenstatt.com\\\/es\\\/\",\"logo\":{\"@type\":\"ImageObject\",\"inLanguage\":\"es\",\"@id\":\"https:\\\/\\\/schoenstatt.com\\\/es\\\/#\\\/schema\\\/logo\\\/image\\\/\",\"url\":\"https:\\\/\\\/schoenstatt.com\\\/wp-content\\\/uploads\\\/2025\\\/04\\\/logo-schoenstatt-white-696x696-1.png\",\"contentUrl\":\"https:\\\/\\\/schoenstatt.com\\\/wp-content\\\/uploads\\\/2025\\\/04\\\/logo-schoenstatt-white-696x696-1.png\",\"width\":696,\"height\":694,\"caption\":\"Schoenstatt\"},\"image\":{\"@id\":\"https:\\\/\\\/schoenstatt.com\\\/es\\\/#\\\/schema\\\/logo\\\/image\\\/\"}},{\"@type\":\"Person\",\"@id\":\"https:\\\/\\\/schoenstatt.com\\\/es\\\/#\\\/schema\\\/person\\\/5158877ad4acae98b34daaeef2a1ce6e\",\"name\":\"Karen Bueno\",\"image\":{\"@type\":\"ImageObject\",\"inLanguage\":\"es\",\"@id\":\"https:\\\/\\\/secure.gravatar.com\\\/avatar\\\/f9f4b823873154269d2b2130f195f6d41037dd0d7fc5f3cacb5c846bae70d66b?s=96&d=mm&r=g\",\"url\":\"https:\\\/\\\/secure.gravatar.com\\\/avatar\\\/f9f4b823873154269d2b2130f195f6d41037dd0d7fc5f3cacb5c846bae70d66b?s=96&d=mm&r=g\",\"contentUrl\":\"https:\\\/\\\/secure.gravatar.com\\\/avatar\\\/f9f4b823873154269d2b2130f195f6d41037dd0d7fc5f3cacb5c846bae70d66b?s=96&d=mm&r=g\",\"caption\":\"Karen Bueno\"},\"url\":\"https:\\\/\\\/schoenstatt.com\\\/es\\\/author\\\/karen-bueno\\\/\"}]}<\/script>\n<!-- \/ Yoast SEO Premium plugin. -->","yoast_head_json":{"title":"\"La Iglesia te escucha\"- Schoenstatt","description":"\u201cLa Iglesia te escucha\u201d, una iniciativa que busca llegar y escuchar a las personas que interact\u00faan en el \u2018continente digital\u2019.","robots":{"index":"index","follow":"follow","max-snippet":"max-snippet:-1","max-image-preview":"max-image-preview:large","max-video-preview":"max-video-preview:-1"},"canonical":"https:\/\/schoenstatt.com\/es\/la-iglesia-te-escucha\/","og_locale":"es_ES","og_type":"article","og_title":"La RIIAL busca llevar el proceso sinodal al continente digital: \u00abLa Iglesia te escucha\u00bb","og_description":"\u201cLa Iglesia te escucha\u201d, una iniciativa que busca llegar y escuchar a las personas que interact\u00faan en el \u2018continente digital\u2019.","og_url":"https:\/\/schoenstatt.com\/es\/la-iglesia-te-escucha\/","og_site_name":"Schoenstatt","article_published_time":"2022-08-24T07:11:31+00:00","article_modified_time":"2025-05-15T16:03:39+00:00","og_image":[{"width":726,"height":674,"url":"https:\/\/schoenstatt.com\/wp-content\/uploads\/2022\/08\/LaIglesiaTeEscucha-1-1.jpeg","type":"image\/jpeg"}],"author":"Karen Bueno","twitter_card":"summary_large_image","twitter_misc":{"Escrito por":"Karen Bueno","Tiempo de lectura":"2 minutos"},"schema":{"@context":"https:\/\/schema.org","@graph":[{"@type":"Article","@id":"https:\/\/schoenstatt.com\/es\/la-iglesia-te-escucha\/#article","isPartOf":{"@id":"https:\/\/schoenstatt.com\/es\/la-iglesia-te-escucha\/"},"author":{"name":"Karen Bueno","@id":"https:\/\/schoenstatt.com\/es\/#\/schema\/person\/5158877ad4acae98b34daaeef2a1ce6e"},"headline":"La RIIAL busca llevar el proceso sinodal al continente digital: \u00abLa Iglesia te escucha\u00bb","datePublished":"2022-08-24T07:11:31+00:00","dateModified":"2025-05-15T16:03:39+00:00","mainEntityOfPage":{"@id":"https:\/\/schoenstatt.com\/es\/la-iglesia-te-escucha\/"},"wordCount":444,"publisher":{"@id":"https:\/\/schoenstatt.com\/es\/#organization"},"image":{"@id":"https:\/\/schoenstatt.com\/es\/la-iglesia-te-escucha\/#primaryimage"},"thumbnailUrl":"https:\/\/schoenstatt.com\/wp-content\/uploads\/2022\/08\/LaIglesiaTeEscucha-1-1.jpeg","articleSection":["Iglesia"],"inLanguage":"es"},{"@type":"WebPage","@id":"https:\/\/schoenstatt.com\/es\/la-iglesia-te-escucha\/","url":"https:\/\/schoenstatt.com\/es\/la-iglesia-te-escucha\/","name":"\"La Iglesia te escucha\"- Schoenstatt","isPartOf":{"@id":"https:\/\/schoenstatt.com\/es\/#website"},"primaryImageOfPage":{"@id":"https:\/\/schoenstatt.com\/es\/la-iglesia-te-escucha\/#primaryimage"},"image":{"@id":"https:\/\/schoenstatt.com\/es\/la-iglesia-te-escucha\/#primaryimage"},"thumbnailUrl":"https:\/\/schoenstatt.com\/wp-content\/uploads\/2022\/08\/LaIglesiaTeEscucha-1-1.jpeg","datePublished":"2022-08-24T07:11:31+00:00","dateModified":"2025-05-15T16:03:39+00:00","description":"\u201cLa Iglesia te escucha\u201d, una iniciativa que busca llegar y escuchar a las personas que interact\u00faan en el \u2018continente digital\u2019.","breadcrumb":{"@id":"https:\/\/schoenstatt.com\/es\/la-iglesia-te-escucha\/#breadcrumb"},"inLanguage":"es","potentialAction":[{"@type":"ReadAction","target":["https:\/\/schoenstatt.com\/es\/la-iglesia-te-escucha\/"]}]},{"@type":"ImageObject","inLanguage":"es","@id":"https:\/\/schoenstatt.com\/es\/la-iglesia-te-escucha\/#primaryimage","url":"https:\/\/schoenstatt.com\/wp-content\/uploads\/2022\/08\/LaIglesiaTeEscucha-1-1.jpeg","contentUrl":"https:\/\/schoenstatt.com\/wp-content\/uploads\/2022\/08\/LaIglesiaTeEscucha-1-1.jpeg","width":726,"height":674,"caption":"Escucha"},{"@type":"BreadcrumbList","@id":"https:\/\/schoenstatt.com\/es\/la-iglesia-te-escucha\/#breadcrumb","itemListElement":[{"@type":"ListItem","position":1,"name":"Portada","item":"https:\/\/schoenstatt.com\/es\/home\/"},{"@type":"ListItem","position":2,"name":"La RIIAL busca llevar el proceso sinodal al continente digital: \u00abLa Iglesia te escucha\u00bb"}]},{"@type":"WebSite","@id":"https:\/\/schoenstatt.com\/es\/#website","url":"https:\/\/schoenstatt.com\/es\/","name":"Schoenstatt","description":"Apostolic Movement","publisher":{"@id":"https:\/\/schoenstatt.com\/es\/#organization"},"potentialAction":[{"@type":"SearchAction","target":{"@type":"EntryPoint","urlTemplate":"https:\/\/schoenstatt.com\/es\/?s={search_term_string}"},"query-input":{"@type":"PropertyValueSpecification","valueRequired":true,"valueName":"search_term_string"}}],"inLanguage":"es"},{"@type":"Organization","@id":"https:\/\/schoenstatt.com\/es\/#organization","name":"Schoenstatt","url":"https:\/\/schoenstatt.com\/es\/","logo":{"@type":"ImageObject","inLanguage":"es","@id":"https:\/\/schoenstatt.com\/es\/#\/schema\/logo\/image\/","url":"https:\/\/schoenstatt.com\/wp-content\/uploads\/2025\/04\/logo-schoenstatt-white-696x696-1.png","contentUrl":"https:\/\/schoenstatt.com\/wp-content\/uploads\/2025\/04\/logo-schoenstatt-white-696x696-1.png","width":696,"height":694,"caption":"Schoenstatt"},"image":{"@id":"https:\/\/schoenstatt.com\/es\/#\/schema\/logo\/image\/"}},{"@type":"Person","@id":"https:\/\/schoenstatt.com\/es\/#\/schema\/person\/5158877ad4acae98b34daaeef2a1ce6e","name":"Karen Bueno","image":{"@type":"ImageObject","inLanguage":"es","@id":"https:\/\/secure.gravatar.com\/avatar\/f9f4b823873154269d2b2130f195f6d41037dd0d7fc5f3cacb5c846bae70d66b?s=96&d=mm&r=g","url":"https:\/\/secure.gravatar.com\/avatar\/f9f4b823873154269d2b2130f195f6d41037dd0d7fc5f3cacb5c846bae70d66b?s=96&d=mm&r=g","contentUrl":"https:\/\/secure.gravatar.com\/avatar\/f9f4b823873154269d2b2130f195f6d41037dd0d7fc5f3cacb5c846bae70d66b?s=96&d=mm&r=g","caption":"Karen Bueno"},"url":"https:\/\/schoenstatt.com\/es\/author\/karen-bueno\/"}]}},"_links":{"self":[{"href":"https:\/\/schoenstatt.com\/es\/wp-json\/wp\/v2\/posts\/26491","targetHints":{"allow":["GET"]}}],"collection":[{"href":"https:\/\/schoenstatt.com\/es\/wp-json\/wp\/v2\/posts"}],"about":[{"href":"https:\/\/schoenstatt.com\/es\/wp-json\/wp\/v2\/types\/post"}],"author":[{"embeddable":true,"href":"https:\/\/schoenstatt.com\/es\/wp-json\/wp\/v2\/users\/3"}],"replies":[{"embeddable":true,"href":"https:\/\/schoenstatt.com\/es\/wp-json\/wp\/v2\/comments?post=26491"}],"version-history":[{"count":1,"href":"https:\/\/schoenstatt.com\/es\/wp-json\/wp\/v2\/posts\/26491\/revisions"}],"predecessor-version":[{"id":45445,"href":"https:\/\/schoenstatt.com\/es\/wp-json\/wp\/v2\/posts\/26491\/revisions\/45445"}],"wp:featuredmedia":[{"embeddable":true,"href":"https:\/\/schoenstatt.com\/es\/wp-json\/wp\/v2\/media\/26492"}],"wp:attachment":[{"href":"https:\/\/schoenstatt.com\/es\/wp-json\/wp\/v2\/media?parent=26491"}],"wp:term":[{"taxonomy":"category","embeddable":true,"href":"https:\/\/schoenstatt.com\/es\/wp-json\/wp\/v2\/categories?post=26491"},{"taxonomy":"post_tag","embeddable":true,"href":"https:\/\/schoenstatt.com\/es\/wp-json\/wp\/v2\/tags?post=26491"}],"curies":[{"name":"wp","href":"https:\/\/api.w.org\/{rel}","templated":true}]}}