{"id":26209,"date":"2022-08-03T11:07:31","date_gmt":"2022-08-03T09:07:31","guid":{"rendered":"https:\/\/schoenstatt.com\/?p=26209"},"modified":"2025-05-15T01:42:28","modified_gmt":"2025-05-14T23:42:28","slug":"camino-al-futuro-sexto-capitulo-general-de-los-padres-de-schoenstatt","status":"publish","type":"post","link":"https:\/\/schoenstatt.com\/es\/camino-al-futuro-sexto-capitulo-general-de-los-padres-de-schoenstatt\/","title":{"rendered":"Camino al futuro \u2013 Sexto Cap\u00edtulo General de los Padres de Schoenstatt"},"content":{"rendered":"<p>Hasta el 30 de agosto se reunir\u00e1n<a href=\"https:\/\/schoenstatt.com\/es\/comunidades-de-schoenstatt\/comunidades-internacionales-del-movimiento-de-schoenstatt-se-preparan-para-su-capitulo-general\/\"> 41 capitulares<\/a> en la Casa Paterna de la comunidad en el Monte Sion, Vallendar, Alemania. En forma colegiada y en corresponsabilidad democr\u00e1tica, con fe en la Divina Providencia buscar\u00e1n discernir juntos la voluntad de Dios para la comunidad y para su servicio en el Movimiento de Schoenstatt y en la Iglesia. Tomar\u00e1n decisiones estrat\u00e9gicas para los pr\u00f3ximos a\u00f1os y establecer\u00e1n prioridades para los Padres y sus tareas. Un punto importante es elegir la nueva direcci\u00f3n general; tambi\u00e9n hay que tomar decisiones acerca de los Padres a nivel internacional.<\/p>\n<p><img fetchpriority=\"high\" decoding=\"async\" class=\"aligncenter wp-image-26214 size-full\" src=\"https:\/\/schoenstatt.com\/wp-content\/uploads\/2022\/08\/Schoenstatt-Patres-1.png\" alt=\"camino al futuro\" width=\"462\" height=\"231\" \/><\/p>\n<h3>Un cap\u00edtulo multicultural de una comunidad multicultural<\/h3>\n<p>Los 41 miembros del cap\u00edtulo provienen de 13 pa\u00edses. El continente americano es el grupo m\u00e1s numeroso con 18 capitulares. Nueve capitulares de cinco pa\u00edses europeos estar\u00e1n presentes. Asia est\u00e1 representada por ocho padres de la India; Nigeria, Burundi y Sud\u00e1frica proporcionan un total de seis capitulares africanos. M\u00e1s de la mitad de los capitulares participan por primera vez en un cap\u00edtulo general. S\u00f3lo 19 de los 41 participantes ya hab\u00edan participado en uno o varios cap\u00edtulos generales antes. En cuanto a la edad, el 41,5% de los participantes del cap\u00edtulo son menores de 50 a\u00f1os.<\/p>\n<p><img decoding=\"async\" class=\"size-full wp-image-26218 aligncenter\" src=\"https:\/\/schoenstatt.com\/wp-content\/uploads\/2022\/08\/Patres-est..png\" alt=\"\" width=\"369\" height=\"367\" \/><\/p>\n<h3>Desaf\u00edos y preguntas a futuro<\/h3>\n<p>El I<a href=\"http:\/\/www.schoenstatt-fathers.org\/schoenstatt-fathers\/es\/\">nstituto secular de los Padres de Schoenstatt<\/a> ha sido fundado el 18 de julio de 1965, siendo la fundaci\u00f3n m\u00e1s joven del Movimiento de Schoenstatt. Para este Cap\u00edtulo, los cap\u00edtulos territoriales, las filiales y diversos Padres han presentado m\u00e1s de 80 mociones, que deber\u00e1n ser tratadas y decididas. Desde su creaci\u00f3n, la comunidad ha sido muy internacional. Ahora tendr\u00e1 que prestar especial atenci\u00f3n a los desaf\u00edos que conlleva el ser cada vez m\u00e1s notoriamente una comunidad multicultural y heterog\u00e9nea, que ya abarca muchas generaciones. En vista de las discusiones en torno al Fundador de Schoenstatt, el cap\u00edtulo tambi\u00e9n tiene el desaf\u00edo de preguntarse c\u00f3mo su misi\u00f3n y carisma pueden realizarse en el presente y en el futuro, y c\u00f3mo la comunidad puede ser fiel al carisma y, a la vez, innovadora. Y por \u00faltimo, pero no menos importante, tambi\u00e9n es necesario discutir oportunidades y desaf\u00edos acerca del rol de la comunidad en un movimiento cuyo dinamismo apost\u00f3lico y misionero es cada vez m\u00e1s sostenido por los laicos y quiere ser moldeado por los mismos.<\/p>\n<p>\u00c9stos son s\u00f3lo algunos temas que abordar\u00e1 este Cap\u00edtulo General, que promete ser apasionante, y que la Comunidad de Si\u00f3n quiere llevar a cabo sobre todo como un tiempo de encuentro con Jes\u00fas y de renovaci\u00f3n en su seguimiento. En este sentido, la comunidad agradece desde ya las oraciones con las que todo el Movimiento Internacional de Schoenstatt quiera acompa\u00f1arla.<\/p>\n","protected":false},"excerpt":{"rendered":"<p> El 3 de agosto comienza en el lugar de origen del Movimiento Internacional de Schoenstatt el sexto Cap\u00edtulo General de la Comunidad de los Padres de Schoenstatt. <\/p>\n","protected":false},"author":1,"featured_media":26210,"comment_status":"closed","ping_status":"closed","sticky":false,"template":"","format":"standard","meta":{"footnotes":""},"categories":[917],"tags":[],"class_list":["post-26209","post","type-post","status-publish","format-standard","has-post-thumbnail","hentry","category-espiritualidad-es"],"yoast_head":"<!-- This site is optimized with the Yoast SEO Premium plugin v27.4 (Yoast SEO v27.4) - https:\/\/yoast.com\/product\/yoast-seo-premium-wordpress\/ -->\n<title>Camino al futuro \u2013 Sexto Cap\u00edtulo General de los Padres de Schoenstatt - Schoenstatt<\/title>\n<meta name=\"description\" content=\"Camino al futuro - El 3 de agosto en Schoenstatt Alemania, la Comunidad de los Padres de Schoenstatt tendr\u00e1 su sexto Cap\u00edtulo General.\" \/>\n<meta name=\"robots\" content=\"index, follow, max-snippet:-1, max-image-preview:large, max-video-preview:-1\" \/>\n<link rel=\"canonical\" href=\"https:\/\/schoenstatt.com\/es\/camino-al-futuro-sexto-capitulo-general-de-los-padres-de-schoenstatt\/\" \/>\n<meta property=\"og:locale\" content=\"es_ES\" \/>\n<meta property=\"og:type\" content=\"article\" \/>\n<meta property=\"og:title\" content=\"Camino al futuro \u2013 Sexto Cap\u00edtulo General de los Padres de Schoenstatt\" \/>\n<meta property=\"og:description\" content=\"Camino al futuro - El 3 de agosto en Schoenstatt Alemania, la Comunidad de los Padres de Schoenstatt tendr\u00e1 su sexto Cap\u00edtulo General.\" \/>\n<meta property=\"og:url\" content=\"https:\/\/schoenstatt.com\/es\/camino-al-futuro-sexto-capitulo-general-de-los-padres-de-schoenstatt\/\" \/>\n<meta property=\"og:site_name\" content=\"Schoenstatt\" \/>\n<meta property=\"article:published_time\" content=\"2022-08-03T09:07:31+00:00\" \/>\n<meta property=\"article:modified_time\" content=\"2025-05-14T23:42:28+00:00\" \/>\n<meta property=\"og:image\" content=\"https:\/\/schoenstatt.com\/wp-content\/uploads\/2022\/08\/Logo-patres-1.png\" \/>\n\t<meta property=\"og:image:width\" content=\"332\" \/>\n\t<meta property=\"og:image:height\" content=\"338\" \/>\n\t<meta property=\"og:image:type\" content=\"image\/png\" \/>\n<meta name=\"author\" content=\"admin\" \/>\n<meta name=\"twitter:card\" content=\"summary_large_image\" \/>\n<meta name=\"twitter:label1\" content=\"Escrito por\" \/>\n\t<meta name=\"twitter:data1\" content=\"admin\" \/>\n\t<meta name=\"twitter:label2\" content=\"Tiempo de lectura\" \/>\n\t<meta name=\"twitter:data2\" content=\"2 minutos\" \/>\n<script type=\"application\/ld+json\" class=\"yoast-schema-graph\">{\"@context\":\"https:\\\/\\\/schema.org\",\"@graph\":[{\"@type\":\"Article\",\"@id\":\"https:\\\/\\\/schoenstatt.com\\\/es\\\/camino-al-futuro-sexto-capitulo-general-de-los-padres-de-schoenstatt\\\/#article\",\"isPartOf\":{\"@id\":\"https:\\\/\\\/schoenstatt.com\\\/es\\\/camino-al-futuro-sexto-capitulo-general-de-los-padres-de-schoenstatt\\\/\"},\"author\":{\"name\":\"admin\",\"@id\":\"https:\\\/\\\/schoenstatt.com\\\/es\\\/#\\\/schema\\\/person\\\/489465b1850e7b216fe2c10dfc262551\"},\"headline\":\"Camino al futuro \u2013 Sexto Cap\u00edtulo General de los Padres de Schoenstatt\",\"datePublished\":\"2022-08-03T09:07:31+00:00\",\"dateModified\":\"2025-05-14T23:42:28+00:00\",\"mainEntityOfPage\":{\"@id\":\"https:\\\/\\\/schoenstatt.com\\\/es\\\/camino-al-futuro-sexto-capitulo-general-de-los-padres-de-schoenstatt\\\/\"},\"wordCount\":490,\"publisher\":{\"@id\":\"https:\\\/\\\/schoenstatt.com\\\/es\\\/#organization\"},\"image\":{\"@id\":\"https:\\\/\\\/schoenstatt.com\\\/es\\\/camino-al-futuro-sexto-capitulo-general-de-los-padres-de-schoenstatt\\\/#primaryimage\"},\"thumbnailUrl\":\"https:\\\/\\\/schoenstatt.com\\\/wp-content\\\/uploads\\\/2022\\\/08\\\/Logo-patres-1.png\",\"articleSection\":[\"Espiritualidad\"],\"inLanguage\":\"es\"},{\"@type\":\"WebPage\",\"@id\":\"https:\\\/\\\/schoenstatt.com\\\/es\\\/camino-al-futuro-sexto-capitulo-general-de-los-padres-de-schoenstatt\\\/\",\"url\":\"https:\\\/\\\/schoenstatt.com\\\/es\\\/camino-al-futuro-sexto-capitulo-general-de-los-padres-de-schoenstatt\\\/\",\"name\":\"Camino al futuro \u2013 Sexto Cap\u00edtulo General de los Padres de Schoenstatt - Schoenstatt\",\"isPartOf\":{\"@id\":\"https:\\\/\\\/schoenstatt.com\\\/es\\\/#website\"},\"primaryImageOfPage\":{\"@id\":\"https:\\\/\\\/schoenstatt.com\\\/es\\\/camino-al-futuro-sexto-capitulo-general-de-los-padres-de-schoenstatt\\\/#primaryimage\"},\"image\":{\"@id\":\"https:\\\/\\\/schoenstatt.com\\\/es\\\/camino-al-futuro-sexto-capitulo-general-de-los-padres-de-schoenstatt\\\/#primaryimage\"},\"thumbnailUrl\":\"https:\\\/\\\/schoenstatt.com\\\/wp-content\\\/uploads\\\/2022\\\/08\\\/Logo-patres-1.png\",\"datePublished\":\"2022-08-03T09:07:31+00:00\",\"dateModified\":\"2025-05-14T23:42:28+00:00\",\"description\":\"Camino al futuro - El 3 de agosto en Schoenstatt Alemania, la Comunidad de los Padres de Schoenstatt tendr\u00e1 su sexto Cap\u00edtulo General.\",\"breadcrumb\":{\"@id\":\"https:\\\/\\\/schoenstatt.com\\\/es\\\/camino-al-futuro-sexto-capitulo-general-de-los-padres-de-schoenstatt\\\/#breadcrumb\"},\"inLanguage\":\"es\",\"potentialAction\":[{\"@type\":\"ReadAction\",\"target\":[\"https:\\\/\\\/schoenstatt.com\\\/es\\\/camino-al-futuro-sexto-capitulo-general-de-los-padres-de-schoenstatt\\\/\"]}]},{\"@type\":\"ImageObject\",\"inLanguage\":\"es\",\"@id\":\"https:\\\/\\\/schoenstatt.com\\\/es\\\/camino-al-futuro-sexto-capitulo-general-de-los-padres-de-schoenstatt\\\/#primaryimage\",\"url\":\"https:\\\/\\\/schoenstatt.com\\\/wp-content\\\/uploads\\\/2022\\\/08\\\/Logo-patres-1.png\",\"contentUrl\":\"https:\\\/\\\/schoenstatt.com\\\/wp-content\\\/uploads\\\/2022\\\/08\\\/Logo-patres-1.png\",\"width\":332,\"height\":338,\"caption\":\"Caminho ao Futuro\"},{\"@type\":\"BreadcrumbList\",\"@id\":\"https:\\\/\\\/schoenstatt.com\\\/es\\\/camino-al-futuro-sexto-capitulo-general-de-los-padres-de-schoenstatt\\\/#breadcrumb\",\"itemListElement\":[{\"@type\":\"ListItem\",\"position\":1,\"name\":\"Portada\",\"item\":\"https:\\\/\\\/schoenstatt.com\\\/es\\\/home\\\/\"},{\"@type\":\"ListItem\",\"position\":2,\"name\":\"Camino al futuro \u2013 Sexto Cap\u00edtulo General de los Padres de Schoenstatt\"}]},{\"@type\":\"WebSite\",\"@id\":\"https:\\\/\\\/schoenstatt.com\\\/es\\\/#website\",\"url\":\"https:\\\/\\\/schoenstatt.com\\\/es\\\/\",\"name\":\"Schoenstatt\",\"description\":\"Apostolic Movement\",\"publisher\":{\"@id\":\"https:\\\/\\\/schoenstatt.com\\\/es\\\/#organization\"},\"potentialAction\":[{\"@type\":\"SearchAction\",\"target\":{\"@type\":\"EntryPoint\",\"urlTemplate\":\"https:\\\/\\\/schoenstatt.com\\\/es\\\/?s={search_term_string}\"},\"query-input\":{\"@type\":\"PropertyValueSpecification\",\"valueRequired\":true,\"valueName\":\"search_term_string\"}}],\"inLanguage\":\"es\"},{\"@type\":\"Organization\",\"@id\":\"https:\\\/\\\/schoenstatt.com\\\/es\\\/#organization\",\"name\":\"Schoenstatt\",\"url\":\"https:\\\/\\\/schoenstatt.com\\\/es\\\/\",\"logo\":{\"@type\":\"ImageObject\",\"inLanguage\":\"es\",\"@id\":\"https:\\\/\\\/schoenstatt.com\\\/es\\\/#\\\/schema\\\/logo\\\/image\\\/\",\"url\":\"https:\\\/\\\/schoenstatt.com\\\/wp-content\\\/uploads\\\/2025\\\/04\\\/logo-schoenstatt-white-696x696-1.png\",\"contentUrl\":\"https:\\\/\\\/schoenstatt.com\\\/wp-content\\\/uploads\\\/2025\\\/04\\\/logo-schoenstatt-white-696x696-1.png\",\"width\":696,\"height\":694,\"caption\":\"Schoenstatt\"},\"image\":{\"@id\":\"https:\\\/\\\/schoenstatt.com\\\/es\\\/#\\\/schema\\\/logo\\\/image\\\/\"}},{\"@type\":\"Person\",\"@id\":\"https:\\\/\\\/schoenstatt.com\\\/es\\\/#\\\/schema\\\/person\\\/489465b1850e7b216fe2c10dfc262551\",\"name\":\"admin\",\"image\":{\"@type\":\"ImageObject\",\"inLanguage\":\"es\",\"@id\":\"https:\\\/\\\/secure.gravatar.com\\\/avatar\\\/02e8345e1ec40ab0e0a2a98fdde64a684bbaf994cddcb778b25b8b024ee9dfe6?s=96&d=mm&r=g\",\"url\":\"https:\\\/\\\/secure.gravatar.com\\\/avatar\\\/02e8345e1ec40ab0e0a2a98fdde64a684bbaf994cddcb778b25b8b024ee9dfe6?s=96&d=mm&r=g\",\"contentUrl\":\"https:\\\/\\\/secure.gravatar.com\\\/avatar\\\/02e8345e1ec40ab0e0a2a98fdde64a684bbaf994cddcb778b25b8b024ee9dfe6?s=96&d=mm&r=g\",\"caption\":\"admin\"},\"sameAs\":[\"https:\\\/\\\/schoenstatt.com\"],\"url\":\"https:\\\/\\\/schoenstatt.com\\\/es\\\/author\\\/admin\\\/\"}]}<\/script>\n<!-- \/ Yoast SEO Premium plugin. -->","yoast_head_json":{"title":"Camino al futuro \u2013 Sexto Cap\u00edtulo General de los Padres de Schoenstatt - Schoenstatt","description":"Camino al futuro - El 3 de agosto en Schoenstatt Alemania, la Comunidad de los Padres de Schoenstatt tendr\u00e1 su sexto Cap\u00edtulo General.","robots":{"index":"index","follow":"follow","max-snippet":"max-snippet:-1","max-image-preview":"max-image-preview:large","max-video-preview":"max-video-preview:-1"},"canonical":"https:\/\/schoenstatt.com\/es\/camino-al-futuro-sexto-capitulo-general-de-los-padres-de-schoenstatt\/","og_locale":"es_ES","og_type":"article","og_title":"Camino al futuro \u2013 Sexto Cap\u00edtulo General de los Padres de Schoenstatt","og_description":"Camino al futuro - El 3 de agosto en Schoenstatt Alemania, la Comunidad de los Padres de Schoenstatt tendr\u00e1 su sexto Cap\u00edtulo General.","og_url":"https:\/\/schoenstatt.com\/es\/camino-al-futuro-sexto-capitulo-general-de-los-padres-de-schoenstatt\/","og_site_name":"Schoenstatt","article_published_time":"2022-08-03T09:07:31+00:00","article_modified_time":"2025-05-14T23:42:28+00:00","og_image":[{"width":332,"height":338,"url":"https:\/\/schoenstatt.com\/wp-content\/uploads\/2022\/08\/Logo-patres-1.png","type":"image\/png"}],"author":"admin","twitter_card":"summary_large_image","twitter_misc":{"Escrito por":"admin","Tiempo de lectura":"2 minutos"},"schema":{"@context":"https:\/\/schema.org","@graph":[{"@type":"Article","@id":"https:\/\/schoenstatt.com\/es\/camino-al-futuro-sexto-capitulo-general-de-los-padres-de-schoenstatt\/#article","isPartOf":{"@id":"https:\/\/schoenstatt.com\/es\/camino-al-futuro-sexto-capitulo-general-de-los-padres-de-schoenstatt\/"},"author":{"name":"admin","@id":"https:\/\/schoenstatt.com\/es\/#\/schema\/person\/489465b1850e7b216fe2c10dfc262551"},"headline":"Camino al futuro \u2013 Sexto Cap\u00edtulo General de los Padres de Schoenstatt","datePublished":"2022-08-03T09:07:31+00:00","dateModified":"2025-05-14T23:42:28+00:00","mainEntityOfPage":{"@id":"https:\/\/schoenstatt.com\/es\/camino-al-futuro-sexto-capitulo-general-de-los-padres-de-schoenstatt\/"},"wordCount":490,"publisher":{"@id":"https:\/\/schoenstatt.com\/es\/#organization"},"image":{"@id":"https:\/\/schoenstatt.com\/es\/camino-al-futuro-sexto-capitulo-general-de-los-padres-de-schoenstatt\/#primaryimage"},"thumbnailUrl":"https:\/\/schoenstatt.com\/wp-content\/uploads\/2022\/08\/Logo-patres-1.png","articleSection":["Espiritualidad"],"inLanguage":"es"},{"@type":"WebPage","@id":"https:\/\/schoenstatt.com\/es\/camino-al-futuro-sexto-capitulo-general-de-los-padres-de-schoenstatt\/","url":"https:\/\/schoenstatt.com\/es\/camino-al-futuro-sexto-capitulo-general-de-los-padres-de-schoenstatt\/","name":"Camino al futuro \u2013 Sexto Cap\u00edtulo General de los Padres de Schoenstatt - Schoenstatt","isPartOf":{"@id":"https:\/\/schoenstatt.com\/es\/#website"},"primaryImageOfPage":{"@id":"https:\/\/schoenstatt.com\/es\/camino-al-futuro-sexto-capitulo-general-de-los-padres-de-schoenstatt\/#primaryimage"},"image":{"@id":"https:\/\/schoenstatt.com\/es\/camino-al-futuro-sexto-capitulo-general-de-los-padres-de-schoenstatt\/#primaryimage"},"thumbnailUrl":"https:\/\/schoenstatt.com\/wp-content\/uploads\/2022\/08\/Logo-patres-1.png","datePublished":"2022-08-03T09:07:31+00:00","dateModified":"2025-05-14T23:42:28+00:00","description":"Camino al futuro - El 3 de agosto en Schoenstatt Alemania, la Comunidad de los Padres de Schoenstatt tendr\u00e1 su sexto Cap\u00edtulo General.","breadcrumb":{"@id":"https:\/\/schoenstatt.com\/es\/camino-al-futuro-sexto-capitulo-general-de-los-padres-de-schoenstatt\/#breadcrumb"},"inLanguage":"es","potentialAction":[{"@type":"ReadAction","target":["https:\/\/schoenstatt.com\/es\/camino-al-futuro-sexto-capitulo-general-de-los-padres-de-schoenstatt\/"]}]},{"@type":"ImageObject","inLanguage":"es","@id":"https:\/\/schoenstatt.com\/es\/camino-al-futuro-sexto-capitulo-general-de-los-padres-de-schoenstatt\/#primaryimage","url":"https:\/\/schoenstatt.com\/wp-content\/uploads\/2022\/08\/Logo-patres-1.png","contentUrl":"https:\/\/schoenstatt.com\/wp-content\/uploads\/2022\/08\/Logo-patres-1.png","width":332,"height":338,"caption":"Caminho ao Futuro"},{"@type":"BreadcrumbList","@id":"https:\/\/schoenstatt.com\/es\/camino-al-futuro-sexto-capitulo-general-de-los-padres-de-schoenstatt\/#breadcrumb","itemListElement":[{"@type":"ListItem","position":1,"name":"Portada","item":"https:\/\/schoenstatt.com\/es\/home\/"},{"@type":"ListItem","position":2,"name":"Camino al futuro \u2013 Sexto Cap\u00edtulo General de los Padres de Schoenstatt"}]},{"@type":"WebSite","@id":"https:\/\/schoenstatt.com\/es\/#website","url":"https:\/\/schoenstatt.com\/es\/","name":"Schoenstatt","description":"Apostolic Movement","publisher":{"@id":"https:\/\/schoenstatt.com\/es\/#organization"},"potentialAction":[{"@type":"SearchAction","target":{"@type":"EntryPoint","urlTemplate":"https:\/\/schoenstatt.com\/es\/?s={search_term_string}"},"query-input":{"@type":"PropertyValueSpecification","valueRequired":true,"valueName":"search_term_string"}}],"inLanguage":"es"},{"@type":"Organization","@id":"https:\/\/schoenstatt.com\/es\/#organization","name":"Schoenstatt","url":"https:\/\/schoenstatt.com\/es\/","logo":{"@type":"ImageObject","inLanguage":"es","@id":"https:\/\/schoenstatt.com\/es\/#\/schema\/logo\/image\/","url":"https:\/\/schoenstatt.com\/wp-content\/uploads\/2025\/04\/logo-schoenstatt-white-696x696-1.png","contentUrl":"https:\/\/schoenstatt.com\/wp-content\/uploads\/2025\/04\/logo-schoenstatt-white-696x696-1.png","width":696,"height":694,"caption":"Schoenstatt"},"image":{"@id":"https:\/\/schoenstatt.com\/es\/#\/schema\/logo\/image\/"}},{"@type":"Person","@id":"https:\/\/schoenstatt.com\/es\/#\/schema\/person\/489465b1850e7b216fe2c10dfc262551","name":"admin","image":{"@type":"ImageObject","inLanguage":"es","@id":"https:\/\/secure.gravatar.com\/avatar\/02e8345e1ec40ab0e0a2a98fdde64a684bbaf994cddcb778b25b8b024ee9dfe6?s=96&d=mm&r=g","url":"https:\/\/secure.gravatar.com\/avatar\/02e8345e1ec40ab0e0a2a98fdde64a684bbaf994cddcb778b25b8b024ee9dfe6?s=96&d=mm&r=g","contentUrl":"https:\/\/secure.gravatar.com\/avatar\/02e8345e1ec40ab0e0a2a98fdde64a684bbaf994cddcb778b25b8b024ee9dfe6?s=96&d=mm&r=g","caption":"admin"},"sameAs":["https:\/\/schoenstatt.com"],"url":"https:\/\/schoenstatt.com\/es\/author\/admin\/"}]}},"_links":{"self":[{"href":"https:\/\/schoenstatt.com\/es\/wp-json\/wp\/v2\/posts\/26209","targetHints":{"allow":["GET"]}}],"collection":[{"href":"https:\/\/schoenstatt.com\/es\/wp-json\/wp\/v2\/posts"}],"about":[{"href":"https:\/\/schoenstatt.com\/es\/wp-json\/wp\/v2\/types\/post"}],"author":[{"embeddable":true,"href":"https:\/\/schoenstatt.com\/es\/wp-json\/wp\/v2\/users\/1"}],"replies":[{"embeddable":true,"href":"https:\/\/schoenstatt.com\/es\/wp-json\/wp\/v2\/comments?post=26209"}],"version-history":[{"count":1,"href":"https:\/\/schoenstatt.com\/es\/wp-json\/wp\/v2\/posts\/26209\/revisions"}],"predecessor-version":[{"id":45400,"href":"https:\/\/schoenstatt.com\/es\/wp-json\/wp\/v2\/posts\/26209\/revisions\/45400"}],"wp:featuredmedia":[{"embeddable":true,"href":"https:\/\/schoenstatt.com\/es\/wp-json\/wp\/v2\/media\/26210"}],"wp:attachment":[{"href":"https:\/\/schoenstatt.com\/es\/wp-json\/wp\/v2\/media?parent=26209"}],"wp:term":[{"taxonomy":"category","embeddable":true,"href":"https:\/\/schoenstatt.com\/es\/wp-json\/wp\/v2\/categories?post=26209"},{"taxonomy":"post_tag","embeddable":true,"href":"https:\/\/schoenstatt.com\/es\/wp-json\/wp\/v2\/tags?post=26209"}],"curies":[{"name":"wp","href":"https:\/\/api.w.org\/{rel}","templated":true}]}}