{"id":26110,"date":"2022-08-01T10:07:47","date_gmt":"2022-08-01T08:07:47","guid":{"rendered":"https:\/\/schoenstatt.com\/?p=26110"},"modified":"2025-05-15T02:02:10","modified_gmt":"2025-05-15T00:02:10","slug":"comunidades-internacionales-del-movimiento-de-schoenstatt-se-preparan-para-su-capitulo-general","status":"publish","type":"post","link":"https:\/\/schoenstatt.com\/es\/comunidades-internacionales-del-movimiento-de-schoenstatt-se-preparan-para-su-capitulo-general\/","title":{"rendered":"Comunidades internacionales del Movimiento de Schoenstatt se preparan para su Cap\u00edtulo General"},"content":{"rendered":"<h3>Instituto de Sacerdotes diocesanos de Schoenstatt<\/h3>\n<p><img fetchpriority=\"high\" decoding=\"async\" class=\"size-full wp-image-26131 aligncenter\" src=\"https:\/\/schoenstatt.com\/wp-content\/uploads\/2022\/08\/Instituto-de-Padres-Diocesanos.png\" alt=\"\" width=\"682\" height=\"380\" \/><\/p>\n<p>El Instituto de Sacerdotes Diocesanos de Schoenstatt abrir\u00e1 la ronda capitular el <em>31 de julio<\/em>. El Congreso General est\u00e1 previsto en dos partes. La primera sesi\u00f3n durar\u00e1 hasta el 17.08.2022, la segunda tendr\u00e1 lugar en la primavera de 2023.<\/p>\n<h3>Padres de Schoenstatt<\/h3>\n<p><img decoding=\"async\" class=\"size-full wp-image-26127 aligncenter\" src=\"https:\/\/schoenstatt.com\/wp-content\/uploads\/2022\/08\/Schoenstatt-Patres.png\" alt=\"\" width=\"613\" height=\"453\" \/><\/p>\n<p>Del <em>3 al 30 de agosto<\/em> de 2022 los Capitulares de la Comunidad de los Padres de Schoenstatt se reunir\u00e1n para su Cap\u00edtulo General en la llamada \u00abCasa del Padre\u00bb en el Monte Si\u00f3n, Vallendar.<\/p>\n<h3>Federaci\u00f3n de Familias de Schoenstatt<\/h3>\n<p><img decoding=\"async\" class=\"size-full wp-image-26123 aligncenter\" src=\"https:\/\/schoenstatt.com\/wp-content\/uploads\/2022\/08\/Familienbund.png\" alt=\"\" width=\"720\" height=\"464\" \/><\/p>\n<p>El Cap\u00edtulo General de la Federaci\u00f3n de Familias de Schoenstatt tendr\u00e1 lugar del<em> 1 al 11 de septiembre<\/em> de 2022. 46 capitulares de 11 pa\u00edses se reunir\u00e1n en el Josef Kentenich Hof, la \u00abcasa madre\u00bb de la comunidad en Hillscheid. 26 voluntarios internacionales se encargar\u00e1n de la traducci\u00f3n, la secretar\u00eda, los servicios t\u00e9cnicos y la gesti\u00f3n de la casa.<\/p>\n<h3>Federaci\u00f3n de Madres de Schoenstatt<\/h3>\n<p><img loading=\"lazy\" decoding=\"async\" class=\"size-full wp-image-26119 aligncenter\" src=\"https:\/\/schoenstatt.com\/wp-content\/uploads\/2022\/08\/Frauenbund.png\" alt=\"\" width=\"582\" height=\"413\" \/><\/p>\n<p>El Cap\u00edtulo General de la Federaci\u00f3n de Madres de Schoenstatt tendr\u00e1 lugar del <em>4 al 9 de septiembre<\/em> de 2022 en el Centro de Conferencias Marienland, Monte Schoenstatt, Vallendar. Para la comunidad, que fue fundada el 8 de septiembre de 1950, en la fiesta de la Natividad de Mar\u00eda, en presencia del P. Jos\u00e9 Kentenich, el importante paso hacia la constituci\u00f3n de la \u00abFederaci\u00f3n Apost\u00f3lica Internacional de Madres de Schoenstatt\u00bb tendr\u00e1 lugar en este Cap\u00edtulo &#8211; tambi\u00e9n el 8 de septiembre.<\/p>\n<h3>Hermanas de Mar\u00eda de Schoenstatt<\/h3>\n<p><img loading=\"lazy\" decoding=\"async\" class=\"size-full wp-image-26115 aligncenter\" src=\"https:\/\/schoenstatt.com\/wp-content\/uploads\/2022\/08\/Hermanas-de-Maria.png\" alt=\"\" width=\"502\" height=\"355\" \/><\/p>\n<p>Finalmente, el Cap\u00edtulo General de las Hermanas de Mar\u00eda de Schoenstatt comenzar\u00e1 tambi\u00e9n el <em>8 de septiembre<\/em> de 2022. Tendr\u00e1 lugar en la Casa Madre de la comunidad en el Monte Schoenstatt, Vallendar. Todav\u00eda no hay detalles concretos sobre la duraci\u00f3n prevista.<\/p>\n<p><em><strong>Acompa\u00f1emos a los diversos Cap\u00edtulos con nuestra oraci\u00f3n<\/strong><\/em><\/p>\n<p>Al proporcionar esta breve informaci\u00f3n sobre estos encuentros, que son importantes para las comunidades, los editores quieren invitarles cordialmente y motivarles a rezar junto a ellos.<\/p>\n<p>Fuente:<a href=\"https:\/\/www.schoenstatt.de\/de\/\"> Schoenstatt.de\u00a0<\/a><\/p>\n","protected":false},"excerpt":{"rendered":"<p>Este verano y oto\u00f1o, algunas comunidades internacionales del Movimiento de Schoenstatt tendr\u00e1n un Cap\u00edtulo General o un Congreso General. Los representantes elegidos de las comunidades se re\u00fanen como \u00abm\u00e1xima autoridad colegiada\u00bb para fijar el rumbo de la trayectoria futura de la comunidad, tomar decisiones vinculantes y elegir o reelegir a los dirigentes de la comunidad.<\/p>\n","protected":false},"author":1,"featured_media":26139,"comment_status":"closed","ping_status":"closed","sticky":false,"template":"","format":"standard","meta":{"footnotes":""},"categories":[909,630],"tags":[],"class_list":["post-26110","post","type-post","status-publish","format-standard","has-post-thumbnail","hentry","category-comunidades-de-schoenstatt-es","category-eventos-es"],"yoast_head":"<!-- This site is optimized with the Yoast SEO Premium plugin v27.4 (Yoast SEO v27.4) - https:\/\/yoast.com\/product\/yoast-seo-premium-wordpress\/ -->\n<title>Comunidades internacionales del Movimiento de Schoenstatt se preparan para su Cap\u00edtulo General - Schoenstatt<\/title>\n<meta name=\"description\" content=\"Este verano y oto\u00f1o, algunas comunidades internacionales del Movimiento de Schoenstatt tendr\u00e1n un Cap\u00edtulo General o un Congreso General. Recemos por ellos.\" \/>\n<meta name=\"robots\" content=\"index, follow, max-snippet:-1, max-image-preview:large, max-video-preview:-1\" \/>\n<link rel=\"canonical\" href=\"https:\/\/schoenstatt.com\/es\/comunidades-internacionales-del-movimiento-de-schoenstatt-se-preparan-para-su-capitulo-general\/\" \/>\n<meta property=\"og:locale\" content=\"es_ES\" \/>\n<meta property=\"og:type\" content=\"article\" \/>\n<meta property=\"og:title\" content=\"Comunidades internacionales del Movimiento de Schoenstatt se preparan para su Cap\u00edtulo General\" \/>\n<meta property=\"og:description\" content=\"Este verano y oto\u00f1o, algunas comunidades internacionales del Movimiento de Schoenstatt tendr\u00e1n un Cap\u00edtulo General o un Congreso General. Recemos por ellos.\" \/>\n<meta property=\"og:url\" content=\"https:\/\/schoenstatt.com\/es\/comunidades-internacionales-del-movimiento-de-schoenstatt-se-preparan-para-su-capitulo-general\/\" \/>\n<meta property=\"og:site_name\" content=\"Schoenstatt\" \/>\n<meta property=\"article:published_time\" content=\"2022-08-01T08:07:47+00:00\" \/>\n<meta property=\"article:modified_time\" content=\"2025-05-15T00:02:10+00:00\" \/>\n<meta property=\"og:image\" content=\"https:\/\/schoenstatt.com\/wp-content\/uploads\/2022\/08\/IMG-0318-scaled-1.jpg\" \/>\n\t<meta property=\"og:image:width\" content=\"1920\" \/>\n\t<meta property=\"og:image:height\" content=\"2560\" \/>\n\t<meta property=\"og:image:type\" content=\"image\/jpeg\" \/>\n<meta name=\"author\" content=\"admin\" \/>\n<meta name=\"twitter:card\" content=\"summary_large_image\" \/>\n<meta name=\"twitter:label1\" content=\"Escrito por\" \/>\n\t<meta name=\"twitter:data1\" content=\"admin\" \/>\n\t<meta name=\"twitter:label2\" content=\"Tiempo de lectura\" \/>\n\t<meta name=\"twitter:data2\" content=\"2 minutos\" \/>\n<script type=\"application\/ld+json\" class=\"yoast-schema-graph\">{\"@context\":\"https:\\\/\\\/schema.org\",\"@graph\":[{\"@type\":\"Article\",\"@id\":\"https:\\\/\\\/schoenstatt.com\\\/es\\\/comunidades-internacionales-del-movimiento-de-schoenstatt-se-preparan-para-su-capitulo-general\\\/#article\",\"isPartOf\":{\"@id\":\"https:\\\/\\\/schoenstatt.com\\\/es\\\/comunidades-internacionales-del-movimiento-de-schoenstatt-se-preparan-para-su-capitulo-general\\\/\"},\"author\":{\"name\":\"admin\",\"@id\":\"https:\\\/\\\/schoenstatt.com\\\/es\\\/#\\\/schema\\\/person\\\/489465b1850e7b216fe2c10dfc262551\"},\"headline\":\"Comunidades internacionales del Movimiento de Schoenstatt se preparan para su Cap\u00edtulo General\",\"datePublished\":\"2022-08-01T08:07:47+00:00\",\"dateModified\":\"2025-05-15T00:02:10+00:00\",\"mainEntityOfPage\":{\"@id\":\"https:\\\/\\\/schoenstatt.com\\\/es\\\/comunidades-internacionales-del-movimiento-de-schoenstatt-se-preparan-para-su-capitulo-general\\\/\"},\"wordCount\":343,\"publisher\":{\"@id\":\"https:\\\/\\\/schoenstatt.com\\\/es\\\/#organization\"},\"image\":{\"@id\":\"https:\\\/\\\/schoenstatt.com\\\/es\\\/comunidades-internacionales-del-movimiento-de-schoenstatt-se-preparan-para-su-capitulo-general\\\/#primaryimage\"},\"thumbnailUrl\":\"https:\\\/\\\/schoenstatt.com\\\/wp-content\\\/uploads\\\/2022\\\/08\\\/IMG-0318-scaled-1.jpg\",\"articleSection\":[\"Comunidades de Schoenstatt\",\"Eventos\"],\"inLanguage\":\"es\"},{\"@type\":\"WebPage\",\"@id\":\"https:\\\/\\\/schoenstatt.com\\\/es\\\/comunidades-internacionales-del-movimiento-de-schoenstatt-se-preparan-para-su-capitulo-general\\\/\",\"url\":\"https:\\\/\\\/schoenstatt.com\\\/es\\\/comunidades-internacionales-del-movimiento-de-schoenstatt-se-preparan-para-su-capitulo-general\\\/\",\"name\":\"Comunidades internacionales del Movimiento de Schoenstatt se preparan para su Cap\u00edtulo General - Schoenstatt\",\"isPartOf\":{\"@id\":\"https:\\\/\\\/schoenstatt.com\\\/es\\\/#website\"},\"primaryImageOfPage\":{\"@id\":\"https:\\\/\\\/schoenstatt.com\\\/es\\\/comunidades-internacionales-del-movimiento-de-schoenstatt-se-preparan-para-su-capitulo-general\\\/#primaryimage\"},\"image\":{\"@id\":\"https:\\\/\\\/schoenstatt.com\\\/es\\\/comunidades-internacionales-del-movimiento-de-schoenstatt-se-preparan-para-su-capitulo-general\\\/#primaryimage\"},\"thumbnailUrl\":\"https:\\\/\\\/schoenstatt.com\\\/wp-content\\\/uploads\\\/2022\\\/08\\\/IMG-0318-scaled-1.jpg\",\"datePublished\":\"2022-08-01T08:07:47+00:00\",\"dateModified\":\"2025-05-15T00:02:10+00:00\",\"description\":\"Este verano y oto\u00f1o, algunas comunidades internacionales del Movimiento de Schoenstatt tendr\u00e1n un Cap\u00edtulo General o un Congreso General. Recemos por ellos.\",\"breadcrumb\":{\"@id\":\"https:\\\/\\\/schoenstatt.com\\\/es\\\/comunidades-internacionales-del-movimiento-de-schoenstatt-se-preparan-para-su-capitulo-general\\\/#breadcrumb\"},\"inLanguage\":\"es\",\"potentialAction\":[{\"@type\":\"ReadAction\",\"target\":[\"https:\\\/\\\/schoenstatt.com\\\/es\\\/comunidades-internacionales-del-movimiento-de-schoenstatt-se-preparan-para-su-capitulo-general\\\/\"]}]},{\"@type\":\"ImageObject\",\"inLanguage\":\"es\",\"@id\":\"https:\\\/\\\/schoenstatt.com\\\/es\\\/comunidades-internacionales-del-movimiento-de-schoenstatt-se-preparan-para-su-capitulo-general\\\/#primaryimage\",\"url\":\"https:\\\/\\\/schoenstatt.com\\\/wp-content\\\/uploads\\\/2022\\\/08\\\/IMG-0318-scaled-1.jpg\",\"contentUrl\":\"https:\\\/\\\/schoenstatt.com\\\/wp-content\\\/uploads\\\/2022\\\/08\\\/IMG-0318-scaled-1.jpg\",\"width\":1920,\"height\":2560},{\"@type\":\"BreadcrumbList\",\"@id\":\"https:\\\/\\\/schoenstatt.com\\\/es\\\/comunidades-internacionales-del-movimiento-de-schoenstatt-se-preparan-para-su-capitulo-general\\\/#breadcrumb\",\"itemListElement\":[{\"@type\":\"ListItem\",\"position\":1,\"name\":\"Portada\",\"item\":\"https:\\\/\\\/schoenstatt.com\\\/es\\\/home\\\/\"},{\"@type\":\"ListItem\",\"position\":2,\"name\":\"Comunidades internacionales del Movimiento de Schoenstatt se preparan para su Cap\u00edtulo General\"}]},{\"@type\":\"WebSite\",\"@id\":\"https:\\\/\\\/schoenstatt.com\\\/es\\\/#website\",\"url\":\"https:\\\/\\\/schoenstatt.com\\\/es\\\/\",\"name\":\"Schoenstatt\",\"description\":\"Apostolic Movement\",\"publisher\":{\"@id\":\"https:\\\/\\\/schoenstatt.com\\\/es\\\/#organization\"},\"potentialAction\":[{\"@type\":\"SearchAction\",\"target\":{\"@type\":\"EntryPoint\",\"urlTemplate\":\"https:\\\/\\\/schoenstatt.com\\\/es\\\/?s={search_term_string}\"},\"query-input\":{\"@type\":\"PropertyValueSpecification\",\"valueRequired\":true,\"valueName\":\"search_term_string\"}}],\"inLanguage\":\"es\"},{\"@type\":\"Organization\",\"@id\":\"https:\\\/\\\/schoenstatt.com\\\/es\\\/#organization\",\"name\":\"Schoenstatt\",\"url\":\"https:\\\/\\\/schoenstatt.com\\\/es\\\/\",\"logo\":{\"@type\":\"ImageObject\",\"inLanguage\":\"es\",\"@id\":\"https:\\\/\\\/schoenstatt.com\\\/es\\\/#\\\/schema\\\/logo\\\/image\\\/\",\"url\":\"https:\\\/\\\/schoenstatt.com\\\/wp-content\\\/uploads\\\/2025\\\/04\\\/logo-schoenstatt-white-696x696-1.png\",\"contentUrl\":\"https:\\\/\\\/schoenstatt.com\\\/wp-content\\\/uploads\\\/2025\\\/04\\\/logo-schoenstatt-white-696x696-1.png\",\"width\":696,\"height\":694,\"caption\":\"Schoenstatt\"},\"image\":{\"@id\":\"https:\\\/\\\/schoenstatt.com\\\/es\\\/#\\\/schema\\\/logo\\\/image\\\/\"}},{\"@type\":\"Person\",\"@id\":\"https:\\\/\\\/schoenstatt.com\\\/es\\\/#\\\/schema\\\/person\\\/489465b1850e7b216fe2c10dfc262551\",\"name\":\"admin\",\"image\":{\"@type\":\"ImageObject\",\"inLanguage\":\"es\",\"@id\":\"https:\\\/\\\/secure.gravatar.com\\\/avatar\\\/02e8345e1ec40ab0e0a2a98fdde64a684bbaf994cddcb778b25b8b024ee9dfe6?s=96&d=mm&r=g\",\"url\":\"https:\\\/\\\/secure.gravatar.com\\\/avatar\\\/02e8345e1ec40ab0e0a2a98fdde64a684bbaf994cddcb778b25b8b024ee9dfe6?s=96&d=mm&r=g\",\"contentUrl\":\"https:\\\/\\\/secure.gravatar.com\\\/avatar\\\/02e8345e1ec40ab0e0a2a98fdde64a684bbaf994cddcb778b25b8b024ee9dfe6?s=96&d=mm&r=g\",\"caption\":\"admin\"},\"sameAs\":[\"https:\\\/\\\/schoenstatt.com\"],\"url\":\"https:\\\/\\\/schoenstatt.com\\\/es\\\/author\\\/admin\\\/\"}]}<\/script>\n<!-- \/ Yoast SEO Premium plugin. -->","yoast_head_json":{"title":"Comunidades internacionales del Movimiento de Schoenstatt se preparan para su Cap\u00edtulo General - Schoenstatt","description":"Este verano y oto\u00f1o, algunas comunidades internacionales del Movimiento de Schoenstatt tendr\u00e1n un Cap\u00edtulo General o un Congreso General. Recemos por ellos.","robots":{"index":"index","follow":"follow","max-snippet":"max-snippet:-1","max-image-preview":"max-image-preview:large","max-video-preview":"max-video-preview:-1"},"canonical":"https:\/\/schoenstatt.com\/es\/comunidades-internacionales-del-movimiento-de-schoenstatt-se-preparan-para-su-capitulo-general\/","og_locale":"es_ES","og_type":"article","og_title":"Comunidades internacionales del Movimiento de Schoenstatt se preparan para su Cap\u00edtulo General","og_description":"Este verano y oto\u00f1o, algunas comunidades internacionales del Movimiento de Schoenstatt tendr\u00e1n un Cap\u00edtulo General o un Congreso General. Recemos por ellos.","og_url":"https:\/\/schoenstatt.com\/es\/comunidades-internacionales-del-movimiento-de-schoenstatt-se-preparan-para-su-capitulo-general\/","og_site_name":"Schoenstatt","article_published_time":"2022-08-01T08:07:47+00:00","article_modified_time":"2025-05-15T00:02:10+00:00","og_image":[{"width":1920,"height":2560,"url":"https:\/\/schoenstatt.com\/wp-content\/uploads\/2022\/08\/IMG-0318-scaled-1.jpg","type":"image\/jpeg"}],"author":"admin","twitter_card":"summary_large_image","twitter_misc":{"Escrito por":"admin","Tiempo de lectura":"2 minutos"},"schema":{"@context":"https:\/\/schema.org","@graph":[{"@type":"Article","@id":"https:\/\/schoenstatt.com\/es\/comunidades-internacionales-del-movimiento-de-schoenstatt-se-preparan-para-su-capitulo-general\/#article","isPartOf":{"@id":"https:\/\/schoenstatt.com\/es\/comunidades-internacionales-del-movimiento-de-schoenstatt-se-preparan-para-su-capitulo-general\/"},"author":{"name":"admin","@id":"https:\/\/schoenstatt.com\/es\/#\/schema\/person\/489465b1850e7b216fe2c10dfc262551"},"headline":"Comunidades internacionales del Movimiento de Schoenstatt se preparan para su Cap\u00edtulo General","datePublished":"2022-08-01T08:07:47+00:00","dateModified":"2025-05-15T00:02:10+00:00","mainEntityOfPage":{"@id":"https:\/\/schoenstatt.com\/es\/comunidades-internacionales-del-movimiento-de-schoenstatt-se-preparan-para-su-capitulo-general\/"},"wordCount":343,"publisher":{"@id":"https:\/\/schoenstatt.com\/es\/#organization"},"image":{"@id":"https:\/\/schoenstatt.com\/es\/comunidades-internacionales-del-movimiento-de-schoenstatt-se-preparan-para-su-capitulo-general\/#primaryimage"},"thumbnailUrl":"https:\/\/schoenstatt.com\/wp-content\/uploads\/2022\/08\/IMG-0318-scaled-1.jpg","articleSection":["Comunidades de Schoenstatt","Eventos"],"inLanguage":"es"},{"@type":"WebPage","@id":"https:\/\/schoenstatt.com\/es\/comunidades-internacionales-del-movimiento-de-schoenstatt-se-preparan-para-su-capitulo-general\/","url":"https:\/\/schoenstatt.com\/es\/comunidades-internacionales-del-movimiento-de-schoenstatt-se-preparan-para-su-capitulo-general\/","name":"Comunidades internacionales del Movimiento de Schoenstatt se preparan para su Cap\u00edtulo General - Schoenstatt","isPartOf":{"@id":"https:\/\/schoenstatt.com\/es\/#website"},"primaryImageOfPage":{"@id":"https:\/\/schoenstatt.com\/es\/comunidades-internacionales-del-movimiento-de-schoenstatt-se-preparan-para-su-capitulo-general\/#primaryimage"},"image":{"@id":"https:\/\/schoenstatt.com\/es\/comunidades-internacionales-del-movimiento-de-schoenstatt-se-preparan-para-su-capitulo-general\/#primaryimage"},"thumbnailUrl":"https:\/\/schoenstatt.com\/wp-content\/uploads\/2022\/08\/IMG-0318-scaled-1.jpg","datePublished":"2022-08-01T08:07:47+00:00","dateModified":"2025-05-15T00:02:10+00:00","description":"Este verano y oto\u00f1o, algunas comunidades internacionales del Movimiento de Schoenstatt tendr\u00e1n un Cap\u00edtulo General o un Congreso General. Recemos por ellos.","breadcrumb":{"@id":"https:\/\/schoenstatt.com\/es\/comunidades-internacionales-del-movimiento-de-schoenstatt-se-preparan-para-su-capitulo-general\/#breadcrumb"},"inLanguage":"es","potentialAction":[{"@type":"ReadAction","target":["https:\/\/schoenstatt.com\/es\/comunidades-internacionales-del-movimiento-de-schoenstatt-se-preparan-para-su-capitulo-general\/"]}]},{"@type":"ImageObject","inLanguage":"es","@id":"https:\/\/schoenstatt.com\/es\/comunidades-internacionales-del-movimiento-de-schoenstatt-se-preparan-para-su-capitulo-general\/#primaryimage","url":"https:\/\/schoenstatt.com\/wp-content\/uploads\/2022\/08\/IMG-0318-scaled-1.jpg","contentUrl":"https:\/\/schoenstatt.com\/wp-content\/uploads\/2022\/08\/IMG-0318-scaled-1.jpg","width":1920,"height":2560},{"@type":"BreadcrumbList","@id":"https:\/\/schoenstatt.com\/es\/comunidades-internacionales-del-movimiento-de-schoenstatt-se-preparan-para-su-capitulo-general\/#breadcrumb","itemListElement":[{"@type":"ListItem","position":1,"name":"Portada","item":"https:\/\/schoenstatt.com\/es\/home\/"},{"@type":"ListItem","position":2,"name":"Comunidades internacionales del Movimiento de Schoenstatt se preparan para su Cap\u00edtulo General"}]},{"@type":"WebSite","@id":"https:\/\/schoenstatt.com\/es\/#website","url":"https:\/\/schoenstatt.com\/es\/","name":"Schoenstatt","description":"Apostolic Movement","publisher":{"@id":"https:\/\/schoenstatt.com\/es\/#organization"},"potentialAction":[{"@type":"SearchAction","target":{"@type":"EntryPoint","urlTemplate":"https:\/\/schoenstatt.com\/es\/?s={search_term_string}"},"query-input":{"@type":"PropertyValueSpecification","valueRequired":true,"valueName":"search_term_string"}}],"inLanguage":"es"},{"@type":"Organization","@id":"https:\/\/schoenstatt.com\/es\/#organization","name":"Schoenstatt","url":"https:\/\/schoenstatt.com\/es\/","logo":{"@type":"ImageObject","inLanguage":"es","@id":"https:\/\/schoenstatt.com\/es\/#\/schema\/logo\/image\/","url":"https:\/\/schoenstatt.com\/wp-content\/uploads\/2025\/04\/logo-schoenstatt-white-696x696-1.png","contentUrl":"https:\/\/schoenstatt.com\/wp-content\/uploads\/2025\/04\/logo-schoenstatt-white-696x696-1.png","width":696,"height":694,"caption":"Schoenstatt"},"image":{"@id":"https:\/\/schoenstatt.com\/es\/#\/schema\/logo\/image\/"}},{"@type":"Person","@id":"https:\/\/schoenstatt.com\/es\/#\/schema\/person\/489465b1850e7b216fe2c10dfc262551","name":"admin","image":{"@type":"ImageObject","inLanguage":"es","@id":"https:\/\/secure.gravatar.com\/avatar\/02e8345e1ec40ab0e0a2a98fdde64a684bbaf994cddcb778b25b8b024ee9dfe6?s=96&d=mm&r=g","url":"https:\/\/secure.gravatar.com\/avatar\/02e8345e1ec40ab0e0a2a98fdde64a684bbaf994cddcb778b25b8b024ee9dfe6?s=96&d=mm&r=g","contentUrl":"https:\/\/secure.gravatar.com\/avatar\/02e8345e1ec40ab0e0a2a98fdde64a684bbaf994cddcb778b25b8b024ee9dfe6?s=96&d=mm&r=g","caption":"admin"},"sameAs":["https:\/\/schoenstatt.com"],"url":"https:\/\/schoenstatt.com\/es\/author\/admin\/"}]}},"_links":{"self":[{"href":"https:\/\/schoenstatt.com\/es\/wp-json\/wp\/v2\/posts\/26110","targetHints":{"allow":["GET"]}}],"collection":[{"href":"https:\/\/schoenstatt.com\/es\/wp-json\/wp\/v2\/posts"}],"about":[{"href":"https:\/\/schoenstatt.com\/es\/wp-json\/wp\/v2\/types\/post"}],"author":[{"embeddable":true,"href":"https:\/\/schoenstatt.com\/es\/wp-json\/wp\/v2\/users\/1"}],"replies":[{"embeddable":true,"href":"https:\/\/schoenstatt.com\/es\/wp-json\/wp\/v2\/comments?post=26110"}],"version-history":[{"count":1,"href":"https:\/\/schoenstatt.com\/es\/wp-json\/wp\/v2\/posts\/26110\/revisions"}],"predecessor-version":[{"id":45388,"href":"https:\/\/schoenstatt.com\/es\/wp-json\/wp\/v2\/posts\/26110\/revisions\/45388"}],"wp:featuredmedia":[{"embeddable":true,"href":"https:\/\/schoenstatt.com\/es\/wp-json\/wp\/v2\/media\/26139"}],"wp:attachment":[{"href":"https:\/\/schoenstatt.com\/es\/wp-json\/wp\/v2\/media?parent=26110"}],"wp:term":[{"taxonomy":"category","embeddable":true,"href":"https:\/\/schoenstatt.com\/es\/wp-json\/wp\/v2\/categories?post=26110"},{"taxonomy":"post_tag","embeddable":true,"href":"https:\/\/schoenstatt.com\/es\/wp-json\/wp\/v2\/tags?post=26110"}],"curies":[{"name":"wp","href":"https:\/\/api.w.org\/{rel}","templated":true}]}}