{"id":25853,"date":"2022-07-04T14:56:54","date_gmt":"2022-07-04T12:56:54","guid":{"rendered":"https:\/\/schoenstatt.com\/?p=25853"},"modified":"2025-05-15T18:46:33","modified_gmt":"2025-05-15T16:46:33","slug":"la-alegria-de-la-alianza-de-amor-en-acciones-concretas","status":"publish","type":"post","link":"https:\/\/schoenstatt.com\/es\/la-alegria-de-la-alianza-de-amor-en-acciones-concretas\/","title":{"rendered":"La alegr\u00eda de la Alianza de Amor en acciones concretas"},"content":{"rendered":"<p>Las Hermanas de Mar\u00eda abrieron las puertas de la Pilgerhaus, en Schoenstatt original, para que un grupo de refugiados ucranianos pudieran estar en un lugar digno donde hospedarse, donde tienen habitaci\u00f3n, comida y hasta clases de alem\u00e1n. La\u00a0 alegr\u00eda de la Alianza de Amor es la clave del acogimiento a cada uno de los 22 refugiados, donde se sienten amados y valorados.<\/p>\n<p>En los alrededores del Santuario Original se escuchan gritos de alegr\u00eda desde el patio y ni\u00f1os que corren jugando de un lado a otro. Un ni\u00f1o peque\u00f1o monta su bicicleta r\u00e1pida y alegremente, otro sonr\u00ede, abre los brazos y corre a dar un abrazo. Las miradas maternas les acompa\u00f1an, en una mezcla de preocupaci\u00f3n y esperanza.<\/p>\n<h3>Alianza de Amor con todos los pueblos del mundo<\/h3>\n<p><img fetchpriority=\"high\" decoding=\"async\" class=\"wp-image-25866 alignleft\" src=\"https:\/\/schoenstatt.com\/wp-content\/uploads\/2022\/07\/IMG-0490-225x300.jpg\" alt=\"\" width=\"301\" height=\"401\" \/><\/p>\n<p>La Pilgerhaus, la casa para peregrinos que se encuentra a cien metros del Santuario Original, es desde el 13 de abril un hogar alem\u00e1n para 22 personas -13 adultos y 9 ni\u00f1os- que abandonaron el este de Ucrania a causa de la guerra. La casa es sencilla pero acogedora, tal y como pudo ser el hogar de la Virgen.<\/p>\n<p>Tambi\u00e9n alberga un grupo de hermanas de varios pa\u00edses que acogen a peregrinos de todo el mundo. La entrega apost\u00f3lica se vive d\u00eda a d\u00eda, con y para la Iglesia, en una hermosa experiencia de que la Alianza de Amor que sellamos con Mar\u00eda, como dec\u00eda el Padre Kentenich, se convierte \u00abcada vez m\u00e1s en una Alianza de Amor con la Sant\u00edsima Trinidad, Alianza de Amor fraterna, Alianza de Amor con los miembros y ramas de la Iglesia, \u00a1pero tambi\u00e9n Alianza de Amor con todos los pueblos del mundo!\u00bb <em><strong>1<\/strong><\/em><\/p>\n<h3>Ofreciendo la bondad y la misericordia de Dios<\/h3>\n<p><img decoding=\"async\" class=\"size-full wp-image-25862 alignright\" src=\"https:\/\/schoenstatt.com\/wp-content\/uploads\/2022\/07\/Sr.-maria-margarita.png\" alt=\"\" width=\"97\" height=\"132\" \/>La Hna. Mar\u00eda Margarita Seiser expresa que al ofrecer un hogar a los refugiados, las hermanas quisieran \u00ab<em>compartir con ellos una experiencia de la bondad y la misericordia de Dios\u00bb<\/em>. En eso consiste la misi\u00f3n de Schoenstatt: Hacer palpable a Dios Padre misericordioso a trav\u00e9s de Mar\u00eda, que nos da la gracia del cobijamiento\u00bb.<\/p>\n<p>Kateryna, procedente de Mariupol, con un hijo de 15 a\u00f1os y dos hijas gemelas de 4, dice que lo que m\u00e1s le gusta de vivir en esta casa es \u00absobre todo la gente amable y servicial\u00bb.\u00a0 Extra\u00f1a a su marido, a sus padres, a su hermano que se qued\u00f3 en Ucrania, y dice que le gusta mucho este lugar y define Schoenstatt con una palabra: \u00abTranquilidad\u00bb. Podemos traducir esta expresi\u00f3n suya como: gracia del cobijamiento.<\/p>\n<h3>Schoenstatt es una experiencia de gracia<\/h3>\n<p>Pero para que esta gracia act\u00fae, necesitamos vivir el \u00abnada sin nosotros\u00bb. Toda la casa se reestructur\u00f3 para que los ucranianos tengan, adem\u00e1s de sus habitaciones, otros espacios reservados solo para ellos, donde pueden comer, conversar, jugar con los ni\u00f1os&#8230; incluso tienen una cocina exclusiva. Las hermanas proporcionan las comidas, pero, pueden, por ejemplo, hacer su propia cena, para poder mantener algo de su cultura y costumbres.<\/p>\n<p>\u00abLa gente de aqu\u00ed es amable\u00bb, a\u00f1ade Natalia, que dej\u00f3 a dos hijos y a sus padres en la ciudad de Dnipro. Vino con su hijo menor, de 10 a\u00f1os, con su nuera, su hermana y su sobrina. Los primeros d\u00edas tras la llegada son dif\u00edciles, porque, adem\u00e1s de tener que restablecerse mental y emocionalmente, incluso sin conocer el idioma, tienen que organizar sus documentos, familiarizarse con la nueva cultura, las tradiciones y las leyes de Alemania. Para ella, decir Schoenstatt significa lo mismo que decir: \u00abGracia\u00bb.<\/p>\n<h3>Una vida en Alianza despierta la reciprocidad<\/h3>\n<blockquote><p>\u00abDespu\u00e9s de todo lo que ya han vivido con la guerra, ahora pueden experimentar nuestro ambiente de Schoenstatt\u00bb, dice la hermana Mar\u00eda Margarita, y describe a los nuevos residentes con las mismas caracter\u00edsticas que Katheryna, amables y disponibles: \u00abYa el primer d\u00eda, algunos preguntaron d\u00f3nde pod\u00edan ayudarnos. As\u00ed que aceptamos y nos ayudan con los platos y en el jard\u00edn. Si tuviera que describir en una sola frase a los ucranianos que est\u00e1n aqu\u00ed, dir\u00eda que son personas muy sociables y trabajadoras, pero que tambi\u00e9n est\u00e1n muy dispuestas a todo y que la mayor\u00eda aprende mucho alem\u00e1n\u00bb.<\/p>\n<p><img decoding=\"async\" class=\"alignnone wp-image-25858 size-full\" src=\"https:\/\/schoenstatt.com\/wp-content\/uploads\/2022\/07\/WhatsApp-Image-2022-06-09-at-07.43.28.jpeg\" alt=\"la alegr\u00eda\" width=\"1600\" height=\"901\" \/><\/p><\/blockquote>\n<p>En junio se les ofrece un curso intensivo de alem\u00e1n de dos semanas, en el que participan con gran inter\u00e9s. Es visible su alegr\u00eda por poder empezar a entender y hablar en el mismo idioma que otros que viven en el mismo hogar a la sombra del Santuario de Schoenstatt.<\/p>\n<p><em><strong>1 Conferencia a la Familia de Schoenstatt 31. 12.1965.\u00a0 En: Propheta locutus est, Vol. II, pp. 245-284.<\/strong><\/em><\/p>\n","protected":false},"excerpt":{"rendered":"<p>22 personas que huyeron de la guerra de Ucrania, encuentran en Schoenstatt un lugar de paz y calidez donde, en medio de sus tremendas angustias y miedos, pueden intentar reconstruir sus vidas.<\/p>\n","protected":false},"author":1,"featured_media":25854,"comment_status":"closed","ping_status":"closed","sticky":false,"template":"","format":"standard","meta":{"footnotes":""},"categories":[790,913],"tags":[],"class_list":["post-25853","post","type-post","status-publish","format-standard","has-post-thumbnail","hentry","category-paises-es","category-sociedad-es"],"yoast_head":"<!-- This site is optimized with the Yoast SEO Premium plugin v27.4 (Yoast SEO v27.5) - https:\/\/yoast.com\/product\/yoast-seo-premium-wordpress\/ -->\n<title>La alegr\u00eda de la Alianza de Amor en acciones concretas - Schoenstatt<\/title>\n<meta name=\"description\" content=\"La alegr\u00eda de la Alianza de Amor cobra sentido cuando se pone en acci\u00f3n. 22 ucranianos refugiados lo viven en Schoenstatt.\" \/>\n<meta name=\"robots\" content=\"index, follow, max-snippet:-1, max-image-preview:large, max-video-preview:-1\" \/>\n<link rel=\"canonical\" href=\"https:\/\/schoenstatt.com\/es\/la-alegria-de-la-alianza-de-amor-en-acciones-concretas\/\" \/>\n<meta property=\"og:locale\" content=\"es_ES\" \/>\n<meta property=\"og:type\" content=\"article\" \/>\n<meta property=\"og:title\" content=\"La alegr\u00eda de la Alianza de Amor en acciones concretas\" \/>\n<meta property=\"og:description\" content=\"La alegr\u00eda de la Alianza de Amor cobra sentido cuando se pone en acci\u00f3n. 22 ucranianos refugiados lo viven en Schoenstatt.\" \/>\n<meta property=\"og:url\" content=\"https:\/\/schoenstatt.com\/es\/la-alegria-de-la-alianza-de-amor-en-acciones-concretas\/\" \/>\n<meta property=\"og:site_name\" content=\"Schoenstatt\" \/>\n<meta property=\"article:published_time\" content=\"2022-07-04T12:56:54+00:00\" \/>\n<meta property=\"article:modified_time\" content=\"2025-05-15T16:46:33+00:00\" \/>\n<meta property=\"og:image\" content=\"https:\/\/schoenstatt.com\/wp-content\/uploads\/2022\/07\/IMG-0486-scaled-1.jpg\" \/>\n\t<meta property=\"og:image:width\" content=\"1920\" \/>\n\t<meta property=\"og:image:height\" content=\"2560\" \/>\n\t<meta property=\"og:image:type\" content=\"image\/jpeg\" \/>\n<meta name=\"author\" content=\"admin\" \/>\n<meta name=\"twitter:card\" content=\"summary_large_image\" \/>\n<meta name=\"twitter:label1\" content=\"Escrito por\" \/>\n\t<meta name=\"twitter:data1\" content=\"admin\" \/>\n\t<meta name=\"twitter:label2\" content=\"Tiempo de lectura\" \/>\n\t<meta name=\"twitter:data2\" content=\"4 minutos\" \/>\n<script type=\"application\/ld+json\" class=\"yoast-schema-graph\">{\"@context\":\"https:\\\/\\\/schema.org\",\"@graph\":[{\"@type\":\"Article\",\"@id\":\"https:\\\/\\\/schoenstatt.com\\\/es\\\/la-alegria-de-la-alianza-de-amor-en-acciones-concretas\\\/#article\",\"isPartOf\":{\"@id\":\"https:\\\/\\\/schoenstatt.com\\\/es\\\/la-alegria-de-la-alianza-de-amor-en-acciones-concretas\\\/\"},\"author\":{\"name\":\"admin\",\"@id\":\"https:\\\/\\\/schoenstatt.com\\\/es\\\/#\\\/schema\\\/person\\\/489465b1850e7b216fe2c10dfc262551\"},\"headline\":\"La alegr\u00eda de la Alianza de Amor en acciones concretas\",\"datePublished\":\"2022-07-04T12:56:54+00:00\",\"dateModified\":\"2025-05-15T16:46:33+00:00\",\"mainEntityOfPage\":{\"@id\":\"https:\\\/\\\/schoenstatt.com\\\/es\\\/la-alegria-de-la-alianza-de-amor-en-acciones-concretas\\\/\"},\"wordCount\":800,\"publisher\":{\"@id\":\"https:\\\/\\\/schoenstatt.com\\\/es\\\/#organization\"},\"image\":{\"@id\":\"https:\\\/\\\/schoenstatt.com\\\/es\\\/la-alegria-de-la-alianza-de-amor-en-acciones-concretas\\\/#primaryimage\"},\"thumbnailUrl\":\"https:\\\/\\\/schoenstatt.com\\\/wp-content\\\/uploads\\\/2022\\\/07\\\/IMG-0486-scaled-1.jpg\",\"articleSection\":[\"Pa\u00edses\",\"Sociedad\"],\"inLanguage\":\"es\"},{\"@type\":\"WebPage\",\"@id\":\"https:\\\/\\\/schoenstatt.com\\\/es\\\/la-alegria-de-la-alianza-de-amor-en-acciones-concretas\\\/\",\"url\":\"https:\\\/\\\/schoenstatt.com\\\/es\\\/la-alegria-de-la-alianza-de-amor-en-acciones-concretas\\\/\",\"name\":\"La alegr\u00eda de la Alianza de Amor en acciones concretas - Schoenstatt\",\"isPartOf\":{\"@id\":\"https:\\\/\\\/schoenstatt.com\\\/es\\\/#website\"},\"primaryImageOfPage\":{\"@id\":\"https:\\\/\\\/schoenstatt.com\\\/es\\\/la-alegria-de-la-alianza-de-amor-en-acciones-concretas\\\/#primaryimage\"},\"image\":{\"@id\":\"https:\\\/\\\/schoenstatt.com\\\/es\\\/la-alegria-de-la-alianza-de-amor-en-acciones-concretas\\\/#primaryimage\"},\"thumbnailUrl\":\"https:\\\/\\\/schoenstatt.com\\\/wp-content\\\/uploads\\\/2022\\\/07\\\/IMG-0486-scaled-1.jpg\",\"datePublished\":\"2022-07-04T12:56:54+00:00\",\"dateModified\":\"2025-05-15T16:46:33+00:00\",\"description\":\"La alegr\u00eda de la Alianza de Amor cobra sentido cuando se pone en acci\u00f3n. 22 ucranianos refugiados lo viven en Schoenstatt.\",\"breadcrumb\":{\"@id\":\"https:\\\/\\\/schoenstatt.com\\\/es\\\/la-alegria-de-la-alianza-de-amor-en-acciones-concretas\\\/#breadcrumb\"},\"inLanguage\":\"es\",\"potentialAction\":[{\"@type\":\"ReadAction\",\"target\":[\"https:\\\/\\\/schoenstatt.com\\\/es\\\/la-alegria-de-la-alianza-de-amor-en-acciones-concretas\\\/\"]}]},{\"@type\":\"ImageObject\",\"inLanguage\":\"es\",\"@id\":\"https:\\\/\\\/schoenstatt.com\\\/es\\\/la-alegria-de-la-alianza-de-amor-en-acciones-concretas\\\/#primaryimage\",\"url\":\"https:\\\/\\\/schoenstatt.com\\\/wp-content\\\/uploads\\\/2022\\\/07\\\/IMG-0486-scaled-1.jpg\",\"contentUrl\":\"https:\\\/\\\/schoenstatt.com\\\/wp-content\\\/uploads\\\/2022\\\/07\\\/IMG-0486-scaled-1.jpg\",\"width\":1920,\"height\":2560,\"caption\":\"The joy\"},{\"@type\":\"BreadcrumbList\",\"@id\":\"https:\\\/\\\/schoenstatt.com\\\/es\\\/la-alegria-de-la-alianza-de-amor-en-acciones-concretas\\\/#breadcrumb\",\"itemListElement\":[{\"@type\":\"ListItem\",\"position\":1,\"name\":\"Portada\",\"item\":\"https:\\\/\\\/schoenstatt.com\\\/es\\\/home\\\/\"},{\"@type\":\"ListItem\",\"position\":2,\"name\":\"La alegr\u00eda de la Alianza de Amor en acciones concretas\"}]},{\"@type\":\"WebSite\",\"@id\":\"https:\\\/\\\/schoenstatt.com\\\/es\\\/#website\",\"url\":\"https:\\\/\\\/schoenstatt.com\\\/es\\\/\",\"name\":\"Schoenstatt\",\"description\":\"Apostolic Movement\",\"publisher\":{\"@id\":\"https:\\\/\\\/schoenstatt.com\\\/es\\\/#organization\"},\"potentialAction\":[{\"@type\":\"SearchAction\",\"target\":{\"@type\":\"EntryPoint\",\"urlTemplate\":\"https:\\\/\\\/schoenstatt.com\\\/es\\\/?s={search_term_string}\"},\"query-input\":{\"@type\":\"PropertyValueSpecification\",\"valueRequired\":true,\"valueName\":\"search_term_string\"}}],\"inLanguage\":\"es\"},{\"@type\":\"Organization\",\"@id\":\"https:\\\/\\\/schoenstatt.com\\\/es\\\/#organization\",\"name\":\"Schoenstatt\",\"url\":\"https:\\\/\\\/schoenstatt.com\\\/es\\\/\",\"logo\":{\"@type\":\"ImageObject\",\"inLanguage\":\"es\",\"@id\":\"https:\\\/\\\/schoenstatt.com\\\/es\\\/#\\\/schema\\\/logo\\\/image\\\/\",\"url\":\"https:\\\/\\\/schoenstatt.com\\\/wp-content\\\/uploads\\\/2025\\\/04\\\/logo-schoenstatt-white-696x696-1.png\",\"contentUrl\":\"https:\\\/\\\/schoenstatt.com\\\/wp-content\\\/uploads\\\/2025\\\/04\\\/logo-schoenstatt-white-696x696-1.png\",\"width\":696,\"height\":694,\"caption\":\"Schoenstatt\"},\"image\":{\"@id\":\"https:\\\/\\\/schoenstatt.com\\\/es\\\/#\\\/schema\\\/logo\\\/image\\\/\"}},{\"@type\":\"Person\",\"@id\":\"https:\\\/\\\/schoenstatt.com\\\/es\\\/#\\\/schema\\\/person\\\/489465b1850e7b216fe2c10dfc262551\",\"name\":\"admin\",\"image\":{\"@type\":\"ImageObject\",\"inLanguage\":\"es\",\"@id\":\"https:\\\/\\\/secure.gravatar.com\\\/avatar\\\/02e8345e1ec40ab0e0a2a98fdde64a684bbaf994cddcb778b25b8b024ee9dfe6?s=96&d=mm&r=g\",\"url\":\"https:\\\/\\\/secure.gravatar.com\\\/avatar\\\/02e8345e1ec40ab0e0a2a98fdde64a684bbaf994cddcb778b25b8b024ee9dfe6?s=96&d=mm&r=g\",\"contentUrl\":\"https:\\\/\\\/secure.gravatar.com\\\/avatar\\\/02e8345e1ec40ab0e0a2a98fdde64a684bbaf994cddcb778b25b8b024ee9dfe6?s=96&d=mm&r=g\",\"caption\":\"admin\"},\"sameAs\":[\"https:\\\/\\\/schoenstatt.com\"],\"url\":\"https:\\\/\\\/schoenstatt.com\\\/es\\\/author\\\/admin\\\/\"}]}<\/script>\n<!-- \/ Yoast SEO Premium plugin. -->","yoast_head_json":{"title":"La alegr\u00eda de la Alianza de Amor en acciones concretas - Schoenstatt","description":"La alegr\u00eda de la Alianza de Amor cobra sentido cuando se pone en acci\u00f3n. 22 ucranianos refugiados lo viven en Schoenstatt.","robots":{"index":"index","follow":"follow","max-snippet":"max-snippet:-1","max-image-preview":"max-image-preview:large","max-video-preview":"max-video-preview:-1"},"canonical":"https:\/\/schoenstatt.com\/es\/la-alegria-de-la-alianza-de-amor-en-acciones-concretas\/","og_locale":"es_ES","og_type":"article","og_title":"La alegr\u00eda de la Alianza de Amor en acciones concretas","og_description":"La alegr\u00eda de la Alianza de Amor cobra sentido cuando se pone en acci\u00f3n. 22 ucranianos refugiados lo viven en Schoenstatt.","og_url":"https:\/\/schoenstatt.com\/es\/la-alegria-de-la-alianza-de-amor-en-acciones-concretas\/","og_site_name":"Schoenstatt","article_published_time":"2022-07-04T12:56:54+00:00","article_modified_time":"2025-05-15T16:46:33+00:00","og_image":[{"width":1920,"height":2560,"url":"https:\/\/schoenstatt.com\/wp-content\/uploads\/2022\/07\/IMG-0486-scaled-1.jpg","type":"image\/jpeg"}],"author":"admin","twitter_card":"summary_large_image","twitter_misc":{"Escrito por":"admin","Tiempo de lectura":"4 minutos"},"schema":{"@context":"https:\/\/schema.org","@graph":[{"@type":"Article","@id":"https:\/\/schoenstatt.com\/es\/la-alegria-de-la-alianza-de-amor-en-acciones-concretas\/#article","isPartOf":{"@id":"https:\/\/schoenstatt.com\/es\/la-alegria-de-la-alianza-de-amor-en-acciones-concretas\/"},"author":{"name":"admin","@id":"https:\/\/schoenstatt.com\/es\/#\/schema\/person\/489465b1850e7b216fe2c10dfc262551"},"headline":"La alegr\u00eda de la Alianza de Amor en acciones concretas","datePublished":"2022-07-04T12:56:54+00:00","dateModified":"2025-05-15T16:46:33+00:00","mainEntityOfPage":{"@id":"https:\/\/schoenstatt.com\/es\/la-alegria-de-la-alianza-de-amor-en-acciones-concretas\/"},"wordCount":800,"publisher":{"@id":"https:\/\/schoenstatt.com\/es\/#organization"},"image":{"@id":"https:\/\/schoenstatt.com\/es\/la-alegria-de-la-alianza-de-amor-en-acciones-concretas\/#primaryimage"},"thumbnailUrl":"https:\/\/schoenstatt.com\/wp-content\/uploads\/2022\/07\/IMG-0486-scaled-1.jpg","articleSection":["Pa\u00edses","Sociedad"],"inLanguage":"es"},{"@type":"WebPage","@id":"https:\/\/schoenstatt.com\/es\/la-alegria-de-la-alianza-de-amor-en-acciones-concretas\/","url":"https:\/\/schoenstatt.com\/es\/la-alegria-de-la-alianza-de-amor-en-acciones-concretas\/","name":"La alegr\u00eda de la Alianza de Amor en acciones concretas - Schoenstatt","isPartOf":{"@id":"https:\/\/schoenstatt.com\/es\/#website"},"primaryImageOfPage":{"@id":"https:\/\/schoenstatt.com\/es\/la-alegria-de-la-alianza-de-amor-en-acciones-concretas\/#primaryimage"},"image":{"@id":"https:\/\/schoenstatt.com\/es\/la-alegria-de-la-alianza-de-amor-en-acciones-concretas\/#primaryimage"},"thumbnailUrl":"https:\/\/schoenstatt.com\/wp-content\/uploads\/2022\/07\/IMG-0486-scaled-1.jpg","datePublished":"2022-07-04T12:56:54+00:00","dateModified":"2025-05-15T16:46:33+00:00","description":"La alegr\u00eda de la Alianza de Amor cobra sentido cuando se pone en acci\u00f3n. 22 ucranianos refugiados lo viven en Schoenstatt.","breadcrumb":{"@id":"https:\/\/schoenstatt.com\/es\/la-alegria-de-la-alianza-de-amor-en-acciones-concretas\/#breadcrumb"},"inLanguage":"es","potentialAction":[{"@type":"ReadAction","target":["https:\/\/schoenstatt.com\/es\/la-alegria-de-la-alianza-de-amor-en-acciones-concretas\/"]}]},{"@type":"ImageObject","inLanguage":"es","@id":"https:\/\/schoenstatt.com\/es\/la-alegria-de-la-alianza-de-amor-en-acciones-concretas\/#primaryimage","url":"https:\/\/schoenstatt.com\/wp-content\/uploads\/2022\/07\/IMG-0486-scaled-1.jpg","contentUrl":"https:\/\/schoenstatt.com\/wp-content\/uploads\/2022\/07\/IMG-0486-scaled-1.jpg","width":1920,"height":2560,"caption":"The joy"},{"@type":"BreadcrumbList","@id":"https:\/\/schoenstatt.com\/es\/la-alegria-de-la-alianza-de-amor-en-acciones-concretas\/#breadcrumb","itemListElement":[{"@type":"ListItem","position":1,"name":"Portada","item":"https:\/\/schoenstatt.com\/es\/home\/"},{"@type":"ListItem","position":2,"name":"La alegr\u00eda de la Alianza de Amor en acciones concretas"}]},{"@type":"WebSite","@id":"https:\/\/schoenstatt.com\/es\/#website","url":"https:\/\/schoenstatt.com\/es\/","name":"Schoenstatt","description":"Apostolic Movement","publisher":{"@id":"https:\/\/schoenstatt.com\/es\/#organization"},"potentialAction":[{"@type":"SearchAction","target":{"@type":"EntryPoint","urlTemplate":"https:\/\/schoenstatt.com\/es\/?s={search_term_string}"},"query-input":{"@type":"PropertyValueSpecification","valueRequired":true,"valueName":"search_term_string"}}],"inLanguage":"es"},{"@type":"Organization","@id":"https:\/\/schoenstatt.com\/es\/#organization","name":"Schoenstatt","url":"https:\/\/schoenstatt.com\/es\/","logo":{"@type":"ImageObject","inLanguage":"es","@id":"https:\/\/schoenstatt.com\/es\/#\/schema\/logo\/image\/","url":"https:\/\/schoenstatt.com\/wp-content\/uploads\/2025\/04\/logo-schoenstatt-white-696x696-1.png","contentUrl":"https:\/\/schoenstatt.com\/wp-content\/uploads\/2025\/04\/logo-schoenstatt-white-696x696-1.png","width":696,"height":694,"caption":"Schoenstatt"},"image":{"@id":"https:\/\/schoenstatt.com\/es\/#\/schema\/logo\/image\/"}},{"@type":"Person","@id":"https:\/\/schoenstatt.com\/es\/#\/schema\/person\/489465b1850e7b216fe2c10dfc262551","name":"admin","image":{"@type":"ImageObject","inLanguage":"es","@id":"https:\/\/secure.gravatar.com\/avatar\/02e8345e1ec40ab0e0a2a98fdde64a684bbaf994cddcb778b25b8b024ee9dfe6?s=96&d=mm&r=g","url":"https:\/\/secure.gravatar.com\/avatar\/02e8345e1ec40ab0e0a2a98fdde64a684bbaf994cddcb778b25b8b024ee9dfe6?s=96&d=mm&r=g","contentUrl":"https:\/\/secure.gravatar.com\/avatar\/02e8345e1ec40ab0e0a2a98fdde64a684bbaf994cddcb778b25b8b024ee9dfe6?s=96&d=mm&r=g","caption":"admin"},"sameAs":["https:\/\/schoenstatt.com"],"url":"https:\/\/schoenstatt.com\/es\/author\/admin\/"}]}},"_links":{"self":[{"href":"https:\/\/schoenstatt.com\/es\/wp-json\/wp\/v2\/posts\/25853","targetHints":{"allow":["GET"]}}],"collection":[{"href":"https:\/\/schoenstatt.com\/es\/wp-json\/wp\/v2\/posts"}],"about":[{"href":"https:\/\/schoenstatt.com\/es\/wp-json\/wp\/v2\/types\/post"}],"author":[{"embeddable":true,"href":"https:\/\/schoenstatt.com\/es\/wp-json\/wp\/v2\/users\/1"}],"replies":[{"embeddable":true,"href":"https:\/\/schoenstatt.com\/es\/wp-json\/wp\/v2\/comments?post=25853"}],"version-history":[{"count":1,"href":"https:\/\/schoenstatt.com\/es\/wp-json\/wp\/v2\/posts\/25853\/revisions"}],"predecessor-version":[{"id":45340,"href":"https:\/\/schoenstatt.com\/es\/wp-json\/wp\/v2\/posts\/25853\/revisions\/45340"}],"wp:featuredmedia":[{"embeddable":true,"href":"https:\/\/schoenstatt.com\/es\/wp-json\/wp\/v2\/media\/25854"}],"wp:attachment":[{"href":"https:\/\/schoenstatt.com\/es\/wp-json\/wp\/v2\/media?parent=25853"}],"wp:term":[{"taxonomy":"category","embeddable":true,"href":"https:\/\/schoenstatt.com\/es\/wp-json\/wp\/v2\/categories?post=25853"},{"taxonomy":"post_tag","embeddable":true,"href":"https:\/\/schoenstatt.com\/es\/wp-json\/wp\/v2\/tags?post=25853"}],"curies":[{"name":"wp","href":"https:\/\/api.w.org\/{rel}","templated":true}]}}